{"id":230555,"date":"2024-06-29T07:25:12","date_gmt":"2024-06-29T11:25:12","guid":{"rendered":"https:\/\/www.eldiario.net\/portal\/?p=230555"},"modified":"2024-06-29T07:25:12","modified_gmt":"2024-06-29T11:25:12","slug":"avasallamiento-a-la-propiedad-privada","status":"publish","type":"post","link":"https:\/\/www.eldiario.net\/portal\/2024\/06\/29\/avasallamiento-a-la-propiedad-privada\/","title":{"rendered":"Avasallamiento a la propiedad privada"},"content":{"rendered":"<p>El diputado Beto Preto del Congreso Federal del Brasil, en una sesi\u00f3n congresal, denunci\u00f3 que, en Bolivia, concretamente en la zona fronteriza con Brasil, en la provincia Obispo Santistevan de Santa Cruz, los denominados \u201cinterculturales\u201d, avasallan la propiedad privada de ciudadanos de esa nacionalidad y de otras, con el agravante de que se\u00f1al\u00f3 a autoridades de gobierno, que alientan estas acciones delictivas, desde el Viceministerio de Tierras (EL DIARIO, 22 de junio de 2024).<br \/>\nLa denuncia del diputado Preto, por la toma de tierras de s\u00fabditos brasile\u00f1os, es una m\u00e1s de las muchas que en los a\u00f1os del r\u00e9gimen populista que nos gobierna hace 18 a\u00f1os, han sido asaltadas, afectando la propiedad privada de varios compatriotas dedicados a la actividad agroindustrial, incluso por medio de actos violentos y amenazas con armas de fuego, produciendo hechos de violencia con heridos y lastimados. Ahora se denuncia estas acciones contra la propiedad privada de extranjeros asentados en territorio nacional y dedicados a la producci\u00f3n.<br \/>\nEn el proceso de la Revoluci\u00f3n Nacional, siguiendo el estudio del norteamericano Melvin Bohan, que aconsej\u00f3 extender la producci\u00f3n agropecuaria al departamento de Santa Cruz, por su importante condici\u00f3n para la producci\u00f3n de alimentos, se volcaron, en consecuencia, importantes recursos al departamento cruce\u00f1o, de tal manera que a los pocos a\u00f1os, el pa\u00eds se autoabasteci\u00f3 de arroz, az\u00facar (Ingenio Guabir\u00e1) y otros productos que antes se los importaba.<br \/>\nLa pol\u00edtica revolucionaria de desarrollo de tierras bajas, tropez\u00f3 con un problema, la escasa poblaci\u00f3n de la zona, por lo que se organizaron los \u201cregimientos de colonizaci\u00f3n\u201d, con gente del altiplano y valles, que acababa su servicio militar, que fueron llevados a la regi\u00f3n oriental y a sus integrantes se les denomin\u00f3 colonizadores, que recibieron tierras para ser producidas, en el norte cruce\u00f1o.<br \/>\nEn el r\u00e9gimen de gobierno del MAS, siguiendo una pol\u00edtica de limitar a los agroindustriales de Santa Cruz, se organizaron grupos de los denominados \u201cinterculturales\u201d, a juicio de su promotor, un sacerdote jesuita, es decir de gente que se desarrolla entre culturas diversas (enti\u00e9ndase la occidental y las aut\u00f3ctonas), pero que acabaron como grupos de acci\u00f3n pol\u00edtica partidista, que fueron mandados precisamente al oriente. Estos grupos apadrinados desde el gobierno, son los que asaltan las haciendas privadas.<br \/>\nEl reclamo de las autoridades brasile\u00f1as, que se\u00f1alan a los cabecillas de los asaltos a las propiedades de brasile\u00f1os y de otras nacionalidades, pueden derivar en enfrentamientos, pues los propietarios de estas tierras las van a defender, riesgo que precisamente anot\u00f3 el diputado federal brasile\u00f1o.<br \/>\nEstas acciones ilegales de los \u201cinterculturales\u201d, que est\u00e1n organizados y son parte de los mecanismos sociales del gobierno, est\u00e1n afectando las buenas relaciones con Brasil, y deben ser inmediatamente frenadas, aplicando estrictamente las leyes, que en nuestra Constituci\u00f3n, garantizan la propiedad privada (Secci\u00f3n IV Derecho de propiedad, Arts. 56 I, II y III y 57, adem\u00e1s de otras normas inferiores).<br \/>\nEn la regi\u00f3n oriental del pa\u00eds, han sido varias las propiedades agroindustriales que han sufrido asaltos vand\u00e1licos, con la finalidad de perturbar la pac\u00edfica posesi\u00f3n de sus propiedades a los agroindustriales, motej\u00e1ndolos de \u201cburgues\u00eda agroindustrial\u201d, a la que hay que quitarle poder econ\u00f3mico y social, en una clara corriente anarco-populista. Est\u00e1 en la memoria p\u00fablica el asalto a la hacienda \u201cLas Londras\u201d en Santa Cruz, donde fueron maniatados y ultrajados periodistas y polic\u00edas que hab\u00edan ido a verificar, por requerimiento y denuncia de los propietarios, sin qu\u00e9 hasta la fecha, las autoridades jurisdiccionales hubieran procesado y sancionado a los autores, c\u00f3mplices y encubridores.<br \/>\nEn una sociedad en la que son respetadas las leyes y las autoridades las hacen cumplir, se tendr\u00e1 como resultado el desarrollo, progreso y crecimiento, tan necesarios en estos tiempos de crisis de las instituciones y de mejores condiciones de vida de su poblaci\u00f3n.<\/p>\n<p>El autor es Abogado, Polit\u00f3logo, escritor y docente universitario.<\/p>\n","protected":false},"excerpt":{"rendered":"<p>El diputado Beto Preto del Congreso Federal del Brasil, en una sesi\u00f3n congresal, denunci\u00f3 que, en Bolivia, concretamente en la zona fronteriza con Brasil, en la provincia Obispo Santistevan de Santa Cruz, los denominados \u201cinterculturales\u201d, avasallan la propiedad privada de ciudadanos de esa nacionalidad y de otras, con el agravante de que se\u00f1al\u00f3 a autoridades [&hellip;]<\/p>\n","protected":false},"author":1,"featured_media":157872,"comment_status":"open","ping_status":"open","sticky":false,"template":"","format":"standard","meta":{"_acf_changed":false,"footnotes":""},"categories":[9],"tags":[],"class_list":["post-230555","post","type-post","status-publish","format-standard","has-post-thumbnail","category-opinion"],"acf":{"antetitulo":""},"yoast_head":"<!-- This site is optimized with the Yoast SEO plugin v28.3 - https:\/\/yoast.com\/product\/yoast-seo-wordpress\/ -->\n<title>Avasallamiento a la propiedad privada - El Diario - Bolivia<\/title>\n<meta name=\"robots\" content=\"index, follow, max-snippet:-1, max-image-preview:large, max-video-preview:-1\" \/>\n<link rel=\"canonical\" href=\"https:\/\/www.eldiario.net\/portal\/2024\/06\/29\/avasallamiento-a-la-propiedad-privada\/\" \/>\n<meta property=\"og:locale\" content=\"es_ES\" \/>\n<meta property=\"og:type\" content=\"article\" \/>\n<meta property=\"og:title\" content=\"Avasallamiento a la propiedad privada - El Diario - Bolivia\" \/>\n<meta property=\"og:description\" content=\"El diputado Beto Preto del Congreso Federal del Brasil, en una sesi\u00f3n congresal, denunci\u00f3 que, en Bolivia, concretamente en la zona fronteriza con Brasil, en la provincia Obispo Santistevan de Santa Cruz, los denominados \u201cinterculturales\u201d, avasallan la propiedad privada de ciudadanos de esa nacionalidad y de otras, con el agravante de que se\u00f1al\u00f3 a autoridades [&hellip;]\" \/>\n<meta property=\"og:url\" content=\"https:\/\/www.eldiario.net\/portal\/2024\/06\/29\/avasallamiento-a-la-propiedad-privada\/\" \/>\n<meta property=\"og:site_name\" content=\"El Diario - Bolivia\" \/>\n<meta property=\"article:publisher\" content=\"https:\/\/www.facebook.com\/eldiario.bolivia\/\" \/>\n<meta property=\"article:published_time\" content=\"2024-06-29T11:25:12+00:00\" \/>\n<meta property=\"og:image\" content=\"https:\/\/www.eldiario.net\/portal\/wp-content\/uploads\/2023\/06\/Eric-L.-Cardenas-del-Castillo.jpg\" \/>\n\t<meta property=\"og:image:width\" content=\"1200\" \/>\n\t<meta property=\"og:image:height\" content=\"628\" \/>\n\t<meta property=\"og:image:type\" content=\"image\/jpeg\" \/>\n<meta name=\"author\" content=\"Jeanette\" \/>\n<meta name=\"twitter:card\" content=\"summary_large_image\" \/>\n<meta name=\"twitter:creator\" content=\"@eldiario_net\" \/>\n<meta name=\"twitter:site\" content=\"@eldiario_net\" \/>\n<meta name=\"twitter:label1\" content=\"Escrito por\" \/>\n\t<meta name=\"twitter:data1\" content=\"Jeanette\" \/>\n\t<meta name=\"twitter:label2\" content=\"Tiempo de lectura\" \/>\n\t<meta name=\"twitter:data2\" content=\"4 minutos\" \/>\n<script type=\"application\/ld+json\" class=\"yoast-schema-graph\">{\"@context\":\"https:\\\/\\\/schema.org\",\"@graph\":[{\"@type\":\"Article\",\"@id\":\"https:\\\/\\\/www.eldiario.net\\\/portal\\\/2024\\\/06\\\/29\\\/avasallamiento-a-la-propiedad-privada\\\/#article\",\"isPartOf\":{\"@id\":\"https:\\\/\\\/www.eldiario.net\\\/portal\\\/2024\\\/06\\\/29\\\/avasallamiento-a-la-propiedad-privada\\\/\"},\"author\":{\"name\":\"Jeanette\",\"@id\":\"https:\\\/\\\/www.eldiario.net\\\/portal\\\/#\\\/schema\\\/person\\\/f46445640444750d7d753ccd04ae01b7\"},\"headline\":\"Avasallamiento a la propiedad privada\",\"datePublished\":\"2024-06-29T11:25:12+00:00\",\"mainEntityOfPage\":{\"@id\":\"https:\\\/\\\/www.eldiario.net\\\/portal\\\/2024\\\/06\\\/29\\\/avasallamiento-a-la-propiedad-privada\\\/\"},\"wordCount\":681,\"commentCount\":0,\"publisher\":{\"@id\":\"https:\\\/\\\/www.eldiario.net\\\/portal\\\/#organization\"},\"image\":{\"@id\":\"https:\\\/\\\/www.eldiario.net\\\/portal\\\/2024\\\/06\\\/29\\\/avasallamiento-a-la-propiedad-privada\\\/#primaryimage\"},\"thumbnailUrl\":\"https:\\\/\\\/www.eldiario.net\\\/portal\\\/wp-content\\\/uploads\\\/2023\\\/06\\\/Eric-L.-Cardenas-del-Castillo.jpg\",\"articleSection\":[\"Opini\u00f3n\"],\"inLanguage\":\"es\",\"potentialAction\":[{\"@type\":\"CommentAction\",\"name\":\"Comment\",\"target\":[\"https:\\\/\\\/www.eldiario.net\\\/portal\\\/2024\\\/06\\\/29\\\/avasallamiento-a-la-propiedad-privada\\\/#respond\"]}]},{\"@type\":\"WebPage\",\"@id\":\"https:\\\/\\\/www.eldiario.net\\\/portal\\\/2024\\\/06\\\/29\\\/avasallamiento-a-la-propiedad-privada\\\/\",\"url\":\"https:\\\/\\\/www.eldiario.net\\\/portal\\\/2024\\\/06\\\/29\\\/avasallamiento-a-la-propiedad-privada\\\/\",\"name\":\"Avasallamiento a la propiedad privada - El Diario - Bolivia\",\"isPartOf\":{\"@id\":\"https:\\\/\\\/www.eldiario.net\\\/portal\\\/#website\"},\"primaryImageOfPage\":{\"@id\":\"https:\\\/\\\/www.eldiario.net\\\/portal\\\/2024\\\/06\\\/29\\\/avasallamiento-a-la-propiedad-privada\\\/#primaryimage\"},\"image\":{\"@id\":\"https:\\\/\\\/www.eldiario.net\\\/portal\\\/2024\\\/06\\\/29\\\/avasallamiento-a-la-propiedad-privada\\\/#primaryimage\"},\"thumbnailUrl\":\"https:\\\/\\\/www.eldiario.net\\\/portal\\\/wp-content\\\/uploads\\\/2023\\\/06\\\/Eric-L.-Cardenas-del-Castillo.jpg\",\"datePublished\":\"2024-06-29T11:25:12+00:00\",\"breadcrumb\":{\"@id\":\"https:\\\/\\\/www.eldiario.net\\\/portal\\\/2024\\\/06\\\/29\\\/avasallamiento-a-la-propiedad-privada\\\/#breadcrumb\"},\"inLanguage\":\"es\",\"potentialAction\":[{\"@type\":\"ReadAction\",\"target\":[\"https:\\\/\\\/www.eldiario.net\\\/portal\\\/2024\\\/06\\\/29\\\/avasallamiento-a-la-propiedad-privada\\\/\"]}]},{\"@type\":\"ImageObject\",\"inLanguage\":\"es\",\"@id\":\"https:\\\/\\\/www.eldiario.net\\\/portal\\\/2024\\\/06\\\/29\\\/avasallamiento-a-la-propiedad-privada\\\/#primaryimage\",\"url\":\"https:\\\/\\\/www.eldiario.net\\\/portal\\\/wp-content\\\/uploads\\\/2023\\\/06\\\/Eric-L.-Cardenas-del-Castillo.jpg\",\"contentUrl\":\"https:\\\/\\\/www.eldiario.net\\\/portal\\\/wp-content\\\/uploads\\\/2023\\\/06\\\/Eric-L.-Cardenas-del-Castillo.jpg\",\"width\":1200,\"height\":628,\"caption\":\"Eric L. C\u00e1rdenas del Castillo\"},{\"@type\":\"BreadcrumbList\",\"@id\":\"https:\\\/\\\/www.eldiario.net\\\/portal\\\/2024\\\/06\\\/29\\\/avasallamiento-a-la-propiedad-privada\\\/#breadcrumb\",\"itemListElement\":[{\"@type\":\"ListItem\",\"position\":1,\"name\":\"Portada\",\"item\":\"https:\\\/\\\/www.eldiario.net\\\/portal\\\/\"},{\"@type\":\"ListItem\",\"position\":2,\"name\":\"Avasallamiento a la propiedad privada\"}]},{\"@type\":\"WebSite\",\"@id\":\"https:\\\/\\\/www.eldiario.net\\\/portal\\\/#website\",\"url\":\"https:\\\/\\\/www.eldiario.net\\\/portal\\\/\",\"name\":\"El Diario - Decano de la prensa nacional\",\"description\":\"El Diario - Decano de la prensa nacional\",\"publisher\":{\"@id\":\"https:\\\/\\\/www.eldiario.net\\\/portal\\\/#organization\"},\"potentialAction\":[{\"@type\":\"SearchAction\",\"target\":{\"@type\":\"EntryPoint\",\"urlTemplate\":\"https:\\\/\\\/www.eldiario.net\\\/portal\\\/?s={search_term_string}\"},\"query-input\":{\"@type\":\"PropertyValueSpecification\",\"valueRequired\":true,\"valueName\":\"search_term_string\"}}],\"inLanguage\":\"es\"},{\"@type\":\"Organization\",\"@id\":\"https:\\\/\\\/www.eldiario.net\\\/portal\\\/#organization\",\"name\":\"El Diario - Decano de la prensa nacional\",\"url\":\"https:\\\/\\\/www.eldiario.net\\\/portal\\\/\",\"logo\":{\"@type\":\"ImageObject\",\"inLanguage\":\"es\",\"@id\":\"https:\\\/\\\/www.eldiario.net\\\/portal\\\/#\\\/schema\\\/logo\\\/image\\\/\",\"url\":\"https:\\\/\\\/www.eldiario.net\\\/portal\\\/wp-content\\\/uploads\\\/2023\\\/07\\\/logo_ED.jpg\",\"contentUrl\":\"https:\\\/\\\/www.eldiario.net\\\/portal\\\/wp-content\\\/uploads\\\/2023\\\/07\\\/logo_ED.jpg\",\"width\":272,\"height\":52,\"caption\":\"El Diario - Decano de la prensa nacional\"},\"image\":{\"@id\":\"https:\\\/\\\/www.eldiario.net\\\/portal\\\/#\\\/schema\\\/logo\\\/image\\\/\"},\"sameAs\":[\"https:\\\/\\\/www.facebook.com\\\/eldiario.bolivia\\\/\",\"https:\\\/\\\/x.com\\\/eldiario_net\"]},{\"@type\":\"Person\",\"@id\":\"https:\\\/\\\/www.eldiario.net\\\/portal\\\/#\\\/schema\\\/person\\\/f46445640444750d7d753ccd04ae01b7\",\"name\":\"Jeanette\",\"image\":{\"@type\":\"ImageObject\",\"inLanguage\":\"es\",\"@id\":\"https:\\\/\\\/secure.gravatar.com\\\/avatar\\\/3ea2118a5f7dad2b7138b1187a6b7ee55f160b9968b66013c3a3ef39dd7e5798?s=96&d=mm&r=g\",\"url\":\"https:\\\/\\\/secure.gravatar.com\\\/avatar\\\/3ea2118a5f7dad2b7138b1187a6b7ee55f160b9968b66013c3a3ef39dd7e5798?s=96&d=mm&r=g\",\"contentUrl\":\"https:\\\/\\\/secure.gravatar.com\\\/avatar\\\/3ea2118a5f7dad2b7138b1187a6b7ee55f160b9968b66013c3a3ef39dd7e5798?s=96&d=mm&r=g\",\"caption\":\"Jeanette\"},\"sameAs\":[\"https:\\\/\\\/www.eldiario.net\\\/portal\"],\"url\":\"https:\\\/\\\/www.eldiario.net\\\/portal\\\/author\\\/jeanette\\\/\"}]}<\/script>\n<!-- \/ Yoast SEO plugin. -->","yoast_head_json":{"title":"Avasallamiento a la propiedad privada - El Diario - Bolivia","robots":{"index":"index","follow":"follow","max-snippet":"max-snippet:-1","max-image-preview":"max-image-preview:large","max-video-preview":"max-video-preview:-1"},"canonical":"https:\/\/www.eldiario.net\/portal\/2024\/06\/29\/avasallamiento-a-la-propiedad-privada\/","og_locale":"es_ES","og_type":"article","og_title":"Avasallamiento a la propiedad privada - El Diario - Bolivia","og_description":"El diputado Beto Preto del Congreso Federal del Brasil, en una sesi\u00f3n congresal, denunci\u00f3 que, en Bolivia, concretamente en la zona fronteriza con Brasil, en la provincia Obispo Santistevan de Santa Cruz, los denominados \u201cinterculturales\u201d, avasallan la propiedad privada de ciudadanos de esa nacionalidad y de otras, con el agravante de que se\u00f1al\u00f3 a autoridades [&hellip;]","og_url":"https:\/\/www.eldiario.net\/portal\/2024\/06\/29\/avasallamiento-a-la-propiedad-privada\/","og_site_name":"El Diario - Bolivia","article_publisher":"https:\/\/www.facebook.com\/eldiario.bolivia\/","article_published_time":"2024-06-29T11:25:12+00:00","og_image":[{"width":1200,"height":628,"url":"https:\/\/www.eldiario.net\/portal\/wp-content\/uploads\/2023\/06\/Eric-L.-Cardenas-del-Castillo.jpg","type":"image\/jpeg"}],"author":"Jeanette","twitter_card":"summary_large_image","twitter_creator":"@eldiario_net","twitter_site":"@eldiario_net","twitter_misc":{"Escrito por":"Jeanette","Tiempo de lectura":"4 minutos"},"schema":{"@context":"https:\/\/schema.org","@graph":[{"@type":"Article","@id":"https:\/\/www.eldiario.net\/portal\/2024\/06\/29\/avasallamiento-a-la-propiedad-privada\/#article","isPartOf":{"@id":"https:\/\/www.eldiario.net\/portal\/2024\/06\/29\/avasallamiento-a-la-propiedad-privada\/"},"author":{"name":"Jeanette","@id":"https:\/\/www.eldiario.net\/portal\/#\/schema\/person\/f46445640444750d7d753ccd04ae01b7"},"headline":"Avasallamiento a la propiedad privada","datePublished":"2024-06-29T11:25:12+00:00","mainEntityOfPage":{"@id":"https:\/\/www.eldiario.net\/portal\/2024\/06\/29\/avasallamiento-a-la-propiedad-privada\/"},"wordCount":681,"commentCount":0,"publisher":{"@id":"https:\/\/www.eldiario.net\/portal\/#organization"},"image":{"@id":"https:\/\/www.eldiario.net\/portal\/2024\/06\/29\/avasallamiento-a-la-propiedad-privada\/#primaryimage"},"thumbnailUrl":"https:\/\/www.eldiario.net\/portal\/wp-content\/uploads\/2023\/06\/Eric-L.-Cardenas-del-Castillo.jpg","articleSection":["Opini\u00f3n"],"inLanguage":"es","potentialAction":[{"@type":"CommentAction","name":"Comment","target":["https:\/\/www.eldiario.net\/portal\/2024\/06\/29\/avasallamiento-a-la-propiedad-privada\/#respond"]}]},{"@type":"WebPage","@id":"https:\/\/www.eldiario.net\/portal\/2024\/06\/29\/avasallamiento-a-la-propiedad-privada\/","url":"https:\/\/www.eldiario.net\/portal\/2024\/06\/29\/avasallamiento-a-la-propiedad-privada\/","name":"Avasallamiento a la propiedad privada - El Diario - Bolivia","isPartOf":{"@id":"https:\/\/www.eldiario.net\/portal\/#website"},"primaryImageOfPage":{"@id":"https:\/\/www.eldiario.net\/portal\/2024\/06\/29\/avasallamiento-a-la-propiedad-privada\/#primaryimage"},"image":{"@id":"https:\/\/www.eldiario.net\/portal\/2024\/06\/29\/avasallamiento-a-la-propiedad-privada\/#primaryimage"},"thumbnailUrl":"https:\/\/www.eldiario.net\/portal\/wp-content\/uploads\/2023\/06\/Eric-L.-Cardenas-del-Castillo.jpg","datePublished":"2024-06-29T11:25:12+00:00","breadcrumb":{"@id":"https:\/\/www.eldiario.net\/portal\/2024\/06\/29\/avasallamiento-a-la-propiedad-privada\/#breadcrumb"},"inLanguage":"es","potentialAction":[{"@type":"ReadAction","target":["https:\/\/www.eldiario.net\/portal\/2024\/06\/29\/avasallamiento-a-la-propiedad-privada\/"]}]},{"@type":"ImageObject","inLanguage":"es","@id":"https:\/\/www.eldiario.net\/portal\/2024\/06\/29\/avasallamiento-a-la-propiedad-privada\/#primaryimage","url":"https:\/\/www.eldiario.net\/portal\/wp-content\/uploads\/2023\/06\/Eric-L.-Cardenas-del-Castillo.jpg","contentUrl":"https:\/\/www.eldiario.net\/portal\/wp-content\/uploads\/2023\/06\/Eric-L.-Cardenas-del-Castillo.jpg","width":1200,"height":628,"caption":"Eric L. C\u00e1rdenas del Castillo"},{"@type":"BreadcrumbList","@id":"https:\/\/www.eldiario.net\/portal\/2024\/06\/29\/avasallamiento-a-la-propiedad-privada\/#breadcrumb","itemListElement":[{"@type":"ListItem","position":1,"name":"Portada","item":"https:\/\/www.eldiario.net\/portal\/"},{"@type":"ListItem","position":2,"name":"Avasallamiento a la propiedad privada"}]},{"@type":"WebSite","@id":"https:\/\/www.eldiario.net\/portal\/#website","url":"https:\/\/www.eldiario.net\/portal\/","name":"El Diario - Decano de la prensa nacional","description":"El Diario - Decano de la prensa nacional","publisher":{"@id":"https:\/\/www.eldiario.net\/portal\/#organization"},"potentialAction":[{"@type":"SearchAction","target":{"@type":"EntryPoint","urlTemplate":"https:\/\/www.eldiario.net\/portal\/?s={search_term_string}"},"query-input":{"@type":"PropertyValueSpecification","valueRequired":true,"valueName":"search_term_string"}}],"inLanguage":"es"},{"@type":"Organization","@id":"https:\/\/www.eldiario.net\/portal\/#organization","name":"El Diario - Decano de la prensa nacional","url":"https:\/\/www.eldiario.net\/portal\/","logo":{"@type":"ImageObject","inLanguage":"es","@id":"https:\/\/www.eldiario.net\/portal\/#\/schema\/logo\/image\/","url":"https:\/\/www.eldiario.net\/portal\/wp-content\/uploads\/2023\/07\/logo_ED.jpg","contentUrl":"https:\/\/www.eldiario.net\/portal\/wp-content\/uploads\/2023\/07\/logo_ED.jpg","width":272,"height":52,"caption":"El Diario - Decano de la prensa nacional"},"image":{"@id":"https:\/\/www.eldiario.net\/portal\/#\/schema\/logo\/image\/"},"sameAs":["https:\/\/www.facebook.com\/eldiario.bolivia\/","https:\/\/x.com\/eldiario_net"]},{"@type":"Person","@id":"https:\/\/www.eldiario.net\/portal\/#\/schema\/person\/f46445640444750d7d753ccd04ae01b7","name":"Jeanette","image":{"@type":"ImageObject","inLanguage":"es","@id":"https:\/\/secure.gravatar.com\/avatar\/3ea2118a5f7dad2b7138b1187a6b7ee55f160b9968b66013c3a3ef39dd7e5798?s=96&d=mm&r=g","url":"https:\/\/secure.gravatar.com\/avatar\/3ea2118a5f7dad2b7138b1187a6b7ee55f160b9968b66013c3a3ef39dd7e5798?s=96&d=mm&r=g","contentUrl":"https:\/\/secure.gravatar.com\/avatar\/3ea2118a5f7dad2b7138b1187a6b7ee55f160b9968b66013c3a3ef39dd7e5798?s=96&d=mm&r=g","caption":"Jeanette"},"sameAs":["https:\/\/www.eldiario.net\/portal"],"url":"https:\/\/www.eldiario.net\/portal\/author\/jeanette\/"}]}},"_links":{"self":[{"href":"https:\/\/www.eldiario.net\/portal\/wp-json\/wp\/v2\/posts\/230555","targetHints":{"allow":["GET"]}}],"collection":[{"href":"https:\/\/www.eldiario.net\/portal\/wp-json\/wp\/v2\/posts"}],"about":[{"href":"https:\/\/www.eldiario.net\/portal\/wp-json\/wp\/v2\/types\/post"}],"author":[{"embeddable":true,"href":"https:\/\/www.eldiario.net\/portal\/wp-json\/wp\/v2\/users\/1"}],"replies":[{"embeddable":true,"href":"https:\/\/www.eldiario.net\/portal\/wp-json\/wp\/v2\/comments?post=230555"}],"version-history":[{"count":1,"href":"https:\/\/www.eldiario.net\/portal\/wp-json\/wp\/v2\/posts\/230555\/revisions"}],"predecessor-version":[{"id":230556,"href":"https:\/\/www.eldiario.net\/portal\/wp-json\/wp\/v2\/posts\/230555\/revisions\/230556"}],"wp:featuredmedia":[{"embeddable":true,"href":"https:\/\/www.eldiario.net\/portal\/wp-json\/wp\/v2\/media\/157872"}],"wp:attachment":[{"href":"https:\/\/www.eldiario.net\/portal\/wp-json\/wp\/v2\/media?parent=230555"}],"wp:term":[{"taxonomy":"category","embeddable":true,"href":"https:\/\/www.eldiario.net\/portal\/wp-json\/wp\/v2\/categories?post=230555"},{"taxonomy":"post_tag","embeddable":true,"href":"https:\/\/www.eldiario.net\/portal\/wp-json\/wp\/v2\/tags?post=230555"}],"curies":[{"name":"wp","href":"https:\/\/api.w.org\/{rel}","templated":true}]}}