{"id":230543,"date":"2024-06-29T07:21:51","date_gmt":"2024-06-29T11:21:51","guid":{"rendered":"https:\/\/www.eldiario.net\/portal\/?p=230543"},"modified":"2024-06-29T07:21:51","modified_gmt":"2024-06-29T11:21:51","slug":"aumenta-el-riesgo-pais-de-bolivia","status":"publish","type":"post","link":"https:\/\/www.eldiario.net\/portal\/2024\/06\/29\/aumenta-el-riesgo-pais-de-bolivia\/","title":{"rendered":"Aumenta el riesgo pa\u00eds de Bolivia"},"content":{"rendered":"<p>Despu\u00e9s de la toma militar en la Sede de Gobierno el pasado mi\u00e9rcoles, Bolivia aument\u00f3 su \u00edndice de riesgo pa\u00eds llegando a tener 2.027 puntos el jueves, con un incremento del 1,11% a su \u00faltima medici\u00f3n. Pero ayer nuevamente subi\u00f3 a 2.082, un incremento de 0,8% con respecto al d\u00eda anterior, dijo el presidente del Colegio Departamental de Economistas de Tarija, Fernando Romero.<br \/>\n\u201cSigue siendo el pa\u00eds m\u00e1s riesgoso del continente americano despu\u00e9s de Venezuela, sin embargo, m\u00e1s all\u00e1 de los problemas a nivel macroecon\u00f3mico, cada vez tiene m\u00e1s peso los aspectos negativos pol\u00edticos y sociales que ocurren en el pa\u00eds, que ponen en se\u00f1al de alarma a los inversionistas y prestamistas internacionales\u201d, advirti\u00f3.<\/p>\n<p>Pelea pol\u00edtica<br \/>\ndel MAS<br \/>\nDespu\u00e9s del show medi\u00e1tico del ingreso de militares a plaza Murillo, los an\u00e1lisis apuntan que la situaci\u00f3n actual provoca la salida de empresas, aumento del desempleo, genera incertidumbre en la poblaci\u00f3n y aumento del tipo de cambio.<br \/>\nEl gerente general del Instituto Boliviano de Comercio Exterior (IBCE), Gary Rodr\u00edguez, sostiene que el evento del mi\u00e9rcoles se registra en un momento muy delicado para la econom\u00eda nacional, con un comercio exterior deficitario.<br \/>\nDescribi\u00f3 que las exportaciones cayeron casi 1.000 millones de d\u00f3lares, mientras que las importaciones est\u00e1n en el orden de los 500 millones; a esto hay que sumar que muchas franquicias dejan el pa\u00eds, como lo que pas\u00f3 con Kimberly Clark, y est\u00e1n vendiendo sus activos las empresas extranjeras.<br \/>\nLa econom\u00eda crece, pero menos y la estabilidad de precios est\u00e1 en entre dicho, reflexion\u00f3 en declaraciones a los medios de comunicaci\u00f3n a tiempo de asegurar que si bien caen las cifras de desocupaci\u00f3n, pero en realidad el desempleo va en aumento.<br \/>\n\u201cEstar ocupado no significa o implica estar empleado. La ocupaci\u00f3n encubre el desempleo disfrazado de subempleo y significa deterioro en la calidad de vida del boliviano\u201d, lament\u00f3 a tiempo de sostener que est\u00e1 en juego la estabilidad, un mayor crecimiento, la mejora de la calidad de vida de las personas, por las disputas pol\u00edticas.<br \/>\nRomero asegur\u00f3 que la crisis pol\u00edtica, poca gobernabilidad, paros, bloqueos, conflictos sociales y sucesos, como lo ocurrido el mi\u00e9rcoles pasado, estimulan a que los empresarios locales se vayan del pa\u00eds y ahuyentan a las inversiones extranjeras. Para ambos, no existe seguridad econ\u00f3mica, jur\u00eddica, pol\u00edtica ni social para que sus capitales se arraiguen en Bolivia, por lo tanto, las perspectivas econ\u00f3micas para el pa\u00eds son pocas alentadoras.<br \/>\nPor su parte, el economista Alberto Bonadona, en declaraciones a canales de televisi\u00f3n, lament\u00f3 que los problemas econ\u00f3micos que se registran en el pa\u00eds a\u00fan no reciban respuestas del Gobierno, como es el caso del abastecimiento de combustibles y la escasez de d\u00f3lares.<\/p>\n<p>Impacto<br \/>\nPor su parte, el economista Gonzalo Ch\u00e1vez dijo que lo sucedido el mi\u00e9rcoles tuvo su impacto en la gente, en el corto plazo, pues los mercados quedaron llenos de clientes que buscaban comprar todo a su paso y que podr\u00e1 repercutir en la inflaci\u00f3n.<br \/>\nTambi\u00e9n el precio del d\u00f3lar aument\u00f3 y el nivel de incertidumbre se elev\u00f3 entre la gente, este panorama desorden\u00f3 los mercados, acot\u00f3.<br \/>\nLas expectativas de la gente se modificaron, unos se comportan de manera defensiva, aumentado precios o simplemente los inversionistas mirar\u00e1n y esperar\u00e1n qu\u00e9 pasar\u00e1 en el pa\u00eds.<br \/>\nEl horizonte de decisiones econ\u00f3micas se ha acortado y la ciudadan\u00eda no sabe qu\u00e9 va a pasar, las decisiones que tomen las autoridades del sector econ\u00f3mico ya perdi\u00f3 credibilidad.<br \/>\nFinalmente, recomienda asumir medidas serias para empezar a estabilizar la econom\u00eda nacional.<\/p>\n","protected":false},"excerpt":{"rendered":"<p>Despu\u00e9s de la toma militar en la Sede de Gobierno el pasado mi\u00e9rcoles, Bolivia aument\u00f3 su \u00edndice de riesgo pa\u00eds llegando a tener 2.027 puntos el jueves, con un incremento del 1,11% a su \u00faltima medici\u00f3n. Pero ayer nuevamente subi\u00f3 a 2.082, un incremento de 0,8% con respecto al d\u00eda anterior, dijo el presidente del [&hellip;]<\/p>\n","protected":false},"author":1,"featured_media":194689,"comment_status":"open","ping_status":"open","sticky":false,"template":"","format":"standard","meta":{"_acf_changed":false,"footnotes":""},"categories":[7],"tags":[],"class_list":["post-230543","post","type-post","status-publish","format-standard","has-post-thumbnail","category-economia"],"acf":{"antetitulo":""},"yoast_head":"<!-- This site is optimized with the Yoast SEO plugin v28.3 - https:\/\/yoast.com\/product\/yoast-seo-wordpress\/ -->\n<title>Aumenta el riesgo pa\u00eds de Bolivia - El Diario - Bolivia<\/title>\n<meta name=\"robots\" content=\"index, follow, max-snippet:-1, max-image-preview:large, max-video-preview:-1\" \/>\n<link rel=\"canonical\" href=\"https:\/\/www.eldiario.net\/portal\/2024\/06\/29\/aumenta-el-riesgo-pais-de-bolivia\/\" \/>\n<meta property=\"og:locale\" content=\"es_ES\" \/>\n<meta property=\"og:type\" content=\"article\" \/>\n<meta property=\"og:title\" content=\"Aumenta el riesgo pa\u00eds de Bolivia - El Diario - Bolivia\" \/>\n<meta property=\"og:description\" content=\"Despu\u00e9s de la toma militar en la Sede de Gobierno el pasado mi\u00e9rcoles, Bolivia aument\u00f3 su \u00edndice de riesgo pa\u00eds llegando a tener 2.027 puntos el jueves, con un incremento del 1,11% a su \u00faltima medici\u00f3n. Pero ayer nuevamente subi\u00f3 a 2.082, un incremento de 0,8% con respecto al d\u00eda anterior, dijo el presidente del [&hellip;]\" \/>\n<meta property=\"og:url\" content=\"https:\/\/www.eldiario.net\/portal\/2024\/06\/29\/aumenta-el-riesgo-pais-de-bolivia\/\" \/>\n<meta property=\"og:site_name\" content=\"El Diario - Bolivia\" \/>\n<meta property=\"article:publisher\" content=\"https:\/\/www.facebook.com\/eldiario.bolivia\/\" \/>\n<meta property=\"article:published_time\" content=\"2024-06-29T11:21:51+00:00\" \/>\n<meta property=\"og:image\" content=\"https:\/\/www.eldiario.net\/portal\/wp-content\/uploads\/2023\/12\/Economia.jpg\" \/>\n\t<meta property=\"og:image:width\" content=\"800\" \/>\n\t<meta property=\"og:image:height\" content=\"500\" \/>\n\t<meta property=\"og:image:type\" content=\"image\/jpeg\" \/>\n<meta name=\"author\" content=\"Jeanette\" \/>\n<meta name=\"twitter:card\" content=\"summary_large_image\" \/>\n<meta name=\"twitter:creator\" content=\"@eldiario_net\" \/>\n<meta name=\"twitter:site\" content=\"@eldiario_net\" \/>\n<meta name=\"twitter:label1\" content=\"Escrito por\" \/>\n\t<meta name=\"twitter:data1\" content=\"Jeanette\" \/>\n\t<meta name=\"twitter:label2\" content=\"Tiempo de lectura\" \/>\n\t<meta name=\"twitter:data2\" content=\"3 minutos\" \/>\n<script type=\"application\/ld+json\" class=\"yoast-schema-graph\">{\"@context\":\"https:\\\/\\\/schema.org\",\"@graph\":[{\"@type\":\"Article\",\"@id\":\"https:\\\/\\\/www.eldiario.net\\\/portal\\\/2024\\\/06\\\/29\\\/aumenta-el-riesgo-pais-de-bolivia\\\/#article\",\"isPartOf\":{\"@id\":\"https:\\\/\\\/www.eldiario.net\\\/portal\\\/2024\\\/06\\\/29\\\/aumenta-el-riesgo-pais-de-bolivia\\\/\"},\"author\":{\"name\":\"Jeanette\",\"@id\":\"https:\\\/\\\/www.eldiario.net\\\/portal\\\/#\\\/schema\\\/person\\\/f46445640444750d7d753ccd04ae01b7\"},\"headline\":\"Aumenta el riesgo pa\u00eds de Bolivia\",\"datePublished\":\"2024-06-29T11:21:51+00:00\",\"mainEntityOfPage\":{\"@id\":\"https:\\\/\\\/www.eldiario.net\\\/portal\\\/2024\\\/06\\\/29\\\/aumenta-el-riesgo-pais-de-bolivia\\\/\"},\"wordCount\":635,\"commentCount\":0,\"publisher\":{\"@id\":\"https:\\\/\\\/www.eldiario.net\\\/portal\\\/#organization\"},\"image\":{\"@id\":\"https:\\\/\\\/www.eldiario.net\\\/portal\\\/2024\\\/06\\\/29\\\/aumenta-el-riesgo-pais-de-bolivia\\\/#primaryimage\"},\"thumbnailUrl\":\"https:\\\/\\\/www.eldiario.net\\\/portal\\\/wp-content\\\/uploads\\\/2023\\\/12\\\/Economia.jpg\",\"articleSection\":[\"Econom\u00eda\"],\"inLanguage\":\"es\",\"potentialAction\":[{\"@type\":\"CommentAction\",\"name\":\"Comment\",\"target\":[\"https:\\\/\\\/www.eldiario.net\\\/portal\\\/2024\\\/06\\\/29\\\/aumenta-el-riesgo-pais-de-bolivia\\\/#respond\"]}]},{\"@type\":\"WebPage\",\"@id\":\"https:\\\/\\\/www.eldiario.net\\\/portal\\\/2024\\\/06\\\/29\\\/aumenta-el-riesgo-pais-de-bolivia\\\/\",\"url\":\"https:\\\/\\\/www.eldiario.net\\\/portal\\\/2024\\\/06\\\/29\\\/aumenta-el-riesgo-pais-de-bolivia\\\/\",\"name\":\"Aumenta el riesgo pa\u00eds de Bolivia - El Diario - Bolivia\",\"isPartOf\":{\"@id\":\"https:\\\/\\\/www.eldiario.net\\\/portal\\\/#website\"},\"primaryImageOfPage\":{\"@id\":\"https:\\\/\\\/www.eldiario.net\\\/portal\\\/2024\\\/06\\\/29\\\/aumenta-el-riesgo-pais-de-bolivia\\\/#primaryimage\"},\"image\":{\"@id\":\"https:\\\/\\\/www.eldiario.net\\\/portal\\\/2024\\\/06\\\/29\\\/aumenta-el-riesgo-pais-de-bolivia\\\/#primaryimage\"},\"thumbnailUrl\":\"https:\\\/\\\/www.eldiario.net\\\/portal\\\/wp-content\\\/uploads\\\/2023\\\/12\\\/Economia.jpg\",\"datePublished\":\"2024-06-29T11:21:51+00:00\",\"breadcrumb\":{\"@id\":\"https:\\\/\\\/www.eldiario.net\\\/portal\\\/2024\\\/06\\\/29\\\/aumenta-el-riesgo-pais-de-bolivia\\\/#breadcrumb\"},\"inLanguage\":\"es\",\"potentialAction\":[{\"@type\":\"ReadAction\",\"target\":[\"https:\\\/\\\/www.eldiario.net\\\/portal\\\/2024\\\/06\\\/29\\\/aumenta-el-riesgo-pais-de-bolivia\\\/\"]}]},{\"@type\":\"ImageObject\",\"inLanguage\":\"es\",\"@id\":\"https:\\\/\\\/www.eldiario.net\\\/portal\\\/2024\\\/06\\\/29\\\/aumenta-el-riesgo-pais-de-bolivia\\\/#primaryimage\",\"url\":\"https:\\\/\\\/www.eldiario.net\\\/portal\\\/wp-content\\\/uploads\\\/2023\\\/12\\\/Economia.jpg\",\"contentUrl\":\"https:\\\/\\\/www.eldiario.net\\\/portal\\\/wp-content\\\/uploads\\\/2023\\\/12\\\/Economia.jpg\",\"width\":800,\"height\":500},{\"@type\":\"BreadcrumbList\",\"@id\":\"https:\\\/\\\/www.eldiario.net\\\/portal\\\/2024\\\/06\\\/29\\\/aumenta-el-riesgo-pais-de-bolivia\\\/#breadcrumb\",\"itemListElement\":[{\"@type\":\"ListItem\",\"position\":1,\"name\":\"Portada\",\"item\":\"https:\\\/\\\/www.eldiario.net\\\/portal\\\/\"},{\"@type\":\"ListItem\",\"position\":2,\"name\":\"Aumenta el riesgo pa\u00eds de Bolivia\"}]},{\"@type\":\"WebSite\",\"@id\":\"https:\\\/\\\/www.eldiario.net\\\/portal\\\/#website\",\"url\":\"https:\\\/\\\/www.eldiario.net\\\/portal\\\/\",\"name\":\"El Diario - Decano de la prensa nacional\",\"description\":\"El Diario - Decano de la prensa nacional\",\"publisher\":{\"@id\":\"https:\\\/\\\/www.eldiario.net\\\/portal\\\/#organization\"},\"potentialAction\":[{\"@type\":\"SearchAction\",\"target\":{\"@type\":\"EntryPoint\",\"urlTemplate\":\"https:\\\/\\\/www.eldiario.net\\\/portal\\\/?s={search_term_string}\"},\"query-input\":{\"@type\":\"PropertyValueSpecification\",\"valueRequired\":true,\"valueName\":\"search_term_string\"}}],\"inLanguage\":\"es\"},{\"@type\":\"Organization\",\"@id\":\"https:\\\/\\\/www.eldiario.net\\\/portal\\\/#organization\",\"name\":\"El Diario - Decano de la prensa nacional\",\"url\":\"https:\\\/\\\/www.eldiario.net\\\/portal\\\/\",\"logo\":{\"@type\":\"ImageObject\",\"inLanguage\":\"es\",\"@id\":\"https:\\\/\\\/www.eldiario.net\\\/portal\\\/#\\\/schema\\\/logo\\\/image\\\/\",\"url\":\"https:\\\/\\\/www.eldiario.net\\\/portal\\\/wp-content\\\/uploads\\\/2023\\\/07\\\/logo_ED.jpg\",\"contentUrl\":\"https:\\\/\\\/www.eldiario.net\\\/portal\\\/wp-content\\\/uploads\\\/2023\\\/07\\\/logo_ED.jpg\",\"width\":272,\"height\":52,\"caption\":\"El Diario - Decano de la prensa nacional\"},\"image\":{\"@id\":\"https:\\\/\\\/www.eldiario.net\\\/portal\\\/#\\\/schema\\\/logo\\\/image\\\/\"},\"sameAs\":[\"https:\\\/\\\/www.facebook.com\\\/eldiario.bolivia\\\/\",\"https:\\\/\\\/x.com\\\/eldiario_net\"]},{\"@type\":\"Person\",\"@id\":\"https:\\\/\\\/www.eldiario.net\\\/portal\\\/#\\\/schema\\\/person\\\/f46445640444750d7d753ccd04ae01b7\",\"name\":\"Jeanette\",\"image\":{\"@type\":\"ImageObject\",\"inLanguage\":\"es\",\"@id\":\"https:\\\/\\\/secure.gravatar.com\\\/avatar\\\/3ea2118a5f7dad2b7138b1187a6b7ee55f160b9968b66013c3a3ef39dd7e5798?s=96&d=mm&r=g\",\"url\":\"https:\\\/\\\/secure.gravatar.com\\\/avatar\\\/3ea2118a5f7dad2b7138b1187a6b7ee55f160b9968b66013c3a3ef39dd7e5798?s=96&d=mm&r=g\",\"contentUrl\":\"https:\\\/\\\/secure.gravatar.com\\\/avatar\\\/3ea2118a5f7dad2b7138b1187a6b7ee55f160b9968b66013c3a3ef39dd7e5798?s=96&d=mm&r=g\",\"caption\":\"Jeanette\"},\"sameAs\":[\"https:\\\/\\\/www.eldiario.net\\\/portal\"],\"url\":\"https:\\\/\\\/www.eldiario.net\\\/portal\\\/author\\\/jeanette\\\/\"}]}<\/script>\n<!-- \/ Yoast SEO plugin. -->","yoast_head_json":{"title":"Aumenta el riesgo pa\u00eds de Bolivia - El Diario - Bolivia","robots":{"index":"index","follow":"follow","max-snippet":"max-snippet:-1","max-image-preview":"max-image-preview:large","max-video-preview":"max-video-preview:-1"},"canonical":"https:\/\/www.eldiario.net\/portal\/2024\/06\/29\/aumenta-el-riesgo-pais-de-bolivia\/","og_locale":"es_ES","og_type":"article","og_title":"Aumenta el riesgo pa\u00eds de Bolivia - El Diario - Bolivia","og_description":"Despu\u00e9s de la toma militar en la Sede de Gobierno el pasado mi\u00e9rcoles, Bolivia aument\u00f3 su \u00edndice de riesgo pa\u00eds llegando a tener 2.027 puntos el jueves, con un incremento del 1,11% a su \u00faltima medici\u00f3n. Pero ayer nuevamente subi\u00f3 a 2.082, un incremento de 0,8% con respecto al d\u00eda anterior, dijo el presidente del [&hellip;]","og_url":"https:\/\/www.eldiario.net\/portal\/2024\/06\/29\/aumenta-el-riesgo-pais-de-bolivia\/","og_site_name":"El Diario - Bolivia","article_publisher":"https:\/\/www.facebook.com\/eldiario.bolivia\/","article_published_time":"2024-06-29T11:21:51+00:00","og_image":[{"width":800,"height":500,"url":"https:\/\/www.eldiario.net\/portal\/wp-content\/uploads\/2023\/12\/Economia.jpg","type":"image\/jpeg"}],"author":"Jeanette","twitter_card":"summary_large_image","twitter_creator":"@eldiario_net","twitter_site":"@eldiario_net","twitter_misc":{"Escrito por":"Jeanette","Tiempo de lectura":"3 minutos"},"schema":{"@context":"https:\/\/schema.org","@graph":[{"@type":"Article","@id":"https:\/\/www.eldiario.net\/portal\/2024\/06\/29\/aumenta-el-riesgo-pais-de-bolivia\/#article","isPartOf":{"@id":"https:\/\/www.eldiario.net\/portal\/2024\/06\/29\/aumenta-el-riesgo-pais-de-bolivia\/"},"author":{"name":"Jeanette","@id":"https:\/\/www.eldiario.net\/portal\/#\/schema\/person\/f46445640444750d7d753ccd04ae01b7"},"headline":"Aumenta el riesgo pa\u00eds de Bolivia","datePublished":"2024-06-29T11:21:51+00:00","mainEntityOfPage":{"@id":"https:\/\/www.eldiario.net\/portal\/2024\/06\/29\/aumenta-el-riesgo-pais-de-bolivia\/"},"wordCount":635,"commentCount":0,"publisher":{"@id":"https:\/\/www.eldiario.net\/portal\/#organization"},"image":{"@id":"https:\/\/www.eldiario.net\/portal\/2024\/06\/29\/aumenta-el-riesgo-pais-de-bolivia\/#primaryimage"},"thumbnailUrl":"https:\/\/www.eldiario.net\/portal\/wp-content\/uploads\/2023\/12\/Economia.jpg","articleSection":["Econom\u00eda"],"inLanguage":"es","potentialAction":[{"@type":"CommentAction","name":"Comment","target":["https:\/\/www.eldiario.net\/portal\/2024\/06\/29\/aumenta-el-riesgo-pais-de-bolivia\/#respond"]}]},{"@type":"WebPage","@id":"https:\/\/www.eldiario.net\/portal\/2024\/06\/29\/aumenta-el-riesgo-pais-de-bolivia\/","url":"https:\/\/www.eldiario.net\/portal\/2024\/06\/29\/aumenta-el-riesgo-pais-de-bolivia\/","name":"Aumenta el riesgo pa\u00eds de Bolivia - El Diario - Bolivia","isPartOf":{"@id":"https:\/\/www.eldiario.net\/portal\/#website"},"primaryImageOfPage":{"@id":"https:\/\/www.eldiario.net\/portal\/2024\/06\/29\/aumenta-el-riesgo-pais-de-bolivia\/#primaryimage"},"image":{"@id":"https:\/\/www.eldiario.net\/portal\/2024\/06\/29\/aumenta-el-riesgo-pais-de-bolivia\/#primaryimage"},"thumbnailUrl":"https:\/\/www.eldiario.net\/portal\/wp-content\/uploads\/2023\/12\/Economia.jpg","datePublished":"2024-06-29T11:21:51+00:00","breadcrumb":{"@id":"https:\/\/www.eldiario.net\/portal\/2024\/06\/29\/aumenta-el-riesgo-pais-de-bolivia\/#breadcrumb"},"inLanguage":"es","potentialAction":[{"@type":"ReadAction","target":["https:\/\/www.eldiario.net\/portal\/2024\/06\/29\/aumenta-el-riesgo-pais-de-bolivia\/"]}]},{"@type":"ImageObject","inLanguage":"es","@id":"https:\/\/www.eldiario.net\/portal\/2024\/06\/29\/aumenta-el-riesgo-pais-de-bolivia\/#primaryimage","url":"https:\/\/www.eldiario.net\/portal\/wp-content\/uploads\/2023\/12\/Economia.jpg","contentUrl":"https:\/\/www.eldiario.net\/portal\/wp-content\/uploads\/2023\/12\/Economia.jpg","width":800,"height":500},{"@type":"BreadcrumbList","@id":"https:\/\/www.eldiario.net\/portal\/2024\/06\/29\/aumenta-el-riesgo-pais-de-bolivia\/#breadcrumb","itemListElement":[{"@type":"ListItem","position":1,"name":"Portada","item":"https:\/\/www.eldiario.net\/portal\/"},{"@type":"ListItem","position":2,"name":"Aumenta el riesgo pa\u00eds de Bolivia"}]},{"@type":"WebSite","@id":"https:\/\/www.eldiario.net\/portal\/#website","url":"https:\/\/www.eldiario.net\/portal\/","name":"El Diario - Decano de la prensa nacional","description":"El Diario - Decano de la prensa nacional","publisher":{"@id":"https:\/\/www.eldiario.net\/portal\/#organization"},"potentialAction":[{"@type":"SearchAction","target":{"@type":"EntryPoint","urlTemplate":"https:\/\/www.eldiario.net\/portal\/?s={search_term_string}"},"query-input":{"@type":"PropertyValueSpecification","valueRequired":true,"valueName":"search_term_string"}}],"inLanguage":"es"},{"@type":"Organization","@id":"https:\/\/www.eldiario.net\/portal\/#organization","name":"El Diario - Decano de la prensa nacional","url":"https:\/\/www.eldiario.net\/portal\/","logo":{"@type":"ImageObject","inLanguage":"es","@id":"https:\/\/www.eldiario.net\/portal\/#\/schema\/logo\/image\/","url":"https:\/\/www.eldiario.net\/portal\/wp-content\/uploads\/2023\/07\/logo_ED.jpg","contentUrl":"https:\/\/www.eldiario.net\/portal\/wp-content\/uploads\/2023\/07\/logo_ED.jpg","width":272,"height":52,"caption":"El Diario - Decano de la prensa nacional"},"image":{"@id":"https:\/\/www.eldiario.net\/portal\/#\/schema\/logo\/image\/"},"sameAs":["https:\/\/www.facebook.com\/eldiario.bolivia\/","https:\/\/x.com\/eldiario_net"]},{"@type":"Person","@id":"https:\/\/www.eldiario.net\/portal\/#\/schema\/person\/f46445640444750d7d753ccd04ae01b7","name":"Jeanette","image":{"@type":"ImageObject","inLanguage":"es","@id":"https:\/\/secure.gravatar.com\/avatar\/3ea2118a5f7dad2b7138b1187a6b7ee55f160b9968b66013c3a3ef39dd7e5798?s=96&d=mm&r=g","url":"https:\/\/secure.gravatar.com\/avatar\/3ea2118a5f7dad2b7138b1187a6b7ee55f160b9968b66013c3a3ef39dd7e5798?s=96&d=mm&r=g","contentUrl":"https:\/\/secure.gravatar.com\/avatar\/3ea2118a5f7dad2b7138b1187a6b7ee55f160b9968b66013c3a3ef39dd7e5798?s=96&d=mm&r=g","caption":"Jeanette"},"sameAs":["https:\/\/www.eldiario.net\/portal"],"url":"https:\/\/www.eldiario.net\/portal\/author\/jeanette\/"}]}},"_links":{"self":[{"href":"https:\/\/www.eldiario.net\/portal\/wp-json\/wp\/v2\/posts\/230543","targetHints":{"allow":["GET"]}}],"collection":[{"href":"https:\/\/www.eldiario.net\/portal\/wp-json\/wp\/v2\/posts"}],"about":[{"href":"https:\/\/www.eldiario.net\/portal\/wp-json\/wp\/v2\/types\/post"}],"author":[{"embeddable":true,"href":"https:\/\/www.eldiario.net\/portal\/wp-json\/wp\/v2\/users\/1"}],"replies":[{"embeddable":true,"href":"https:\/\/www.eldiario.net\/portal\/wp-json\/wp\/v2\/comments?post=230543"}],"version-history":[{"count":1,"href":"https:\/\/www.eldiario.net\/portal\/wp-json\/wp\/v2\/posts\/230543\/revisions"}],"predecessor-version":[{"id":230544,"href":"https:\/\/www.eldiario.net\/portal\/wp-json\/wp\/v2\/posts\/230543\/revisions\/230544"}],"wp:featuredmedia":[{"embeddable":true,"href":"https:\/\/www.eldiario.net\/portal\/wp-json\/wp\/v2\/media\/194689"}],"wp:attachment":[{"href":"https:\/\/www.eldiario.net\/portal\/wp-json\/wp\/v2\/media?parent=230543"}],"wp:term":[{"taxonomy":"category","embeddable":true,"href":"https:\/\/www.eldiario.net\/portal\/wp-json\/wp\/v2\/categories?post=230543"},{"taxonomy":"post_tag","embeddable":true,"href":"https:\/\/www.eldiario.net\/portal\/wp-json\/wp\/v2\/tags?post=230543"}],"curies":[{"name":"wp","href":"https:\/\/api.w.org\/{rel}","templated":true}]}}