{"id":230540,"date":"2024-06-29T07:21:03","date_gmt":"2024-06-29T11:21:03","guid":{"rendered":"https:\/\/www.eldiario.net\/portal\/?p=230540"},"modified":"2024-06-29T07:21:03","modified_gmt":"2024-06-29T11:21:03","slug":"bolivia-mas-cerca-de-devaluar-la-moneda","status":"publish","type":"post","link":"https:\/\/www.eldiario.net\/portal\/2024\/06\/29\/bolivia-mas-cerca-de-devaluar-la-moneda\/","title":{"rendered":"Bolivia m\u00e1s cerca de  devaluar la moneda"},"content":{"rendered":"<p>La ca\u00edda de las Reservas Internacionales Netas (RIN) a 1.796 millones de d\u00f3lares hasta abril de la presente gesti\u00f3n, empuja a una devaluaci\u00f3n del boliviano por la escasez de la divisa extranjera a precio oficial. Economistas aseguran que la moneda nacional ya se devalu\u00f3 en el mercado paralelo en m\u00e1s del 30%.<br \/>\nDe acuerdo con Eduardo Jim\u00e9nez, jefe de Sistemas de Informaci\u00f3n de Macroconsult, el Banco Central de Bolivia (BCB) empezar\u00eda a devaluar el boliviano.<br \/>\nEl especialista record\u00f3 que en dicho pa\u00eds se vive una situaci\u00f3n muy peligrosa para la sostenibilidad de la econom\u00eda. \u201cBolivia est\u00e1 viviendo en estos momentos una situaci\u00f3n de desequilibrios m\u00faltiples, una situaci\u00f3n muy peligrosa para la sostenibilidad de una econom\u00eda. El Banco Central Boliviano insiste en mantener un tipo de cambio fijo porque se busca cumplir ciertos objetivos, en particular controlar la inflaci\u00f3n\u201d, indic\u00f3 para el videopodcast \u201cTenemos que Hablar\u201d de El Comercio del Per\u00fa.<br \/>\nSin embargo, el Gobierno enfrenta un dilema, pues de modificar el tipo de cambio fijo a un precio mayor, moverlo de 6,96 a un valor m\u00e1s alto, el BCB debe tener d\u00f3lares para mantenerlo, pero como no los tiene, no cambiar\u00eda nada la situaci\u00f3n, analizaba, en su momento, el exdirector de la entidad del ente emisor, Gabriel Espinoza.<br \/>\nAgreg\u00f3 que implementar la flexibilidad del d\u00f3lar, y se cotiza acorde al mercado, afectar\u00e1 a las arcas del Gobierno debido al subsidio aplicado a los carburantes. Por esas dos situaciones, la devaluaci\u00f3n tiene sus frenos.<br \/>\nEl mi\u00e9rcoles pasado, tras lo ocurrido en plaza Murillo, el d\u00f3lar estadounidense trep\u00f3 a m\u00e1s de 9 bolivianos y en otros lugares hasta alcanz\u00f3 a 10 bolivianos.<br \/>\nEconomistas informan que cada vez m\u00e1s transacciones financieras se hacen restrictivas en la banca, como retirar de cuentas en d\u00f3lares, pero tambi\u00e9n no se permite ahorrar en la divisa extranjera.<br \/>\nEse contexto desanima las importaciones y desalientan las inversiones, advierten los profesionales del sector econ\u00f3mico.<br \/>\nAn\u00e1lisis<br \/>\n\u201cNo es una idea o posibilidad descabellada la planteada por Eduardo Jim\u00e9nez, jefe de Sistemas de Informaci\u00f3n de Macroconsult, mucho menos considerando la fragilidad macroecon\u00f3mica que vive actualmente Bolivia, sumida en conflictos pol\u00edticos, econ\u00f3micos y sociales, con un reciente intento de \u201cgolpe\u201d democr\u00e1tico, sostiene el presidente del Colegio Departamental de Economistas de Tarija, Fernando Romero.<br \/>\nEl contexto de la econom\u00eda nacional se complica con la advertencia de compa\u00f1\u00edas inversoras, que alertan que la situaci\u00f3n del mi\u00e9rcoles pasado, repercutir\u00e1n en el financiamiento externo, pues el riesgo pa\u00eds subir\u00e1 despu\u00e9s de la fr\u00e1gil estabilidad social.<br \/>\nBolivia tendr\u00e1 problemas para acceder a las divisas, cuya situaci\u00f3n se reflejar\u00e1 en la profundizaci\u00f3n de la crisis del d\u00f3lar.<br \/>\nD\u00e9ficit<br \/>\nUna econom\u00eda nacional que tiene 11 a\u00f1os consecutivos de d\u00e9ficit fiscal, donde el 2023 represent\u00f3 el 11% de su PIB, siendo el m\u00e1s alto desde el 2013. Sin embargo, Espinoza informa que la cifra habr\u00eda llegado a m\u00e1s de 12%.<br \/>\nCon una crisis de divisas, que no se ha resuelto desde febrero de 2023, en todo caso se hizo cr\u00f3nica. Donde actualmente existe un mercado cambiario desequilibrado, con una gran demanda insatisfecha, la cual recurre en parte al mercado negro, donde el d\u00f3lar americano llega a costar casi Bs 10 (alrededor del 30% de devaluaci\u00f3n), explic\u00f3.<br \/>\nPara el analista financiero Jaime Dunn, el mercado nacional registra 13 tipos de cotizaciones de divisas, en diferentes regiones del pa\u00eds.<br \/>\nLiquidez<br \/>\nRomero sostiene que existe falta de liquidez y solvencia en las arcas estatales en t\u00e9rminos de d\u00f3lares, lo cual genera un desabastecimiento principalmente de carburantes por la falta de pago a sus proveedores internacionales, con efectos nocivos en la industria y comercio nacional.<br \/>\nA pesar de que el Gobierno asegur\u00f3 que hay problemas con la liquidez, pero no de solvencia; sin embargo, el economista Gonzalo Ch\u00e1vez asegura que se acab\u00f3 el ingreso del gas y del litio todav\u00eda est\u00e1 lejos.<br \/>\nMientras tanto, el viceministro de Pensiones y Servicios Financieros, Franz Apaza, ratifica el tipo de cambio vigente y descarta rumores de devaluaci\u00f3n del boliviano, en Radio Panamericana.<\/p>\n","protected":false},"excerpt":{"rendered":"<p>La ca\u00edda de las Reservas Internacionales Netas (RIN) a 1.796 millones de d\u00f3lares hasta abril de la presente gesti\u00f3n, empuja a una devaluaci\u00f3n del boliviano por la escasez de la divisa extranjera a precio oficial. Economistas aseguran que la moneda nacional ya se devalu\u00f3 en el mercado paralelo en m\u00e1s del 30%. De acuerdo con [&hellip;]<\/p>\n","protected":false},"author":1,"featured_media":230541,"comment_status":"open","ping_status":"open","sticky":false,"template":"","format":"standard","meta":{"_acf_changed":false,"footnotes":""},"categories":[7],"tags":[],"class_list":["post-230540","post","type-post","status-publish","format-standard","has-post-thumbnail","category-economia"],"acf":{"antetitulo":"Ante agudizaci\u00f3n de escasez del d\u00f3lar"},"yoast_head":"<!-- This site is optimized with the Yoast SEO plugin v28.3 - https:\/\/yoast.com\/product\/yoast-seo-wordpress\/ -->\n<title>Bolivia m\u00e1s cerca de devaluar la moneda - El Diario - Bolivia<\/title>\n<meta name=\"robots\" content=\"index, follow, max-snippet:-1, max-image-preview:large, max-video-preview:-1\" \/>\n<link rel=\"canonical\" href=\"https:\/\/www.eldiario.net\/portal\/2024\/06\/29\/bolivia-mas-cerca-de-devaluar-la-moneda\/\" \/>\n<meta property=\"og:locale\" content=\"es_ES\" \/>\n<meta property=\"og:type\" content=\"article\" \/>\n<meta property=\"og:title\" content=\"Bolivia m\u00e1s cerca de devaluar la moneda - El Diario - Bolivia\" \/>\n<meta property=\"og:description\" content=\"La ca\u00edda de las Reservas Internacionales Netas (RIN) a 1.796 millones de d\u00f3lares hasta abril de la presente gesti\u00f3n, empuja a una devaluaci\u00f3n del boliviano por la escasez de la divisa extranjera a precio oficial. Economistas aseguran que la moneda nacional ya se devalu\u00f3 en el mercado paralelo en m\u00e1s del 30%. De acuerdo con [&hellip;]\" \/>\n<meta property=\"og:url\" content=\"https:\/\/www.eldiario.net\/portal\/2024\/06\/29\/bolivia-mas-cerca-de-devaluar-la-moneda\/\" \/>\n<meta property=\"og:site_name\" content=\"El Diario - Bolivia\" \/>\n<meta property=\"article:publisher\" content=\"https:\/\/www.facebook.com\/eldiario.bolivia\/\" \/>\n<meta property=\"article:published_time\" content=\"2024-06-29T11:21:03+00:00\" \/>\n<meta property=\"og:image\" content=\"https:\/\/www.eldiario.net\/portal\/wp-content\/uploads\/2024\/06\/devaluar.jpg\" \/>\n\t<meta property=\"og:image:width\" content=\"300\" \/>\n\t<meta property=\"og:image:height\" content=\"168\" \/>\n\t<meta property=\"og:image:type\" content=\"image\/jpeg\" \/>\n<meta name=\"author\" content=\"Jeanette\" \/>\n<meta name=\"twitter:card\" content=\"summary_large_image\" \/>\n<meta name=\"twitter:creator\" content=\"@eldiario_net\" \/>\n<meta name=\"twitter:site\" content=\"@eldiario_net\" \/>\n<meta name=\"twitter:label1\" content=\"Escrito por\" \/>\n\t<meta name=\"twitter:data1\" content=\"Jeanette\" \/>\n\t<meta name=\"twitter:label2\" content=\"Tiempo de lectura\" \/>\n\t<meta name=\"twitter:data2\" content=\"4 minutos\" \/>\n<script type=\"application\/ld+json\" class=\"yoast-schema-graph\">{\"@context\":\"https:\\\/\\\/schema.org\",\"@graph\":[{\"@type\":\"Article\",\"@id\":\"https:\\\/\\\/www.eldiario.net\\\/portal\\\/2024\\\/06\\\/29\\\/bolivia-mas-cerca-de-devaluar-la-moneda\\\/#article\",\"isPartOf\":{\"@id\":\"https:\\\/\\\/www.eldiario.net\\\/portal\\\/2024\\\/06\\\/29\\\/bolivia-mas-cerca-de-devaluar-la-moneda\\\/\"},\"author\":{\"name\":\"Jeanette\",\"@id\":\"https:\\\/\\\/www.eldiario.net\\\/portal\\\/#\\\/schema\\\/person\\\/f46445640444750d7d753ccd04ae01b7\"},\"headline\":\"Bolivia m\u00e1s cerca de devaluar la moneda\",\"datePublished\":\"2024-06-29T11:21:03+00:00\",\"mainEntityOfPage\":{\"@id\":\"https:\\\/\\\/www.eldiario.net\\\/portal\\\/2024\\\/06\\\/29\\\/bolivia-mas-cerca-de-devaluar-la-moneda\\\/\"},\"wordCount\":712,\"commentCount\":0,\"publisher\":{\"@id\":\"https:\\\/\\\/www.eldiario.net\\\/portal\\\/#organization\"},\"image\":{\"@id\":\"https:\\\/\\\/www.eldiario.net\\\/portal\\\/2024\\\/06\\\/29\\\/bolivia-mas-cerca-de-devaluar-la-moneda\\\/#primaryimage\"},\"thumbnailUrl\":\"https:\\\/\\\/www.eldiario.net\\\/portal\\\/wp-content\\\/uploads\\\/2024\\\/06\\\/devaluar.jpg\",\"articleSection\":[\"Econom\u00eda\"],\"inLanguage\":\"es\",\"potentialAction\":[{\"@type\":\"CommentAction\",\"name\":\"Comment\",\"target\":[\"https:\\\/\\\/www.eldiario.net\\\/portal\\\/2024\\\/06\\\/29\\\/bolivia-mas-cerca-de-devaluar-la-moneda\\\/#respond\"]}]},{\"@type\":\"WebPage\",\"@id\":\"https:\\\/\\\/www.eldiario.net\\\/portal\\\/2024\\\/06\\\/29\\\/bolivia-mas-cerca-de-devaluar-la-moneda\\\/\",\"url\":\"https:\\\/\\\/www.eldiario.net\\\/portal\\\/2024\\\/06\\\/29\\\/bolivia-mas-cerca-de-devaluar-la-moneda\\\/\",\"name\":\"Bolivia m\u00e1s cerca de devaluar la moneda - El Diario - Bolivia\",\"isPartOf\":{\"@id\":\"https:\\\/\\\/www.eldiario.net\\\/portal\\\/#website\"},\"primaryImageOfPage\":{\"@id\":\"https:\\\/\\\/www.eldiario.net\\\/portal\\\/2024\\\/06\\\/29\\\/bolivia-mas-cerca-de-devaluar-la-moneda\\\/#primaryimage\"},\"image\":{\"@id\":\"https:\\\/\\\/www.eldiario.net\\\/portal\\\/2024\\\/06\\\/29\\\/bolivia-mas-cerca-de-devaluar-la-moneda\\\/#primaryimage\"},\"thumbnailUrl\":\"https:\\\/\\\/www.eldiario.net\\\/portal\\\/wp-content\\\/uploads\\\/2024\\\/06\\\/devaluar.jpg\",\"datePublished\":\"2024-06-29T11:21:03+00:00\",\"breadcrumb\":{\"@id\":\"https:\\\/\\\/www.eldiario.net\\\/portal\\\/2024\\\/06\\\/29\\\/bolivia-mas-cerca-de-devaluar-la-moneda\\\/#breadcrumb\"},\"inLanguage\":\"es\",\"potentialAction\":[{\"@type\":\"ReadAction\",\"target\":[\"https:\\\/\\\/www.eldiario.net\\\/portal\\\/2024\\\/06\\\/29\\\/bolivia-mas-cerca-de-devaluar-la-moneda\\\/\"]}]},{\"@type\":\"ImageObject\",\"inLanguage\":\"es\",\"@id\":\"https:\\\/\\\/www.eldiario.net\\\/portal\\\/2024\\\/06\\\/29\\\/bolivia-mas-cerca-de-devaluar-la-moneda\\\/#primaryimage\",\"url\":\"https:\\\/\\\/www.eldiario.net\\\/portal\\\/wp-content\\\/uploads\\\/2024\\\/06\\\/devaluar.jpg\",\"contentUrl\":\"https:\\\/\\\/www.eldiario.net\\\/portal\\\/wp-content\\\/uploads\\\/2024\\\/06\\\/devaluar.jpg\",\"width\":300,\"height\":168},{\"@type\":\"BreadcrumbList\",\"@id\":\"https:\\\/\\\/www.eldiario.net\\\/portal\\\/2024\\\/06\\\/29\\\/bolivia-mas-cerca-de-devaluar-la-moneda\\\/#breadcrumb\",\"itemListElement\":[{\"@type\":\"ListItem\",\"position\":1,\"name\":\"Portada\",\"item\":\"https:\\\/\\\/www.eldiario.net\\\/portal\\\/\"},{\"@type\":\"ListItem\",\"position\":2,\"name\":\"Bolivia m\u00e1s cerca de devaluar la moneda\"}]},{\"@type\":\"WebSite\",\"@id\":\"https:\\\/\\\/www.eldiario.net\\\/portal\\\/#website\",\"url\":\"https:\\\/\\\/www.eldiario.net\\\/portal\\\/\",\"name\":\"El Diario - Decano de la prensa nacional\",\"description\":\"El Diario - Decano de la prensa nacional\",\"publisher\":{\"@id\":\"https:\\\/\\\/www.eldiario.net\\\/portal\\\/#organization\"},\"potentialAction\":[{\"@type\":\"SearchAction\",\"target\":{\"@type\":\"EntryPoint\",\"urlTemplate\":\"https:\\\/\\\/www.eldiario.net\\\/portal\\\/?s={search_term_string}\"},\"query-input\":{\"@type\":\"PropertyValueSpecification\",\"valueRequired\":true,\"valueName\":\"search_term_string\"}}],\"inLanguage\":\"es\"},{\"@type\":\"Organization\",\"@id\":\"https:\\\/\\\/www.eldiario.net\\\/portal\\\/#organization\",\"name\":\"El Diario - Decano de la prensa nacional\",\"url\":\"https:\\\/\\\/www.eldiario.net\\\/portal\\\/\",\"logo\":{\"@type\":\"ImageObject\",\"inLanguage\":\"es\",\"@id\":\"https:\\\/\\\/www.eldiario.net\\\/portal\\\/#\\\/schema\\\/logo\\\/image\\\/\",\"url\":\"https:\\\/\\\/www.eldiario.net\\\/portal\\\/wp-content\\\/uploads\\\/2023\\\/07\\\/logo_ED.jpg\",\"contentUrl\":\"https:\\\/\\\/www.eldiario.net\\\/portal\\\/wp-content\\\/uploads\\\/2023\\\/07\\\/logo_ED.jpg\",\"width\":272,\"height\":52,\"caption\":\"El Diario - Decano de la prensa nacional\"},\"image\":{\"@id\":\"https:\\\/\\\/www.eldiario.net\\\/portal\\\/#\\\/schema\\\/logo\\\/image\\\/\"},\"sameAs\":[\"https:\\\/\\\/www.facebook.com\\\/eldiario.bolivia\\\/\",\"https:\\\/\\\/x.com\\\/eldiario_net\"]},{\"@type\":\"Person\",\"@id\":\"https:\\\/\\\/www.eldiario.net\\\/portal\\\/#\\\/schema\\\/person\\\/f46445640444750d7d753ccd04ae01b7\",\"name\":\"Jeanette\",\"image\":{\"@type\":\"ImageObject\",\"inLanguage\":\"es\",\"@id\":\"https:\\\/\\\/secure.gravatar.com\\\/avatar\\\/3ea2118a5f7dad2b7138b1187a6b7ee55f160b9968b66013c3a3ef39dd7e5798?s=96&d=mm&r=g\",\"url\":\"https:\\\/\\\/secure.gravatar.com\\\/avatar\\\/3ea2118a5f7dad2b7138b1187a6b7ee55f160b9968b66013c3a3ef39dd7e5798?s=96&d=mm&r=g\",\"contentUrl\":\"https:\\\/\\\/secure.gravatar.com\\\/avatar\\\/3ea2118a5f7dad2b7138b1187a6b7ee55f160b9968b66013c3a3ef39dd7e5798?s=96&d=mm&r=g\",\"caption\":\"Jeanette\"},\"sameAs\":[\"https:\\\/\\\/www.eldiario.net\\\/portal\"],\"url\":\"https:\\\/\\\/www.eldiario.net\\\/portal\\\/author\\\/jeanette\\\/\"}]}<\/script>\n<!-- \/ Yoast SEO plugin. -->","yoast_head_json":{"title":"Bolivia m\u00e1s cerca de devaluar la moneda - El Diario - Bolivia","robots":{"index":"index","follow":"follow","max-snippet":"max-snippet:-1","max-image-preview":"max-image-preview:large","max-video-preview":"max-video-preview:-1"},"canonical":"https:\/\/www.eldiario.net\/portal\/2024\/06\/29\/bolivia-mas-cerca-de-devaluar-la-moneda\/","og_locale":"es_ES","og_type":"article","og_title":"Bolivia m\u00e1s cerca de devaluar la moneda - El Diario - Bolivia","og_description":"La ca\u00edda de las Reservas Internacionales Netas (RIN) a 1.796 millones de d\u00f3lares hasta abril de la presente gesti\u00f3n, empuja a una devaluaci\u00f3n del boliviano por la escasez de la divisa extranjera a precio oficial. Economistas aseguran que la moneda nacional ya se devalu\u00f3 en el mercado paralelo en m\u00e1s del 30%. De acuerdo con [&hellip;]","og_url":"https:\/\/www.eldiario.net\/portal\/2024\/06\/29\/bolivia-mas-cerca-de-devaluar-la-moneda\/","og_site_name":"El Diario - Bolivia","article_publisher":"https:\/\/www.facebook.com\/eldiario.bolivia\/","article_published_time":"2024-06-29T11:21:03+00:00","og_image":[{"width":300,"height":168,"url":"https:\/\/www.eldiario.net\/portal\/wp-content\/uploads\/2024\/06\/devaluar.jpg","type":"image\/jpeg"}],"author":"Jeanette","twitter_card":"summary_large_image","twitter_creator":"@eldiario_net","twitter_site":"@eldiario_net","twitter_misc":{"Escrito por":"Jeanette","Tiempo de lectura":"4 minutos"},"schema":{"@context":"https:\/\/schema.org","@graph":[{"@type":"Article","@id":"https:\/\/www.eldiario.net\/portal\/2024\/06\/29\/bolivia-mas-cerca-de-devaluar-la-moneda\/#article","isPartOf":{"@id":"https:\/\/www.eldiario.net\/portal\/2024\/06\/29\/bolivia-mas-cerca-de-devaluar-la-moneda\/"},"author":{"name":"Jeanette","@id":"https:\/\/www.eldiario.net\/portal\/#\/schema\/person\/f46445640444750d7d753ccd04ae01b7"},"headline":"Bolivia m\u00e1s cerca de devaluar la moneda","datePublished":"2024-06-29T11:21:03+00:00","mainEntityOfPage":{"@id":"https:\/\/www.eldiario.net\/portal\/2024\/06\/29\/bolivia-mas-cerca-de-devaluar-la-moneda\/"},"wordCount":712,"commentCount":0,"publisher":{"@id":"https:\/\/www.eldiario.net\/portal\/#organization"},"image":{"@id":"https:\/\/www.eldiario.net\/portal\/2024\/06\/29\/bolivia-mas-cerca-de-devaluar-la-moneda\/#primaryimage"},"thumbnailUrl":"https:\/\/www.eldiario.net\/portal\/wp-content\/uploads\/2024\/06\/devaluar.jpg","articleSection":["Econom\u00eda"],"inLanguage":"es","potentialAction":[{"@type":"CommentAction","name":"Comment","target":["https:\/\/www.eldiario.net\/portal\/2024\/06\/29\/bolivia-mas-cerca-de-devaluar-la-moneda\/#respond"]}]},{"@type":"WebPage","@id":"https:\/\/www.eldiario.net\/portal\/2024\/06\/29\/bolivia-mas-cerca-de-devaluar-la-moneda\/","url":"https:\/\/www.eldiario.net\/portal\/2024\/06\/29\/bolivia-mas-cerca-de-devaluar-la-moneda\/","name":"Bolivia m\u00e1s cerca de devaluar la moneda - El Diario - Bolivia","isPartOf":{"@id":"https:\/\/www.eldiario.net\/portal\/#website"},"primaryImageOfPage":{"@id":"https:\/\/www.eldiario.net\/portal\/2024\/06\/29\/bolivia-mas-cerca-de-devaluar-la-moneda\/#primaryimage"},"image":{"@id":"https:\/\/www.eldiario.net\/portal\/2024\/06\/29\/bolivia-mas-cerca-de-devaluar-la-moneda\/#primaryimage"},"thumbnailUrl":"https:\/\/www.eldiario.net\/portal\/wp-content\/uploads\/2024\/06\/devaluar.jpg","datePublished":"2024-06-29T11:21:03+00:00","breadcrumb":{"@id":"https:\/\/www.eldiario.net\/portal\/2024\/06\/29\/bolivia-mas-cerca-de-devaluar-la-moneda\/#breadcrumb"},"inLanguage":"es","potentialAction":[{"@type":"ReadAction","target":["https:\/\/www.eldiario.net\/portal\/2024\/06\/29\/bolivia-mas-cerca-de-devaluar-la-moneda\/"]}]},{"@type":"ImageObject","inLanguage":"es","@id":"https:\/\/www.eldiario.net\/portal\/2024\/06\/29\/bolivia-mas-cerca-de-devaluar-la-moneda\/#primaryimage","url":"https:\/\/www.eldiario.net\/portal\/wp-content\/uploads\/2024\/06\/devaluar.jpg","contentUrl":"https:\/\/www.eldiario.net\/portal\/wp-content\/uploads\/2024\/06\/devaluar.jpg","width":300,"height":168},{"@type":"BreadcrumbList","@id":"https:\/\/www.eldiario.net\/portal\/2024\/06\/29\/bolivia-mas-cerca-de-devaluar-la-moneda\/#breadcrumb","itemListElement":[{"@type":"ListItem","position":1,"name":"Portada","item":"https:\/\/www.eldiario.net\/portal\/"},{"@type":"ListItem","position":2,"name":"Bolivia m\u00e1s cerca de devaluar la moneda"}]},{"@type":"WebSite","@id":"https:\/\/www.eldiario.net\/portal\/#website","url":"https:\/\/www.eldiario.net\/portal\/","name":"El Diario - Decano de la prensa nacional","description":"El Diario - Decano de la prensa nacional","publisher":{"@id":"https:\/\/www.eldiario.net\/portal\/#organization"},"potentialAction":[{"@type":"SearchAction","target":{"@type":"EntryPoint","urlTemplate":"https:\/\/www.eldiario.net\/portal\/?s={search_term_string}"},"query-input":{"@type":"PropertyValueSpecification","valueRequired":true,"valueName":"search_term_string"}}],"inLanguage":"es"},{"@type":"Organization","@id":"https:\/\/www.eldiario.net\/portal\/#organization","name":"El Diario - Decano de la prensa nacional","url":"https:\/\/www.eldiario.net\/portal\/","logo":{"@type":"ImageObject","inLanguage":"es","@id":"https:\/\/www.eldiario.net\/portal\/#\/schema\/logo\/image\/","url":"https:\/\/www.eldiario.net\/portal\/wp-content\/uploads\/2023\/07\/logo_ED.jpg","contentUrl":"https:\/\/www.eldiario.net\/portal\/wp-content\/uploads\/2023\/07\/logo_ED.jpg","width":272,"height":52,"caption":"El Diario - Decano de la prensa nacional"},"image":{"@id":"https:\/\/www.eldiario.net\/portal\/#\/schema\/logo\/image\/"},"sameAs":["https:\/\/www.facebook.com\/eldiario.bolivia\/","https:\/\/x.com\/eldiario_net"]},{"@type":"Person","@id":"https:\/\/www.eldiario.net\/portal\/#\/schema\/person\/f46445640444750d7d753ccd04ae01b7","name":"Jeanette","image":{"@type":"ImageObject","inLanguage":"es","@id":"https:\/\/secure.gravatar.com\/avatar\/3ea2118a5f7dad2b7138b1187a6b7ee55f160b9968b66013c3a3ef39dd7e5798?s=96&d=mm&r=g","url":"https:\/\/secure.gravatar.com\/avatar\/3ea2118a5f7dad2b7138b1187a6b7ee55f160b9968b66013c3a3ef39dd7e5798?s=96&d=mm&r=g","contentUrl":"https:\/\/secure.gravatar.com\/avatar\/3ea2118a5f7dad2b7138b1187a6b7ee55f160b9968b66013c3a3ef39dd7e5798?s=96&d=mm&r=g","caption":"Jeanette"},"sameAs":["https:\/\/www.eldiario.net\/portal"],"url":"https:\/\/www.eldiario.net\/portal\/author\/jeanette\/"}]}},"_links":{"self":[{"href":"https:\/\/www.eldiario.net\/portal\/wp-json\/wp\/v2\/posts\/230540","targetHints":{"allow":["GET"]}}],"collection":[{"href":"https:\/\/www.eldiario.net\/portal\/wp-json\/wp\/v2\/posts"}],"about":[{"href":"https:\/\/www.eldiario.net\/portal\/wp-json\/wp\/v2\/types\/post"}],"author":[{"embeddable":true,"href":"https:\/\/www.eldiario.net\/portal\/wp-json\/wp\/v2\/users\/1"}],"replies":[{"embeddable":true,"href":"https:\/\/www.eldiario.net\/portal\/wp-json\/wp\/v2\/comments?post=230540"}],"version-history":[{"count":1,"href":"https:\/\/www.eldiario.net\/portal\/wp-json\/wp\/v2\/posts\/230540\/revisions"}],"predecessor-version":[{"id":230542,"href":"https:\/\/www.eldiario.net\/portal\/wp-json\/wp\/v2\/posts\/230540\/revisions\/230542"}],"wp:featuredmedia":[{"embeddable":true,"href":"https:\/\/www.eldiario.net\/portal\/wp-json\/wp\/v2\/media\/230541"}],"wp:attachment":[{"href":"https:\/\/www.eldiario.net\/portal\/wp-json\/wp\/v2\/media?parent=230540"}],"wp:term":[{"taxonomy":"category","embeddable":true,"href":"https:\/\/www.eldiario.net\/portal\/wp-json\/wp\/v2\/categories?post=230540"},{"taxonomy":"post_tag","embeddable":true,"href":"https:\/\/www.eldiario.net\/portal\/wp-json\/wp\/v2\/tags?post=230540"}],"curies":[{"name":"wp","href":"https:\/\/api.w.org\/{rel}","templated":true}]}}