{"id":230537,"date":"2024-06-29T07:20:30","date_gmt":"2024-06-29T11:20:30","guid":{"rendered":"https:\/\/www.eldiario.net\/portal\/?p=230537"},"modified":"2024-06-29T07:20:30","modified_gmt":"2024-06-29T11:20:30","slug":"proyectos-de-energias-renovables-requieren-propuestas-serias","status":"publish","type":"post","link":"https:\/\/www.eldiario.net\/portal\/2024\/06\/29\/proyectos-de-energias-renovables-requieren-propuestas-serias\/","title":{"rendered":"Proyectos de energ\u00edas renovables requieren propuestas serias"},"content":{"rendered":"<p>El acceso a fuentes de financiamiento clim\u00e1tico requiere proyectos \u201ct\u00e9cnicamente robustos\u201d y financieramente \u201cbien dise\u00f1ados\u201d, concluyeron autoridades del Ministerio de Hidrocarburos y Energ\u00edas, la cooperaci\u00f3n internacional, empresarios y expertos nacionales y extranjeros, en el Foro de Transici\u00f3n Energ\u00e9tica Bolivia 2050, que se lleva a cabo en Santa Cruz.<br \/>\nSeg\u00fan un reporte institucional, el Viceministerio de Planificaci\u00f3n y Coordinaci\u00f3n, dependiente del Ministerio de Planificaci\u00f3n del Desarrollo, es la autoridad designada por el Gobierno nacional ante los fondos de financiamiento clim\u00e1tico.<br \/>\nEn ese sentido, la delegada por esa repartici\u00f3n Gabriela Monje, inform\u00f3 que se desarrollaron diferentes estrategias para fortalecer este proceso de formulaci\u00f3n de proyectos clim\u00e1ticos.<br \/>\nEntre esas estrategias se contemplan, principalmente, los procesos de capacitaci\u00f3n que profundizan el conocimiento de los requisitos que se solicitan por parte del Fondo para el Medio Ambiente Mundial, el Fondo Verde para el Clima y el Fondo de Adaptaci\u00f3n.<br \/>\n\u201cLos fondos son muy estrictos en la revisi\u00f3n de las propuestas y las mismas tienen que contar con una calidad t\u00e9cnica de alto nivel. Por ello se busca generar estas capacidades, no \u00fanicamente en los servidores p\u00fablicos sino en los profesionales a nivel nacional\u201d, explic\u00f3.<br \/>\nPor su lado, la representante del Banco Interamericano de Desarrollo (BID), Julia Johannsen, indic\u00f3 que el financiamiento clim\u00e1tico se define por su destino y no por su fuente.<br \/>\nA nivel internacional, la mayor parte de este financiamiento proviene de fondos nacionales, movilizados y canalizados a trav\u00e9s de metodolog\u00edas y clasificaciones claras que contribuyen a la mitigaci\u00f3n o adaptaci\u00f3n. Las donaciones de fuentes externas representan un porcentaje muy peque\u00f1o.<br \/>\nAsimismo, mencion\u00f3 aspectos referidos a definir claramente sobre c\u00f3mo el proyecto contribuye a la mitigaci\u00f3n y adaptaci\u00f3n. Es clave para determinar si el proyecto realmente es clim\u00e1tico y, por lo tanto, elegible para recibir financiamiento clim\u00e1tico.<br \/>\nAdem\u00e1s, destac\u00f3 que existe un mercado donde los multilaterales y los fondos pueden premiar por hacer bien las cosas, por tener \u201cproyectos robustos\u201d que expliquen bien la narrativa de c\u00f3mo, con esos recursos, se reducir\u00e1n emisiones o se incrementar\u00e1 la resiliencia.<br \/>\n\u201cLos beneficios son m\u00faltiples porque el cambio clim\u00e1tico es un factor importante en el proceso de desarrollo de los pa\u00edses\u201d, se\u00f1al\u00f3.<br \/>\nEntretanto, el representante del Programa de Naciones Unidas para el Desarrollo (PNUD), Denis Funes, mencion\u00f3 que el financiamiento clim\u00e1tico permiti\u00f3 a este organismo colaborar con socios no tradicionales y utilizar una diversidad de fuentes, tanto privadas como p\u00fablicas, internacionales y locales.<br \/>\n\u201cLas finanzas p\u00fablicas desempe\u00f1an un papel crucial en este proceso, destacando la importancia de una variedad de capitales en el financiamiento para el desarrollo\u201d, a\u00f1adi\u00f3.<br \/>\nEn Bolivia, durante casi cinco a\u00f1os y en medio de la pandemia, se comenz\u00f3 a hablar con Compacto Global sobre la necesidad de crear una mesa de finanzas sostenibles para discutir estos temas. Esto despert\u00f3 el inter\u00e9s del sector financiero, incluyendo la banca privada, la banca de desarrollo nacional (BDP), la Bolsa Boliviana de Valores, administradoras de fondos de inversi\u00f3n, compa\u00f1\u00edas de seguros y bancos de desarrollo como el BID, el Banco Mundial y la CAF.<br \/>\nAs\u00ed, se gener\u00f3 un conjunto de actores del ecosistema de financiamiento clim\u00e1tico para abordar estos elementos.<br \/>\nA su turno, la representante del Banco Mundial en Bolivia, Camille Nuamah, destac\u00f3 la importancia del Foro Transici\u00f3n Energ\u00e9tica Bolivia 2050 porque re\u00fane a diversos actores para discutir la transformaci\u00f3n energ\u00e9tica.<br \/>\nSe\u00f1al\u00f3 que el organismo se enfoca en apoyar a los pa\u00edses para acceder a financiamiento clim\u00e1tico.<br \/>\nEsto implica, dijo, entender las diversas fuentes globales de financiamiento, que incluyen fondos p\u00fablicos y multilaterales, as\u00ed como fondos privados que buscan inversiones verdes y cr\u00e9ditos de carbono. Estos fondos privados pueden ayudar a cumplir requisitos de emisiones y promover proyectos que reduzcan emisiones.<br \/>\n\u201cLos pa\u00edses que lograron una estrategia de financiamiento entendieron c\u00f3mo apalancar recursos. No es muy simple, es complicado, pero el Grupo Banco Mundial, y tambi\u00e9n con los otros socios multilaterales, est\u00e1 tratando de crear instrumentos que puedan apoyar a los pa\u00edses para acceder a ese tipo de fondos de manera m\u00e1s eficiente\u201d, sostuvo.<\/p>\n","protected":false},"excerpt":{"rendered":"<p>El acceso a fuentes de financiamiento clim\u00e1tico requiere proyectos \u201ct\u00e9cnicamente robustos\u201d y financieramente \u201cbien dise\u00f1ados\u201d, concluyeron autoridades del Ministerio de Hidrocarburos y Energ\u00edas, la cooperaci\u00f3n internacional, empresarios y expertos nacionales y extranjeros, en el Foro de Transici\u00f3n Energ\u00e9tica Bolivia 2050, que se lleva a cabo en Santa Cruz. Seg\u00fan un reporte institucional, el Viceministerio de [&hellip;]<\/p>\n","protected":false},"author":1,"featured_media":230538,"comment_status":"open","ping_status":"open","sticky":false,"template":"","format":"standard","meta":{"_acf_changed":false,"footnotes":""},"categories":[7],"tags":[],"class_list":["post-230537","post","type-post","status-publish","format-standard","has-post-thumbnail","category-economia"],"acf":{"antetitulo":""},"yoast_head":"<!-- This site is optimized with the Yoast SEO plugin v28.3 - https:\/\/yoast.com\/product\/yoast-seo-wordpress\/ -->\n<title>Proyectos de energ\u00edas renovables requieren propuestas serias - El Diario - Bolivia<\/title>\n<meta name=\"robots\" content=\"index, follow, max-snippet:-1, max-image-preview:large, max-video-preview:-1\" \/>\n<link rel=\"canonical\" href=\"https:\/\/www.eldiario.net\/portal\/2024\/06\/29\/proyectos-de-energias-renovables-requieren-propuestas-serias\/\" \/>\n<meta property=\"og:locale\" content=\"es_ES\" \/>\n<meta property=\"og:type\" content=\"article\" \/>\n<meta property=\"og:title\" content=\"Proyectos de energ\u00edas renovables requieren propuestas serias - El Diario - Bolivia\" \/>\n<meta property=\"og:description\" content=\"El acceso a fuentes de financiamiento clim\u00e1tico requiere proyectos \u201ct\u00e9cnicamente robustos\u201d y financieramente \u201cbien dise\u00f1ados\u201d, concluyeron autoridades del Ministerio de Hidrocarburos y Energ\u00edas, la cooperaci\u00f3n internacional, empresarios y expertos nacionales y extranjeros, en el Foro de Transici\u00f3n Energ\u00e9tica Bolivia 2050, que se lleva a cabo en Santa Cruz. Seg\u00fan un reporte institucional, el Viceministerio de [&hellip;]\" \/>\n<meta property=\"og:url\" content=\"https:\/\/www.eldiario.net\/portal\/2024\/06\/29\/proyectos-de-energias-renovables-requieren-propuestas-serias\/\" \/>\n<meta property=\"og:site_name\" content=\"El Diario - Bolivia\" \/>\n<meta property=\"article:publisher\" content=\"https:\/\/www.facebook.com\/eldiario.bolivia\/\" \/>\n<meta property=\"article:published_time\" content=\"2024-06-29T11:20:30+00:00\" \/>\n<meta property=\"og:image\" content=\"https:\/\/www.eldiario.net\/portal\/wp-content\/uploads\/2024\/06\/energia-1.jpg\" \/>\n\t<meta property=\"og:image:width\" content=\"1024\" \/>\n\t<meta property=\"og:image:height\" content=\"829\" \/>\n\t<meta property=\"og:image:type\" content=\"image\/jpeg\" \/>\n<meta name=\"author\" content=\"Jeanette\" \/>\n<meta name=\"twitter:card\" content=\"summary_large_image\" \/>\n<meta name=\"twitter:creator\" content=\"@eldiario_net\" \/>\n<meta name=\"twitter:site\" content=\"@eldiario_net\" \/>\n<meta name=\"twitter:label1\" content=\"Escrito por\" \/>\n\t<meta name=\"twitter:data1\" content=\"Jeanette\" \/>\n\t<meta name=\"twitter:label2\" content=\"Tiempo de lectura\" \/>\n\t<meta name=\"twitter:data2\" content=\"4 minutos\" \/>\n<script type=\"application\/ld+json\" class=\"yoast-schema-graph\">{\"@context\":\"https:\\\/\\\/schema.org\",\"@graph\":[{\"@type\":\"Article\",\"@id\":\"https:\\\/\\\/www.eldiario.net\\\/portal\\\/2024\\\/06\\\/29\\\/proyectos-de-energias-renovables-requieren-propuestas-serias\\\/#article\",\"isPartOf\":{\"@id\":\"https:\\\/\\\/www.eldiario.net\\\/portal\\\/2024\\\/06\\\/29\\\/proyectos-de-energias-renovables-requieren-propuestas-serias\\\/\"},\"author\":{\"name\":\"Jeanette\",\"@id\":\"https:\\\/\\\/www.eldiario.net\\\/portal\\\/#\\\/schema\\\/person\\\/f46445640444750d7d753ccd04ae01b7\"},\"headline\":\"Proyectos de energ\u00edas renovables requieren propuestas serias\",\"datePublished\":\"2024-06-29T11:20:30+00:00\",\"mainEntityOfPage\":{\"@id\":\"https:\\\/\\\/www.eldiario.net\\\/portal\\\/2024\\\/06\\\/29\\\/proyectos-de-energias-renovables-requieren-propuestas-serias\\\/\"},\"wordCount\":726,\"commentCount\":0,\"publisher\":{\"@id\":\"https:\\\/\\\/www.eldiario.net\\\/portal\\\/#organization\"},\"image\":{\"@id\":\"https:\\\/\\\/www.eldiario.net\\\/portal\\\/2024\\\/06\\\/29\\\/proyectos-de-energias-renovables-requieren-propuestas-serias\\\/#primaryimage\"},\"thumbnailUrl\":\"https:\\\/\\\/www.eldiario.net\\\/portal\\\/wp-content\\\/uploads\\\/2024\\\/06\\\/energia-1.jpg\",\"articleSection\":[\"Econom\u00eda\"],\"inLanguage\":\"es\",\"potentialAction\":[{\"@type\":\"CommentAction\",\"name\":\"Comment\",\"target\":[\"https:\\\/\\\/www.eldiario.net\\\/portal\\\/2024\\\/06\\\/29\\\/proyectos-de-energias-renovables-requieren-propuestas-serias\\\/#respond\"]}]},{\"@type\":\"WebPage\",\"@id\":\"https:\\\/\\\/www.eldiario.net\\\/portal\\\/2024\\\/06\\\/29\\\/proyectos-de-energias-renovables-requieren-propuestas-serias\\\/\",\"url\":\"https:\\\/\\\/www.eldiario.net\\\/portal\\\/2024\\\/06\\\/29\\\/proyectos-de-energias-renovables-requieren-propuestas-serias\\\/\",\"name\":\"Proyectos de energ\u00edas renovables requieren propuestas serias - El Diario - Bolivia\",\"isPartOf\":{\"@id\":\"https:\\\/\\\/www.eldiario.net\\\/portal\\\/#website\"},\"primaryImageOfPage\":{\"@id\":\"https:\\\/\\\/www.eldiario.net\\\/portal\\\/2024\\\/06\\\/29\\\/proyectos-de-energias-renovables-requieren-propuestas-serias\\\/#primaryimage\"},\"image\":{\"@id\":\"https:\\\/\\\/www.eldiario.net\\\/portal\\\/2024\\\/06\\\/29\\\/proyectos-de-energias-renovables-requieren-propuestas-serias\\\/#primaryimage\"},\"thumbnailUrl\":\"https:\\\/\\\/www.eldiario.net\\\/portal\\\/wp-content\\\/uploads\\\/2024\\\/06\\\/energia-1.jpg\",\"datePublished\":\"2024-06-29T11:20:30+00:00\",\"breadcrumb\":{\"@id\":\"https:\\\/\\\/www.eldiario.net\\\/portal\\\/2024\\\/06\\\/29\\\/proyectos-de-energias-renovables-requieren-propuestas-serias\\\/#breadcrumb\"},\"inLanguage\":\"es\",\"potentialAction\":[{\"@type\":\"ReadAction\",\"target\":[\"https:\\\/\\\/www.eldiario.net\\\/portal\\\/2024\\\/06\\\/29\\\/proyectos-de-energias-renovables-requieren-propuestas-serias\\\/\"]}]},{\"@type\":\"ImageObject\",\"inLanguage\":\"es\",\"@id\":\"https:\\\/\\\/www.eldiario.net\\\/portal\\\/2024\\\/06\\\/29\\\/proyectos-de-energias-renovables-requieren-propuestas-serias\\\/#primaryimage\",\"url\":\"https:\\\/\\\/www.eldiario.net\\\/portal\\\/wp-content\\\/uploads\\\/2024\\\/06\\\/energia-1.jpg\",\"contentUrl\":\"https:\\\/\\\/www.eldiario.net\\\/portal\\\/wp-content\\\/uploads\\\/2024\\\/06\\\/energia-1.jpg\",\"width\":1024,\"height\":829,\"caption\":\"representantes de organismos internacionales\"},{\"@type\":\"BreadcrumbList\",\"@id\":\"https:\\\/\\\/www.eldiario.net\\\/portal\\\/2024\\\/06\\\/29\\\/proyectos-de-energias-renovables-requieren-propuestas-serias\\\/#breadcrumb\",\"itemListElement\":[{\"@type\":\"ListItem\",\"position\":1,\"name\":\"Portada\",\"item\":\"https:\\\/\\\/www.eldiario.net\\\/portal\\\/\"},{\"@type\":\"ListItem\",\"position\":2,\"name\":\"Proyectos de energ\u00edas renovables requieren propuestas serias\"}]},{\"@type\":\"WebSite\",\"@id\":\"https:\\\/\\\/www.eldiario.net\\\/portal\\\/#website\",\"url\":\"https:\\\/\\\/www.eldiario.net\\\/portal\\\/\",\"name\":\"El Diario - Decano de la prensa nacional\",\"description\":\"El Diario - Decano de la prensa nacional\",\"publisher\":{\"@id\":\"https:\\\/\\\/www.eldiario.net\\\/portal\\\/#organization\"},\"potentialAction\":[{\"@type\":\"SearchAction\",\"target\":{\"@type\":\"EntryPoint\",\"urlTemplate\":\"https:\\\/\\\/www.eldiario.net\\\/portal\\\/?s={search_term_string}\"},\"query-input\":{\"@type\":\"PropertyValueSpecification\",\"valueRequired\":true,\"valueName\":\"search_term_string\"}}],\"inLanguage\":\"es\"},{\"@type\":\"Organization\",\"@id\":\"https:\\\/\\\/www.eldiario.net\\\/portal\\\/#organization\",\"name\":\"El Diario - Decano de la prensa nacional\",\"url\":\"https:\\\/\\\/www.eldiario.net\\\/portal\\\/\",\"logo\":{\"@type\":\"ImageObject\",\"inLanguage\":\"es\",\"@id\":\"https:\\\/\\\/www.eldiario.net\\\/portal\\\/#\\\/schema\\\/logo\\\/image\\\/\",\"url\":\"https:\\\/\\\/www.eldiario.net\\\/portal\\\/wp-content\\\/uploads\\\/2023\\\/07\\\/logo_ED.jpg\",\"contentUrl\":\"https:\\\/\\\/www.eldiario.net\\\/portal\\\/wp-content\\\/uploads\\\/2023\\\/07\\\/logo_ED.jpg\",\"width\":272,\"height\":52,\"caption\":\"El Diario - Decano de la prensa nacional\"},\"image\":{\"@id\":\"https:\\\/\\\/www.eldiario.net\\\/portal\\\/#\\\/schema\\\/logo\\\/image\\\/\"},\"sameAs\":[\"https:\\\/\\\/www.facebook.com\\\/eldiario.bolivia\\\/\",\"https:\\\/\\\/x.com\\\/eldiario_net\"]},{\"@type\":\"Person\",\"@id\":\"https:\\\/\\\/www.eldiario.net\\\/portal\\\/#\\\/schema\\\/person\\\/f46445640444750d7d753ccd04ae01b7\",\"name\":\"Jeanette\",\"image\":{\"@type\":\"ImageObject\",\"inLanguage\":\"es\",\"@id\":\"https:\\\/\\\/secure.gravatar.com\\\/avatar\\\/3ea2118a5f7dad2b7138b1187a6b7ee55f160b9968b66013c3a3ef39dd7e5798?s=96&d=mm&r=g\",\"url\":\"https:\\\/\\\/secure.gravatar.com\\\/avatar\\\/3ea2118a5f7dad2b7138b1187a6b7ee55f160b9968b66013c3a3ef39dd7e5798?s=96&d=mm&r=g\",\"contentUrl\":\"https:\\\/\\\/secure.gravatar.com\\\/avatar\\\/3ea2118a5f7dad2b7138b1187a6b7ee55f160b9968b66013c3a3ef39dd7e5798?s=96&d=mm&r=g\",\"caption\":\"Jeanette\"},\"sameAs\":[\"https:\\\/\\\/www.eldiario.net\\\/portal\"],\"url\":\"https:\\\/\\\/www.eldiario.net\\\/portal\\\/author\\\/jeanette\\\/\"}]}<\/script>\n<!-- \/ Yoast SEO plugin. -->","yoast_head_json":{"title":"Proyectos de energ\u00edas renovables requieren propuestas serias - El Diario - Bolivia","robots":{"index":"index","follow":"follow","max-snippet":"max-snippet:-1","max-image-preview":"max-image-preview:large","max-video-preview":"max-video-preview:-1"},"canonical":"https:\/\/www.eldiario.net\/portal\/2024\/06\/29\/proyectos-de-energias-renovables-requieren-propuestas-serias\/","og_locale":"es_ES","og_type":"article","og_title":"Proyectos de energ\u00edas renovables requieren propuestas serias - El Diario - Bolivia","og_description":"El acceso a fuentes de financiamiento clim\u00e1tico requiere proyectos \u201ct\u00e9cnicamente robustos\u201d y financieramente \u201cbien dise\u00f1ados\u201d, concluyeron autoridades del Ministerio de Hidrocarburos y Energ\u00edas, la cooperaci\u00f3n internacional, empresarios y expertos nacionales y extranjeros, en el Foro de Transici\u00f3n Energ\u00e9tica Bolivia 2050, que se lleva a cabo en Santa Cruz. Seg\u00fan un reporte institucional, el Viceministerio de [&hellip;]","og_url":"https:\/\/www.eldiario.net\/portal\/2024\/06\/29\/proyectos-de-energias-renovables-requieren-propuestas-serias\/","og_site_name":"El Diario - Bolivia","article_publisher":"https:\/\/www.facebook.com\/eldiario.bolivia\/","article_published_time":"2024-06-29T11:20:30+00:00","og_image":[{"width":1024,"height":829,"url":"https:\/\/www.eldiario.net\/portal\/wp-content\/uploads\/2024\/06\/energia-1.jpg","type":"image\/jpeg"}],"author":"Jeanette","twitter_card":"summary_large_image","twitter_creator":"@eldiario_net","twitter_site":"@eldiario_net","twitter_misc":{"Escrito por":"Jeanette","Tiempo de lectura":"4 minutos"},"schema":{"@context":"https:\/\/schema.org","@graph":[{"@type":"Article","@id":"https:\/\/www.eldiario.net\/portal\/2024\/06\/29\/proyectos-de-energias-renovables-requieren-propuestas-serias\/#article","isPartOf":{"@id":"https:\/\/www.eldiario.net\/portal\/2024\/06\/29\/proyectos-de-energias-renovables-requieren-propuestas-serias\/"},"author":{"name":"Jeanette","@id":"https:\/\/www.eldiario.net\/portal\/#\/schema\/person\/f46445640444750d7d753ccd04ae01b7"},"headline":"Proyectos de energ\u00edas renovables requieren propuestas serias","datePublished":"2024-06-29T11:20:30+00:00","mainEntityOfPage":{"@id":"https:\/\/www.eldiario.net\/portal\/2024\/06\/29\/proyectos-de-energias-renovables-requieren-propuestas-serias\/"},"wordCount":726,"commentCount":0,"publisher":{"@id":"https:\/\/www.eldiario.net\/portal\/#organization"},"image":{"@id":"https:\/\/www.eldiario.net\/portal\/2024\/06\/29\/proyectos-de-energias-renovables-requieren-propuestas-serias\/#primaryimage"},"thumbnailUrl":"https:\/\/www.eldiario.net\/portal\/wp-content\/uploads\/2024\/06\/energia-1.jpg","articleSection":["Econom\u00eda"],"inLanguage":"es","potentialAction":[{"@type":"CommentAction","name":"Comment","target":["https:\/\/www.eldiario.net\/portal\/2024\/06\/29\/proyectos-de-energias-renovables-requieren-propuestas-serias\/#respond"]}]},{"@type":"WebPage","@id":"https:\/\/www.eldiario.net\/portal\/2024\/06\/29\/proyectos-de-energias-renovables-requieren-propuestas-serias\/","url":"https:\/\/www.eldiario.net\/portal\/2024\/06\/29\/proyectos-de-energias-renovables-requieren-propuestas-serias\/","name":"Proyectos de energ\u00edas renovables requieren propuestas serias - El Diario - Bolivia","isPartOf":{"@id":"https:\/\/www.eldiario.net\/portal\/#website"},"primaryImageOfPage":{"@id":"https:\/\/www.eldiario.net\/portal\/2024\/06\/29\/proyectos-de-energias-renovables-requieren-propuestas-serias\/#primaryimage"},"image":{"@id":"https:\/\/www.eldiario.net\/portal\/2024\/06\/29\/proyectos-de-energias-renovables-requieren-propuestas-serias\/#primaryimage"},"thumbnailUrl":"https:\/\/www.eldiario.net\/portal\/wp-content\/uploads\/2024\/06\/energia-1.jpg","datePublished":"2024-06-29T11:20:30+00:00","breadcrumb":{"@id":"https:\/\/www.eldiario.net\/portal\/2024\/06\/29\/proyectos-de-energias-renovables-requieren-propuestas-serias\/#breadcrumb"},"inLanguage":"es","potentialAction":[{"@type":"ReadAction","target":["https:\/\/www.eldiario.net\/portal\/2024\/06\/29\/proyectos-de-energias-renovables-requieren-propuestas-serias\/"]}]},{"@type":"ImageObject","inLanguage":"es","@id":"https:\/\/www.eldiario.net\/portal\/2024\/06\/29\/proyectos-de-energias-renovables-requieren-propuestas-serias\/#primaryimage","url":"https:\/\/www.eldiario.net\/portal\/wp-content\/uploads\/2024\/06\/energia-1.jpg","contentUrl":"https:\/\/www.eldiario.net\/portal\/wp-content\/uploads\/2024\/06\/energia-1.jpg","width":1024,"height":829,"caption":"representantes de organismos internacionales"},{"@type":"BreadcrumbList","@id":"https:\/\/www.eldiario.net\/portal\/2024\/06\/29\/proyectos-de-energias-renovables-requieren-propuestas-serias\/#breadcrumb","itemListElement":[{"@type":"ListItem","position":1,"name":"Portada","item":"https:\/\/www.eldiario.net\/portal\/"},{"@type":"ListItem","position":2,"name":"Proyectos de energ\u00edas renovables requieren propuestas serias"}]},{"@type":"WebSite","@id":"https:\/\/www.eldiario.net\/portal\/#website","url":"https:\/\/www.eldiario.net\/portal\/","name":"El Diario - Decano de la prensa nacional","description":"El Diario - Decano de la prensa nacional","publisher":{"@id":"https:\/\/www.eldiario.net\/portal\/#organization"},"potentialAction":[{"@type":"SearchAction","target":{"@type":"EntryPoint","urlTemplate":"https:\/\/www.eldiario.net\/portal\/?s={search_term_string}"},"query-input":{"@type":"PropertyValueSpecification","valueRequired":true,"valueName":"search_term_string"}}],"inLanguage":"es"},{"@type":"Organization","@id":"https:\/\/www.eldiario.net\/portal\/#organization","name":"El Diario - Decano de la prensa nacional","url":"https:\/\/www.eldiario.net\/portal\/","logo":{"@type":"ImageObject","inLanguage":"es","@id":"https:\/\/www.eldiario.net\/portal\/#\/schema\/logo\/image\/","url":"https:\/\/www.eldiario.net\/portal\/wp-content\/uploads\/2023\/07\/logo_ED.jpg","contentUrl":"https:\/\/www.eldiario.net\/portal\/wp-content\/uploads\/2023\/07\/logo_ED.jpg","width":272,"height":52,"caption":"El Diario - Decano de la prensa nacional"},"image":{"@id":"https:\/\/www.eldiario.net\/portal\/#\/schema\/logo\/image\/"},"sameAs":["https:\/\/www.facebook.com\/eldiario.bolivia\/","https:\/\/x.com\/eldiario_net"]},{"@type":"Person","@id":"https:\/\/www.eldiario.net\/portal\/#\/schema\/person\/f46445640444750d7d753ccd04ae01b7","name":"Jeanette","image":{"@type":"ImageObject","inLanguage":"es","@id":"https:\/\/secure.gravatar.com\/avatar\/3ea2118a5f7dad2b7138b1187a6b7ee55f160b9968b66013c3a3ef39dd7e5798?s=96&d=mm&r=g","url":"https:\/\/secure.gravatar.com\/avatar\/3ea2118a5f7dad2b7138b1187a6b7ee55f160b9968b66013c3a3ef39dd7e5798?s=96&d=mm&r=g","contentUrl":"https:\/\/secure.gravatar.com\/avatar\/3ea2118a5f7dad2b7138b1187a6b7ee55f160b9968b66013c3a3ef39dd7e5798?s=96&d=mm&r=g","caption":"Jeanette"},"sameAs":["https:\/\/www.eldiario.net\/portal"],"url":"https:\/\/www.eldiario.net\/portal\/author\/jeanette\/"}]}},"_links":{"self":[{"href":"https:\/\/www.eldiario.net\/portal\/wp-json\/wp\/v2\/posts\/230537","targetHints":{"allow":["GET"]}}],"collection":[{"href":"https:\/\/www.eldiario.net\/portal\/wp-json\/wp\/v2\/posts"}],"about":[{"href":"https:\/\/www.eldiario.net\/portal\/wp-json\/wp\/v2\/types\/post"}],"author":[{"embeddable":true,"href":"https:\/\/www.eldiario.net\/portal\/wp-json\/wp\/v2\/users\/1"}],"replies":[{"embeddable":true,"href":"https:\/\/www.eldiario.net\/portal\/wp-json\/wp\/v2\/comments?post=230537"}],"version-history":[{"count":1,"href":"https:\/\/www.eldiario.net\/portal\/wp-json\/wp\/v2\/posts\/230537\/revisions"}],"predecessor-version":[{"id":230539,"href":"https:\/\/www.eldiario.net\/portal\/wp-json\/wp\/v2\/posts\/230537\/revisions\/230539"}],"wp:featuredmedia":[{"embeddable":true,"href":"https:\/\/www.eldiario.net\/portal\/wp-json\/wp\/v2\/media\/230538"}],"wp:attachment":[{"href":"https:\/\/www.eldiario.net\/portal\/wp-json\/wp\/v2\/media?parent=230537"}],"wp:term":[{"taxonomy":"category","embeddable":true,"href":"https:\/\/www.eldiario.net\/portal\/wp-json\/wp\/v2\/categories?post=230537"},{"taxonomy":"post_tag","embeddable":true,"href":"https:\/\/www.eldiario.net\/portal\/wp-json\/wp\/v2\/tags?post=230537"}],"curies":[{"name":"wp","href":"https:\/\/api.w.org\/{rel}","templated":true}]}}