{"id":230530,"date":"2024-06-29T07:18:07","date_gmt":"2024-06-29T11:18:07","guid":{"rendered":"https:\/\/www.eldiario.net\/portal\/?p=230530"},"modified":"2024-06-29T07:18:16","modified_gmt":"2024-06-29T11:18:16","slug":"pese-al-respaldo-imagen-del-pais-esta-por-los-suelos","status":"publish","type":"post","link":"https:\/\/www.eldiario.net\/portal\/2024\/06\/29\/pese-al-respaldo-imagen-del-pais-esta-por-los-suelos\/","title":{"rendered":"Pese al respaldo, imagen del pa\u00eds est\u00e1 \u201cpor los suelos\u201d"},"content":{"rendered":"<p>Insistiendo convocar a la ciudadan\u00eda para pronunciarse en demanda de soluciones a la delicada situaci\u00f3n econ\u00f3mica por la que atraviesa pa\u00eds, miembros del Comit\u00e9 Nacional de Defensa de la Democracia (Conade) y representantes de plataformas ciudadanas, observan que, pese al respaldo de la comunidad internacional en rechazo al supuesto golpe de Estado fallido, la imagen del pa\u00eds \u201cest\u00e1 por los suelos\u201d.<br \/>\nEn declaraciones a medios de prensa en Kil\u00f3metro Cero, Marco Quiroga, miembro del Conade, pidi\u00f3 que autoridades centren sus esfuerzos en atender la preocupante crisis por la falta de d\u00f3lares y la escasez de diferentes productos, dejando que sean las instancias correspondientes las encargadas de investigar los hechos en torno al supuesto golpe de Estado fallido producido esta semana en la Sede de Gobierno.<br \/>\nSeg\u00fan el activista por la democracia, luego de las acciones militares registradas el mi\u00e9rcoles en La Paz, no solo se generaron repercusiones en el \u00e1mbito pol\u00edtico, sino que, producto de aquello tambi\u00e9n se provoc\u00f3 una ola especulativa en los mercados y en el precio no oficial del d\u00f3lar, hecho que agrava m\u00e1s la crisis econ\u00f3mica del pa\u00eds.<br \/>\nEn ese sentido, reiterando que solo con una investigaci\u00f3n transparente se lograr\u00e1 establecer la verdad de los hechos en este tema, Quiroga expres\u00f3 su preocupaci\u00f3n por la imagen que se genera desde el pa\u00eds hacia la comunidad internacional, asegurando que, pese al apoyo un\u00e1nime recibido como rechazo a una posible interrupci\u00f3n del orden constitucional en Bolivia, la imagen del pa\u00eds ha quedado seriamente da\u00f1ada.<br \/>\n\u201cEl se\u00f1or que est\u00e1 en la OEA como embajador (H\u00e9ctor Arce Zaconeta) ha agradecido a la comunidad internacional por un respaldo al actual Presidente, pero nuestra imagen, nuestra democracia, el poder del pueblo est\u00e1 por los suelos\u201d, indic\u00f3 Quiroga.<br \/>\nAgreg\u00f3 que, este tipo de actos \u201cirresponsables\u201d hacen que el pa\u00eds no sea bien visto en la regi\u00f3n y en gran parte del mundo, descartando el apoyo que se pueda captar de Estados alineados a la corriente ideol\u00f3gica que promueve el gobierno masista.<br \/>\n\u201cObviamente pa\u00edses como Nicaragua, Cuba, Venezuela y Rusia est\u00e1n apoyando, pero pa\u00edses lim\u00edtrofes no est\u00e1n expresando ese mismo tipo de apoyo. La imagen de nuestro pa\u00eds est\u00e1 por los suelos\u201d, sostuvo.<br \/>\nAl respecto, el diputado por la agrupaci\u00f3n Creemos, Walthy Eg\u00fcez, afirm\u00f3 que tras un \u201cabsurdo de golpe de Estado\u201d, montado por el Gobierno como salida de fuerza a la ineptitud y negligencia demostrada en el manejo de la crisis, ha terminado con la poca credibilidad que le quedaba al Estado boliviano ante la comunidad internacional y dentro de la propia poblaci\u00f3n.<br \/>\n\u201cLas extensas y forzadas explicaciones del Gobierno mediante los ministros de la Presidencia, Mar\u00eda Nela Prada, y Edmundo Novillo, de Defensa, intentando convencer medi\u00e1ticamente que su golpe de Estado fue real, tambi\u00e9n fracasaron, la poblaci\u00f3n ha vuelto a las preocupaciones cotidianas en un contexto pol\u00edtico m\u00e1s agravado por la falta de seriedad del Gobierno\u201d, indic\u00f3.<br \/>\nA decir del legislador, si hasta antes del enga\u00f1o perpetrado por el gobierno del MAS el pa\u00eds ten\u00eda, al menos, la posibilidad de recurrir al apoyo crediticio de los \u00f3rganos externos \u201ccon esta monumental demostraci\u00f3n de mediocridad del presidente Luis Arce\u201d, los organismos internacionales justificadamente cerrar\u00edan las puertas a Bolivia ante cualquier pedido de ayuda crediticia.<br \/>\n\u201cEsta irracional actitud del Presidente muestra su miedo y cobard\u00eda para enfrentar a un pueblo que exige respeto a la democracia y su falta de capacidad para dar soluci\u00f3n a los graves problemas estructurales que han llevado al pa\u00eds a la quiebra financiera. En lugar de subir su popularidad, m\u00e1s bien ha terminado de hundirla\u201d, enfatiz\u00f3.<br \/>\nEn este contexto se\u00f1al\u00f3 que \u201calarma al pa\u00eds la desfachatez con la que ponen en entredicho al Estado boliviano\u201d, complicando m\u00e1s a\u00fan el escenario pol\u00edtico. \u201cLa falta de d\u00f3lares contin\u00faa, el precio de la canasta familiar se dispara, no solucionan la crisis de hidrocarburos, el narcotr\u00e1fico se campea en tierras bolivianas, la poblaci\u00f3n sigue clamando por fuentes de empleo, \u00e9stos son los problemas que un gobierno serio, responsable y democr\u00e1tico debe resolver\u201d, indic\u00f3.<br \/>\nQuiroga coincidi\u00f3 con estos criterios, reprochando que se haya tratado de usar el supuesto golpe del mi\u00e9rcoles como una maniobra para subir la popularidad presidencial mediante un \u201cbochorno\u201d que no logr\u00f3 enga\u00f1ar a la poblaci\u00f3n, por el contrario, solo se provoc\u00f3 una psicosis colectiva.<br \/>\n\u201cSe\u00f1or Arce Catacora, usted dice que defiende la democracia pero tambi\u00e9n defienda la econom\u00eda, d\u00e9 una vez soluciones. De lo que ha pasado el d\u00eda mi\u00e9rcoles que se ocupe la justicia y la justicia militar\u201d, concluy\u00f3.<br \/>\nEl jueves, tras el fallido supuesto golpe de Estado en el centro del poder pol\u00edtico del pa\u00eds, la Organizaci\u00f3n de Estados Americanos (OEA) aprob\u00f3 una resoluci\u00f3n condenando \u201cen\u00e9rgicamente\u201d el \u201cdespliegue ilegal de unidades del Ej\u00e9rcito\u201d en La Paz y enviando un mensaje de apoyo al gobierno del presidente Arce.<br \/>\nLa resoluci\u00f3n, aprobada por aclamaci\u00f3n, fue producto de la preocupaci\u00f3n por la situaci\u00f3n interna del pa\u00eds tras una intentona golpista liderada por el excomandante del Ej\u00e9rcito, Juan Jos\u00e9 Z\u00fa\u00f1iga, recordando que la Carta Democr\u00e1tica Interamericana, establece la subordinaci\u00f3n constitucional de todas las instituciones del Estado a la autoridad civil legalmente constituida.<\/p>\n","protected":false},"excerpt":{"rendered":"<p>Insistiendo convocar a la ciudadan\u00eda para pronunciarse en demanda de soluciones a la delicada situaci\u00f3n econ\u00f3mica por la que atraviesa pa\u00eds, miembros del Comit\u00e9 Nacional de Defensa de la Democracia (Conade) y representantes de plataformas ciudadanas, observan que, pese al respaldo de la comunidad internacional en rechazo al supuesto golpe de Estado fallido, la imagen [&hellip;]<\/p>\n","protected":false},"author":1,"featured_media":230531,"comment_status":"open","ping_status":"open","sticky":false,"template":"","format":"standard","meta":{"_acf_changed":false,"footnotes":""},"categories":[14],"tags":[],"class_list":["post-230530","post","type-post","status-publish","format-standard","has-post-thumbnail","category-politica"],"acf":{"antetitulo":"Conade y Plataformas"},"yoast_head":"<!-- This site is optimized with the Yoast SEO plugin v28.4 - https:\/\/yoast.com\/product\/yoast-seo-wordpress\/ -->\n<title>Pese al respaldo, imagen del pa\u00eds est\u00e1 \u201cpor los suelos\u201d - El Diario - Bolivia<\/title>\n<meta name=\"robots\" content=\"index, follow, max-snippet:-1, max-image-preview:large, max-video-preview:-1\" \/>\n<link rel=\"canonical\" href=\"https:\/\/www.eldiario.net\/portal\/2024\/06\/29\/pese-al-respaldo-imagen-del-pais-esta-por-los-suelos\/\" \/>\n<meta property=\"og:locale\" content=\"es_ES\" \/>\n<meta property=\"og:type\" content=\"article\" \/>\n<meta property=\"og:title\" content=\"Pese al respaldo, imagen del pa\u00eds est\u00e1 \u201cpor los suelos\u201d - El Diario - Bolivia\" \/>\n<meta property=\"og:description\" content=\"Insistiendo convocar a la ciudadan\u00eda para pronunciarse en demanda de soluciones a la delicada situaci\u00f3n econ\u00f3mica por la que atraviesa pa\u00eds, miembros del Comit\u00e9 Nacional de Defensa de la Democracia (Conade) y representantes de plataformas ciudadanas, observan que, pese al respaldo de la comunidad internacional en rechazo al supuesto golpe de Estado fallido, la imagen [&hellip;]\" \/>\n<meta property=\"og:url\" content=\"https:\/\/www.eldiario.net\/portal\/2024\/06\/29\/pese-al-respaldo-imagen-del-pais-esta-por-los-suelos\/\" \/>\n<meta property=\"og:site_name\" content=\"El Diario - Bolivia\" \/>\n<meta property=\"article:publisher\" content=\"https:\/\/www.facebook.com\/eldiario.bolivia\/\" \/>\n<meta property=\"article:published_time\" content=\"2024-06-29T11:18:07+00:00\" \/>\n<meta property=\"article:modified_time\" content=\"2024-06-29T11:18:16+00:00\" \/>\n<meta property=\"og:image\" content=\"https:\/\/www.eldiario.net\/portal\/wp-content\/uploads\/2024\/06\/40-POL-16.jpg\" \/>\n\t<meta property=\"og:image:width\" content=\"1501\" \/>\n\t<meta property=\"og:image:height\" content=\"981\" \/>\n\t<meta property=\"og:image:type\" content=\"image\/jpeg\" \/>\n<meta name=\"author\" content=\"Jeanette\" \/>\n<meta name=\"twitter:card\" content=\"summary_large_image\" \/>\n<meta name=\"twitter:creator\" content=\"@eldiario_net\" \/>\n<meta name=\"twitter:site\" content=\"@eldiario_net\" \/>\n<meta name=\"twitter:label1\" content=\"Escrito por\" \/>\n\t<meta name=\"twitter:data1\" content=\"Jeanette\" \/>\n\t<meta name=\"twitter:label2\" content=\"Tiempo de lectura\" \/>\n\t<meta name=\"twitter:data2\" content=\"5 minutos\" \/>\n<script type=\"application\/ld+json\" class=\"yoast-schema-graph\">{\"@context\":\"https:\\\/\\\/schema.org\",\"@graph\":[{\"@type\":\"Article\",\"@id\":\"https:\\\/\\\/www.eldiario.net\\\/portal\\\/2024\\\/06\\\/29\\\/pese-al-respaldo-imagen-del-pais-esta-por-los-suelos\\\/#article\",\"isPartOf\":{\"@id\":\"https:\\\/\\\/www.eldiario.net\\\/portal\\\/2024\\\/06\\\/29\\\/pese-al-respaldo-imagen-del-pais-esta-por-los-suelos\\\/\"},\"author\":{\"name\":\"Jeanette\",\"@id\":\"https:\\\/\\\/www.eldiario.net\\\/portal\\\/#\\\/schema\\\/person\\\/f46445640444750d7d753ccd04ae01b7\"},\"headline\":\"Pese al respaldo, imagen del pa\u00eds est\u00e1 \u201cpor los suelos\u201d\",\"datePublished\":\"2024-06-29T11:18:07+00:00\",\"dateModified\":\"2024-06-29T11:18:16+00:00\",\"mainEntityOfPage\":{\"@id\":\"https:\\\/\\\/www.eldiario.net\\\/portal\\\/2024\\\/06\\\/29\\\/pese-al-respaldo-imagen-del-pais-esta-por-los-suelos\\\/\"},\"wordCount\":935,\"commentCount\":0,\"publisher\":{\"@id\":\"https:\\\/\\\/www.eldiario.net\\\/portal\\\/#organization\"},\"image\":{\"@id\":\"https:\\\/\\\/www.eldiario.net\\\/portal\\\/2024\\\/06\\\/29\\\/pese-al-respaldo-imagen-del-pais-esta-por-los-suelos\\\/#primaryimage\"},\"thumbnailUrl\":\"https:\\\/\\\/www.eldiario.net\\\/portal\\\/wp-content\\\/uploads\\\/2024\\\/06\\\/40-POL-16.jpg\",\"articleSection\":[\"Pol\u00edtica\"],\"inLanguage\":\"es\",\"potentialAction\":[{\"@type\":\"CommentAction\",\"name\":\"Comment\",\"target\":[\"https:\\\/\\\/www.eldiario.net\\\/portal\\\/2024\\\/06\\\/29\\\/pese-al-respaldo-imagen-del-pais-esta-por-los-suelos\\\/#respond\"]}]},{\"@type\":\"WebPage\",\"@id\":\"https:\\\/\\\/www.eldiario.net\\\/portal\\\/2024\\\/06\\\/29\\\/pese-al-respaldo-imagen-del-pais-esta-por-los-suelos\\\/\",\"url\":\"https:\\\/\\\/www.eldiario.net\\\/portal\\\/2024\\\/06\\\/29\\\/pese-al-respaldo-imagen-del-pais-esta-por-los-suelos\\\/\",\"name\":\"Pese al respaldo, imagen del pa\u00eds est\u00e1 \u201cpor los suelos\u201d - El Diario - Bolivia\",\"isPartOf\":{\"@id\":\"https:\\\/\\\/www.eldiario.net\\\/portal\\\/#website\"},\"primaryImageOfPage\":{\"@id\":\"https:\\\/\\\/www.eldiario.net\\\/portal\\\/2024\\\/06\\\/29\\\/pese-al-respaldo-imagen-del-pais-esta-por-los-suelos\\\/#primaryimage\"},\"image\":{\"@id\":\"https:\\\/\\\/www.eldiario.net\\\/portal\\\/2024\\\/06\\\/29\\\/pese-al-respaldo-imagen-del-pais-esta-por-los-suelos\\\/#primaryimage\"},\"thumbnailUrl\":\"https:\\\/\\\/www.eldiario.net\\\/portal\\\/wp-content\\\/uploads\\\/2024\\\/06\\\/40-POL-16.jpg\",\"datePublished\":\"2024-06-29T11:18:07+00:00\",\"dateModified\":\"2024-06-29T11:18:16+00:00\",\"breadcrumb\":{\"@id\":\"https:\\\/\\\/www.eldiario.net\\\/portal\\\/2024\\\/06\\\/29\\\/pese-al-respaldo-imagen-del-pais-esta-por-los-suelos\\\/#breadcrumb\"},\"inLanguage\":\"es\",\"potentialAction\":[{\"@type\":\"ReadAction\",\"target\":[\"https:\\\/\\\/www.eldiario.net\\\/portal\\\/2024\\\/06\\\/29\\\/pese-al-respaldo-imagen-del-pais-esta-por-los-suelos\\\/\"]}]},{\"@type\":\"ImageObject\",\"inLanguage\":\"es\",\"@id\":\"https:\\\/\\\/www.eldiario.net\\\/portal\\\/2024\\\/06\\\/29\\\/pese-al-respaldo-imagen-del-pais-esta-por-los-suelos\\\/#primaryimage\",\"url\":\"https:\\\/\\\/www.eldiario.net\\\/portal\\\/wp-content\\\/uploads\\\/2024\\\/06\\\/40-POL-16.jpg\",\"contentUrl\":\"https:\\\/\\\/www.eldiario.net\\\/portal\\\/wp-content\\\/uploads\\\/2024\\\/06\\\/40-POL-16.jpg\",\"width\":1501,\"height\":981,\"caption\":\"Marco Quiroga, miembro del Conade.\"},{\"@type\":\"BreadcrumbList\",\"@id\":\"https:\\\/\\\/www.eldiario.net\\\/portal\\\/2024\\\/06\\\/29\\\/pese-al-respaldo-imagen-del-pais-esta-por-los-suelos\\\/#breadcrumb\",\"itemListElement\":[{\"@type\":\"ListItem\",\"position\":1,\"name\":\"Portada\",\"item\":\"https:\\\/\\\/www.eldiario.net\\\/portal\\\/\"},{\"@type\":\"ListItem\",\"position\":2,\"name\":\"Pese al respaldo, imagen del pa\u00eds est\u00e1 \u201cpor los suelos\u201d\"}]},{\"@type\":\"WebSite\",\"@id\":\"https:\\\/\\\/www.eldiario.net\\\/portal\\\/#website\",\"url\":\"https:\\\/\\\/www.eldiario.net\\\/portal\\\/\",\"name\":\"El Diario - Decano de la prensa nacional\",\"description\":\"El Diario - Decano de la prensa nacional\",\"publisher\":{\"@id\":\"https:\\\/\\\/www.eldiario.net\\\/portal\\\/#organization\"},\"potentialAction\":[{\"@type\":\"SearchAction\",\"target\":{\"@type\":\"EntryPoint\",\"urlTemplate\":\"https:\\\/\\\/www.eldiario.net\\\/portal\\\/?s={search_term_string}\"},\"query-input\":{\"@type\":\"PropertyValueSpecification\",\"valueRequired\":true,\"valueName\":\"search_term_string\"}}],\"inLanguage\":\"es\"},{\"@type\":\"Organization\",\"@id\":\"https:\\\/\\\/www.eldiario.net\\\/portal\\\/#organization\",\"name\":\"El Diario - Decano de la prensa nacional\",\"url\":\"https:\\\/\\\/www.eldiario.net\\\/portal\\\/\",\"logo\":{\"@type\":\"ImageObject\",\"inLanguage\":\"es\",\"@id\":\"https:\\\/\\\/www.eldiario.net\\\/portal\\\/#\\\/schema\\\/logo\\\/image\\\/\",\"url\":\"https:\\\/\\\/www.eldiario.net\\\/portal\\\/wp-content\\\/uploads\\\/2023\\\/07\\\/logo_ED.jpg\",\"contentUrl\":\"https:\\\/\\\/www.eldiario.net\\\/portal\\\/wp-content\\\/uploads\\\/2023\\\/07\\\/logo_ED.jpg\",\"width\":272,\"height\":52,\"caption\":\"El Diario - Decano de la prensa nacional\"},\"image\":{\"@id\":\"https:\\\/\\\/www.eldiario.net\\\/portal\\\/#\\\/schema\\\/logo\\\/image\\\/\"},\"sameAs\":[\"https:\\\/\\\/www.facebook.com\\\/eldiario.bolivia\\\/\",\"https:\\\/\\\/x.com\\\/eldiario_net\"]},{\"@type\":\"Person\",\"@id\":\"https:\\\/\\\/www.eldiario.net\\\/portal\\\/#\\\/schema\\\/person\\\/f46445640444750d7d753ccd04ae01b7\",\"name\":\"Jeanette\",\"image\":{\"@type\":\"ImageObject\",\"inLanguage\":\"es\",\"@id\":\"https:\\\/\\\/secure.gravatar.com\\\/avatar\\\/3ea2118a5f7dad2b7138b1187a6b7ee55f160b9968b66013c3a3ef39dd7e5798?s=96&d=mm&r=g\",\"url\":\"https:\\\/\\\/secure.gravatar.com\\\/avatar\\\/3ea2118a5f7dad2b7138b1187a6b7ee55f160b9968b66013c3a3ef39dd7e5798?s=96&d=mm&r=g\",\"contentUrl\":\"https:\\\/\\\/secure.gravatar.com\\\/avatar\\\/3ea2118a5f7dad2b7138b1187a6b7ee55f160b9968b66013c3a3ef39dd7e5798?s=96&d=mm&r=g\",\"caption\":\"Jeanette\"},\"sameAs\":[\"https:\\\/\\\/www.eldiario.net\\\/portal\"],\"url\":\"https:\\\/\\\/www.eldiario.net\\\/portal\\\/author\\\/jeanette\\\/\"}]}<\/script>\n<!-- \/ Yoast SEO plugin. -->","yoast_head_json":{"title":"Pese al respaldo, imagen del pa\u00eds est\u00e1 \u201cpor los suelos\u201d - El Diario - Bolivia","robots":{"index":"index","follow":"follow","max-snippet":"max-snippet:-1","max-image-preview":"max-image-preview:large","max-video-preview":"max-video-preview:-1"},"canonical":"https:\/\/www.eldiario.net\/portal\/2024\/06\/29\/pese-al-respaldo-imagen-del-pais-esta-por-los-suelos\/","og_locale":"es_ES","og_type":"article","og_title":"Pese al respaldo, imagen del pa\u00eds est\u00e1 \u201cpor los suelos\u201d - El Diario - Bolivia","og_description":"Insistiendo convocar a la ciudadan\u00eda para pronunciarse en demanda de soluciones a la delicada situaci\u00f3n econ\u00f3mica por la que atraviesa pa\u00eds, miembros del Comit\u00e9 Nacional de Defensa de la Democracia (Conade) y representantes de plataformas ciudadanas, observan que, pese al respaldo de la comunidad internacional en rechazo al supuesto golpe de Estado fallido, la imagen [&hellip;]","og_url":"https:\/\/www.eldiario.net\/portal\/2024\/06\/29\/pese-al-respaldo-imagen-del-pais-esta-por-los-suelos\/","og_site_name":"El Diario - Bolivia","article_publisher":"https:\/\/www.facebook.com\/eldiario.bolivia\/","article_published_time":"2024-06-29T11:18:07+00:00","article_modified_time":"2024-06-29T11:18:16+00:00","og_image":[{"width":1501,"height":981,"url":"https:\/\/www.eldiario.net\/portal\/wp-content\/uploads\/2024\/06\/40-POL-16.jpg","type":"image\/jpeg"}],"author":"Jeanette","twitter_card":"summary_large_image","twitter_creator":"@eldiario_net","twitter_site":"@eldiario_net","twitter_misc":{"Escrito por":"Jeanette","Tiempo de lectura":"5 minutos"},"schema":{"@context":"https:\/\/schema.org","@graph":[{"@type":"Article","@id":"https:\/\/www.eldiario.net\/portal\/2024\/06\/29\/pese-al-respaldo-imagen-del-pais-esta-por-los-suelos\/#article","isPartOf":{"@id":"https:\/\/www.eldiario.net\/portal\/2024\/06\/29\/pese-al-respaldo-imagen-del-pais-esta-por-los-suelos\/"},"author":{"name":"Jeanette","@id":"https:\/\/www.eldiario.net\/portal\/#\/schema\/person\/f46445640444750d7d753ccd04ae01b7"},"headline":"Pese al respaldo, imagen del pa\u00eds est\u00e1 \u201cpor los suelos\u201d","datePublished":"2024-06-29T11:18:07+00:00","dateModified":"2024-06-29T11:18:16+00:00","mainEntityOfPage":{"@id":"https:\/\/www.eldiario.net\/portal\/2024\/06\/29\/pese-al-respaldo-imagen-del-pais-esta-por-los-suelos\/"},"wordCount":935,"commentCount":0,"publisher":{"@id":"https:\/\/www.eldiario.net\/portal\/#organization"},"image":{"@id":"https:\/\/www.eldiario.net\/portal\/2024\/06\/29\/pese-al-respaldo-imagen-del-pais-esta-por-los-suelos\/#primaryimage"},"thumbnailUrl":"https:\/\/www.eldiario.net\/portal\/wp-content\/uploads\/2024\/06\/40-POL-16.jpg","articleSection":["Pol\u00edtica"],"inLanguage":"es","potentialAction":[{"@type":"CommentAction","name":"Comment","target":["https:\/\/www.eldiario.net\/portal\/2024\/06\/29\/pese-al-respaldo-imagen-del-pais-esta-por-los-suelos\/#respond"]}]},{"@type":"WebPage","@id":"https:\/\/www.eldiario.net\/portal\/2024\/06\/29\/pese-al-respaldo-imagen-del-pais-esta-por-los-suelos\/","url":"https:\/\/www.eldiario.net\/portal\/2024\/06\/29\/pese-al-respaldo-imagen-del-pais-esta-por-los-suelos\/","name":"Pese al respaldo, imagen del pa\u00eds est\u00e1 \u201cpor los suelos\u201d - El Diario - Bolivia","isPartOf":{"@id":"https:\/\/www.eldiario.net\/portal\/#website"},"primaryImageOfPage":{"@id":"https:\/\/www.eldiario.net\/portal\/2024\/06\/29\/pese-al-respaldo-imagen-del-pais-esta-por-los-suelos\/#primaryimage"},"image":{"@id":"https:\/\/www.eldiario.net\/portal\/2024\/06\/29\/pese-al-respaldo-imagen-del-pais-esta-por-los-suelos\/#primaryimage"},"thumbnailUrl":"https:\/\/www.eldiario.net\/portal\/wp-content\/uploads\/2024\/06\/40-POL-16.jpg","datePublished":"2024-06-29T11:18:07+00:00","dateModified":"2024-06-29T11:18:16+00:00","breadcrumb":{"@id":"https:\/\/www.eldiario.net\/portal\/2024\/06\/29\/pese-al-respaldo-imagen-del-pais-esta-por-los-suelos\/#breadcrumb"},"inLanguage":"es","potentialAction":[{"@type":"ReadAction","target":["https:\/\/www.eldiario.net\/portal\/2024\/06\/29\/pese-al-respaldo-imagen-del-pais-esta-por-los-suelos\/"]}]},{"@type":"ImageObject","inLanguage":"es","@id":"https:\/\/www.eldiario.net\/portal\/2024\/06\/29\/pese-al-respaldo-imagen-del-pais-esta-por-los-suelos\/#primaryimage","url":"https:\/\/www.eldiario.net\/portal\/wp-content\/uploads\/2024\/06\/40-POL-16.jpg","contentUrl":"https:\/\/www.eldiario.net\/portal\/wp-content\/uploads\/2024\/06\/40-POL-16.jpg","width":1501,"height":981,"caption":"Marco Quiroga, miembro del Conade."},{"@type":"BreadcrumbList","@id":"https:\/\/www.eldiario.net\/portal\/2024\/06\/29\/pese-al-respaldo-imagen-del-pais-esta-por-los-suelos\/#breadcrumb","itemListElement":[{"@type":"ListItem","position":1,"name":"Portada","item":"https:\/\/www.eldiario.net\/portal\/"},{"@type":"ListItem","position":2,"name":"Pese al respaldo, imagen del pa\u00eds est\u00e1 \u201cpor los suelos\u201d"}]},{"@type":"WebSite","@id":"https:\/\/www.eldiario.net\/portal\/#website","url":"https:\/\/www.eldiario.net\/portal\/","name":"El Diario - Decano de la prensa nacional","description":"El Diario - Decano de la prensa nacional","publisher":{"@id":"https:\/\/www.eldiario.net\/portal\/#organization"},"potentialAction":[{"@type":"SearchAction","target":{"@type":"EntryPoint","urlTemplate":"https:\/\/www.eldiario.net\/portal\/?s={search_term_string}"},"query-input":{"@type":"PropertyValueSpecification","valueRequired":true,"valueName":"search_term_string"}}],"inLanguage":"es"},{"@type":"Organization","@id":"https:\/\/www.eldiario.net\/portal\/#organization","name":"El Diario - Decano de la prensa nacional","url":"https:\/\/www.eldiario.net\/portal\/","logo":{"@type":"ImageObject","inLanguage":"es","@id":"https:\/\/www.eldiario.net\/portal\/#\/schema\/logo\/image\/","url":"https:\/\/www.eldiario.net\/portal\/wp-content\/uploads\/2023\/07\/logo_ED.jpg","contentUrl":"https:\/\/www.eldiario.net\/portal\/wp-content\/uploads\/2023\/07\/logo_ED.jpg","width":272,"height":52,"caption":"El Diario - Decano de la prensa nacional"},"image":{"@id":"https:\/\/www.eldiario.net\/portal\/#\/schema\/logo\/image\/"},"sameAs":["https:\/\/www.facebook.com\/eldiario.bolivia\/","https:\/\/x.com\/eldiario_net"]},{"@type":"Person","@id":"https:\/\/www.eldiario.net\/portal\/#\/schema\/person\/f46445640444750d7d753ccd04ae01b7","name":"Jeanette","image":{"@type":"ImageObject","inLanguage":"es","@id":"https:\/\/secure.gravatar.com\/avatar\/3ea2118a5f7dad2b7138b1187a6b7ee55f160b9968b66013c3a3ef39dd7e5798?s=96&d=mm&r=g","url":"https:\/\/secure.gravatar.com\/avatar\/3ea2118a5f7dad2b7138b1187a6b7ee55f160b9968b66013c3a3ef39dd7e5798?s=96&d=mm&r=g","contentUrl":"https:\/\/secure.gravatar.com\/avatar\/3ea2118a5f7dad2b7138b1187a6b7ee55f160b9968b66013c3a3ef39dd7e5798?s=96&d=mm&r=g","caption":"Jeanette"},"sameAs":["https:\/\/www.eldiario.net\/portal"],"url":"https:\/\/www.eldiario.net\/portal\/author\/jeanette\/"}]}},"_links":{"self":[{"href":"https:\/\/www.eldiario.net\/portal\/wp-json\/wp\/v2\/posts\/230530","targetHints":{"allow":["GET"]}}],"collection":[{"href":"https:\/\/www.eldiario.net\/portal\/wp-json\/wp\/v2\/posts"}],"about":[{"href":"https:\/\/www.eldiario.net\/portal\/wp-json\/wp\/v2\/types\/post"}],"author":[{"embeddable":true,"href":"https:\/\/www.eldiario.net\/portal\/wp-json\/wp\/v2\/users\/1"}],"replies":[{"embeddable":true,"href":"https:\/\/www.eldiario.net\/portal\/wp-json\/wp\/v2\/comments?post=230530"}],"version-history":[{"count":2,"href":"https:\/\/www.eldiario.net\/portal\/wp-json\/wp\/v2\/posts\/230530\/revisions"}],"predecessor-version":[{"id":230533,"href":"https:\/\/www.eldiario.net\/portal\/wp-json\/wp\/v2\/posts\/230530\/revisions\/230533"}],"wp:featuredmedia":[{"embeddable":true,"href":"https:\/\/www.eldiario.net\/portal\/wp-json\/wp\/v2\/media\/230531"}],"wp:attachment":[{"href":"https:\/\/www.eldiario.net\/portal\/wp-json\/wp\/v2\/media?parent=230530"}],"wp:term":[{"taxonomy":"category","embeddable":true,"href":"https:\/\/www.eldiario.net\/portal\/wp-json\/wp\/v2\/categories?post=230530"},{"taxonomy":"post_tag","embeddable":true,"href":"https:\/\/www.eldiario.net\/portal\/wp-json\/wp\/v2\/tags?post=230530"}],"curies":[{"name":"wp","href":"https:\/\/api.w.org\/{rel}","templated":true}]}}