{"id":230527,"date":"2024-06-29T07:17:39","date_gmt":"2024-06-29T11:17:39","guid":{"rendered":"https:\/\/www.eldiario.net\/portal\/?p=230527"},"modified":"2024-06-29T07:17:39","modified_gmt":"2024-06-29T11:17:39","slug":"ven-que-oficialismo-usa-presunto-autogolpe-para-unificar-al-mas","status":"publish","type":"post","link":"https:\/\/www.eldiario.net\/portal\/2024\/06\/29\/ven-que-oficialismo-usa-presunto-autogolpe-para-unificar-al-mas\/","title":{"rendered":"Ven que oficialismo usa presunto \u201cautogolpe\u201d para unificar al MAS"},"content":{"rendered":"<p>Cuestionando las declaraciones del presidente del Estado, Luis Arce Catacora, en la que indica haberse contactado con el jefe del Movimiento al Socialismo (MAS), Evo Morales, para advertirle sobre la toma de plaza Murillo, el diputado por Comunidad Ciudadana (CC), Alberto Astorga, asegur\u00f3 que el Gobierno no solo usa el montaje del supuesto golpe de Estado para distraer a la opini\u00f3n p\u00fablica de temas como la crisis, sino que tambi\u00e9n se usa este pretexto para tratar de unificar al partido azul.<br \/>\nLamentando las posibles consecuencias negativas de un \u201cacto irresponsable\u201d como la toma de Plaza Murillo por parte de fuerzas militares, Astorga advirti\u00f3 que tras el denominado \u201cautogolpe\u201d, se trata de usar la actual coyuntura pol\u00edtica para reunificar al MAS, con la finalidad de participar en las pr\u00f3ximas elecciones, pero principalmente para no perder la sigla pol\u00edtica de esta organizaci\u00f3n.<br \/>\n\u201cEste autogolpe no solo fue propiciado para desviar la atenci\u00f3n de la ciudadan\u00eda ante la crisis econ\u00f3mica, sino que tambi\u00e9n sirvi\u00f3 de excusa para unificar nuevamente al MAS ante el riesgo de perder su sigla. Por eso, Arce llam\u00f3 a Evo y este \u00faltimo, en sus redes sociales, apoy\u00f3 a Arce\u201d, afirm\u00f3 el diputado.<br \/>\nEl jueves, durante un encuentro con periodistas en Casa Grande del Pueblo, el Primer Mandatario revel\u00f3 haberse contactado con Morales para alertar a la exautoridad por un peligro inminente contra su seguridad.<br \/>\n\u201cPodemos tener nuestras diferencias, me comuniqu\u00e9 con \u00e9l para que tome sus recaudos\u201d, expres\u00f3 Arce.<br \/>\nAyer, Morales confirm\u00f3 haber sostenido una corta conversaci\u00f3n telef\u00f3nica con Arce en la que le recomend\u00f3 tomar medidas inmediatas para asegurar su posici\u00f3n y la estabilidad del pa\u00eds. Asimismo, se\u00f1al\u00f3 haber cuestionado que el Gobierno haya depositado tanta confianza en la exautoridad militar, pese a todas las denuncias de corrupci\u00f3n en su contra.<br \/>\nEn criterio de Astorga, estas revelaciones evidencian acercamientos para posibilitar una reunificaci\u00f3n del partido azul, por lo que cuestion\u00f3 al primer mandatario por priorizar intereses de partido, dejando de lado las necesidades del pueblo.<br \/>\n\u201cAs\u00ed juegan con Bolivia estos dos personajes nefastos, anteponiendo sus beneficios personales en lugar del beneficio del pa\u00eds\u201d, concluy\u00f3.<\/p>\n","protected":false},"excerpt":{"rendered":"<p>Cuestionando las declaraciones del presidente del Estado, Luis Arce Catacora, en la que indica haberse contactado con el jefe del Movimiento al Socialismo (MAS), Evo Morales, para advertirle sobre la toma de plaza Murillo, el diputado por Comunidad Ciudadana (CC), Alberto Astorga, asegur\u00f3 que el Gobierno no solo usa el montaje del supuesto golpe de [&hellip;]<\/p>\n","protected":false},"author":1,"featured_media":230528,"comment_status":"open","ping_status":"open","sticky":false,"template":"","format":"standard","meta":{"_acf_changed":false,"footnotes":""},"categories":[14],"tags":[],"class_list":["post-230527","post","type-post","status-publish","format-standard","has-post-thumbnail","category-politica"],"acf":{"antetitulo":"Por conversaci\u00f3n entre Arce y Morales"},"yoast_head":"<!-- This site is optimized with the Yoast SEO plugin v28.4 - https:\/\/yoast.com\/product\/yoast-seo-wordpress\/ -->\n<title>Ven que oficialismo usa presunto \u201cautogolpe\u201d para unificar al MAS - El Diario - Bolivia<\/title>\n<meta name=\"robots\" content=\"index, follow, max-snippet:-1, max-image-preview:large, max-video-preview:-1\" \/>\n<link rel=\"canonical\" href=\"https:\/\/www.eldiario.net\/portal\/2024\/06\/29\/ven-que-oficialismo-usa-presunto-autogolpe-para-unificar-al-mas\/\" \/>\n<meta property=\"og:locale\" content=\"es_ES\" \/>\n<meta property=\"og:type\" content=\"article\" \/>\n<meta property=\"og:title\" content=\"Ven que oficialismo usa presunto \u201cautogolpe\u201d para unificar al MAS - El Diario - Bolivia\" \/>\n<meta property=\"og:description\" content=\"Cuestionando las declaraciones del presidente del Estado, Luis Arce Catacora, en la que indica haberse contactado con el jefe del Movimiento al Socialismo (MAS), Evo Morales, para advertirle sobre la toma de plaza Murillo, el diputado por Comunidad Ciudadana (CC), Alberto Astorga, asegur\u00f3 que el Gobierno no solo usa el montaje del supuesto golpe de [&hellip;]\" \/>\n<meta property=\"og:url\" content=\"https:\/\/www.eldiario.net\/portal\/2024\/06\/29\/ven-que-oficialismo-usa-presunto-autogolpe-para-unificar-al-mas\/\" \/>\n<meta property=\"og:site_name\" content=\"El Diario - Bolivia\" \/>\n<meta property=\"article:publisher\" content=\"https:\/\/www.facebook.com\/eldiario.bolivia\/\" \/>\n<meta property=\"article:published_time\" content=\"2024-06-29T11:17:39+00:00\" \/>\n<meta property=\"og:image\" content=\"https:\/\/www.eldiario.net\/portal\/wp-content\/uploads\/2024\/06\/42-POL-11.jpg\" \/>\n\t<meta property=\"og:image:width\" content=\"1319\" \/>\n\t<meta property=\"og:image:height\" content=\"1239\" \/>\n\t<meta property=\"og:image:type\" content=\"image\/jpeg\" \/>\n<meta name=\"author\" content=\"Jeanette\" \/>\n<meta name=\"twitter:card\" content=\"summary_large_image\" \/>\n<meta name=\"twitter:creator\" content=\"@eldiario_net\" \/>\n<meta name=\"twitter:site\" content=\"@eldiario_net\" \/>\n<meta name=\"twitter:label1\" content=\"Escrito por\" \/>\n\t<meta name=\"twitter:data1\" content=\"Jeanette\" \/>\n\t<meta name=\"twitter:label2\" content=\"Tiempo de lectura\" \/>\n\t<meta name=\"twitter:data2\" content=\"2 minutos\" \/>\n<script type=\"application\/ld+json\" class=\"yoast-schema-graph\">{\"@context\":\"https:\\\/\\\/schema.org\",\"@graph\":[{\"@type\":\"Article\",\"@id\":\"https:\\\/\\\/www.eldiario.net\\\/portal\\\/2024\\\/06\\\/29\\\/ven-que-oficialismo-usa-presunto-autogolpe-para-unificar-al-mas\\\/#article\",\"isPartOf\":{\"@id\":\"https:\\\/\\\/www.eldiario.net\\\/portal\\\/2024\\\/06\\\/29\\\/ven-que-oficialismo-usa-presunto-autogolpe-para-unificar-al-mas\\\/\"},\"author\":{\"name\":\"Jeanette\",\"@id\":\"https:\\\/\\\/www.eldiario.net\\\/portal\\\/#\\\/schema\\\/person\\\/f46445640444750d7d753ccd04ae01b7\"},\"headline\":\"Ven que oficialismo usa presunto \u201cautogolpe\u201d para unificar al MAS\",\"datePublished\":\"2024-06-29T11:17:39+00:00\",\"mainEntityOfPage\":{\"@id\":\"https:\\\/\\\/www.eldiario.net\\\/portal\\\/2024\\\/06\\\/29\\\/ven-que-oficialismo-usa-presunto-autogolpe-para-unificar-al-mas\\\/\"},\"wordCount\":376,\"commentCount\":0,\"publisher\":{\"@id\":\"https:\\\/\\\/www.eldiario.net\\\/portal\\\/#organization\"},\"image\":{\"@id\":\"https:\\\/\\\/www.eldiario.net\\\/portal\\\/2024\\\/06\\\/29\\\/ven-que-oficialismo-usa-presunto-autogolpe-para-unificar-al-mas\\\/#primaryimage\"},\"thumbnailUrl\":\"https:\\\/\\\/www.eldiario.net\\\/portal\\\/wp-content\\\/uploads\\\/2024\\\/06\\\/42-POL-11.jpg\",\"articleSection\":[\"Pol\u00edtica\"],\"inLanguage\":\"es\",\"potentialAction\":[{\"@type\":\"CommentAction\",\"name\":\"Comment\",\"target\":[\"https:\\\/\\\/www.eldiario.net\\\/portal\\\/2024\\\/06\\\/29\\\/ven-que-oficialismo-usa-presunto-autogolpe-para-unificar-al-mas\\\/#respond\"]}]},{\"@type\":\"WebPage\",\"@id\":\"https:\\\/\\\/www.eldiario.net\\\/portal\\\/2024\\\/06\\\/29\\\/ven-que-oficialismo-usa-presunto-autogolpe-para-unificar-al-mas\\\/\",\"url\":\"https:\\\/\\\/www.eldiario.net\\\/portal\\\/2024\\\/06\\\/29\\\/ven-que-oficialismo-usa-presunto-autogolpe-para-unificar-al-mas\\\/\",\"name\":\"Ven que oficialismo usa presunto \u201cautogolpe\u201d para unificar al MAS - El Diario - Bolivia\",\"isPartOf\":{\"@id\":\"https:\\\/\\\/www.eldiario.net\\\/portal\\\/#website\"},\"primaryImageOfPage\":{\"@id\":\"https:\\\/\\\/www.eldiario.net\\\/portal\\\/2024\\\/06\\\/29\\\/ven-que-oficialismo-usa-presunto-autogolpe-para-unificar-al-mas\\\/#primaryimage\"},\"image\":{\"@id\":\"https:\\\/\\\/www.eldiario.net\\\/portal\\\/2024\\\/06\\\/29\\\/ven-que-oficialismo-usa-presunto-autogolpe-para-unificar-al-mas\\\/#primaryimage\"},\"thumbnailUrl\":\"https:\\\/\\\/www.eldiario.net\\\/portal\\\/wp-content\\\/uploads\\\/2024\\\/06\\\/42-POL-11.jpg\",\"datePublished\":\"2024-06-29T11:17:39+00:00\",\"breadcrumb\":{\"@id\":\"https:\\\/\\\/www.eldiario.net\\\/portal\\\/2024\\\/06\\\/29\\\/ven-que-oficialismo-usa-presunto-autogolpe-para-unificar-al-mas\\\/#breadcrumb\"},\"inLanguage\":\"es\",\"potentialAction\":[{\"@type\":\"ReadAction\",\"target\":[\"https:\\\/\\\/www.eldiario.net\\\/portal\\\/2024\\\/06\\\/29\\\/ven-que-oficialismo-usa-presunto-autogolpe-para-unificar-al-mas\\\/\"]}]},{\"@type\":\"ImageObject\",\"inLanguage\":\"es\",\"@id\":\"https:\\\/\\\/www.eldiario.net\\\/portal\\\/2024\\\/06\\\/29\\\/ven-que-oficialismo-usa-presunto-autogolpe-para-unificar-al-mas\\\/#primaryimage\",\"url\":\"https:\\\/\\\/www.eldiario.net\\\/portal\\\/wp-content\\\/uploads\\\/2024\\\/06\\\/42-POL-11.jpg\",\"contentUrl\":\"https:\\\/\\\/www.eldiario.net\\\/portal\\\/wp-content\\\/uploads\\\/2024\\\/06\\\/42-POL-11.jpg\",\"width\":1319,\"height\":1239,\"caption\":\"Diputado Alberto Astorga (CC)\"},{\"@type\":\"BreadcrumbList\",\"@id\":\"https:\\\/\\\/www.eldiario.net\\\/portal\\\/2024\\\/06\\\/29\\\/ven-que-oficialismo-usa-presunto-autogolpe-para-unificar-al-mas\\\/#breadcrumb\",\"itemListElement\":[{\"@type\":\"ListItem\",\"position\":1,\"name\":\"Portada\",\"item\":\"https:\\\/\\\/www.eldiario.net\\\/portal\\\/\"},{\"@type\":\"ListItem\",\"position\":2,\"name\":\"Ven que oficialismo usa presunto \u201cautogolpe\u201d para unificar al MAS\"}]},{\"@type\":\"WebSite\",\"@id\":\"https:\\\/\\\/www.eldiario.net\\\/portal\\\/#website\",\"url\":\"https:\\\/\\\/www.eldiario.net\\\/portal\\\/\",\"name\":\"El Diario - Decano de la prensa nacional\",\"description\":\"El Diario - Decano de la prensa nacional\",\"publisher\":{\"@id\":\"https:\\\/\\\/www.eldiario.net\\\/portal\\\/#organization\"},\"potentialAction\":[{\"@type\":\"SearchAction\",\"target\":{\"@type\":\"EntryPoint\",\"urlTemplate\":\"https:\\\/\\\/www.eldiario.net\\\/portal\\\/?s={search_term_string}\"},\"query-input\":{\"@type\":\"PropertyValueSpecification\",\"valueRequired\":true,\"valueName\":\"search_term_string\"}}],\"inLanguage\":\"es\"},{\"@type\":\"Organization\",\"@id\":\"https:\\\/\\\/www.eldiario.net\\\/portal\\\/#organization\",\"name\":\"El Diario - Decano de la prensa nacional\",\"url\":\"https:\\\/\\\/www.eldiario.net\\\/portal\\\/\",\"logo\":{\"@type\":\"ImageObject\",\"inLanguage\":\"es\",\"@id\":\"https:\\\/\\\/www.eldiario.net\\\/portal\\\/#\\\/schema\\\/logo\\\/image\\\/\",\"url\":\"https:\\\/\\\/www.eldiario.net\\\/portal\\\/wp-content\\\/uploads\\\/2023\\\/07\\\/logo_ED.jpg\",\"contentUrl\":\"https:\\\/\\\/www.eldiario.net\\\/portal\\\/wp-content\\\/uploads\\\/2023\\\/07\\\/logo_ED.jpg\",\"width\":272,\"height\":52,\"caption\":\"El Diario - Decano de la prensa nacional\"},\"image\":{\"@id\":\"https:\\\/\\\/www.eldiario.net\\\/portal\\\/#\\\/schema\\\/logo\\\/image\\\/\"},\"sameAs\":[\"https:\\\/\\\/www.facebook.com\\\/eldiario.bolivia\\\/\",\"https:\\\/\\\/x.com\\\/eldiario_net\"]},{\"@type\":\"Person\",\"@id\":\"https:\\\/\\\/www.eldiario.net\\\/portal\\\/#\\\/schema\\\/person\\\/f46445640444750d7d753ccd04ae01b7\",\"name\":\"Jeanette\",\"image\":{\"@type\":\"ImageObject\",\"inLanguage\":\"es\",\"@id\":\"https:\\\/\\\/secure.gravatar.com\\\/avatar\\\/3ea2118a5f7dad2b7138b1187a6b7ee55f160b9968b66013c3a3ef39dd7e5798?s=96&d=mm&r=g\",\"url\":\"https:\\\/\\\/secure.gravatar.com\\\/avatar\\\/3ea2118a5f7dad2b7138b1187a6b7ee55f160b9968b66013c3a3ef39dd7e5798?s=96&d=mm&r=g\",\"contentUrl\":\"https:\\\/\\\/secure.gravatar.com\\\/avatar\\\/3ea2118a5f7dad2b7138b1187a6b7ee55f160b9968b66013c3a3ef39dd7e5798?s=96&d=mm&r=g\",\"caption\":\"Jeanette\"},\"sameAs\":[\"https:\\\/\\\/www.eldiario.net\\\/portal\"],\"url\":\"https:\\\/\\\/www.eldiario.net\\\/portal\\\/author\\\/jeanette\\\/\"}]}<\/script>\n<!-- \/ Yoast SEO plugin. -->","yoast_head_json":{"title":"Ven que oficialismo usa presunto \u201cautogolpe\u201d para unificar al MAS - El Diario - Bolivia","robots":{"index":"index","follow":"follow","max-snippet":"max-snippet:-1","max-image-preview":"max-image-preview:large","max-video-preview":"max-video-preview:-1"},"canonical":"https:\/\/www.eldiario.net\/portal\/2024\/06\/29\/ven-que-oficialismo-usa-presunto-autogolpe-para-unificar-al-mas\/","og_locale":"es_ES","og_type":"article","og_title":"Ven que oficialismo usa presunto \u201cautogolpe\u201d para unificar al MAS - El Diario - Bolivia","og_description":"Cuestionando las declaraciones del presidente del Estado, Luis Arce Catacora, en la que indica haberse contactado con el jefe del Movimiento al Socialismo (MAS), Evo Morales, para advertirle sobre la toma de plaza Murillo, el diputado por Comunidad Ciudadana (CC), Alberto Astorga, asegur\u00f3 que el Gobierno no solo usa el montaje del supuesto golpe de [&hellip;]","og_url":"https:\/\/www.eldiario.net\/portal\/2024\/06\/29\/ven-que-oficialismo-usa-presunto-autogolpe-para-unificar-al-mas\/","og_site_name":"El Diario - Bolivia","article_publisher":"https:\/\/www.facebook.com\/eldiario.bolivia\/","article_published_time":"2024-06-29T11:17:39+00:00","og_image":[{"width":1319,"height":1239,"url":"https:\/\/www.eldiario.net\/portal\/wp-content\/uploads\/2024\/06\/42-POL-11.jpg","type":"image\/jpeg"}],"author":"Jeanette","twitter_card":"summary_large_image","twitter_creator":"@eldiario_net","twitter_site":"@eldiario_net","twitter_misc":{"Escrito por":"Jeanette","Tiempo de lectura":"2 minutos"},"schema":{"@context":"https:\/\/schema.org","@graph":[{"@type":"Article","@id":"https:\/\/www.eldiario.net\/portal\/2024\/06\/29\/ven-que-oficialismo-usa-presunto-autogolpe-para-unificar-al-mas\/#article","isPartOf":{"@id":"https:\/\/www.eldiario.net\/portal\/2024\/06\/29\/ven-que-oficialismo-usa-presunto-autogolpe-para-unificar-al-mas\/"},"author":{"name":"Jeanette","@id":"https:\/\/www.eldiario.net\/portal\/#\/schema\/person\/f46445640444750d7d753ccd04ae01b7"},"headline":"Ven que oficialismo usa presunto \u201cautogolpe\u201d para unificar al MAS","datePublished":"2024-06-29T11:17:39+00:00","mainEntityOfPage":{"@id":"https:\/\/www.eldiario.net\/portal\/2024\/06\/29\/ven-que-oficialismo-usa-presunto-autogolpe-para-unificar-al-mas\/"},"wordCount":376,"commentCount":0,"publisher":{"@id":"https:\/\/www.eldiario.net\/portal\/#organization"},"image":{"@id":"https:\/\/www.eldiario.net\/portal\/2024\/06\/29\/ven-que-oficialismo-usa-presunto-autogolpe-para-unificar-al-mas\/#primaryimage"},"thumbnailUrl":"https:\/\/www.eldiario.net\/portal\/wp-content\/uploads\/2024\/06\/42-POL-11.jpg","articleSection":["Pol\u00edtica"],"inLanguage":"es","potentialAction":[{"@type":"CommentAction","name":"Comment","target":["https:\/\/www.eldiario.net\/portal\/2024\/06\/29\/ven-que-oficialismo-usa-presunto-autogolpe-para-unificar-al-mas\/#respond"]}]},{"@type":"WebPage","@id":"https:\/\/www.eldiario.net\/portal\/2024\/06\/29\/ven-que-oficialismo-usa-presunto-autogolpe-para-unificar-al-mas\/","url":"https:\/\/www.eldiario.net\/portal\/2024\/06\/29\/ven-que-oficialismo-usa-presunto-autogolpe-para-unificar-al-mas\/","name":"Ven que oficialismo usa presunto \u201cautogolpe\u201d para unificar al MAS - El Diario - Bolivia","isPartOf":{"@id":"https:\/\/www.eldiario.net\/portal\/#website"},"primaryImageOfPage":{"@id":"https:\/\/www.eldiario.net\/portal\/2024\/06\/29\/ven-que-oficialismo-usa-presunto-autogolpe-para-unificar-al-mas\/#primaryimage"},"image":{"@id":"https:\/\/www.eldiario.net\/portal\/2024\/06\/29\/ven-que-oficialismo-usa-presunto-autogolpe-para-unificar-al-mas\/#primaryimage"},"thumbnailUrl":"https:\/\/www.eldiario.net\/portal\/wp-content\/uploads\/2024\/06\/42-POL-11.jpg","datePublished":"2024-06-29T11:17:39+00:00","breadcrumb":{"@id":"https:\/\/www.eldiario.net\/portal\/2024\/06\/29\/ven-que-oficialismo-usa-presunto-autogolpe-para-unificar-al-mas\/#breadcrumb"},"inLanguage":"es","potentialAction":[{"@type":"ReadAction","target":["https:\/\/www.eldiario.net\/portal\/2024\/06\/29\/ven-que-oficialismo-usa-presunto-autogolpe-para-unificar-al-mas\/"]}]},{"@type":"ImageObject","inLanguage":"es","@id":"https:\/\/www.eldiario.net\/portal\/2024\/06\/29\/ven-que-oficialismo-usa-presunto-autogolpe-para-unificar-al-mas\/#primaryimage","url":"https:\/\/www.eldiario.net\/portal\/wp-content\/uploads\/2024\/06\/42-POL-11.jpg","contentUrl":"https:\/\/www.eldiario.net\/portal\/wp-content\/uploads\/2024\/06\/42-POL-11.jpg","width":1319,"height":1239,"caption":"Diputado Alberto Astorga (CC)"},{"@type":"BreadcrumbList","@id":"https:\/\/www.eldiario.net\/portal\/2024\/06\/29\/ven-que-oficialismo-usa-presunto-autogolpe-para-unificar-al-mas\/#breadcrumb","itemListElement":[{"@type":"ListItem","position":1,"name":"Portada","item":"https:\/\/www.eldiario.net\/portal\/"},{"@type":"ListItem","position":2,"name":"Ven que oficialismo usa presunto \u201cautogolpe\u201d para unificar al MAS"}]},{"@type":"WebSite","@id":"https:\/\/www.eldiario.net\/portal\/#website","url":"https:\/\/www.eldiario.net\/portal\/","name":"El Diario - Decano de la prensa nacional","description":"El Diario - Decano de la prensa nacional","publisher":{"@id":"https:\/\/www.eldiario.net\/portal\/#organization"},"potentialAction":[{"@type":"SearchAction","target":{"@type":"EntryPoint","urlTemplate":"https:\/\/www.eldiario.net\/portal\/?s={search_term_string}"},"query-input":{"@type":"PropertyValueSpecification","valueRequired":true,"valueName":"search_term_string"}}],"inLanguage":"es"},{"@type":"Organization","@id":"https:\/\/www.eldiario.net\/portal\/#organization","name":"El Diario - Decano de la prensa nacional","url":"https:\/\/www.eldiario.net\/portal\/","logo":{"@type":"ImageObject","inLanguage":"es","@id":"https:\/\/www.eldiario.net\/portal\/#\/schema\/logo\/image\/","url":"https:\/\/www.eldiario.net\/portal\/wp-content\/uploads\/2023\/07\/logo_ED.jpg","contentUrl":"https:\/\/www.eldiario.net\/portal\/wp-content\/uploads\/2023\/07\/logo_ED.jpg","width":272,"height":52,"caption":"El Diario - Decano de la prensa nacional"},"image":{"@id":"https:\/\/www.eldiario.net\/portal\/#\/schema\/logo\/image\/"},"sameAs":["https:\/\/www.facebook.com\/eldiario.bolivia\/","https:\/\/x.com\/eldiario_net"]},{"@type":"Person","@id":"https:\/\/www.eldiario.net\/portal\/#\/schema\/person\/f46445640444750d7d753ccd04ae01b7","name":"Jeanette","image":{"@type":"ImageObject","inLanguage":"es","@id":"https:\/\/secure.gravatar.com\/avatar\/3ea2118a5f7dad2b7138b1187a6b7ee55f160b9968b66013c3a3ef39dd7e5798?s=96&d=mm&r=g","url":"https:\/\/secure.gravatar.com\/avatar\/3ea2118a5f7dad2b7138b1187a6b7ee55f160b9968b66013c3a3ef39dd7e5798?s=96&d=mm&r=g","contentUrl":"https:\/\/secure.gravatar.com\/avatar\/3ea2118a5f7dad2b7138b1187a6b7ee55f160b9968b66013c3a3ef39dd7e5798?s=96&d=mm&r=g","caption":"Jeanette"},"sameAs":["https:\/\/www.eldiario.net\/portal"],"url":"https:\/\/www.eldiario.net\/portal\/author\/jeanette\/"}]}},"_links":{"self":[{"href":"https:\/\/www.eldiario.net\/portal\/wp-json\/wp\/v2\/posts\/230527","targetHints":{"allow":["GET"]}}],"collection":[{"href":"https:\/\/www.eldiario.net\/portal\/wp-json\/wp\/v2\/posts"}],"about":[{"href":"https:\/\/www.eldiario.net\/portal\/wp-json\/wp\/v2\/types\/post"}],"author":[{"embeddable":true,"href":"https:\/\/www.eldiario.net\/portal\/wp-json\/wp\/v2\/users\/1"}],"replies":[{"embeddable":true,"href":"https:\/\/www.eldiario.net\/portal\/wp-json\/wp\/v2\/comments?post=230527"}],"version-history":[{"count":1,"href":"https:\/\/www.eldiario.net\/portal\/wp-json\/wp\/v2\/posts\/230527\/revisions"}],"predecessor-version":[{"id":230529,"href":"https:\/\/www.eldiario.net\/portal\/wp-json\/wp\/v2\/posts\/230527\/revisions\/230529"}],"wp:featuredmedia":[{"embeddable":true,"href":"https:\/\/www.eldiario.net\/portal\/wp-json\/wp\/v2\/media\/230528"}],"wp:attachment":[{"href":"https:\/\/www.eldiario.net\/portal\/wp-json\/wp\/v2\/media?parent=230527"}],"wp:term":[{"taxonomy":"category","embeddable":true,"href":"https:\/\/www.eldiario.net\/portal\/wp-json\/wp\/v2\/categories?post=230527"},{"taxonomy":"post_tag","embeddable":true,"href":"https:\/\/www.eldiario.net\/portal\/wp-json\/wp\/v2\/tags?post=230527"}],"curies":[{"name":"wp","href":"https:\/\/api.w.org\/{rel}","templated":true}]}}