{"id":230524,"date":"2024-06-29T07:17:04","date_gmt":"2024-06-29T11:17:04","guid":{"rendered":"https:\/\/www.eldiario.net\/portal\/?p=230524"},"modified":"2024-06-29T07:17:04","modified_gmt":"2024-06-29T11:17:04","slug":"rodriguez-aboga-por-voluntad-politica-para-lograr-consensos","status":"publish","type":"post","link":"https:\/\/www.eldiario.net\/portal\/2024\/06\/29\/rodriguez-aboga-por-voluntad-politica-para-lograr-consensos\/","title":{"rendered":"Rodr\u00edguez aboga por voluntad  pol\u00edtica para lograr consensos"},"content":{"rendered":"<p>Destacando que se haya logrado superar momentos cr\u00edticos tras la irrupci\u00f3n de fuerzas militares en el centro del poder pol\u00edtico nacional, el expresidente Eduardo Rodr\u00edguez Veltz\u00e9, asegur\u00f3 que la mejor forma de honrar la democracia es mediante la b\u00fasqueda de consensos para dar respuestas a temas urgentes como la econom\u00eda y la justicia, tal como la poblaci\u00f3n espera.<br \/>\nMediante sus redes sociales, el exmandatario apunt\u00f3 al \u201cdi\u00e1logo pol\u00edtico responsable\u201d como la mejor forma de dar respuestas a la demandas de la poblaci\u00f3n para superar la crisis, impulsar el trabajo legislativo e iniciar el proceso de una verdadera reforma en la justicia y en el funcionamiento de las Fuerzas Armadas \u201cpara evitar golpes\u201d.<br \/>\n\u201c\u00a1La Paz en Paz! Despu\u00e9s del arrebato, el pueblo espera: Di\u00e1logo pol\u00edtico responsable para: atender la crisis econ\u00f3mica, aprobar leyes de la Asamblea Legislativa, iniciar la reforma judicial y de las FFAA para evitar \u2018golpes\u2019 y sea con voluntad pol\u00edtica para lograr consensos. Eso ser\u00e1 honrar la Democracia\u201d, expres\u00f3 Rodr\u00edguez, a trav\u00e9s de su cuenta en la red social X.<br \/>\nEl mi\u00e9rcoles, en relaci\u00f3n a los hechos acontecidos en Plaza Murillo, con la irrupci\u00f3n de fuerzas militares movilizadas presuntamente para perpetrar un golpe de Estado, quebrantando el orden constitucional vigente en el pa\u00eds desde 1982, Rodr\u00edguez hab\u00eda cuestionado que aprestos golpistas vuelvan a poner en riesgo la democracia del pa\u00eds.<br \/>\nEn ese sentido, destac\u00f3 que la poblaci\u00f3n boliviana y sus instituciones, cuentan con toda la predisposici\u00f3n para defender la vigencia de la Constituci\u00f3n Pol\u00edtica del Estado ante cualquier intento para vulnerarla.<br \/>\n\u201cLa insubordinaci\u00f3n militar vuelve a poner en riesgo a la Democracia en Bolivia. El pueblo y sus instituciones defenderemos la Constituci\u00f3n\u201d, sostuvo la exautoridad.<\/p>\n","protected":false},"excerpt":{"rendered":"<p>Destacando que se haya logrado superar momentos cr\u00edticos tras la irrupci\u00f3n de fuerzas militares en el centro del poder pol\u00edtico nacional, el expresidente Eduardo Rodr\u00edguez Veltz\u00e9, asegur\u00f3 que la mejor forma de honrar la democracia es mediante la b\u00fasqueda de consensos para dar respuestas a temas urgentes como la econom\u00eda y la justicia, tal como [&hellip;]<\/p>\n","protected":false},"author":1,"featured_media":230525,"comment_status":"open","ping_status":"open","sticky":false,"template":"","format":"standard","meta":{"_acf_changed":false,"footnotes":""},"categories":[14],"tags":[],"class_list":["post-230524","post","type-post","status-publish","format-standard","has-post-thumbnail","category-politica"],"acf":{"antetitulo":"\u201cDespu\u00e9s del arrebato\u201d"},"yoast_head":"<!-- This site is optimized with the Yoast SEO plugin v28.4 - https:\/\/yoast.com\/product\/yoast-seo-wordpress\/ -->\n<title>Rodr\u00edguez aboga por voluntad pol\u00edtica para lograr consensos - El Diario - Bolivia<\/title>\n<meta name=\"robots\" content=\"index, follow, max-snippet:-1, max-image-preview:large, max-video-preview:-1\" \/>\n<link rel=\"canonical\" href=\"https:\/\/www.eldiario.net\/portal\/2024\/06\/29\/rodriguez-aboga-por-voluntad-politica-para-lograr-consensos\/\" \/>\n<meta property=\"og:locale\" content=\"es_ES\" \/>\n<meta property=\"og:type\" content=\"article\" \/>\n<meta property=\"og:title\" content=\"Rodr\u00edguez aboga por voluntad pol\u00edtica para lograr consensos - El Diario - Bolivia\" \/>\n<meta property=\"og:description\" content=\"Destacando que se haya logrado superar momentos cr\u00edticos tras la irrupci\u00f3n de fuerzas militares en el centro del poder pol\u00edtico nacional, el expresidente Eduardo Rodr\u00edguez Veltz\u00e9, asegur\u00f3 que la mejor forma de honrar la democracia es mediante la b\u00fasqueda de consensos para dar respuestas a temas urgentes como la econom\u00eda y la justicia, tal como [&hellip;]\" \/>\n<meta property=\"og:url\" content=\"https:\/\/www.eldiario.net\/portal\/2024\/06\/29\/rodriguez-aboga-por-voluntad-politica-para-lograr-consensos\/\" \/>\n<meta property=\"og:site_name\" content=\"El Diario - Bolivia\" \/>\n<meta property=\"article:publisher\" content=\"https:\/\/www.facebook.com\/eldiario.bolivia\/\" \/>\n<meta property=\"article:published_time\" content=\"2024-06-29T11:17:04+00:00\" \/>\n<meta property=\"og:image\" content=\"https:\/\/www.eldiario.net\/portal\/wp-content\/uploads\/2024\/06\/43-POL-5.jpg\" \/>\n\t<meta property=\"og:image:width\" content=\"765\" \/>\n\t<meta property=\"og:image:height\" content=\"431\" \/>\n\t<meta property=\"og:image:type\" content=\"image\/jpeg\" \/>\n<meta name=\"author\" content=\"Jeanette\" \/>\n<meta name=\"twitter:card\" content=\"summary_large_image\" \/>\n<meta name=\"twitter:creator\" content=\"@eldiario_net\" \/>\n<meta name=\"twitter:site\" content=\"@eldiario_net\" \/>\n<meta name=\"twitter:label1\" content=\"Escrito por\" \/>\n\t<meta name=\"twitter:data1\" content=\"Jeanette\" \/>\n\t<meta name=\"twitter:label2\" content=\"Tiempo de lectura\" \/>\n\t<meta name=\"twitter:data2\" content=\"2 minutos\" \/>\n<script type=\"application\/ld+json\" class=\"yoast-schema-graph\">{\"@context\":\"https:\\\/\\\/schema.org\",\"@graph\":[{\"@type\":\"Article\",\"@id\":\"https:\\\/\\\/www.eldiario.net\\\/portal\\\/2024\\\/06\\\/29\\\/rodriguez-aboga-por-voluntad-politica-para-lograr-consensos\\\/#article\",\"isPartOf\":{\"@id\":\"https:\\\/\\\/www.eldiario.net\\\/portal\\\/2024\\\/06\\\/29\\\/rodriguez-aboga-por-voluntad-politica-para-lograr-consensos\\\/\"},\"author\":{\"name\":\"Jeanette\",\"@id\":\"https:\\\/\\\/www.eldiario.net\\\/portal\\\/#\\\/schema\\\/person\\\/f46445640444750d7d753ccd04ae01b7\"},\"headline\":\"Rodr\u00edguez aboga por voluntad pol\u00edtica para lograr consensos\",\"datePublished\":\"2024-06-29T11:17:04+00:00\",\"mainEntityOfPage\":{\"@id\":\"https:\\\/\\\/www.eldiario.net\\\/portal\\\/2024\\\/06\\\/29\\\/rodriguez-aboga-por-voluntad-politica-para-lograr-consensos\\\/\"},\"wordCount\":316,\"commentCount\":0,\"publisher\":{\"@id\":\"https:\\\/\\\/www.eldiario.net\\\/portal\\\/#organization\"},\"image\":{\"@id\":\"https:\\\/\\\/www.eldiario.net\\\/portal\\\/2024\\\/06\\\/29\\\/rodriguez-aboga-por-voluntad-politica-para-lograr-consensos\\\/#primaryimage\"},\"thumbnailUrl\":\"https:\\\/\\\/www.eldiario.net\\\/portal\\\/wp-content\\\/uploads\\\/2024\\\/06\\\/43-POL-5.jpg\",\"articleSection\":[\"Pol\u00edtica\"],\"inLanguage\":\"es\",\"potentialAction\":[{\"@type\":\"CommentAction\",\"name\":\"Comment\",\"target\":[\"https:\\\/\\\/www.eldiario.net\\\/portal\\\/2024\\\/06\\\/29\\\/rodriguez-aboga-por-voluntad-politica-para-lograr-consensos\\\/#respond\"]}]},{\"@type\":\"WebPage\",\"@id\":\"https:\\\/\\\/www.eldiario.net\\\/portal\\\/2024\\\/06\\\/29\\\/rodriguez-aboga-por-voluntad-politica-para-lograr-consensos\\\/\",\"url\":\"https:\\\/\\\/www.eldiario.net\\\/portal\\\/2024\\\/06\\\/29\\\/rodriguez-aboga-por-voluntad-politica-para-lograr-consensos\\\/\",\"name\":\"Rodr\u00edguez aboga por voluntad pol\u00edtica para lograr consensos - El Diario - Bolivia\",\"isPartOf\":{\"@id\":\"https:\\\/\\\/www.eldiario.net\\\/portal\\\/#website\"},\"primaryImageOfPage\":{\"@id\":\"https:\\\/\\\/www.eldiario.net\\\/portal\\\/2024\\\/06\\\/29\\\/rodriguez-aboga-por-voluntad-politica-para-lograr-consensos\\\/#primaryimage\"},\"image\":{\"@id\":\"https:\\\/\\\/www.eldiario.net\\\/portal\\\/2024\\\/06\\\/29\\\/rodriguez-aboga-por-voluntad-politica-para-lograr-consensos\\\/#primaryimage\"},\"thumbnailUrl\":\"https:\\\/\\\/www.eldiario.net\\\/portal\\\/wp-content\\\/uploads\\\/2024\\\/06\\\/43-POL-5.jpg\",\"datePublished\":\"2024-06-29T11:17:04+00:00\",\"breadcrumb\":{\"@id\":\"https:\\\/\\\/www.eldiario.net\\\/portal\\\/2024\\\/06\\\/29\\\/rodriguez-aboga-por-voluntad-politica-para-lograr-consensos\\\/#breadcrumb\"},\"inLanguage\":\"es\",\"potentialAction\":[{\"@type\":\"ReadAction\",\"target\":[\"https:\\\/\\\/www.eldiario.net\\\/portal\\\/2024\\\/06\\\/29\\\/rodriguez-aboga-por-voluntad-politica-para-lograr-consensos\\\/\"]}]},{\"@type\":\"ImageObject\",\"inLanguage\":\"es\",\"@id\":\"https:\\\/\\\/www.eldiario.net\\\/portal\\\/2024\\\/06\\\/29\\\/rodriguez-aboga-por-voluntad-politica-para-lograr-consensos\\\/#primaryimage\",\"url\":\"https:\\\/\\\/www.eldiario.net\\\/portal\\\/wp-content\\\/uploads\\\/2024\\\/06\\\/43-POL-5.jpg\",\"contentUrl\":\"https:\\\/\\\/www.eldiario.net\\\/portal\\\/wp-content\\\/uploads\\\/2024\\\/06\\\/43-POL-5.jpg\",\"width\":765,\"height\":431,\"caption\":\"el Expresidente, Eduardo Rodr\u00edguez Veltz\u00e9.\"},{\"@type\":\"BreadcrumbList\",\"@id\":\"https:\\\/\\\/www.eldiario.net\\\/portal\\\/2024\\\/06\\\/29\\\/rodriguez-aboga-por-voluntad-politica-para-lograr-consensos\\\/#breadcrumb\",\"itemListElement\":[{\"@type\":\"ListItem\",\"position\":1,\"name\":\"Portada\",\"item\":\"https:\\\/\\\/www.eldiario.net\\\/portal\\\/\"},{\"@type\":\"ListItem\",\"position\":2,\"name\":\"Rodr\u00edguez aboga por voluntad pol\u00edtica para lograr consensos\"}]},{\"@type\":\"WebSite\",\"@id\":\"https:\\\/\\\/www.eldiario.net\\\/portal\\\/#website\",\"url\":\"https:\\\/\\\/www.eldiario.net\\\/portal\\\/\",\"name\":\"El Diario - Decano de la prensa nacional\",\"description\":\"El Diario - Decano de la prensa nacional\",\"publisher\":{\"@id\":\"https:\\\/\\\/www.eldiario.net\\\/portal\\\/#organization\"},\"potentialAction\":[{\"@type\":\"SearchAction\",\"target\":{\"@type\":\"EntryPoint\",\"urlTemplate\":\"https:\\\/\\\/www.eldiario.net\\\/portal\\\/?s={search_term_string}\"},\"query-input\":{\"@type\":\"PropertyValueSpecification\",\"valueRequired\":true,\"valueName\":\"search_term_string\"}}],\"inLanguage\":\"es\"},{\"@type\":\"Organization\",\"@id\":\"https:\\\/\\\/www.eldiario.net\\\/portal\\\/#organization\",\"name\":\"El Diario - Decano de la prensa nacional\",\"url\":\"https:\\\/\\\/www.eldiario.net\\\/portal\\\/\",\"logo\":{\"@type\":\"ImageObject\",\"inLanguage\":\"es\",\"@id\":\"https:\\\/\\\/www.eldiario.net\\\/portal\\\/#\\\/schema\\\/logo\\\/image\\\/\",\"url\":\"https:\\\/\\\/www.eldiario.net\\\/portal\\\/wp-content\\\/uploads\\\/2023\\\/07\\\/logo_ED.jpg\",\"contentUrl\":\"https:\\\/\\\/www.eldiario.net\\\/portal\\\/wp-content\\\/uploads\\\/2023\\\/07\\\/logo_ED.jpg\",\"width\":272,\"height\":52,\"caption\":\"El Diario - Decano de la prensa nacional\"},\"image\":{\"@id\":\"https:\\\/\\\/www.eldiario.net\\\/portal\\\/#\\\/schema\\\/logo\\\/image\\\/\"},\"sameAs\":[\"https:\\\/\\\/www.facebook.com\\\/eldiario.bolivia\\\/\",\"https:\\\/\\\/x.com\\\/eldiario_net\"]},{\"@type\":\"Person\",\"@id\":\"https:\\\/\\\/www.eldiario.net\\\/portal\\\/#\\\/schema\\\/person\\\/f46445640444750d7d753ccd04ae01b7\",\"name\":\"Jeanette\",\"image\":{\"@type\":\"ImageObject\",\"inLanguage\":\"es\",\"@id\":\"https:\\\/\\\/secure.gravatar.com\\\/avatar\\\/3ea2118a5f7dad2b7138b1187a6b7ee55f160b9968b66013c3a3ef39dd7e5798?s=96&d=mm&r=g\",\"url\":\"https:\\\/\\\/secure.gravatar.com\\\/avatar\\\/3ea2118a5f7dad2b7138b1187a6b7ee55f160b9968b66013c3a3ef39dd7e5798?s=96&d=mm&r=g\",\"contentUrl\":\"https:\\\/\\\/secure.gravatar.com\\\/avatar\\\/3ea2118a5f7dad2b7138b1187a6b7ee55f160b9968b66013c3a3ef39dd7e5798?s=96&d=mm&r=g\",\"caption\":\"Jeanette\"},\"sameAs\":[\"https:\\\/\\\/www.eldiario.net\\\/portal\"],\"url\":\"https:\\\/\\\/www.eldiario.net\\\/portal\\\/author\\\/jeanette\\\/\"}]}<\/script>\n<!-- \/ Yoast SEO plugin. -->","yoast_head_json":{"title":"Rodr\u00edguez aboga por voluntad pol\u00edtica para lograr consensos - El Diario - Bolivia","robots":{"index":"index","follow":"follow","max-snippet":"max-snippet:-1","max-image-preview":"max-image-preview:large","max-video-preview":"max-video-preview:-1"},"canonical":"https:\/\/www.eldiario.net\/portal\/2024\/06\/29\/rodriguez-aboga-por-voluntad-politica-para-lograr-consensos\/","og_locale":"es_ES","og_type":"article","og_title":"Rodr\u00edguez aboga por voluntad pol\u00edtica para lograr consensos - El Diario - Bolivia","og_description":"Destacando que se haya logrado superar momentos cr\u00edticos tras la irrupci\u00f3n de fuerzas militares en el centro del poder pol\u00edtico nacional, el expresidente Eduardo Rodr\u00edguez Veltz\u00e9, asegur\u00f3 que la mejor forma de honrar la democracia es mediante la b\u00fasqueda de consensos para dar respuestas a temas urgentes como la econom\u00eda y la justicia, tal como [&hellip;]","og_url":"https:\/\/www.eldiario.net\/portal\/2024\/06\/29\/rodriguez-aboga-por-voluntad-politica-para-lograr-consensos\/","og_site_name":"El Diario - Bolivia","article_publisher":"https:\/\/www.facebook.com\/eldiario.bolivia\/","article_published_time":"2024-06-29T11:17:04+00:00","og_image":[{"width":765,"height":431,"url":"https:\/\/www.eldiario.net\/portal\/wp-content\/uploads\/2024\/06\/43-POL-5.jpg","type":"image\/jpeg"}],"author":"Jeanette","twitter_card":"summary_large_image","twitter_creator":"@eldiario_net","twitter_site":"@eldiario_net","twitter_misc":{"Escrito por":"Jeanette","Tiempo de lectura":"2 minutos"},"schema":{"@context":"https:\/\/schema.org","@graph":[{"@type":"Article","@id":"https:\/\/www.eldiario.net\/portal\/2024\/06\/29\/rodriguez-aboga-por-voluntad-politica-para-lograr-consensos\/#article","isPartOf":{"@id":"https:\/\/www.eldiario.net\/portal\/2024\/06\/29\/rodriguez-aboga-por-voluntad-politica-para-lograr-consensos\/"},"author":{"name":"Jeanette","@id":"https:\/\/www.eldiario.net\/portal\/#\/schema\/person\/f46445640444750d7d753ccd04ae01b7"},"headline":"Rodr\u00edguez aboga por voluntad pol\u00edtica para lograr consensos","datePublished":"2024-06-29T11:17:04+00:00","mainEntityOfPage":{"@id":"https:\/\/www.eldiario.net\/portal\/2024\/06\/29\/rodriguez-aboga-por-voluntad-politica-para-lograr-consensos\/"},"wordCount":316,"commentCount":0,"publisher":{"@id":"https:\/\/www.eldiario.net\/portal\/#organization"},"image":{"@id":"https:\/\/www.eldiario.net\/portal\/2024\/06\/29\/rodriguez-aboga-por-voluntad-politica-para-lograr-consensos\/#primaryimage"},"thumbnailUrl":"https:\/\/www.eldiario.net\/portal\/wp-content\/uploads\/2024\/06\/43-POL-5.jpg","articleSection":["Pol\u00edtica"],"inLanguage":"es","potentialAction":[{"@type":"CommentAction","name":"Comment","target":["https:\/\/www.eldiario.net\/portal\/2024\/06\/29\/rodriguez-aboga-por-voluntad-politica-para-lograr-consensos\/#respond"]}]},{"@type":"WebPage","@id":"https:\/\/www.eldiario.net\/portal\/2024\/06\/29\/rodriguez-aboga-por-voluntad-politica-para-lograr-consensos\/","url":"https:\/\/www.eldiario.net\/portal\/2024\/06\/29\/rodriguez-aboga-por-voluntad-politica-para-lograr-consensos\/","name":"Rodr\u00edguez aboga por voluntad pol\u00edtica para lograr consensos - El Diario - Bolivia","isPartOf":{"@id":"https:\/\/www.eldiario.net\/portal\/#website"},"primaryImageOfPage":{"@id":"https:\/\/www.eldiario.net\/portal\/2024\/06\/29\/rodriguez-aboga-por-voluntad-politica-para-lograr-consensos\/#primaryimage"},"image":{"@id":"https:\/\/www.eldiario.net\/portal\/2024\/06\/29\/rodriguez-aboga-por-voluntad-politica-para-lograr-consensos\/#primaryimage"},"thumbnailUrl":"https:\/\/www.eldiario.net\/portal\/wp-content\/uploads\/2024\/06\/43-POL-5.jpg","datePublished":"2024-06-29T11:17:04+00:00","breadcrumb":{"@id":"https:\/\/www.eldiario.net\/portal\/2024\/06\/29\/rodriguez-aboga-por-voluntad-politica-para-lograr-consensos\/#breadcrumb"},"inLanguage":"es","potentialAction":[{"@type":"ReadAction","target":["https:\/\/www.eldiario.net\/portal\/2024\/06\/29\/rodriguez-aboga-por-voluntad-politica-para-lograr-consensos\/"]}]},{"@type":"ImageObject","inLanguage":"es","@id":"https:\/\/www.eldiario.net\/portal\/2024\/06\/29\/rodriguez-aboga-por-voluntad-politica-para-lograr-consensos\/#primaryimage","url":"https:\/\/www.eldiario.net\/portal\/wp-content\/uploads\/2024\/06\/43-POL-5.jpg","contentUrl":"https:\/\/www.eldiario.net\/portal\/wp-content\/uploads\/2024\/06\/43-POL-5.jpg","width":765,"height":431,"caption":"el Expresidente, Eduardo Rodr\u00edguez Veltz\u00e9."},{"@type":"BreadcrumbList","@id":"https:\/\/www.eldiario.net\/portal\/2024\/06\/29\/rodriguez-aboga-por-voluntad-politica-para-lograr-consensos\/#breadcrumb","itemListElement":[{"@type":"ListItem","position":1,"name":"Portada","item":"https:\/\/www.eldiario.net\/portal\/"},{"@type":"ListItem","position":2,"name":"Rodr\u00edguez aboga por voluntad pol\u00edtica para lograr consensos"}]},{"@type":"WebSite","@id":"https:\/\/www.eldiario.net\/portal\/#website","url":"https:\/\/www.eldiario.net\/portal\/","name":"El Diario - Decano de la prensa nacional","description":"El Diario - Decano de la prensa nacional","publisher":{"@id":"https:\/\/www.eldiario.net\/portal\/#organization"},"potentialAction":[{"@type":"SearchAction","target":{"@type":"EntryPoint","urlTemplate":"https:\/\/www.eldiario.net\/portal\/?s={search_term_string}"},"query-input":{"@type":"PropertyValueSpecification","valueRequired":true,"valueName":"search_term_string"}}],"inLanguage":"es"},{"@type":"Organization","@id":"https:\/\/www.eldiario.net\/portal\/#organization","name":"El Diario - Decano de la prensa nacional","url":"https:\/\/www.eldiario.net\/portal\/","logo":{"@type":"ImageObject","inLanguage":"es","@id":"https:\/\/www.eldiario.net\/portal\/#\/schema\/logo\/image\/","url":"https:\/\/www.eldiario.net\/portal\/wp-content\/uploads\/2023\/07\/logo_ED.jpg","contentUrl":"https:\/\/www.eldiario.net\/portal\/wp-content\/uploads\/2023\/07\/logo_ED.jpg","width":272,"height":52,"caption":"El Diario - Decano de la prensa nacional"},"image":{"@id":"https:\/\/www.eldiario.net\/portal\/#\/schema\/logo\/image\/"},"sameAs":["https:\/\/www.facebook.com\/eldiario.bolivia\/","https:\/\/x.com\/eldiario_net"]},{"@type":"Person","@id":"https:\/\/www.eldiario.net\/portal\/#\/schema\/person\/f46445640444750d7d753ccd04ae01b7","name":"Jeanette","image":{"@type":"ImageObject","inLanguage":"es","@id":"https:\/\/secure.gravatar.com\/avatar\/3ea2118a5f7dad2b7138b1187a6b7ee55f160b9968b66013c3a3ef39dd7e5798?s=96&d=mm&r=g","url":"https:\/\/secure.gravatar.com\/avatar\/3ea2118a5f7dad2b7138b1187a6b7ee55f160b9968b66013c3a3ef39dd7e5798?s=96&d=mm&r=g","contentUrl":"https:\/\/secure.gravatar.com\/avatar\/3ea2118a5f7dad2b7138b1187a6b7ee55f160b9968b66013c3a3ef39dd7e5798?s=96&d=mm&r=g","caption":"Jeanette"},"sameAs":["https:\/\/www.eldiario.net\/portal"],"url":"https:\/\/www.eldiario.net\/portal\/author\/jeanette\/"}]}},"_links":{"self":[{"href":"https:\/\/www.eldiario.net\/portal\/wp-json\/wp\/v2\/posts\/230524","targetHints":{"allow":["GET"]}}],"collection":[{"href":"https:\/\/www.eldiario.net\/portal\/wp-json\/wp\/v2\/posts"}],"about":[{"href":"https:\/\/www.eldiario.net\/portal\/wp-json\/wp\/v2\/types\/post"}],"author":[{"embeddable":true,"href":"https:\/\/www.eldiario.net\/portal\/wp-json\/wp\/v2\/users\/1"}],"replies":[{"embeddable":true,"href":"https:\/\/www.eldiario.net\/portal\/wp-json\/wp\/v2\/comments?post=230524"}],"version-history":[{"count":1,"href":"https:\/\/www.eldiario.net\/portal\/wp-json\/wp\/v2\/posts\/230524\/revisions"}],"predecessor-version":[{"id":230526,"href":"https:\/\/www.eldiario.net\/portal\/wp-json\/wp\/v2\/posts\/230524\/revisions\/230526"}],"wp:featuredmedia":[{"embeddable":true,"href":"https:\/\/www.eldiario.net\/portal\/wp-json\/wp\/v2\/media\/230525"}],"wp:attachment":[{"href":"https:\/\/www.eldiario.net\/portal\/wp-json\/wp\/v2\/media?parent=230524"}],"wp:term":[{"taxonomy":"category","embeddable":true,"href":"https:\/\/www.eldiario.net\/portal\/wp-json\/wp\/v2\/categories?post=230524"},{"taxonomy":"post_tag","embeddable":true,"href":"https:\/\/www.eldiario.net\/portal\/wp-json\/wp\/v2\/tags?post=230524"}],"curies":[{"name":"wp","href":"https:\/\/api.w.org\/{rel}","templated":true}]}}