{"id":230517,"date":"2024-06-29T07:15:30","date_gmt":"2024-06-29T11:15:30","guid":{"rendered":"https:\/\/www.eldiario.net\/portal\/?p=230517"},"modified":"2024-06-29T07:15:30","modified_gmt":"2024-06-29T11:15:30","slug":"emilia-vuelve-a-reivindicar-la-iconica-era-de-la-cultura-pop-con-la_playlist-mpeg","status":"publish","type":"post","link":"https:\/\/www.eldiario.net\/portal\/2024\/06\/29\/emilia-vuelve-a-reivindicar-la-iconica-era-de-la-cultura-pop-con-la_playlist-mpeg\/","title":{"rendered":"Emilia vuelve a reivindicar la ic\u00f3nica era  de la cultura pop con \u201cLa_Playlist.mpeg\u201d"},"content":{"rendered":"<p>Emilia, la Pop Star argentina del momento que est\u00e1 marcando una nueva era del Pop internacional, presenta \u201cLa_Playlist.mpeg\u201d, su nuevo single. La canci\u00f3n, que tiene una clara influencia de los ic\u00f3nicos Electro Pop de los 90, revela una nueva fase en el presente de la artista, homenajeando una de las d\u00e9cadas claves de la cultura pop.<br \/>\n\u201cLa_Playlist.mpeg\u201d muestra el poder de la m\u00fasica y la nostalgia, explorando el deseo y la intimidad. Invocando la amada era de los 90 y jugando con las referencias propias de la creaci\u00f3n de una \u201cplaylist\u201d, Emilia aprovecha una nostalgia cultural compartida, sugiriendo que el amor y la sensualidad trascienden el tiempo. Con un ritmo alegre y letras divertidas, \u201cLa_Playlist.mpeg\u201d emerge como un tema pegadizo que celebra la conexi\u00f3n innata entre la m\u00fasica y la pasi\u00f3n para encender el romance y la conexi\u00f3n con la sensualidad.<br \/>\nA trav\u00e9s de este video, los fans son transportados a uno de los pasados m\u00e1s representativos de la historia reciente, donde Emilia, personifica a alguien que est\u00e1 trabajando en el mostrador de un videoclub, con un cl\u00e1sico reproductor de mp3 en la mano. Con una est\u00e9tica full 2000, desde cuadernos rosados y peludos hasta un escritorio retro de color verde lima, el video muestra a Emi transformarse imaginariamente de recepcionista a superestrella de los 90\u2019s. Perdida en un sue\u00f1o, la m\u00fasica se convierte en su canal para encarnar un personaje \u00edcono del Pop, alej\u00e1ndose de la realidad y adentr\u00e1ndose en un mundo de superestrellas.<br \/>\nLlevando a lo m\u00e1s alto a sus exclusivos brillitos debajo de los ojos para enaltecer su poder de estrella, Emilia abraza el glamour de la d\u00e9cada y, al mismo tiempo que adopta una apariencia m\u00e1s atrevida, la nost\u00e1lgica moda Pop de aquellas \u00e9pocas doradas se representan fielmente, desde lucir un top corto y un look de maquillaje escarchado hasta un conjunto completamente de mezclilla y talle bajo. Definitivamente, el Pop dosmilero y Emilia nacieron para encontrarse.<br \/>\nCon \u201cLa_Playlist.mpeg\u201d, la poderosa fuerza del Pop marca el comienzo de un nuevo cap\u00edtulo de evoluci\u00f3n en su carrera musical, demostrando su versatilidad e imparable trayectoria como artista.<br \/>\nPIE FOTO<\/p>\n","protected":false},"excerpt":{"rendered":"<p>Emilia, la Pop Star argentina del momento que est\u00e1 marcando una nueva era del Pop internacional, presenta \u201cLa_Playlist.mpeg\u201d, su nuevo single. La canci\u00f3n, que tiene una clara influencia de los ic\u00f3nicos Electro Pop de los 90, revela una nueva fase en el presente de la artista, homenajeando una de las d\u00e9cadas claves de la cultura [&hellip;]<\/p>\n","protected":false},"author":1,"featured_media":230518,"comment_status":"open","ping_status":"open","sticky":false,"template":"","format":"standard","meta":{"_acf_changed":false,"footnotes":""},"categories":[8],"tags":[],"class_list":["post-230517","post","type-post","status-publish","format-standard","has-post-thumbnail","category-cultural"],"acf":{"antetitulo":"Nuevo single"},"yoast_head":"<!-- This site is optimized with the Yoast SEO plugin v28.4 - https:\/\/yoast.com\/product\/yoast-seo-wordpress\/ -->\n<title>Emilia vuelve a reivindicar la ic\u00f3nica era de la cultura pop con \u201cLa_Playlist.mpeg\u201d - El Diario - Bolivia<\/title>\n<meta name=\"robots\" content=\"index, follow, max-snippet:-1, max-image-preview:large, max-video-preview:-1\" \/>\n<link rel=\"canonical\" href=\"https:\/\/www.eldiario.net\/portal\/2024\/06\/29\/emilia-vuelve-a-reivindicar-la-iconica-era-de-la-cultura-pop-con-la_playlist-mpeg\/\" \/>\n<meta property=\"og:locale\" content=\"es_ES\" \/>\n<meta property=\"og:type\" content=\"article\" \/>\n<meta property=\"og:title\" content=\"Emilia vuelve a reivindicar la ic\u00f3nica era de la cultura pop con \u201cLa_Playlist.mpeg\u201d - El Diario - Bolivia\" \/>\n<meta property=\"og:description\" content=\"Emilia, la Pop Star argentina del momento que est\u00e1 marcando una nueva era del Pop internacional, presenta \u201cLa_Playlist.mpeg\u201d, su nuevo single. La canci\u00f3n, que tiene una clara influencia de los ic\u00f3nicos Electro Pop de los 90, revela una nueva fase en el presente de la artista, homenajeando una de las d\u00e9cadas claves de la cultura [&hellip;]\" \/>\n<meta property=\"og:url\" content=\"https:\/\/www.eldiario.net\/portal\/2024\/06\/29\/emilia-vuelve-a-reivindicar-la-iconica-era-de-la-cultura-pop-con-la_playlist-mpeg\/\" \/>\n<meta property=\"og:site_name\" content=\"El Diario - Bolivia\" \/>\n<meta property=\"article:publisher\" content=\"https:\/\/www.facebook.com\/eldiario.bolivia\/\" \/>\n<meta property=\"article:published_time\" content=\"2024-06-29T11:15:30+00:00\" \/>\n<meta property=\"og:image\" content=\"https:\/\/www.eldiario.net\/portal\/wp-content\/uploads\/2024\/06\/DISCO.jpeg\" \/>\n\t<meta property=\"og:image:width\" content=\"648\" \/>\n\t<meta property=\"og:image:height\" content=\"433\" \/>\n\t<meta property=\"og:image:type\" content=\"image\/jpeg\" \/>\n<meta name=\"author\" content=\"Jeanette\" \/>\n<meta name=\"twitter:card\" content=\"summary_large_image\" \/>\n<meta name=\"twitter:creator\" content=\"@eldiario_net\" \/>\n<meta name=\"twitter:site\" content=\"@eldiario_net\" \/>\n<meta name=\"twitter:label1\" content=\"Escrito por\" \/>\n\t<meta name=\"twitter:data1\" content=\"Jeanette\" \/>\n\t<meta name=\"twitter:label2\" content=\"Tiempo de lectura\" \/>\n\t<meta name=\"twitter:data2\" content=\"2 minutos\" \/>\n<script type=\"application\/ld+json\" class=\"yoast-schema-graph\">{\"@context\":\"https:\\\/\\\/schema.org\",\"@graph\":[{\"@type\":\"Article\",\"@id\":\"https:\\\/\\\/www.eldiario.net\\\/portal\\\/2024\\\/06\\\/29\\\/emilia-vuelve-a-reivindicar-la-iconica-era-de-la-cultura-pop-con-la_playlist-mpeg\\\/#article\",\"isPartOf\":{\"@id\":\"https:\\\/\\\/www.eldiario.net\\\/portal\\\/2024\\\/06\\\/29\\\/emilia-vuelve-a-reivindicar-la-iconica-era-de-la-cultura-pop-con-la_playlist-mpeg\\\/\"},\"author\":{\"name\":\"Jeanette\",\"@id\":\"https:\\\/\\\/www.eldiario.net\\\/portal\\\/#\\\/schema\\\/person\\\/f46445640444750d7d753ccd04ae01b7\"},\"headline\":\"Emilia vuelve a reivindicar la ic\u00f3nica era de la cultura pop con \u201cLa_Playlist.mpeg\u201d\",\"datePublished\":\"2024-06-29T11:15:30+00:00\",\"mainEntityOfPage\":{\"@id\":\"https:\\\/\\\/www.eldiario.net\\\/portal\\\/2024\\\/06\\\/29\\\/emilia-vuelve-a-reivindicar-la-iconica-era-de-la-cultura-pop-con-la_playlist-mpeg\\\/\"},\"wordCount\":395,\"commentCount\":0,\"publisher\":{\"@id\":\"https:\\\/\\\/www.eldiario.net\\\/portal\\\/#organization\"},\"image\":{\"@id\":\"https:\\\/\\\/www.eldiario.net\\\/portal\\\/2024\\\/06\\\/29\\\/emilia-vuelve-a-reivindicar-la-iconica-era-de-la-cultura-pop-con-la_playlist-mpeg\\\/#primaryimage\"},\"thumbnailUrl\":\"https:\\\/\\\/www.eldiario.net\\\/portal\\\/wp-content\\\/uploads\\\/2024\\\/06\\\/DISCO.jpeg\",\"articleSection\":[\"Cultural\"],\"inLanguage\":\"es\",\"potentialAction\":[{\"@type\":\"CommentAction\",\"name\":\"Comment\",\"target\":[\"https:\\\/\\\/www.eldiario.net\\\/portal\\\/2024\\\/06\\\/29\\\/emilia-vuelve-a-reivindicar-la-iconica-era-de-la-cultura-pop-con-la_playlist-mpeg\\\/#respond\"]}]},{\"@type\":\"WebPage\",\"@id\":\"https:\\\/\\\/www.eldiario.net\\\/portal\\\/2024\\\/06\\\/29\\\/emilia-vuelve-a-reivindicar-la-iconica-era-de-la-cultura-pop-con-la_playlist-mpeg\\\/\",\"url\":\"https:\\\/\\\/www.eldiario.net\\\/portal\\\/2024\\\/06\\\/29\\\/emilia-vuelve-a-reivindicar-la-iconica-era-de-la-cultura-pop-con-la_playlist-mpeg\\\/\",\"name\":\"Emilia vuelve a reivindicar la ic\u00f3nica era de la cultura pop con \u201cLa_Playlist.mpeg\u201d - El Diario - Bolivia\",\"isPartOf\":{\"@id\":\"https:\\\/\\\/www.eldiario.net\\\/portal\\\/#website\"},\"primaryImageOfPage\":{\"@id\":\"https:\\\/\\\/www.eldiario.net\\\/portal\\\/2024\\\/06\\\/29\\\/emilia-vuelve-a-reivindicar-la-iconica-era-de-la-cultura-pop-con-la_playlist-mpeg\\\/#primaryimage\"},\"image\":{\"@id\":\"https:\\\/\\\/www.eldiario.net\\\/portal\\\/2024\\\/06\\\/29\\\/emilia-vuelve-a-reivindicar-la-iconica-era-de-la-cultura-pop-con-la_playlist-mpeg\\\/#primaryimage\"},\"thumbnailUrl\":\"https:\\\/\\\/www.eldiario.net\\\/portal\\\/wp-content\\\/uploads\\\/2024\\\/06\\\/DISCO.jpeg\",\"datePublished\":\"2024-06-29T11:15:30+00:00\",\"breadcrumb\":{\"@id\":\"https:\\\/\\\/www.eldiario.net\\\/portal\\\/2024\\\/06\\\/29\\\/emilia-vuelve-a-reivindicar-la-iconica-era-de-la-cultura-pop-con-la_playlist-mpeg\\\/#breadcrumb\"},\"inLanguage\":\"es\",\"potentialAction\":[{\"@type\":\"ReadAction\",\"target\":[\"https:\\\/\\\/www.eldiario.net\\\/portal\\\/2024\\\/06\\\/29\\\/emilia-vuelve-a-reivindicar-la-iconica-era-de-la-cultura-pop-con-la_playlist-mpeg\\\/\"]}]},{\"@type\":\"ImageObject\",\"inLanguage\":\"es\",\"@id\":\"https:\\\/\\\/www.eldiario.net\\\/portal\\\/2024\\\/06\\\/29\\\/emilia-vuelve-a-reivindicar-la-iconica-era-de-la-cultura-pop-con-la_playlist-mpeg\\\/#primaryimage\",\"url\":\"https:\\\/\\\/www.eldiario.net\\\/portal\\\/wp-content\\\/uploads\\\/2024\\\/06\\\/DISCO.jpeg\",\"contentUrl\":\"https:\\\/\\\/www.eldiario.net\\\/portal\\\/wp-content\\\/uploads\\\/2024\\\/06\\\/DISCO.jpeg\",\"width\":648,\"height\":433,\"caption\":\"LA POP STAR ARGENTINA, EMILIA.\"},{\"@type\":\"BreadcrumbList\",\"@id\":\"https:\\\/\\\/www.eldiario.net\\\/portal\\\/2024\\\/06\\\/29\\\/emilia-vuelve-a-reivindicar-la-iconica-era-de-la-cultura-pop-con-la_playlist-mpeg\\\/#breadcrumb\",\"itemListElement\":[{\"@type\":\"ListItem\",\"position\":1,\"name\":\"Portada\",\"item\":\"https:\\\/\\\/www.eldiario.net\\\/portal\\\/\"},{\"@type\":\"ListItem\",\"position\":2,\"name\":\"Emilia vuelve a reivindicar la ic\u00f3nica era de la cultura pop con \u201cLa_Playlist.mpeg\u201d\"}]},{\"@type\":\"WebSite\",\"@id\":\"https:\\\/\\\/www.eldiario.net\\\/portal\\\/#website\",\"url\":\"https:\\\/\\\/www.eldiario.net\\\/portal\\\/\",\"name\":\"El Diario - Decano de la prensa nacional\",\"description\":\"El Diario - Decano de la prensa nacional\",\"publisher\":{\"@id\":\"https:\\\/\\\/www.eldiario.net\\\/portal\\\/#organization\"},\"potentialAction\":[{\"@type\":\"SearchAction\",\"target\":{\"@type\":\"EntryPoint\",\"urlTemplate\":\"https:\\\/\\\/www.eldiario.net\\\/portal\\\/?s={search_term_string}\"},\"query-input\":{\"@type\":\"PropertyValueSpecification\",\"valueRequired\":true,\"valueName\":\"search_term_string\"}}],\"inLanguage\":\"es\"},{\"@type\":\"Organization\",\"@id\":\"https:\\\/\\\/www.eldiario.net\\\/portal\\\/#organization\",\"name\":\"El Diario - Decano de la prensa nacional\",\"url\":\"https:\\\/\\\/www.eldiario.net\\\/portal\\\/\",\"logo\":{\"@type\":\"ImageObject\",\"inLanguage\":\"es\",\"@id\":\"https:\\\/\\\/www.eldiario.net\\\/portal\\\/#\\\/schema\\\/logo\\\/image\\\/\",\"url\":\"https:\\\/\\\/www.eldiario.net\\\/portal\\\/wp-content\\\/uploads\\\/2023\\\/07\\\/logo_ED.jpg\",\"contentUrl\":\"https:\\\/\\\/www.eldiario.net\\\/portal\\\/wp-content\\\/uploads\\\/2023\\\/07\\\/logo_ED.jpg\",\"width\":272,\"height\":52,\"caption\":\"El Diario - Decano de la prensa nacional\"},\"image\":{\"@id\":\"https:\\\/\\\/www.eldiario.net\\\/portal\\\/#\\\/schema\\\/logo\\\/image\\\/\"},\"sameAs\":[\"https:\\\/\\\/www.facebook.com\\\/eldiario.bolivia\\\/\",\"https:\\\/\\\/x.com\\\/eldiario_net\"]},{\"@type\":\"Person\",\"@id\":\"https:\\\/\\\/www.eldiario.net\\\/portal\\\/#\\\/schema\\\/person\\\/f46445640444750d7d753ccd04ae01b7\",\"name\":\"Jeanette\",\"image\":{\"@type\":\"ImageObject\",\"inLanguage\":\"es\",\"@id\":\"https:\\\/\\\/secure.gravatar.com\\\/avatar\\\/3ea2118a5f7dad2b7138b1187a6b7ee55f160b9968b66013c3a3ef39dd7e5798?s=96&d=mm&r=g\",\"url\":\"https:\\\/\\\/secure.gravatar.com\\\/avatar\\\/3ea2118a5f7dad2b7138b1187a6b7ee55f160b9968b66013c3a3ef39dd7e5798?s=96&d=mm&r=g\",\"contentUrl\":\"https:\\\/\\\/secure.gravatar.com\\\/avatar\\\/3ea2118a5f7dad2b7138b1187a6b7ee55f160b9968b66013c3a3ef39dd7e5798?s=96&d=mm&r=g\",\"caption\":\"Jeanette\"},\"sameAs\":[\"https:\\\/\\\/www.eldiario.net\\\/portal\"],\"url\":\"https:\\\/\\\/www.eldiario.net\\\/portal\\\/author\\\/jeanette\\\/\"}]}<\/script>\n<!-- \/ Yoast SEO plugin. -->","yoast_head_json":{"title":"Emilia vuelve a reivindicar la ic\u00f3nica era de la cultura pop con \u201cLa_Playlist.mpeg\u201d - El Diario - Bolivia","robots":{"index":"index","follow":"follow","max-snippet":"max-snippet:-1","max-image-preview":"max-image-preview:large","max-video-preview":"max-video-preview:-1"},"canonical":"https:\/\/www.eldiario.net\/portal\/2024\/06\/29\/emilia-vuelve-a-reivindicar-la-iconica-era-de-la-cultura-pop-con-la_playlist-mpeg\/","og_locale":"es_ES","og_type":"article","og_title":"Emilia vuelve a reivindicar la ic\u00f3nica era de la cultura pop con \u201cLa_Playlist.mpeg\u201d - El Diario - Bolivia","og_description":"Emilia, la Pop Star argentina del momento que est\u00e1 marcando una nueva era del Pop internacional, presenta \u201cLa_Playlist.mpeg\u201d, su nuevo single. La canci\u00f3n, que tiene una clara influencia de los ic\u00f3nicos Electro Pop de los 90, revela una nueva fase en el presente de la artista, homenajeando una de las d\u00e9cadas claves de la cultura [&hellip;]","og_url":"https:\/\/www.eldiario.net\/portal\/2024\/06\/29\/emilia-vuelve-a-reivindicar-la-iconica-era-de-la-cultura-pop-con-la_playlist-mpeg\/","og_site_name":"El Diario - Bolivia","article_publisher":"https:\/\/www.facebook.com\/eldiario.bolivia\/","article_published_time":"2024-06-29T11:15:30+00:00","og_image":[{"width":648,"height":433,"url":"https:\/\/www.eldiario.net\/portal\/wp-content\/uploads\/2024\/06\/DISCO.jpeg","type":"image\/jpeg"}],"author":"Jeanette","twitter_card":"summary_large_image","twitter_creator":"@eldiario_net","twitter_site":"@eldiario_net","twitter_misc":{"Escrito por":"Jeanette","Tiempo de lectura":"2 minutos"},"schema":{"@context":"https:\/\/schema.org","@graph":[{"@type":"Article","@id":"https:\/\/www.eldiario.net\/portal\/2024\/06\/29\/emilia-vuelve-a-reivindicar-la-iconica-era-de-la-cultura-pop-con-la_playlist-mpeg\/#article","isPartOf":{"@id":"https:\/\/www.eldiario.net\/portal\/2024\/06\/29\/emilia-vuelve-a-reivindicar-la-iconica-era-de-la-cultura-pop-con-la_playlist-mpeg\/"},"author":{"name":"Jeanette","@id":"https:\/\/www.eldiario.net\/portal\/#\/schema\/person\/f46445640444750d7d753ccd04ae01b7"},"headline":"Emilia vuelve a reivindicar la ic\u00f3nica era de la cultura pop con \u201cLa_Playlist.mpeg\u201d","datePublished":"2024-06-29T11:15:30+00:00","mainEntityOfPage":{"@id":"https:\/\/www.eldiario.net\/portal\/2024\/06\/29\/emilia-vuelve-a-reivindicar-la-iconica-era-de-la-cultura-pop-con-la_playlist-mpeg\/"},"wordCount":395,"commentCount":0,"publisher":{"@id":"https:\/\/www.eldiario.net\/portal\/#organization"},"image":{"@id":"https:\/\/www.eldiario.net\/portal\/2024\/06\/29\/emilia-vuelve-a-reivindicar-la-iconica-era-de-la-cultura-pop-con-la_playlist-mpeg\/#primaryimage"},"thumbnailUrl":"https:\/\/www.eldiario.net\/portal\/wp-content\/uploads\/2024\/06\/DISCO.jpeg","articleSection":["Cultural"],"inLanguage":"es","potentialAction":[{"@type":"CommentAction","name":"Comment","target":["https:\/\/www.eldiario.net\/portal\/2024\/06\/29\/emilia-vuelve-a-reivindicar-la-iconica-era-de-la-cultura-pop-con-la_playlist-mpeg\/#respond"]}]},{"@type":"WebPage","@id":"https:\/\/www.eldiario.net\/portal\/2024\/06\/29\/emilia-vuelve-a-reivindicar-la-iconica-era-de-la-cultura-pop-con-la_playlist-mpeg\/","url":"https:\/\/www.eldiario.net\/portal\/2024\/06\/29\/emilia-vuelve-a-reivindicar-la-iconica-era-de-la-cultura-pop-con-la_playlist-mpeg\/","name":"Emilia vuelve a reivindicar la ic\u00f3nica era de la cultura pop con \u201cLa_Playlist.mpeg\u201d - El Diario - Bolivia","isPartOf":{"@id":"https:\/\/www.eldiario.net\/portal\/#website"},"primaryImageOfPage":{"@id":"https:\/\/www.eldiario.net\/portal\/2024\/06\/29\/emilia-vuelve-a-reivindicar-la-iconica-era-de-la-cultura-pop-con-la_playlist-mpeg\/#primaryimage"},"image":{"@id":"https:\/\/www.eldiario.net\/portal\/2024\/06\/29\/emilia-vuelve-a-reivindicar-la-iconica-era-de-la-cultura-pop-con-la_playlist-mpeg\/#primaryimage"},"thumbnailUrl":"https:\/\/www.eldiario.net\/portal\/wp-content\/uploads\/2024\/06\/DISCO.jpeg","datePublished":"2024-06-29T11:15:30+00:00","breadcrumb":{"@id":"https:\/\/www.eldiario.net\/portal\/2024\/06\/29\/emilia-vuelve-a-reivindicar-la-iconica-era-de-la-cultura-pop-con-la_playlist-mpeg\/#breadcrumb"},"inLanguage":"es","potentialAction":[{"@type":"ReadAction","target":["https:\/\/www.eldiario.net\/portal\/2024\/06\/29\/emilia-vuelve-a-reivindicar-la-iconica-era-de-la-cultura-pop-con-la_playlist-mpeg\/"]}]},{"@type":"ImageObject","inLanguage":"es","@id":"https:\/\/www.eldiario.net\/portal\/2024\/06\/29\/emilia-vuelve-a-reivindicar-la-iconica-era-de-la-cultura-pop-con-la_playlist-mpeg\/#primaryimage","url":"https:\/\/www.eldiario.net\/portal\/wp-content\/uploads\/2024\/06\/DISCO.jpeg","contentUrl":"https:\/\/www.eldiario.net\/portal\/wp-content\/uploads\/2024\/06\/DISCO.jpeg","width":648,"height":433,"caption":"LA POP STAR ARGENTINA, EMILIA."},{"@type":"BreadcrumbList","@id":"https:\/\/www.eldiario.net\/portal\/2024\/06\/29\/emilia-vuelve-a-reivindicar-la-iconica-era-de-la-cultura-pop-con-la_playlist-mpeg\/#breadcrumb","itemListElement":[{"@type":"ListItem","position":1,"name":"Portada","item":"https:\/\/www.eldiario.net\/portal\/"},{"@type":"ListItem","position":2,"name":"Emilia vuelve a reivindicar la ic\u00f3nica era de la cultura pop con \u201cLa_Playlist.mpeg\u201d"}]},{"@type":"WebSite","@id":"https:\/\/www.eldiario.net\/portal\/#website","url":"https:\/\/www.eldiario.net\/portal\/","name":"El Diario - Decano de la prensa nacional","description":"El Diario - Decano de la prensa nacional","publisher":{"@id":"https:\/\/www.eldiario.net\/portal\/#organization"},"potentialAction":[{"@type":"SearchAction","target":{"@type":"EntryPoint","urlTemplate":"https:\/\/www.eldiario.net\/portal\/?s={search_term_string}"},"query-input":{"@type":"PropertyValueSpecification","valueRequired":true,"valueName":"search_term_string"}}],"inLanguage":"es"},{"@type":"Organization","@id":"https:\/\/www.eldiario.net\/portal\/#organization","name":"El Diario - Decano de la prensa nacional","url":"https:\/\/www.eldiario.net\/portal\/","logo":{"@type":"ImageObject","inLanguage":"es","@id":"https:\/\/www.eldiario.net\/portal\/#\/schema\/logo\/image\/","url":"https:\/\/www.eldiario.net\/portal\/wp-content\/uploads\/2023\/07\/logo_ED.jpg","contentUrl":"https:\/\/www.eldiario.net\/portal\/wp-content\/uploads\/2023\/07\/logo_ED.jpg","width":272,"height":52,"caption":"El Diario - Decano de la prensa nacional"},"image":{"@id":"https:\/\/www.eldiario.net\/portal\/#\/schema\/logo\/image\/"},"sameAs":["https:\/\/www.facebook.com\/eldiario.bolivia\/","https:\/\/x.com\/eldiario_net"]},{"@type":"Person","@id":"https:\/\/www.eldiario.net\/portal\/#\/schema\/person\/f46445640444750d7d753ccd04ae01b7","name":"Jeanette","image":{"@type":"ImageObject","inLanguage":"es","@id":"https:\/\/secure.gravatar.com\/avatar\/3ea2118a5f7dad2b7138b1187a6b7ee55f160b9968b66013c3a3ef39dd7e5798?s=96&d=mm&r=g","url":"https:\/\/secure.gravatar.com\/avatar\/3ea2118a5f7dad2b7138b1187a6b7ee55f160b9968b66013c3a3ef39dd7e5798?s=96&d=mm&r=g","contentUrl":"https:\/\/secure.gravatar.com\/avatar\/3ea2118a5f7dad2b7138b1187a6b7ee55f160b9968b66013c3a3ef39dd7e5798?s=96&d=mm&r=g","caption":"Jeanette"},"sameAs":["https:\/\/www.eldiario.net\/portal"],"url":"https:\/\/www.eldiario.net\/portal\/author\/jeanette\/"}]}},"_links":{"self":[{"href":"https:\/\/www.eldiario.net\/portal\/wp-json\/wp\/v2\/posts\/230517","targetHints":{"allow":["GET"]}}],"collection":[{"href":"https:\/\/www.eldiario.net\/portal\/wp-json\/wp\/v2\/posts"}],"about":[{"href":"https:\/\/www.eldiario.net\/portal\/wp-json\/wp\/v2\/types\/post"}],"author":[{"embeddable":true,"href":"https:\/\/www.eldiario.net\/portal\/wp-json\/wp\/v2\/users\/1"}],"replies":[{"embeddable":true,"href":"https:\/\/www.eldiario.net\/portal\/wp-json\/wp\/v2\/comments?post=230517"}],"version-history":[{"count":1,"href":"https:\/\/www.eldiario.net\/portal\/wp-json\/wp\/v2\/posts\/230517\/revisions"}],"predecessor-version":[{"id":230519,"href":"https:\/\/www.eldiario.net\/portal\/wp-json\/wp\/v2\/posts\/230517\/revisions\/230519"}],"wp:featuredmedia":[{"embeddable":true,"href":"https:\/\/www.eldiario.net\/portal\/wp-json\/wp\/v2\/media\/230518"}],"wp:attachment":[{"href":"https:\/\/www.eldiario.net\/portal\/wp-json\/wp\/v2\/media?parent=230517"}],"wp:term":[{"taxonomy":"category","embeddable":true,"href":"https:\/\/www.eldiario.net\/portal\/wp-json\/wp\/v2\/categories?post=230517"},{"taxonomy":"post_tag","embeddable":true,"href":"https:\/\/www.eldiario.net\/portal\/wp-json\/wp\/v2\/tags?post=230517"}],"curies":[{"name":"wp","href":"https:\/\/api.w.org\/{rel}","templated":true}]}}