{"id":230512,"date":"2024-06-29T07:14:15","date_gmt":"2024-06-29T11:14:15","guid":{"rendered":"https:\/\/www.eldiario.net\/portal\/?p=230512"},"modified":"2024-06-29T07:14:15","modified_gmt":"2024-06-29T11:14:15","slug":"fijan-6-de-julio-como-dia-de-la-marraqueta","status":"publish","type":"post","link":"https:\/\/www.eldiario.net\/portal\/2024\/06\/29\/fijan-6-de-julio-como-dia-de-la-marraqueta\/","title":{"rendered":"Fijan 6 de julio como D\u00eda de la Marraqueta"},"content":{"rendered":"<p>Con el objetivo de promover y destacar la identidad gastron\u00f3mica y cultural pace\u00f1a, el Concejo Municipal de La Paz declar\u00f3 a la marraqueta como Patrimonio Cultural del municipio pace\u00f1o. Adem\u00e1s, la presidenta del Concejo edil, Lourdes Chambilla, impuls\u00f3 la norma que tambi\u00e9n fija el 6 de julio como \u201cD\u00eda de la Marraqueta\u201d.<br \/>\n\u201cMe siento muy orgullosa y feliz de ser la proyectista de la declaraci\u00f3n al pan marraqueta como Patrimonio Cultural del Municipio de La Paz. Agradezco a los concejales y concejalas que apoyaron este proyecto. Nuestro pan marraqueta est\u00e1 en el top 3 mundial, como uno de los mejores panes del mundo. Es un orgullo para m\u00ed como pace\u00f1a y es por eso que impuls\u00e9 este proyecto\u201d, comparti\u00f3 Chambilla en sus redes sociales.<br \/>\nDe igual forma, lo confirm\u00f3 la concejala Luc\u00eda Mamani, quien comparti\u00f3 la jornada del mi\u00e9rcoles, durante la sesi\u00f3n ordinaria N\u00ba 34\/2024 del Concejo Municipal se aprobaron dos proyectos de ley: uno de ellos el referido al pan marraqueta como Patrimonio Cultural.<br \/>\n\u201cA partir de hoy, el pan marraqueta ha sido declarado como Patrimonio Cultural del Municipio de La Paz, en reconocimiento a su valor hist\u00f3rico y tradicional\u201d, escribi\u00f3 la legisladora pace\u00f1a.<br \/>\nEl concejal Lucio Quispe tambi\u00e9n se refiri\u00f3 a la normativa y record\u00f3 sus \u00e9pocas donde se dedicaba al noble oficio de la panader\u00eda.<br \/>\n\u201cCon gran orgullo les comparto que en la Sesi\u00f3n Ordinaria (\u2026) aprobamos el Proyecto de Ley Municipal que declara a la marraqueta como Patrimonio Cultural del Municipio de La Paz. Mi persona al haber sido panadero en su juventud soy testigo de que nuestro \u2018Pan de Batalla\u2019 ha acompa\u00f1ado a los pace\u00f1os durante d\u00e9cadas, siendo un s\u00edmbolo de nuestra cultura y tradici\u00f3n en el diario vivir\u201d, subray\u00f3 en sus redes sociales.<br \/>\nSeg\u00fan el concejal, esta ley es un reconocimiento a \u201csu importancia en nuestra identidad como pace\u00f1os\u201d.<br \/>\nNORMA<br \/>\nLa marraqueta, conocida tambi\u00e9n como pan de batalla, fue declarada este 26 de junio como Patrimonio Cultural del municipio de La Paz mediante una ley aprobada por mayor\u00eda en el Concejo Municipal.<br \/>\nLa norma est\u00e1 conformada por seis art\u00edculos y fue impulsada por Chambilla, quien destac\u00f3 que se establece al 6 de julio como \u201cD\u00eda de la Marraqueta\u201d.<br \/>\n\u201cLa Ley Municipal tiene como fin declarar al pan \u2018Marraqueta\u2019 como Patrimonio Cultural del municipio de La Paz, para resaltar la importancia hist\u00f3rica, cultural y gastron\u00f3mica de este ic\u00f3nico alimento dentro de la identidad local, reconociendo su valor como parte integral del patrimonio inmaterial de la comunidad. Tambi\u00e9n queremos resaltar que a partir de esta norma cada 6 de julio se celebrar\u00e1 el D\u00eda de la Marraqueta\u201d, enfatiz\u00f3 la presidenta del Concejo pace\u00f1o.<br \/>\nLa ley, adem\u00e1s determina que el \u00d3rgano Ejecutivo Municipal promueva actividades culturales y gastron\u00f3micas que resalten la marraqueta como s\u00edmbolo de identidad y orgullo del municipio de La Paz durante una semana a partir del 6 de julio de cada a\u00f1o.<\/p>\n<p>&nbsp;<\/p>\n","protected":false},"excerpt":{"rendered":"<p>Con el objetivo de promover y destacar la identidad gastron\u00f3mica y cultural pace\u00f1a, el Concejo Municipal de La Paz declar\u00f3 a la marraqueta como Patrimonio Cultural del municipio pace\u00f1o. Adem\u00e1s, la presidenta del Concejo edil, Lourdes Chambilla, impuls\u00f3 la norma que tambi\u00e9n fija el 6 de julio como \u201cD\u00eda de la Marraqueta\u201d. \u201cMe siento muy [&hellip;]<\/p>\n","protected":false},"author":1,"featured_media":230513,"comment_status":"open","ping_status":"open","sticky":false,"template":"","format":"standard","meta":{"_acf_changed":false,"footnotes":""},"categories":[12],"tags":[],"class_list":["post-230512","post","type-post","status-publish","format-standard","has-post-thumbnail","category-nacional"],"acf":{"antetitulo":"Declaran Patrimonio Cultural pace\u00f1o"},"yoast_head":"<!-- This site is optimized with the Yoast SEO plugin v28.4 - https:\/\/yoast.com\/product\/yoast-seo-wordpress\/ -->\n<title>Fijan 6 de julio como D\u00eda de la Marraqueta - El Diario - Bolivia<\/title>\n<meta name=\"robots\" content=\"index, follow, max-snippet:-1, max-image-preview:large, max-video-preview:-1\" \/>\n<link rel=\"canonical\" href=\"https:\/\/www.eldiario.net\/portal\/2024\/06\/29\/fijan-6-de-julio-como-dia-de-la-marraqueta\/\" \/>\n<meta property=\"og:locale\" content=\"es_ES\" \/>\n<meta property=\"og:type\" content=\"article\" \/>\n<meta property=\"og:title\" content=\"Fijan 6 de julio como D\u00eda de la Marraqueta - El Diario - Bolivia\" \/>\n<meta property=\"og:description\" content=\"Con el objetivo de promover y destacar la identidad gastron\u00f3mica y cultural pace\u00f1a, el Concejo Municipal de La Paz declar\u00f3 a la marraqueta como Patrimonio Cultural del municipio pace\u00f1o. Adem\u00e1s, la presidenta del Concejo edil, Lourdes Chambilla, impuls\u00f3 la norma que tambi\u00e9n fija el 6 de julio como \u201cD\u00eda de la Marraqueta\u201d. \u201cMe siento muy [&hellip;]\" \/>\n<meta property=\"og:url\" content=\"https:\/\/www.eldiario.net\/portal\/2024\/06\/29\/fijan-6-de-julio-como-dia-de-la-marraqueta\/\" \/>\n<meta property=\"og:site_name\" content=\"El Diario - Bolivia\" \/>\n<meta property=\"article:publisher\" content=\"https:\/\/www.facebook.com\/eldiario.bolivia\/\" \/>\n<meta property=\"article:published_time\" content=\"2024-06-29T11:14:15+00:00\" \/>\n<meta property=\"og:image\" content=\"https:\/\/www.eldiario.net\/portal\/wp-content\/uploads\/2024\/06\/F-1-Marraqueta.jpg\" \/>\n\t<meta property=\"og:image:width\" content=\"696\" \/>\n\t<meta property=\"og:image:height\" content=\"570\" \/>\n\t<meta property=\"og:image:type\" content=\"image\/jpeg\" \/>\n<meta name=\"author\" content=\"Jeanette\" \/>\n<meta name=\"twitter:card\" content=\"summary_large_image\" \/>\n<meta name=\"twitter:creator\" content=\"@eldiario_net\" \/>\n<meta name=\"twitter:site\" content=\"@eldiario_net\" \/>\n<meta name=\"twitter:label1\" content=\"Escrito por\" \/>\n\t<meta name=\"twitter:data1\" content=\"Jeanette\" \/>\n\t<meta name=\"twitter:label2\" content=\"Tiempo de lectura\" \/>\n\t<meta name=\"twitter:data2\" content=\"3 minutos\" \/>\n<script type=\"application\/ld+json\" class=\"yoast-schema-graph\">{\"@context\":\"https:\\\/\\\/schema.org\",\"@graph\":[{\"@type\":\"Article\",\"@id\":\"https:\\\/\\\/www.eldiario.net\\\/portal\\\/2024\\\/06\\\/29\\\/fijan-6-de-julio-como-dia-de-la-marraqueta\\\/#article\",\"isPartOf\":{\"@id\":\"https:\\\/\\\/www.eldiario.net\\\/portal\\\/2024\\\/06\\\/29\\\/fijan-6-de-julio-como-dia-de-la-marraqueta\\\/\"},\"author\":{\"name\":\"Jeanette\",\"@id\":\"https:\\\/\\\/www.eldiario.net\\\/portal\\\/#\\\/schema\\\/person\\\/f46445640444750d7d753ccd04ae01b7\"},\"headline\":\"Fijan 6 de julio como D\u00eda de la Marraqueta\",\"datePublished\":\"2024-06-29T11:14:15+00:00\",\"mainEntityOfPage\":{\"@id\":\"https:\\\/\\\/www.eldiario.net\\\/portal\\\/2024\\\/06\\\/29\\\/fijan-6-de-julio-como-dia-de-la-marraqueta\\\/\"},\"wordCount\":517,\"commentCount\":0,\"publisher\":{\"@id\":\"https:\\\/\\\/www.eldiario.net\\\/portal\\\/#organization\"},\"image\":{\"@id\":\"https:\\\/\\\/www.eldiario.net\\\/portal\\\/2024\\\/06\\\/29\\\/fijan-6-de-julio-como-dia-de-la-marraqueta\\\/#primaryimage\"},\"thumbnailUrl\":\"https:\\\/\\\/www.eldiario.net\\\/portal\\\/wp-content\\\/uploads\\\/2024\\\/06\\\/F-1-Marraqueta.jpg\",\"articleSection\":[\"Nacional\"],\"inLanguage\":\"es\",\"potentialAction\":[{\"@type\":\"CommentAction\",\"name\":\"Comment\",\"target\":[\"https:\\\/\\\/www.eldiario.net\\\/portal\\\/2024\\\/06\\\/29\\\/fijan-6-de-julio-como-dia-de-la-marraqueta\\\/#respond\"]}]},{\"@type\":\"WebPage\",\"@id\":\"https:\\\/\\\/www.eldiario.net\\\/portal\\\/2024\\\/06\\\/29\\\/fijan-6-de-julio-como-dia-de-la-marraqueta\\\/\",\"url\":\"https:\\\/\\\/www.eldiario.net\\\/portal\\\/2024\\\/06\\\/29\\\/fijan-6-de-julio-como-dia-de-la-marraqueta\\\/\",\"name\":\"Fijan 6 de julio como D\u00eda de la Marraqueta - El Diario - Bolivia\",\"isPartOf\":{\"@id\":\"https:\\\/\\\/www.eldiario.net\\\/portal\\\/#website\"},\"primaryImageOfPage\":{\"@id\":\"https:\\\/\\\/www.eldiario.net\\\/portal\\\/2024\\\/06\\\/29\\\/fijan-6-de-julio-como-dia-de-la-marraqueta\\\/#primaryimage\"},\"image\":{\"@id\":\"https:\\\/\\\/www.eldiario.net\\\/portal\\\/2024\\\/06\\\/29\\\/fijan-6-de-julio-como-dia-de-la-marraqueta\\\/#primaryimage\"},\"thumbnailUrl\":\"https:\\\/\\\/www.eldiario.net\\\/portal\\\/wp-content\\\/uploads\\\/2024\\\/06\\\/F-1-Marraqueta.jpg\",\"datePublished\":\"2024-06-29T11:14:15+00:00\",\"breadcrumb\":{\"@id\":\"https:\\\/\\\/www.eldiario.net\\\/portal\\\/2024\\\/06\\\/29\\\/fijan-6-de-julio-como-dia-de-la-marraqueta\\\/#breadcrumb\"},\"inLanguage\":\"es\",\"potentialAction\":[{\"@type\":\"ReadAction\",\"target\":[\"https:\\\/\\\/www.eldiario.net\\\/portal\\\/2024\\\/06\\\/29\\\/fijan-6-de-julio-como-dia-de-la-marraqueta\\\/\"]}]},{\"@type\":\"ImageObject\",\"inLanguage\":\"es\",\"@id\":\"https:\\\/\\\/www.eldiario.net\\\/portal\\\/2024\\\/06\\\/29\\\/fijan-6-de-julio-como-dia-de-la-marraqueta\\\/#primaryimage\",\"url\":\"https:\\\/\\\/www.eldiario.net\\\/portal\\\/wp-content\\\/uploads\\\/2024\\\/06\\\/F-1-Marraqueta.jpg\",\"contentUrl\":\"https:\\\/\\\/www.eldiario.net\\\/portal\\\/wp-content\\\/uploads\\\/2024\\\/06\\\/F-1-Marraqueta.jpg\",\"width\":696,\"height\":570,\"caption\":\"Tambi\u00e9n es conocido como \u201cpan de batalla\u201d, por su precio e ingredientes.\"},{\"@type\":\"BreadcrumbList\",\"@id\":\"https:\\\/\\\/www.eldiario.net\\\/portal\\\/2024\\\/06\\\/29\\\/fijan-6-de-julio-como-dia-de-la-marraqueta\\\/#breadcrumb\",\"itemListElement\":[{\"@type\":\"ListItem\",\"position\":1,\"name\":\"Portada\",\"item\":\"https:\\\/\\\/www.eldiario.net\\\/portal\\\/\"},{\"@type\":\"ListItem\",\"position\":2,\"name\":\"Fijan 6 de julio como D\u00eda de la Marraqueta\"}]},{\"@type\":\"WebSite\",\"@id\":\"https:\\\/\\\/www.eldiario.net\\\/portal\\\/#website\",\"url\":\"https:\\\/\\\/www.eldiario.net\\\/portal\\\/\",\"name\":\"El Diario - Decano de la prensa nacional\",\"description\":\"El Diario - Decano de la prensa nacional\",\"publisher\":{\"@id\":\"https:\\\/\\\/www.eldiario.net\\\/portal\\\/#organization\"},\"potentialAction\":[{\"@type\":\"SearchAction\",\"target\":{\"@type\":\"EntryPoint\",\"urlTemplate\":\"https:\\\/\\\/www.eldiario.net\\\/portal\\\/?s={search_term_string}\"},\"query-input\":{\"@type\":\"PropertyValueSpecification\",\"valueRequired\":true,\"valueName\":\"search_term_string\"}}],\"inLanguage\":\"es\"},{\"@type\":\"Organization\",\"@id\":\"https:\\\/\\\/www.eldiario.net\\\/portal\\\/#organization\",\"name\":\"El Diario - Decano de la prensa nacional\",\"url\":\"https:\\\/\\\/www.eldiario.net\\\/portal\\\/\",\"logo\":{\"@type\":\"ImageObject\",\"inLanguage\":\"es\",\"@id\":\"https:\\\/\\\/www.eldiario.net\\\/portal\\\/#\\\/schema\\\/logo\\\/image\\\/\",\"url\":\"https:\\\/\\\/www.eldiario.net\\\/portal\\\/wp-content\\\/uploads\\\/2023\\\/07\\\/logo_ED.jpg\",\"contentUrl\":\"https:\\\/\\\/www.eldiario.net\\\/portal\\\/wp-content\\\/uploads\\\/2023\\\/07\\\/logo_ED.jpg\",\"width\":272,\"height\":52,\"caption\":\"El Diario - Decano de la prensa nacional\"},\"image\":{\"@id\":\"https:\\\/\\\/www.eldiario.net\\\/portal\\\/#\\\/schema\\\/logo\\\/image\\\/\"},\"sameAs\":[\"https:\\\/\\\/www.facebook.com\\\/eldiario.bolivia\\\/\",\"https:\\\/\\\/x.com\\\/eldiario_net\"]},{\"@type\":\"Person\",\"@id\":\"https:\\\/\\\/www.eldiario.net\\\/portal\\\/#\\\/schema\\\/person\\\/f46445640444750d7d753ccd04ae01b7\",\"name\":\"Jeanette\",\"image\":{\"@type\":\"ImageObject\",\"inLanguage\":\"es\",\"@id\":\"https:\\\/\\\/secure.gravatar.com\\\/avatar\\\/3ea2118a5f7dad2b7138b1187a6b7ee55f160b9968b66013c3a3ef39dd7e5798?s=96&d=mm&r=g\",\"url\":\"https:\\\/\\\/secure.gravatar.com\\\/avatar\\\/3ea2118a5f7dad2b7138b1187a6b7ee55f160b9968b66013c3a3ef39dd7e5798?s=96&d=mm&r=g\",\"contentUrl\":\"https:\\\/\\\/secure.gravatar.com\\\/avatar\\\/3ea2118a5f7dad2b7138b1187a6b7ee55f160b9968b66013c3a3ef39dd7e5798?s=96&d=mm&r=g\",\"caption\":\"Jeanette\"},\"sameAs\":[\"https:\\\/\\\/www.eldiario.net\\\/portal\"],\"url\":\"https:\\\/\\\/www.eldiario.net\\\/portal\\\/author\\\/jeanette\\\/\"}]}<\/script>\n<!-- \/ Yoast SEO plugin. -->","yoast_head_json":{"title":"Fijan 6 de julio como D\u00eda de la Marraqueta - El Diario - Bolivia","robots":{"index":"index","follow":"follow","max-snippet":"max-snippet:-1","max-image-preview":"max-image-preview:large","max-video-preview":"max-video-preview:-1"},"canonical":"https:\/\/www.eldiario.net\/portal\/2024\/06\/29\/fijan-6-de-julio-como-dia-de-la-marraqueta\/","og_locale":"es_ES","og_type":"article","og_title":"Fijan 6 de julio como D\u00eda de la Marraqueta - El Diario - Bolivia","og_description":"Con el objetivo de promover y destacar la identidad gastron\u00f3mica y cultural pace\u00f1a, el Concejo Municipal de La Paz declar\u00f3 a la marraqueta como Patrimonio Cultural del municipio pace\u00f1o. Adem\u00e1s, la presidenta del Concejo edil, Lourdes Chambilla, impuls\u00f3 la norma que tambi\u00e9n fija el 6 de julio como \u201cD\u00eda de la Marraqueta\u201d. \u201cMe siento muy [&hellip;]","og_url":"https:\/\/www.eldiario.net\/portal\/2024\/06\/29\/fijan-6-de-julio-como-dia-de-la-marraqueta\/","og_site_name":"El Diario - Bolivia","article_publisher":"https:\/\/www.facebook.com\/eldiario.bolivia\/","article_published_time":"2024-06-29T11:14:15+00:00","og_image":[{"width":696,"height":570,"url":"https:\/\/www.eldiario.net\/portal\/wp-content\/uploads\/2024\/06\/F-1-Marraqueta.jpg","type":"image\/jpeg"}],"author":"Jeanette","twitter_card":"summary_large_image","twitter_creator":"@eldiario_net","twitter_site":"@eldiario_net","twitter_misc":{"Escrito por":"Jeanette","Tiempo de lectura":"3 minutos"},"schema":{"@context":"https:\/\/schema.org","@graph":[{"@type":"Article","@id":"https:\/\/www.eldiario.net\/portal\/2024\/06\/29\/fijan-6-de-julio-como-dia-de-la-marraqueta\/#article","isPartOf":{"@id":"https:\/\/www.eldiario.net\/portal\/2024\/06\/29\/fijan-6-de-julio-como-dia-de-la-marraqueta\/"},"author":{"name":"Jeanette","@id":"https:\/\/www.eldiario.net\/portal\/#\/schema\/person\/f46445640444750d7d753ccd04ae01b7"},"headline":"Fijan 6 de julio como D\u00eda de la Marraqueta","datePublished":"2024-06-29T11:14:15+00:00","mainEntityOfPage":{"@id":"https:\/\/www.eldiario.net\/portal\/2024\/06\/29\/fijan-6-de-julio-como-dia-de-la-marraqueta\/"},"wordCount":517,"commentCount":0,"publisher":{"@id":"https:\/\/www.eldiario.net\/portal\/#organization"},"image":{"@id":"https:\/\/www.eldiario.net\/portal\/2024\/06\/29\/fijan-6-de-julio-como-dia-de-la-marraqueta\/#primaryimage"},"thumbnailUrl":"https:\/\/www.eldiario.net\/portal\/wp-content\/uploads\/2024\/06\/F-1-Marraqueta.jpg","articleSection":["Nacional"],"inLanguage":"es","potentialAction":[{"@type":"CommentAction","name":"Comment","target":["https:\/\/www.eldiario.net\/portal\/2024\/06\/29\/fijan-6-de-julio-como-dia-de-la-marraqueta\/#respond"]}]},{"@type":"WebPage","@id":"https:\/\/www.eldiario.net\/portal\/2024\/06\/29\/fijan-6-de-julio-como-dia-de-la-marraqueta\/","url":"https:\/\/www.eldiario.net\/portal\/2024\/06\/29\/fijan-6-de-julio-como-dia-de-la-marraqueta\/","name":"Fijan 6 de julio como D\u00eda de la Marraqueta - El Diario - Bolivia","isPartOf":{"@id":"https:\/\/www.eldiario.net\/portal\/#website"},"primaryImageOfPage":{"@id":"https:\/\/www.eldiario.net\/portal\/2024\/06\/29\/fijan-6-de-julio-como-dia-de-la-marraqueta\/#primaryimage"},"image":{"@id":"https:\/\/www.eldiario.net\/portal\/2024\/06\/29\/fijan-6-de-julio-como-dia-de-la-marraqueta\/#primaryimage"},"thumbnailUrl":"https:\/\/www.eldiario.net\/portal\/wp-content\/uploads\/2024\/06\/F-1-Marraqueta.jpg","datePublished":"2024-06-29T11:14:15+00:00","breadcrumb":{"@id":"https:\/\/www.eldiario.net\/portal\/2024\/06\/29\/fijan-6-de-julio-como-dia-de-la-marraqueta\/#breadcrumb"},"inLanguage":"es","potentialAction":[{"@type":"ReadAction","target":["https:\/\/www.eldiario.net\/portal\/2024\/06\/29\/fijan-6-de-julio-como-dia-de-la-marraqueta\/"]}]},{"@type":"ImageObject","inLanguage":"es","@id":"https:\/\/www.eldiario.net\/portal\/2024\/06\/29\/fijan-6-de-julio-como-dia-de-la-marraqueta\/#primaryimage","url":"https:\/\/www.eldiario.net\/portal\/wp-content\/uploads\/2024\/06\/F-1-Marraqueta.jpg","contentUrl":"https:\/\/www.eldiario.net\/portal\/wp-content\/uploads\/2024\/06\/F-1-Marraqueta.jpg","width":696,"height":570,"caption":"Tambi\u00e9n es conocido como \u201cpan de batalla\u201d, por su precio e ingredientes."},{"@type":"BreadcrumbList","@id":"https:\/\/www.eldiario.net\/portal\/2024\/06\/29\/fijan-6-de-julio-como-dia-de-la-marraqueta\/#breadcrumb","itemListElement":[{"@type":"ListItem","position":1,"name":"Portada","item":"https:\/\/www.eldiario.net\/portal\/"},{"@type":"ListItem","position":2,"name":"Fijan 6 de julio como D\u00eda de la Marraqueta"}]},{"@type":"WebSite","@id":"https:\/\/www.eldiario.net\/portal\/#website","url":"https:\/\/www.eldiario.net\/portal\/","name":"El Diario - Decano de la prensa nacional","description":"El Diario - Decano de la prensa nacional","publisher":{"@id":"https:\/\/www.eldiario.net\/portal\/#organization"},"potentialAction":[{"@type":"SearchAction","target":{"@type":"EntryPoint","urlTemplate":"https:\/\/www.eldiario.net\/portal\/?s={search_term_string}"},"query-input":{"@type":"PropertyValueSpecification","valueRequired":true,"valueName":"search_term_string"}}],"inLanguage":"es"},{"@type":"Organization","@id":"https:\/\/www.eldiario.net\/portal\/#organization","name":"El Diario - Decano de la prensa nacional","url":"https:\/\/www.eldiario.net\/portal\/","logo":{"@type":"ImageObject","inLanguage":"es","@id":"https:\/\/www.eldiario.net\/portal\/#\/schema\/logo\/image\/","url":"https:\/\/www.eldiario.net\/portal\/wp-content\/uploads\/2023\/07\/logo_ED.jpg","contentUrl":"https:\/\/www.eldiario.net\/portal\/wp-content\/uploads\/2023\/07\/logo_ED.jpg","width":272,"height":52,"caption":"El Diario - Decano de la prensa nacional"},"image":{"@id":"https:\/\/www.eldiario.net\/portal\/#\/schema\/logo\/image\/"},"sameAs":["https:\/\/www.facebook.com\/eldiario.bolivia\/","https:\/\/x.com\/eldiario_net"]},{"@type":"Person","@id":"https:\/\/www.eldiario.net\/portal\/#\/schema\/person\/f46445640444750d7d753ccd04ae01b7","name":"Jeanette","image":{"@type":"ImageObject","inLanguage":"es","@id":"https:\/\/secure.gravatar.com\/avatar\/3ea2118a5f7dad2b7138b1187a6b7ee55f160b9968b66013c3a3ef39dd7e5798?s=96&d=mm&r=g","url":"https:\/\/secure.gravatar.com\/avatar\/3ea2118a5f7dad2b7138b1187a6b7ee55f160b9968b66013c3a3ef39dd7e5798?s=96&d=mm&r=g","contentUrl":"https:\/\/secure.gravatar.com\/avatar\/3ea2118a5f7dad2b7138b1187a6b7ee55f160b9968b66013c3a3ef39dd7e5798?s=96&d=mm&r=g","caption":"Jeanette"},"sameAs":["https:\/\/www.eldiario.net\/portal"],"url":"https:\/\/www.eldiario.net\/portal\/author\/jeanette\/"}]}},"_links":{"self":[{"href":"https:\/\/www.eldiario.net\/portal\/wp-json\/wp\/v2\/posts\/230512","targetHints":{"allow":["GET"]}}],"collection":[{"href":"https:\/\/www.eldiario.net\/portal\/wp-json\/wp\/v2\/posts"}],"about":[{"href":"https:\/\/www.eldiario.net\/portal\/wp-json\/wp\/v2\/types\/post"}],"author":[{"embeddable":true,"href":"https:\/\/www.eldiario.net\/portal\/wp-json\/wp\/v2\/users\/1"}],"replies":[{"embeddable":true,"href":"https:\/\/www.eldiario.net\/portal\/wp-json\/wp\/v2\/comments?post=230512"}],"version-history":[{"count":1,"href":"https:\/\/www.eldiario.net\/portal\/wp-json\/wp\/v2\/posts\/230512\/revisions"}],"predecessor-version":[{"id":230514,"href":"https:\/\/www.eldiario.net\/portal\/wp-json\/wp\/v2\/posts\/230512\/revisions\/230514"}],"wp:featuredmedia":[{"embeddable":true,"href":"https:\/\/www.eldiario.net\/portal\/wp-json\/wp\/v2\/media\/230513"}],"wp:attachment":[{"href":"https:\/\/www.eldiario.net\/portal\/wp-json\/wp\/v2\/media?parent=230512"}],"wp:term":[{"taxonomy":"category","embeddable":true,"href":"https:\/\/www.eldiario.net\/portal\/wp-json\/wp\/v2\/categories?post=230512"},{"taxonomy":"post_tag","embeddable":true,"href":"https:\/\/www.eldiario.net\/portal\/wp-json\/wp\/v2\/tags?post=230512"}],"curies":[{"name":"wp","href":"https:\/\/api.w.org\/{rel}","templated":true}]}}