{"id":230509,"date":"2024-06-29T07:13:05","date_gmt":"2024-06-29T11:13:05","guid":{"rendered":"https:\/\/www.eldiario.net\/portal\/?p=230509"},"modified":"2024-06-29T07:13:05","modified_gmt":"2024-06-29T11:13:05","slug":"con-marcha-y-festival-musical-celebran-dia-del-orgullo-lgbt","status":"publish","type":"post","link":"https:\/\/www.eldiario.net\/portal\/2024\/06\/29\/con-marcha-y-festival-musical-celebran-dia-del-orgullo-lgbt\/","title":{"rendered":"Con marcha y festival musical celebran D\u00eda del Orgullo LGBT"},"content":{"rendered":"<p>Con el objetivo de celebrar el D\u00eda Internacional del Orgullo LGBT+ (lesbiana, gay, bisexual y trans), tambi\u00e9n conocido como D\u00eda del Orgullo Gay, adem\u00e1s de promocionar la inclusi\u00f3n de las personas con diversa orientaci\u00f3n sexual e identidad de g\u00e9nero, hoy a partir de las 15:00 horas se realizar\u00e1 la Marcha de las Diversidades Sexuales y de G\u00e9nero. Luego de esa actividad, por primera vez, se organiza el \u201cDiversifest\u201d donde participar\u00e1n varios grupos musicales como Gran Matador y Los Bolitas.<br \/>\nAdem\u00e1s, se desplazar\u00e1 una ambulancia, movilizar\u00e1 al menos a 400 funcionarios municipales e instalar\u00e1 puntos de atenci\u00f3n m\u00e9dica, defensor\u00edas, ba\u00f1os y jaulas para la circulaci\u00f3n peatonal durante las actividades.<br \/>\n\u201cSe ha destinado a m\u00e1s de 400 funcionarios municipales que van a apoyar la marcha y nuestro recorrido es desde la Plaza del Estudiante, avanzamos por El Prado, llegamos al Obelisco, entramos por la Camacho y cerca de la Plaza Camacho, vamos a tener nuestro palco\u201d, inform\u00f3 el secretario municipal de Educaci\u00f3n y Desarrollo Social, Jacques Alcoba.<br \/>\nRecalc\u00f3 que los diferentes servicios de seguridad, resguardo e higi\u00e9nicos estar\u00e1n instalados en el trayecto del recorrido. Asimismo, se dispuso de jaulas que ayudar\u00e1n a mejorar la circulaci\u00f3n de las personas.<br \/>\nEl servidor p\u00fablico acot\u00f3 que al finalizar la marcha y por primera vez, este a\u00f1o se organiza el \u201cDiversifest\u201d, desde las 17:00 horas, donde participar\u00e1n grupos musicales como Gran Matador, Los Bolitas, Dr. Jet, Nia Cole, Madison Experience y Sex Line.<br \/>\n\u201cEl objetivo es promocionar la inclusi\u00f3n, trabajar en lo que significan los derechos humanos de las personas con diversa orientaci\u00f3n sexual e identidad de g\u00e9nero\u201d, afirm\u00f3.<br \/>\nLas actividades tomar\u00e1n toda la tarde y parte de la noche pace\u00f1a de hoy.<br \/>\n\u201cVamos a salir en la tarde, a plena luz del sol, reiterarle a la poblaci\u00f3n tambi\u00e9n que se d\u00e9 cita para apoyarnos en todo el tramo, sabemos que la poblaci\u00f3n pace\u00f1a se da cita para ver los carros aleg\u00f3ricos, para llevar sus pancartas y para dar sus aplausos de apoyo\u201d, destac\u00f3 Alcoba.<\/p>\n<p>&nbsp;<\/p>\n","protected":false},"excerpt":{"rendered":"<p>Con el objetivo de celebrar el D\u00eda Internacional del Orgullo LGBT+ (lesbiana, gay, bisexual y trans), tambi\u00e9n conocido como D\u00eda del Orgullo Gay, adem\u00e1s de promocionar la inclusi\u00f3n de las personas con diversa orientaci\u00f3n sexual e identidad de g\u00e9nero, hoy a partir de las 15:00 horas se realizar\u00e1 la Marcha de las Diversidades Sexuales y [&hellip;]<\/p>\n","protected":false},"author":1,"featured_media":230510,"comment_status":"open","ping_status":"open","sticky":false,"template":"","format":"standard","meta":{"_acf_changed":false,"footnotes":""},"categories":[12],"tags":[],"class_list":["post-230509","post","type-post","status-publish","format-standard","has-post-thumbnail","category-nacional"],"acf":{"antetitulo":""},"yoast_head":"<!-- This site is optimized with the Yoast SEO plugin v28.4 - https:\/\/yoast.com\/product\/yoast-seo-wordpress\/ -->\n<title>Con marcha y festival musical celebran D\u00eda del Orgullo LGBT - El Diario - Bolivia<\/title>\n<meta name=\"robots\" content=\"index, follow, max-snippet:-1, max-image-preview:large, max-video-preview:-1\" \/>\n<link rel=\"canonical\" href=\"https:\/\/www.eldiario.net\/portal\/2024\/06\/29\/con-marcha-y-festival-musical-celebran-dia-del-orgullo-lgbt\/\" \/>\n<meta property=\"og:locale\" content=\"es_ES\" \/>\n<meta property=\"og:type\" content=\"article\" \/>\n<meta property=\"og:title\" content=\"Con marcha y festival musical celebran D\u00eda del Orgullo LGBT - El Diario - Bolivia\" \/>\n<meta property=\"og:description\" content=\"Con el objetivo de celebrar el D\u00eda Internacional del Orgullo LGBT+ (lesbiana, gay, bisexual y trans), tambi\u00e9n conocido como D\u00eda del Orgullo Gay, adem\u00e1s de promocionar la inclusi\u00f3n de las personas con diversa orientaci\u00f3n sexual e identidad de g\u00e9nero, hoy a partir de las 15:00 horas se realizar\u00e1 la Marcha de las Diversidades Sexuales y [&hellip;]\" \/>\n<meta property=\"og:url\" content=\"https:\/\/www.eldiario.net\/portal\/2024\/06\/29\/con-marcha-y-festival-musical-celebran-dia-del-orgullo-lgbt\/\" \/>\n<meta property=\"og:site_name\" content=\"El Diario - Bolivia\" \/>\n<meta property=\"article:publisher\" content=\"https:\/\/www.facebook.com\/eldiario.bolivia\/\" \/>\n<meta property=\"article:published_time\" content=\"2024-06-29T11:13:05+00:00\" \/>\n<meta property=\"og:image\" content=\"https:\/\/www.eldiario.net\/portal\/wp-content\/uploads\/2024\/06\/F-2-desfile.jpg\" \/>\n\t<meta property=\"og:image:width\" content=\"1200\" \/>\n\t<meta property=\"og:image:height\" content=\"800\" \/>\n\t<meta property=\"og:image:type\" content=\"image\/jpeg\" \/>\n<meta name=\"author\" content=\"Jeanette\" \/>\n<meta name=\"twitter:card\" content=\"summary_large_image\" \/>\n<meta name=\"twitter:creator\" content=\"@eldiario_net\" \/>\n<meta name=\"twitter:site\" content=\"@eldiario_net\" \/>\n<meta name=\"twitter:label1\" content=\"Escrito por\" \/>\n\t<meta name=\"twitter:data1\" content=\"Jeanette\" \/>\n\t<meta name=\"twitter:label2\" content=\"Tiempo de lectura\" \/>\n\t<meta name=\"twitter:data2\" content=\"2 minutos\" \/>\n<script type=\"application\/ld+json\" class=\"yoast-schema-graph\">{\"@context\":\"https:\\\/\\\/schema.org\",\"@graph\":[{\"@type\":\"Article\",\"@id\":\"https:\\\/\\\/www.eldiario.net\\\/portal\\\/2024\\\/06\\\/29\\\/con-marcha-y-festival-musical-celebran-dia-del-orgullo-lgbt\\\/#article\",\"isPartOf\":{\"@id\":\"https:\\\/\\\/www.eldiario.net\\\/portal\\\/2024\\\/06\\\/29\\\/con-marcha-y-festival-musical-celebran-dia-del-orgullo-lgbt\\\/\"},\"author\":{\"name\":\"Jeanette\",\"@id\":\"https:\\\/\\\/www.eldiario.net\\\/portal\\\/#\\\/schema\\\/person\\\/f46445640444750d7d753ccd04ae01b7\"},\"headline\":\"Con marcha y festival musical celebran D\u00eda del Orgullo LGBT\",\"datePublished\":\"2024-06-29T11:13:05+00:00\",\"mainEntityOfPage\":{\"@id\":\"https:\\\/\\\/www.eldiario.net\\\/portal\\\/2024\\\/06\\\/29\\\/con-marcha-y-festival-musical-celebran-dia-del-orgullo-lgbt\\\/\"},\"wordCount\":371,\"commentCount\":0,\"publisher\":{\"@id\":\"https:\\\/\\\/www.eldiario.net\\\/portal\\\/#organization\"},\"image\":{\"@id\":\"https:\\\/\\\/www.eldiario.net\\\/portal\\\/2024\\\/06\\\/29\\\/con-marcha-y-festival-musical-celebran-dia-del-orgullo-lgbt\\\/#primaryimage\"},\"thumbnailUrl\":\"https:\\\/\\\/www.eldiario.net\\\/portal\\\/wp-content\\\/uploads\\\/2024\\\/06\\\/F-2-desfile.jpg\",\"articleSection\":[\"Nacional\"],\"inLanguage\":\"es\",\"potentialAction\":[{\"@type\":\"CommentAction\",\"name\":\"Comment\",\"target\":[\"https:\\\/\\\/www.eldiario.net\\\/portal\\\/2024\\\/06\\\/29\\\/con-marcha-y-festival-musical-celebran-dia-del-orgullo-lgbt\\\/#respond\"]}]},{\"@type\":\"WebPage\",\"@id\":\"https:\\\/\\\/www.eldiario.net\\\/portal\\\/2024\\\/06\\\/29\\\/con-marcha-y-festival-musical-celebran-dia-del-orgullo-lgbt\\\/\",\"url\":\"https:\\\/\\\/www.eldiario.net\\\/portal\\\/2024\\\/06\\\/29\\\/con-marcha-y-festival-musical-celebran-dia-del-orgullo-lgbt\\\/\",\"name\":\"Con marcha y festival musical celebran D\u00eda del Orgullo LGBT - El Diario - Bolivia\",\"isPartOf\":{\"@id\":\"https:\\\/\\\/www.eldiario.net\\\/portal\\\/#website\"},\"primaryImageOfPage\":{\"@id\":\"https:\\\/\\\/www.eldiario.net\\\/portal\\\/2024\\\/06\\\/29\\\/con-marcha-y-festival-musical-celebran-dia-del-orgullo-lgbt\\\/#primaryimage\"},\"image\":{\"@id\":\"https:\\\/\\\/www.eldiario.net\\\/portal\\\/2024\\\/06\\\/29\\\/con-marcha-y-festival-musical-celebran-dia-del-orgullo-lgbt\\\/#primaryimage\"},\"thumbnailUrl\":\"https:\\\/\\\/www.eldiario.net\\\/portal\\\/wp-content\\\/uploads\\\/2024\\\/06\\\/F-2-desfile.jpg\",\"datePublished\":\"2024-06-29T11:13:05+00:00\",\"breadcrumb\":{\"@id\":\"https:\\\/\\\/www.eldiario.net\\\/portal\\\/2024\\\/06\\\/29\\\/con-marcha-y-festival-musical-celebran-dia-del-orgullo-lgbt\\\/#breadcrumb\"},\"inLanguage\":\"es\",\"potentialAction\":[{\"@type\":\"ReadAction\",\"target\":[\"https:\\\/\\\/www.eldiario.net\\\/portal\\\/2024\\\/06\\\/29\\\/con-marcha-y-festival-musical-celebran-dia-del-orgullo-lgbt\\\/\"]}]},{\"@type\":\"ImageObject\",\"inLanguage\":\"es\",\"@id\":\"https:\\\/\\\/www.eldiario.net\\\/portal\\\/2024\\\/06\\\/29\\\/con-marcha-y-festival-musical-celebran-dia-del-orgullo-lgbt\\\/#primaryimage\",\"url\":\"https:\\\/\\\/www.eldiario.net\\\/portal\\\/wp-content\\\/uploads\\\/2024\\\/06\\\/F-2-desfile.jpg\",\"contentUrl\":\"https:\\\/\\\/www.eldiario.net\\\/portal\\\/wp-content\\\/uploads\\\/2024\\\/06\\\/F-2-desfile.jpg\",\"width\":1200,\"height\":800},{\"@type\":\"BreadcrumbList\",\"@id\":\"https:\\\/\\\/www.eldiario.net\\\/portal\\\/2024\\\/06\\\/29\\\/con-marcha-y-festival-musical-celebran-dia-del-orgullo-lgbt\\\/#breadcrumb\",\"itemListElement\":[{\"@type\":\"ListItem\",\"position\":1,\"name\":\"Portada\",\"item\":\"https:\\\/\\\/www.eldiario.net\\\/portal\\\/\"},{\"@type\":\"ListItem\",\"position\":2,\"name\":\"Con marcha y festival musical celebran D\u00eda del Orgullo LGBT\"}]},{\"@type\":\"WebSite\",\"@id\":\"https:\\\/\\\/www.eldiario.net\\\/portal\\\/#website\",\"url\":\"https:\\\/\\\/www.eldiario.net\\\/portal\\\/\",\"name\":\"El Diario - Decano de la prensa nacional\",\"description\":\"El Diario - Decano de la prensa nacional\",\"publisher\":{\"@id\":\"https:\\\/\\\/www.eldiario.net\\\/portal\\\/#organization\"},\"potentialAction\":[{\"@type\":\"SearchAction\",\"target\":{\"@type\":\"EntryPoint\",\"urlTemplate\":\"https:\\\/\\\/www.eldiario.net\\\/portal\\\/?s={search_term_string}\"},\"query-input\":{\"@type\":\"PropertyValueSpecification\",\"valueRequired\":true,\"valueName\":\"search_term_string\"}}],\"inLanguage\":\"es\"},{\"@type\":\"Organization\",\"@id\":\"https:\\\/\\\/www.eldiario.net\\\/portal\\\/#organization\",\"name\":\"El Diario - Decano de la prensa nacional\",\"url\":\"https:\\\/\\\/www.eldiario.net\\\/portal\\\/\",\"logo\":{\"@type\":\"ImageObject\",\"inLanguage\":\"es\",\"@id\":\"https:\\\/\\\/www.eldiario.net\\\/portal\\\/#\\\/schema\\\/logo\\\/image\\\/\",\"url\":\"https:\\\/\\\/www.eldiario.net\\\/portal\\\/wp-content\\\/uploads\\\/2023\\\/07\\\/logo_ED.jpg\",\"contentUrl\":\"https:\\\/\\\/www.eldiario.net\\\/portal\\\/wp-content\\\/uploads\\\/2023\\\/07\\\/logo_ED.jpg\",\"width\":272,\"height\":52,\"caption\":\"El Diario - Decano de la prensa nacional\"},\"image\":{\"@id\":\"https:\\\/\\\/www.eldiario.net\\\/portal\\\/#\\\/schema\\\/logo\\\/image\\\/\"},\"sameAs\":[\"https:\\\/\\\/www.facebook.com\\\/eldiario.bolivia\\\/\",\"https:\\\/\\\/x.com\\\/eldiario_net\"]},{\"@type\":\"Person\",\"@id\":\"https:\\\/\\\/www.eldiario.net\\\/portal\\\/#\\\/schema\\\/person\\\/f46445640444750d7d753ccd04ae01b7\",\"name\":\"Jeanette\",\"image\":{\"@type\":\"ImageObject\",\"inLanguage\":\"es\",\"@id\":\"https:\\\/\\\/secure.gravatar.com\\\/avatar\\\/3ea2118a5f7dad2b7138b1187a6b7ee55f160b9968b66013c3a3ef39dd7e5798?s=96&d=mm&r=g\",\"url\":\"https:\\\/\\\/secure.gravatar.com\\\/avatar\\\/3ea2118a5f7dad2b7138b1187a6b7ee55f160b9968b66013c3a3ef39dd7e5798?s=96&d=mm&r=g\",\"contentUrl\":\"https:\\\/\\\/secure.gravatar.com\\\/avatar\\\/3ea2118a5f7dad2b7138b1187a6b7ee55f160b9968b66013c3a3ef39dd7e5798?s=96&d=mm&r=g\",\"caption\":\"Jeanette\"},\"sameAs\":[\"https:\\\/\\\/www.eldiario.net\\\/portal\"],\"url\":\"https:\\\/\\\/www.eldiario.net\\\/portal\\\/author\\\/jeanette\\\/\"}]}<\/script>\n<!-- \/ Yoast SEO plugin. -->","yoast_head_json":{"title":"Con marcha y festival musical celebran D\u00eda del Orgullo LGBT - El Diario - Bolivia","robots":{"index":"index","follow":"follow","max-snippet":"max-snippet:-1","max-image-preview":"max-image-preview:large","max-video-preview":"max-video-preview:-1"},"canonical":"https:\/\/www.eldiario.net\/portal\/2024\/06\/29\/con-marcha-y-festival-musical-celebran-dia-del-orgullo-lgbt\/","og_locale":"es_ES","og_type":"article","og_title":"Con marcha y festival musical celebran D\u00eda del Orgullo LGBT - El Diario - Bolivia","og_description":"Con el objetivo de celebrar el D\u00eda Internacional del Orgullo LGBT+ (lesbiana, gay, bisexual y trans), tambi\u00e9n conocido como D\u00eda del Orgullo Gay, adem\u00e1s de promocionar la inclusi\u00f3n de las personas con diversa orientaci\u00f3n sexual e identidad de g\u00e9nero, hoy a partir de las 15:00 horas se realizar\u00e1 la Marcha de las Diversidades Sexuales y [&hellip;]","og_url":"https:\/\/www.eldiario.net\/portal\/2024\/06\/29\/con-marcha-y-festival-musical-celebran-dia-del-orgullo-lgbt\/","og_site_name":"El Diario - Bolivia","article_publisher":"https:\/\/www.facebook.com\/eldiario.bolivia\/","article_published_time":"2024-06-29T11:13:05+00:00","og_image":[{"width":1200,"height":800,"url":"https:\/\/www.eldiario.net\/portal\/wp-content\/uploads\/2024\/06\/F-2-desfile.jpg","type":"image\/jpeg"}],"author":"Jeanette","twitter_card":"summary_large_image","twitter_creator":"@eldiario_net","twitter_site":"@eldiario_net","twitter_misc":{"Escrito por":"Jeanette","Tiempo de lectura":"2 minutos"},"schema":{"@context":"https:\/\/schema.org","@graph":[{"@type":"Article","@id":"https:\/\/www.eldiario.net\/portal\/2024\/06\/29\/con-marcha-y-festival-musical-celebran-dia-del-orgullo-lgbt\/#article","isPartOf":{"@id":"https:\/\/www.eldiario.net\/portal\/2024\/06\/29\/con-marcha-y-festival-musical-celebran-dia-del-orgullo-lgbt\/"},"author":{"name":"Jeanette","@id":"https:\/\/www.eldiario.net\/portal\/#\/schema\/person\/f46445640444750d7d753ccd04ae01b7"},"headline":"Con marcha y festival musical celebran D\u00eda del Orgullo LGBT","datePublished":"2024-06-29T11:13:05+00:00","mainEntityOfPage":{"@id":"https:\/\/www.eldiario.net\/portal\/2024\/06\/29\/con-marcha-y-festival-musical-celebran-dia-del-orgullo-lgbt\/"},"wordCount":371,"commentCount":0,"publisher":{"@id":"https:\/\/www.eldiario.net\/portal\/#organization"},"image":{"@id":"https:\/\/www.eldiario.net\/portal\/2024\/06\/29\/con-marcha-y-festival-musical-celebran-dia-del-orgullo-lgbt\/#primaryimage"},"thumbnailUrl":"https:\/\/www.eldiario.net\/portal\/wp-content\/uploads\/2024\/06\/F-2-desfile.jpg","articleSection":["Nacional"],"inLanguage":"es","potentialAction":[{"@type":"CommentAction","name":"Comment","target":["https:\/\/www.eldiario.net\/portal\/2024\/06\/29\/con-marcha-y-festival-musical-celebran-dia-del-orgullo-lgbt\/#respond"]}]},{"@type":"WebPage","@id":"https:\/\/www.eldiario.net\/portal\/2024\/06\/29\/con-marcha-y-festival-musical-celebran-dia-del-orgullo-lgbt\/","url":"https:\/\/www.eldiario.net\/portal\/2024\/06\/29\/con-marcha-y-festival-musical-celebran-dia-del-orgullo-lgbt\/","name":"Con marcha y festival musical celebran D\u00eda del Orgullo LGBT - El Diario - Bolivia","isPartOf":{"@id":"https:\/\/www.eldiario.net\/portal\/#website"},"primaryImageOfPage":{"@id":"https:\/\/www.eldiario.net\/portal\/2024\/06\/29\/con-marcha-y-festival-musical-celebran-dia-del-orgullo-lgbt\/#primaryimage"},"image":{"@id":"https:\/\/www.eldiario.net\/portal\/2024\/06\/29\/con-marcha-y-festival-musical-celebran-dia-del-orgullo-lgbt\/#primaryimage"},"thumbnailUrl":"https:\/\/www.eldiario.net\/portal\/wp-content\/uploads\/2024\/06\/F-2-desfile.jpg","datePublished":"2024-06-29T11:13:05+00:00","breadcrumb":{"@id":"https:\/\/www.eldiario.net\/portal\/2024\/06\/29\/con-marcha-y-festival-musical-celebran-dia-del-orgullo-lgbt\/#breadcrumb"},"inLanguage":"es","potentialAction":[{"@type":"ReadAction","target":["https:\/\/www.eldiario.net\/portal\/2024\/06\/29\/con-marcha-y-festival-musical-celebran-dia-del-orgullo-lgbt\/"]}]},{"@type":"ImageObject","inLanguage":"es","@id":"https:\/\/www.eldiario.net\/portal\/2024\/06\/29\/con-marcha-y-festival-musical-celebran-dia-del-orgullo-lgbt\/#primaryimage","url":"https:\/\/www.eldiario.net\/portal\/wp-content\/uploads\/2024\/06\/F-2-desfile.jpg","contentUrl":"https:\/\/www.eldiario.net\/portal\/wp-content\/uploads\/2024\/06\/F-2-desfile.jpg","width":1200,"height":800},{"@type":"BreadcrumbList","@id":"https:\/\/www.eldiario.net\/portal\/2024\/06\/29\/con-marcha-y-festival-musical-celebran-dia-del-orgullo-lgbt\/#breadcrumb","itemListElement":[{"@type":"ListItem","position":1,"name":"Portada","item":"https:\/\/www.eldiario.net\/portal\/"},{"@type":"ListItem","position":2,"name":"Con marcha y festival musical celebran D\u00eda del Orgullo LGBT"}]},{"@type":"WebSite","@id":"https:\/\/www.eldiario.net\/portal\/#website","url":"https:\/\/www.eldiario.net\/portal\/","name":"El Diario - Decano de la prensa nacional","description":"El Diario - Decano de la prensa nacional","publisher":{"@id":"https:\/\/www.eldiario.net\/portal\/#organization"},"potentialAction":[{"@type":"SearchAction","target":{"@type":"EntryPoint","urlTemplate":"https:\/\/www.eldiario.net\/portal\/?s={search_term_string}"},"query-input":{"@type":"PropertyValueSpecification","valueRequired":true,"valueName":"search_term_string"}}],"inLanguage":"es"},{"@type":"Organization","@id":"https:\/\/www.eldiario.net\/portal\/#organization","name":"El Diario - Decano de la prensa nacional","url":"https:\/\/www.eldiario.net\/portal\/","logo":{"@type":"ImageObject","inLanguage":"es","@id":"https:\/\/www.eldiario.net\/portal\/#\/schema\/logo\/image\/","url":"https:\/\/www.eldiario.net\/portal\/wp-content\/uploads\/2023\/07\/logo_ED.jpg","contentUrl":"https:\/\/www.eldiario.net\/portal\/wp-content\/uploads\/2023\/07\/logo_ED.jpg","width":272,"height":52,"caption":"El Diario - Decano de la prensa nacional"},"image":{"@id":"https:\/\/www.eldiario.net\/portal\/#\/schema\/logo\/image\/"},"sameAs":["https:\/\/www.facebook.com\/eldiario.bolivia\/","https:\/\/x.com\/eldiario_net"]},{"@type":"Person","@id":"https:\/\/www.eldiario.net\/portal\/#\/schema\/person\/f46445640444750d7d753ccd04ae01b7","name":"Jeanette","image":{"@type":"ImageObject","inLanguage":"es","@id":"https:\/\/secure.gravatar.com\/avatar\/3ea2118a5f7dad2b7138b1187a6b7ee55f160b9968b66013c3a3ef39dd7e5798?s=96&d=mm&r=g","url":"https:\/\/secure.gravatar.com\/avatar\/3ea2118a5f7dad2b7138b1187a6b7ee55f160b9968b66013c3a3ef39dd7e5798?s=96&d=mm&r=g","contentUrl":"https:\/\/secure.gravatar.com\/avatar\/3ea2118a5f7dad2b7138b1187a6b7ee55f160b9968b66013c3a3ef39dd7e5798?s=96&d=mm&r=g","caption":"Jeanette"},"sameAs":["https:\/\/www.eldiario.net\/portal"],"url":"https:\/\/www.eldiario.net\/portal\/author\/jeanette\/"}]}},"_links":{"self":[{"href":"https:\/\/www.eldiario.net\/portal\/wp-json\/wp\/v2\/posts\/230509","targetHints":{"allow":["GET"]}}],"collection":[{"href":"https:\/\/www.eldiario.net\/portal\/wp-json\/wp\/v2\/posts"}],"about":[{"href":"https:\/\/www.eldiario.net\/portal\/wp-json\/wp\/v2\/types\/post"}],"author":[{"embeddable":true,"href":"https:\/\/www.eldiario.net\/portal\/wp-json\/wp\/v2\/users\/1"}],"replies":[{"embeddable":true,"href":"https:\/\/www.eldiario.net\/portal\/wp-json\/wp\/v2\/comments?post=230509"}],"version-history":[{"count":1,"href":"https:\/\/www.eldiario.net\/portal\/wp-json\/wp\/v2\/posts\/230509\/revisions"}],"predecessor-version":[{"id":230511,"href":"https:\/\/www.eldiario.net\/portal\/wp-json\/wp\/v2\/posts\/230509\/revisions\/230511"}],"wp:featuredmedia":[{"embeddable":true,"href":"https:\/\/www.eldiario.net\/portal\/wp-json\/wp\/v2\/media\/230510"}],"wp:attachment":[{"href":"https:\/\/www.eldiario.net\/portal\/wp-json\/wp\/v2\/media?parent=230509"}],"wp:term":[{"taxonomy":"category","embeddable":true,"href":"https:\/\/www.eldiario.net\/portal\/wp-json\/wp\/v2\/categories?post=230509"},{"taxonomy":"post_tag","embeddable":true,"href":"https:\/\/www.eldiario.net\/portal\/wp-json\/wp\/v2\/tags?post=230509"}],"curies":[{"name":"wp","href":"https:\/\/api.w.org\/{rel}","templated":true}]}}