{"id":230500,"date":"2024-06-29T07:10:11","date_gmt":"2024-06-29T11:10:11","guid":{"rendered":"https:\/\/www.eldiario.net\/portal\/?p=230500"},"modified":"2024-06-29T07:10:11","modified_gmt":"2024-06-29T11:10:11","slug":"gonzales-urrutia-promete-una-venezuela-con-libertad-de-prensa","status":"publish","type":"post","link":"https:\/\/www.eldiario.net\/portal\/2024\/06\/29\/gonzales-urrutia-promete-una-venezuela-con-libertad-de-prensa\/","title":{"rendered":"Gonz\u00e1les Urrutia promete una  Venezuela con libertad de prensa"},"content":{"rendered":"<p>El candidato presidencial de la principal coalici\u00f3n opositora de Venezuela -la Plataforma Unitaria Democr\u00e1tica (PUD)-, Edmundo Gonz\u00e1lez Urrutia, prometi\u00f3 que de ganar las elecciones del pr\u00f3ximo 28 de julio, garantizar\u00e1 que la libertad de prensa \u201csea una regla\u201d en el pa\u00eds.<br \/>\nEn una reuni\u00f3n con el Colegio Nacional de Periodistas (CNP), el exembajador dijo ser consciente de \u201clas dificultades que enfrenta\u201d el gremio, con \u201cperiodistas injustamente detenidos y m\u00e1s de 400 medios cerrados\u201d en los \u00faltimos 20 a\u00f1os. Infobae est\u00e1 bloqueado en el pa\u00eds caribe\u00f1o.<br \/>\nDurante el encuentro, celebrado con motivo del D\u00eda Nacional del Periodista, el candidato opositor asegur\u00f3 que \u201cno hay democracia sin prensa libre\u201d y en este sentido, cada ataque contra ella \u201cva contra los principios \u00e9ticos y democr\u00e1ticos\u201d.<br \/>\nEl Colegio Nacional de Periodistas indic\u00f3 en una conferencia de prensa, que un total de 405 medios de comunicaci\u00f3n cerraron en Venezuela en las \u00faltimas dos d\u00e9cadas, sin detallar si todos los casos son consecuencia de una medida arbitraria por parte de las autoridades o si existen otras causas justificadas, como la carencia de licencias para operar.<br \/>\nEn todo caso, la secretaria general de la organizaci\u00f3n, Delvalle Canel\u00f3n, sostuvo que \u201cpara nadie es un secreto\u201d que \u201ceste cierre y los ataques contra los medios, los periodistas y las limitaciones que hay en el ejercicio del periodismo\u201d forman parte de \u201cuna pol\u00edtica de Estado\u201d.<br \/>\nPor su parte, el presidente del CNP, Tinedo Gu\u00eda, destac\u00f3 que a pesar de las agresiones que recibi\u00f3 el ejercicio del periodismo en estos \u00faltimos 20 a\u00f1os, los periodistas sigan adelante, a tiempo que llam\u00f3 a estos profesionales a combatir las noticias falsas y los mensajes dirigidos a confundir a la audiencia.<br \/>\nEl CNP tambi\u00e9n pidi\u00f3 a las autoridades garantizar a los periodistas el acceso a los centros de votaci\u00f3n el 28 de julio para informar al pa\u00eds sobre el desarrollo de los comicios presidenciales, en los que competir\u00e1n 10 candidatos, entre ellos Nicol\u00e1s Maduro, quien busca su segunda reelecci\u00f3n. (Infobae\/Efe)<\/p>\n","protected":false},"excerpt":{"rendered":"<p>El candidato presidencial de la principal coalici\u00f3n opositora de Venezuela -la Plataforma Unitaria Democr\u00e1tica (PUD)-, Edmundo Gonz\u00e1lez Urrutia, prometi\u00f3 que de ganar las elecciones del pr\u00f3ximo 28 de julio, garantizar\u00e1 que la libertad de prensa \u201csea una regla\u201d en el pa\u00eds. En una reuni\u00f3n con el Colegio Nacional de Periodistas (CNP), el exembajador dijo ser [&hellip;]<\/p>\n","protected":false},"author":1,"featured_media":230501,"comment_status":"open","ping_status":"open","sticky":false,"template":"","format":"standard","meta":{"_acf_changed":false,"footnotes":""},"categories":[3],"tags":[],"class_list":["post-230500","post","type-post","status-publish","format-standard","has-post-thumbnail","category-internacional"],"acf":{"antetitulo":"Para que en Argentina sea una regla"},"yoast_head":"<!-- This site is optimized with the Yoast SEO plugin v28.4 - https:\/\/yoast.com\/product\/yoast-seo-wordpress\/ -->\n<title>Gonz\u00e1les Urrutia promete una Venezuela con libertad de prensa - El Diario - Bolivia<\/title>\n<meta name=\"robots\" content=\"index, follow, max-snippet:-1, max-image-preview:large, max-video-preview:-1\" \/>\n<link rel=\"canonical\" href=\"https:\/\/www.eldiario.net\/portal\/2024\/06\/29\/gonzales-urrutia-promete-una-venezuela-con-libertad-de-prensa\/\" \/>\n<meta property=\"og:locale\" content=\"es_ES\" \/>\n<meta property=\"og:type\" content=\"article\" \/>\n<meta property=\"og:title\" content=\"Gonz\u00e1les Urrutia promete una Venezuela con libertad de prensa - El Diario - Bolivia\" \/>\n<meta property=\"og:description\" content=\"El candidato presidencial de la principal coalici\u00f3n opositora de Venezuela -la Plataforma Unitaria Democr\u00e1tica (PUD)-, Edmundo Gonz\u00e1lez Urrutia, prometi\u00f3 que de ganar las elecciones del pr\u00f3ximo 28 de julio, garantizar\u00e1 que la libertad de prensa \u201csea una regla\u201d en el pa\u00eds. En una reuni\u00f3n con el Colegio Nacional de Periodistas (CNP), el exembajador dijo ser [&hellip;]\" \/>\n<meta property=\"og:url\" content=\"https:\/\/www.eldiario.net\/portal\/2024\/06\/29\/gonzales-urrutia-promete-una-venezuela-con-libertad-de-prensa\/\" \/>\n<meta property=\"og:site_name\" content=\"El Diario - Bolivia\" \/>\n<meta property=\"article:publisher\" content=\"https:\/\/www.facebook.com\/eldiario.bolivia\/\" \/>\n<meta property=\"article:published_time\" content=\"2024-06-29T11:10:11+00:00\" \/>\n<meta property=\"og:image\" content=\"https:\/\/www.eldiario.net\/portal\/wp-content\/uploads\/2024\/06\/GONZALES.jpeg\" \/>\n\t<meta property=\"og:image:width\" content=\"1200\" \/>\n\t<meta property=\"og:image:height\" content=\"600\" \/>\n\t<meta property=\"og:image:type\" content=\"image\/jpeg\" \/>\n<meta name=\"author\" content=\"Jeanette\" \/>\n<meta name=\"twitter:card\" content=\"summary_large_image\" \/>\n<meta name=\"twitter:creator\" content=\"@eldiario_net\" \/>\n<meta name=\"twitter:site\" content=\"@eldiario_net\" \/>\n<meta name=\"twitter:label1\" content=\"Escrito por\" \/>\n\t<meta name=\"twitter:data1\" content=\"Jeanette\" \/>\n\t<meta name=\"twitter:label2\" content=\"Tiempo de lectura\" \/>\n\t<meta name=\"twitter:data2\" content=\"2 minutos\" \/>\n<script type=\"application\/ld+json\" class=\"yoast-schema-graph\">{\"@context\":\"https:\\\/\\\/schema.org\",\"@graph\":[{\"@type\":\"Article\",\"@id\":\"https:\\\/\\\/www.eldiario.net\\\/portal\\\/2024\\\/06\\\/29\\\/gonzales-urrutia-promete-una-venezuela-con-libertad-de-prensa\\\/#article\",\"isPartOf\":{\"@id\":\"https:\\\/\\\/www.eldiario.net\\\/portal\\\/2024\\\/06\\\/29\\\/gonzales-urrutia-promete-una-venezuela-con-libertad-de-prensa\\\/\"},\"author\":{\"name\":\"Jeanette\",\"@id\":\"https:\\\/\\\/www.eldiario.net\\\/portal\\\/#\\\/schema\\\/person\\\/f46445640444750d7d753ccd04ae01b7\"},\"headline\":\"Gonz\u00e1les Urrutia promete una Venezuela con libertad de prensa\",\"datePublished\":\"2024-06-29T11:10:11+00:00\",\"mainEntityOfPage\":{\"@id\":\"https:\\\/\\\/www.eldiario.net\\\/portal\\\/2024\\\/06\\\/29\\\/gonzales-urrutia-promete-una-venezuela-con-libertad-de-prensa\\\/\"},\"wordCount\":356,\"commentCount\":0,\"publisher\":{\"@id\":\"https:\\\/\\\/www.eldiario.net\\\/portal\\\/#organization\"},\"image\":{\"@id\":\"https:\\\/\\\/www.eldiario.net\\\/portal\\\/2024\\\/06\\\/29\\\/gonzales-urrutia-promete-una-venezuela-con-libertad-de-prensa\\\/#primaryimage\"},\"thumbnailUrl\":\"https:\\\/\\\/www.eldiario.net\\\/portal\\\/wp-content\\\/uploads\\\/2024\\\/06\\\/GONZALES.jpeg\",\"articleSection\":[\"Internacional\"],\"inLanguage\":\"es\",\"potentialAction\":[{\"@type\":\"CommentAction\",\"name\":\"Comment\",\"target\":[\"https:\\\/\\\/www.eldiario.net\\\/portal\\\/2024\\\/06\\\/29\\\/gonzales-urrutia-promete-una-venezuela-con-libertad-de-prensa\\\/#respond\"]}]},{\"@type\":\"WebPage\",\"@id\":\"https:\\\/\\\/www.eldiario.net\\\/portal\\\/2024\\\/06\\\/29\\\/gonzales-urrutia-promete-una-venezuela-con-libertad-de-prensa\\\/\",\"url\":\"https:\\\/\\\/www.eldiario.net\\\/portal\\\/2024\\\/06\\\/29\\\/gonzales-urrutia-promete-una-venezuela-con-libertad-de-prensa\\\/\",\"name\":\"Gonz\u00e1les Urrutia promete una Venezuela con libertad de prensa - El Diario - Bolivia\",\"isPartOf\":{\"@id\":\"https:\\\/\\\/www.eldiario.net\\\/portal\\\/#website\"},\"primaryImageOfPage\":{\"@id\":\"https:\\\/\\\/www.eldiario.net\\\/portal\\\/2024\\\/06\\\/29\\\/gonzales-urrutia-promete-una-venezuela-con-libertad-de-prensa\\\/#primaryimage\"},\"image\":{\"@id\":\"https:\\\/\\\/www.eldiario.net\\\/portal\\\/2024\\\/06\\\/29\\\/gonzales-urrutia-promete-una-venezuela-con-libertad-de-prensa\\\/#primaryimage\"},\"thumbnailUrl\":\"https:\\\/\\\/www.eldiario.net\\\/portal\\\/wp-content\\\/uploads\\\/2024\\\/06\\\/GONZALES.jpeg\",\"datePublished\":\"2024-06-29T11:10:11+00:00\",\"breadcrumb\":{\"@id\":\"https:\\\/\\\/www.eldiario.net\\\/portal\\\/2024\\\/06\\\/29\\\/gonzales-urrutia-promete-una-venezuela-con-libertad-de-prensa\\\/#breadcrumb\"},\"inLanguage\":\"es\",\"potentialAction\":[{\"@type\":\"ReadAction\",\"target\":[\"https:\\\/\\\/www.eldiario.net\\\/portal\\\/2024\\\/06\\\/29\\\/gonzales-urrutia-promete-una-venezuela-con-libertad-de-prensa\\\/\"]}]},{\"@type\":\"ImageObject\",\"inLanguage\":\"es\",\"@id\":\"https:\\\/\\\/www.eldiario.net\\\/portal\\\/2024\\\/06\\\/29\\\/gonzales-urrutia-promete-una-venezuela-con-libertad-de-prensa\\\/#primaryimage\",\"url\":\"https:\\\/\\\/www.eldiario.net\\\/portal\\\/wp-content\\\/uploads\\\/2024\\\/06\\\/GONZALES.jpeg\",\"contentUrl\":\"https:\\\/\\\/www.eldiario.net\\\/portal\\\/wp-content\\\/uploads\\\/2024\\\/06\\\/GONZALES.jpeg\",\"width\":1200,\"height\":600,\"caption\":\"EL CANDIDATO DE LA OPOSICI\u00d3N ASEGUR\u00d3 QUE CUENTA CON EL RESPALDO DEL ELECTORADO. CNN en Espa\u00f1ol\"},{\"@type\":\"BreadcrumbList\",\"@id\":\"https:\\\/\\\/www.eldiario.net\\\/portal\\\/2024\\\/06\\\/29\\\/gonzales-urrutia-promete-una-venezuela-con-libertad-de-prensa\\\/#breadcrumb\",\"itemListElement\":[{\"@type\":\"ListItem\",\"position\":1,\"name\":\"Portada\",\"item\":\"https:\\\/\\\/www.eldiario.net\\\/portal\\\/\"},{\"@type\":\"ListItem\",\"position\":2,\"name\":\"Gonz\u00e1les Urrutia promete una Venezuela con libertad de prensa\"}]},{\"@type\":\"WebSite\",\"@id\":\"https:\\\/\\\/www.eldiario.net\\\/portal\\\/#website\",\"url\":\"https:\\\/\\\/www.eldiario.net\\\/portal\\\/\",\"name\":\"El Diario - Decano de la prensa nacional\",\"description\":\"El Diario - Decano de la prensa nacional\",\"publisher\":{\"@id\":\"https:\\\/\\\/www.eldiario.net\\\/portal\\\/#organization\"},\"potentialAction\":[{\"@type\":\"SearchAction\",\"target\":{\"@type\":\"EntryPoint\",\"urlTemplate\":\"https:\\\/\\\/www.eldiario.net\\\/portal\\\/?s={search_term_string}\"},\"query-input\":{\"@type\":\"PropertyValueSpecification\",\"valueRequired\":true,\"valueName\":\"search_term_string\"}}],\"inLanguage\":\"es\"},{\"@type\":\"Organization\",\"@id\":\"https:\\\/\\\/www.eldiario.net\\\/portal\\\/#organization\",\"name\":\"El Diario - Decano de la prensa nacional\",\"url\":\"https:\\\/\\\/www.eldiario.net\\\/portal\\\/\",\"logo\":{\"@type\":\"ImageObject\",\"inLanguage\":\"es\",\"@id\":\"https:\\\/\\\/www.eldiario.net\\\/portal\\\/#\\\/schema\\\/logo\\\/image\\\/\",\"url\":\"https:\\\/\\\/www.eldiario.net\\\/portal\\\/wp-content\\\/uploads\\\/2023\\\/07\\\/logo_ED.jpg\",\"contentUrl\":\"https:\\\/\\\/www.eldiario.net\\\/portal\\\/wp-content\\\/uploads\\\/2023\\\/07\\\/logo_ED.jpg\",\"width\":272,\"height\":52,\"caption\":\"El Diario - Decano de la prensa nacional\"},\"image\":{\"@id\":\"https:\\\/\\\/www.eldiario.net\\\/portal\\\/#\\\/schema\\\/logo\\\/image\\\/\"},\"sameAs\":[\"https:\\\/\\\/www.facebook.com\\\/eldiario.bolivia\\\/\",\"https:\\\/\\\/x.com\\\/eldiario_net\"]},{\"@type\":\"Person\",\"@id\":\"https:\\\/\\\/www.eldiario.net\\\/portal\\\/#\\\/schema\\\/person\\\/f46445640444750d7d753ccd04ae01b7\",\"name\":\"Jeanette\",\"image\":{\"@type\":\"ImageObject\",\"inLanguage\":\"es\",\"@id\":\"https:\\\/\\\/secure.gravatar.com\\\/avatar\\\/3ea2118a5f7dad2b7138b1187a6b7ee55f160b9968b66013c3a3ef39dd7e5798?s=96&d=mm&r=g\",\"url\":\"https:\\\/\\\/secure.gravatar.com\\\/avatar\\\/3ea2118a5f7dad2b7138b1187a6b7ee55f160b9968b66013c3a3ef39dd7e5798?s=96&d=mm&r=g\",\"contentUrl\":\"https:\\\/\\\/secure.gravatar.com\\\/avatar\\\/3ea2118a5f7dad2b7138b1187a6b7ee55f160b9968b66013c3a3ef39dd7e5798?s=96&d=mm&r=g\",\"caption\":\"Jeanette\"},\"sameAs\":[\"https:\\\/\\\/www.eldiario.net\\\/portal\"],\"url\":\"https:\\\/\\\/www.eldiario.net\\\/portal\\\/author\\\/jeanette\\\/\"}]}<\/script>\n<!-- \/ Yoast SEO plugin. -->","yoast_head_json":{"title":"Gonz\u00e1les Urrutia promete una Venezuela con libertad de prensa - El Diario - Bolivia","robots":{"index":"index","follow":"follow","max-snippet":"max-snippet:-1","max-image-preview":"max-image-preview:large","max-video-preview":"max-video-preview:-1"},"canonical":"https:\/\/www.eldiario.net\/portal\/2024\/06\/29\/gonzales-urrutia-promete-una-venezuela-con-libertad-de-prensa\/","og_locale":"es_ES","og_type":"article","og_title":"Gonz\u00e1les Urrutia promete una Venezuela con libertad de prensa - El Diario - Bolivia","og_description":"El candidato presidencial de la principal coalici\u00f3n opositora de Venezuela -la Plataforma Unitaria Democr\u00e1tica (PUD)-, Edmundo Gonz\u00e1lez Urrutia, prometi\u00f3 que de ganar las elecciones del pr\u00f3ximo 28 de julio, garantizar\u00e1 que la libertad de prensa \u201csea una regla\u201d en el pa\u00eds. En una reuni\u00f3n con el Colegio Nacional de Periodistas (CNP), el exembajador dijo ser [&hellip;]","og_url":"https:\/\/www.eldiario.net\/portal\/2024\/06\/29\/gonzales-urrutia-promete-una-venezuela-con-libertad-de-prensa\/","og_site_name":"El Diario - Bolivia","article_publisher":"https:\/\/www.facebook.com\/eldiario.bolivia\/","article_published_time":"2024-06-29T11:10:11+00:00","og_image":[{"width":1200,"height":600,"url":"https:\/\/www.eldiario.net\/portal\/wp-content\/uploads\/2024\/06\/GONZALES.jpeg","type":"image\/jpeg"}],"author":"Jeanette","twitter_card":"summary_large_image","twitter_creator":"@eldiario_net","twitter_site":"@eldiario_net","twitter_misc":{"Escrito por":"Jeanette","Tiempo de lectura":"2 minutos"},"schema":{"@context":"https:\/\/schema.org","@graph":[{"@type":"Article","@id":"https:\/\/www.eldiario.net\/portal\/2024\/06\/29\/gonzales-urrutia-promete-una-venezuela-con-libertad-de-prensa\/#article","isPartOf":{"@id":"https:\/\/www.eldiario.net\/portal\/2024\/06\/29\/gonzales-urrutia-promete-una-venezuela-con-libertad-de-prensa\/"},"author":{"name":"Jeanette","@id":"https:\/\/www.eldiario.net\/portal\/#\/schema\/person\/f46445640444750d7d753ccd04ae01b7"},"headline":"Gonz\u00e1les Urrutia promete una Venezuela con libertad de prensa","datePublished":"2024-06-29T11:10:11+00:00","mainEntityOfPage":{"@id":"https:\/\/www.eldiario.net\/portal\/2024\/06\/29\/gonzales-urrutia-promete-una-venezuela-con-libertad-de-prensa\/"},"wordCount":356,"commentCount":0,"publisher":{"@id":"https:\/\/www.eldiario.net\/portal\/#organization"},"image":{"@id":"https:\/\/www.eldiario.net\/portal\/2024\/06\/29\/gonzales-urrutia-promete-una-venezuela-con-libertad-de-prensa\/#primaryimage"},"thumbnailUrl":"https:\/\/www.eldiario.net\/portal\/wp-content\/uploads\/2024\/06\/GONZALES.jpeg","articleSection":["Internacional"],"inLanguage":"es","potentialAction":[{"@type":"CommentAction","name":"Comment","target":["https:\/\/www.eldiario.net\/portal\/2024\/06\/29\/gonzales-urrutia-promete-una-venezuela-con-libertad-de-prensa\/#respond"]}]},{"@type":"WebPage","@id":"https:\/\/www.eldiario.net\/portal\/2024\/06\/29\/gonzales-urrutia-promete-una-venezuela-con-libertad-de-prensa\/","url":"https:\/\/www.eldiario.net\/portal\/2024\/06\/29\/gonzales-urrutia-promete-una-venezuela-con-libertad-de-prensa\/","name":"Gonz\u00e1les Urrutia promete una Venezuela con libertad de prensa - El Diario - Bolivia","isPartOf":{"@id":"https:\/\/www.eldiario.net\/portal\/#website"},"primaryImageOfPage":{"@id":"https:\/\/www.eldiario.net\/portal\/2024\/06\/29\/gonzales-urrutia-promete-una-venezuela-con-libertad-de-prensa\/#primaryimage"},"image":{"@id":"https:\/\/www.eldiario.net\/portal\/2024\/06\/29\/gonzales-urrutia-promete-una-venezuela-con-libertad-de-prensa\/#primaryimage"},"thumbnailUrl":"https:\/\/www.eldiario.net\/portal\/wp-content\/uploads\/2024\/06\/GONZALES.jpeg","datePublished":"2024-06-29T11:10:11+00:00","breadcrumb":{"@id":"https:\/\/www.eldiario.net\/portal\/2024\/06\/29\/gonzales-urrutia-promete-una-venezuela-con-libertad-de-prensa\/#breadcrumb"},"inLanguage":"es","potentialAction":[{"@type":"ReadAction","target":["https:\/\/www.eldiario.net\/portal\/2024\/06\/29\/gonzales-urrutia-promete-una-venezuela-con-libertad-de-prensa\/"]}]},{"@type":"ImageObject","inLanguage":"es","@id":"https:\/\/www.eldiario.net\/portal\/2024\/06\/29\/gonzales-urrutia-promete-una-venezuela-con-libertad-de-prensa\/#primaryimage","url":"https:\/\/www.eldiario.net\/portal\/wp-content\/uploads\/2024\/06\/GONZALES.jpeg","contentUrl":"https:\/\/www.eldiario.net\/portal\/wp-content\/uploads\/2024\/06\/GONZALES.jpeg","width":1200,"height":600,"caption":"EL CANDIDATO DE LA OPOSICI\u00d3N ASEGUR\u00d3 QUE CUENTA CON EL RESPALDO DEL ELECTORADO. CNN en Espa\u00f1ol"},{"@type":"BreadcrumbList","@id":"https:\/\/www.eldiario.net\/portal\/2024\/06\/29\/gonzales-urrutia-promete-una-venezuela-con-libertad-de-prensa\/#breadcrumb","itemListElement":[{"@type":"ListItem","position":1,"name":"Portada","item":"https:\/\/www.eldiario.net\/portal\/"},{"@type":"ListItem","position":2,"name":"Gonz\u00e1les Urrutia promete una Venezuela con libertad de prensa"}]},{"@type":"WebSite","@id":"https:\/\/www.eldiario.net\/portal\/#website","url":"https:\/\/www.eldiario.net\/portal\/","name":"El Diario - Decano de la prensa nacional","description":"El Diario - Decano de la prensa nacional","publisher":{"@id":"https:\/\/www.eldiario.net\/portal\/#organization"},"potentialAction":[{"@type":"SearchAction","target":{"@type":"EntryPoint","urlTemplate":"https:\/\/www.eldiario.net\/portal\/?s={search_term_string}"},"query-input":{"@type":"PropertyValueSpecification","valueRequired":true,"valueName":"search_term_string"}}],"inLanguage":"es"},{"@type":"Organization","@id":"https:\/\/www.eldiario.net\/portal\/#organization","name":"El Diario - Decano de la prensa nacional","url":"https:\/\/www.eldiario.net\/portal\/","logo":{"@type":"ImageObject","inLanguage":"es","@id":"https:\/\/www.eldiario.net\/portal\/#\/schema\/logo\/image\/","url":"https:\/\/www.eldiario.net\/portal\/wp-content\/uploads\/2023\/07\/logo_ED.jpg","contentUrl":"https:\/\/www.eldiario.net\/portal\/wp-content\/uploads\/2023\/07\/logo_ED.jpg","width":272,"height":52,"caption":"El Diario - Decano de la prensa nacional"},"image":{"@id":"https:\/\/www.eldiario.net\/portal\/#\/schema\/logo\/image\/"},"sameAs":["https:\/\/www.facebook.com\/eldiario.bolivia\/","https:\/\/x.com\/eldiario_net"]},{"@type":"Person","@id":"https:\/\/www.eldiario.net\/portal\/#\/schema\/person\/f46445640444750d7d753ccd04ae01b7","name":"Jeanette","image":{"@type":"ImageObject","inLanguage":"es","@id":"https:\/\/secure.gravatar.com\/avatar\/3ea2118a5f7dad2b7138b1187a6b7ee55f160b9968b66013c3a3ef39dd7e5798?s=96&d=mm&r=g","url":"https:\/\/secure.gravatar.com\/avatar\/3ea2118a5f7dad2b7138b1187a6b7ee55f160b9968b66013c3a3ef39dd7e5798?s=96&d=mm&r=g","contentUrl":"https:\/\/secure.gravatar.com\/avatar\/3ea2118a5f7dad2b7138b1187a6b7ee55f160b9968b66013c3a3ef39dd7e5798?s=96&d=mm&r=g","caption":"Jeanette"},"sameAs":["https:\/\/www.eldiario.net\/portal"],"url":"https:\/\/www.eldiario.net\/portal\/author\/jeanette\/"}]}},"_links":{"self":[{"href":"https:\/\/www.eldiario.net\/portal\/wp-json\/wp\/v2\/posts\/230500","targetHints":{"allow":["GET"]}}],"collection":[{"href":"https:\/\/www.eldiario.net\/portal\/wp-json\/wp\/v2\/posts"}],"about":[{"href":"https:\/\/www.eldiario.net\/portal\/wp-json\/wp\/v2\/types\/post"}],"author":[{"embeddable":true,"href":"https:\/\/www.eldiario.net\/portal\/wp-json\/wp\/v2\/users\/1"}],"replies":[{"embeddable":true,"href":"https:\/\/www.eldiario.net\/portal\/wp-json\/wp\/v2\/comments?post=230500"}],"version-history":[{"count":1,"href":"https:\/\/www.eldiario.net\/portal\/wp-json\/wp\/v2\/posts\/230500\/revisions"}],"predecessor-version":[{"id":230502,"href":"https:\/\/www.eldiario.net\/portal\/wp-json\/wp\/v2\/posts\/230500\/revisions\/230502"}],"wp:featuredmedia":[{"embeddable":true,"href":"https:\/\/www.eldiario.net\/portal\/wp-json\/wp\/v2\/media\/230501"}],"wp:attachment":[{"href":"https:\/\/www.eldiario.net\/portal\/wp-json\/wp\/v2\/media?parent=230500"}],"wp:term":[{"taxonomy":"category","embeddable":true,"href":"https:\/\/www.eldiario.net\/portal\/wp-json\/wp\/v2\/categories?post=230500"},{"taxonomy":"post_tag","embeddable":true,"href":"https:\/\/www.eldiario.net\/portal\/wp-json\/wp\/v2\/tags?post=230500"}],"curies":[{"name":"wp","href":"https:\/\/api.w.org\/{rel}","templated":true}]}}