{"id":230495,"date":"2024-06-29T07:09:04","date_gmt":"2024-06-29T11:09:04","guid":{"rendered":"https:\/\/www.eldiario.net\/portal\/?p=230495"},"modified":"2024-06-29T07:09:04","modified_gmt":"2024-06-29T11:09:04","slug":"terremoto-de-magnitud-7-en-peru-deja-al-menos-11-heridos","status":"publish","type":"post","link":"https:\/\/www.eldiario.net\/portal\/2024\/06\/29\/terremoto-de-magnitud-7-en-peru-deja-al-menos-11-heridos\/","title":{"rendered":"Terremoto de magnitud 7 en  Per\u00fa deja al menos 11 heridos"},"content":{"rendered":"<p>La madrugada de ayer un potente sismo de magnitud 7.0 sacudi\u00f3 la regi\u00f3n de Arequipa, poniendo en alerta a todo el sur del pa\u00eds. El epicentro se localiz\u00f3 en el distrito de Yauca, a 54 km al suroeste de Yauca, Caravel\u00ed, Arequipa, seg\u00fan el Instituto Geof\u00edsico del Per\u00fa (IGP). El movimiento tel\u00farico ocurri\u00f3 a las 00:36 horas y tuvo una profundidad de 42 km.<br \/>\nAnte ello, las redes sociales se llenaron r\u00e1pidamente de fotos y videos que capturaron el momento del temblor y sus efectos inmediatos. Usuarios compartieron im\u00e1genes de sus hogares, mostrando objetos ca\u00eddos, pistas agrietadas y da\u00f1os estructurales menores. Videos caseros revelaron la intensidad del sismo, con l\u00e1mparas balance\u00e1ndose y personas saliendo apresuradamente de sus casas en busca de seguridad.<\/p>\n<p>FUERTE SISMO SE VOLVI\u00d3 TENDENCIA<br \/>\nEn las pocas horas posteriores al evento, hashtags como Terremoto, Temblor, Sismo, Arequipa y Urgente se volvieron tendencia en plataformas como X (Twitter), donde la comunidad virtual se uni\u00f3 para compartir informaci\u00f3n, ofrecer apoyo y difundir n\u00fameros de emergencia.<br \/>\nLos ciudadanos expresaron su sorpresa y temor ante la magnitud del sismo, pero tambi\u00e9n mostraron una notable solidaridad. Muchos usuarios compartieron consejos sobre c\u00f3mo actuar durante y despu\u00e9s de un terremoto, mientras que otros difundieron enlaces a recursos y servicios de emergencia.<br \/>\nLas autoridades locales y nacionales est\u00e1n actualmente evaluando los da\u00f1os y brindando asistencia a las zonas afectadas. Se recomienda a la poblaci\u00f3n mantenerse informada a trav\u00e9s de fuentes oficiales y seguir las indicaciones de las autoridades para asegurar su seguridad y la de sus familias.<br \/>\nEn situaciones como estas, es crucial saber c\u00f3mo actuar:<br \/>\n&#8211; Mant\u00e9n la calma y busca refugio bajo una mesa resistente.<br \/>\n&#8211; Al\u00e9jate de ventanas y objetos que puedan caer.<br \/>\n&#8211; Si est\u00e1s al aire libre, busca un \u00e1rea abierta lejos de edificios y postes.<br \/>\n&#8211; Prepara un kit de emergencia con suministros esenciales.<\/p>\n<p>SUSPENSI\u00d3N DE CLASES<br \/>\nEl fuerte sismo en Arequipa llev\u00f3 a decidir a gobernador regional, Rohel S\u00e1nchez, suspendi\u00f3 las clases ayer, viernes 28 de junio, por medidas de prevenci\u00f3n para los estudiantes de todos los ciclos. Asimismo, se estar\u00e1 evaluando la informaci\u00f3n y los da\u00f1os que provoc\u00f3 el movimiento, el cual hasta el momento no se conoce de fallecidos y da\u00f1os en infraestructuras en las regiones donde se sinti\u00f3 el movimiento.<br \/>\nEsta medida se extiende para la provincia de Caravel\u00ed. Solo se determin\u00f3 que ser\u00e1 por este d\u00eda, mientras que los dem\u00e1s se encontrar\u00e1 en evaluaci\u00f3n, siendo que la toma de decisiones ser\u00e1 de acuerdo a la gravedad que puedan presentarse. (Infobae)<\/p>\n","protected":false},"excerpt":{"rendered":"<p>La madrugada de ayer un potente sismo de magnitud 7.0 sacudi\u00f3 la regi\u00f3n de Arequipa, poniendo en alerta a todo el sur del pa\u00eds. El epicentro se localiz\u00f3 en el distrito de Yauca, a 54 km al suroeste de Yauca, Caravel\u00ed, Arequipa, seg\u00fan el Instituto Geof\u00edsico del Per\u00fa (IGP). El movimiento tel\u00farico ocurri\u00f3 a las [&hellip;]<\/p>\n","protected":false},"author":1,"featured_media":194703,"comment_status":"open","ping_status":"open","sticky":false,"template":"","format":"standard","meta":{"_acf_changed":false,"footnotes":""},"categories":[3],"tags":[],"class_list":["post-230495","post","type-post","status-publish","format-standard","has-post-thumbnail","category-internacional"],"acf":{"antetitulo":"Provoc\u00f3 derrumbes y bloqueo de v\u00edas"},"yoast_head":"<!-- This site is optimized with the Yoast SEO plugin v28.4 - https:\/\/yoast.com\/product\/yoast-seo-wordpress\/ -->\n<title>Terremoto de magnitud 7 en Per\u00fa deja al menos 11 heridos - El Diario - Bolivia<\/title>\n<meta name=\"robots\" content=\"index, follow, max-snippet:-1, max-image-preview:large, max-video-preview:-1\" \/>\n<link rel=\"canonical\" href=\"https:\/\/www.eldiario.net\/portal\/2024\/06\/29\/terremoto-de-magnitud-7-en-peru-deja-al-menos-11-heridos\/\" \/>\n<meta property=\"og:locale\" content=\"es_ES\" \/>\n<meta property=\"og:type\" content=\"article\" \/>\n<meta property=\"og:title\" content=\"Terremoto de magnitud 7 en Per\u00fa deja al menos 11 heridos - El Diario - Bolivia\" \/>\n<meta property=\"og:description\" content=\"La madrugada de ayer un potente sismo de magnitud 7.0 sacudi\u00f3 la regi\u00f3n de Arequipa, poniendo en alerta a todo el sur del pa\u00eds. El epicentro se localiz\u00f3 en el distrito de Yauca, a 54 km al suroeste de Yauca, Caravel\u00ed, Arequipa, seg\u00fan el Instituto Geof\u00edsico del Per\u00fa (IGP). El movimiento tel\u00farico ocurri\u00f3 a las [&hellip;]\" \/>\n<meta property=\"og:url\" content=\"https:\/\/www.eldiario.net\/portal\/2024\/06\/29\/terremoto-de-magnitud-7-en-peru-deja-al-menos-11-heridos\/\" \/>\n<meta property=\"og:site_name\" content=\"El Diario - Bolivia\" \/>\n<meta property=\"article:publisher\" content=\"https:\/\/www.facebook.com\/eldiario.bolivia\/\" \/>\n<meta property=\"article:published_time\" content=\"2024-06-29T11:09:04+00:00\" \/>\n<meta property=\"og:image\" content=\"https:\/\/www.eldiario.net\/portal\/wp-content\/uploads\/2023\/12\/Internacional.jpg\" \/>\n\t<meta property=\"og:image:width\" content=\"800\" \/>\n\t<meta property=\"og:image:height\" content=\"500\" \/>\n\t<meta property=\"og:image:type\" content=\"image\/jpeg\" \/>\n<meta name=\"author\" content=\"Jeanette\" \/>\n<meta name=\"twitter:card\" content=\"summary_large_image\" \/>\n<meta name=\"twitter:creator\" content=\"@eldiario_net\" \/>\n<meta name=\"twitter:site\" content=\"@eldiario_net\" \/>\n<meta name=\"twitter:label1\" content=\"Escrito por\" \/>\n\t<meta name=\"twitter:data1\" content=\"Jeanette\" \/>\n\t<meta name=\"twitter:label2\" content=\"Tiempo de lectura\" \/>\n\t<meta name=\"twitter:data2\" content=\"3 minutos\" \/>\n<script type=\"application\/ld+json\" class=\"yoast-schema-graph\">{\"@context\":\"https:\\\/\\\/schema.org\",\"@graph\":[{\"@type\":\"Article\",\"@id\":\"https:\\\/\\\/www.eldiario.net\\\/portal\\\/2024\\\/06\\\/29\\\/terremoto-de-magnitud-7-en-peru-deja-al-menos-11-heridos\\\/#article\",\"isPartOf\":{\"@id\":\"https:\\\/\\\/www.eldiario.net\\\/portal\\\/2024\\\/06\\\/29\\\/terremoto-de-magnitud-7-en-peru-deja-al-menos-11-heridos\\\/\"},\"author\":{\"name\":\"Jeanette\",\"@id\":\"https:\\\/\\\/www.eldiario.net\\\/portal\\\/#\\\/schema\\\/person\\\/2c57cf2b7a7ae032e449e4c9b1019eac\"},\"headline\":\"Terremoto de magnitud 7 en Per\u00fa deja al menos 11 heridos\",\"datePublished\":\"2024-06-29T11:09:04+00:00\",\"mainEntityOfPage\":{\"@id\":\"https:\\\/\\\/www.eldiario.net\\\/portal\\\/2024\\\/06\\\/29\\\/terremoto-de-magnitud-7-en-peru-deja-al-menos-11-heridos\\\/\"},\"wordCount\":454,\"commentCount\":0,\"publisher\":{\"@id\":\"https:\\\/\\\/www.eldiario.net\\\/portal\\\/#organization\"},\"image\":{\"@id\":\"https:\\\/\\\/www.eldiario.net\\\/portal\\\/2024\\\/06\\\/29\\\/terremoto-de-magnitud-7-en-peru-deja-al-menos-11-heridos\\\/#primaryimage\"},\"thumbnailUrl\":\"https:\\\/\\\/www.eldiario.net\\\/portal\\\/wp-content\\\/uploads\\\/2023\\\/12\\\/Internacional.jpg\",\"articleSection\":[\"Internacional\"],\"inLanguage\":\"es\",\"potentialAction\":[{\"@type\":\"CommentAction\",\"name\":\"Comment\",\"target\":[\"https:\\\/\\\/www.eldiario.net\\\/portal\\\/2024\\\/06\\\/29\\\/terremoto-de-magnitud-7-en-peru-deja-al-menos-11-heridos\\\/#respond\"]}]},{\"@type\":\"WebPage\",\"@id\":\"https:\\\/\\\/www.eldiario.net\\\/portal\\\/2024\\\/06\\\/29\\\/terremoto-de-magnitud-7-en-peru-deja-al-menos-11-heridos\\\/\",\"url\":\"https:\\\/\\\/www.eldiario.net\\\/portal\\\/2024\\\/06\\\/29\\\/terremoto-de-magnitud-7-en-peru-deja-al-menos-11-heridos\\\/\",\"name\":\"Terremoto de magnitud 7 en Per\u00fa deja al menos 11 heridos - El Diario - Bolivia\",\"isPartOf\":{\"@id\":\"https:\\\/\\\/www.eldiario.net\\\/portal\\\/#website\"},\"primaryImageOfPage\":{\"@id\":\"https:\\\/\\\/www.eldiario.net\\\/portal\\\/2024\\\/06\\\/29\\\/terremoto-de-magnitud-7-en-peru-deja-al-menos-11-heridos\\\/#primaryimage\"},\"image\":{\"@id\":\"https:\\\/\\\/www.eldiario.net\\\/portal\\\/2024\\\/06\\\/29\\\/terremoto-de-magnitud-7-en-peru-deja-al-menos-11-heridos\\\/#primaryimage\"},\"thumbnailUrl\":\"https:\\\/\\\/www.eldiario.net\\\/portal\\\/wp-content\\\/uploads\\\/2023\\\/12\\\/Internacional.jpg\",\"datePublished\":\"2024-06-29T11:09:04+00:00\",\"breadcrumb\":{\"@id\":\"https:\\\/\\\/www.eldiario.net\\\/portal\\\/2024\\\/06\\\/29\\\/terremoto-de-magnitud-7-en-peru-deja-al-menos-11-heridos\\\/#breadcrumb\"},\"inLanguage\":\"es\",\"potentialAction\":[{\"@type\":\"ReadAction\",\"target\":[\"https:\\\/\\\/www.eldiario.net\\\/portal\\\/2024\\\/06\\\/29\\\/terremoto-de-magnitud-7-en-peru-deja-al-menos-11-heridos\\\/\"]}]},{\"@type\":\"ImageObject\",\"inLanguage\":\"es\",\"@id\":\"https:\\\/\\\/www.eldiario.net\\\/portal\\\/2024\\\/06\\\/29\\\/terremoto-de-magnitud-7-en-peru-deja-al-menos-11-heridos\\\/#primaryimage\",\"url\":\"https:\\\/\\\/www.eldiario.net\\\/portal\\\/wp-content\\\/uploads\\\/2023\\\/12\\\/Internacional.jpg\",\"contentUrl\":\"https:\\\/\\\/www.eldiario.net\\\/portal\\\/wp-content\\\/uploads\\\/2023\\\/12\\\/Internacional.jpg\",\"width\":800,\"height\":500},{\"@type\":\"BreadcrumbList\",\"@id\":\"https:\\\/\\\/www.eldiario.net\\\/portal\\\/2024\\\/06\\\/29\\\/terremoto-de-magnitud-7-en-peru-deja-al-menos-11-heridos\\\/#breadcrumb\",\"itemListElement\":[{\"@type\":\"ListItem\",\"position\":1,\"name\":\"Portada\",\"item\":\"https:\\\/\\\/www.eldiario.net\\\/portal\\\/\"},{\"@type\":\"ListItem\",\"position\":2,\"name\":\"Terremoto de magnitud 7 en Per\u00fa deja al menos 11 heridos\"}]},{\"@type\":\"WebSite\",\"@id\":\"https:\\\/\\\/www.eldiario.net\\\/portal\\\/#website\",\"url\":\"https:\\\/\\\/www.eldiario.net\\\/portal\\\/\",\"name\":\"El Diario - Decano de la prensa nacional\",\"description\":\"El Diario - Decano de la prensa nacional\",\"publisher\":{\"@id\":\"https:\\\/\\\/www.eldiario.net\\\/portal\\\/#organization\"},\"potentialAction\":[{\"@type\":\"SearchAction\",\"target\":{\"@type\":\"EntryPoint\",\"urlTemplate\":\"https:\\\/\\\/www.eldiario.net\\\/portal\\\/?s={search_term_string}\"},\"query-input\":{\"@type\":\"PropertyValueSpecification\",\"valueRequired\":true,\"valueName\":\"search_term_string\"}}],\"inLanguage\":\"es\"},{\"@type\":\"Organization\",\"@id\":\"https:\\\/\\\/www.eldiario.net\\\/portal\\\/#organization\",\"name\":\"El Diario - Decano de la prensa nacional\",\"url\":\"https:\\\/\\\/www.eldiario.net\\\/portal\\\/\",\"logo\":{\"@type\":\"ImageObject\",\"inLanguage\":\"es\",\"@id\":\"https:\\\/\\\/www.eldiario.net\\\/portal\\\/#\\\/schema\\\/logo\\\/image\\\/\",\"url\":\"https:\\\/\\\/www.eldiario.net\\\/portal\\\/wp-content\\\/uploads\\\/2023\\\/07\\\/logo_ED.jpg\",\"contentUrl\":\"https:\\\/\\\/www.eldiario.net\\\/portal\\\/wp-content\\\/uploads\\\/2023\\\/07\\\/logo_ED.jpg\",\"width\":272,\"height\":52,\"caption\":\"El Diario - Decano de la prensa nacional\"},\"image\":{\"@id\":\"https:\\\/\\\/www.eldiario.net\\\/portal\\\/#\\\/schema\\\/logo\\\/image\\\/\"},\"sameAs\":[\"https:\\\/\\\/www.facebook.com\\\/eldiario.bolivia\\\/\",\"https:\\\/\\\/x.com\\\/eldiario_net\"]},{\"@type\":\"Person\",\"@id\":\"https:\\\/\\\/www.eldiario.net\\\/portal\\\/#\\\/schema\\\/person\\\/2c57cf2b7a7ae032e449e4c9b1019eac\",\"name\":\"Jeanette\",\"image\":{\"@type\":\"ImageObject\",\"inLanguage\":\"es\",\"@id\":\"https:\\\/\\\/secure.gravatar.com\\\/avatar\\\/3ea2118a5f7dad2b7138b1187a6b7ee55f160b9968b66013c3a3ef39dd7e5798?s=96&d=mm&r=g\",\"url\":\"https:\\\/\\\/secure.gravatar.com\\\/avatar\\\/3ea2118a5f7dad2b7138b1187a6b7ee55f160b9968b66013c3a3ef39dd7e5798?s=96&d=mm&r=g\",\"contentUrl\":\"https:\\\/\\\/secure.gravatar.com\\\/avatar\\\/3ea2118a5f7dad2b7138b1187a6b7ee55f160b9968b66013c3a3ef39dd7e5798?s=96&d=mm&r=g\",\"caption\":\"Jeanette\"},\"sameAs\":[\"https:\\\/\\\/www.eldiario.net\\\/portal\"],\"url\":\"https:\\\/\\\/www.eldiario.net\\\/portal\\\/author\\\/jeanette\\\/\"}]}<\/script>\n<!-- \/ Yoast SEO plugin. -->","yoast_head_json":{"title":"Terremoto de magnitud 7 en Per\u00fa deja al menos 11 heridos - El Diario - Bolivia","robots":{"index":"index","follow":"follow","max-snippet":"max-snippet:-1","max-image-preview":"max-image-preview:large","max-video-preview":"max-video-preview:-1"},"canonical":"https:\/\/www.eldiario.net\/portal\/2024\/06\/29\/terremoto-de-magnitud-7-en-peru-deja-al-menos-11-heridos\/","og_locale":"es_ES","og_type":"article","og_title":"Terremoto de magnitud 7 en Per\u00fa deja al menos 11 heridos - El Diario - Bolivia","og_description":"La madrugada de ayer un potente sismo de magnitud 7.0 sacudi\u00f3 la regi\u00f3n de Arequipa, poniendo en alerta a todo el sur del pa\u00eds. El epicentro se localiz\u00f3 en el distrito de Yauca, a 54 km al suroeste de Yauca, Caravel\u00ed, Arequipa, seg\u00fan el Instituto Geof\u00edsico del Per\u00fa (IGP). El movimiento tel\u00farico ocurri\u00f3 a las [&hellip;]","og_url":"https:\/\/www.eldiario.net\/portal\/2024\/06\/29\/terremoto-de-magnitud-7-en-peru-deja-al-menos-11-heridos\/","og_site_name":"El Diario - Bolivia","article_publisher":"https:\/\/www.facebook.com\/eldiario.bolivia\/","article_published_time":"2024-06-29T11:09:04+00:00","og_image":[{"width":800,"height":500,"url":"https:\/\/www.eldiario.net\/portal\/wp-content\/uploads\/2023\/12\/Internacional.jpg","type":"image\/jpeg"}],"author":"Jeanette","twitter_card":"summary_large_image","twitter_creator":"@eldiario_net","twitter_site":"@eldiario_net","twitter_misc":{"Escrito por":"Jeanette","Tiempo de lectura":"3 minutos"},"schema":{"@context":"https:\/\/schema.org","@graph":[{"@type":"Article","@id":"https:\/\/www.eldiario.net\/portal\/2024\/06\/29\/terremoto-de-magnitud-7-en-peru-deja-al-menos-11-heridos\/#article","isPartOf":{"@id":"https:\/\/www.eldiario.net\/portal\/2024\/06\/29\/terremoto-de-magnitud-7-en-peru-deja-al-menos-11-heridos\/"},"author":{"name":"Jeanette","@id":"https:\/\/www.eldiario.net\/portal\/#\/schema\/person\/2c57cf2b7a7ae032e449e4c9b1019eac"},"headline":"Terremoto de magnitud 7 en Per\u00fa deja al menos 11 heridos","datePublished":"2024-06-29T11:09:04+00:00","mainEntityOfPage":{"@id":"https:\/\/www.eldiario.net\/portal\/2024\/06\/29\/terremoto-de-magnitud-7-en-peru-deja-al-menos-11-heridos\/"},"wordCount":454,"commentCount":0,"publisher":{"@id":"https:\/\/www.eldiario.net\/portal\/#organization"},"image":{"@id":"https:\/\/www.eldiario.net\/portal\/2024\/06\/29\/terremoto-de-magnitud-7-en-peru-deja-al-menos-11-heridos\/#primaryimage"},"thumbnailUrl":"https:\/\/www.eldiario.net\/portal\/wp-content\/uploads\/2023\/12\/Internacional.jpg","articleSection":["Internacional"],"inLanguage":"es","potentialAction":[{"@type":"CommentAction","name":"Comment","target":["https:\/\/www.eldiario.net\/portal\/2024\/06\/29\/terremoto-de-magnitud-7-en-peru-deja-al-menos-11-heridos\/#respond"]}]},{"@type":"WebPage","@id":"https:\/\/www.eldiario.net\/portal\/2024\/06\/29\/terremoto-de-magnitud-7-en-peru-deja-al-menos-11-heridos\/","url":"https:\/\/www.eldiario.net\/portal\/2024\/06\/29\/terremoto-de-magnitud-7-en-peru-deja-al-menos-11-heridos\/","name":"Terremoto de magnitud 7 en Per\u00fa deja al menos 11 heridos - El Diario - Bolivia","isPartOf":{"@id":"https:\/\/www.eldiario.net\/portal\/#website"},"primaryImageOfPage":{"@id":"https:\/\/www.eldiario.net\/portal\/2024\/06\/29\/terremoto-de-magnitud-7-en-peru-deja-al-menos-11-heridos\/#primaryimage"},"image":{"@id":"https:\/\/www.eldiario.net\/portal\/2024\/06\/29\/terremoto-de-magnitud-7-en-peru-deja-al-menos-11-heridos\/#primaryimage"},"thumbnailUrl":"https:\/\/www.eldiario.net\/portal\/wp-content\/uploads\/2023\/12\/Internacional.jpg","datePublished":"2024-06-29T11:09:04+00:00","breadcrumb":{"@id":"https:\/\/www.eldiario.net\/portal\/2024\/06\/29\/terremoto-de-magnitud-7-en-peru-deja-al-menos-11-heridos\/#breadcrumb"},"inLanguage":"es","potentialAction":[{"@type":"ReadAction","target":["https:\/\/www.eldiario.net\/portal\/2024\/06\/29\/terremoto-de-magnitud-7-en-peru-deja-al-menos-11-heridos\/"]}]},{"@type":"ImageObject","inLanguage":"es","@id":"https:\/\/www.eldiario.net\/portal\/2024\/06\/29\/terremoto-de-magnitud-7-en-peru-deja-al-menos-11-heridos\/#primaryimage","url":"https:\/\/www.eldiario.net\/portal\/wp-content\/uploads\/2023\/12\/Internacional.jpg","contentUrl":"https:\/\/www.eldiario.net\/portal\/wp-content\/uploads\/2023\/12\/Internacional.jpg","width":800,"height":500},{"@type":"BreadcrumbList","@id":"https:\/\/www.eldiario.net\/portal\/2024\/06\/29\/terremoto-de-magnitud-7-en-peru-deja-al-menos-11-heridos\/#breadcrumb","itemListElement":[{"@type":"ListItem","position":1,"name":"Portada","item":"https:\/\/www.eldiario.net\/portal\/"},{"@type":"ListItem","position":2,"name":"Terremoto de magnitud 7 en Per\u00fa deja al menos 11 heridos"}]},{"@type":"WebSite","@id":"https:\/\/www.eldiario.net\/portal\/#website","url":"https:\/\/www.eldiario.net\/portal\/","name":"El Diario - Decano de la prensa nacional","description":"El Diario - Decano de la prensa nacional","publisher":{"@id":"https:\/\/www.eldiario.net\/portal\/#organization"},"potentialAction":[{"@type":"SearchAction","target":{"@type":"EntryPoint","urlTemplate":"https:\/\/www.eldiario.net\/portal\/?s={search_term_string}"},"query-input":{"@type":"PropertyValueSpecification","valueRequired":true,"valueName":"search_term_string"}}],"inLanguage":"es"},{"@type":"Organization","@id":"https:\/\/www.eldiario.net\/portal\/#organization","name":"El Diario - Decano de la prensa nacional","url":"https:\/\/www.eldiario.net\/portal\/","logo":{"@type":"ImageObject","inLanguage":"es","@id":"https:\/\/www.eldiario.net\/portal\/#\/schema\/logo\/image\/","url":"https:\/\/www.eldiario.net\/portal\/wp-content\/uploads\/2023\/07\/logo_ED.jpg","contentUrl":"https:\/\/www.eldiario.net\/portal\/wp-content\/uploads\/2023\/07\/logo_ED.jpg","width":272,"height":52,"caption":"El Diario - Decano de la prensa nacional"},"image":{"@id":"https:\/\/www.eldiario.net\/portal\/#\/schema\/logo\/image\/"},"sameAs":["https:\/\/www.facebook.com\/eldiario.bolivia\/","https:\/\/x.com\/eldiario_net"]},{"@type":"Person","@id":"https:\/\/www.eldiario.net\/portal\/#\/schema\/person\/2c57cf2b7a7ae032e449e4c9b1019eac","name":"Jeanette","image":{"@type":"ImageObject","inLanguage":"es","@id":"https:\/\/secure.gravatar.com\/avatar\/3ea2118a5f7dad2b7138b1187a6b7ee55f160b9968b66013c3a3ef39dd7e5798?s=96&d=mm&r=g","url":"https:\/\/secure.gravatar.com\/avatar\/3ea2118a5f7dad2b7138b1187a6b7ee55f160b9968b66013c3a3ef39dd7e5798?s=96&d=mm&r=g","contentUrl":"https:\/\/secure.gravatar.com\/avatar\/3ea2118a5f7dad2b7138b1187a6b7ee55f160b9968b66013c3a3ef39dd7e5798?s=96&d=mm&r=g","caption":"Jeanette"},"sameAs":["https:\/\/www.eldiario.net\/portal"],"url":"https:\/\/www.eldiario.net\/portal\/author\/jeanette\/"}]}},"_links":{"self":[{"href":"https:\/\/www.eldiario.net\/portal\/wp-json\/wp\/v2\/posts\/230495","targetHints":{"allow":["GET"]}}],"collection":[{"href":"https:\/\/www.eldiario.net\/portal\/wp-json\/wp\/v2\/posts"}],"about":[{"href":"https:\/\/www.eldiario.net\/portal\/wp-json\/wp\/v2\/types\/post"}],"author":[{"embeddable":true,"href":"https:\/\/www.eldiario.net\/portal\/wp-json\/wp\/v2\/users\/1"}],"replies":[{"embeddable":true,"href":"https:\/\/www.eldiario.net\/portal\/wp-json\/wp\/v2\/comments?post=230495"}],"version-history":[{"count":1,"href":"https:\/\/www.eldiario.net\/portal\/wp-json\/wp\/v2\/posts\/230495\/revisions"}],"predecessor-version":[{"id":230496,"href":"https:\/\/www.eldiario.net\/portal\/wp-json\/wp\/v2\/posts\/230495\/revisions\/230496"}],"wp:featuredmedia":[{"embeddable":true,"href":"https:\/\/www.eldiario.net\/portal\/wp-json\/wp\/v2\/media\/194703"}],"wp:attachment":[{"href":"https:\/\/www.eldiario.net\/portal\/wp-json\/wp\/v2\/media?parent=230495"}],"wp:term":[{"taxonomy":"category","embeddable":true,"href":"https:\/\/www.eldiario.net\/portal\/wp-json\/wp\/v2\/categories?post=230495"},{"taxonomy":"post_tag","embeddable":true,"href":"https:\/\/www.eldiario.net\/portal\/wp-json\/wp\/v2\/tags?post=230495"}],"curies":[{"name":"wp","href":"https:\/\/api.w.org\/{rel}","templated":true}]}}