{"id":230490,"date":"2024-06-29T07:08:04","date_gmt":"2024-06-29T11:08:04","guid":{"rendered":"https:\/\/www.eldiario.net\/portal\/?p=230490"},"modified":"2024-06-29T07:08:04","modified_gmt":"2024-06-29T11:08:04","slug":"derrumbe-de-mina-en-sorata-deja-muertos-y-desaparecidos","status":"publish","type":"post","link":"https:\/\/www.eldiario.net\/portal\/2024\/06\/29\/derrumbe-de-mina-en-sorata-deja-muertos-y-desaparecidos\/","title":{"rendered":"Derrumbe de mina en Sorata deja\u00a0muertos y desaparecidos"},"content":{"rendered":"<p>Se report\u00f3 ayer el derrumbe de una mina de la Cooperativa Tipuani Pampa R.L. en Sorata, hecho que tr\u00e1gicamente dej\u00f3 al menos dos personas fallecidas y varios heridos, adem\u00e1s de personas que fueron reportadas como desaparecidas. La poblaci\u00f3n local pidi\u00f3 ayuda a las autoridades en las labores de rescate pero no hubo un pronunciamiento oficial durante varias horas.<br \/>\nEl hecho ocurri\u00f3 ayer en horas de la ma\u00f1ana, en inmediaciones de una mina del cant\u00f3n Yani, del municipio pace\u00f1o de Sorata. De acuerdo con medios locales, los compa\u00f1eros de las v\u00edctimas y los pobladores del lugar fueron quienes iniciaron las labores de rescate y b\u00fasqueda, por lo que solicitaron la cooperaci\u00f3n de autoridades gubernamentales y departamentales para continuar con los trabajos.<br \/>\nLa Federaci\u00f3n de Cooperativas Mineras Aur\u00edferas del Norte de La Paz (Fecoman) confirm\u00f3 oficialmente la p\u00e9rdida de dos de sus trabajadores a trav\u00e9s de una publicaci\u00f3n de dos obituarios en sus redes sociales, adhiri\u00e9ndose al dolor de las familias afectadas por las muertes.<br \/>\n\u201cLa Fecoman LP. R.L. se une al dolor que embarga a la familia de los compa\u00f1eros Casiano Tola Choque y Antonio Chono Apuri, trabajadores de la Cooperativa Minera Aur\u00edfera Tipuani Pampa R.L., afiliado a la Central Hua\u00f1ajawira R.L. El directorio en pleno extiende su m\u00e1s sentida condolencia a los familiares, que Dios ponga en sus corazones fortaleza y paz por esta irreparable p\u00e9rdida\u201d, se lee en el comunicado.<br \/>\nHasta pasadas las siete de la noche de ayer, no se report\u00f3 la presencia de personal de rescate de la Polic\u00eda o de Bomberos, ni hubo un pronunciamiento oficial de las autoridades pertinentes.<\/p>\n","protected":false},"excerpt":{"rendered":"<p>Se report\u00f3 ayer el derrumbe de una mina de la Cooperativa Tipuani Pampa R.L. en Sorata, hecho que tr\u00e1gicamente dej\u00f3 al menos dos personas fallecidas y varios heridos, adem\u00e1s de personas que fueron reportadas como desaparecidas. La poblaci\u00f3n local pidi\u00f3 ayuda a las autoridades en las labores de rescate pero no hubo un pronunciamiento oficial [&hellip;]<\/p>\n","protected":false},"author":1,"featured_media":230491,"comment_status":"open","ping_status":"open","sticky":false,"template":"","format":"standard","meta":{"_acf_changed":false,"footnotes":""},"categories":[39],"tags":[],"class_list":["post-230490","post","type-post","status-publish","format-standard","has-post-thumbnail","category-sociedad"],"acf":{"antetitulo":"Hay al menos dos fallecidos"},"yoast_head":"<!-- This site is optimized with the Yoast SEO plugin v28.4 - https:\/\/yoast.com\/product\/yoast-seo-wordpress\/ -->\n<title>Derrumbe de mina en Sorata deja\u00a0muertos y desaparecidos - El Diario - Bolivia<\/title>\n<meta name=\"robots\" content=\"index, follow, max-snippet:-1, max-image-preview:large, max-video-preview:-1\" \/>\n<link rel=\"canonical\" href=\"https:\/\/www.eldiario.net\/portal\/2024\/06\/29\/derrumbe-de-mina-en-sorata-deja-muertos-y-desaparecidos\/\" \/>\n<meta property=\"og:locale\" content=\"es_ES\" \/>\n<meta property=\"og:type\" content=\"article\" \/>\n<meta property=\"og:title\" content=\"Derrumbe de mina en Sorata deja\u00a0muertos y desaparecidos - El Diario - Bolivia\" \/>\n<meta property=\"og:description\" content=\"Se report\u00f3 ayer el derrumbe de una mina de la Cooperativa Tipuani Pampa R.L. en Sorata, hecho que tr\u00e1gicamente dej\u00f3 al menos dos personas fallecidas y varios heridos, adem\u00e1s de personas que fueron reportadas como desaparecidas. La poblaci\u00f3n local pidi\u00f3 ayuda a las autoridades en las labores de rescate pero no hubo un pronunciamiento oficial [&hellip;]\" \/>\n<meta property=\"og:url\" content=\"https:\/\/www.eldiario.net\/portal\/2024\/06\/29\/derrumbe-de-mina-en-sorata-deja-muertos-y-desaparecidos\/\" \/>\n<meta property=\"og:site_name\" content=\"El Diario - Bolivia\" \/>\n<meta property=\"article:publisher\" content=\"https:\/\/www.facebook.com\/eldiario.bolivia\/\" \/>\n<meta property=\"article:published_time\" content=\"2024-06-29T11:08:04+00:00\" \/>\n<meta property=\"og:image\" content=\"https:\/\/www.eldiario.net\/portal\/wp-content\/uploads\/2024\/06\/29-MINA.jpg\" \/>\n\t<meta property=\"og:image:width\" content=\"930\" \/>\n\t<meta property=\"og:image:height\" content=\"487\" \/>\n\t<meta property=\"og:image:type\" content=\"image\/jpeg\" \/>\n<meta name=\"author\" content=\"Jeanette\" \/>\n<meta name=\"twitter:card\" content=\"summary_large_image\" \/>\n<meta name=\"twitter:creator\" content=\"@eldiario_net\" \/>\n<meta name=\"twitter:site\" content=\"@eldiario_net\" \/>\n<meta name=\"twitter:label1\" content=\"Escrito por\" \/>\n\t<meta name=\"twitter:data1\" content=\"Jeanette\" \/>\n\t<meta name=\"twitter:label2\" content=\"Tiempo de lectura\" \/>\n\t<meta name=\"twitter:data2\" content=\"2 minutos\" \/>\n<script type=\"application\/ld+json\" class=\"yoast-schema-graph\">{\"@context\":\"https:\\\/\\\/schema.org\",\"@graph\":[{\"@type\":\"Article\",\"@id\":\"https:\\\/\\\/www.eldiario.net\\\/portal\\\/2024\\\/06\\\/29\\\/derrumbe-de-mina-en-sorata-deja-muertos-y-desaparecidos\\\/#article\",\"isPartOf\":{\"@id\":\"https:\\\/\\\/www.eldiario.net\\\/portal\\\/2024\\\/06\\\/29\\\/derrumbe-de-mina-en-sorata-deja-muertos-y-desaparecidos\\\/\"},\"author\":{\"name\":\"Jeanette\",\"@id\":\"https:\\\/\\\/www.eldiario.net\\\/portal\\\/#\\\/schema\\\/person\\\/2c57cf2b7a7ae032e449e4c9b1019eac\"},\"headline\":\"Derrumbe de mina en Sorata deja\u00a0muertos y desaparecidos\",\"datePublished\":\"2024-06-29T11:08:04+00:00\",\"mainEntityOfPage\":{\"@id\":\"https:\\\/\\\/www.eldiario.net\\\/portal\\\/2024\\\/06\\\/29\\\/derrumbe-de-mina-en-sorata-deja-muertos-y-desaparecidos\\\/\"},\"wordCount\":299,\"commentCount\":0,\"publisher\":{\"@id\":\"https:\\\/\\\/www.eldiario.net\\\/portal\\\/#organization\"},\"image\":{\"@id\":\"https:\\\/\\\/www.eldiario.net\\\/portal\\\/2024\\\/06\\\/29\\\/derrumbe-de-mina-en-sorata-deja-muertos-y-desaparecidos\\\/#primaryimage\"},\"thumbnailUrl\":\"https:\\\/\\\/www.eldiario.net\\\/portal\\\/wp-content\\\/uploads\\\/2024\\\/06\\\/29-MINA.jpg\",\"articleSection\":[\"Sociedad - Seguridad\"],\"inLanguage\":\"es\",\"potentialAction\":[{\"@type\":\"CommentAction\",\"name\":\"Comment\",\"target\":[\"https:\\\/\\\/www.eldiario.net\\\/portal\\\/2024\\\/06\\\/29\\\/derrumbe-de-mina-en-sorata-deja-muertos-y-desaparecidos\\\/#respond\"]}]},{\"@type\":\"WebPage\",\"@id\":\"https:\\\/\\\/www.eldiario.net\\\/portal\\\/2024\\\/06\\\/29\\\/derrumbe-de-mina-en-sorata-deja-muertos-y-desaparecidos\\\/\",\"url\":\"https:\\\/\\\/www.eldiario.net\\\/portal\\\/2024\\\/06\\\/29\\\/derrumbe-de-mina-en-sorata-deja-muertos-y-desaparecidos\\\/\",\"name\":\"Derrumbe de mina en Sorata deja\u00a0muertos y desaparecidos - El Diario - Bolivia\",\"isPartOf\":{\"@id\":\"https:\\\/\\\/www.eldiario.net\\\/portal\\\/#website\"},\"primaryImageOfPage\":{\"@id\":\"https:\\\/\\\/www.eldiario.net\\\/portal\\\/2024\\\/06\\\/29\\\/derrumbe-de-mina-en-sorata-deja-muertos-y-desaparecidos\\\/#primaryimage\"},\"image\":{\"@id\":\"https:\\\/\\\/www.eldiario.net\\\/portal\\\/2024\\\/06\\\/29\\\/derrumbe-de-mina-en-sorata-deja-muertos-y-desaparecidos\\\/#primaryimage\"},\"thumbnailUrl\":\"https:\\\/\\\/www.eldiario.net\\\/portal\\\/wp-content\\\/uploads\\\/2024\\\/06\\\/29-MINA.jpg\",\"datePublished\":\"2024-06-29T11:08:04+00:00\",\"breadcrumb\":{\"@id\":\"https:\\\/\\\/www.eldiario.net\\\/portal\\\/2024\\\/06\\\/29\\\/derrumbe-de-mina-en-sorata-deja-muertos-y-desaparecidos\\\/#breadcrumb\"},\"inLanguage\":\"es\",\"potentialAction\":[{\"@type\":\"ReadAction\",\"target\":[\"https:\\\/\\\/www.eldiario.net\\\/portal\\\/2024\\\/06\\\/29\\\/derrumbe-de-mina-en-sorata-deja-muertos-y-desaparecidos\\\/\"]}]},{\"@type\":\"ImageObject\",\"inLanguage\":\"es\",\"@id\":\"https:\\\/\\\/www.eldiario.net\\\/portal\\\/2024\\\/06\\\/29\\\/derrumbe-de-mina-en-sorata-deja-muertos-y-desaparecidos\\\/#primaryimage\",\"url\":\"https:\\\/\\\/www.eldiario.net\\\/portal\\\/wp-content\\\/uploads\\\/2024\\\/06\\\/29-MINA.jpg\",\"contentUrl\":\"https:\\\/\\\/www.eldiario.net\\\/portal\\\/wp-content\\\/uploads\\\/2024\\\/06\\\/29-MINA.jpg\",\"width\":930,\"height\":487,\"caption\":\"Imagen de la mina tras sufrir el derrumbe.\"},{\"@type\":\"BreadcrumbList\",\"@id\":\"https:\\\/\\\/www.eldiario.net\\\/portal\\\/2024\\\/06\\\/29\\\/derrumbe-de-mina-en-sorata-deja-muertos-y-desaparecidos\\\/#breadcrumb\",\"itemListElement\":[{\"@type\":\"ListItem\",\"position\":1,\"name\":\"Portada\",\"item\":\"https:\\\/\\\/www.eldiario.net\\\/portal\\\/\"},{\"@type\":\"ListItem\",\"position\":2,\"name\":\"Derrumbe de mina en Sorata deja\u00a0muertos y desaparecidos\"}]},{\"@type\":\"WebSite\",\"@id\":\"https:\\\/\\\/www.eldiario.net\\\/portal\\\/#website\",\"url\":\"https:\\\/\\\/www.eldiario.net\\\/portal\\\/\",\"name\":\"El Diario - Decano de la prensa nacional\",\"description\":\"El Diario - Decano de la prensa nacional\",\"publisher\":{\"@id\":\"https:\\\/\\\/www.eldiario.net\\\/portal\\\/#organization\"},\"potentialAction\":[{\"@type\":\"SearchAction\",\"target\":{\"@type\":\"EntryPoint\",\"urlTemplate\":\"https:\\\/\\\/www.eldiario.net\\\/portal\\\/?s={search_term_string}\"},\"query-input\":{\"@type\":\"PropertyValueSpecification\",\"valueRequired\":true,\"valueName\":\"search_term_string\"}}],\"inLanguage\":\"es\"},{\"@type\":\"Organization\",\"@id\":\"https:\\\/\\\/www.eldiario.net\\\/portal\\\/#organization\",\"name\":\"El Diario - Decano de la prensa nacional\",\"url\":\"https:\\\/\\\/www.eldiario.net\\\/portal\\\/\",\"logo\":{\"@type\":\"ImageObject\",\"inLanguage\":\"es\",\"@id\":\"https:\\\/\\\/www.eldiario.net\\\/portal\\\/#\\\/schema\\\/logo\\\/image\\\/\",\"url\":\"https:\\\/\\\/www.eldiario.net\\\/portal\\\/wp-content\\\/uploads\\\/2023\\\/07\\\/logo_ED.jpg\",\"contentUrl\":\"https:\\\/\\\/www.eldiario.net\\\/portal\\\/wp-content\\\/uploads\\\/2023\\\/07\\\/logo_ED.jpg\",\"width\":272,\"height\":52,\"caption\":\"El Diario - Decano de la prensa nacional\"},\"image\":{\"@id\":\"https:\\\/\\\/www.eldiario.net\\\/portal\\\/#\\\/schema\\\/logo\\\/image\\\/\"},\"sameAs\":[\"https:\\\/\\\/www.facebook.com\\\/eldiario.bolivia\\\/\",\"https:\\\/\\\/x.com\\\/eldiario_net\"]},{\"@type\":\"Person\",\"@id\":\"https:\\\/\\\/www.eldiario.net\\\/portal\\\/#\\\/schema\\\/person\\\/2c57cf2b7a7ae032e449e4c9b1019eac\",\"name\":\"Jeanette\",\"image\":{\"@type\":\"ImageObject\",\"inLanguage\":\"es\",\"@id\":\"https:\\\/\\\/secure.gravatar.com\\\/avatar\\\/3ea2118a5f7dad2b7138b1187a6b7ee55f160b9968b66013c3a3ef39dd7e5798?s=96&d=mm&r=g\",\"url\":\"https:\\\/\\\/secure.gravatar.com\\\/avatar\\\/3ea2118a5f7dad2b7138b1187a6b7ee55f160b9968b66013c3a3ef39dd7e5798?s=96&d=mm&r=g\",\"contentUrl\":\"https:\\\/\\\/secure.gravatar.com\\\/avatar\\\/3ea2118a5f7dad2b7138b1187a6b7ee55f160b9968b66013c3a3ef39dd7e5798?s=96&d=mm&r=g\",\"caption\":\"Jeanette\"},\"sameAs\":[\"https:\\\/\\\/www.eldiario.net\\\/portal\"],\"url\":\"https:\\\/\\\/www.eldiario.net\\\/portal\\\/author\\\/jeanette\\\/\"}]}<\/script>\n<!-- \/ Yoast SEO plugin. -->","yoast_head_json":{"title":"Derrumbe de mina en Sorata deja\u00a0muertos y desaparecidos - El Diario - Bolivia","robots":{"index":"index","follow":"follow","max-snippet":"max-snippet:-1","max-image-preview":"max-image-preview:large","max-video-preview":"max-video-preview:-1"},"canonical":"https:\/\/www.eldiario.net\/portal\/2024\/06\/29\/derrumbe-de-mina-en-sorata-deja-muertos-y-desaparecidos\/","og_locale":"es_ES","og_type":"article","og_title":"Derrumbe de mina en Sorata deja\u00a0muertos y desaparecidos - El Diario - Bolivia","og_description":"Se report\u00f3 ayer el derrumbe de una mina de la Cooperativa Tipuani Pampa R.L. en Sorata, hecho que tr\u00e1gicamente dej\u00f3 al menos dos personas fallecidas y varios heridos, adem\u00e1s de personas que fueron reportadas como desaparecidas. La poblaci\u00f3n local pidi\u00f3 ayuda a las autoridades en las labores de rescate pero no hubo un pronunciamiento oficial [&hellip;]","og_url":"https:\/\/www.eldiario.net\/portal\/2024\/06\/29\/derrumbe-de-mina-en-sorata-deja-muertos-y-desaparecidos\/","og_site_name":"El Diario - Bolivia","article_publisher":"https:\/\/www.facebook.com\/eldiario.bolivia\/","article_published_time":"2024-06-29T11:08:04+00:00","og_image":[{"width":930,"height":487,"url":"https:\/\/www.eldiario.net\/portal\/wp-content\/uploads\/2024\/06\/29-MINA.jpg","type":"image\/jpeg"}],"author":"Jeanette","twitter_card":"summary_large_image","twitter_creator":"@eldiario_net","twitter_site":"@eldiario_net","twitter_misc":{"Escrito por":"Jeanette","Tiempo de lectura":"2 minutos"},"schema":{"@context":"https:\/\/schema.org","@graph":[{"@type":"Article","@id":"https:\/\/www.eldiario.net\/portal\/2024\/06\/29\/derrumbe-de-mina-en-sorata-deja-muertos-y-desaparecidos\/#article","isPartOf":{"@id":"https:\/\/www.eldiario.net\/portal\/2024\/06\/29\/derrumbe-de-mina-en-sorata-deja-muertos-y-desaparecidos\/"},"author":{"name":"Jeanette","@id":"https:\/\/www.eldiario.net\/portal\/#\/schema\/person\/2c57cf2b7a7ae032e449e4c9b1019eac"},"headline":"Derrumbe de mina en Sorata deja\u00a0muertos y desaparecidos","datePublished":"2024-06-29T11:08:04+00:00","mainEntityOfPage":{"@id":"https:\/\/www.eldiario.net\/portal\/2024\/06\/29\/derrumbe-de-mina-en-sorata-deja-muertos-y-desaparecidos\/"},"wordCount":299,"commentCount":0,"publisher":{"@id":"https:\/\/www.eldiario.net\/portal\/#organization"},"image":{"@id":"https:\/\/www.eldiario.net\/portal\/2024\/06\/29\/derrumbe-de-mina-en-sorata-deja-muertos-y-desaparecidos\/#primaryimage"},"thumbnailUrl":"https:\/\/www.eldiario.net\/portal\/wp-content\/uploads\/2024\/06\/29-MINA.jpg","articleSection":["Sociedad - Seguridad"],"inLanguage":"es","potentialAction":[{"@type":"CommentAction","name":"Comment","target":["https:\/\/www.eldiario.net\/portal\/2024\/06\/29\/derrumbe-de-mina-en-sorata-deja-muertos-y-desaparecidos\/#respond"]}]},{"@type":"WebPage","@id":"https:\/\/www.eldiario.net\/portal\/2024\/06\/29\/derrumbe-de-mina-en-sorata-deja-muertos-y-desaparecidos\/","url":"https:\/\/www.eldiario.net\/portal\/2024\/06\/29\/derrumbe-de-mina-en-sorata-deja-muertos-y-desaparecidos\/","name":"Derrumbe de mina en Sorata deja\u00a0muertos y desaparecidos - El Diario - Bolivia","isPartOf":{"@id":"https:\/\/www.eldiario.net\/portal\/#website"},"primaryImageOfPage":{"@id":"https:\/\/www.eldiario.net\/portal\/2024\/06\/29\/derrumbe-de-mina-en-sorata-deja-muertos-y-desaparecidos\/#primaryimage"},"image":{"@id":"https:\/\/www.eldiario.net\/portal\/2024\/06\/29\/derrumbe-de-mina-en-sorata-deja-muertos-y-desaparecidos\/#primaryimage"},"thumbnailUrl":"https:\/\/www.eldiario.net\/portal\/wp-content\/uploads\/2024\/06\/29-MINA.jpg","datePublished":"2024-06-29T11:08:04+00:00","breadcrumb":{"@id":"https:\/\/www.eldiario.net\/portal\/2024\/06\/29\/derrumbe-de-mina-en-sorata-deja-muertos-y-desaparecidos\/#breadcrumb"},"inLanguage":"es","potentialAction":[{"@type":"ReadAction","target":["https:\/\/www.eldiario.net\/portal\/2024\/06\/29\/derrumbe-de-mina-en-sorata-deja-muertos-y-desaparecidos\/"]}]},{"@type":"ImageObject","inLanguage":"es","@id":"https:\/\/www.eldiario.net\/portal\/2024\/06\/29\/derrumbe-de-mina-en-sorata-deja-muertos-y-desaparecidos\/#primaryimage","url":"https:\/\/www.eldiario.net\/portal\/wp-content\/uploads\/2024\/06\/29-MINA.jpg","contentUrl":"https:\/\/www.eldiario.net\/portal\/wp-content\/uploads\/2024\/06\/29-MINA.jpg","width":930,"height":487,"caption":"Imagen de la mina tras sufrir el derrumbe."},{"@type":"BreadcrumbList","@id":"https:\/\/www.eldiario.net\/portal\/2024\/06\/29\/derrumbe-de-mina-en-sorata-deja-muertos-y-desaparecidos\/#breadcrumb","itemListElement":[{"@type":"ListItem","position":1,"name":"Portada","item":"https:\/\/www.eldiario.net\/portal\/"},{"@type":"ListItem","position":2,"name":"Derrumbe de mina en Sorata deja\u00a0muertos y desaparecidos"}]},{"@type":"WebSite","@id":"https:\/\/www.eldiario.net\/portal\/#website","url":"https:\/\/www.eldiario.net\/portal\/","name":"El Diario - Decano de la prensa nacional","description":"El Diario - Decano de la prensa nacional","publisher":{"@id":"https:\/\/www.eldiario.net\/portal\/#organization"},"potentialAction":[{"@type":"SearchAction","target":{"@type":"EntryPoint","urlTemplate":"https:\/\/www.eldiario.net\/portal\/?s={search_term_string}"},"query-input":{"@type":"PropertyValueSpecification","valueRequired":true,"valueName":"search_term_string"}}],"inLanguage":"es"},{"@type":"Organization","@id":"https:\/\/www.eldiario.net\/portal\/#organization","name":"El Diario - Decano de la prensa nacional","url":"https:\/\/www.eldiario.net\/portal\/","logo":{"@type":"ImageObject","inLanguage":"es","@id":"https:\/\/www.eldiario.net\/portal\/#\/schema\/logo\/image\/","url":"https:\/\/www.eldiario.net\/portal\/wp-content\/uploads\/2023\/07\/logo_ED.jpg","contentUrl":"https:\/\/www.eldiario.net\/portal\/wp-content\/uploads\/2023\/07\/logo_ED.jpg","width":272,"height":52,"caption":"El Diario - Decano de la prensa nacional"},"image":{"@id":"https:\/\/www.eldiario.net\/portal\/#\/schema\/logo\/image\/"},"sameAs":["https:\/\/www.facebook.com\/eldiario.bolivia\/","https:\/\/x.com\/eldiario_net"]},{"@type":"Person","@id":"https:\/\/www.eldiario.net\/portal\/#\/schema\/person\/2c57cf2b7a7ae032e449e4c9b1019eac","name":"Jeanette","image":{"@type":"ImageObject","inLanguage":"es","@id":"https:\/\/secure.gravatar.com\/avatar\/3ea2118a5f7dad2b7138b1187a6b7ee55f160b9968b66013c3a3ef39dd7e5798?s=96&d=mm&r=g","url":"https:\/\/secure.gravatar.com\/avatar\/3ea2118a5f7dad2b7138b1187a6b7ee55f160b9968b66013c3a3ef39dd7e5798?s=96&d=mm&r=g","contentUrl":"https:\/\/secure.gravatar.com\/avatar\/3ea2118a5f7dad2b7138b1187a6b7ee55f160b9968b66013c3a3ef39dd7e5798?s=96&d=mm&r=g","caption":"Jeanette"},"sameAs":["https:\/\/www.eldiario.net\/portal"],"url":"https:\/\/www.eldiario.net\/portal\/author\/jeanette\/"}]}},"_links":{"self":[{"href":"https:\/\/www.eldiario.net\/portal\/wp-json\/wp\/v2\/posts\/230490","targetHints":{"allow":["GET"]}}],"collection":[{"href":"https:\/\/www.eldiario.net\/portal\/wp-json\/wp\/v2\/posts"}],"about":[{"href":"https:\/\/www.eldiario.net\/portal\/wp-json\/wp\/v2\/types\/post"}],"author":[{"embeddable":true,"href":"https:\/\/www.eldiario.net\/portal\/wp-json\/wp\/v2\/users\/1"}],"replies":[{"embeddable":true,"href":"https:\/\/www.eldiario.net\/portal\/wp-json\/wp\/v2\/comments?post=230490"}],"version-history":[{"count":1,"href":"https:\/\/www.eldiario.net\/portal\/wp-json\/wp\/v2\/posts\/230490\/revisions"}],"predecessor-version":[{"id":230492,"href":"https:\/\/www.eldiario.net\/portal\/wp-json\/wp\/v2\/posts\/230490\/revisions\/230492"}],"wp:featuredmedia":[{"embeddable":true,"href":"https:\/\/www.eldiario.net\/portal\/wp-json\/wp\/v2\/media\/230491"}],"wp:attachment":[{"href":"https:\/\/www.eldiario.net\/portal\/wp-json\/wp\/v2\/media?parent=230490"}],"wp:term":[{"taxonomy":"category","embeddable":true,"href":"https:\/\/www.eldiario.net\/portal\/wp-json\/wp\/v2\/categories?post=230490"},{"taxonomy":"post_tag","embeddable":true,"href":"https:\/\/www.eldiario.net\/portal\/wp-json\/wp\/v2\/tags?post=230490"}],"curies":[{"name":"wp","href":"https:\/\/api.w.org\/{rel}","templated":true}]}}