{"id":230487,"date":"2024-06-29T07:07:31","date_gmt":"2024-06-29T11:07:31","guid":{"rendered":"https:\/\/www.eldiario.net\/portal\/?p=230487"},"modified":"2024-06-29T07:07:31","modified_gmt":"2024-06-29T11:07:31","slug":"aprehenden-a-excomandante-de-la-fab-y-tres-militares","status":"publish","type":"post","link":"https:\/\/www.eldiario.net\/portal\/2024\/06\/29\/aprehenden-a-excomandante-de-la-fab-y-tres-militares\/","title":{"rendered":"Aprehenden a excomandante de la FAB y tres militares"},"content":{"rendered":"<p>El ahora excomandante de la Fuerza A\u00e9rea Boliviana (FAB), Marcelo Zegarra Guti\u00e9rrez, y otros tres militares que eran buscados por la justicia fueron aprehendidos y son investigados por la sublevaci\u00f3n militar ocurrida el mi\u00e9rcoles en la Sede de Gobierno, inform\u00f3 el ministro de Gobierno, Eduardo Del Castillo.<br \/>\nEl ministro lider\u00f3 la conferencia de prensa en la que, nuevamente, exhibi\u00f3 a tres de los aprehendidos ante los medios de comunicaci\u00f3n, en presencia de los viceministros de R\u00e9gimen Interior, Jhonny Aguilera, de Seguridad Ciudadana, Roberto R\u00edos, el comandante general de la Polic\u00eda, \u00c1lvaro \u00c1lvarez, y el jefe de la fuerza anticrimen de la Polic\u00eda, Jhonny Ch\u00e1vez.<br \/>\nDel Castillo indic\u00f3 que se investiga la participaci\u00f3n de Zegarra en el supuesto \u201cfallido golpe de Estado\u201d, quien fue aprehendido luego de presentarse voluntariamente a declarar, aunque no fue presentado. Preliminarmente, explic\u00f3 que \u00e9ste militar no habr\u00eda estado de acuerdo con la acci\u00f3n militar comandada por el excomandante del Ej\u00e9rcito, Juan Jos\u00e9 Z\u00fa\u00f1iga, quien ayer enfrent\u00f3 a la justicia junto a otros dos exuniformados.<br \/>\nAdem\u00e1s de Zegarra, se aprehendi\u00f3 al capit\u00e1n de Infanter\u00eda, Miguel \u00c1ngel B. D. por haber supuestamente liderado el operativo en la plaza Murillo la tarde del mi\u00e9rcoles; y a dos sargentos de las Fuerzas Armadas, entre ellos el conductor de la tanqueta que se estrell\u00f3 contra la puerta de Palacio Quemado en el que iba a bordo Z\u00fa\u00f1iga. Con estos militares, suman 21 los aprehendidos por este caso que caus\u00f3 revuelo en todo el pa\u00eds y en la comunidad internacional.<\/p>\n<p>Z\u00da\u00d1IGA<br \/>\nPor su parte, Z\u00fa\u00f1iga y otros dos exjefes militares, el excomandante de la Armada, Juan Arnez Salvador, y el exjefe de la divisi\u00f3n mecanizada de Viacha, Edison Iraola, comparecieron ayer a la justicia en horas de la tarde luego de ser imputados formalmente por la Fiscal\u00eda, quien pidi\u00f3 seis meses de detenci\u00f3n preventiva en contra de los implicados.<br \/>\nLos exmiembros de la instituci\u00f3n castrense fueron puestos ante la justicia en una audiencia de medidas cautelares que inici\u00f3 a las 14:15 de manera virtual, por la presunta comisi\u00f3n de delitos de terrorismo y alzamiento armado contra la seguridad y soberan\u00eda del Estado.<\/p>\n","protected":false},"excerpt":{"rendered":"<p>El ahora excomandante de la Fuerza A\u00e9rea Boliviana (FAB), Marcelo Zegarra Guti\u00e9rrez, y otros tres militares que eran buscados por la justicia fueron aprehendidos y son investigados por la sublevaci\u00f3n militar ocurrida el mi\u00e9rcoles en la Sede de Gobierno, inform\u00f3 el ministro de Gobierno, Eduardo Del Castillo. El ministro lider\u00f3 la conferencia de prensa en [&hellip;]<\/p>\n","protected":false},"author":1,"featured_media":230488,"comment_status":"open","ping_status":"open","sticky":false,"template":"","format":"standard","meta":{"_acf_changed":false,"footnotes":""},"categories":[39],"tags":[],"class_list":["post-230487","post","type-post","status-publish","format-standard","has-post-thumbnail","category-sociedad"],"acf":{"antetitulo":"Suman 21 aprehendidos"},"yoast_head":"<!-- This site is optimized with the Yoast SEO plugin v28.4 - https:\/\/yoast.com\/product\/yoast-seo-wordpress\/ -->\n<title>Aprehenden a excomandante de la FAB y tres militares - El Diario - Bolivia<\/title>\n<meta name=\"robots\" content=\"index, follow, max-snippet:-1, max-image-preview:large, max-video-preview:-1\" \/>\n<link rel=\"canonical\" href=\"https:\/\/www.eldiario.net\/portal\/2024\/06\/29\/aprehenden-a-excomandante-de-la-fab-y-tres-militares\/\" \/>\n<meta property=\"og:locale\" content=\"es_ES\" \/>\n<meta property=\"og:type\" content=\"article\" \/>\n<meta property=\"og:title\" content=\"Aprehenden a excomandante de la FAB y tres militares - El Diario - Bolivia\" \/>\n<meta property=\"og:description\" content=\"El ahora excomandante de la Fuerza A\u00e9rea Boliviana (FAB), Marcelo Zegarra Guti\u00e9rrez, y otros tres militares que eran buscados por la justicia fueron aprehendidos y son investigados por la sublevaci\u00f3n militar ocurrida el mi\u00e9rcoles en la Sede de Gobierno, inform\u00f3 el ministro de Gobierno, Eduardo Del Castillo. El ministro lider\u00f3 la conferencia de prensa en [&hellip;]\" \/>\n<meta property=\"og:url\" content=\"https:\/\/www.eldiario.net\/portal\/2024\/06\/29\/aprehenden-a-excomandante-de-la-fab-y-tres-militares\/\" \/>\n<meta property=\"og:site_name\" content=\"El Diario - Bolivia\" \/>\n<meta property=\"article:publisher\" content=\"https:\/\/www.facebook.com\/eldiario.bolivia\/\" \/>\n<meta property=\"article:published_time\" content=\"2024-06-29T11:07:31+00:00\" \/>\n<meta property=\"og:image\" content=\"https:\/\/www.eldiario.net\/portal\/wp-content\/uploads\/2024\/06\/29-FAB.jpg\" \/>\n\t<meta property=\"og:image:width\" content=\"1600\" \/>\n\t<meta property=\"og:image:height\" content=\"1066\" \/>\n\t<meta property=\"og:image:type\" content=\"image\/jpeg\" \/>\n<meta name=\"author\" content=\"Jeanette\" \/>\n<meta name=\"twitter:card\" content=\"summary_large_image\" \/>\n<meta name=\"twitter:creator\" content=\"@eldiario_net\" \/>\n<meta name=\"twitter:site\" content=\"@eldiario_net\" \/>\n<meta name=\"twitter:label1\" content=\"Escrito por\" \/>\n\t<meta name=\"twitter:data1\" content=\"Jeanette\" \/>\n\t<meta name=\"twitter:label2\" content=\"Tiempo de lectura\" \/>\n\t<meta name=\"twitter:data2\" content=\"2 minutos\" \/>\n<script type=\"application\/ld+json\" class=\"yoast-schema-graph\">{\"@context\":\"https:\\\/\\\/schema.org\",\"@graph\":[{\"@type\":\"Article\",\"@id\":\"https:\\\/\\\/www.eldiario.net\\\/portal\\\/2024\\\/06\\\/29\\\/aprehenden-a-excomandante-de-la-fab-y-tres-militares\\\/#article\",\"isPartOf\":{\"@id\":\"https:\\\/\\\/www.eldiario.net\\\/portal\\\/2024\\\/06\\\/29\\\/aprehenden-a-excomandante-de-la-fab-y-tres-militares\\\/\"},\"author\":{\"name\":\"Jeanette\",\"@id\":\"https:\\\/\\\/www.eldiario.net\\\/portal\\\/#\\\/schema\\\/person\\\/2c57cf2b7a7ae032e449e4c9b1019eac\"},\"headline\":\"Aprehenden a excomandante de la FAB y tres militares\",\"datePublished\":\"2024-06-29T11:07:31+00:00\",\"mainEntityOfPage\":{\"@id\":\"https:\\\/\\\/www.eldiario.net\\\/portal\\\/2024\\\/06\\\/29\\\/aprehenden-a-excomandante-de-la-fab-y-tres-militares\\\/\"},\"wordCount\":386,\"commentCount\":0,\"publisher\":{\"@id\":\"https:\\\/\\\/www.eldiario.net\\\/portal\\\/#organization\"},\"image\":{\"@id\":\"https:\\\/\\\/www.eldiario.net\\\/portal\\\/2024\\\/06\\\/29\\\/aprehenden-a-excomandante-de-la-fab-y-tres-militares\\\/#primaryimage\"},\"thumbnailUrl\":\"https:\\\/\\\/www.eldiario.net\\\/portal\\\/wp-content\\\/uploads\\\/2024\\\/06\\\/29-FAB.jpg\",\"articleSection\":[\"Sociedad - Seguridad\"],\"inLanguage\":\"es\",\"potentialAction\":[{\"@type\":\"CommentAction\",\"name\":\"Comment\",\"target\":[\"https:\\\/\\\/www.eldiario.net\\\/portal\\\/2024\\\/06\\\/29\\\/aprehenden-a-excomandante-de-la-fab-y-tres-militares\\\/#respond\"]}]},{\"@type\":\"WebPage\",\"@id\":\"https:\\\/\\\/www.eldiario.net\\\/portal\\\/2024\\\/06\\\/29\\\/aprehenden-a-excomandante-de-la-fab-y-tres-militares\\\/\",\"url\":\"https:\\\/\\\/www.eldiario.net\\\/portal\\\/2024\\\/06\\\/29\\\/aprehenden-a-excomandante-de-la-fab-y-tres-militares\\\/\",\"name\":\"Aprehenden a excomandante de la FAB y tres militares - El Diario - Bolivia\",\"isPartOf\":{\"@id\":\"https:\\\/\\\/www.eldiario.net\\\/portal\\\/#website\"},\"primaryImageOfPage\":{\"@id\":\"https:\\\/\\\/www.eldiario.net\\\/portal\\\/2024\\\/06\\\/29\\\/aprehenden-a-excomandante-de-la-fab-y-tres-militares\\\/#primaryimage\"},\"image\":{\"@id\":\"https:\\\/\\\/www.eldiario.net\\\/portal\\\/2024\\\/06\\\/29\\\/aprehenden-a-excomandante-de-la-fab-y-tres-militares\\\/#primaryimage\"},\"thumbnailUrl\":\"https:\\\/\\\/www.eldiario.net\\\/portal\\\/wp-content\\\/uploads\\\/2024\\\/06\\\/29-FAB.jpg\",\"datePublished\":\"2024-06-29T11:07:31+00:00\",\"breadcrumb\":{\"@id\":\"https:\\\/\\\/www.eldiario.net\\\/portal\\\/2024\\\/06\\\/29\\\/aprehenden-a-excomandante-de-la-fab-y-tres-militares\\\/#breadcrumb\"},\"inLanguage\":\"es\",\"potentialAction\":[{\"@type\":\"ReadAction\",\"target\":[\"https:\\\/\\\/www.eldiario.net\\\/portal\\\/2024\\\/06\\\/29\\\/aprehenden-a-excomandante-de-la-fab-y-tres-militares\\\/\"]}]},{\"@type\":\"ImageObject\",\"inLanguage\":\"es\",\"@id\":\"https:\\\/\\\/www.eldiario.net\\\/portal\\\/2024\\\/06\\\/29\\\/aprehenden-a-excomandante-de-la-fab-y-tres-militares\\\/#primaryimage\",\"url\":\"https:\\\/\\\/www.eldiario.net\\\/portal\\\/wp-content\\\/uploads\\\/2024\\\/06\\\/29-FAB.jpg\",\"contentUrl\":\"https:\\\/\\\/www.eldiario.net\\\/portal\\\/wp-content\\\/uploads\\\/2024\\\/06\\\/29-FAB.jpg\",\"width\":1600,\"height\":1066,\"caption\":\"Del Castillo y el resto de la c\u00fapula de autoridades que present\u00f3 a los aprehendidos ayer.\"},{\"@type\":\"BreadcrumbList\",\"@id\":\"https:\\\/\\\/www.eldiario.net\\\/portal\\\/2024\\\/06\\\/29\\\/aprehenden-a-excomandante-de-la-fab-y-tres-militares\\\/#breadcrumb\",\"itemListElement\":[{\"@type\":\"ListItem\",\"position\":1,\"name\":\"Portada\",\"item\":\"https:\\\/\\\/www.eldiario.net\\\/portal\\\/\"},{\"@type\":\"ListItem\",\"position\":2,\"name\":\"Aprehenden a excomandante de la FAB y tres militares\"}]},{\"@type\":\"WebSite\",\"@id\":\"https:\\\/\\\/www.eldiario.net\\\/portal\\\/#website\",\"url\":\"https:\\\/\\\/www.eldiario.net\\\/portal\\\/\",\"name\":\"El Diario - Decano de la prensa nacional\",\"description\":\"El Diario - Decano de la prensa nacional\",\"publisher\":{\"@id\":\"https:\\\/\\\/www.eldiario.net\\\/portal\\\/#organization\"},\"potentialAction\":[{\"@type\":\"SearchAction\",\"target\":{\"@type\":\"EntryPoint\",\"urlTemplate\":\"https:\\\/\\\/www.eldiario.net\\\/portal\\\/?s={search_term_string}\"},\"query-input\":{\"@type\":\"PropertyValueSpecification\",\"valueRequired\":true,\"valueName\":\"search_term_string\"}}],\"inLanguage\":\"es\"},{\"@type\":\"Organization\",\"@id\":\"https:\\\/\\\/www.eldiario.net\\\/portal\\\/#organization\",\"name\":\"El Diario - Decano de la prensa nacional\",\"url\":\"https:\\\/\\\/www.eldiario.net\\\/portal\\\/\",\"logo\":{\"@type\":\"ImageObject\",\"inLanguage\":\"es\",\"@id\":\"https:\\\/\\\/www.eldiario.net\\\/portal\\\/#\\\/schema\\\/logo\\\/image\\\/\",\"url\":\"https:\\\/\\\/www.eldiario.net\\\/portal\\\/wp-content\\\/uploads\\\/2023\\\/07\\\/logo_ED.jpg\",\"contentUrl\":\"https:\\\/\\\/www.eldiario.net\\\/portal\\\/wp-content\\\/uploads\\\/2023\\\/07\\\/logo_ED.jpg\",\"width\":272,\"height\":52,\"caption\":\"El Diario - Decano de la prensa nacional\"},\"image\":{\"@id\":\"https:\\\/\\\/www.eldiario.net\\\/portal\\\/#\\\/schema\\\/logo\\\/image\\\/\"},\"sameAs\":[\"https:\\\/\\\/www.facebook.com\\\/eldiario.bolivia\\\/\",\"https:\\\/\\\/x.com\\\/eldiario_net\"]},{\"@type\":\"Person\",\"@id\":\"https:\\\/\\\/www.eldiario.net\\\/portal\\\/#\\\/schema\\\/person\\\/2c57cf2b7a7ae032e449e4c9b1019eac\",\"name\":\"Jeanette\",\"image\":{\"@type\":\"ImageObject\",\"inLanguage\":\"es\",\"@id\":\"https:\\\/\\\/secure.gravatar.com\\\/avatar\\\/3ea2118a5f7dad2b7138b1187a6b7ee55f160b9968b66013c3a3ef39dd7e5798?s=96&d=mm&r=g\",\"url\":\"https:\\\/\\\/secure.gravatar.com\\\/avatar\\\/3ea2118a5f7dad2b7138b1187a6b7ee55f160b9968b66013c3a3ef39dd7e5798?s=96&d=mm&r=g\",\"contentUrl\":\"https:\\\/\\\/secure.gravatar.com\\\/avatar\\\/3ea2118a5f7dad2b7138b1187a6b7ee55f160b9968b66013c3a3ef39dd7e5798?s=96&d=mm&r=g\",\"caption\":\"Jeanette\"},\"sameAs\":[\"https:\\\/\\\/www.eldiario.net\\\/portal\"],\"url\":\"https:\\\/\\\/www.eldiario.net\\\/portal\\\/author\\\/jeanette\\\/\"}]}<\/script>\n<!-- \/ Yoast SEO plugin. -->","yoast_head_json":{"title":"Aprehenden a excomandante de la FAB y tres militares - El Diario - Bolivia","robots":{"index":"index","follow":"follow","max-snippet":"max-snippet:-1","max-image-preview":"max-image-preview:large","max-video-preview":"max-video-preview:-1"},"canonical":"https:\/\/www.eldiario.net\/portal\/2024\/06\/29\/aprehenden-a-excomandante-de-la-fab-y-tres-militares\/","og_locale":"es_ES","og_type":"article","og_title":"Aprehenden a excomandante de la FAB y tres militares - El Diario - Bolivia","og_description":"El ahora excomandante de la Fuerza A\u00e9rea Boliviana (FAB), Marcelo Zegarra Guti\u00e9rrez, y otros tres militares que eran buscados por la justicia fueron aprehendidos y son investigados por la sublevaci\u00f3n militar ocurrida el mi\u00e9rcoles en la Sede de Gobierno, inform\u00f3 el ministro de Gobierno, Eduardo Del Castillo. El ministro lider\u00f3 la conferencia de prensa en [&hellip;]","og_url":"https:\/\/www.eldiario.net\/portal\/2024\/06\/29\/aprehenden-a-excomandante-de-la-fab-y-tres-militares\/","og_site_name":"El Diario - Bolivia","article_publisher":"https:\/\/www.facebook.com\/eldiario.bolivia\/","article_published_time":"2024-06-29T11:07:31+00:00","og_image":[{"width":1600,"height":1066,"url":"https:\/\/www.eldiario.net\/portal\/wp-content\/uploads\/2024\/06\/29-FAB.jpg","type":"image\/jpeg"}],"author":"Jeanette","twitter_card":"summary_large_image","twitter_creator":"@eldiario_net","twitter_site":"@eldiario_net","twitter_misc":{"Escrito por":"Jeanette","Tiempo de lectura":"2 minutos"},"schema":{"@context":"https:\/\/schema.org","@graph":[{"@type":"Article","@id":"https:\/\/www.eldiario.net\/portal\/2024\/06\/29\/aprehenden-a-excomandante-de-la-fab-y-tres-militares\/#article","isPartOf":{"@id":"https:\/\/www.eldiario.net\/portal\/2024\/06\/29\/aprehenden-a-excomandante-de-la-fab-y-tres-militares\/"},"author":{"name":"Jeanette","@id":"https:\/\/www.eldiario.net\/portal\/#\/schema\/person\/2c57cf2b7a7ae032e449e4c9b1019eac"},"headline":"Aprehenden a excomandante de la FAB y tres militares","datePublished":"2024-06-29T11:07:31+00:00","mainEntityOfPage":{"@id":"https:\/\/www.eldiario.net\/portal\/2024\/06\/29\/aprehenden-a-excomandante-de-la-fab-y-tres-militares\/"},"wordCount":386,"commentCount":0,"publisher":{"@id":"https:\/\/www.eldiario.net\/portal\/#organization"},"image":{"@id":"https:\/\/www.eldiario.net\/portal\/2024\/06\/29\/aprehenden-a-excomandante-de-la-fab-y-tres-militares\/#primaryimage"},"thumbnailUrl":"https:\/\/www.eldiario.net\/portal\/wp-content\/uploads\/2024\/06\/29-FAB.jpg","articleSection":["Sociedad - Seguridad"],"inLanguage":"es","potentialAction":[{"@type":"CommentAction","name":"Comment","target":["https:\/\/www.eldiario.net\/portal\/2024\/06\/29\/aprehenden-a-excomandante-de-la-fab-y-tres-militares\/#respond"]}]},{"@type":"WebPage","@id":"https:\/\/www.eldiario.net\/portal\/2024\/06\/29\/aprehenden-a-excomandante-de-la-fab-y-tres-militares\/","url":"https:\/\/www.eldiario.net\/portal\/2024\/06\/29\/aprehenden-a-excomandante-de-la-fab-y-tres-militares\/","name":"Aprehenden a excomandante de la FAB y tres militares - El Diario - Bolivia","isPartOf":{"@id":"https:\/\/www.eldiario.net\/portal\/#website"},"primaryImageOfPage":{"@id":"https:\/\/www.eldiario.net\/portal\/2024\/06\/29\/aprehenden-a-excomandante-de-la-fab-y-tres-militares\/#primaryimage"},"image":{"@id":"https:\/\/www.eldiario.net\/portal\/2024\/06\/29\/aprehenden-a-excomandante-de-la-fab-y-tres-militares\/#primaryimage"},"thumbnailUrl":"https:\/\/www.eldiario.net\/portal\/wp-content\/uploads\/2024\/06\/29-FAB.jpg","datePublished":"2024-06-29T11:07:31+00:00","breadcrumb":{"@id":"https:\/\/www.eldiario.net\/portal\/2024\/06\/29\/aprehenden-a-excomandante-de-la-fab-y-tres-militares\/#breadcrumb"},"inLanguage":"es","potentialAction":[{"@type":"ReadAction","target":["https:\/\/www.eldiario.net\/portal\/2024\/06\/29\/aprehenden-a-excomandante-de-la-fab-y-tres-militares\/"]}]},{"@type":"ImageObject","inLanguage":"es","@id":"https:\/\/www.eldiario.net\/portal\/2024\/06\/29\/aprehenden-a-excomandante-de-la-fab-y-tres-militares\/#primaryimage","url":"https:\/\/www.eldiario.net\/portal\/wp-content\/uploads\/2024\/06\/29-FAB.jpg","contentUrl":"https:\/\/www.eldiario.net\/portal\/wp-content\/uploads\/2024\/06\/29-FAB.jpg","width":1600,"height":1066,"caption":"Del Castillo y el resto de la c\u00fapula de autoridades que present\u00f3 a los aprehendidos ayer."},{"@type":"BreadcrumbList","@id":"https:\/\/www.eldiario.net\/portal\/2024\/06\/29\/aprehenden-a-excomandante-de-la-fab-y-tres-militares\/#breadcrumb","itemListElement":[{"@type":"ListItem","position":1,"name":"Portada","item":"https:\/\/www.eldiario.net\/portal\/"},{"@type":"ListItem","position":2,"name":"Aprehenden a excomandante de la FAB y tres militares"}]},{"@type":"WebSite","@id":"https:\/\/www.eldiario.net\/portal\/#website","url":"https:\/\/www.eldiario.net\/portal\/","name":"El Diario - Decano de la prensa nacional","description":"El Diario - Decano de la prensa nacional","publisher":{"@id":"https:\/\/www.eldiario.net\/portal\/#organization"},"potentialAction":[{"@type":"SearchAction","target":{"@type":"EntryPoint","urlTemplate":"https:\/\/www.eldiario.net\/portal\/?s={search_term_string}"},"query-input":{"@type":"PropertyValueSpecification","valueRequired":true,"valueName":"search_term_string"}}],"inLanguage":"es"},{"@type":"Organization","@id":"https:\/\/www.eldiario.net\/portal\/#organization","name":"El Diario - Decano de la prensa nacional","url":"https:\/\/www.eldiario.net\/portal\/","logo":{"@type":"ImageObject","inLanguage":"es","@id":"https:\/\/www.eldiario.net\/portal\/#\/schema\/logo\/image\/","url":"https:\/\/www.eldiario.net\/portal\/wp-content\/uploads\/2023\/07\/logo_ED.jpg","contentUrl":"https:\/\/www.eldiario.net\/portal\/wp-content\/uploads\/2023\/07\/logo_ED.jpg","width":272,"height":52,"caption":"El Diario - Decano de la prensa nacional"},"image":{"@id":"https:\/\/www.eldiario.net\/portal\/#\/schema\/logo\/image\/"},"sameAs":["https:\/\/www.facebook.com\/eldiario.bolivia\/","https:\/\/x.com\/eldiario_net"]},{"@type":"Person","@id":"https:\/\/www.eldiario.net\/portal\/#\/schema\/person\/2c57cf2b7a7ae032e449e4c9b1019eac","name":"Jeanette","image":{"@type":"ImageObject","inLanguage":"es","@id":"https:\/\/secure.gravatar.com\/avatar\/3ea2118a5f7dad2b7138b1187a6b7ee55f160b9968b66013c3a3ef39dd7e5798?s=96&d=mm&r=g","url":"https:\/\/secure.gravatar.com\/avatar\/3ea2118a5f7dad2b7138b1187a6b7ee55f160b9968b66013c3a3ef39dd7e5798?s=96&d=mm&r=g","contentUrl":"https:\/\/secure.gravatar.com\/avatar\/3ea2118a5f7dad2b7138b1187a6b7ee55f160b9968b66013c3a3ef39dd7e5798?s=96&d=mm&r=g","caption":"Jeanette"},"sameAs":["https:\/\/www.eldiario.net\/portal"],"url":"https:\/\/www.eldiario.net\/portal\/author\/jeanette\/"}]}},"_links":{"self":[{"href":"https:\/\/www.eldiario.net\/portal\/wp-json\/wp\/v2\/posts\/230487","targetHints":{"allow":["GET"]}}],"collection":[{"href":"https:\/\/www.eldiario.net\/portal\/wp-json\/wp\/v2\/posts"}],"about":[{"href":"https:\/\/www.eldiario.net\/portal\/wp-json\/wp\/v2\/types\/post"}],"author":[{"embeddable":true,"href":"https:\/\/www.eldiario.net\/portal\/wp-json\/wp\/v2\/users\/1"}],"replies":[{"embeddable":true,"href":"https:\/\/www.eldiario.net\/portal\/wp-json\/wp\/v2\/comments?post=230487"}],"version-history":[{"count":1,"href":"https:\/\/www.eldiario.net\/portal\/wp-json\/wp\/v2\/posts\/230487\/revisions"}],"predecessor-version":[{"id":230489,"href":"https:\/\/www.eldiario.net\/portal\/wp-json\/wp\/v2\/posts\/230487\/revisions\/230489"}],"wp:featuredmedia":[{"embeddable":true,"href":"https:\/\/www.eldiario.net\/portal\/wp-json\/wp\/v2\/media\/230488"}],"wp:attachment":[{"href":"https:\/\/www.eldiario.net\/portal\/wp-json\/wp\/v2\/media?parent=230487"}],"wp:term":[{"taxonomy":"category","embeddable":true,"href":"https:\/\/www.eldiario.net\/portal\/wp-json\/wp\/v2\/categories?post=230487"},{"taxonomy":"post_tag","embeddable":true,"href":"https:\/\/www.eldiario.net\/portal\/wp-json\/wp\/v2\/tags?post=230487"}],"curies":[{"name":"wp","href":"https:\/\/api.w.org\/{rel}","templated":true}]}}