{"id":230099,"date":"2024-06-27T06:15:59","date_gmt":"2024-06-27T10:15:59","guid":{"rendered":"https:\/\/www.eldiario.net\/portal\/?p=230099"},"modified":"2024-06-27T06:15:59","modified_gmt":"2024-06-27T10:15:59","slug":"ano-nuevo-sombrio","status":"publish","type":"post","link":"https:\/\/www.eldiario.net\/portal\/2024\/06\/27\/ano-nuevo-sombrio\/","title":{"rendered":"A\u00f1o Nuevo sombr\u00edo"},"content":{"rendered":"<p>Al despuntar el alba del pasado 21 de junio, considerado por los masistas como el \u201cWillka Kuti\u201d o A\u00f1o Nuevo Aimara, es justo reconocer que nunca fue tan acertada la premonici\u00f3n o profec\u00eda de un ex vicepresidente de la rep\u00fablica al advertir que, de caer el gobierno de Evo Morales, el sol se escapar\u00eda y la luna y las estrellas tambi\u00e9n empero, en el reciente encuentro de Tiahuanacu, algo de ese perverso vaticinio parec\u00eda cumplirse, ya que los primeros y vivificadores rayos del Astro Rey no llegaron, dejando con las manos en alto al presidente del Estado y a mucha otra gente congregada, en espera de ese milagro c\u00f3smico.<\/p>\n<p>La comidilla de la multitud desencantada era que dicho vaticinio ya se habr\u00eda cumplido, empero, perversamente a la inversa, ya que mientras el sol, la luna y las estrellas permanecieron en el Universo, fueron el nigromante y Evo los que escaparon, al verse descubiertos como autores del fraude electoral de octubre de 2019, apenas un tiempo despu\u00e9s de emitir tan horrenda profec\u00eda, para luego volver del exilio dorado, a terminar su labor de vendedores de humo.<\/p>\n<p>Ahora bien, es importante se\u00f1alar la grosera impostura que se nos presenta al utilizar t\u00e9rminos del aimara para simbolizar hechos que nunca existieron o simplemente fueron inventados. Comenzaremos por el famoso \u201cWillca Kuti\u201d cuyo verdadero significado es: La vuelta del Sol, que nada tiene que ver con el inicio de un a\u00f1o. Es m\u00e1s, seg\u00fan datos cient\u00edficos, este pasado 21 de junio de 2024 la Tierra lleg\u00f3 a su posici\u00f3n m\u00e1s alejada del Sol, un fen\u00f3meno conocido como \u201cAfelio\u201d, un punto de separaci\u00f3n m\u00e1xima que nos sit\u00faa aproximadamente a 152 millones de kil\u00f3metros del Astro Rey. O sea, dos millones de kil\u00f3metros m\u00e1s de los 150 millones de kil\u00f3metros, que es la distancia normal.<\/p>\n<p>Por lo tanto, aquello de la vuelta del Sol o el \u201cA\u00f1o Nuevo Aimara\u201d,\u00a0 no tuvo ni tiene sentido, al igual que la arbitraria edad de 5.532 a\u00f1os, que se le atribuye al mencionado a\u00f1o aimara, que responde a una\u00a0 astuta componenda\u00a0 proveniente de una afirmaci\u00f3n arrogada a don Arturo Posnansky, dando a Tiahuanacu una antig\u00fcedad de 5.000 a\u00f1os, a los que se sumaron los 500 a\u00f1os, transcurridos desde la llegada de Col\u00f3n a Am\u00e9rica (de 1492 a 1992) y, a esos 5.500 a\u00f1os se a\u00f1adieron los 14 a\u00f1os que distaban del 1992 al 2006, a\u00f1o de entronizaci\u00f3n de Evo Morales al poder en Tiahuanacu haciendo los 5.514. De ah\u00ed en adelante se cumplen regularmente, como en este 2024, los 5.532 a\u00f1os.<\/p>\n<p>No se puede negar las dotes de fuller\u00eda que los \u201chermanos pachamamistas\u201d ejercen sobre el pueblo desde hace 18 a\u00f1os. En medio de una casi insalvable crisis econ\u00f3mica, producto de sus propios desaciertos, como el despilfarro y la rapi\u00f1a de la cosa p\u00fablica, se suma un escandaloso subsidio a los hidrocarburos que, con cadencia suicida, nos empuja hacia el abismo. Es justamente en medio de este caos cuando al primer mandatario no se le ocurri\u00f3 mejor cosa que declararse comunista, so\u00f1ador de la absurda teor\u00eda socialista y partir hacia Rusia para visitar a su aliado, quien odia esas teor\u00edas y prefiere parecerse al Zar Putin o al menos, al monje Rasput\u00edn.<\/p>\n<p>Producto de tan desafortunada visita, el Zar mand\u00f3 un barco cargado de petr\u00f3leo, el cual, luego de atracar en puertos chilenos, es desconocido por los ministros del gobierno pedig\u00fce\u00f1o, por las funestas consecuencias que traer\u00eda consigo su recepci\u00f3n, tanto con los gringos, como con la Uni\u00f3n Europea. Triste situaci\u00f3n que, al igual que el nada soleado d\u00eda 21 de junio en Tiahuanacu, presagia un A\u00f1o Nuevo sombr\u00edo.<\/p>\n","protected":false},"excerpt":{"rendered":"<p>Al despuntar el alba del pasado 21 de junio, considerado por los masistas como el \u201cWillka Kuti\u201d o A\u00f1o Nuevo Aimara, es justo reconocer que nunca fue tan acertada la premonici\u00f3n o profec\u00eda de un ex vicepresidente de la rep\u00fablica al advertir que, de caer el gobierno de Evo Morales, el sol se escapar\u00eda y [&hellip;]<\/p>\n","protected":false},"author":1,"featured_media":157469,"comment_status":"open","ping_status":"open","sticky":false,"template":"","format":"standard","meta":{"_acf_changed":false,"footnotes":""},"categories":[9],"tags":[],"class_list":["post-230099","post","type-post","status-publish","format-standard","has-post-thumbnail","category-opinion"],"acf":{"antetitulo":"Clepsidra"},"yoast_head":"<!-- This site is optimized with the Yoast SEO plugin v28.3 - https:\/\/yoast.com\/product\/yoast-seo-wordpress\/ -->\n<title>A\u00f1o Nuevo sombr\u00edo - El Diario - Bolivia<\/title>\n<meta name=\"robots\" content=\"index, follow, max-snippet:-1, max-image-preview:large, max-video-preview:-1\" \/>\n<link rel=\"canonical\" href=\"https:\/\/www.eldiario.net\/portal\/2024\/06\/27\/ano-nuevo-sombrio\/\" \/>\n<meta property=\"og:locale\" content=\"es_ES\" \/>\n<meta property=\"og:type\" content=\"article\" \/>\n<meta property=\"og:title\" content=\"A\u00f1o Nuevo sombr\u00edo - El Diario - Bolivia\" \/>\n<meta property=\"og:description\" content=\"Al despuntar el alba del pasado 21 de junio, considerado por los masistas como el \u201cWillka Kuti\u201d o A\u00f1o Nuevo Aimara, es justo reconocer que nunca fue tan acertada la premonici\u00f3n o profec\u00eda de un ex vicepresidente de la rep\u00fablica al advertir que, de caer el gobierno de Evo Morales, el sol se escapar\u00eda y [&hellip;]\" \/>\n<meta property=\"og:url\" content=\"https:\/\/www.eldiario.net\/portal\/2024\/06\/27\/ano-nuevo-sombrio\/\" \/>\n<meta property=\"og:site_name\" content=\"El Diario - Bolivia\" \/>\n<meta property=\"article:publisher\" content=\"https:\/\/www.facebook.com\/eldiario.bolivia\/\" \/>\n<meta property=\"article:published_time\" content=\"2024-06-27T10:15:59+00:00\" \/>\n<meta property=\"og:image\" content=\"https:\/\/www.eldiario.net\/portal\/wp-content\/uploads\/2023\/06\/Alvaro-Riveros-Tejada.jpg\" \/>\n\t<meta property=\"og:image:width\" content=\"1200\" \/>\n\t<meta property=\"og:image:height\" content=\"628\" \/>\n\t<meta property=\"og:image:type\" content=\"image\/jpeg\" \/>\n<meta name=\"author\" content=\"Jeanette\" \/>\n<meta name=\"twitter:card\" content=\"summary_large_image\" \/>\n<meta name=\"twitter:creator\" content=\"@eldiario_net\" \/>\n<meta name=\"twitter:site\" content=\"@eldiario_net\" \/>\n<meta name=\"twitter:label1\" content=\"Escrito por\" \/>\n\t<meta name=\"twitter:data1\" content=\"Jeanette\" \/>\n\t<meta name=\"twitter:label2\" content=\"Tiempo de lectura\" \/>\n\t<meta name=\"twitter:data2\" content=\"3 minutos\" \/>\n<script type=\"application\/ld+json\" class=\"yoast-schema-graph\">{\"@context\":\"https:\\\/\\\/schema.org\",\"@graph\":[{\"@type\":\"Article\",\"@id\":\"https:\\\/\\\/www.eldiario.net\\\/portal\\\/2024\\\/06\\\/27\\\/ano-nuevo-sombrio\\\/#article\",\"isPartOf\":{\"@id\":\"https:\\\/\\\/www.eldiario.net\\\/portal\\\/2024\\\/06\\\/27\\\/ano-nuevo-sombrio\\\/\"},\"author\":{\"name\":\"Jeanette\",\"@id\":\"https:\\\/\\\/www.eldiario.net\\\/portal\\\/#\\\/schema\\\/person\\\/f46445640444750d7d753ccd04ae01b7\"},\"headline\":\"A\u00f1o Nuevo sombr\u00edo\",\"datePublished\":\"2024-06-27T10:15:59+00:00\",\"mainEntityOfPage\":{\"@id\":\"https:\\\/\\\/www.eldiario.net\\\/portal\\\/2024\\\/06\\\/27\\\/ano-nuevo-sombrio\\\/\"},\"wordCount\":645,\"commentCount\":0,\"publisher\":{\"@id\":\"https:\\\/\\\/www.eldiario.net\\\/portal\\\/#organization\"},\"image\":{\"@id\":\"https:\\\/\\\/www.eldiario.net\\\/portal\\\/2024\\\/06\\\/27\\\/ano-nuevo-sombrio\\\/#primaryimage\"},\"thumbnailUrl\":\"https:\\\/\\\/www.eldiario.net\\\/portal\\\/wp-content\\\/uploads\\\/2023\\\/06\\\/Alvaro-Riveros-Tejada.jpg\",\"articleSection\":[\"Opini\u00f3n\"],\"inLanguage\":\"es\",\"potentialAction\":[{\"@type\":\"CommentAction\",\"name\":\"Comment\",\"target\":[\"https:\\\/\\\/www.eldiario.net\\\/portal\\\/2024\\\/06\\\/27\\\/ano-nuevo-sombrio\\\/#respond\"]}]},{\"@type\":\"WebPage\",\"@id\":\"https:\\\/\\\/www.eldiario.net\\\/portal\\\/2024\\\/06\\\/27\\\/ano-nuevo-sombrio\\\/\",\"url\":\"https:\\\/\\\/www.eldiario.net\\\/portal\\\/2024\\\/06\\\/27\\\/ano-nuevo-sombrio\\\/\",\"name\":\"A\u00f1o Nuevo sombr\u00edo - El Diario - Bolivia\",\"isPartOf\":{\"@id\":\"https:\\\/\\\/www.eldiario.net\\\/portal\\\/#website\"},\"primaryImageOfPage\":{\"@id\":\"https:\\\/\\\/www.eldiario.net\\\/portal\\\/2024\\\/06\\\/27\\\/ano-nuevo-sombrio\\\/#primaryimage\"},\"image\":{\"@id\":\"https:\\\/\\\/www.eldiario.net\\\/portal\\\/2024\\\/06\\\/27\\\/ano-nuevo-sombrio\\\/#primaryimage\"},\"thumbnailUrl\":\"https:\\\/\\\/www.eldiario.net\\\/portal\\\/wp-content\\\/uploads\\\/2023\\\/06\\\/Alvaro-Riveros-Tejada.jpg\",\"datePublished\":\"2024-06-27T10:15:59+00:00\",\"breadcrumb\":{\"@id\":\"https:\\\/\\\/www.eldiario.net\\\/portal\\\/2024\\\/06\\\/27\\\/ano-nuevo-sombrio\\\/#breadcrumb\"},\"inLanguage\":\"es\",\"potentialAction\":[{\"@type\":\"ReadAction\",\"target\":[\"https:\\\/\\\/www.eldiario.net\\\/portal\\\/2024\\\/06\\\/27\\\/ano-nuevo-sombrio\\\/\"]}]},{\"@type\":\"ImageObject\",\"inLanguage\":\"es\",\"@id\":\"https:\\\/\\\/www.eldiario.net\\\/portal\\\/2024\\\/06\\\/27\\\/ano-nuevo-sombrio\\\/#primaryimage\",\"url\":\"https:\\\/\\\/www.eldiario.net\\\/portal\\\/wp-content\\\/uploads\\\/2023\\\/06\\\/Alvaro-Riveros-Tejada.jpg\",\"contentUrl\":\"https:\\\/\\\/www.eldiario.net\\\/portal\\\/wp-content\\\/uploads\\\/2023\\\/06\\\/Alvaro-Riveros-Tejada.jpg\",\"width\":1200,\"height\":628},{\"@type\":\"BreadcrumbList\",\"@id\":\"https:\\\/\\\/www.eldiario.net\\\/portal\\\/2024\\\/06\\\/27\\\/ano-nuevo-sombrio\\\/#breadcrumb\",\"itemListElement\":[{\"@type\":\"ListItem\",\"position\":1,\"name\":\"Portada\",\"item\":\"https:\\\/\\\/www.eldiario.net\\\/portal\\\/\"},{\"@type\":\"ListItem\",\"position\":2,\"name\":\"A\u00f1o Nuevo sombr\u00edo\"}]},{\"@type\":\"WebSite\",\"@id\":\"https:\\\/\\\/www.eldiario.net\\\/portal\\\/#website\",\"url\":\"https:\\\/\\\/www.eldiario.net\\\/portal\\\/\",\"name\":\"El Diario - Decano de la prensa nacional\",\"description\":\"El Diario - Decano de la prensa nacional\",\"publisher\":{\"@id\":\"https:\\\/\\\/www.eldiario.net\\\/portal\\\/#organization\"},\"potentialAction\":[{\"@type\":\"SearchAction\",\"target\":{\"@type\":\"EntryPoint\",\"urlTemplate\":\"https:\\\/\\\/www.eldiario.net\\\/portal\\\/?s={search_term_string}\"},\"query-input\":{\"@type\":\"PropertyValueSpecification\",\"valueRequired\":true,\"valueName\":\"search_term_string\"}}],\"inLanguage\":\"es\"},{\"@type\":\"Organization\",\"@id\":\"https:\\\/\\\/www.eldiario.net\\\/portal\\\/#organization\",\"name\":\"El Diario - Decano de la prensa nacional\",\"url\":\"https:\\\/\\\/www.eldiario.net\\\/portal\\\/\",\"logo\":{\"@type\":\"ImageObject\",\"inLanguage\":\"es\",\"@id\":\"https:\\\/\\\/www.eldiario.net\\\/portal\\\/#\\\/schema\\\/logo\\\/image\\\/\",\"url\":\"https:\\\/\\\/www.eldiario.net\\\/portal\\\/wp-content\\\/uploads\\\/2023\\\/07\\\/logo_ED.jpg\",\"contentUrl\":\"https:\\\/\\\/www.eldiario.net\\\/portal\\\/wp-content\\\/uploads\\\/2023\\\/07\\\/logo_ED.jpg\",\"width\":272,\"height\":52,\"caption\":\"El Diario - Decano de la prensa nacional\"},\"image\":{\"@id\":\"https:\\\/\\\/www.eldiario.net\\\/portal\\\/#\\\/schema\\\/logo\\\/image\\\/\"},\"sameAs\":[\"https:\\\/\\\/www.facebook.com\\\/eldiario.bolivia\\\/\",\"https:\\\/\\\/x.com\\\/eldiario_net\"]},{\"@type\":\"Person\",\"@id\":\"https:\\\/\\\/www.eldiario.net\\\/portal\\\/#\\\/schema\\\/person\\\/f46445640444750d7d753ccd04ae01b7\",\"name\":\"Jeanette\",\"image\":{\"@type\":\"ImageObject\",\"inLanguage\":\"es\",\"@id\":\"https:\\\/\\\/secure.gravatar.com\\\/avatar\\\/3ea2118a5f7dad2b7138b1187a6b7ee55f160b9968b66013c3a3ef39dd7e5798?s=96&d=mm&r=g\",\"url\":\"https:\\\/\\\/secure.gravatar.com\\\/avatar\\\/3ea2118a5f7dad2b7138b1187a6b7ee55f160b9968b66013c3a3ef39dd7e5798?s=96&d=mm&r=g\",\"contentUrl\":\"https:\\\/\\\/secure.gravatar.com\\\/avatar\\\/3ea2118a5f7dad2b7138b1187a6b7ee55f160b9968b66013c3a3ef39dd7e5798?s=96&d=mm&r=g\",\"caption\":\"Jeanette\"},\"sameAs\":[\"https:\\\/\\\/www.eldiario.net\\\/portal\"],\"url\":\"https:\\\/\\\/www.eldiario.net\\\/portal\\\/author\\\/jeanette\\\/\"}]}<\/script>\n<!-- \/ Yoast SEO plugin. -->","yoast_head_json":{"title":"A\u00f1o Nuevo sombr\u00edo - El Diario - Bolivia","robots":{"index":"index","follow":"follow","max-snippet":"max-snippet:-1","max-image-preview":"max-image-preview:large","max-video-preview":"max-video-preview:-1"},"canonical":"https:\/\/www.eldiario.net\/portal\/2024\/06\/27\/ano-nuevo-sombrio\/","og_locale":"es_ES","og_type":"article","og_title":"A\u00f1o Nuevo sombr\u00edo - El Diario - Bolivia","og_description":"Al despuntar el alba del pasado 21 de junio, considerado por los masistas como el \u201cWillka Kuti\u201d o A\u00f1o Nuevo Aimara, es justo reconocer que nunca fue tan acertada la premonici\u00f3n o profec\u00eda de un ex vicepresidente de la rep\u00fablica al advertir que, de caer el gobierno de Evo Morales, el sol se escapar\u00eda y [&hellip;]","og_url":"https:\/\/www.eldiario.net\/portal\/2024\/06\/27\/ano-nuevo-sombrio\/","og_site_name":"El Diario - Bolivia","article_publisher":"https:\/\/www.facebook.com\/eldiario.bolivia\/","article_published_time":"2024-06-27T10:15:59+00:00","og_image":[{"width":1200,"height":628,"url":"https:\/\/www.eldiario.net\/portal\/wp-content\/uploads\/2023\/06\/Alvaro-Riveros-Tejada.jpg","type":"image\/jpeg"}],"author":"Jeanette","twitter_card":"summary_large_image","twitter_creator":"@eldiario_net","twitter_site":"@eldiario_net","twitter_misc":{"Escrito por":"Jeanette","Tiempo de lectura":"3 minutos"},"schema":{"@context":"https:\/\/schema.org","@graph":[{"@type":"Article","@id":"https:\/\/www.eldiario.net\/portal\/2024\/06\/27\/ano-nuevo-sombrio\/#article","isPartOf":{"@id":"https:\/\/www.eldiario.net\/portal\/2024\/06\/27\/ano-nuevo-sombrio\/"},"author":{"name":"Jeanette","@id":"https:\/\/www.eldiario.net\/portal\/#\/schema\/person\/f46445640444750d7d753ccd04ae01b7"},"headline":"A\u00f1o Nuevo sombr\u00edo","datePublished":"2024-06-27T10:15:59+00:00","mainEntityOfPage":{"@id":"https:\/\/www.eldiario.net\/portal\/2024\/06\/27\/ano-nuevo-sombrio\/"},"wordCount":645,"commentCount":0,"publisher":{"@id":"https:\/\/www.eldiario.net\/portal\/#organization"},"image":{"@id":"https:\/\/www.eldiario.net\/portal\/2024\/06\/27\/ano-nuevo-sombrio\/#primaryimage"},"thumbnailUrl":"https:\/\/www.eldiario.net\/portal\/wp-content\/uploads\/2023\/06\/Alvaro-Riveros-Tejada.jpg","articleSection":["Opini\u00f3n"],"inLanguage":"es","potentialAction":[{"@type":"CommentAction","name":"Comment","target":["https:\/\/www.eldiario.net\/portal\/2024\/06\/27\/ano-nuevo-sombrio\/#respond"]}]},{"@type":"WebPage","@id":"https:\/\/www.eldiario.net\/portal\/2024\/06\/27\/ano-nuevo-sombrio\/","url":"https:\/\/www.eldiario.net\/portal\/2024\/06\/27\/ano-nuevo-sombrio\/","name":"A\u00f1o Nuevo sombr\u00edo - El Diario - Bolivia","isPartOf":{"@id":"https:\/\/www.eldiario.net\/portal\/#website"},"primaryImageOfPage":{"@id":"https:\/\/www.eldiario.net\/portal\/2024\/06\/27\/ano-nuevo-sombrio\/#primaryimage"},"image":{"@id":"https:\/\/www.eldiario.net\/portal\/2024\/06\/27\/ano-nuevo-sombrio\/#primaryimage"},"thumbnailUrl":"https:\/\/www.eldiario.net\/portal\/wp-content\/uploads\/2023\/06\/Alvaro-Riveros-Tejada.jpg","datePublished":"2024-06-27T10:15:59+00:00","breadcrumb":{"@id":"https:\/\/www.eldiario.net\/portal\/2024\/06\/27\/ano-nuevo-sombrio\/#breadcrumb"},"inLanguage":"es","potentialAction":[{"@type":"ReadAction","target":["https:\/\/www.eldiario.net\/portal\/2024\/06\/27\/ano-nuevo-sombrio\/"]}]},{"@type":"ImageObject","inLanguage":"es","@id":"https:\/\/www.eldiario.net\/portal\/2024\/06\/27\/ano-nuevo-sombrio\/#primaryimage","url":"https:\/\/www.eldiario.net\/portal\/wp-content\/uploads\/2023\/06\/Alvaro-Riveros-Tejada.jpg","contentUrl":"https:\/\/www.eldiario.net\/portal\/wp-content\/uploads\/2023\/06\/Alvaro-Riveros-Tejada.jpg","width":1200,"height":628},{"@type":"BreadcrumbList","@id":"https:\/\/www.eldiario.net\/portal\/2024\/06\/27\/ano-nuevo-sombrio\/#breadcrumb","itemListElement":[{"@type":"ListItem","position":1,"name":"Portada","item":"https:\/\/www.eldiario.net\/portal\/"},{"@type":"ListItem","position":2,"name":"A\u00f1o Nuevo sombr\u00edo"}]},{"@type":"WebSite","@id":"https:\/\/www.eldiario.net\/portal\/#website","url":"https:\/\/www.eldiario.net\/portal\/","name":"El Diario - Decano de la prensa nacional","description":"El Diario - Decano de la prensa nacional","publisher":{"@id":"https:\/\/www.eldiario.net\/portal\/#organization"},"potentialAction":[{"@type":"SearchAction","target":{"@type":"EntryPoint","urlTemplate":"https:\/\/www.eldiario.net\/portal\/?s={search_term_string}"},"query-input":{"@type":"PropertyValueSpecification","valueRequired":true,"valueName":"search_term_string"}}],"inLanguage":"es"},{"@type":"Organization","@id":"https:\/\/www.eldiario.net\/portal\/#organization","name":"El Diario - Decano de la prensa nacional","url":"https:\/\/www.eldiario.net\/portal\/","logo":{"@type":"ImageObject","inLanguage":"es","@id":"https:\/\/www.eldiario.net\/portal\/#\/schema\/logo\/image\/","url":"https:\/\/www.eldiario.net\/portal\/wp-content\/uploads\/2023\/07\/logo_ED.jpg","contentUrl":"https:\/\/www.eldiario.net\/portal\/wp-content\/uploads\/2023\/07\/logo_ED.jpg","width":272,"height":52,"caption":"El Diario - Decano de la prensa nacional"},"image":{"@id":"https:\/\/www.eldiario.net\/portal\/#\/schema\/logo\/image\/"},"sameAs":["https:\/\/www.facebook.com\/eldiario.bolivia\/","https:\/\/x.com\/eldiario_net"]},{"@type":"Person","@id":"https:\/\/www.eldiario.net\/portal\/#\/schema\/person\/f46445640444750d7d753ccd04ae01b7","name":"Jeanette","image":{"@type":"ImageObject","inLanguage":"es","@id":"https:\/\/secure.gravatar.com\/avatar\/3ea2118a5f7dad2b7138b1187a6b7ee55f160b9968b66013c3a3ef39dd7e5798?s=96&d=mm&r=g","url":"https:\/\/secure.gravatar.com\/avatar\/3ea2118a5f7dad2b7138b1187a6b7ee55f160b9968b66013c3a3ef39dd7e5798?s=96&d=mm&r=g","contentUrl":"https:\/\/secure.gravatar.com\/avatar\/3ea2118a5f7dad2b7138b1187a6b7ee55f160b9968b66013c3a3ef39dd7e5798?s=96&d=mm&r=g","caption":"Jeanette"},"sameAs":["https:\/\/www.eldiario.net\/portal"],"url":"https:\/\/www.eldiario.net\/portal\/author\/jeanette\/"}]}},"_links":{"self":[{"href":"https:\/\/www.eldiario.net\/portal\/wp-json\/wp\/v2\/posts\/230099","targetHints":{"allow":["GET"]}}],"collection":[{"href":"https:\/\/www.eldiario.net\/portal\/wp-json\/wp\/v2\/posts"}],"about":[{"href":"https:\/\/www.eldiario.net\/portal\/wp-json\/wp\/v2\/types\/post"}],"author":[{"embeddable":true,"href":"https:\/\/www.eldiario.net\/portal\/wp-json\/wp\/v2\/users\/1"}],"replies":[{"embeddable":true,"href":"https:\/\/www.eldiario.net\/portal\/wp-json\/wp\/v2\/comments?post=230099"}],"version-history":[{"count":1,"href":"https:\/\/www.eldiario.net\/portal\/wp-json\/wp\/v2\/posts\/230099\/revisions"}],"predecessor-version":[{"id":230100,"href":"https:\/\/www.eldiario.net\/portal\/wp-json\/wp\/v2\/posts\/230099\/revisions\/230100"}],"wp:featuredmedia":[{"embeddable":true,"href":"https:\/\/www.eldiario.net\/portal\/wp-json\/wp\/v2\/media\/157469"}],"wp:attachment":[{"href":"https:\/\/www.eldiario.net\/portal\/wp-json\/wp\/v2\/media?parent=230099"}],"wp:term":[{"taxonomy":"category","embeddable":true,"href":"https:\/\/www.eldiario.net\/portal\/wp-json\/wp\/v2\/categories?post=230099"},{"taxonomy":"post_tag","embeddable":true,"href":"https:\/\/www.eldiario.net\/portal\/wp-json\/wp\/v2\/tags?post=230099"}],"curies":[{"name":"wp","href":"https:\/\/api.w.org\/{rel}","templated":true}]}}