{"id":230097,"date":"2024-06-27T06:15:27","date_gmt":"2024-06-27T10:15:27","guid":{"rendered":"https:\/\/www.eldiario.net\/portal\/?p=230097"},"modified":"2024-06-27T06:15:27","modified_gmt":"2024-06-27T10:15:27","slug":"y-ahora-que-hacemos","status":"publish","type":"post","link":"https:\/\/www.eldiario.net\/portal\/2024\/06\/27\/y-ahora-que-hacemos\/","title":{"rendered":"Y ahora\u2026 \u00bfqu\u00e9 hacemos?"},"content":{"rendered":"<p>El Instituto Nacional de Estad\u00edstica (INE) ha dado a conocer los resultados del comercio exterior boliviano al primer cuatrimestre del 2024, con cifras poco auspiciosas, por cierto. Sin considerar las reexportaciones ni efectos personales &#8211;que no generan divisas&#8211; entre enero y abril, comparativamente a igual lapso del 2023, el pa\u00eds registr\u00f3 un d\u00e9ficit comercial por 531 millones de d\u00f3lares, las exportaciones cayeron 977 millones y las importaciones, 512 millones de d\u00f3lares. Estos datos llaman a la preocupaci\u00f3n, ya que en toda la gesti\u00f3n pasada &#8211;en n\u00fameros redondos&#8211; el d\u00e9ficit fue de 700 millones de d\u00f3lares, las exportaciones cayeron 2.800 millones y las importaciones cerca de 400 millones.<\/p>\n<p>Hay varias explicaciones al preocupante desempe\u00f1o de esta \u00e1rea tan importante de la econom\u00eda que, d\u00eda que pasa, muestra lo trascendental que resulta para todos. La relativa escasez del d\u00f3lar derivada de la estrepitosa ca\u00edda de las exportaciones en 2023 impacta ya, de tal forma, que a\u00fan quienes desde\u00f1aron la actividad como una \u201ceconom\u00eda de rebalse\u201d, lamentan hoy su craso error porque el d\u00f3lar que deviene de la exportaci\u00f3n &#8211;como toda mercanc\u00eda que no abunda en el mercado&#8211; sigue subiendo de precio provocando el alza de los costos de producci\u00f3n y de los bienes extranjeros.<\/p>\n<p>Le duela a quien le duela, el comercio exterior para cualquier pa\u00eds, capitalista o comunista, es mucho m\u00e1s importante de lo que se pueda imaginar; primero, porque las exportaciones hacen que un pa\u00eds crezca y se desarrolle mucho m\u00e1s de lo que lo har\u00eda bas\u00e1ndose solamente en el \u201cmotorcito de la demanda interna\u201d, siendo que genera un enorme efecto multiplicador para la econom\u00eda, crea fuentes de empleo e ingresos para la ciudadan\u00eda, tributos para el Estado y divisas para el pa\u00eds, todo ello, gracias al incomparable \u201c<em>motor de la demanda externa\u201d<\/em>, vale decir, el portentoso mercado internacional que se agranda d\u00eda a d\u00eda por el mayor consumo de una poblaci\u00f3n en permanente aumento.<\/p>\n<p>La exportaci\u00f3n crea riqueza y bienestar para quienes apuestan inteligentemente por ella, especialmente cuando se aprovecha de los recursos naturales renovables de forma sostenida y sosteniblemente.<\/p>\n<p>De otra parte, est\u00e1 la importaci\u00f3n, que se financia con los d\u00f3lares de los exportadores para, como se da en nuestro caso, traer del extranjero desde combustibles hasta insumos, maquinaria y equipos de transporte que utilizamos para producir bienes y servicios; asimismo, las divisas que prodigan las exportaciones se emplean para importar los m\u00e1s diversos bienes de consumo, duradero o no, que de una u otra forma todos disfrutamos.<\/p>\n<p>Hecha esta necesaria explicaci\u00f3n &#8211;para comprender por qu\u00e9 debemos preocuparnos y tomar acci\u00f3n para revertir la delicada situaci\u00f3n de nuestro comercio exterior&#8211; volviendo al informe del INE, hay varias razones por las que las ventas externas han bajado tanto, entre ellas: la ralentizaci\u00f3n del crecimiento de la econom\u00eda mundial, las altas tasas de inter\u00e9s en el extranjero, el menor dinamismo de China, la subida del costo del transporte internacional y la baja generalizada de precios de las materias primas, a lo que lamentablemente se debe a\u00f1adir, en lo interno: los insufribles bloqueos de carreteras, el negativo impacto del cambio clim\u00e1tico, la ca\u00edda de la oferta exportable y el agitado ambiente pol\u00edtico que distrae la atenci\u00f3n del gobierno de temas que son trascendentales.<\/p>\n<p>En cuanto a las importaciones, su descenso tiene que ver, inocultablemente ya, con la relativa escasez de d\u00f3lares en el pa\u00eds. \u00bfPor qu\u00e9 <em>relativa escasez<\/em>? Porque d\u00f3lares hay, pero cada vez m\u00e1s caros. De otra parte, se dice que la baja en el sector importador deriva de la desaceleraci\u00f3n econ\u00f3mica que empieza a advertirse en el pa\u00eds; lo cierto es que las menores compras externas, tanto en valor y en volumen, son incontrastables: los Equipos de Transporte cayeron 144 millones; los Bienes de Capital, 110 millones, y los Suministros Industriales, 107 millones, lo que debe llamar a la reflexi\u00f3n para la acci\u00f3n.<\/p>\n<p>Otro tanto ocurre con la exportaci\u00f3n, como dice la canci\u00f3n, <em>\u201ctodo se derrumb\u00f3\u201d. <\/em>Un efecto-precio negativo y el desplome de la venta de oro hizo que los minerales caigan 691 millones de d\u00f3lares pese a que su volumen subi\u00f3 casi 122.000 toneladas; los hidrocarburos bajaron 165 millones, proporcionalmente a su menor cantidad. Las Exportaciones Tradicionales disminuyeron 856 millones de d\u00f3lares, mientras que las Exportaciones No Tradicionales bajaron 121 millones, siendo la soya la principal explicaci\u00f3n, al caer su valor casi el doble, por causa de una merma de su volumen por cerca de 300.000 toneladas.<\/p>\n<p>Es verdad que en los pr\u00f3ximos meses subir\u00e1 la exportaci\u00f3n y el ingreso de d\u00f3lares, pero no menos cierto es que un sector principal de la agroexportaci\u00f3n, como la soya, sufrir\u00e1 un baj\u00f3n de al menos 500 millones de d\u00f3lares hasta fin de a\u00f1o, por la sequ\u00eda. Viendo este panorama y recordando todas las advertencias y recomendaciones que se hizo en el pasado para evitar tal situaci\u00f3n, la gran pregunta es: <em>Y ahora\u2026 \u00bfqu\u00e9 hacemos?<\/em><\/p>\n<p><em>\u00a0<\/em><\/p>\n<p><em>El autor es <\/em><em>Economista y Mag\u00edster en Comercio Internacional.<\/em><\/p>\n","protected":false},"excerpt":{"rendered":"<p>El Instituto Nacional de Estad\u00edstica (INE) ha dado a conocer los resultados del comercio exterior boliviano al primer cuatrimestre del 2024, con cifras poco auspiciosas, por cierto. Sin considerar las reexportaciones ni efectos personales &#8211;que no generan divisas&#8211; entre enero y abril, comparativamente a igual lapso del 2023, el pa\u00eds registr\u00f3 un d\u00e9ficit comercial por [&hellip;]<\/p>\n","protected":false},"author":1,"featured_media":157466,"comment_status":"open","ping_status":"open","sticky":false,"template":"","format":"standard","meta":{"_acf_changed":false,"footnotes":""},"categories":[9],"tags":[],"class_list":["post-230097","post","type-post","status-publish","format-standard","has-post-thumbnail","category-opinion"],"acf":{"antetitulo":"Buscando la verdad "},"yoast_head":"<!-- This site is optimized with the Yoast SEO plugin v28.3 - https:\/\/yoast.com\/product\/yoast-seo-wordpress\/ -->\n<title>Y ahora\u2026 \u00bfqu\u00e9 hacemos? - El Diario - Bolivia<\/title>\n<meta name=\"robots\" content=\"index, follow, max-snippet:-1, max-image-preview:large, max-video-preview:-1\" \/>\n<link rel=\"canonical\" href=\"https:\/\/www.eldiario.net\/portal\/2024\/06\/27\/y-ahora-que-hacemos\/\" \/>\n<meta property=\"og:locale\" content=\"es_ES\" \/>\n<meta property=\"og:type\" content=\"article\" \/>\n<meta property=\"og:title\" content=\"Y ahora\u2026 \u00bfqu\u00e9 hacemos? - El Diario - Bolivia\" \/>\n<meta property=\"og:description\" content=\"El Instituto Nacional de Estad\u00edstica (INE) ha dado a conocer los resultados del comercio exterior boliviano al primer cuatrimestre del 2024, con cifras poco auspiciosas, por cierto. Sin considerar las reexportaciones ni efectos personales &#8211;que no generan divisas&#8211; entre enero y abril, comparativamente a igual lapso del 2023, el pa\u00eds registr\u00f3 un d\u00e9ficit comercial por [&hellip;]\" \/>\n<meta property=\"og:url\" content=\"https:\/\/www.eldiario.net\/portal\/2024\/06\/27\/y-ahora-que-hacemos\/\" \/>\n<meta property=\"og:site_name\" content=\"El Diario - Bolivia\" \/>\n<meta property=\"article:publisher\" content=\"https:\/\/www.facebook.com\/eldiario.bolivia\/\" \/>\n<meta property=\"article:published_time\" content=\"2024-06-27T10:15:27+00:00\" \/>\n<meta property=\"og:image\" content=\"https:\/\/www.eldiario.net\/portal\/wp-content\/uploads\/2023\/06\/Gary-Antonio-Rodriguez-Alvarez.jpg\" \/>\n\t<meta property=\"og:image:width\" content=\"1200\" \/>\n\t<meta property=\"og:image:height\" content=\"628\" \/>\n\t<meta property=\"og:image:type\" content=\"image\/jpeg\" \/>\n<meta name=\"author\" content=\"Jeanette\" \/>\n<meta name=\"twitter:card\" content=\"summary_large_image\" \/>\n<meta name=\"twitter:creator\" content=\"@eldiario_net\" \/>\n<meta name=\"twitter:site\" content=\"@eldiario_net\" \/>\n<meta name=\"twitter:label1\" content=\"Escrito por\" \/>\n\t<meta name=\"twitter:data1\" content=\"Jeanette\" \/>\n\t<meta name=\"twitter:label2\" content=\"Tiempo de lectura\" \/>\n\t<meta name=\"twitter:data2\" content=\"4 minutos\" \/>\n<script type=\"application\/ld+json\" class=\"yoast-schema-graph\">{\"@context\":\"https:\\\/\\\/schema.org\",\"@graph\":[{\"@type\":\"Article\",\"@id\":\"https:\\\/\\\/www.eldiario.net\\\/portal\\\/2024\\\/06\\\/27\\\/y-ahora-que-hacemos\\\/#article\",\"isPartOf\":{\"@id\":\"https:\\\/\\\/www.eldiario.net\\\/portal\\\/2024\\\/06\\\/27\\\/y-ahora-que-hacemos\\\/\"},\"author\":{\"name\":\"Jeanette\",\"@id\":\"https:\\\/\\\/www.eldiario.net\\\/portal\\\/#\\\/schema\\\/person\\\/f46445640444750d7d753ccd04ae01b7\"},\"headline\":\"Y ahora\u2026 \u00bfqu\u00e9 hacemos?\",\"datePublished\":\"2024-06-27T10:15:27+00:00\",\"mainEntityOfPage\":{\"@id\":\"https:\\\/\\\/www.eldiario.net\\\/portal\\\/2024\\\/06\\\/27\\\/y-ahora-que-hacemos\\\/\"},\"wordCount\":871,\"commentCount\":0,\"publisher\":{\"@id\":\"https:\\\/\\\/www.eldiario.net\\\/portal\\\/#organization\"},\"image\":{\"@id\":\"https:\\\/\\\/www.eldiario.net\\\/portal\\\/2024\\\/06\\\/27\\\/y-ahora-que-hacemos\\\/#primaryimage\"},\"thumbnailUrl\":\"https:\\\/\\\/www.eldiario.net\\\/portal\\\/wp-content\\\/uploads\\\/2023\\\/06\\\/Gary-Antonio-Rodriguez-Alvarez.jpg\",\"articleSection\":[\"Opini\u00f3n\"],\"inLanguage\":\"es\",\"potentialAction\":[{\"@type\":\"CommentAction\",\"name\":\"Comment\",\"target\":[\"https:\\\/\\\/www.eldiario.net\\\/portal\\\/2024\\\/06\\\/27\\\/y-ahora-que-hacemos\\\/#respond\"]}]},{\"@type\":\"WebPage\",\"@id\":\"https:\\\/\\\/www.eldiario.net\\\/portal\\\/2024\\\/06\\\/27\\\/y-ahora-que-hacemos\\\/\",\"url\":\"https:\\\/\\\/www.eldiario.net\\\/portal\\\/2024\\\/06\\\/27\\\/y-ahora-que-hacemos\\\/\",\"name\":\"Y ahora\u2026 \u00bfqu\u00e9 hacemos? - El Diario - Bolivia\",\"isPartOf\":{\"@id\":\"https:\\\/\\\/www.eldiario.net\\\/portal\\\/#website\"},\"primaryImageOfPage\":{\"@id\":\"https:\\\/\\\/www.eldiario.net\\\/portal\\\/2024\\\/06\\\/27\\\/y-ahora-que-hacemos\\\/#primaryimage\"},\"image\":{\"@id\":\"https:\\\/\\\/www.eldiario.net\\\/portal\\\/2024\\\/06\\\/27\\\/y-ahora-que-hacemos\\\/#primaryimage\"},\"thumbnailUrl\":\"https:\\\/\\\/www.eldiario.net\\\/portal\\\/wp-content\\\/uploads\\\/2023\\\/06\\\/Gary-Antonio-Rodriguez-Alvarez.jpg\",\"datePublished\":\"2024-06-27T10:15:27+00:00\",\"breadcrumb\":{\"@id\":\"https:\\\/\\\/www.eldiario.net\\\/portal\\\/2024\\\/06\\\/27\\\/y-ahora-que-hacemos\\\/#breadcrumb\"},\"inLanguage\":\"es\",\"potentialAction\":[{\"@type\":\"ReadAction\",\"target\":[\"https:\\\/\\\/www.eldiario.net\\\/portal\\\/2024\\\/06\\\/27\\\/y-ahora-que-hacemos\\\/\"]}]},{\"@type\":\"ImageObject\",\"inLanguage\":\"es\",\"@id\":\"https:\\\/\\\/www.eldiario.net\\\/portal\\\/2024\\\/06\\\/27\\\/y-ahora-que-hacemos\\\/#primaryimage\",\"url\":\"https:\\\/\\\/www.eldiario.net\\\/portal\\\/wp-content\\\/uploads\\\/2023\\\/06\\\/Gary-Antonio-Rodriguez-Alvarez.jpg\",\"contentUrl\":\"https:\\\/\\\/www.eldiario.net\\\/portal\\\/wp-content\\\/uploads\\\/2023\\\/06\\\/Gary-Antonio-Rodriguez-Alvarez.jpg\",\"width\":1200,\"height\":628},{\"@type\":\"BreadcrumbList\",\"@id\":\"https:\\\/\\\/www.eldiario.net\\\/portal\\\/2024\\\/06\\\/27\\\/y-ahora-que-hacemos\\\/#breadcrumb\",\"itemListElement\":[{\"@type\":\"ListItem\",\"position\":1,\"name\":\"Portada\",\"item\":\"https:\\\/\\\/www.eldiario.net\\\/portal\\\/\"},{\"@type\":\"ListItem\",\"position\":2,\"name\":\"Y ahora\u2026 \u00bfqu\u00e9 hacemos?\"}]},{\"@type\":\"WebSite\",\"@id\":\"https:\\\/\\\/www.eldiario.net\\\/portal\\\/#website\",\"url\":\"https:\\\/\\\/www.eldiario.net\\\/portal\\\/\",\"name\":\"El Diario - Decano de la prensa nacional\",\"description\":\"El Diario - Decano de la prensa nacional\",\"publisher\":{\"@id\":\"https:\\\/\\\/www.eldiario.net\\\/portal\\\/#organization\"},\"potentialAction\":[{\"@type\":\"SearchAction\",\"target\":{\"@type\":\"EntryPoint\",\"urlTemplate\":\"https:\\\/\\\/www.eldiario.net\\\/portal\\\/?s={search_term_string}\"},\"query-input\":{\"@type\":\"PropertyValueSpecification\",\"valueRequired\":true,\"valueName\":\"search_term_string\"}}],\"inLanguage\":\"es\"},{\"@type\":\"Organization\",\"@id\":\"https:\\\/\\\/www.eldiario.net\\\/portal\\\/#organization\",\"name\":\"El Diario - Decano de la prensa nacional\",\"url\":\"https:\\\/\\\/www.eldiario.net\\\/portal\\\/\",\"logo\":{\"@type\":\"ImageObject\",\"inLanguage\":\"es\",\"@id\":\"https:\\\/\\\/www.eldiario.net\\\/portal\\\/#\\\/schema\\\/logo\\\/image\\\/\",\"url\":\"https:\\\/\\\/www.eldiario.net\\\/portal\\\/wp-content\\\/uploads\\\/2023\\\/07\\\/logo_ED.jpg\",\"contentUrl\":\"https:\\\/\\\/www.eldiario.net\\\/portal\\\/wp-content\\\/uploads\\\/2023\\\/07\\\/logo_ED.jpg\",\"width\":272,\"height\":52,\"caption\":\"El Diario - Decano de la prensa nacional\"},\"image\":{\"@id\":\"https:\\\/\\\/www.eldiario.net\\\/portal\\\/#\\\/schema\\\/logo\\\/image\\\/\"},\"sameAs\":[\"https:\\\/\\\/www.facebook.com\\\/eldiario.bolivia\\\/\",\"https:\\\/\\\/x.com\\\/eldiario_net\"]},{\"@type\":\"Person\",\"@id\":\"https:\\\/\\\/www.eldiario.net\\\/portal\\\/#\\\/schema\\\/person\\\/f46445640444750d7d753ccd04ae01b7\",\"name\":\"Jeanette\",\"image\":{\"@type\":\"ImageObject\",\"inLanguage\":\"es\",\"@id\":\"https:\\\/\\\/secure.gravatar.com\\\/avatar\\\/3ea2118a5f7dad2b7138b1187a6b7ee55f160b9968b66013c3a3ef39dd7e5798?s=96&d=mm&r=g\",\"url\":\"https:\\\/\\\/secure.gravatar.com\\\/avatar\\\/3ea2118a5f7dad2b7138b1187a6b7ee55f160b9968b66013c3a3ef39dd7e5798?s=96&d=mm&r=g\",\"contentUrl\":\"https:\\\/\\\/secure.gravatar.com\\\/avatar\\\/3ea2118a5f7dad2b7138b1187a6b7ee55f160b9968b66013c3a3ef39dd7e5798?s=96&d=mm&r=g\",\"caption\":\"Jeanette\"},\"sameAs\":[\"https:\\\/\\\/www.eldiario.net\\\/portal\"],\"url\":\"https:\\\/\\\/www.eldiario.net\\\/portal\\\/author\\\/jeanette\\\/\"}]}<\/script>\n<!-- \/ Yoast SEO plugin. -->","yoast_head_json":{"title":"Y ahora\u2026 \u00bfqu\u00e9 hacemos? - El Diario - Bolivia","robots":{"index":"index","follow":"follow","max-snippet":"max-snippet:-1","max-image-preview":"max-image-preview:large","max-video-preview":"max-video-preview:-1"},"canonical":"https:\/\/www.eldiario.net\/portal\/2024\/06\/27\/y-ahora-que-hacemos\/","og_locale":"es_ES","og_type":"article","og_title":"Y ahora\u2026 \u00bfqu\u00e9 hacemos? - El Diario - Bolivia","og_description":"El Instituto Nacional de Estad\u00edstica (INE) ha dado a conocer los resultados del comercio exterior boliviano al primer cuatrimestre del 2024, con cifras poco auspiciosas, por cierto. Sin considerar las reexportaciones ni efectos personales &#8211;que no generan divisas&#8211; entre enero y abril, comparativamente a igual lapso del 2023, el pa\u00eds registr\u00f3 un d\u00e9ficit comercial por [&hellip;]","og_url":"https:\/\/www.eldiario.net\/portal\/2024\/06\/27\/y-ahora-que-hacemos\/","og_site_name":"El Diario - Bolivia","article_publisher":"https:\/\/www.facebook.com\/eldiario.bolivia\/","article_published_time":"2024-06-27T10:15:27+00:00","og_image":[{"width":1200,"height":628,"url":"https:\/\/www.eldiario.net\/portal\/wp-content\/uploads\/2023\/06\/Gary-Antonio-Rodriguez-Alvarez.jpg","type":"image\/jpeg"}],"author":"Jeanette","twitter_card":"summary_large_image","twitter_creator":"@eldiario_net","twitter_site":"@eldiario_net","twitter_misc":{"Escrito por":"Jeanette","Tiempo de lectura":"4 minutos"},"schema":{"@context":"https:\/\/schema.org","@graph":[{"@type":"Article","@id":"https:\/\/www.eldiario.net\/portal\/2024\/06\/27\/y-ahora-que-hacemos\/#article","isPartOf":{"@id":"https:\/\/www.eldiario.net\/portal\/2024\/06\/27\/y-ahora-que-hacemos\/"},"author":{"name":"Jeanette","@id":"https:\/\/www.eldiario.net\/portal\/#\/schema\/person\/f46445640444750d7d753ccd04ae01b7"},"headline":"Y ahora\u2026 \u00bfqu\u00e9 hacemos?","datePublished":"2024-06-27T10:15:27+00:00","mainEntityOfPage":{"@id":"https:\/\/www.eldiario.net\/portal\/2024\/06\/27\/y-ahora-que-hacemos\/"},"wordCount":871,"commentCount":0,"publisher":{"@id":"https:\/\/www.eldiario.net\/portal\/#organization"},"image":{"@id":"https:\/\/www.eldiario.net\/portal\/2024\/06\/27\/y-ahora-que-hacemos\/#primaryimage"},"thumbnailUrl":"https:\/\/www.eldiario.net\/portal\/wp-content\/uploads\/2023\/06\/Gary-Antonio-Rodriguez-Alvarez.jpg","articleSection":["Opini\u00f3n"],"inLanguage":"es","potentialAction":[{"@type":"CommentAction","name":"Comment","target":["https:\/\/www.eldiario.net\/portal\/2024\/06\/27\/y-ahora-que-hacemos\/#respond"]}]},{"@type":"WebPage","@id":"https:\/\/www.eldiario.net\/portal\/2024\/06\/27\/y-ahora-que-hacemos\/","url":"https:\/\/www.eldiario.net\/portal\/2024\/06\/27\/y-ahora-que-hacemos\/","name":"Y ahora\u2026 \u00bfqu\u00e9 hacemos? - El Diario - Bolivia","isPartOf":{"@id":"https:\/\/www.eldiario.net\/portal\/#website"},"primaryImageOfPage":{"@id":"https:\/\/www.eldiario.net\/portal\/2024\/06\/27\/y-ahora-que-hacemos\/#primaryimage"},"image":{"@id":"https:\/\/www.eldiario.net\/portal\/2024\/06\/27\/y-ahora-que-hacemos\/#primaryimage"},"thumbnailUrl":"https:\/\/www.eldiario.net\/portal\/wp-content\/uploads\/2023\/06\/Gary-Antonio-Rodriguez-Alvarez.jpg","datePublished":"2024-06-27T10:15:27+00:00","breadcrumb":{"@id":"https:\/\/www.eldiario.net\/portal\/2024\/06\/27\/y-ahora-que-hacemos\/#breadcrumb"},"inLanguage":"es","potentialAction":[{"@type":"ReadAction","target":["https:\/\/www.eldiario.net\/portal\/2024\/06\/27\/y-ahora-que-hacemos\/"]}]},{"@type":"ImageObject","inLanguage":"es","@id":"https:\/\/www.eldiario.net\/portal\/2024\/06\/27\/y-ahora-que-hacemos\/#primaryimage","url":"https:\/\/www.eldiario.net\/portal\/wp-content\/uploads\/2023\/06\/Gary-Antonio-Rodriguez-Alvarez.jpg","contentUrl":"https:\/\/www.eldiario.net\/portal\/wp-content\/uploads\/2023\/06\/Gary-Antonio-Rodriguez-Alvarez.jpg","width":1200,"height":628},{"@type":"BreadcrumbList","@id":"https:\/\/www.eldiario.net\/portal\/2024\/06\/27\/y-ahora-que-hacemos\/#breadcrumb","itemListElement":[{"@type":"ListItem","position":1,"name":"Portada","item":"https:\/\/www.eldiario.net\/portal\/"},{"@type":"ListItem","position":2,"name":"Y ahora\u2026 \u00bfqu\u00e9 hacemos?"}]},{"@type":"WebSite","@id":"https:\/\/www.eldiario.net\/portal\/#website","url":"https:\/\/www.eldiario.net\/portal\/","name":"El Diario - Decano de la prensa nacional","description":"El Diario - Decano de la prensa nacional","publisher":{"@id":"https:\/\/www.eldiario.net\/portal\/#organization"},"potentialAction":[{"@type":"SearchAction","target":{"@type":"EntryPoint","urlTemplate":"https:\/\/www.eldiario.net\/portal\/?s={search_term_string}"},"query-input":{"@type":"PropertyValueSpecification","valueRequired":true,"valueName":"search_term_string"}}],"inLanguage":"es"},{"@type":"Organization","@id":"https:\/\/www.eldiario.net\/portal\/#organization","name":"El Diario - Decano de la prensa nacional","url":"https:\/\/www.eldiario.net\/portal\/","logo":{"@type":"ImageObject","inLanguage":"es","@id":"https:\/\/www.eldiario.net\/portal\/#\/schema\/logo\/image\/","url":"https:\/\/www.eldiario.net\/portal\/wp-content\/uploads\/2023\/07\/logo_ED.jpg","contentUrl":"https:\/\/www.eldiario.net\/portal\/wp-content\/uploads\/2023\/07\/logo_ED.jpg","width":272,"height":52,"caption":"El Diario - Decano de la prensa nacional"},"image":{"@id":"https:\/\/www.eldiario.net\/portal\/#\/schema\/logo\/image\/"},"sameAs":["https:\/\/www.facebook.com\/eldiario.bolivia\/","https:\/\/x.com\/eldiario_net"]},{"@type":"Person","@id":"https:\/\/www.eldiario.net\/portal\/#\/schema\/person\/f46445640444750d7d753ccd04ae01b7","name":"Jeanette","image":{"@type":"ImageObject","inLanguage":"es","@id":"https:\/\/secure.gravatar.com\/avatar\/3ea2118a5f7dad2b7138b1187a6b7ee55f160b9968b66013c3a3ef39dd7e5798?s=96&d=mm&r=g","url":"https:\/\/secure.gravatar.com\/avatar\/3ea2118a5f7dad2b7138b1187a6b7ee55f160b9968b66013c3a3ef39dd7e5798?s=96&d=mm&r=g","contentUrl":"https:\/\/secure.gravatar.com\/avatar\/3ea2118a5f7dad2b7138b1187a6b7ee55f160b9968b66013c3a3ef39dd7e5798?s=96&d=mm&r=g","caption":"Jeanette"},"sameAs":["https:\/\/www.eldiario.net\/portal"],"url":"https:\/\/www.eldiario.net\/portal\/author\/jeanette\/"}]}},"_links":{"self":[{"href":"https:\/\/www.eldiario.net\/portal\/wp-json\/wp\/v2\/posts\/230097","targetHints":{"allow":["GET"]}}],"collection":[{"href":"https:\/\/www.eldiario.net\/portal\/wp-json\/wp\/v2\/posts"}],"about":[{"href":"https:\/\/www.eldiario.net\/portal\/wp-json\/wp\/v2\/types\/post"}],"author":[{"embeddable":true,"href":"https:\/\/www.eldiario.net\/portal\/wp-json\/wp\/v2\/users\/1"}],"replies":[{"embeddable":true,"href":"https:\/\/www.eldiario.net\/portal\/wp-json\/wp\/v2\/comments?post=230097"}],"version-history":[{"count":1,"href":"https:\/\/www.eldiario.net\/portal\/wp-json\/wp\/v2\/posts\/230097\/revisions"}],"predecessor-version":[{"id":230098,"href":"https:\/\/www.eldiario.net\/portal\/wp-json\/wp\/v2\/posts\/230097\/revisions\/230098"}],"wp:featuredmedia":[{"embeddable":true,"href":"https:\/\/www.eldiario.net\/portal\/wp-json\/wp\/v2\/media\/157466"}],"wp:attachment":[{"href":"https:\/\/www.eldiario.net\/portal\/wp-json\/wp\/v2\/media?parent=230097"}],"wp:term":[{"taxonomy":"category","embeddable":true,"href":"https:\/\/www.eldiario.net\/portal\/wp-json\/wp\/v2\/categories?post=230097"},{"taxonomy":"post_tag","embeddable":true,"href":"https:\/\/www.eldiario.net\/portal\/wp-json\/wp\/v2\/tags?post=230097"}],"curies":[{"name":"wp","href":"https:\/\/api.w.org\/{rel}","templated":true}]}}