{"id":230095,"date":"2024-06-27T06:14:56","date_gmt":"2024-06-27T10:14:56","guid":{"rendered":"https:\/\/www.eldiario.net\/portal\/?p=230095"},"modified":"2024-06-27T06:14:56","modified_gmt":"2024-06-27T10:14:56","slug":"cleptocracia-en-bolivia-lucro-privado-en-deterioro-publico","status":"publish","type":"post","link":"https:\/\/www.eldiario.net\/portal\/2024\/06\/27\/cleptocracia-en-bolivia-lucro-privado-en-deterioro-publico\/","title":{"rendered":"Cleptocracia en Bolivia: lucro privado en deterioro p\u00fablico"},"content":{"rendered":"<p>En Bolivia, la lucha contra la corrupci\u00f3n ha sido una batalla constante marcada por la impunidad y la desconfianza en las instituciones p\u00fablicas. A pesar de los esfuerzos espor\u00e1dicos por parte de diferentes administraciones para combatir este flagelo, los resultados han sido desalentadores para los ciudadanos bolivianos, quienes ven c\u00f3mo las denuncias con pruebas contundentes no alcanzan resultados efectivos.<\/p>\n<p>La corrupci\u00f3n se ha vuelto tan com\u00fan en las esferas p\u00fablicas bolivianas que ha llegado a ser normalizada por la poblaci\u00f3n. Este fen\u00f3meno no solo perpet\u00faa el ciclo de corrupci\u00f3n, sino que tambi\u00e9n desalienta a los ciudadanos a denunciar, debido al temor a represalias. La falta de consecuencias significativas para los culpables crea un ambiente donde la impunidad se considera asegurada, fomentando as\u00ed nuevos actos corruptos entre aquellos que buscan aprovecharse del sistema.<\/p>\n<p>En Bolivia la justicia parece no haber evolucionado o cambiado favorablemente casi nada a dos siglos de la independencia. Durante la \u00e9poca colonial espa\u00f1ola, la administraci\u00f3n de justicia reflejaba un sistema profundamente sesgado y discriminatorio. Los tribunales coloniales operaban bajo un marco legal que favorec\u00eda a los colonizadores y discriminaba en parte a los criollos, totalmente a los ind\u00edgenas y esclavos africanos. Los jueces y funcionarios judiciales, frecuentemente designados por conexiones pol\u00edticas o familiares, carec\u00edan a menudo de la capacitaci\u00f3n necesaria y mostraban una falta de imparcialidad evidente. Esta falta de equidad se traduc\u00eda en decisiones que perpetuaban la opresi\u00f3n y el abuso, contribuyendo a mantener el dominio colonial a trav\u00e9s de la intimidaci\u00f3n legal y el uso selectivo de la fuerza. En la \u00e9poca republicana la situaci\u00f3n no cambi\u00f3 demasiado, el Poder Judicial se someti\u00f3 y se somete al Poder Ejecutivo o al poder econ\u00f3mico.<\/p>\n<p>El t\u00e9rmino \u00abcleptocracia\u00bb, acu\u00f1ado por Cicer\u00f3n, describe de manera precisa la realidad boliviana, donde el enriquecimiento personal de los l\u00edderes prevalece sobre el bienestar com\u00fan. Las licitaciones p\u00fablicas, lejos de ser procesos transparentes y competitivos, est\u00e1n marcadas por la manipulaci\u00f3n y el favoritismo hacia allegados pol\u00edticos o empresariales. Esta pr\u00e1ctica no solo desv\u00eda recursos p\u00fablicos, sino que tambi\u00e9n perpet\u00faa un sistema de corrupci\u00f3n estructural dif\u00edcil de erradicar.<\/p>\n<p>En el \u00e1mbito pol\u00edtico, existe un c\u00ednico refr\u00e1n que dice: <em>\u00abSi se va a robar, hay que robar mucho para poder pagar a la Fiscal\u00eda y al Poder Judicial\u00bb.<\/em> Esta amarga observaci\u00f3n refleja una realidad donde la corrupci\u00f3n y la impunidad son frecuentes. La idea subyacente es que quienes cometen delitos menores, al no disponer de los recursos necesarios para sobornar a las autoridades, son los que realmente enfrentan el peso de la ley. En contraste, aquellos que perpetran grandes actos de corrupci\u00f3n pueden usar su bot\u00edn para asegurarse la protecci\u00f3n de un sistema judicial corrupto. As\u00ed, no es el acto delictivo en s\u00ed mismo lo que determina la severidad del castigo, sino la capacidad de los culpables para manejar y manipular el sistema a su favor.<\/p>\n<p>La aplicaci\u00f3n de los sistemas de control p\u00fablico es pr\u00e1cticamente inexistente. Las oficinas de auditor\u00eda interna de las instituciones p\u00fablicas, tanto en las universidades p\u00fablicas, los gobiernos subnacionales como en el gobierno central, son designadas por sus m\u00e1ximas autoridades. En otras palabras, un alcalde municipal de cualquier municipio del pa\u00eds tiene la facultad de nombrar a su director de auditor\u00eda y al personal de auditor\u00eda. Esta situaci\u00f3n plantea una seria duda sobre la efectividad del control y seguimiento de las actividades p\u00fablicas: \u00bfse llevar\u00e1 a cabo un control real y riguroso, o se buscar\u00e1 encubrir y mejorar la apariencia de las irregularidades para que los actos il\u00edcitos no sean detectados?<\/p>\n<p>La Contralor\u00eda General del Estado, antes reconocida como una autoridad de control externo respetada y temida por los pol\u00edticos corruptos, ha visto considerablemente reducida su credibilidad. En la actualidad, ya no infunde el mismo temor, ya que muchas de las designaciones se hacen en funci\u00f3n de la afinidad pol\u00edtica con el gobierno de turno o por v\u00ednculos familiares. Como resultado, gran parte del personal se siente comprometido por su nombramiento y esto afecta su capacidad para ejercer un control efectivo. Adem\u00e1s, carece de la capacitaci\u00f3n necesaria para llevar a cabo una supervisi\u00f3n rigurosa del patrimonio estatal, que pertenece al pueblo boliviano.<\/p>\n<p>El anuncio de legisladores y pol\u00edticos sobre las elecciones judiciales, presentado como una mejora para la justicia, es enga\u00f1oso. En realidad, las elecciones judiciales han destruido la poca institucionalidad que se hab\u00eda logrado construir en el Poder Judicial. Estas elecciones dependen de dos factores cruciales para ganar: el apoyo pol\u00edtico de grupos o partidos, que lo ofrecer\u00e1n a cambio de favores futuros si una autoridad judicial es elegida, y el factor econ\u00f3mico, ya que un profesional individual no puede solventar una campa\u00f1a electoral a nivel departamental o nacional sin financiadores. Estos financiadores podr\u00edan ser personas con intereses en futuros fallos judiciales, incluidos delincuentes y narcotraficantes.<\/p>\n<p>Para Bolivia, el desaf\u00edo de erradicar la corrupci\u00f3n y restaurar la confianza en sus instituciones p\u00fablicas es monumental, pero no imposible. Requiere un compromiso integral desde la sociedad civil, los pocos medios de comunicaci\u00f3n independientes, reformas legislativas y una verdadera voluntad pol\u00edtica de cambiar este camino al precipicio al cual se dirige el pa\u00eds. Solo con un esfuerzo colectivo y sostenido se puede aspirar a un futuro donde la justicia y la igualdad prevalezcan sobre la corrupci\u00f3n y la impunidad.<\/p>\n<p>La corrupci\u00f3n arraigada en Bolivia se puede decir que es parte de la cultura boliviana, es m\u00e1s que un problema administrativo; es una crisis moral y estructural que amenaza la estabilidad y el progreso del pa\u00eds. Superar esta crisis requiere m\u00e1s que palabras y promesas vac\u00edas; necesita acciones firmes, transparencia real y un compromiso inquebrantable con la rendici\u00f3n de cuentas. Solo as\u00ed podr\u00e1 Bolivia avanzar hacia un futuro donde todos sus ciudadanos puedan prosperar bajo un gobierno justo y honesto, libre de la sombra de la corrupci\u00f3n y la impunidad.<\/p>\n<p>&nbsp;<\/p>\n<p><em>El autor es Investigador y analista econ\u00f3mico.<\/em><\/p>\n","protected":false},"excerpt":{"rendered":"<p>En Bolivia, la lucha contra la corrupci\u00f3n ha sido una batalla constante marcada por la impunidad y la desconfianza en las instituciones p\u00fablicas. A pesar de los esfuerzos espor\u00e1dicos por parte de diferentes administraciones para combatir este flagelo, los resultados han sido desalentadores para los ciudadanos bolivianos, quienes ven c\u00f3mo las denuncias con pruebas contundentes [&hellip;]<\/p>\n","protected":false},"author":1,"featured_media":213112,"comment_status":"open","ping_status":"open","sticky":false,"template":"","format":"standard","meta":{"_acf_changed":false,"footnotes":""},"categories":[9],"tags":[],"class_list":["post-230095","post","type-post","status-publish","format-standard","has-post-thumbnail","category-opinion"],"acf":{"antetitulo":""},"yoast_head":"<!-- This site is optimized with the Yoast SEO plugin v28.3 - https:\/\/yoast.com\/product\/yoast-seo-wordpress\/ -->\n<title>Cleptocracia en Bolivia: lucro privado en deterioro p\u00fablico - El Diario - Bolivia<\/title>\n<meta name=\"robots\" content=\"index, follow, max-snippet:-1, max-image-preview:large, max-video-preview:-1\" \/>\n<link rel=\"canonical\" href=\"https:\/\/www.eldiario.net\/portal\/2024\/06\/27\/cleptocracia-en-bolivia-lucro-privado-en-deterioro-publico\/\" \/>\n<meta property=\"og:locale\" content=\"es_ES\" \/>\n<meta property=\"og:type\" content=\"article\" \/>\n<meta property=\"og:title\" content=\"Cleptocracia en Bolivia: lucro privado en deterioro p\u00fablico - El Diario - Bolivia\" \/>\n<meta property=\"og:description\" content=\"En Bolivia, la lucha contra la corrupci\u00f3n ha sido una batalla constante marcada por la impunidad y la desconfianza en las instituciones p\u00fablicas. A pesar de los esfuerzos espor\u00e1dicos por parte de diferentes administraciones para combatir este flagelo, los resultados han sido desalentadores para los ciudadanos bolivianos, quienes ven c\u00f3mo las denuncias con pruebas contundentes [&hellip;]\" \/>\n<meta property=\"og:url\" content=\"https:\/\/www.eldiario.net\/portal\/2024\/06\/27\/cleptocracia-en-bolivia-lucro-privado-en-deterioro-publico\/\" \/>\n<meta property=\"og:site_name\" content=\"El Diario - Bolivia\" \/>\n<meta property=\"article:publisher\" content=\"https:\/\/www.facebook.com\/eldiario.bolivia\/\" \/>\n<meta property=\"article:published_time\" content=\"2024-06-27T10:14:56+00:00\" \/>\n<meta property=\"og:image\" content=\"https:\/\/www.eldiario.net\/portal\/wp-content\/uploads\/2024\/04\/Miguel-Angel-Amonzabel-Gonzales.jpg\" \/>\n\t<meta property=\"og:image:width\" content=\"1200\" \/>\n\t<meta property=\"og:image:height\" content=\"628\" \/>\n\t<meta property=\"og:image:type\" content=\"image\/jpeg\" \/>\n<meta name=\"author\" content=\"Jeanette\" \/>\n<meta name=\"twitter:card\" content=\"summary_large_image\" \/>\n<meta name=\"twitter:creator\" content=\"@eldiario_net\" \/>\n<meta name=\"twitter:site\" content=\"@eldiario_net\" \/>\n<meta name=\"twitter:label1\" content=\"Escrito por\" \/>\n\t<meta name=\"twitter:data1\" content=\"Jeanette\" \/>\n\t<meta name=\"twitter:label2\" content=\"Tiempo de lectura\" \/>\n\t<meta name=\"twitter:data2\" content=\"5 minutos\" \/>\n<script type=\"application\/ld+json\" class=\"yoast-schema-graph\">{\"@context\":\"https:\\\/\\\/schema.org\",\"@graph\":[{\"@type\":\"Article\",\"@id\":\"https:\\\/\\\/www.eldiario.net\\\/portal\\\/2024\\\/06\\\/27\\\/cleptocracia-en-bolivia-lucro-privado-en-deterioro-publico\\\/#article\",\"isPartOf\":{\"@id\":\"https:\\\/\\\/www.eldiario.net\\\/portal\\\/2024\\\/06\\\/27\\\/cleptocracia-en-bolivia-lucro-privado-en-deterioro-publico\\\/\"},\"author\":{\"name\":\"Jeanette\",\"@id\":\"https:\\\/\\\/www.eldiario.net\\\/portal\\\/#\\\/schema\\\/person\\\/f46445640444750d7d753ccd04ae01b7\"},\"headline\":\"Cleptocracia en Bolivia: lucro privado en deterioro p\u00fablico\",\"datePublished\":\"2024-06-27T10:14:56+00:00\",\"mainEntityOfPage\":{\"@id\":\"https:\\\/\\\/www.eldiario.net\\\/portal\\\/2024\\\/06\\\/27\\\/cleptocracia-en-bolivia-lucro-privado-en-deterioro-publico\\\/\"},\"wordCount\":1069,\"commentCount\":0,\"publisher\":{\"@id\":\"https:\\\/\\\/www.eldiario.net\\\/portal\\\/#organization\"},\"image\":{\"@id\":\"https:\\\/\\\/www.eldiario.net\\\/portal\\\/2024\\\/06\\\/27\\\/cleptocracia-en-bolivia-lucro-privado-en-deterioro-publico\\\/#primaryimage\"},\"thumbnailUrl\":\"https:\\\/\\\/www.eldiario.net\\\/portal\\\/wp-content\\\/uploads\\\/2024\\\/04\\\/Miguel-Angel-Amonzabel-Gonzales.jpg\",\"articleSection\":[\"Opini\u00f3n\"],\"inLanguage\":\"es\",\"potentialAction\":[{\"@type\":\"CommentAction\",\"name\":\"Comment\",\"target\":[\"https:\\\/\\\/www.eldiario.net\\\/portal\\\/2024\\\/06\\\/27\\\/cleptocracia-en-bolivia-lucro-privado-en-deterioro-publico\\\/#respond\"]}]},{\"@type\":\"WebPage\",\"@id\":\"https:\\\/\\\/www.eldiario.net\\\/portal\\\/2024\\\/06\\\/27\\\/cleptocracia-en-bolivia-lucro-privado-en-deterioro-publico\\\/\",\"url\":\"https:\\\/\\\/www.eldiario.net\\\/portal\\\/2024\\\/06\\\/27\\\/cleptocracia-en-bolivia-lucro-privado-en-deterioro-publico\\\/\",\"name\":\"Cleptocracia en Bolivia: lucro privado en deterioro p\u00fablico - El Diario - Bolivia\",\"isPartOf\":{\"@id\":\"https:\\\/\\\/www.eldiario.net\\\/portal\\\/#website\"},\"primaryImageOfPage\":{\"@id\":\"https:\\\/\\\/www.eldiario.net\\\/portal\\\/2024\\\/06\\\/27\\\/cleptocracia-en-bolivia-lucro-privado-en-deterioro-publico\\\/#primaryimage\"},\"image\":{\"@id\":\"https:\\\/\\\/www.eldiario.net\\\/portal\\\/2024\\\/06\\\/27\\\/cleptocracia-en-bolivia-lucro-privado-en-deterioro-publico\\\/#primaryimage\"},\"thumbnailUrl\":\"https:\\\/\\\/www.eldiario.net\\\/portal\\\/wp-content\\\/uploads\\\/2024\\\/04\\\/Miguel-Angel-Amonzabel-Gonzales.jpg\",\"datePublished\":\"2024-06-27T10:14:56+00:00\",\"breadcrumb\":{\"@id\":\"https:\\\/\\\/www.eldiario.net\\\/portal\\\/2024\\\/06\\\/27\\\/cleptocracia-en-bolivia-lucro-privado-en-deterioro-publico\\\/#breadcrumb\"},\"inLanguage\":\"es\",\"potentialAction\":[{\"@type\":\"ReadAction\",\"target\":[\"https:\\\/\\\/www.eldiario.net\\\/portal\\\/2024\\\/06\\\/27\\\/cleptocracia-en-bolivia-lucro-privado-en-deterioro-publico\\\/\"]}]},{\"@type\":\"ImageObject\",\"inLanguage\":\"es\",\"@id\":\"https:\\\/\\\/www.eldiario.net\\\/portal\\\/2024\\\/06\\\/27\\\/cleptocracia-en-bolivia-lucro-privado-en-deterioro-publico\\\/#primaryimage\",\"url\":\"https:\\\/\\\/www.eldiario.net\\\/portal\\\/wp-content\\\/uploads\\\/2024\\\/04\\\/Miguel-Angel-Amonzabel-Gonzales.jpg\",\"contentUrl\":\"https:\\\/\\\/www.eldiario.net\\\/portal\\\/wp-content\\\/uploads\\\/2024\\\/04\\\/Miguel-Angel-Amonzabel-Gonzales.jpg\",\"width\":1200,\"height\":628,\"caption\":\"Miguel \u00c1ngel Amonzabel Gonzales\"},{\"@type\":\"BreadcrumbList\",\"@id\":\"https:\\\/\\\/www.eldiario.net\\\/portal\\\/2024\\\/06\\\/27\\\/cleptocracia-en-bolivia-lucro-privado-en-deterioro-publico\\\/#breadcrumb\",\"itemListElement\":[{\"@type\":\"ListItem\",\"position\":1,\"name\":\"Portada\",\"item\":\"https:\\\/\\\/www.eldiario.net\\\/portal\\\/\"},{\"@type\":\"ListItem\",\"position\":2,\"name\":\"Cleptocracia en Bolivia: lucro privado en deterioro p\u00fablico\"}]},{\"@type\":\"WebSite\",\"@id\":\"https:\\\/\\\/www.eldiario.net\\\/portal\\\/#website\",\"url\":\"https:\\\/\\\/www.eldiario.net\\\/portal\\\/\",\"name\":\"El Diario - Decano de la prensa nacional\",\"description\":\"El Diario - Decano de la prensa nacional\",\"publisher\":{\"@id\":\"https:\\\/\\\/www.eldiario.net\\\/portal\\\/#organization\"},\"potentialAction\":[{\"@type\":\"SearchAction\",\"target\":{\"@type\":\"EntryPoint\",\"urlTemplate\":\"https:\\\/\\\/www.eldiario.net\\\/portal\\\/?s={search_term_string}\"},\"query-input\":{\"@type\":\"PropertyValueSpecification\",\"valueRequired\":true,\"valueName\":\"search_term_string\"}}],\"inLanguage\":\"es\"},{\"@type\":\"Organization\",\"@id\":\"https:\\\/\\\/www.eldiario.net\\\/portal\\\/#organization\",\"name\":\"El Diario - Decano de la prensa nacional\",\"url\":\"https:\\\/\\\/www.eldiario.net\\\/portal\\\/\",\"logo\":{\"@type\":\"ImageObject\",\"inLanguage\":\"es\",\"@id\":\"https:\\\/\\\/www.eldiario.net\\\/portal\\\/#\\\/schema\\\/logo\\\/image\\\/\",\"url\":\"https:\\\/\\\/www.eldiario.net\\\/portal\\\/wp-content\\\/uploads\\\/2023\\\/07\\\/logo_ED.jpg\",\"contentUrl\":\"https:\\\/\\\/www.eldiario.net\\\/portal\\\/wp-content\\\/uploads\\\/2023\\\/07\\\/logo_ED.jpg\",\"width\":272,\"height\":52,\"caption\":\"El Diario - Decano de la prensa nacional\"},\"image\":{\"@id\":\"https:\\\/\\\/www.eldiario.net\\\/portal\\\/#\\\/schema\\\/logo\\\/image\\\/\"},\"sameAs\":[\"https:\\\/\\\/www.facebook.com\\\/eldiario.bolivia\\\/\",\"https:\\\/\\\/x.com\\\/eldiario_net\"]},{\"@type\":\"Person\",\"@id\":\"https:\\\/\\\/www.eldiario.net\\\/portal\\\/#\\\/schema\\\/person\\\/f46445640444750d7d753ccd04ae01b7\",\"name\":\"Jeanette\",\"image\":{\"@type\":\"ImageObject\",\"inLanguage\":\"es\",\"@id\":\"https:\\\/\\\/secure.gravatar.com\\\/avatar\\\/3ea2118a5f7dad2b7138b1187a6b7ee55f160b9968b66013c3a3ef39dd7e5798?s=96&d=mm&r=g\",\"url\":\"https:\\\/\\\/secure.gravatar.com\\\/avatar\\\/3ea2118a5f7dad2b7138b1187a6b7ee55f160b9968b66013c3a3ef39dd7e5798?s=96&d=mm&r=g\",\"contentUrl\":\"https:\\\/\\\/secure.gravatar.com\\\/avatar\\\/3ea2118a5f7dad2b7138b1187a6b7ee55f160b9968b66013c3a3ef39dd7e5798?s=96&d=mm&r=g\",\"caption\":\"Jeanette\"},\"sameAs\":[\"https:\\\/\\\/www.eldiario.net\\\/portal\"],\"url\":\"https:\\\/\\\/www.eldiario.net\\\/portal\\\/author\\\/jeanette\\\/\"}]}<\/script>\n<!-- \/ Yoast SEO plugin. -->","yoast_head_json":{"title":"Cleptocracia en Bolivia: lucro privado en deterioro p\u00fablico - El Diario - Bolivia","robots":{"index":"index","follow":"follow","max-snippet":"max-snippet:-1","max-image-preview":"max-image-preview:large","max-video-preview":"max-video-preview:-1"},"canonical":"https:\/\/www.eldiario.net\/portal\/2024\/06\/27\/cleptocracia-en-bolivia-lucro-privado-en-deterioro-publico\/","og_locale":"es_ES","og_type":"article","og_title":"Cleptocracia en Bolivia: lucro privado en deterioro p\u00fablico - El Diario - Bolivia","og_description":"En Bolivia, la lucha contra la corrupci\u00f3n ha sido una batalla constante marcada por la impunidad y la desconfianza en las instituciones p\u00fablicas. A pesar de los esfuerzos espor\u00e1dicos por parte de diferentes administraciones para combatir este flagelo, los resultados han sido desalentadores para los ciudadanos bolivianos, quienes ven c\u00f3mo las denuncias con pruebas contundentes [&hellip;]","og_url":"https:\/\/www.eldiario.net\/portal\/2024\/06\/27\/cleptocracia-en-bolivia-lucro-privado-en-deterioro-publico\/","og_site_name":"El Diario - Bolivia","article_publisher":"https:\/\/www.facebook.com\/eldiario.bolivia\/","article_published_time":"2024-06-27T10:14:56+00:00","og_image":[{"width":1200,"height":628,"url":"https:\/\/www.eldiario.net\/portal\/wp-content\/uploads\/2024\/04\/Miguel-Angel-Amonzabel-Gonzales.jpg","type":"image\/jpeg"}],"author":"Jeanette","twitter_card":"summary_large_image","twitter_creator":"@eldiario_net","twitter_site":"@eldiario_net","twitter_misc":{"Escrito por":"Jeanette","Tiempo de lectura":"5 minutos"},"schema":{"@context":"https:\/\/schema.org","@graph":[{"@type":"Article","@id":"https:\/\/www.eldiario.net\/portal\/2024\/06\/27\/cleptocracia-en-bolivia-lucro-privado-en-deterioro-publico\/#article","isPartOf":{"@id":"https:\/\/www.eldiario.net\/portal\/2024\/06\/27\/cleptocracia-en-bolivia-lucro-privado-en-deterioro-publico\/"},"author":{"name":"Jeanette","@id":"https:\/\/www.eldiario.net\/portal\/#\/schema\/person\/f46445640444750d7d753ccd04ae01b7"},"headline":"Cleptocracia en Bolivia: lucro privado en deterioro p\u00fablico","datePublished":"2024-06-27T10:14:56+00:00","mainEntityOfPage":{"@id":"https:\/\/www.eldiario.net\/portal\/2024\/06\/27\/cleptocracia-en-bolivia-lucro-privado-en-deterioro-publico\/"},"wordCount":1069,"commentCount":0,"publisher":{"@id":"https:\/\/www.eldiario.net\/portal\/#organization"},"image":{"@id":"https:\/\/www.eldiario.net\/portal\/2024\/06\/27\/cleptocracia-en-bolivia-lucro-privado-en-deterioro-publico\/#primaryimage"},"thumbnailUrl":"https:\/\/www.eldiario.net\/portal\/wp-content\/uploads\/2024\/04\/Miguel-Angel-Amonzabel-Gonzales.jpg","articleSection":["Opini\u00f3n"],"inLanguage":"es","potentialAction":[{"@type":"CommentAction","name":"Comment","target":["https:\/\/www.eldiario.net\/portal\/2024\/06\/27\/cleptocracia-en-bolivia-lucro-privado-en-deterioro-publico\/#respond"]}]},{"@type":"WebPage","@id":"https:\/\/www.eldiario.net\/portal\/2024\/06\/27\/cleptocracia-en-bolivia-lucro-privado-en-deterioro-publico\/","url":"https:\/\/www.eldiario.net\/portal\/2024\/06\/27\/cleptocracia-en-bolivia-lucro-privado-en-deterioro-publico\/","name":"Cleptocracia en Bolivia: lucro privado en deterioro p\u00fablico - El Diario - Bolivia","isPartOf":{"@id":"https:\/\/www.eldiario.net\/portal\/#website"},"primaryImageOfPage":{"@id":"https:\/\/www.eldiario.net\/portal\/2024\/06\/27\/cleptocracia-en-bolivia-lucro-privado-en-deterioro-publico\/#primaryimage"},"image":{"@id":"https:\/\/www.eldiario.net\/portal\/2024\/06\/27\/cleptocracia-en-bolivia-lucro-privado-en-deterioro-publico\/#primaryimage"},"thumbnailUrl":"https:\/\/www.eldiario.net\/portal\/wp-content\/uploads\/2024\/04\/Miguel-Angel-Amonzabel-Gonzales.jpg","datePublished":"2024-06-27T10:14:56+00:00","breadcrumb":{"@id":"https:\/\/www.eldiario.net\/portal\/2024\/06\/27\/cleptocracia-en-bolivia-lucro-privado-en-deterioro-publico\/#breadcrumb"},"inLanguage":"es","potentialAction":[{"@type":"ReadAction","target":["https:\/\/www.eldiario.net\/portal\/2024\/06\/27\/cleptocracia-en-bolivia-lucro-privado-en-deterioro-publico\/"]}]},{"@type":"ImageObject","inLanguage":"es","@id":"https:\/\/www.eldiario.net\/portal\/2024\/06\/27\/cleptocracia-en-bolivia-lucro-privado-en-deterioro-publico\/#primaryimage","url":"https:\/\/www.eldiario.net\/portal\/wp-content\/uploads\/2024\/04\/Miguel-Angel-Amonzabel-Gonzales.jpg","contentUrl":"https:\/\/www.eldiario.net\/portal\/wp-content\/uploads\/2024\/04\/Miguel-Angel-Amonzabel-Gonzales.jpg","width":1200,"height":628,"caption":"Miguel \u00c1ngel Amonzabel Gonzales"},{"@type":"BreadcrumbList","@id":"https:\/\/www.eldiario.net\/portal\/2024\/06\/27\/cleptocracia-en-bolivia-lucro-privado-en-deterioro-publico\/#breadcrumb","itemListElement":[{"@type":"ListItem","position":1,"name":"Portada","item":"https:\/\/www.eldiario.net\/portal\/"},{"@type":"ListItem","position":2,"name":"Cleptocracia en Bolivia: lucro privado en deterioro p\u00fablico"}]},{"@type":"WebSite","@id":"https:\/\/www.eldiario.net\/portal\/#website","url":"https:\/\/www.eldiario.net\/portal\/","name":"El Diario - Decano de la prensa nacional","description":"El Diario - Decano de la prensa nacional","publisher":{"@id":"https:\/\/www.eldiario.net\/portal\/#organization"},"potentialAction":[{"@type":"SearchAction","target":{"@type":"EntryPoint","urlTemplate":"https:\/\/www.eldiario.net\/portal\/?s={search_term_string}"},"query-input":{"@type":"PropertyValueSpecification","valueRequired":true,"valueName":"search_term_string"}}],"inLanguage":"es"},{"@type":"Organization","@id":"https:\/\/www.eldiario.net\/portal\/#organization","name":"El Diario - Decano de la prensa nacional","url":"https:\/\/www.eldiario.net\/portal\/","logo":{"@type":"ImageObject","inLanguage":"es","@id":"https:\/\/www.eldiario.net\/portal\/#\/schema\/logo\/image\/","url":"https:\/\/www.eldiario.net\/portal\/wp-content\/uploads\/2023\/07\/logo_ED.jpg","contentUrl":"https:\/\/www.eldiario.net\/portal\/wp-content\/uploads\/2023\/07\/logo_ED.jpg","width":272,"height":52,"caption":"El Diario - Decano de la prensa nacional"},"image":{"@id":"https:\/\/www.eldiario.net\/portal\/#\/schema\/logo\/image\/"},"sameAs":["https:\/\/www.facebook.com\/eldiario.bolivia\/","https:\/\/x.com\/eldiario_net"]},{"@type":"Person","@id":"https:\/\/www.eldiario.net\/portal\/#\/schema\/person\/f46445640444750d7d753ccd04ae01b7","name":"Jeanette","image":{"@type":"ImageObject","inLanguage":"es","@id":"https:\/\/secure.gravatar.com\/avatar\/3ea2118a5f7dad2b7138b1187a6b7ee55f160b9968b66013c3a3ef39dd7e5798?s=96&d=mm&r=g","url":"https:\/\/secure.gravatar.com\/avatar\/3ea2118a5f7dad2b7138b1187a6b7ee55f160b9968b66013c3a3ef39dd7e5798?s=96&d=mm&r=g","contentUrl":"https:\/\/secure.gravatar.com\/avatar\/3ea2118a5f7dad2b7138b1187a6b7ee55f160b9968b66013c3a3ef39dd7e5798?s=96&d=mm&r=g","caption":"Jeanette"},"sameAs":["https:\/\/www.eldiario.net\/portal"],"url":"https:\/\/www.eldiario.net\/portal\/author\/jeanette\/"}]}},"_links":{"self":[{"href":"https:\/\/www.eldiario.net\/portal\/wp-json\/wp\/v2\/posts\/230095","targetHints":{"allow":["GET"]}}],"collection":[{"href":"https:\/\/www.eldiario.net\/portal\/wp-json\/wp\/v2\/posts"}],"about":[{"href":"https:\/\/www.eldiario.net\/portal\/wp-json\/wp\/v2\/types\/post"}],"author":[{"embeddable":true,"href":"https:\/\/www.eldiario.net\/portal\/wp-json\/wp\/v2\/users\/1"}],"replies":[{"embeddable":true,"href":"https:\/\/www.eldiario.net\/portal\/wp-json\/wp\/v2\/comments?post=230095"}],"version-history":[{"count":1,"href":"https:\/\/www.eldiario.net\/portal\/wp-json\/wp\/v2\/posts\/230095\/revisions"}],"predecessor-version":[{"id":230096,"href":"https:\/\/www.eldiario.net\/portal\/wp-json\/wp\/v2\/posts\/230095\/revisions\/230096"}],"wp:featuredmedia":[{"embeddable":true,"href":"https:\/\/www.eldiario.net\/portal\/wp-json\/wp\/v2\/media\/213112"}],"wp:attachment":[{"href":"https:\/\/www.eldiario.net\/portal\/wp-json\/wp\/v2\/media?parent=230095"}],"wp:term":[{"taxonomy":"category","embeddable":true,"href":"https:\/\/www.eldiario.net\/portal\/wp-json\/wp\/v2\/categories?post=230095"},{"taxonomy":"post_tag","embeddable":true,"href":"https:\/\/www.eldiario.net\/portal\/wp-json\/wp\/v2\/tags?post=230095"}],"curies":[{"name":"wp","href":"https:\/\/api.w.org\/{rel}","templated":true}]}}