{"id":230046,"date":"2024-06-27T06:02:55","date_gmt":"2024-06-27T10:02:55","guid":{"rendered":"https:\/\/www.eldiario.net\/portal\/?p=230046"},"modified":"2024-06-27T06:02:55","modified_gmt":"2024-06-27T10:02:55","slug":"mesa-y-quiroga-repudian-accion-militar-que-vulnera-democracia","status":"publish","type":"post","link":"https:\/\/www.eldiario.net\/portal\/2024\/06\/27\/mesa-y-quiroga-repudian-accion-militar-que-vulnera-democracia\/","title":{"rendered":"Mesa y Quiroga repudian acci\u00f3n  militar que vulnera democracia"},"content":{"rendered":"<p>A trav\u00e9s de sus redes sociales, los expresidentes Carlos Mesa Gisbert y Jorge Quiroga Ram\u00edrez, repudiaron las acciones militares que cercaron plaza Murillo y Palacio de Gobierno, asegurando que con estas movilizaciones se ha vulnerado la democracia, tratando de interrumpir un periodo constitucional vigente.<\/p>\n<p>Tras la toma f\u00edsica de Kil\u00f3metro Cero por parte de tropas militares en la Sede de Gobierno, ambos exmandatarios utilizaron las plataformas digitales para dirigirse a la poblaci\u00f3n en rechazo a lo que calificaron como una medida que vulnera la democracia.<\/p>\n<p>Mesa denunci\u00f3 que con la acci\u00f3n militar se trat\u00f3 de afectar e interrumpir el periodo constitucional vigente y poner fin a una gesti\u00f3n que debe culminar en noviembre de 2025.<\/p>\n<p>\u201cComo ex presidente y l\u00edder de Comunidad Ciudadana repudio esta acci\u00f3n militar que pretende vulnerar la democracia e interrumpir el periodo constitucional vigente. El mandato del actual gobierno debe concluir el 8 de noviembre de 2025. Cualquier intento como este no es otra cosa que un golpe de Estado. Comunidad Ciudadana se alinea con la defensa militante de la democracia\u201d, expres\u00f3.<\/p>\n<p>Por su parte, Quiroga lament\u00f3 que el primer mandatario de una nueva muestra de que el gobierno \u201cse le va de las manos\u201d, sin embargo, puntualiz\u00f3 que la actual administraci\u00f3n debe abandonar el poder por la v\u00eda democr\u00e1tica y no por \u201caprestos antidemocr\u00e1ticos\u201d dirigidos por militares.<\/p>\n<p>\u201cA Arce Bolivia se le va de las manos, con militares movilizados en Plaza Murillo. Repudiamos vehementemente estos aprestos anti-democr\u00e1ticos, los insurrectos deben ser procesados. A saqueadores corruptos de Arce y Evo los sacaremos pr\u00f3ximo a\u00f1o con votos, nunca con botas.\u201d<\/p>\n<p>Ayer tras la toma de Plaza Murillo y antes de ser relevado de su cargo como comandante del Ej\u00e9rcito, Juan Jos\u00e9 Z\u00fa\u00f1iga, declar\u00f3 que sus acciones van destinadas a restablecer la democracia en el pa\u00eds y en contra \u201cunos cuantos que se la han adue\u00f1ado\u201d, adem\u00e1s de pedir la liberaci\u00f3n de presos pol\u00edticos como Fernando Camacho, Jeanine A\u00f1ez y militares detenidos.<\/p>\n<p>\u201cUn pedido que hemos recibido y lo vamos a cumplir es la inmediata liberaci\u00f3n de todos los presos pol\u00edticos. No puede ser que personal subalternos est\u00e9n presos, por haber acatado una orden. Vamos a liberar a todos los presos pol\u00edticos, absolutamente, desde Camacho, desde A\u00f1ez los generales, los tenientes coroneles, los mayores, los capitanes que se encuentran presos\u201d, dijo.<\/p>\n<p>Pasadas las 17:00 horas, antes de posesionar a un nuevo alto mando militar, el presidente Arce hab\u00eda denunciado ante el pa\u00eds y el mundo, un intento de golpe de Estado e intereses para truncar la democracia, por lo que llam\u00f3 a la poblaci\u00f3n a movilizarse para evitar que \u201cintentonas golpistas\u201d se lleven vidas de bolivianos.<\/p>\n<p>Durante la posesi\u00f3n de los nuevos jefes militares, el Primer Mandatario repudi\u00f3 que se haya tratado de manchar el uniforme y atentar contra la Constituci\u00f3n, procediendo a tomar juramento a los generales Jos\u00e9 S\u00e1nchez Vel\u00e1squez como comandante del Ej\u00e9rcito; Gerardo Zabala \u00c1lvarez, en la Fuerza A\u00e9rea, y Ren\u00e1n Guardia Ram\u00edrez, en la Armada Boliviana.<\/p>\n<p>Una vez posesionado en el cargo, el flamante comandante del Ej\u00e9rcito, orden\u00f3 a los uniformados que tomaron plaza Murillo, replegarse a sus unidades, poniendo fin a tensas horas en Kil\u00f3metro Cero.<\/p>\n","protected":false},"excerpt":{"rendered":"<p>A trav\u00e9s de sus redes sociales, los expresidentes Carlos Mesa Gisbert y Jorge Quiroga Ram\u00edrez, repudiaron las acciones militares que cercaron plaza Murillo y Palacio de Gobierno, asegurando que con estas movilizaciones se ha vulnerado la democracia, tratando de interrumpir un periodo constitucional vigente. Tras la toma f\u00edsica de Kil\u00f3metro Cero por parte de tropas [&hellip;]<\/p>\n","protected":false},"author":1,"featured_media":230047,"comment_status":"open","ping_status":"open","sticky":false,"template":"","format":"standard","meta":{"_acf_changed":false,"footnotes":""},"categories":[14],"tags":[],"class_list":["post-230046","post","type-post","status-publish","format-standard","has-post-thumbnail","category-politica"],"acf":{"antetitulo":"Tras toma de plaza Murillo"},"yoast_head":"<!-- This site is optimized with the Yoast SEO plugin v28.4 - https:\/\/yoast.com\/product\/yoast-seo-wordpress\/ -->\n<title>Mesa y Quiroga repudian acci\u00f3n militar que vulnera democracia - El Diario - Bolivia<\/title>\n<meta name=\"robots\" content=\"index, follow, max-snippet:-1, max-image-preview:large, max-video-preview:-1\" \/>\n<link rel=\"canonical\" href=\"https:\/\/www.eldiario.net\/portal\/2024\/06\/27\/mesa-y-quiroga-repudian-accion-militar-que-vulnera-democracia\/\" \/>\n<meta property=\"og:locale\" content=\"es_ES\" \/>\n<meta property=\"og:type\" content=\"article\" \/>\n<meta property=\"og:title\" content=\"Mesa y Quiroga repudian acci\u00f3n militar que vulnera democracia - El Diario - Bolivia\" \/>\n<meta property=\"og:description\" content=\"A trav\u00e9s de sus redes sociales, los expresidentes Carlos Mesa Gisbert y Jorge Quiroga Ram\u00edrez, repudiaron las acciones militares que cercaron plaza Murillo y Palacio de Gobierno, asegurando que con estas movilizaciones se ha vulnerado la democracia, tratando de interrumpir un periodo constitucional vigente. Tras la toma f\u00edsica de Kil\u00f3metro Cero por parte de tropas [&hellip;]\" \/>\n<meta property=\"og:url\" content=\"https:\/\/www.eldiario.net\/portal\/2024\/06\/27\/mesa-y-quiroga-repudian-accion-militar-que-vulnera-democracia\/\" \/>\n<meta property=\"og:site_name\" content=\"El Diario - Bolivia\" \/>\n<meta property=\"article:publisher\" content=\"https:\/\/www.facebook.com\/eldiario.bolivia\/\" \/>\n<meta property=\"article:published_time\" content=\"2024-06-27T10:02:55+00:00\" \/>\n<meta property=\"og:image\" content=\"https:\/\/www.eldiario.net\/portal\/wp-content\/uploads\/2024\/06\/REPUDIAN-FOTO.jpg\" \/>\n\t<meta property=\"og:image:width\" content=\"700\" \/>\n\t<meta property=\"og:image:height\" content=\"450\" \/>\n\t<meta property=\"og:image:type\" content=\"image\/jpeg\" \/>\n<meta name=\"author\" content=\"Jeanette\" \/>\n<meta name=\"twitter:card\" content=\"summary_large_image\" \/>\n<meta name=\"twitter:creator\" content=\"@eldiario_net\" \/>\n<meta name=\"twitter:site\" content=\"@eldiario_net\" \/>\n<meta name=\"twitter:label1\" content=\"Escrito por\" \/>\n\t<meta name=\"twitter:data1\" content=\"Jeanette\" \/>\n\t<meta name=\"twitter:label2\" content=\"Tiempo de lectura\" \/>\n\t<meta name=\"twitter:data2\" content=\"3 minutos\" \/>\n<script type=\"application\/ld+json\" class=\"yoast-schema-graph\">{\"@context\":\"https:\\\/\\\/schema.org\",\"@graph\":[{\"@type\":\"Article\",\"@id\":\"https:\\\/\\\/www.eldiario.net\\\/portal\\\/2024\\\/06\\\/27\\\/mesa-y-quiroga-repudian-accion-militar-que-vulnera-democracia\\\/#article\",\"isPartOf\":{\"@id\":\"https:\\\/\\\/www.eldiario.net\\\/portal\\\/2024\\\/06\\\/27\\\/mesa-y-quiroga-repudian-accion-militar-que-vulnera-democracia\\\/\"},\"author\":{\"name\":\"Jeanette\",\"@id\":\"https:\\\/\\\/www.eldiario.net\\\/portal\\\/#\\\/schema\\\/person\\\/2c57cf2b7a7ae032e449e4c9b1019eac\"},\"headline\":\"Mesa y Quiroga repudian acci\u00f3n militar que vulnera democracia\",\"datePublished\":\"2024-06-27T10:02:55+00:00\",\"mainEntityOfPage\":{\"@id\":\"https:\\\/\\\/www.eldiario.net\\\/portal\\\/2024\\\/06\\\/27\\\/mesa-y-quiroga-repudian-accion-militar-que-vulnera-democracia\\\/\"},\"wordCount\":571,\"commentCount\":0,\"publisher\":{\"@id\":\"https:\\\/\\\/www.eldiario.net\\\/portal\\\/#organization\"},\"image\":{\"@id\":\"https:\\\/\\\/www.eldiario.net\\\/portal\\\/2024\\\/06\\\/27\\\/mesa-y-quiroga-repudian-accion-militar-que-vulnera-democracia\\\/#primaryimage\"},\"thumbnailUrl\":\"https:\\\/\\\/www.eldiario.net\\\/portal\\\/wp-content\\\/uploads\\\/2024\\\/06\\\/REPUDIAN-FOTO.jpg\",\"articleSection\":[\"Pol\u00edtica\"],\"inLanguage\":\"es\",\"potentialAction\":[{\"@type\":\"CommentAction\",\"name\":\"Comment\",\"target\":[\"https:\\\/\\\/www.eldiario.net\\\/portal\\\/2024\\\/06\\\/27\\\/mesa-y-quiroga-repudian-accion-militar-que-vulnera-democracia\\\/#respond\"]}]},{\"@type\":\"WebPage\",\"@id\":\"https:\\\/\\\/www.eldiario.net\\\/portal\\\/2024\\\/06\\\/27\\\/mesa-y-quiroga-repudian-accion-militar-que-vulnera-democracia\\\/\",\"url\":\"https:\\\/\\\/www.eldiario.net\\\/portal\\\/2024\\\/06\\\/27\\\/mesa-y-quiroga-repudian-accion-militar-que-vulnera-democracia\\\/\",\"name\":\"Mesa y Quiroga repudian acci\u00f3n militar que vulnera democracia - El Diario - Bolivia\",\"isPartOf\":{\"@id\":\"https:\\\/\\\/www.eldiario.net\\\/portal\\\/#website\"},\"primaryImageOfPage\":{\"@id\":\"https:\\\/\\\/www.eldiario.net\\\/portal\\\/2024\\\/06\\\/27\\\/mesa-y-quiroga-repudian-accion-militar-que-vulnera-democracia\\\/#primaryimage\"},\"image\":{\"@id\":\"https:\\\/\\\/www.eldiario.net\\\/portal\\\/2024\\\/06\\\/27\\\/mesa-y-quiroga-repudian-accion-militar-que-vulnera-democracia\\\/#primaryimage\"},\"thumbnailUrl\":\"https:\\\/\\\/www.eldiario.net\\\/portal\\\/wp-content\\\/uploads\\\/2024\\\/06\\\/REPUDIAN-FOTO.jpg\",\"datePublished\":\"2024-06-27T10:02:55+00:00\",\"breadcrumb\":{\"@id\":\"https:\\\/\\\/www.eldiario.net\\\/portal\\\/2024\\\/06\\\/27\\\/mesa-y-quiroga-repudian-accion-militar-que-vulnera-democracia\\\/#breadcrumb\"},\"inLanguage\":\"es\",\"potentialAction\":[{\"@type\":\"ReadAction\",\"target\":[\"https:\\\/\\\/www.eldiario.net\\\/portal\\\/2024\\\/06\\\/27\\\/mesa-y-quiroga-repudian-accion-militar-que-vulnera-democracia\\\/\"]}]},{\"@type\":\"ImageObject\",\"inLanguage\":\"es\",\"@id\":\"https:\\\/\\\/www.eldiario.net\\\/portal\\\/2024\\\/06\\\/27\\\/mesa-y-quiroga-repudian-accion-militar-que-vulnera-democracia\\\/#primaryimage\",\"url\":\"https:\\\/\\\/www.eldiario.net\\\/portal\\\/wp-content\\\/uploads\\\/2024\\\/06\\\/REPUDIAN-FOTO.jpg\",\"contentUrl\":\"https:\\\/\\\/www.eldiario.net\\\/portal\\\/wp-content\\\/uploads\\\/2024\\\/06\\\/REPUDIAN-FOTO.jpg\",\"width\":700,\"height\":450,\"caption\":\"Expresidentes Carlos Mesa y Jorge Quiroga CREDITOS \\\/ RRSS\"},{\"@type\":\"BreadcrumbList\",\"@id\":\"https:\\\/\\\/www.eldiario.net\\\/portal\\\/2024\\\/06\\\/27\\\/mesa-y-quiroga-repudian-accion-militar-que-vulnera-democracia\\\/#breadcrumb\",\"itemListElement\":[{\"@type\":\"ListItem\",\"position\":1,\"name\":\"Portada\",\"item\":\"https:\\\/\\\/www.eldiario.net\\\/portal\\\/\"},{\"@type\":\"ListItem\",\"position\":2,\"name\":\"Mesa y Quiroga repudian acci\u00f3n militar que vulnera democracia\"}]},{\"@type\":\"WebSite\",\"@id\":\"https:\\\/\\\/www.eldiario.net\\\/portal\\\/#website\",\"url\":\"https:\\\/\\\/www.eldiario.net\\\/portal\\\/\",\"name\":\"El Diario - Decano de la prensa nacional\",\"description\":\"El Diario - Decano de la prensa nacional\",\"publisher\":{\"@id\":\"https:\\\/\\\/www.eldiario.net\\\/portal\\\/#organization\"},\"potentialAction\":[{\"@type\":\"SearchAction\",\"target\":{\"@type\":\"EntryPoint\",\"urlTemplate\":\"https:\\\/\\\/www.eldiario.net\\\/portal\\\/?s={search_term_string}\"},\"query-input\":{\"@type\":\"PropertyValueSpecification\",\"valueRequired\":true,\"valueName\":\"search_term_string\"}}],\"inLanguage\":\"es\"},{\"@type\":\"Organization\",\"@id\":\"https:\\\/\\\/www.eldiario.net\\\/portal\\\/#organization\",\"name\":\"El Diario - Decano de la prensa nacional\",\"url\":\"https:\\\/\\\/www.eldiario.net\\\/portal\\\/\",\"logo\":{\"@type\":\"ImageObject\",\"inLanguage\":\"es\",\"@id\":\"https:\\\/\\\/www.eldiario.net\\\/portal\\\/#\\\/schema\\\/logo\\\/image\\\/\",\"url\":\"https:\\\/\\\/www.eldiario.net\\\/portal\\\/wp-content\\\/uploads\\\/2023\\\/07\\\/logo_ED.jpg\",\"contentUrl\":\"https:\\\/\\\/www.eldiario.net\\\/portal\\\/wp-content\\\/uploads\\\/2023\\\/07\\\/logo_ED.jpg\",\"width\":272,\"height\":52,\"caption\":\"El Diario - Decano de la prensa nacional\"},\"image\":{\"@id\":\"https:\\\/\\\/www.eldiario.net\\\/portal\\\/#\\\/schema\\\/logo\\\/image\\\/\"},\"sameAs\":[\"https:\\\/\\\/www.facebook.com\\\/eldiario.bolivia\\\/\",\"https:\\\/\\\/x.com\\\/eldiario_net\"]},{\"@type\":\"Person\",\"@id\":\"https:\\\/\\\/www.eldiario.net\\\/portal\\\/#\\\/schema\\\/person\\\/2c57cf2b7a7ae032e449e4c9b1019eac\",\"name\":\"Jeanette\",\"image\":{\"@type\":\"ImageObject\",\"inLanguage\":\"es\",\"@id\":\"https:\\\/\\\/secure.gravatar.com\\\/avatar\\\/3ea2118a5f7dad2b7138b1187a6b7ee55f160b9968b66013c3a3ef39dd7e5798?s=96&d=mm&r=g\",\"url\":\"https:\\\/\\\/secure.gravatar.com\\\/avatar\\\/3ea2118a5f7dad2b7138b1187a6b7ee55f160b9968b66013c3a3ef39dd7e5798?s=96&d=mm&r=g\",\"contentUrl\":\"https:\\\/\\\/secure.gravatar.com\\\/avatar\\\/3ea2118a5f7dad2b7138b1187a6b7ee55f160b9968b66013c3a3ef39dd7e5798?s=96&d=mm&r=g\",\"caption\":\"Jeanette\"},\"sameAs\":[\"https:\\\/\\\/www.eldiario.net\\\/portal\"],\"url\":\"https:\\\/\\\/www.eldiario.net\\\/portal\\\/author\\\/jeanette\\\/\"}]}<\/script>\n<!-- \/ Yoast SEO plugin. -->","yoast_head_json":{"title":"Mesa y Quiroga repudian acci\u00f3n militar que vulnera democracia - El Diario - Bolivia","robots":{"index":"index","follow":"follow","max-snippet":"max-snippet:-1","max-image-preview":"max-image-preview:large","max-video-preview":"max-video-preview:-1"},"canonical":"https:\/\/www.eldiario.net\/portal\/2024\/06\/27\/mesa-y-quiroga-repudian-accion-militar-que-vulnera-democracia\/","og_locale":"es_ES","og_type":"article","og_title":"Mesa y Quiroga repudian acci\u00f3n militar que vulnera democracia - El Diario - Bolivia","og_description":"A trav\u00e9s de sus redes sociales, los expresidentes Carlos Mesa Gisbert y Jorge Quiroga Ram\u00edrez, repudiaron las acciones militares que cercaron plaza Murillo y Palacio de Gobierno, asegurando que con estas movilizaciones se ha vulnerado la democracia, tratando de interrumpir un periodo constitucional vigente. Tras la toma f\u00edsica de Kil\u00f3metro Cero por parte de tropas [&hellip;]","og_url":"https:\/\/www.eldiario.net\/portal\/2024\/06\/27\/mesa-y-quiroga-repudian-accion-militar-que-vulnera-democracia\/","og_site_name":"El Diario - Bolivia","article_publisher":"https:\/\/www.facebook.com\/eldiario.bolivia\/","article_published_time":"2024-06-27T10:02:55+00:00","og_image":[{"width":700,"height":450,"url":"https:\/\/www.eldiario.net\/portal\/wp-content\/uploads\/2024\/06\/REPUDIAN-FOTO.jpg","type":"image\/jpeg"}],"author":"Jeanette","twitter_card":"summary_large_image","twitter_creator":"@eldiario_net","twitter_site":"@eldiario_net","twitter_misc":{"Escrito por":"Jeanette","Tiempo de lectura":"3 minutos"},"schema":{"@context":"https:\/\/schema.org","@graph":[{"@type":"Article","@id":"https:\/\/www.eldiario.net\/portal\/2024\/06\/27\/mesa-y-quiroga-repudian-accion-militar-que-vulnera-democracia\/#article","isPartOf":{"@id":"https:\/\/www.eldiario.net\/portal\/2024\/06\/27\/mesa-y-quiroga-repudian-accion-militar-que-vulnera-democracia\/"},"author":{"name":"Jeanette","@id":"https:\/\/www.eldiario.net\/portal\/#\/schema\/person\/2c57cf2b7a7ae032e449e4c9b1019eac"},"headline":"Mesa y Quiroga repudian acci\u00f3n militar que vulnera democracia","datePublished":"2024-06-27T10:02:55+00:00","mainEntityOfPage":{"@id":"https:\/\/www.eldiario.net\/portal\/2024\/06\/27\/mesa-y-quiroga-repudian-accion-militar-que-vulnera-democracia\/"},"wordCount":571,"commentCount":0,"publisher":{"@id":"https:\/\/www.eldiario.net\/portal\/#organization"},"image":{"@id":"https:\/\/www.eldiario.net\/portal\/2024\/06\/27\/mesa-y-quiroga-repudian-accion-militar-que-vulnera-democracia\/#primaryimage"},"thumbnailUrl":"https:\/\/www.eldiario.net\/portal\/wp-content\/uploads\/2024\/06\/REPUDIAN-FOTO.jpg","articleSection":["Pol\u00edtica"],"inLanguage":"es","potentialAction":[{"@type":"CommentAction","name":"Comment","target":["https:\/\/www.eldiario.net\/portal\/2024\/06\/27\/mesa-y-quiroga-repudian-accion-militar-que-vulnera-democracia\/#respond"]}]},{"@type":"WebPage","@id":"https:\/\/www.eldiario.net\/portal\/2024\/06\/27\/mesa-y-quiroga-repudian-accion-militar-que-vulnera-democracia\/","url":"https:\/\/www.eldiario.net\/portal\/2024\/06\/27\/mesa-y-quiroga-repudian-accion-militar-que-vulnera-democracia\/","name":"Mesa y Quiroga repudian acci\u00f3n militar que vulnera democracia - El Diario - Bolivia","isPartOf":{"@id":"https:\/\/www.eldiario.net\/portal\/#website"},"primaryImageOfPage":{"@id":"https:\/\/www.eldiario.net\/portal\/2024\/06\/27\/mesa-y-quiroga-repudian-accion-militar-que-vulnera-democracia\/#primaryimage"},"image":{"@id":"https:\/\/www.eldiario.net\/portal\/2024\/06\/27\/mesa-y-quiroga-repudian-accion-militar-que-vulnera-democracia\/#primaryimage"},"thumbnailUrl":"https:\/\/www.eldiario.net\/portal\/wp-content\/uploads\/2024\/06\/REPUDIAN-FOTO.jpg","datePublished":"2024-06-27T10:02:55+00:00","breadcrumb":{"@id":"https:\/\/www.eldiario.net\/portal\/2024\/06\/27\/mesa-y-quiroga-repudian-accion-militar-que-vulnera-democracia\/#breadcrumb"},"inLanguage":"es","potentialAction":[{"@type":"ReadAction","target":["https:\/\/www.eldiario.net\/portal\/2024\/06\/27\/mesa-y-quiroga-repudian-accion-militar-que-vulnera-democracia\/"]}]},{"@type":"ImageObject","inLanguage":"es","@id":"https:\/\/www.eldiario.net\/portal\/2024\/06\/27\/mesa-y-quiroga-repudian-accion-militar-que-vulnera-democracia\/#primaryimage","url":"https:\/\/www.eldiario.net\/portal\/wp-content\/uploads\/2024\/06\/REPUDIAN-FOTO.jpg","contentUrl":"https:\/\/www.eldiario.net\/portal\/wp-content\/uploads\/2024\/06\/REPUDIAN-FOTO.jpg","width":700,"height":450,"caption":"Expresidentes Carlos Mesa y Jorge Quiroga CREDITOS \/ RRSS"},{"@type":"BreadcrumbList","@id":"https:\/\/www.eldiario.net\/portal\/2024\/06\/27\/mesa-y-quiroga-repudian-accion-militar-que-vulnera-democracia\/#breadcrumb","itemListElement":[{"@type":"ListItem","position":1,"name":"Portada","item":"https:\/\/www.eldiario.net\/portal\/"},{"@type":"ListItem","position":2,"name":"Mesa y Quiroga repudian acci\u00f3n militar que vulnera democracia"}]},{"@type":"WebSite","@id":"https:\/\/www.eldiario.net\/portal\/#website","url":"https:\/\/www.eldiario.net\/portal\/","name":"El Diario - Decano de la prensa nacional","description":"El Diario - Decano de la prensa nacional","publisher":{"@id":"https:\/\/www.eldiario.net\/portal\/#organization"},"potentialAction":[{"@type":"SearchAction","target":{"@type":"EntryPoint","urlTemplate":"https:\/\/www.eldiario.net\/portal\/?s={search_term_string}"},"query-input":{"@type":"PropertyValueSpecification","valueRequired":true,"valueName":"search_term_string"}}],"inLanguage":"es"},{"@type":"Organization","@id":"https:\/\/www.eldiario.net\/portal\/#organization","name":"El Diario - Decano de la prensa nacional","url":"https:\/\/www.eldiario.net\/portal\/","logo":{"@type":"ImageObject","inLanguage":"es","@id":"https:\/\/www.eldiario.net\/portal\/#\/schema\/logo\/image\/","url":"https:\/\/www.eldiario.net\/portal\/wp-content\/uploads\/2023\/07\/logo_ED.jpg","contentUrl":"https:\/\/www.eldiario.net\/portal\/wp-content\/uploads\/2023\/07\/logo_ED.jpg","width":272,"height":52,"caption":"El Diario - Decano de la prensa nacional"},"image":{"@id":"https:\/\/www.eldiario.net\/portal\/#\/schema\/logo\/image\/"},"sameAs":["https:\/\/www.facebook.com\/eldiario.bolivia\/","https:\/\/x.com\/eldiario_net"]},{"@type":"Person","@id":"https:\/\/www.eldiario.net\/portal\/#\/schema\/person\/2c57cf2b7a7ae032e449e4c9b1019eac","name":"Jeanette","image":{"@type":"ImageObject","inLanguage":"es","@id":"https:\/\/secure.gravatar.com\/avatar\/3ea2118a5f7dad2b7138b1187a6b7ee55f160b9968b66013c3a3ef39dd7e5798?s=96&d=mm&r=g","url":"https:\/\/secure.gravatar.com\/avatar\/3ea2118a5f7dad2b7138b1187a6b7ee55f160b9968b66013c3a3ef39dd7e5798?s=96&d=mm&r=g","contentUrl":"https:\/\/secure.gravatar.com\/avatar\/3ea2118a5f7dad2b7138b1187a6b7ee55f160b9968b66013c3a3ef39dd7e5798?s=96&d=mm&r=g","caption":"Jeanette"},"sameAs":["https:\/\/www.eldiario.net\/portal"],"url":"https:\/\/www.eldiario.net\/portal\/author\/jeanette\/"}]}},"_links":{"self":[{"href":"https:\/\/www.eldiario.net\/portal\/wp-json\/wp\/v2\/posts\/230046","targetHints":{"allow":["GET"]}}],"collection":[{"href":"https:\/\/www.eldiario.net\/portal\/wp-json\/wp\/v2\/posts"}],"about":[{"href":"https:\/\/www.eldiario.net\/portal\/wp-json\/wp\/v2\/types\/post"}],"author":[{"embeddable":true,"href":"https:\/\/www.eldiario.net\/portal\/wp-json\/wp\/v2\/users\/1"}],"replies":[{"embeddable":true,"href":"https:\/\/www.eldiario.net\/portal\/wp-json\/wp\/v2\/comments?post=230046"}],"version-history":[{"count":1,"href":"https:\/\/www.eldiario.net\/portal\/wp-json\/wp\/v2\/posts\/230046\/revisions"}],"predecessor-version":[{"id":230048,"href":"https:\/\/www.eldiario.net\/portal\/wp-json\/wp\/v2\/posts\/230046\/revisions\/230048"}],"wp:featuredmedia":[{"embeddable":true,"href":"https:\/\/www.eldiario.net\/portal\/wp-json\/wp\/v2\/media\/230047"}],"wp:attachment":[{"href":"https:\/\/www.eldiario.net\/portal\/wp-json\/wp\/v2\/media?parent=230046"}],"wp:term":[{"taxonomy":"category","embeddable":true,"href":"https:\/\/www.eldiario.net\/portal\/wp-json\/wp\/v2\/categories?post=230046"},{"taxonomy":"post_tag","embeddable":true,"href":"https:\/\/www.eldiario.net\/portal\/wp-json\/wp\/v2\/tags?post=230046"}],"curies":[{"name":"wp","href":"https:\/\/api.w.org\/{rel}","templated":true}]}}