{"id":229996,"date":"2024-06-27T05:44:07","date_gmt":"2024-06-27T09:44:07","guid":{"rendered":"https:\/\/www.eldiario.net\/portal\/?p=229996"},"modified":"2024-06-27T05:44:07","modified_gmt":"2024-06-27T09:44:07","slug":"show-politico-causo-grave-dano-a-la-economia-de-la-poblacion","status":"publish","type":"post","link":"https:\/\/www.eldiario.net\/portal\/2024\/06\/27\/show-politico-causo-grave-dano-a-la-economia-de-la-poblacion\/","title":{"rendered":"Show pol\u00edtico caus\u00f3 grave da\u00f1o a la econom\u00eda de la poblaci\u00f3n"},"content":{"rendered":"<p>La sociedad boliviana vivi\u00f3 durante la jornada de ayer, por casi tres horas, un ambiente de incertidumbre y zozobra como consecuencia de una ocupaci\u00f3n inusual de militares en la Plaza Murillo, encabezado por el general Juan Jos\u00e9 Z\u00fa\u00f1iga. Este hecho que fue calificado por analistas como un show pol\u00edtico armado para salvar la popularidad del presidente Luis Arce caus\u00f3 un grave da\u00f1o al bolsillo de la poblaci\u00f3n.<\/p>\n<p>Frente a los hechos suscitados en el kil\u00f3metro cero del pa\u00eds, la zozobra cundi\u00f3 entre los habitantes, los que acudieron masivamente en medio de la desesperaci\u00f3n a los mercados, supermercados, centros de abasto, tiendas y agencias de proveedores de alimentos de Emapa.<\/p>\n<p>En el transcurso de tres horas se registraron largas filas de ciudadanos en los puntos de acopio en su af\u00e1n de abastecerse de alimentos de la canasta b\u00e1sica y la especulaci\u00f3n, agio e incremento de precios no se dejaron esperar, los maples de huevo incrementaron su precio de Bs 30 hasta Bs 100 en algunos lugares sin control, el pollo lleg\u00f3 a costar m\u00e1s de Bs 50, hasta Bs 70, el mismo efecto registraron los otros productos entre Bs 5 a Bs 10.<\/p>\n<p>Asimismo, en las instituciones bancarias, los cajeros autom\u00e1ticos formaron largas columnas de clientes para retirar algunos ahorros con la finalidad de adquirir los productos de primera necesidad. En otros sectores, producto de estos hechos, se registraron hasta accidentes de tr\u00e1nsito.<\/p>\n<p>&nbsp;<\/p>\n<p>TEATRO ARMADO<\/p>\n<p>El abogado Jorge Valda calific\u00f3 este suceso como un show de marketing pol\u00edtico todo con la finalidad de subir la popularidad del presidente Luis Arce que representa un costo alto y sin pensar en la econom\u00eda de la poblaci\u00f3n y efectos negativos para la imagen del Estado en el \u00e1mbito internacional, es decir, Bolivia pierde credibilidad.<\/p>\n<p>Por otro lado, el periodista Carlos Valverde, en contacto con Unitel, identific\u00f3 tres hechos que llaman la atenci\u00f3n sobre el accionar del ahora excomandante del Ejercito de Bolivia, Juan Jos\u00e9 Z\u00fa\u00f1iga, cuando los militares tomaron la plaza Murillo y sus alrededores.<\/p>\n<p>El primero fue cuando el militar no fue encontrado en la ciudad de La Paz. \u201cSali\u00f3 en un tanque militar y no lo encuentran. Un tipo que sale en un tanque militar no debe ser tan com\u00fan\u201d, se\u00f1al\u00f3.<\/p>\n<p>\u201cEl comandante del Ej\u00e9rcito le pide al general Z\u00fa\u00f1iga que por favor se retire, en vez de detenerlo, darle de baja y meterlo preso\u201d, dijo en referencia al segundo punto que le llam\u00f3 la atenci\u00f3n.<\/p>\n<p>El tercero es cuando Z\u00fa\u00f1iga \u201cse encuentra con el golpeado, te\u00f3ricamente Arce, y resulta que Arce le dice \u2018\u00bfme vas a hacer caso?\u2019, y \u00e9l le dice: \u2018no te voy a hacer caso\u2019. Y le dejan irse\u201d.<\/p>\n<p>Por otro lado, segundos antes de ser aprehendido, el general Juan Jos\u00e9 Z\u00fa\u00f1iga se\u00f1al\u00f3 que tuvo una conversaci\u00f3n con el presidente Luis Arce en d\u00edas recientes, en la que supuestamente le dijo que su popularidad estaba baja y por ello era necesario hacer algo.<\/p>\n<p>\u201cEl presidente me dijo que la situaci\u00f3n estaba jodida y necesitaba algo para levantar su popularidad\u201d, se\u00f1al\u00f3 Z\u00fa\u00f1iga, antes de ser aprehendido, apuntando al mandatario por los hechos sucedidos ayer.<\/p>\n<p>Por otro lado, el presidente Luis Arce, desde el balc\u00f3n del viejo Palacio Quemado, dijo que pueblo movilizado ha hecho posible retroceder a esta intentona golpista\u201d, afirm\u00f3 ante sectores afines concentrados en plaza Murillo ni bien la abandonaron los militares armados y en tanquetas blindadas.<\/p>\n<figure id=\"attachment_229998\" aria-describedby=\"caption-attachment-229998\" style=\"width: 480px\" class=\"wp-caption alignleft\"><img loading=\"lazy\" decoding=\"async\" class=\"size-full wp-image-229998\" src=\"https:\/\/www.eldiario.net\/portal\/wp-content\/uploads\/2024\/06\/ATOGOLPE-FOTO-2.jpg\" alt=\"\" width=\"480\" height=\"360\" srcset=\"https:\/\/www.eldiario.net\/portal\/wp-content\/uploads\/2024\/06\/ATOGOLPE-FOTO-2.jpg 480w, https:\/\/www.eldiario.net\/portal\/wp-content\/uploads\/2024\/06\/ATOGOLPE-FOTO-2-300x225.jpg 300w, https:\/\/www.eldiario.net\/portal\/wp-content\/uploads\/2024\/06\/ATOGOLPE-FOTO-2-80x60.jpg 80w\" sizes=\"auto, (max-width: 480px) 100vw, 480px\" \/><figcaption id=\"caption-attachment-229998\" class=\"wp-caption-text\">LARGAS FILAS SE FORMARON EN CAJEROS, SUPERMERCADOS Y MERCADOS.<br \/>FOTOS: EL DIARIO<\/figcaption><\/figure>\n","protected":false},"excerpt":{"rendered":"<p>La sociedad boliviana vivi\u00f3 durante la jornada de ayer, por casi tres horas, un ambiente de incertidumbre y zozobra como consecuencia de una ocupaci\u00f3n inusual de militares en la Plaza Murillo, encabezado por el general Juan Jos\u00e9 Z\u00fa\u00f1iga. Este hecho que fue calificado por analistas como un show pol\u00edtico armado para salvar la popularidad del [&hellip;]<\/p>\n","protected":false},"author":1,"featured_media":229997,"comment_status":"open","ping_status":"open","sticky":false,"template":"","format":"standard","meta":{"_acf_changed":false,"footnotes":""},"categories":[15],"tags":[],"class_list":["post-229996","post","type-post","status-publish","format-standard","has-post-thumbnail","category-portada"],"acf":{"antetitulo":"\u00bfIntento de golpe o autogolpe?"},"yoast_head":"<!-- This site is optimized with the Yoast SEO plugin v28.4 - https:\/\/yoast.com\/product\/yoast-seo-wordpress\/ -->\n<title>Show pol\u00edtico caus\u00f3 grave da\u00f1o a la econom\u00eda de la poblaci\u00f3n - El Diario - Bolivia<\/title>\n<meta name=\"robots\" content=\"index, follow, max-snippet:-1, max-image-preview:large, max-video-preview:-1\" \/>\n<link rel=\"canonical\" href=\"https:\/\/www.eldiario.net\/portal\/2024\/06\/27\/show-politico-causo-grave-dano-a-la-economia-de-la-poblacion\/\" \/>\n<meta property=\"og:locale\" content=\"es_ES\" \/>\n<meta property=\"og:type\" content=\"article\" \/>\n<meta property=\"og:title\" content=\"Show pol\u00edtico caus\u00f3 grave da\u00f1o a la econom\u00eda de la poblaci\u00f3n - El Diario - Bolivia\" \/>\n<meta property=\"og:description\" content=\"La sociedad boliviana vivi\u00f3 durante la jornada de ayer, por casi tres horas, un ambiente de incertidumbre y zozobra como consecuencia de una ocupaci\u00f3n inusual de militares en la Plaza Murillo, encabezado por el general Juan Jos\u00e9 Z\u00fa\u00f1iga. Este hecho que fue calificado por analistas como un show pol\u00edtico armado para salvar la popularidad del [&hellip;]\" \/>\n<meta property=\"og:url\" content=\"https:\/\/www.eldiario.net\/portal\/2024\/06\/27\/show-politico-causo-grave-dano-a-la-economia-de-la-poblacion\/\" \/>\n<meta property=\"og:site_name\" content=\"El Diario - Bolivia\" \/>\n<meta property=\"article:publisher\" content=\"https:\/\/www.facebook.com\/eldiario.bolivia\/\" \/>\n<meta property=\"article:published_time\" content=\"2024-06-27T09:44:07+00:00\" \/>\n<meta property=\"og:image\" content=\"https:\/\/www.eldiario.net\/portal\/wp-content\/uploads\/2024\/06\/ATOGOLPE-FOTO.jpg\" \/>\n\t<meta property=\"og:image:width\" content=\"480\" \/>\n\t<meta property=\"og:image:height\" content=\"360\" \/>\n\t<meta property=\"og:image:type\" content=\"image\/jpeg\" \/>\n<meta name=\"author\" content=\"Jeanette\" \/>\n<meta name=\"twitter:card\" content=\"summary_large_image\" \/>\n<meta name=\"twitter:creator\" content=\"@eldiario_net\" \/>\n<meta name=\"twitter:site\" content=\"@eldiario_net\" \/>\n<meta name=\"twitter:label1\" content=\"Escrito por\" \/>\n\t<meta name=\"twitter:data1\" content=\"Jeanette\" \/>\n\t<meta name=\"twitter:label2\" content=\"Tiempo de lectura\" \/>\n\t<meta name=\"twitter:data2\" content=\"4 minutos\" \/>\n<script type=\"application\/ld+json\" class=\"yoast-schema-graph\">{\"@context\":\"https:\\\/\\\/schema.org\",\"@graph\":[{\"@type\":\"Article\",\"@id\":\"https:\\\/\\\/www.eldiario.net\\\/portal\\\/2024\\\/06\\\/27\\\/show-politico-causo-grave-dano-a-la-economia-de-la-poblacion\\\/#article\",\"isPartOf\":{\"@id\":\"https:\\\/\\\/www.eldiario.net\\\/portal\\\/2024\\\/06\\\/27\\\/show-politico-causo-grave-dano-a-la-economia-de-la-poblacion\\\/\"},\"author\":{\"name\":\"Jeanette\",\"@id\":\"https:\\\/\\\/www.eldiario.net\\\/portal\\\/#\\\/schema\\\/person\\\/2c57cf2b7a7ae032e449e4c9b1019eac\"},\"headline\":\"Show pol\u00edtico caus\u00f3 grave da\u00f1o a la econom\u00eda de la poblaci\u00f3n\",\"datePublished\":\"2024-06-27T09:44:07+00:00\",\"mainEntityOfPage\":{\"@id\":\"https:\\\/\\\/www.eldiario.net\\\/portal\\\/2024\\\/06\\\/27\\\/show-politico-causo-grave-dano-a-la-economia-de-la-poblacion\\\/\"},\"wordCount\":623,\"commentCount\":0,\"publisher\":{\"@id\":\"https:\\\/\\\/www.eldiario.net\\\/portal\\\/#organization\"},\"image\":{\"@id\":\"https:\\\/\\\/www.eldiario.net\\\/portal\\\/2024\\\/06\\\/27\\\/show-politico-causo-grave-dano-a-la-economia-de-la-poblacion\\\/#primaryimage\"},\"thumbnailUrl\":\"https:\\\/\\\/www.eldiario.net\\\/portal\\\/wp-content\\\/uploads\\\/2024\\\/06\\\/ATOGOLPE-FOTO.jpg\",\"articleSection\":[\"Portada\"],\"inLanguage\":\"es\",\"potentialAction\":[{\"@type\":\"CommentAction\",\"name\":\"Comment\",\"target\":[\"https:\\\/\\\/www.eldiario.net\\\/portal\\\/2024\\\/06\\\/27\\\/show-politico-causo-grave-dano-a-la-economia-de-la-poblacion\\\/#respond\"]}]},{\"@type\":\"WebPage\",\"@id\":\"https:\\\/\\\/www.eldiario.net\\\/portal\\\/2024\\\/06\\\/27\\\/show-politico-causo-grave-dano-a-la-economia-de-la-poblacion\\\/\",\"url\":\"https:\\\/\\\/www.eldiario.net\\\/portal\\\/2024\\\/06\\\/27\\\/show-politico-causo-grave-dano-a-la-economia-de-la-poblacion\\\/\",\"name\":\"Show pol\u00edtico caus\u00f3 grave da\u00f1o a la econom\u00eda de la poblaci\u00f3n - El Diario - Bolivia\",\"isPartOf\":{\"@id\":\"https:\\\/\\\/www.eldiario.net\\\/portal\\\/#website\"},\"primaryImageOfPage\":{\"@id\":\"https:\\\/\\\/www.eldiario.net\\\/portal\\\/2024\\\/06\\\/27\\\/show-politico-causo-grave-dano-a-la-economia-de-la-poblacion\\\/#primaryimage\"},\"image\":{\"@id\":\"https:\\\/\\\/www.eldiario.net\\\/portal\\\/2024\\\/06\\\/27\\\/show-politico-causo-grave-dano-a-la-economia-de-la-poblacion\\\/#primaryimage\"},\"thumbnailUrl\":\"https:\\\/\\\/www.eldiario.net\\\/portal\\\/wp-content\\\/uploads\\\/2024\\\/06\\\/ATOGOLPE-FOTO.jpg\",\"datePublished\":\"2024-06-27T09:44:07+00:00\",\"breadcrumb\":{\"@id\":\"https:\\\/\\\/www.eldiario.net\\\/portal\\\/2024\\\/06\\\/27\\\/show-politico-causo-grave-dano-a-la-economia-de-la-poblacion\\\/#breadcrumb\"},\"inLanguage\":\"es\",\"potentialAction\":[{\"@type\":\"ReadAction\",\"target\":[\"https:\\\/\\\/www.eldiario.net\\\/portal\\\/2024\\\/06\\\/27\\\/show-politico-causo-grave-dano-a-la-economia-de-la-poblacion\\\/\"]}]},{\"@type\":\"ImageObject\",\"inLanguage\":\"es\",\"@id\":\"https:\\\/\\\/www.eldiario.net\\\/portal\\\/2024\\\/06\\\/27\\\/show-politico-causo-grave-dano-a-la-economia-de-la-poblacion\\\/#primaryimage\",\"url\":\"https:\\\/\\\/www.eldiario.net\\\/portal\\\/wp-content\\\/uploads\\\/2024\\\/06\\\/ATOGOLPE-FOTO.jpg\",\"contentUrl\":\"https:\\\/\\\/www.eldiario.net\\\/portal\\\/wp-content\\\/uploads\\\/2024\\\/06\\\/ATOGOLPE-FOTO.jpg\",\"width\":480,\"height\":360,\"caption\":\"LARGAS FILAS SE FORMARON EN CAJEROS, SUPERMERCADOS Y MERCADOS. FOTOS: EL DIARIO\"},{\"@type\":\"BreadcrumbList\",\"@id\":\"https:\\\/\\\/www.eldiario.net\\\/portal\\\/2024\\\/06\\\/27\\\/show-politico-causo-grave-dano-a-la-economia-de-la-poblacion\\\/#breadcrumb\",\"itemListElement\":[{\"@type\":\"ListItem\",\"position\":1,\"name\":\"Portada\",\"item\":\"https:\\\/\\\/www.eldiario.net\\\/portal\\\/\"},{\"@type\":\"ListItem\",\"position\":2,\"name\":\"Show pol\u00edtico caus\u00f3 grave da\u00f1o a la econom\u00eda de la poblaci\u00f3n\"}]},{\"@type\":\"WebSite\",\"@id\":\"https:\\\/\\\/www.eldiario.net\\\/portal\\\/#website\",\"url\":\"https:\\\/\\\/www.eldiario.net\\\/portal\\\/\",\"name\":\"El Diario - Decano de la prensa nacional\",\"description\":\"El Diario - Decano de la prensa nacional\",\"publisher\":{\"@id\":\"https:\\\/\\\/www.eldiario.net\\\/portal\\\/#organization\"},\"potentialAction\":[{\"@type\":\"SearchAction\",\"target\":{\"@type\":\"EntryPoint\",\"urlTemplate\":\"https:\\\/\\\/www.eldiario.net\\\/portal\\\/?s={search_term_string}\"},\"query-input\":{\"@type\":\"PropertyValueSpecification\",\"valueRequired\":true,\"valueName\":\"search_term_string\"}}],\"inLanguage\":\"es\"},{\"@type\":\"Organization\",\"@id\":\"https:\\\/\\\/www.eldiario.net\\\/portal\\\/#organization\",\"name\":\"El Diario - Decano de la prensa nacional\",\"url\":\"https:\\\/\\\/www.eldiario.net\\\/portal\\\/\",\"logo\":{\"@type\":\"ImageObject\",\"inLanguage\":\"es\",\"@id\":\"https:\\\/\\\/www.eldiario.net\\\/portal\\\/#\\\/schema\\\/logo\\\/image\\\/\",\"url\":\"https:\\\/\\\/www.eldiario.net\\\/portal\\\/wp-content\\\/uploads\\\/2023\\\/07\\\/logo_ED.jpg\",\"contentUrl\":\"https:\\\/\\\/www.eldiario.net\\\/portal\\\/wp-content\\\/uploads\\\/2023\\\/07\\\/logo_ED.jpg\",\"width\":272,\"height\":52,\"caption\":\"El Diario - Decano de la prensa nacional\"},\"image\":{\"@id\":\"https:\\\/\\\/www.eldiario.net\\\/portal\\\/#\\\/schema\\\/logo\\\/image\\\/\"},\"sameAs\":[\"https:\\\/\\\/www.facebook.com\\\/eldiario.bolivia\\\/\",\"https:\\\/\\\/x.com\\\/eldiario_net\"]},{\"@type\":\"Person\",\"@id\":\"https:\\\/\\\/www.eldiario.net\\\/portal\\\/#\\\/schema\\\/person\\\/2c57cf2b7a7ae032e449e4c9b1019eac\",\"name\":\"Jeanette\",\"image\":{\"@type\":\"ImageObject\",\"inLanguage\":\"es\",\"@id\":\"https:\\\/\\\/secure.gravatar.com\\\/avatar\\\/3ea2118a5f7dad2b7138b1187a6b7ee55f160b9968b66013c3a3ef39dd7e5798?s=96&d=mm&r=g\",\"url\":\"https:\\\/\\\/secure.gravatar.com\\\/avatar\\\/3ea2118a5f7dad2b7138b1187a6b7ee55f160b9968b66013c3a3ef39dd7e5798?s=96&d=mm&r=g\",\"contentUrl\":\"https:\\\/\\\/secure.gravatar.com\\\/avatar\\\/3ea2118a5f7dad2b7138b1187a6b7ee55f160b9968b66013c3a3ef39dd7e5798?s=96&d=mm&r=g\",\"caption\":\"Jeanette\"},\"sameAs\":[\"https:\\\/\\\/www.eldiario.net\\\/portal\"],\"url\":\"https:\\\/\\\/www.eldiario.net\\\/portal\\\/author\\\/jeanette\\\/\"}]}<\/script>\n<!-- \/ Yoast SEO plugin. -->","yoast_head_json":{"title":"Show pol\u00edtico caus\u00f3 grave da\u00f1o a la econom\u00eda de la poblaci\u00f3n - El Diario - Bolivia","robots":{"index":"index","follow":"follow","max-snippet":"max-snippet:-1","max-image-preview":"max-image-preview:large","max-video-preview":"max-video-preview:-1"},"canonical":"https:\/\/www.eldiario.net\/portal\/2024\/06\/27\/show-politico-causo-grave-dano-a-la-economia-de-la-poblacion\/","og_locale":"es_ES","og_type":"article","og_title":"Show pol\u00edtico caus\u00f3 grave da\u00f1o a la econom\u00eda de la poblaci\u00f3n - El Diario - Bolivia","og_description":"La sociedad boliviana vivi\u00f3 durante la jornada de ayer, por casi tres horas, un ambiente de incertidumbre y zozobra como consecuencia de una ocupaci\u00f3n inusual de militares en la Plaza Murillo, encabezado por el general Juan Jos\u00e9 Z\u00fa\u00f1iga. Este hecho que fue calificado por analistas como un show pol\u00edtico armado para salvar la popularidad del [&hellip;]","og_url":"https:\/\/www.eldiario.net\/portal\/2024\/06\/27\/show-politico-causo-grave-dano-a-la-economia-de-la-poblacion\/","og_site_name":"El Diario - Bolivia","article_publisher":"https:\/\/www.facebook.com\/eldiario.bolivia\/","article_published_time":"2024-06-27T09:44:07+00:00","og_image":[{"width":480,"height":360,"url":"https:\/\/www.eldiario.net\/portal\/wp-content\/uploads\/2024\/06\/ATOGOLPE-FOTO.jpg","type":"image\/jpeg"}],"author":"Jeanette","twitter_card":"summary_large_image","twitter_creator":"@eldiario_net","twitter_site":"@eldiario_net","twitter_misc":{"Escrito por":"Jeanette","Tiempo de lectura":"4 minutos"},"schema":{"@context":"https:\/\/schema.org","@graph":[{"@type":"Article","@id":"https:\/\/www.eldiario.net\/portal\/2024\/06\/27\/show-politico-causo-grave-dano-a-la-economia-de-la-poblacion\/#article","isPartOf":{"@id":"https:\/\/www.eldiario.net\/portal\/2024\/06\/27\/show-politico-causo-grave-dano-a-la-economia-de-la-poblacion\/"},"author":{"name":"Jeanette","@id":"https:\/\/www.eldiario.net\/portal\/#\/schema\/person\/2c57cf2b7a7ae032e449e4c9b1019eac"},"headline":"Show pol\u00edtico caus\u00f3 grave da\u00f1o a la econom\u00eda de la poblaci\u00f3n","datePublished":"2024-06-27T09:44:07+00:00","mainEntityOfPage":{"@id":"https:\/\/www.eldiario.net\/portal\/2024\/06\/27\/show-politico-causo-grave-dano-a-la-economia-de-la-poblacion\/"},"wordCount":623,"commentCount":0,"publisher":{"@id":"https:\/\/www.eldiario.net\/portal\/#organization"},"image":{"@id":"https:\/\/www.eldiario.net\/portal\/2024\/06\/27\/show-politico-causo-grave-dano-a-la-economia-de-la-poblacion\/#primaryimage"},"thumbnailUrl":"https:\/\/www.eldiario.net\/portal\/wp-content\/uploads\/2024\/06\/ATOGOLPE-FOTO.jpg","articleSection":["Portada"],"inLanguage":"es","potentialAction":[{"@type":"CommentAction","name":"Comment","target":["https:\/\/www.eldiario.net\/portal\/2024\/06\/27\/show-politico-causo-grave-dano-a-la-economia-de-la-poblacion\/#respond"]}]},{"@type":"WebPage","@id":"https:\/\/www.eldiario.net\/portal\/2024\/06\/27\/show-politico-causo-grave-dano-a-la-economia-de-la-poblacion\/","url":"https:\/\/www.eldiario.net\/portal\/2024\/06\/27\/show-politico-causo-grave-dano-a-la-economia-de-la-poblacion\/","name":"Show pol\u00edtico caus\u00f3 grave da\u00f1o a la econom\u00eda de la poblaci\u00f3n - El Diario - Bolivia","isPartOf":{"@id":"https:\/\/www.eldiario.net\/portal\/#website"},"primaryImageOfPage":{"@id":"https:\/\/www.eldiario.net\/portal\/2024\/06\/27\/show-politico-causo-grave-dano-a-la-economia-de-la-poblacion\/#primaryimage"},"image":{"@id":"https:\/\/www.eldiario.net\/portal\/2024\/06\/27\/show-politico-causo-grave-dano-a-la-economia-de-la-poblacion\/#primaryimage"},"thumbnailUrl":"https:\/\/www.eldiario.net\/portal\/wp-content\/uploads\/2024\/06\/ATOGOLPE-FOTO.jpg","datePublished":"2024-06-27T09:44:07+00:00","breadcrumb":{"@id":"https:\/\/www.eldiario.net\/portal\/2024\/06\/27\/show-politico-causo-grave-dano-a-la-economia-de-la-poblacion\/#breadcrumb"},"inLanguage":"es","potentialAction":[{"@type":"ReadAction","target":["https:\/\/www.eldiario.net\/portal\/2024\/06\/27\/show-politico-causo-grave-dano-a-la-economia-de-la-poblacion\/"]}]},{"@type":"ImageObject","inLanguage":"es","@id":"https:\/\/www.eldiario.net\/portal\/2024\/06\/27\/show-politico-causo-grave-dano-a-la-economia-de-la-poblacion\/#primaryimage","url":"https:\/\/www.eldiario.net\/portal\/wp-content\/uploads\/2024\/06\/ATOGOLPE-FOTO.jpg","contentUrl":"https:\/\/www.eldiario.net\/portal\/wp-content\/uploads\/2024\/06\/ATOGOLPE-FOTO.jpg","width":480,"height":360,"caption":"LARGAS FILAS SE FORMARON EN CAJEROS, SUPERMERCADOS Y MERCADOS. FOTOS: EL DIARIO"},{"@type":"BreadcrumbList","@id":"https:\/\/www.eldiario.net\/portal\/2024\/06\/27\/show-politico-causo-grave-dano-a-la-economia-de-la-poblacion\/#breadcrumb","itemListElement":[{"@type":"ListItem","position":1,"name":"Portada","item":"https:\/\/www.eldiario.net\/portal\/"},{"@type":"ListItem","position":2,"name":"Show pol\u00edtico caus\u00f3 grave da\u00f1o a la econom\u00eda de la poblaci\u00f3n"}]},{"@type":"WebSite","@id":"https:\/\/www.eldiario.net\/portal\/#website","url":"https:\/\/www.eldiario.net\/portal\/","name":"El Diario - Decano de la prensa nacional","description":"El Diario - Decano de la prensa nacional","publisher":{"@id":"https:\/\/www.eldiario.net\/portal\/#organization"},"potentialAction":[{"@type":"SearchAction","target":{"@type":"EntryPoint","urlTemplate":"https:\/\/www.eldiario.net\/portal\/?s={search_term_string}"},"query-input":{"@type":"PropertyValueSpecification","valueRequired":true,"valueName":"search_term_string"}}],"inLanguage":"es"},{"@type":"Organization","@id":"https:\/\/www.eldiario.net\/portal\/#organization","name":"El Diario - Decano de la prensa nacional","url":"https:\/\/www.eldiario.net\/portal\/","logo":{"@type":"ImageObject","inLanguage":"es","@id":"https:\/\/www.eldiario.net\/portal\/#\/schema\/logo\/image\/","url":"https:\/\/www.eldiario.net\/portal\/wp-content\/uploads\/2023\/07\/logo_ED.jpg","contentUrl":"https:\/\/www.eldiario.net\/portal\/wp-content\/uploads\/2023\/07\/logo_ED.jpg","width":272,"height":52,"caption":"El Diario - Decano de la prensa nacional"},"image":{"@id":"https:\/\/www.eldiario.net\/portal\/#\/schema\/logo\/image\/"},"sameAs":["https:\/\/www.facebook.com\/eldiario.bolivia\/","https:\/\/x.com\/eldiario_net"]},{"@type":"Person","@id":"https:\/\/www.eldiario.net\/portal\/#\/schema\/person\/2c57cf2b7a7ae032e449e4c9b1019eac","name":"Jeanette","image":{"@type":"ImageObject","inLanguage":"es","@id":"https:\/\/secure.gravatar.com\/avatar\/3ea2118a5f7dad2b7138b1187a6b7ee55f160b9968b66013c3a3ef39dd7e5798?s=96&d=mm&r=g","url":"https:\/\/secure.gravatar.com\/avatar\/3ea2118a5f7dad2b7138b1187a6b7ee55f160b9968b66013c3a3ef39dd7e5798?s=96&d=mm&r=g","contentUrl":"https:\/\/secure.gravatar.com\/avatar\/3ea2118a5f7dad2b7138b1187a6b7ee55f160b9968b66013c3a3ef39dd7e5798?s=96&d=mm&r=g","caption":"Jeanette"},"sameAs":["https:\/\/www.eldiario.net\/portal"],"url":"https:\/\/www.eldiario.net\/portal\/author\/jeanette\/"}]}},"_links":{"self":[{"href":"https:\/\/www.eldiario.net\/portal\/wp-json\/wp\/v2\/posts\/229996","targetHints":{"allow":["GET"]}}],"collection":[{"href":"https:\/\/www.eldiario.net\/portal\/wp-json\/wp\/v2\/posts"}],"about":[{"href":"https:\/\/www.eldiario.net\/portal\/wp-json\/wp\/v2\/types\/post"}],"author":[{"embeddable":true,"href":"https:\/\/www.eldiario.net\/portal\/wp-json\/wp\/v2\/users\/1"}],"replies":[{"embeddable":true,"href":"https:\/\/www.eldiario.net\/portal\/wp-json\/wp\/v2\/comments?post=229996"}],"version-history":[{"count":1,"href":"https:\/\/www.eldiario.net\/portal\/wp-json\/wp\/v2\/posts\/229996\/revisions"}],"predecessor-version":[{"id":229999,"href":"https:\/\/www.eldiario.net\/portal\/wp-json\/wp\/v2\/posts\/229996\/revisions\/229999"}],"wp:featuredmedia":[{"embeddable":true,"href":"https:\/\/www.eldiario.net\/portal\/wp-json\/wp\/v2\/media\/229997"}],"wp:attachment":[{"href":"https:\/\/www.eldiario.net\/portal\/wp-json\/wp\/v2\/media?parent=229996"}],"wp:term":[{"taxonomy":"category","embeddable":true,"href":"https:\/\/www.eldiario.net\/portal\/wp-json\/wp\/v2\/categories?post=229996"},{"taxonomy":"post_tag","embeddable":true,"href":"https:\/\/www.eldiario.net\/portal\/wp-json\/wp\/v2\/tags?post=229996"}],"curies":[{"name":"wp","href":"https:\/\/api.w.org\/{rel}","templated":true}]}}