{"id":229993,"date":"2024-06-27T05:42:41","date_gmt":"2024-06-27T09:42:41","guid":{"rendered":"https:\/\/www.eldiario.net\/portal\/?p=229993"},"modified":"2024-06-27T05:42:41","modified_gmt":"2024-06-27T09:42:41","slug":"el-presidente-arce-me-dijo-que-se-necesita-hacer-algo-para-levantar-su-popularidad","status":"publish","type":"post","link":"https:\/\/www.eldiario.net\/portal\/2024\/06\/27\/el-presidente-arce-me-dijo-que-se-necesita-hacer-algo-para-levantar-su-popularidad\/","title":{"rendered":"\u201cEl presidente Arce me dijo que se necesita  hacer algo para levantar su popularidad\u201d"},"content":{"rendered":"<p>El excomandante del Ej\u00e9rcito, Juan Jos\u00e9 Z\u00fa\u00f1iga, se\u00f1al\u00f3 que tuvo una conversaci\u00f3n con el presidente del Estado, Luis Arce Catacora, en d\u00edas recientes, en la que supuestamente le dijo que su popularidad estaba baja y por ello era necesario hacer algo.<\/p>\n<p>\u201cEl Presidente me dijo que la situaci\u00f3n estaba jodida y necesitaba algo para levantar su popularidad\u201d, se\u00f1al\u00f3 Z\u00fa\u00f1iga, antes de ser aprehendido, apuntando al Primer Mandatario por los hechos sucedidos ayer.<\/p>\n<p>Z\u00fa\u00f1iga no termin\u00f3 de dar sus explicaciones pues fue aprehendido en presencia del viceministro de R\u00e9gimen Interior, Jhonny Aguilera.<\/p>\n<p>A la consulta si este tipo de hechos en plaza Murillo, fue un \u201cauto golpe\u201d, el general Zu\u00f1iga respondi\u00f3 afirmando: \u201cSi, si\u201d, a tiempo de ser aprehendido por efectivos de la Polic\u00eda de la Felcc que realizaron este operativo en puertas del Estado Mayor del Ej\u00e9rcito en Miraflores.<\/p>\n<p>Adem\u00e1s, el general Zu\u00f1iga dijo que en medio de la conversaci\u00f3n, el presidente Arce acept\u00f3 la propuesta de movilizar veh\u00edculos blindados de guerra.<\/p>\n<p>\u201cYo le pregunt\u00e9 si podemos sacar (los veh\u00edculos militares), entonces \u00e9l (Luis Arce) me responde que s\u00ed. Entonces el domingo en la noche los blindados empiezan a bajar. Seis cascabeles y seis Urutus, m\u00e1s 14 zetas del regimiento de Achacachi\u201d, agreg\u00f3.<\/p>\n","protected":false},"excerpt":{"rendered":"<p>El excomandante del Ej\u00e9rcito, Juan Jos\u00e9 Z\u00fa\u00f1iga, se\u00f1al\u00f3 que tuvo una conversaci\u00f3n con el presidente del Estado, Luis Arce Catacora, en d\u00edas recientes, en la que supuestamente le dijo que su popularidad estaba baja y por ello era necesario hacer algo. \u201cEl Presidente me dijo que la situaci\u00f3n estaba jodida y necesitaba algo para levantar [&hellip;]<\/p>\n","protected":false},"author":1,"featured_media":229994,"comment_status":"open","ping_status":"open","sticky":false,"template":"","format":"standard","meta":{"_acf_changed":false,"footnotes":""},"categories":[15],"tags":[],"class_list":["post-229993","post","type-post","status-publish","format-standard","has-post-thumbnail","category-portada"],"acf":{"antetitulo":"Exjefe militar tras ser aprehendido confirma que todo fue armado"},"yoast_head":"<!-- This site is optimized with the Yoast SEO plugin v28.4 - https:\/\/yoast.com\/product\/yoast-seo-wordpress\/ -->\n<title>\u201cEl presidente Arce me dijo que se necesita hacer algo para levantar su popularidad\u201d - El Diario - Bolivia<\/title>\n<meta name=\"robots\" content=\"index, follow, max-snippet:-1, max-image-preview:large, max-video-preview:-1\" \/>\n<link rel=\"canonical\" href=\"https:\/\/www.eldiario.net\/portal\/2024\/06\/27\/el-presidente-arce-me-dijo-que-se-necesita-hacer-algo-para-levantar-su-popularidad\/\" \/>\n<meta property=\"og:locale\" content=\"es_ES\" \/>\n<meta property=\"og:type\" content=\"article\" \/>\n<meta property=\"og:title\" content=\"\u201cEl presidente Arce me dijo que se necesita hacer algo para levantar su popularidad\u201d - El Diario - Bolivia\" \/>\n<meta property=\"og:description\" content=\"El excomandante del Ej\u00e9rcito, Juan Jos\u00e9 Z\u00fa\u00f1iga, se\u00f1al\u00f3 que tuvo una conversaci\u00f3n con el presidente del Estado, Luis Arce Catacora, en d\u00edas recientes, en la que supuestamente le dijo que su popularidad estaba baja y por ello era necesario hacer algo. \u201cEl Presidente me dijo que la situaci\u00f3n estaba jodida y necesitaba algo para levantar [&hellip;]\" \/>\n<meta property=\"og:url\" content=\"https:\/\/www.eldiario.net\/portal\/2024\/06\/27\/el-presidente-arce-me-dijo-que-se-necesita-hacer-algo-para-levantar-su-popularidad\/\" \/>\n<meta property=\"og:site_name\" content=\"El Diario - Bolivia\" \/>\n<meta property=\"article:publisher\" content=\"https:\/\/www.facebook.com\/eldiario.bolivia\/\" \/>\n<meta property=\"article:published_time\" content=\"2024-06-27T09:42:41+00:00\" \/>\n<meta property=\"og:image\" content=\"https:\/\/www.eldiario.net\/portal\/wp-content\/uploads\/2024\/06\/BABOSO-FOTO.jpg\" \/>\n\t<meta property=\"og:image:width\" content=\"1600\" \/>\n\t<meta property=\"og:image:height\" content=\"1067\" \/>\n\t<meta property=\"og:image:type\" content=\"image\/jpeg\" \/>\n<meta name=\"author\" content=\"Jeanette\" \/>\n<meta name=\"twitter:card\" content=\"summary_large_image\" \/>\n<meta name=\"twitter:creator\" content=\"@eldiario_net\" \/>\n<meta name=\"twitter:site\" content=\"@eldiario_net\" \/>\n<meta name=\"twitter:label1\" content=\"Escrito por\" \/>\n\t<meta name=\"twitter:data1\" content=\"Jeanette\" \/>\n\t<meta name=\"twitter:label2\" content=\"Tiempo de lectura\" \/>\n\t<meta name=\"twitter:data2\" content=\"2 minutos\" \/>\n<script type=\"application\/ld+json\" class=\"yoast-schema-graph\">{\"@context\":\"https:\\\/\\\/schema.org\",\"@graph\":[{\"@type\":\"Article\",\"@id\":\"https:\\\/\\\/www.eldiario.net\\\/portal\\\/2024\\\/06\\\/27\\\/el-presidente-arce-me-dijo-que-se-necesita-hacer-algo-para-levantar-su-popularidad\\\/#article\",\"isPartOf\":{\"@id\":\"https:\\\/\\\/www.eldiario.net\\\/portal\\\/2024\\\/06\\\/27\\\/el-presidente-arce-me-dijo-que-se-necesita-hacer-algo-para-levantar-su-popularidad\\\/\"},\"author\":{\"name\":\"Jeanette\",\"@id\":\"https:\\\/\\\/www.eldiario.net\\\/portal\\\/#\\\/schema\\\/person\\\/2c57cf2b7a7ae032e449e4c9b1019eac\"},\"headline\":\"\u201cEl presidente Arce me dijo que se necesita hacer algo para levantar su popularidad\u201d\",\"datePublished\":\"2024-06-27T09:42:41+00:00\",\"mainEntityOfPage\":{\"@id\":\"https:\\\/\\\/www.eldiario.net\\\/portal\\\/2024\\\/06\\\/27\\\/el-presidente-arce-me-dijo-que-se-necesita-hacer-algo-para-levantar-su-popularidad\\\/\"},\"wordCount\":235,\"commentCount\":0,\"publisher\":{\"@id\":\"https:\\\/\\\/www.eldiario.net\\\/portal\\\/#organization\"},\"image\":{\"@id\":\"https:\\\/\\\/www.eldiario.net\\\/portal\\\/2024\\\/06\\\/27\\\/el-presidente-arce-me-dijo-que-se-necesita-hacer-algo-para-levantar-su-popularidad\\\/#primaryimage\"},\"thumbnailUrl\":\"https:\\\/\\\/www.eldiario.net\\\/portal\\\/wp-content\\\/uploads\\\/2024\\\/06\\\/BABOSO-FOTO.jpg\",\"articleSection\":[\"Portada\"],\"inLanguage\":\"es\",\"potentialAction\":[{\"@type\":\"CommentAction\",\"name\":\"Comment\",\"target\":[\"https:\\\/\\\/www.eldiario.net\\\/portal\\\/2024\\\/06\\\/27\\\/el-presidente-arce-me-dijo-que-se-necesita-hacer-algo-para-levantar-su-popularidad\\\/#respond\"]}]},{\"@type\":\"WebPage\",\"@id\":\"https:\\\/\\\/www.eldiario.net\\\/portal\\\/2024\\\/06\\\/27\\\/el-presidente-arce-me-dijo-que-se-necesita-hacer-algo-para-levantar-su-popularidad\\\/\",\"url\":\"https:\\\/\\\/www.eldiario.net\\\/portal\\\/2024\\\/06\\\/27\\\/el-presidente-arce-me-dijo-que-se-necesita-hacer-algo-para-levantar-su-popularidad\\\/\",\"name\":\"\u201cEl presidente Arce me dijo que se necesita hacer algo para levantar su popularidad\u201d - El Diario - Bolivia\",\"isPartOf\":{\"@id\":\"https:\\\/\\\/www.eldiario.net\\\/portal\\\/#website\"},\"primaryImageOfPage\":{\"@id\":\"https:\\\/\\\/www.eldiario.net\\\/portal\\\/2024\\\/06\\\/27\\\/el-presidente-arce-me-dijo-que-se-necesita-hacer-algo-para-levantar-su-popularidad\\\/#primaryimage\"},\"image\":{\"@id\":\"https:\\\/\\\/www.eldiario.net\\\/portal\\\/2024\\\/06\\\/27\\\/el-presidente-arce-me-dijo-que-se-necesita-hacer-algo-para-levantar-su-popularidad\\\/#primaryimage\"},\"thumbnailUrl\":\"https:\\\/\\\/www.eldiario.net\\\/portal\\\/wp-content\\\/uploads\\\/2024\\\/06\\\/BABOSO-FOTO.jpg\",\"datePublished\":\"2024-06-27T09:42:41+00:00\",\"breadcrumb\":{\"@id\":\"https:\\\/\\\/www.eldiario.net\\\/portal\\\/2024\\\/06\\\/27\\\/el-presidente-arce-me-dijo-que-se-necesita-hacer-algo-para-levantar-su-popularidad\\\/#breadcrumb\"},\"inLanguage\":\"es\",\"potentialAction\":[{\"@type\":\"ReadAction\",\"target\":[\"https:\\\/\\\/www.eldiario.net\\\/portal\\\/2024\\\/06\\\/27\\\/el-presidente-arce-me-dijo-que-se-necesita-hacer-algo-para-levantar-su-popularidad\\\/\"]}]},{\"@type\":\"ImageObject\",\"inLanguage\":\"es\",\"@id\":\"https:\\\/\\\/www.eldiario.net\\\/portal\\\/2024\\\/06\\\/27\\\/el-presidente-arce-me-dijo-que-se-necesita-hacer-algo-para-levantar-su-popularidad\\\/#primaryimage\",\"url\":\"https:\\\/\\\/www.eldiario.net\\\/portal\\\/wp-content\\\/uploads\\\/2024\\\/06\\\/BABOSO-FOTO.jpg\",\"contentUrl\":\"https:\\\/\\\/www.eldiario.net\\\/portal\\\/wp-content\\\/uploads\\\/2024\\\/06\\\/BABOSO-FOTO.jpg\",\"width\":1600,\"height\":1067,\"caption\":\"EL GENERAL JUAN JOS\u00c9 Z\u00da\u00d1IGA. FOTO: EL DIARIO\"},{\"@type\":\"BreadcrumbList\",\"@id\":\"https:\\\/\\\/www.eldiario.net\\\/portal\\\/2024\\\/06\\\/27\\\/el-presidente-arce-me-dijo-que-se-necesita-hacer-algo-para-levantar-su-popularidad\\\/#breadcrumb\",\"itemListElement\":[{\"@type\":\"ListItem\",\"position\":1,\"name\":\"Portada\",\"item\":\"https:\\\/\\\/www.eldiario.net\\\/portal\\\/\"},{\"@type\":\"ListItem\",\"position\":2,\"name\":\"\u201cEl presidente Arce me dijo que se necesita hacer algo para levantar su popularidad\u201d\"}]},{\"@type\":\"WebSite\",\"@id\":\"https:\\\/\\\/www.eldiario.net\\\/portal\\\/#website\",\"url\":\"https:\\\/\\\/www.eldiario.net\\\/portal\\\/\",\"name\":\"El Diario - Decano de la prensa nacional\",\"description\":\"El Diario - Decano de la prensa nacional\",\"publisher\":{\"@id\":\"https:\\\/\\\/www.eldiario.net\\\/portal\\\/#organization\"},\"potentialAction\":[{\"@type\":\"SearchAction\",\"target\":{\"@type\":\"EntryPoint\",\"urlTemplate\":\"https:\\\/\\\/www.eldiario.net\\\/portal\\\/?s={search_term_string}\"},\"query-input\":{\"@type\":\"PropertyValueSpecification\",\"valueRequired\":true,\"valueName\":\"search_term_string\"}}],\"inLanguage\":\"es\"},{\"@type\":\"Organization\",\"@id\":\"https:\\\/\\\/www.eldiario.net\\\/portal\\\/#organization\",\"name\":\"El Diario - Decano de la prensa nacional\",\"url\":\"https:\\\/\\\/www.eldiario.net\\\/portal\\\/\",\"logo\":{\"@type\":\"ImageObject\",\"inLanguage\":\"es\",\"@id\":\"https:\\\/\\\/www.eldiario.net\\\/portal\\\/#\\\/schema\\\/logo\\\/image\\\/\",\"url\":\"https:\\\/\\\/www.eldiario.net\\\/portal\\\/wp-content\\\/uploads\\\/2023\\\/07\\\/logo_ED.jpg\",\"contentUrl\":\"https:\\\/\\\/www.eldiario.net\\\/portal\\\/wp-content\\\/uploads\\\/2023\\\/07\\\/logo_ED.jpg\",\"width\":272,\"height\":52,\"caption\":\"El Diario - Decano de la prensa nacional\"},\"image\":{\"@id\":\"https:\\\/\\\/www.eldiario.net\\\/portal\\\/#\\\/schema\\\/logo\\\/image\\\/\"},\"sameAs\":[\"https:\\\/\\\/www.facebook.com\\\/eldiario.bolivia\\\/\",\"https:\\\/\\\/x.com\\\/eldiario_net\"]},{\"@type\":\"Person\",\"@id\":\"https:\\\/\\\/www.eldiario.net\\\/portal\\\/#\\\/schema\\\/person\\\/2c57cf2b7a7ae032e449e4c9b1019eac\",\"name\":\"Jeanette\",\"image\":{\"@type\":\"ImageObject\",\"inLanguage\":\"es\",\"@id\":\"https:\\\/\\\/secure.gravatar.com\\\/avatar\\\/3ea2118a5f7dad2b7138b1187a6b7ee55f160b9968b66013c3a3ef39dd7e5798?s=96&d=mm&r=g\",\"url\":\"https:\\\/\\\/secure.gravatar.com\\\/avatar\\\/3ea2118a5f7dad2b7138b1187a6b7ee55f160b9968b66013c3a3ef39dd7e5798?s=96&d=mm&r=g\",\"contentUrl\":\"https:\\\/\\\/secure.gravatar.com\\\/avatar\\\/3ea2118a5f7dad2b7138b1187a6b7ee55f160b9968b66013c3a3ef39dd7e5798?s=96&d=mm&r=g\",\"caption\":\"Jeanette\"},\"sameAs\":[\"https:\\\/\\\/www.eldiario.net\\\/portal\"],\"url\":\"https:\\\/\\\/www.eldiario.net\\\/portal\\\/author\\\/jeanette\\\/\"}]}<\/script>\n<!-- \/ Yoast SEO plugin. -->","yoast_head_json":{"title":"\u201cEl presidente Arce me dijo que se necesita hacer algo para levantar su popularidad\u201d - El Diario - Bolivia","robots":{"index":"index","follow":"follow","max-snippet":"max-snippet:-1","max-image-preview":"max-image-preview:large","max-video-preview":"max-video-preview:-1"},"canonical":"https:\/\/www.eldiario.net\/portal\/2024\/06\/27\/el-presidente-arce-me-dijo-que-se-necesita-hacer-algo-para-levantar-su-popularidad\/","og_locale":"es_ES","og_type":"article","og_title":"\u201cEl presidente Arce me dijo que se necesita hacer algo para levantar su popularidad\u201d - El Diario - Bolivia","og_description":"El excomandante del Ej\u00e9rcito, Juan Jos\u00e9 Z\u00fa\u00f1iga, se\u00f1al\u00f3 que tuvo una conversaci\u00f3n con el presidente del Estado, Luis Arce Catacora, en d\u00edas recientes, en la que supuestamente le dijo que su popularidad estaba baja y por ello era necesario hacer algo. \u201cEl Presidente me dijo que la situaci\u00f3n estaba jodida y necesitaba algo para levantar [&hellip;]","og_url":"https:\/\/www.eldiario.net\/portal\/2024\/06\/27\/el-presidente-arce-me-dijo-que-se-necesita-hacer-algo-para-levantar-su-popularidad\/","og_site_name":"El Diario - Bolivia","article_publisher":"https:\/\/www.facebook.com\/eldiario.bolivia\/","article_published_time":"2024-06-27T09:42:41+00:00","og_image":[{"width":1600,"height":1067,"url":"https:\/\/www.eldiario.net\/portal\/wp-content\/uploads\/2024\/06\/BABOSO-FOTO.jpg","type":"image\/jpeg"}],"author":"Jeanette","twitter_card":"summary_large_image","twitter_creator":"@eldiario_net","twitter_site":"@eldiario_net","twitter_misc":{"Escrito por":"Jeanette","Tiempo de lectura":"2 minutos"},"schema":{"@context":"https:\/\/schema.org","@graph":[{"@type":"Article","@id":"https:\/\/www.eldiario.net\/portal\/2024\/06\/27\/el-presidente-arce-me-dijo-que-se-necesita-hacer-algo-para-levantar-su-popularidad\/#article","isPartOf":{"@id":"https:\/\/www.eldiario.net\/portal\/2024\/06\/27\/el-presidente-arce-me-dijo-que-se-necesita-hacer-algo-para-levantar-su-popularidad\/"},"author":{"name":"Jeanette","@id":"https:\/\/www.eldiario.net\/portal\/#\/schema\/person\/2c57cf2b7a7ae032e449e4c9b1019eac"},"headline":"\u201cEl presidente Arce me dijo que se necesita hacer algo para levantar su popularidad\u201d","datePublished":"2024-06-27T09:42:41+00:00","mainEntityOfPage":{"@id":"https:\/\/www.eldiario.net\/portal\/2024\/06\/27\/el-presidente-arce-me-dijo-que-se-necesita-hacer-algo-para-levantar-su-popularidad\/"},"wordCount":235,"commentCount":0,"publisher":{"@id":"https:\/\/www.eldiario.net\/portal\/#organization"},"image":{"@id":"https:\/\/www.eldiario.net\/portal\/2024\/06\/27\/el-presidente-arce-me-dijo-que-se-necesita-hacer-algo-para-levantar-su-popularidad\/#primaryimage"},"thumbnailUrl":"https:\/\/www.eldiario.net\/portal\/wp-content\/uploads\/2024\/06\/BABOSO-FOTO.jpg","articleSection":["Portada"],"inLanguage":"es","potentialAction":[{"@type":"CommentAction","name":"Comment","target":["https:\/\/www.eldiario.net\/portal\/2024\/06\/27\/el-presidente-arce-me-dijo-que-se-necesita-hacer-algo-para-levantar-su-popularidad\/#respond"]}]},{"@type":"WebPage","@id":"https:\/\/www.eldiario.net\/portal\/2024\/06\/27\/el-presidente-arce-me-dijo-que-se-necesita-hacer-algo-para-levantar-su-popularidad\/","url":"https:\/\/www.eldiario.net\/portal\/2024\/06\/27\/el-presidente-arce-me-dijo-que-se-necesita-hacer-algo-para-levantar-su-popularidad\/","name":"\u201cEl presidente Arce me dijo que se necesita hacer algo para levantar su popularidad\u201d - El Diario - Bolivia","isPartOf":{"@id":"https:\/\/www.eldiario.net\/portal\/#website"},"primaryImageOfPage":{"@id":"https:\/\/www.eldiario.net\/portal\/2024\/06\/27\/el-presidente-arce-me-dijo-que-se-necesita-hacer-algo-para-levantar-su-popularidad\/#primaryimage"},"image":{"@id":"https:\/\/www.eldiario.net\/portal\/2024\/06\/27\/el-presidente-arce-me-dijo-que-se-necesita-hacer-algo-para-levantar-su-popularidad\/#primaryimage"},"thumbnailUrl":"https:\/\/www.eldiario.net\/portal\/wp-content\/uploads\/2024\/06\/BABOSO-FOTO.jpg","datePublished":"2024-06-27T09:42:41+00:00","breadcrumb":{"@id":"https:\/\/www.eldiario.net\/portal\/2024\/06\/27\/el-presidente-arce-me-dijo-que-se-necesita-hacer-algo-para-levantar-su-popularidad\/#breadcrumb"},"inLanguage":"es","potentialAction":[{"@type":"ReadAction","target":["https:\/\/www.eldiario.net\/portal\/2024\/06\/27\/el-presidente-arce-me-dijo-que-se-necesita-hacer-algo-para-levantar-su-popularidad\/"]}]},{"@type":"ImageObject","inLanguage":"es","@id":"https:\/\/www.eldiario.net\/portal\/2024\/06\/27\/el-presidente-arce-me-dijo-que-se-necesita-hacer-algo-para-levantar-su-popularidad\/#primaryimage","url":"https:\/\/www.eldiario.net\/portal\/wp-content\/uploads\/2024\/06\/BABOSO-FOTO.jpg","contentUrl":"https:\/\/www.eldiario.net\/portal\/wp-content\/uploads\/2024\/06\/BABOSO-FOTO.jpg","width":1600,"height":1067,"caption":"EL GENERAL JUAN JOS\u00c9 Z\u00da\u00d1IGA. FOTO: EL DIARIO"},{"@type":"BreadcrumbList","@id":"https:\/\/www.eldiario.net\/portal\/2024\/06\/27\/el-presidente-arce-me-dijo-que-se-necesita-hacer-algo-para-levantar-su-popularidad\/#breadcrumb","itemListElement":[{"@type":"ListItem","position":1,"name":"Portada","item":"https:\/\/www.eldiario.net\/portal\/"},{"@type":"ListItem","position":2,"name":"\u201cEl presidente Arce me dijo que se necesita hacer algo para levantar su popularidad\u201d"}]},{"@type":"WebSite","@id":"https:\/\/www.eldiario.net\/portal\/#website","url":"https:\/\/www.eldiario.net\/portal\/","name":"El Diario - Decano de la prensa nacional","description":"El Diario - Decano de la prensa nacional","publisher":{"@id":"https:\/\/www.eldiario.net\/portal\/#organization"},"potentialAction":[{"@type":"SearchAction","target":{"@type":"EntryPoint","urlTemplate":"https:\/\/www.eldiario.net\/portal\/?s={search_term_string}"},"query-input":{"@type":"PropertyValueSpecification","valueRequired":true,"valueName":"search_term_string"}}],"inLanguage":"es"},{"@type":"Organization","@id":"https:\/\/www.eldiario.net\/portal\/#organization","name":"El Diario - Decano de la prensa nacional","url":"https:\/\/www.eldiario.net\/portal\/","logo":{"@type":"ImageObject","inLanguage":"es","@id":"https:\/\/www.eldiario.net\/portal\/#\/schema\/logo\/image\/","url":"https:\/\/www.eldiario.net\/portal\/wp-content\/uploads\/2023\/07\/logo_ED.jpg","contentUrl":"https:\/\/www.eldiario.net\/portal\/wp-content\/uploads\/2023\/07\/logo_ED.jpg","width":272,"height":52,"caption":"El Diario - Decano de la prensa nacional"},"image":{"@id":"https:\/\/www.eldiario.net\/portal\/#\/schema\/logo\/image\/"},"sameAs":["https:\/\/www.facebook.com\/eldiario.bolivia\/","https:\/\/x.com\/eldiario_net"]},{"@type":"Person","@id":"https:\/\/www.eldiario.net\/portal\/#\/schema\/person\/2c57cf2b7a7ae032e449e4c9b1019eac","name":"Jeanette","image":{"@type":"ImageObject","inLanguage":"es","@id":"https:\/\/secure.gravatar.com\/avatar\/3ea2118a5f7dad2b7138b1187a6b7ee55f160b9968b66013c3a3ef39dd7e5798?s=96&d=mm&r=g","url":"https:\/\/secure.gravatar.com\/avatar\/3ea2118a5f7dad2b7138b1187a6b7ee55f160b9968b66013c3a3ef39dd7e5798?s=96&d=mm&r=g","contentUrl":"https:\/\/secure.gravatar.com\/avatar\/3ea2118a5f7dad2b7138b1187a6b7ee55f160b9968b66013c3a3ef39dd7e5798?s=96&d=mm&r=g","caption":"Jeanette"},"sameAs":["https:\/\/www.eldiario.net\/portal"],"url":"https:\/\/www.eldiario.net\/portal\/author\/jeanette\/"}]}},"_links":{"self":[{"href":"https:\/\/www.eldiario.net\/portal\/wp-json\/wp\/v2\/posts\/229993","targetHints":{"allow":["GET"]}}],"collection":[{"href":"https:\/\/www.eldiario.net\/portal\/wp-json\/wp\/v2\/posts"}],"about":[{"href":"https:\/\/www.eldiario.net\/portal\/wp-json\/wp\/v2\/types\/post"}],"author":[{"embeddable":true,"href":"https:\/\/www.eldiario.net\/portal\/wp-json\/wp\/v2\/users\/1"}],"replies":[{"embeddable":true,"href":"https:\/\/www.eldiario.net\/portal\/wp-json\/wp\/v2\/comments?post=229993"}],"version-history":[{"count":1,"href":"https:\/\/www.eldiario.net\/portal\/wp-json\/wp\/v2\/posts\/229993\/revisions"}],"predecessor-version":[{"id":229995,"href":"https:\/\/www.eldiario.net\/portal\/wp-json\/wp\/v2\/posts\/229993\/revisions\/229995"}],"wp:featuredmedia":[{"embeddable":true,"href":"https:\/\/www.eldiario.net\/portal\/wp-json\/wp\/v2\/media\/229994"}],"wp:attachment":[{"href":"https:\/\/www.eldiario.net\/portal\/wp-json\/wp\/v2\/media?parent=229993"}],"wp:term":[{"taxonomy":"category","embeddable":true,"href":"https:\/\/www.eldiario.net\/portal\/wp-json\/wp\/v2\/categories?post=229993"},{"taxonomy":"post_tag","embeddable":true,"href":"https:\/\/www.eldiario.net\/portal\/wp-json\/wp\/v2\/tags?post=229993"}],"curies":[{"name":"wp","href":"https:\/\/api.w.org\/{rel}","templated":true}]}}