{"id":229989,"date":"2024-06-27T05:41:56","date_gmt":"2024-06-27T09:41:56","guid":{"rendered":"https:\/\/www.eldiario.net\/portal\/?p=229989"},"modified":"2024-06-27T05:41:56","modified_gmt":"2024-06-27T09:41:56","slug":"toma-militar-de-palacio-quemado-provoca-filas-en-gasolineras-mercados-y-banca","status":"publish","type":"post","link":"https:\/\/www.eldiario.net\/portal\/2024\/06\/27\/toma-militar-de-palacio-quemado-provoca-filas-en-gasolineras-mercados-y-banca\/","title":{"rendered":"Toma militar de Palacio Quemado provoca filas en gasolineras, mercados y banca"},"content":{"rendered":"<p>Tras la toma por parte de militares de plaza Murillo y la toma del Palacio Quemado, la gente acudi\u00f3 masivamente a los bancos a sacar su dinero, a los mercados y supermercados para abastecerse principalmente de alimentos y a las estaciones de servicio para comprar combustibles. Mientras que un comunicado de la Autoridad de Supervisi\u00f3n del Sistema Financiero (ASFI) inst\u00f3 a la poblaci\u00f3n a mantener la calma y la confianza en las entidades financieras.<\/p>\n<p>Los mercados estuvieron llenos. Se observ\u00f3 largas filas para comprar alimentos y v\u00edveres, tambi\u00e9n en los bancos. La gente acudi\u00f3 a retirar dinero de sus ahorros para abastecerse de insumos.<\/p>\n<p>Los precios tambi\u00e9n se dispararon en algunos lugares, puesto que los comerciantes hicieron subir el valor de algunos productos ante la fuerte demanda de productos por parte de la poblaci\u00f3n.<\/p>\n<p>Solo por poner un ejemplo precio del maple de huevos se vendi\u00f3 hasta en 100 bolivianos y el pollo peque\u00f1o fue comercializado en Bs 50. El pan de batalla pr\u00e1cticamente \u201cdesapareci\u00f3\u201d de las tiendas, que en su mayor\u00eda despu\u00e9s de las 17:00 horas cerraron.<\/p>\n<p>La ASFI comunic\u00f3 a la poblaci\u00f3n que las entidades financieras, baj\u00f3 su supervisi\u00f3n, al presente brindan a sus clientes y usuarios, todos sus servicios con total normalidad, dado que las mismas est\u00e1n fortalecidas patrimonialmente y cuentan con los suficientes recursos para cubrir los requerimientos de los consumidores que as\u00ed lo requieran.<\/p>\n<p>Ante los sucesos acaecidos en la ciudad de La Paz, en la tarde de ayer, la ASFI inst\u00f3 a la poblaci\u00f3n a no dejarse llevar por falsas especulaciones que s\u00f3lo buscan confundir y generar incertidumbre sobre el Sistema Financiero, el cual goza de adecuados \u00edndices de liquidez y solvencia, se\u00f1ala el comunicado.<\/p>\n<p><img loading=\"lazy\" decoding=\"async\" class=\"alignleft size-full wp-image-229991\" src=\"https:\/\/www.eldiario.net\/portal\/wp-content\/uploads\/2024\/06\/BUEBO-FOTO-1.jpg\" alt=\"\" width=\"480\" height=\"948\" srcset=\"https:\/\/www.eldiario.net\/portal\/wp-content\/uploads\/2024\/06\/BUEBO-FOTO-1.jpg 480w, https:\/\/www.eldiario.net\/portal\/wp-content\/uploads\/2024\/06\/BUEBO-FOTO-1-152x300.jpg 152w, https:\/\/www.eldiario.net\/portal\/wp-content\/uploads\/2024\/06\/BUEBO-FOTO-1-213x420.jpg 213w\" sizes=\"auto, (max-width: 480px) 100vw, 480px\" \/><\/p>\n","protected":false},"excerpt":{"rendered":"<p>Tras la toma por parte de militares de plaza Murillo y la toma del Palacio Quemado, la gente acudi\u00f3 masivamente a los bancos a sacar su dinero, a los mercados y supermercados para abastecerse principalmente de alimentos y a las estaciones de servicio para comprar combustibles. Mientras que un comunicado de la Autoridad de Supervisi\u00f3n [&hellip;]<\/p>\n","protected":false},"author":1,"featured_media":229990,"comment_status":"open","ping_status":"open","sticky":false,"template":"","format":"standard","meta":{"_acf_changed":false,"footnotes":""},"categories":[15],"tags":[],"class_list":["post-229989","post","type-post","status-publish","format-standard","has-post-thumbnail","category-portada"],"acf":{"antetitulo":"El maple de huevo se vendi\u00f3 hasta en Bs 100"},"yoast_head":"<!-- This site is optimized with the Yoast SEO plugin v28.4 - https:\/\/yoast.com\/product\/yoast-seo-wordpress\/ -->\n<title>Toma militar de Palacio Quemado provoca filas en gasolineras, mercados y banca - El Diario - Bolivia<\/title>\n<meta name=\"robots\" content=\"index, follow, max-snippet:-1, max-image-preview:large, max-video-preview:-1\" \/>\n<link rel=\"canonical\" href=\"https:\/\/www.eldiario.net\/portal\/2024\/06\/27\/toma-militar-de-palacio-quemado-provoca-filas-en-gasolineras-mercados-y-banca\/\" \/>\n<meta property=\"og:locale\" content=\"es_ES\" \/>\n<meta property=\"og:type\" content=\"article\" \/>\n<meta property=\"og:title\" content=\"Toma militar de Palacio Quemado provoca filas en gasolineras, mercados y banca - El Diario - Bolivia\" \/>\n<meta property=\"og:description\" content=\"Tras la toma por parte de militares de plaza Murillo y la toma del Palacio Quemado, la gente acudi\u00f3 masivamente a los bancos a sacar su dinero, a los mercados y supermercados para abastecerse principalmente de alimentos y a las estaciones de servicio para comprar combustibles. Mientras que un comunicado de la Autoridad de Supervisi\u00f3n [&hellip;]\" \/>\n<meta property=\"og:url\" content=\"https:\/\/www.eldiario.net\/portal\/2024\/06\/27\/toma-militar-de-palacio-quemado-provoca-filas-en-gasolineras-mercados-y-banca\/\" \/>\n<meta property=\"og:site_name\" content=\"El Diario - Bolivia\" \/>\n<meta property=\"article:publisher\" content=\"https:\/\/www.facebook.com\/eldiario.bolivia\/\" \/>\n<meta property=\"article:published_time\" content=\"2024-06-27T09:41:56+00:00\" \/>\n<meta property=\"og:image\" content=\"https:\/\/www.eldiario.net\/portal\/wp-content\/uploads\/2024\/06\/BUEBO-FOTO-2.jpg\" \/>\n\t<meta property=\"og:image:width\" content=\"480\" \/>\n\t<meta property=\"og:image:height\" content=\"441\" \/>\n\t<meta property=\"og:image:type\" content=\"image\/jpeg\" \/>\n<meta name=\"author\" content=\"Jeanette\" \/>\n<meta name=\"twitter:card\" content=\"summary_large_image\" \/>\n<meta name=\"twitter:creator\" content=\"@eldiario_net\" \/>\n<meta name=\"twitter:site\" content=\"@eldiario_net\" \/>\n<meta name=\"twitter:label1\" content=\"Escrito por\" \/>\n\t<meta name=\"twitter:data1\" content=\"Jeanette\" \/>\n\t<meta name=\"twitter:label2\" content=\"Tiempo de lectura\" \/>\n\t<meta name=\"twitter:data2\" content=\"2 minutos\" \/>\n<script type=\"application\/ld+json\" class=\"yoast-schema-graph\">{\"@context\":\"https:\\\/\\\/schema.org\",\"@graph\":[{\"@type\":\"Article\",\"@id\":\"https:\\\/\\\/www.eldiario.net\\\/portal\\\/2024\\\/06\\\/27\\\/toma-militar-de-palacio-quemado-provoca-filas-en-gasolineras-mercados-y-banca\\\/#article\",\"isPartOf\":{\"@id\":\"https:\\\/\\\/www.eldiario.net\\\/portal\\\/2024\\\/06\\\/27\\\/toma-militar-de-palacio-quemado-provoca-filas-en-gasolineras-mercados-y-banca\\\/\"},\"author\":{\"name\":\"Jeanette\",\"@id\":\"https:\\\/\\\/www.eldiario.net\\\/portal\\\/#\\\/schema\\\/person\\\/f46445640444750d7d753ccd04ae01b7\"},\"headline\":\"Toma militar de Palacio Quemado provoca filas en gasolineras, mercados y banca\",\"datePublished\":\"2024-06-27T09:41:56+00:00\",\"mainEntityOfPage\":{\"@id\":\"https:\\\/\\\/www.eldiario.net\\\/portal\\\/2024\\\/06\\\/27\\\/toma-militar-de-palacio-quemado-provoca-filas-en-gasolineras-mercados-y-banca\\\/\"},\"wordCount\":306,\"commentCount\":0,\"publisher\":{\"@id\":\"https:\\\/\\\/www.eldiario.net\\\/portal\\\/#organization\"},\"image\":{\"@id\":\"https:\\\/\\\/www.eldiario.net\\\/portal\\\/2024\\\/06\\\/27\\\/toma-militar-de-palacio-quemado-provoca-filas-en-gasolineras-mercados-y-banca\\\/#primaryimage\"},\"thumbnailUrl\":\"https:\\\/\\\/www.eldiario.net\\\/portal\\\/wp-content\\\/uploads\\\/2024\\\/06\\\/BUEBO-FOTO-2.jpg\",\"articleSection\":[\"Portada\"],\"inLanguage\":\"es\",\"potentialAction\":[{\"@type\":\"CommentAction\",\"name\":\"Comment\",\"target\":[\"https:\\\/\\\/www.eldiario.net\\\/portal\\\/2024\\\/06\\\/27\\\/toma-militar-de-palacio-quemado-provoca-filas-en-gasolineras-mercados-y-banca\\\/#respond\"]}]},{\"@type\":\"WebPage\",\"@id\":\"https:\\\/\\\/www.eldiario.net\\\/portal\\\/2024\\\/06\\\/27\\\/toma-militar-de-palacio-quemado-provoca-filas-en-gasolineras-mercados-y-banca\\\/\",\"url\":\"https:\\\/\\\/www.eldiario.net\\\/portal\\\/2024\\\/06\\\/27\\\/toma-militar-de-palacio-quemado-provoca-filas-en-gasolineras-mercados-y-banca\\\/\",\"name\":\"Toma militar de Palacio Quemado provoca filas en gasolineras, mercados y banca - El Diario - Bolivia\",\"isPartOf\":{\"@id\":\"https:\\\/\\\/www.eldiario.net\\\/portal\\\/#website\"},\"primaryImageOfPage\":{\"@id\":\"https:\\\/\\\/www.eldiario.net\\\/portal\\\/2024\\\/06\\\/27\\\/toma-militar-de-palacio-quemado-provoca-filas-en-gasolineras-mercados-y-banca\\\/#primaryimage\"},\"image\":{\"@id\":\"https:\\\/\\\/www.eldiario.net\\\/portal\\\/2024\\\/06\\\/27\\\/toma-militar-de-palacio-quemado-provoca-filas-en-gasolineras-mercados-y-banca\\\/#primaryimage\"},\"thumbnailUrl\":\"https:\\\/\\\/www.eldiario.net\\\/portal\\\/wp-content\\\/uploads\\\/2024\\\/06\\\/BUEBO-FOTO-2.jpg\",\"datePublished\":\"2024-06-27T09:41:56+00:00\",\"breadcrumb\":{\"@id\":\"https:\\\/\\\/www.eldiario.net\\\/portal\\\/2024\\\/06\\\/27\\\/toma-militar-de-palacio-quemado-provoca-filas-en-gasolineras-mercados-y-banca\\\/#breadcrumb\"},\"inLanguage\":\"es\",\"potentialAction\":[{\"@type\":\"ReadAction\",\"target\":[\"https:\\\/\\\/www.eldiario.net\\\/portal\\\/2024\\\/06\\\/27\\\/toma-militar-de-palacio-quemado-provoca-filas-en-gasolineras-mercados-y-banca\\\/\"]}]},{\"@type\":\"ImageObject\",\"inLanguage\":\"es\",\"@id\":\"https:\\\/\\\/www.eldiario.net\\\/portal\\\/2024\\\/06\\\/27\\\/toma-militar-de-palacio-quemado-provoca-filas-en-gasolineras-mercados-y-banca\\\/#primaryimage\",\"url\":\"https:\\\/\\\/www.eldiario.net\\\/portal\\\/wp-content\\\/uploads\\\/2024\\\/06\\\/BUEBO-FOTO-2.jpg\",\"contentUrl\":\"https:\\\/\\\/www.eldiario.net\\\/portal\\\/wp-content\\\/uploads\\\/2024\\\/06\\\/BUEBO-FOTO-2.jpg\",\"width\":480,\"height\":441,\"caption\":\"La ciudadan\u00eda acudi\u00f3 a los mercados para aprovisionarse de alimentos y otros productos. FOTOS: EL DIARIO\"},{\"@type\":\"BreadcrumbList\",\"@id\":\"https:\\\/\\\/www.eldiario.net\\\/portal\\\/2024\\\/06\\\/27\\\/toma-militar-de-palacio-quemado-provoca-filas-en-gasolineras-mercados-y-banca\\\/#breadcrumb\",\"itemListElement\":[{\"@type\":\"ListItem\",\"position\":1,\"name\":\"Portada\",\"item\":\"https:\\\/\\\/www.eldiario.net\\\/portal\\\/\"},{\"@type\":\"ListItem\",\"position\":2,\"name\":\"Toma militar de Palacio Quemado provoca filas en gasolineras, mercados y banca\"}]},{\"@type\":\"WebSite\",\"@id\":\"https:\\\/\\\/www.eldiario.net\\\/portal\\\/#website\",\"url\":\"https:\\\/\\\/www.eldiario.net\\\/portal\\\/\",\"name\":\"El Diario - Decano de la prensa nacional\",\"description\":\"El Diario - Decano de la prensa nacional\",\"publisher\":{\"@id\":\"https:\\\/\\\/www.eldiario.net\\\/portal\\\/#organization\"},\"potentialAction\":[{\"@type\":\"SearchAction\",\"target\":{\"@type\":\"EntryPoint\",\"urlTemplate\":\"https:\\\/\\\/www.eldiario.net\\\/portal\\\/?s={search_term_string}\"},\"query-input\":{\"@type\":\"PropertyValueSpecification\",\"valueRequired\":true,\"valueName\":\"search_term_string\"}}],\"inLanguage\":\"es\"},{\"@type\":\"Organization\",\"@id\":\"https:\\\/\\\/www.eldiario.net\\\/portal\\\/#organization\",\"name\":\"El Diario - Decano de la prensa nacional\",\"url\":\"https:\\\/\\\/www.eldiario.net\\\/portal\\\/\",\"logo\":{\"@type\":\"ImageObject\",\"inLanguage\":\"es\",\"@id\":\"https:\\\/\\\/www.eldiario.net\\\/portal\\\/#\\\/schema\\\/logo\\\/image\\\/\",\"url\":\"https:\\\/\\\/www.eldiario.net\\\/portal\\\/wp-content\\\/uploads\\\/2023\\\/07\\\/logo_ED.jpg\",\"contentUrl\":\"https:\\\/\\\/www.eldiario.net\\\/portal\\\/wp-content\\\/uploads\\\/2023\\\/07\\\/logo_ED.jpg\",\"width\":272,\"height\":52,\"caption\":\"El Diario - Decano de la prensa nacional\"},\"image\":{\"@id\":\"https:\\\/\\\/www.eldiario.net\\\/portal\\\/#\\\/schema\\\/logo\\\/image\\\/\"},\"sameAs\":[\"https:\\\/\\\/www.facebook.com\\\/eldiario.bolivia\\\/\",\"https:\\\/\\\/x.com\\\/eldiario_net\"]},{\"@type\":\"Person\",\"@id\":\"https:\\\/\\\/www.eldiario.net\\\/portal\\\/#\\\/schema\\\/person\\\/f46445640444750d7d753ccd04ae01b7\",\"name\":\"Jeanette\",\"image\":{\"@type\":\"ImageObject\",\"inLanguage\":\"es\",\"@id\":\"https:\\\/\\\/secure.gravatar.com\\\/avatar\\\/3ea2118a5f7dad2b7138b1187a6b7ee55f160b9968b66013c3a3ef39dd7e5798?s=96&d=mm&r=g\",\"url\":\"https:\\\/\\\/secure.gravatar.com\\\/avatar\\\/3ea2118a5f7dad2b7138b1187a6b7ee55f160b9968b66013c3a3ef39dd7e5798?s=96&d=mm&r=g\",\"contentUrl\":\"https:\\\/\\\/secure.gravatar.com\\\/avatar\\\/3ea2118a5f7dad2b7138b1187a6b7ee55f160b9968b66013c3a3ef39dd7e5798?s=96&d=mm&r=g\",\"caption\":\"Jeanette\"},\"sameAs\":[\"https:\\\/\\\/www.eldiario.net\\\/portal\"],\"url\":\"https:\\\/\\\/www.eldiario.net\\\/portal\\\/author\\\/jeanette\\\/\"}]}<\/script>\n<!-- \/ Yoast SEO plugin. -->","yoast_head_json":{"title":"Toma militar de Palacio Quemado provoca filas en gasolineras, mercados y banca - El Diario - Bolivia","robots":{"index":"index","follow":"follow","max-snippet":"max-snippet:-1","max-image-preview":"max-image-preview:large","max-video-preview":"max-video-preview:-1"},"canonical":"https:\/\/www.eldiario.net\/portal\/2024\/06\/27\/toma-militar-de-palacio-quemado-provoca-filas-en-gasolineras-mercados-y-banca\/","og_locale":"es_ES","og_type":"article","og_title":"Toma militar de Palacio Quemado provoca filas en gasolineras, mercados y banca - El Diario - Bolivia","og_description":"Tras la toma por parte de militares de plaza Murillo y la toma del Palacio Quemado, la gente acudi\u00f3 masivamente a los bancos a sacar su dinero, a los mercados y supermercados para abastecerse principalmente de alimentos y a las estaciones de servicio para comprar combustibles. Mientras que un comunicado de la Autoridad de Supervisi\u00f3n [&hellip;]","og_url":"https:\/\/www.eldiario.net\/portal\/2024\/06\/27\/toma-militar-de-palacio-quemado-provoca-filas-en-gasolineras-mercados-y-banca\/","og_site_name":"El Diario - Bolivia","article_publisher":"https:\/\/www.facebook.com\/eldiario.bolivia\/","article_published_time":"2024-06-27T09:41:56+00:00","og_image":[{"width":480,"height":441,"url":"https:\/\/www.eldiario.net\/portal\/wp-content\/uploads\/2024\/06\/BUEBO-FOTO-2.jpg","type":"image\/jpeg"}],"author":"Jeanette","twitter_card":"summary_large_image","twitter_creator":"@eldiario_net","twitter_site":"@eldiario_net","twitter_misc":{"Escrito por":"Jeanette","Tiempo de lectura":"2 minutos"},"schema":{"@context":"https:\/\/schema.org","@graph":[{"@type":"Article","@id":"https:\/\/www.eldiario.net\/portal\/2024\/06\/27\/toma-militar-de-palacio-quemado-provoca-filas-en-gasolineras-mercados-y-banca\/#article","isPartOf":{"@id":"https:\/\/www.eldiario.net\/portal\/2024\/06\/27\/toma-militar-de-palacio-quemado-provoca-filas-en-gasolineras-mercados-y-banca\/"},"author":{"name":"Jeanette","@id":"https:\/\/www.eldiario.net\/portal\/#\/schema\/person\/f46445640444750d7d753ccd04ae01b7"},"headline":"Toma militar de Palacio Quemado provoca filas en gasolineras, mercados y banca","datePublished":"2024-06-27T09:41:56+00:00","mainEntityOfPage":{"@id":"https:\/\/www.eldiario.net\/portal\/2024\/06\/27\/toma-militar-de-palacio-quemado-provoca-filas-en-gasolineras-mercados-y-banca\/"},"wordCount":306,"commentCount":0,"publisher":{"@id":"https:\/\/www.eldiario.net\/portal\/#organization"},"image":{"@id":"https:\/\/www.eldiario.net\/portal\/2024\/06\/27\/toma-militar-de-palacio-quemado-provoca-filas-en-gasolineras-mercados-y-banca\/#primaryimage"},"thumbnailUrl":"https:\/\/www.eldiario.net\/portal\/wp-content\/uploads\/2024\/06\/BUEBO-FOTO-2.jpg","articleSection":["Portada"],"inLanguage":"es","potentialAction":[{"@type":"CommentAction","name":"Comment","target":["https:\/\/www.eldiario.net\/portal\/2024\/06\/27\/toma-militar-de-palacio-quemado-provoca-filas-en-gasolineras-mercados-y-banca\/#respond"]}]},{"@type":"WebPage","@id":"https:\/\/www.eldiario.net\/portal\/2024\/06\/27\/toma-militar-de-palacio-quemado-provoca-filas-en-gasolineras-mercados-y-banca\/","url":"https:\/\/www.eldiario.net\/portal\/2024\/06\/27\/toma-militar-de-palacio-quemado-provoca-filas-en-gasolineras-mercados-y-banca\/","name":"Toma militar de Palacio Quemado provoca filas en gasolineras, mercados y banca - El Diario - Bolivia","isPartOf":{"@id":"https:\/\/www.eldiario.net\/portal\/#website"},"primaryImageOfPage":{"@id":"https:\/\/www.eldiario.net\/portal\/2024\/06\/27\/toma-militar-de-palacio-quemado-provoca-filas-en-gasolineras-mercados-y-banca\/#primaryimage"},"image":{"@id":"https:\/\/www.eldiario.net\/portal\/2024\/06\/27\/toma-militar-de-palacio-quemado-provoca-filas-en-gasolineras-mercados-y-banca\/#primaryimage"},"thumbnailUrl":"https:\/\/www.eldiario.net\/portal\/wp-content\/uploads\/2024\/06\/BUEBO-FOTO-2.jpg","datePublished":"2024-06-27T09:41:56+00:00","breadcrumb":{"@id":"https:\/\/www.eldiario.net\/portal\/2024\/06\/27\/toma-militar-de-palacio-quemado-provoca-filas-en-gasolineras-mercados-y-banca\/#breadcrumb"},"inLanguage":"es","potentialAction":[{"@type":"ReadAction","target":["https:\/\/www.eldiario.net\/portal\/2024\/06\/27\/toma-militar-de-palacio-quemado-provoca-filas-en-gasolineras-mercados-y-banca\/"]}]},{"@type":"ImageObject","inLanguage":"es","@id":"https:\/\/www.eldiario.net\/portal\/2024\/06\/27\/toma-militar-de-palacio-quemado-provoca-filas-en-gasolineras-mercados-y-banca\/#primaryimage","url":"https:\/\/www.eldiario.net\/portal\/wp-content\/uploads\/2024\/06\/BUEBO-FOTO-2.jpg","contentUrl":"https:\/\/www.eldiario.net\/portal\/wp-content\/uploads\/2024\/06\/BUEBO-FOTO-2.jpg","width":480,"height":441,"caption":"La ciudadan\u00eda acudi\u00f3 a los mercados para aprovisionarse de alimentos y otros productos. FOTOS: EL DIARIO"},{"@type":"BreadcrumbList","@id":"https:\/\/www.eldiario.net\/portal\/2024\/06\/27\/toma-militar-de-palacio-quemado-provoca-filas-en-gasolineras-mercados-y-banca\/#breadcrumb","itemListElement":[{"@type":"ListItem","position":1,"name":"Portada","item":"https:\/\/www.eldiario.net\/portal\/"},{"@type":"ListItem","position":2,"name":"Toma militar de Palacio Quemado provoca filas en gasolineras, mercados y banca"}]},{"@type":"WebSite","@id":"https:\/\/www.eldiario.net\/portal\/#website","url":"https:\/\/www.eldiario.net\/portal\/","name":"El Diario - Decano de la prensa nacional","description":"El Diario - Decano de la prensa nacional","publisher":{"@id":"https:\/\/www.eldiario.net\/portal\/#organization"},"potentialAction":[{"@type":"SearchAction","target":{"@type":"EntryPoint","urlTemplate":"https:\/\/www.eldiario.net\/portal\/?s={search_term_string}"},"query-input":{"@type":"PropertyValueSpecification","valueRequired":true,"valueName":"search_term_string"}}],"inLanguage":"es"},{"@type":"Organization","@id":"https:\/\/www.eldiario.net\/portal\/#organization","name":"El Diario - Decano de la prensa nacional","url":"https:\/\/www.eldiario.net\/portal\/","logo":{"@type":"ImageObject","inLanguage":"es","@id":"https:\/\/www.eldiario.net\/portal\/#\/schema\/logo\/image\/","url":"https:\/\/www.eldiario.net\/portal\/wp-content\/uploads\/2023\/07\/logo_ED.jpg","contentUrl":"https:\/\/www.eldiario.net\/portal\/wp-content\/uploads\/2023\/07\/logo_ED.jpg","width":272,"height":52,"caption":"El Diario - Decano de la prensa nacional"},"image":{"@id":"https:\/\/www.eldiario.net\/portal\/#\/schema\/logo\/image\/"},"sameAs":["https:\/\/www.facebook.com\/eldiario.bolivia\/","https:\/\/x.com\/eldiario_net"]},{"@type":"Person","@id":"https:\/\/www.eldiario.net\/portal\/#\/schema\/person\/f46445640444750d7d753ccd04ae01b7","name":"Jeanette","image":{"@type":"ImageObject","inLanguage":"es","@id":"https:\/\/secure.gravatar.com\/avatar\/3ea2118a5f7dad2b7138b1187a6b7ee55f160b9968b66013c3a3ef39dd7e5798?s=96&d=mm&r=g","url":"https:\/\/secure.gravatar.com\/avatar\/3ea2118a5f7dad2b7138b1187a6b7ee55f160b9968b66013c3a3ef39dd7e5798?s=96&d=mm&r=g","contentUrl":"https:\/\/secure.gravatar.com\/avatar\/3ea2118a5f7dad2b7138b1187a6b7ee55f160b9968b66013c3a3ef39dd7e5798?s=96&d=mm&r=g","caption":"Jeanette"},"sameAs":["https:\/\/www.eldiario.net\/portal"],"url":"https:\/\/www.eldiario.net\/portal\/author\/jeanette\/"}]}},"_links":{"self":[{"href":"https:\/\/www.eldiario.net\/portal\/wp-json\/wp\/v2\/posts\/229989","targetHints":{"allow":["GET"]}}],"collection":[{"href":"https:\/\/www.eldiario.net\/portal\/wp-json\/wp\/v2\/posts"}],"about":[{"href":"https:\/\/www.eldiario.net\/portal\/wp-json\/wp\/v2\/types\/post"}],"author":[{"embeddable":true,"href":"https:\/\/www.eldiario.net\/portal\/wp-json\/wp\/v2\/users\/1"}],"replies":[{"embeddable":true,"href":"https:\/\/www.eldiario.net\/portal\/wp-json\/wp\/v2\/comments?post=229989"}],"version-history":[{"count":1,"href":"https:\/\/www.eldiario.net\/portal\/wp-json\/wp\/v2\/posts\/229989\/revisions"}],"predecessor-version":[{"id":229992,"href":"https:\/\/www.eldiario.net\/portal\/wp-json\/wp\/v2\/posts\/229989\/revisions\/229992"}],"wp:featuredmedia":[{"embeddable":true,"href":"https:\/\/www.eldiario.net\/portal\/wp-json\/wp\/v2\/media\/229990"}],"wp:attachment":[{"href":"https:\/\/www.eldiario.net\/portal\/wp-json\/wp\/v2\/media?parent=229989"}],"wp:term":[{"taxonomy":"category","embeddable":true,"href":"https:\/\/www.eldiario.net\/portal\/wp-json\/wp\/v2\/categories?post=229989"},{"taxonomy":"post_tag","embeddable":true,"href":"https:\/\/www.eldiario.net\/portal\/wp-json\/wp\/v2\/tags?post=229989"}],"curies":[{"name":"wp","href":"https:\/\/api.w.org\/{rel}","templated":true}]}}