{"id":229983,"date":"2024-06-27T05:38:40","date_gmt":"2024-06-27T09:38:40","guid":{"rendered":"https:\/\/www.eldiario.net\/portal\/?p=229983"},"modified":"2024-06-27T05:38:40","modified_gmt":"2024-06-27T09:38:40","slug":"expresidente-de-honduras-condenado-a-45-anos-de-prision","status":"publish","type":"post","link":"https:\/\/www.eldiario.net\/portal\/2024\/06\/27\/expresidente-de-honduras-condenado-a-45-anos-de-prision\/","title":{"rendered":"Expresidente de Honduras  condenado a 45 a\u00f1os de prisi\u00f3n"},"content":{"rendered":"<p>La Justicia de Estados Unidos defini\u00f3 finalmente ayer que el expresidente de Honduras, Juan Orlando Hern\u00e1ndez, sea condenado a 45 a\u00f1os de c\u00e1rcel en el pa\u00eds y cinco m\u00e1s en libertad vigilada, al concluir su tiempo tras las rejas, por un caso de narcotr\u00e1fico por el que hab\u00eda sido investigado.<\/p>\n<p>Asimismo, deber\u00e1 pagar una multa de USD 8 millones, que en las pr\u00f3ximas dos semanas su abogado deber\u00e1 informar c\u00f3mo ser\u00e1 abonada, mientras que la Justicia dispone de una ventana de 120 d\u00edas para anunciar el penal en el que pasar\u00e1 estos a\u00f1os.<\/p>\n<p>En marzo, el tribunal de Nueva York ya lo hab\u00eda encontrado culpable de tres cargos de tr\u00e1fico de drogas y armas hacia el pa\u00eds durante sus a\u00f1os al frente de la naci\u00f3n centroamericana y ahora, s\u00f3lo restaba conocerse la sentencia final.<\/p>\n<p>La Fiscal\u00eda hab\u00eda solicitado la cadena perpetua mientras su defensa aspiraba a unos 40 a\u00f1os. Sin embargo, su abogado, Renato Stabile, confirm\u00f3 que apelar\u00e1 la sentencia ya que \u00e9sta \u201cno es una victoria\u201d, y tratar\u00e1n de conseguir un nuevo juicio.<\/p>\n<p>\u201cNo creo que haya una reducci\u00f3n de la pena (pero) queremos que haya un nuevo juicio. JOH considera que en un nuevo proceso ser\u00eda declarado inocente\u201d, sostuvo sobre este proceso que prev\u00e9 ser\u00e1 \u201clargo\u201d pero para el que su cliente est\u00e1 mental y an\u00edmicamente preparado.<\/p>\n<p>Ayer, el ex mandatario se present\u00f3 en la sede donde finalizar\u00eda el proceso en su contra vestido con una camisa de color beige y sosteni\u00e9ndose con la ayuda de un bast\u00f3n. Una vez dentro de la sala, pronunci\u00f3 unas breves \u00faltimas palabras en las que insisti\u00f3 en su inocencia y denunci\u00f3 nuevamente que el juicio hab\u00eda estado plagado de errores e injusticias.<\/p>\n<p>\u201cLo m\u00e1s seguro es que est\u00e9 preso de por vida\u201d, una decisi\u00f3n \u201cinjusta e indebida\u201d, dijo ante los magistrados y sum\u00f3 que \u201csi no es hoy, la verdad saldr\u00e1 a la luz ma\u00f1ana y har\u00e1 mucho da\u00f1o a este pa\u00eds y la alianza de pa\u00edses que luchan contra el narcotr\u00e1fico\u201d.<\/p>\n<p>Por su parte, antes de anunciar la decisi\u00f3n final, el juez Kevin Castel le dijo que era \u201cun hombre de dos caras\u201d, una con la que proclamaba su compromiso contra el narcotr\u00e1fico y la segunda, con la que facilit\u00f3 el ingreso del equivalente a diez millones de d\u00f3lares en droga. A continuaci\u00f3n, sostuvo que la sentencia enviar\u00eda un mensaje \u201ca los educados y bien vestidos\u201d, en referencia a otros gobernantes corruptos, de que \u201cno crean que van a librarse de las acusaciones\u201d.<\/p>\n<p>Hern\u00e1ndez est\u00e1 acusado de haber convertido a Honduras en una de las principales rutas por las que ingresaba droga en Estados Unidos durante su mandato (2014-2022) por medio de una \u201cconspiraci\u00f3n corrupta y violenta\u201d. Se estima que gracias a ella, consigui\u00f3 la importaci\u00f3n de cientos de miles de kilogramos de coca\u00edna a territorio estadounidense.<\/p>\n<p>Inclusive, durante el juicio, que dur\u00f3 poco m\u00e1s de dos semanas, varios de los narcotraficantes que participaron de esta trama testificaron en su contra y aseguraron que el ex mandatario hab\u00eda aceptado dinero de carteles de drogas para llegar a la presidencia, incluida la suma de un mill\u00f3n de d\u00f3lares del de Sinaloa, que entonces estaba dirigido por Joaqu\u00edn \u201cel Chapo\u201d Guzm\u00e1n.<\/p>\n<p>Asimismo, confirmaron que se vali\u00f3 de recursos del Estado para proteger los cargamentos de estas sustancias ilegales que llegaban al pa\u00eds desde Sudam\u00e9rica y continuaban su ruta hasta M\u00e9xico y finalmente, Estados Unidos.<\/p>\n<p>Hern\u00e1ndez, sin embargo, asegur\u00f3 que estas declaraciones fueron una represalia por la persecuci\u00f3n contra los narcotraficantes, que lanz\u00f3 durante su gobierno, y que en ese sentido, mientras estuvo al frente del pa\u00eds en Honduras se tomaron extraordinarias e hist\u00f3ricas decisiones para reducir y parar el tr\u00e1fico de drogas, as\u00ed como la aprobaci\u00f3n de la extradici\u00f3n, la depuraci\u00f3n de la Polic\u00eda y la ley de protecci\u00f3n del espacio a\u00e9reo, entre otras acciones, que resultaron en la disminuci\u00f3n de la violencia y la criminalidad. (Infobae\/Afp\/Efe\/Reuters)<\/p>\n","protected":false},"excerpt":{"rendered":"<p>La Justicia de Estados Unidos defini\u00f3 finalmente ayer que el expresidente de Honduras, Juan Orlando Hern\u00e1ndez, sea condenado a 45 a\u00f1os de c\u00e1rcel en el pa\u00eds y cinco m\u00e1s en libertad vigilada, al concluir su tiempo tras las rejas, por un caso de narcotr\u00e1fico por el que hab\u00eda sido investigado. Asimismo, deber\u00e1 pagar una multa [&hellip;]<\/p>\n","protected":false},"author":1,"featured_media":229984,"comment_status":"open","ping_status":"open","sticky":false,"template":"","format":"standard","meta":{"_acf_changed":false,"footnotes":""},"categories":[15],"tags":[],"class_list":["post-229983","post","type-post","status-publish","format-standard","has-post-thumbnail","category-portada"],"acf":{"antetitulo":"Por narcotr\u00e1fico"},"yoast_head":"<!-- This site is optimized with the Yoast SEO plugin v28.4 - https:\/\/yoast.com\/product\/yoast-seo-wordpress\/ -->\n<title>Expresidente de Honduras condenado a 45 a\u00f1os de prisi\u00f3n - El Diario - Bolivia<\/title>\n<meta name=\"robots\" content=\"index, follow, max-snippet:-1, max-image-preview:large, max-video-preview:-1\" \/>\n<link rel=\"canonical\" href=\"https:\/\/www.eldiario.net\/portal\/2024\/06\/27\/expresidente-de-honduras-condenado-a-45-anos-de-prision\/\" \/>\n<meta property=\"og:locale\" content=\"es_ES\" \/>\n<meta property=\"og:type\" content=\"article\" \/>\n<meta property=\"og:title\" content=\"Expresidente de Honduras condenado a 45 a\u00f1os de prisi\u00f3n - El Diario - Bolivia\" \/>\n<meta property=\"og:description\" content=\"La Justicia de Estados Unidos defini\u00f3 finalmente ayer que el expresidente de Honduras, Juan Orlando Hern\u00e1ndez, sea condenado a 45 a\u00f1os de c\u00e1rcel en el pa\u00eds y cinco m\u00e1s en libertad vigilada, al concluir su tiempo tras las rejas, por un caso de narcotr\u00e1fico por el que hab\u00eda sido investigado. Asimismo, deber\u00e1 pagar una multa [&hellip;]\" \/>\n<meta property=\"og:url\" content=\"https:\/\/www.eldiario.net\/portal\/2024\/06\/27\/expresidente-de-honduras-condenado-a-45-anos-de-prision\/\" \/>\n<meta property=\"og:site_name\" content=\"El Diario - Bolivia\" \/>\n<meta property=\"article:publisher\" content=\"https:\/\/www.facebook.com\/eldiario.bolivia\/\" \/>\n<meta property=\"article:published_time\" content=\"2024-06-27T09:38:40+00:00\" \/>\n<meta property=\"og:image\" content=\"https:\/\/www.eldiario.net\/portal\/wp-content\/uploads\/2024\/06\/PRISION-FOTO.jpg\" \/>\n\t<meta property=\"og:image:width\" content=\"1200\" \/>\n\t<meta property=\"og:image:height\" content=\"720\" \/>\n\t<meta property=\"og:image:type\" content=\"image\/jpeg\" \/>\n<meta name=\"author\" content=\"Jeanette\" \/>\n<meta name=\"twitter:card\" content=\"summary_large_image\" \/>\n<meta name=\"twitter:creator\" content=\"@eldiario_net\" \/>\n<meta name=\"twitter:site\" content=\"@eldiario_net\" \/>\n<meta name=\"twitter:label1\" content=\"Escrito por\" \/>\n\t<meta name=\"twitter:data1\" content=\"Jeanette\" \/>\n\t<meta name=\"twitter:label2\" content=\"Tiempo de lectura\" \/>\n\t<meta name=\"twitter:data2\" content=\"4 minutos\" \/>\n<script type=\"application\/ld+json\" class=\"yoast-schema-graph\">{\"@context\":\"https:\\\/\\\/schema.org\",\"@graph\":[{\"@type\":\"Article\",\"@id\":\"https:\\\/\\\/www.eldiario.net\\\/portal\\\/2024\\\/06\\\/27\\\/expresidente-de-honduras-condenado-a-45-anos-de-prision\\\/#article\",\"isPartOf\":{\"@id\":\"https:\\\/\\\/www.eldiario.net\\\/portal\\\/2024\\\/06\\\/27\\\/expresidente-de-honduras-condenado-a-45-anos-de-prision\\\/\"},\"author\":{\"name\":\"Jeanette\",\"@id\":\"https:\\\/\\\/www.eldiario.net\\\/portal\\\/#\\\/schema\\\/person\\\/f46445640444750d7d753ccd04ae01b7\"},\"headline\":\"Expresidente de Honduras condenado a 45 a\u00f1os de prisi\u00f3n\",\"datePublished\":\"2024-06-27T09:38:40+00:00\",\"mainEntityOfPage\":{\"@id\":\"https:\\\/\\\/www.eldiario.net\\\/portal\\\/2024\\\/06\\\/27\\\/expresidente-de-honduras-condenado-a-45-anos-de-prision\\\/\"},\"wordCount\":719,\"commentCount\":0,\"publisher\":{\"@id\":\"https:\\\/\\\/www.eldiario.net\\\/portal\\\/#organization\"},\"image\":{\"@id\":\"https:\\\/\\\/www.eldiario.net\\\/portal\\\/2024\\\/06\\\/27\\\/expresidente-de-honduras-condenado-a-45-anos-de-prision\\\/#primaryimage\"},\"thumbnailUrl\":\"https:\\\/\\\/www.eldiario.net\\\/portal\\\/wp-content\\\/uploads\\\/2024\\\/06\\\/PRISION-FOTO.jpg\",\"articleSection\":[\"Portada\"],\"inLanguage\":\"es\",\"potentialAction\":[{\"@type\":\"CommentAction\",\"name\":\"Comment\",\"target\":[\"https:\\\/\\\/www.eldiario.net\\\/portal\\\/2024\\\/06\\\/27\\\/expresidente-de-honduras-condenado-a-45-anos-de-prision\\\/#respond\"]}]},{\"@type\":\"WebPage\",\"@id\":\"https:\\\/\\\/www.eldiario.net\\\/portal\\\/2024\\\/06\\\/27\\\/expresidente-de-honduras-condenado-a-45-anos-de-prision\\\/\",\"url\":\"https:\\\/\\\/www.eldiario.net\\\/portal\\\/2024\\\/06\\\/27\\\/expresidente-de-honduras-condenado-a-45-anos-de-prision\\\/\",\"name\":\"Expresidente de Honduras condenado a 45 a\u00f1os de prisi\u00f3n - El Diario - Bolivia\",\"isPartOf\":{\"@id\":\"https:\\\/\\\/www.eldiario.net\\\/portal\\\/#website\"},\"primaryImageOfPage\":{\"@id\":\"https:\\\/\\\/www.eldiario.net\\\/portal\\\/2024\\\/06\\\/27\\\/expresidente-de-honduras-condenado-a-45-anos-de-prision\\\/#primaryimage\"},\"image\":{\"@id\":\"https:\\\/\\\/www.eldiario.net\\\/portal\\\/2024\\\/06\\\/27\\\/expresidente-de-honduras-condenado-a-45-anos-de-prision\\\/#primaryimage\"},\"thumbnailUrl\":\"https:\\\/\\\/www.eldiario.net\\\/portal\\\/wp-content\\\/uploads\\\/2024\\\/06\\\/PRISION-FOTO.jpg\",\"datePublished\":\"2024-06-27T09:38:40+00:00\",\"breadcrumb\":{\"@id\":\"https:\\\/\\\/www.eldiario.net\\\/portal\\\/2024\\\/06\\\/27\\\/expresidente-de-honduras-condenado-a-45-anos-de-prision\\\/#breadcrumb\"},\"inLanguage\":\"es\",\"potentialAction\":[{\"@type\":\"ReadAction\",\"target\":[\"https:\\\/\\\/www.eldiario.net\\\/portal\\\/2024\\\/06\\\/27\\\/expresidente-de-honduras-condenado-a-45-anos-de-prision\\\/\"]}]},{\"@type\":\"ImageObject\",\"inLanguage\":\"es\",\"@id\":\"https:\\\/\\\/www.eldiario.net\\\/portal\\\/2024\\\/06\\\/27\\\/expresidente-de-honduras-condenado-a-45-anos-de-prision\\\/#primaryimage\",\"url\":\"https:\\\/\\\/www.eldiario.net\\\/portal\\\/wp-content\\\/uploads\\\/2024\\\/06\\\/PRISION-FOTO.jpg\",\"contentUrl\":\"https:\\\/\\\/www.eldiario.net\\\/portal\\\/wp-content\\\/uploads\\\/2024\\\/06\\\/PRISION-FOTO.jpg\",\"width\":1200,\"height\":720,\"caption\":\"LA JUSTICIA DISPONDR\u00c1 EN 120 D\u00cdAS EN QU\u00c9 PENAL PASAR\u00c1 LOS 45 A\u00d1OS DE PRISI\u00d3N. FOTO: HCH\"},{\"@type\":\"BreadcrumbList\",\"@id\":\"https:\\\/\\\/www.eldiario.net\\\/portal\\\/2024\\\/06\\\/27\\\/expresidente-de-honduras-condenado-a-45-anos-de-prision\\\/#breadcrumb\",\"itemListElement\":[{\"@type\":\"ListItem\",\"position\":1,\"name\":\"Portada\",\"item\":\"https:\\\/\\\/www.eldiario.net\\\/portal\\\/\"},{\"@type\":\"ListItem\",\"position\":2,\"name\":\"Expresidente de Honduras condenado a 45 a\u00f1os de prisi\u00f3n\"}]},{\"@type\":\"WebSite\",\"@id\":\"https:\\\/\\\/www.eldiario.net\\\/portal\\\/#website\",\"url\":\"https:\\\/\\\/www.eldiario.net\\\/portal\\\/\",\"name\":\"El Diario - Decano de la prensa nacional\",\"description\":\"El Diario - Decano de la prensa nacional\",\"publisher\":{\"@id\":\"https:\\\/\\\/www.eldiario.net\\\/portal\\\/#organization\"},\"potentialAction\":[{\"@type\":\"SearchAction\",\"target\":{\"@type\":\"EntryPoint\",\"urlTemplate\":\"https:\\\/\\\/www.eldiario.net\\\/portal\\\/?s={search_term_string}\"},\"query-input\":{\"@type\":\"PropertyValueSpecification\",\"valueRequired\":true,\"valueName\":\"search_term_string\"}}],\"inLanguage\":\"es\"},{\"@type\":\"Organization\",\"@id\":\"https:\\\/\\\/www.eldiario.net\\\/portal\\\/#organization\",\"name\":\"El Diario - Decano de la prensa nacional\",\"url\":\"https:\\\/\\\/www.eldiario.net\\\/portal\\\/\",\"logo\":{\"@type\":\"ImageObject\",\"inLanguage\":\"es\",\"@id\":\"https:\\\/\\\/www.eldiario.net\\\/portal\\\/#\\\/schema\\\/logo\\\/image\\\/\",\"url\":\"https:\\\/\\\/www.eldiario.net\\\/portal\\\/wp-content\\\/uploads\\\/2023\\\/07\\\/logo_ED.jpg\",\"contentUrl\":\"https:\\\/\\\/www.eldiario.net\\\/portal\\\/wp-content\\\/uploads\\\/2023\\\/07\\\/logo_ED.jpg\",\"width\":272,\"height\":52,\"caption\":\"El Diario - Decano de la prensa nacional\"},\"image\":{\"@id\":\"https:\\\/\\\/www.eldiario.net\\\/portal\\\/#\\\/schema\\\/logo\\\/image\\\/\"},\"sameAs\":[\"https:\\\/\\\/www.facebook.com\\\/eldiario.bolivia\\\/\",\"https:\\\/\\\/x.com\\\/eldiario_net\"]},{\"@type\":\"Person\",\"@id\":\"https:\\\/\\\/www.eldiario.net\\\/portal\\\/#\\\/schema\\\/person\\\/f46445640444750d7d753ccd04ae01b7\",\"name\":\"Jeanette\",\"image\":{\"@type\":\"ImageObject\",\"inLanguage\":\"es\",\"@id\":\"https:\\\/\\\/secure.gravatar.com\\\/avatar\\\/3ea2118a5f7dad2b7138b1187a6b7ee55f160b9968b66013c3a3ef39dd7e5798?s=96&d=mm&r=g\",\"url\":\"https:\\\/\\\/secure.gravatar.com\\\/avatar\\\/3ea2118a5f7dad2b7138b1187a6b7ee55f160b9968b66013c3a3ef39dd7e5798?s=96&d=mm&r=g\",\"contentUrl\":\"https:\\\/\\\/secure.gravatar.com\\\/avatar\\\/3ea2118a5f7dad2b7138b1187a6b7ee55f160b9968b66013c3a3ef39dd7e5798?s=96&d=mm&r=g\",\"caption\":\"Jeanette\"},\"sameAs\":[\"https:\\\/\\\/www.eldiario.net\\\/portal\"],\"url\":\"https:\\\/\\\/www.eldiario.net\\\/portal\\\/author\\\/jeanette\\\/\"}]}<\/script>\n<!-- \/ Yoast SEO plugin. -->","yoast_head_json":{"title":"Expresidente de Honduras condenado a 45 a\u00f1os de prisi\u00f3n - El Diario - Bolivia","robots":{"index":"index","follow":"follow","max-snippet":"max-snippet:-1","max-image-preview":"max-image-preview:large","max-video-preview":"max-video-preview:-1"},"canonical":"https:\/\/www.eldiario.net\/portal\/2024\/06\/27\/expresidente-de-honduras-condenado-a-45-anos-de-prision\/","og_locale":"es_ES","og_type":"article","og_title":"Expresidente de Honduras condenado a 45 a\u00f1os de prisi\u00f3n - El Diario - Bolivia","og_description":"La Justicia de Estados Unidos defini\u00f3 finalmente ayer que el expresidente de Honduras, Juan Orlando Hern\u00e1ndez, sea condenado a 45 a\u00f1os de c\u00e1rcel en el pa\u00eds y cinco m\u00e1s en libertad vigilada, al concluir su tiempo tras las rejas, por un caso de narcotr\u00e1fico por el que hab\u00eda sido investigado. Asimismo, deber\u00e1 pagar una multa [&hellip;]","og_url":"https:\/\/www.eldiario.net\/portal\/2024\/06\/27\/expresidente-de-honduras-condenado-a-45-anos-de-prision\/","og_site_name":"El Diario - Bolivia","article_publisher":"https:\/\/www.facebook.com\/eldiario.bolivia\/","article_published_time":"2024-06-27T09:38:40+00:00","og_image":[{"width":1200,"height":720,"url":"https:\/\/www.eldiario.net\/portal\/wp-content\/uploads\/2024\/06\/PRISION-FOTO.jpg","type":"image\/jpeg"}],"author":"Jeanette","twitter_card":"summary_large_image","twitter_creator":"@eldiario_net","twitter_site":"@eldiario_net","twitter_misc":{"Escrito por":"Jeanette","Tiempo de lectura":"4 minutos"},"schema":{"@context":"https:\/\/schema.org","@graph":[{"@type":"Article","@id":"https:\/\/www.eldiario.net\/portal\/2024\/06\/27\/expresidente-de-honduras-condenado-a-45-anos-de-prision\/#article","isPartOf":{"@id":"https:\/\/www.eldiario.net\/portal\/2024\/06\/27\/expresidente-de-honduras-condenado-a-45-anos-de-prision\/"},"author":{"name":"Jeanette","@id":"https:\/\/www.eldiario.net\/portal\/#\/schema\/person\/f46445640444750d7d753ccd04ae01b7"},"headline":"Expresidente de Honduras condenado a 45 a\u00f1os de prisi\u00f3n","datePublished":"2024-06-27T09:38:40+00:00","mainEntityOfPage":{"@id":"https:\/\/www.eldiario.net\/portal\/2024\/06\/27\/expresidente-de-honduras-condenado-a-45-anos-de-prision\/"},"wordCount":719,"commentCount":0,"publisher":{"@id":"https:\/\/www.eldiario.net\/portal\/#organization"},"image":{"@id":"https:\/\/www.eldiario.net\/portal\/2024\/06\/27\/expresidente-de-honduras-condenado-a-45-anos-de-prision\/#primaryimage"},"thumbnailUrl":"https:\/\/www.eldiario.net\/portal\/wp-content\/uploads\/2024\/06\/PRISION-FOTO.jpg","articleSection":["Portada"],"inLanguage":"es","potentialAction":[{"@type":"CommentAction","name":"Comment","target":["https:\/\/www.eldiario.net\/portal\/2024\/06\/27\/expresidente-de-honduras-condenado-a-45-anos-de-prision\/#respond"]}]},{"@type":"WebPage","@id":"https:\/\/www.eldiario.net\/portal\/2024\/06\/27\/expresidente-de-honduras-condenado-a-45-anos-de-prision\/","url":"https:\/\/www.eldiario.net\/portal\/2024\/06\/27\/expresidente-de-honduras-condenado-a-45-anos-de-prision\/","name":"Expresidente de Honduras condenado a 45 a\u00f1os de prisi\u00f3n - El Diario - Bolivia","isPartOf":{"@id":"https:\/\/www.eldiario.net\/portal\/#website"},"primaryImageOfPage":{"@id":"https:\/\/www.eldiario.net\/portal\/2024\/06\/27\/expresidente-de-honduras-condenado-a-45-anos-de-prision\/#primaryimage"},"image":{"@id":"https:\/\/www.eldiario.net\/portal\/2024\/06\/27\/expresidente-de-honduras-condenado-a-45-anos-de-prision\/#primaryimage"},"thumbnailUrl":"https:\/\/www.eldiario.net\/portal\/wp-content\/uploads\/2024\/06\/PRISION-FOTO.jpg","datePublished":"2024-06-27T09:38:40+00:00","breadcrumb":{"@id":"https:\/\/www.eldiario.net\/portal\/2024\/06\/27\/expresidente-de-honduras-condenado-a-45-anos-de-prision\/#breadcrumb"},"inLanguage":"es","potentialAction":[{"@type":"ReadAction","target":["https:\/\/www.eldiario.net\/portal\/2024\/06\/27\/expresidente-de-honduras-condenado-a-45-anos-de-prision\/"]}]},{"@type":"ImageObject","inLanguage":"es","@id":"https:\/\/www.eldiario.net\/portal\/2024\/06\/27\/expresidente-de-honduras-condenado-a-45-anos-de-prision\/#primaryimage","url":"https:\/\/www.eldiario.net\/portal\/wp-content\/uploads\/2024\/06\/PRISION-FOTO.jpg","contentUrl":"https:\/\/www.eldiario.net\/portal\/wp-content\/uploads\/2024\/06\/PRISION-FOTO.jpg","width":1200,"height":720,"caption":"LA JUSTICIA DISPONDR\u00c1 EN 120 D\u00cdAS EN QU\u00c9 PENAL PASAR\u00c1 LOS 45 A\u00d1OS DE PRISI\u00d3N. FOTO: HCH"},{"@type":"BreadcrumbList","@id":"https:\/\/www.eldiario.net\/portal\/2024\/06\/27\/expresidente-de-honduras-condenado-a-45-anos-de-prision\/#breadcrumb","itemListElement":[{"@type":"ListItem","position":1,"name":"Portada","item":"https:\/\/www.eldiario.net\/portal\/"},{"@type":"ListItem","position":2,"name":"Expresidente de Honduras condenado a 45 a\u00f1os de prisi\u00f3n"}]},{"@type":"WebSite","@id":"https:\/\/www.eldiario.net\/portal\/#website","url":"https:\/\/www.eldiario.net\/portal\/","name":"El Diario - Decano de la prensa nacional","description":"El Diario - Decano de la prensa nacional","publisher":{"@id":"https:\/\/www.eldiario.net\/portal\/#organization"},"potentialAction":[{"@type":"SearchAction","target":{"@type":"EntryPoint","urlTemplate":"https:\/\/www.eldiario.net\/portal\/?s={search_term_string}"},"query-input":{"@type":"PropertyValueSpecification","valueRequired":true,"valueName":"search_term_string"}}],"inLanguage":"es"},{"@type":"Organization","@id":"https:\/\/www.eldiario.net\/portal\/#organization","name":"El Diario - Decano de la prensa nacional","url":"https:\/\/www.eldiario.net\/portal\/","logo":{"@type":"ImageObject","inLanguage":"es","@id":"https:\/\/www.eldiario.net\/portal\/#\/schema\/logo\/image\/","url":"https:\/\/www.eldiario.net\/portal\/wp-content\/uploads\/2023\/07\/logo_ED.jpg","contentUrl":"https:\/\/www.eldiario.net\/portal\/wp-content\/uploads\/2023\/07\/logo_ED.jpg","width":272,"height":52,"caption":"El Diario - Decano de la prensa nacional"},"image":{"@id":"https:\/\/www.eldiario.net\/portal\/#\/schema\/logo\/image\/"},"sameAs":["https:\/\/www.facebook.com\/eldiario.bolivia\/","https:\/\/x.com\/eldiario_net"]},{"@type":"Person","@id":"https:\/\/www.eldiario.net\/portal\/#\/schema\/person\/f46445640444750d7d753ccd04ae01b7","name":"Jeanette","image":{"@type":"ImageObject","inLanguage":"es","@id":"https:\/\/secure.gravatar.com\/avatar\/3ea2118a5f7dad2b7138b1187a6b7ee55f160b9968b66013c3a3ef39dd7e5798?s=96&d=mm&r=g","url":"https:\/\/secure.gravatar.com\/avatar\/3ea2118a5f7dad2b7138b1187a6b7ee55f160b9968b66013c3a3ef39dd7e5798?s=96&d=mm&r=g","contentUrl":"https:\/\/secure.gravatar.com\/avatar\/3ea2118a5f7dad2b7138b1187a6b7ee55f160b9968b66013c3a3ef39dd7e5798?s=96&d=mm&r=g","caption":"Jeanette"},"sameAs":["https:\/\/www.eldiario.net\/portal"],"url":"https:\/\/www.eldiario.net\/portal\/author\/jeanette\/"}]}},"_links":{"self":[{"href":"https:\/\/www.eldiario.net\/portal\/wp-json\/wp\/v2\/posts\/229983","targetHints":{"allow":["GET"]}}],"collection":[{"href":"https:\/\/www.eldiario.net\/portal\/wp-json\/wp\/v2\/posts"}],"about":[{"href":"https:\/\/www.eldiario.net\/portal\/wp-json\/wp\/v2\/types\/post"}],"author":[{"embeddable":true,"href":"https:\/\/www.eldiario.net\/portal\/wp-json\/wp\/v2\/users\/1"}],"replies":[{"embeddable":true,"href":"https:\/\/www.eldiario.net\/portal\/wp-json\/wp\/v2\/comments?post=229983"}],"version-history":[{"count":1,"href":"https:\/\/www.eldiario.net\/portal\/wp-json\/wp\/v2\/posts\/229983\/revisions"}],"predecessor-version":[{"id":229985,"href":"https:\/\/www.eldiario.net\/portal\/wp-json\/wp\/v2\/posts\/229983\/revisions\/229985"}],"wp:featuredmedia":[{"embeddable":true,"href":"https:\/\/www.eldiario.net\/portal\/wp-json\/wp\/v2\/media\/229984"}],"wp:attachment":[{"href":"https:\/\/www.eldiario.net\/portal\/wp-json\/wp\/v2\/media?parent=229983"}],"wp:term":[{"taxonomy":"category","embeddable":true,"href":"https:\/\/www.eldiario.net\/portal\/wp-json\/wp\/v2\/categories?post=229983"},{"taxonomy":"post_tag","embeddable":true,"href":"https:\/\/www.eldiario.net\/portal\/wp-json\/wp\/v2\/tags?post=229983"}],"curies":[{"name":"wp","href":"https:\/\/api.w.org\/{rel}","templated":true}]}}