{"id":229964,"date":"2024-06-26T18:31:43","date_gmt":"2024-06-26T22:31:43","guid":{"rendered":"https:\/\/www.eldiario.net\/portal\/?p=229964"},"modified":"2024-06-26T18:31:43","modified_gmt":"2024-06-26T22:31:43","slug":"exvocero-pide-a-arce-que-deje-locura-de-la-reeleccion-y-devuelva-la-democracia-al-pueblo","status":"publish","type":"post","link":"https:\/\/www.eldiario.net\/portal\/2024\/06\/26\/exvocero-pide-a-arce-que-deje-locura-de-la-reeleccion-y-devuelva-la-democracia-al-pueblo\/","title":{"rendered":"Exvocero pide a Arce que deje \u201clocura de la reelecci\u00f3n\u201d y devuelva la democracia al pueblo"},"content":{"rendered":"<p>El exvocero Jorge Richter pidi\u00f3 al presidente Luis Arce que deje la \u201clocura de la reelecci\u00f3n\u201d para que se devuelva la democracia al pueblo, con un mensaje difundido por las redes sociales.<\/p>\n<p>En ese contexto, dijo que el mandatario debe convocar a los bolivianos para armar un acuerdo nacional. \u201cTe entregamos democracia, debes devolver democracia\u201d, asever\u00f3.<\/p>\n<p>Tambi\u00e9n por las redes sociales, el expresidente Jorge Quiroga manifest\u00f3 que a Arce \u201cBolivia se le va de las manos con militares movilizados en Plaza Murillo\u201d.<\/p>\n<p>El ex Jefe de Estado rechaz\u00f3 los aprestos antidemocr\u00e1ticos y record\u00f3 que los insurrectos deben ser procesados, porque manifest\u00f3 que a \u201cArce y Evo los sacaremos pr\u00f3ximo a\u00f1o con votos, nunca con botas\u201d.<\/p>\n","protected":false},"excerpt":{"rendered":"<p>El exvocero Jorge Richter pidi\u00f3 al presidente Luis Arce que deje la \u201clocura de la reelecci\u00f3n\u201d para que se devuelva la democracia al pueblo, con un mensaje difundido por las redes sociales. En ese contexto, dijo que el mandatario debe convocar a los bolivianos para armar un acuerdo nacional. \u201cTe entregamos democracia, debes devolver democracia\u201d, [&hellip;]<\/p>\n","protected":false},"author":2,"featured_media":229965,"comment_status":"open","ping_status":"open","sticky":false,"template":"","format":"standard","meta":{"_acf_changed":false,"footnotes":""},"categories":[51],"tags":[],"class_list":["post-229964","post","type-post","status-publish","format-standard","has-post-thumbnail","category-ultima-hora"],"acf":{"antetitulo":""},"yoast_head":"<!-- This site is optimized with the Yoast SEO plugin v28.3 - https:\/\/yoast.com\/product\/yoast-seo-wordpress\/ -->\n<title>Exvocero pide a Arce que deje \u201clocura de la reelecci\u00f3n\u201d y devuelva la democracia al pueblo - El Diario - Bolivia<\/title>\n<meta name=\"robots\" content=\"index, follow, max-snippet:-1, max-image-preview:large, max-video-preview:-1\" \/>\n<link rel=\"canonical\" href=\"https:\/\/www.eldiario.net\/portal\/2024\/06\/26\/exvocero-pide-a-arce-que-deje-locura-de-la-reeleccion-y-devuelva-la-democracia-al-pueblo\/\" \/>\n<meta property=\"og:locale\" content=\"es_ES\" \/>\n<meta property=\"og:type\" content=\"article\" \/>\n<meta property=\"og:title\" content=\"Exvocero pide a Arce que deje \u201clocura de la reelecci\u00f3n\u201d y devuelva la democracia al pueblo - El Diario - Bolivia\" \/>\n<meta property=\"og:description\" content=\"El exvocero Jorge Richter pidi\u00f3 al presidente Luis Arce que deje la \u201clocura de la reelecci\u00f3n\u201d para que se devuelva la democracia al pueblo, con un mensaje difundido por las redes sociales. En ese contexto, dijo que el mandatario debe convocar a los bolivianos para armar un acuerdo nacional. \u201cTe entregamos democracia, debes devolver democracia\u201d, [&hellip;]\" \/>\n<meta property=\"og:url\" content=\"https:\/\/www.eldiario.net\/portal\/2024\/06\/26\/exvocero-pide-a-arce-que-deje-locura-de-la-reeleccion-y-devuelva-la-democracia-al-pueblo\/\" \/>\n<meta property=\"og:site_name\" content=\"El Diario - Bolivia\" \/>\n<meta property=\"article:publisher\" content=\"https:\/\/www.facebook.com\/eldiario.bolivia\/\" \/>\n<meta property=\"article:published_time\" content=\"2024-06-26T22:31:43+00:00\" \/>\n<meta property=\"og:image\" content=\"https:\/\/www.eldiario.net\/portal\/wp-content\/uploads\/2024\/06\/RICHTER-26.jpg\" \/>\n\t<meta property=\"og:image:width\" content=\"723\" \/>\n\t<meta property=\"og:image:height\" content=\"599\" \/>\n\t<meta property=\"og:image:type\" content=\"image\/jpeg\" \/>\n<meta name=\"author\" content=\"luis Camacho\" \/>\n<meta name=\"twitter:card\" content=\"summary_large_image\" \/>\n<meta name=\"twitter:creator\" content=\"@eldiario_net\" \/>\n<meta name=\"twitter:site\" content=\"@eldiario_net\" \/>\n<meta name=\"twitter:label1\" content=\"Escrito por\" \/>\n\t<meta name=\"twitter:data1\" content=\"luis Camacho\" \/>\n\t<meta name=\"twitter:label2\" content=\"Tiempo de lectura\" \/>\n\t<meta name=\"twitter:data2\" content=\"1 minuto\" \/>\n<script type=\"application\/ld+json\" class=\"yoast-schema-graph\">{\"@context\":\"https:\\\/\\\/schema.org\",\"@graph\":[{\"@type\":\"Article\",\"@id\":\"https:\\\/\\\/www.eldiario.net\\\/portal\\\/2024\\\/06\\\/26\\\/exvocero-pide-a-arce-que-deje-locura-de-la-reeleccion-y-devuelva-la-democracia-al-pueblo\\\/#article\",\"isPartOf\":{\"@id\":\"https:\\\/\\\/www.eldiario.net\\\/portal\\\/2024\\\/06\\\/26\\\/exvocero-pide-a-arce-que-deje-locura-de-la-reeleccion-y-devuelva-la-democracia-al-pueblo\\\/\"},\"author\":{\"name\":\"luis Camacho\",\"@id\":\"https:\\\/\\\/www.eldiario.net\\\/portal\\\/#\\\/schema\\\/person\\\/cab1ae4db27e5f008a62cbffb05fbfee\"},\"headline\":\"Exvocero pide a Arce que deje \u201clocura de la reelecci\u00f3n\u201d y devuelva la democracia al pueblo\",\"datePublished\":\"2024-06-26T22:31:43+00:00\",\"mainEntityOfPage\":{\"@id\":\"https:\\\/\\\/www.eldiario.net\\\/portal\\\/2024\\\/06\\\/26\\\/exvocero-pide-a-arce-que-deje-locura-de-la-reeleccion-y-devuelva-la-democracia-al-pueblo\\\/\"},\"wordCount\":137,\"commentCount\":0,\"publisher\":{\"@id\":\"https:\\\/\\\/www.eldiario.net\\\/portal\\\/#organization\"},\"image\":{\"@id\":\"https:\\\/\\\/www.eldiario.net\\\/portal\\\/2024\\\/06\\\/26\\\/exvocero-pide-a-arce-que-deje-locura-de-la-reeleccion-y-devuelva-la-democracia-al-pueblo\\\/#primaryimage\"},\"thumbnailUrl\":\"https:\\\/\\\/www.eldiario.net\\\/portal\\\/wp-content\\\/uploads\\\/2024\\\/06\\\/RICHTER-26.jpg\",\"articleSection\":[\"\u00daltima Hora\"],\"inLanguage\":\"es\",\"potentialAction\":[{\"@type\":\"CommentAction\",\"name\":\"Comment\",\"target\":[\"https:\\\/\\\/www.eldiario.net\\\/portal\\\/2024\\\/06\\\/26\\\/exvocero-pide-a-arce-que-deje-locura-de-la-reeleccion-y-devuelva-la-democracia-al-pueblo\\\/#respond\"]}]},{\"@type\":\"WebPage\",\"@id\":\"https:\\\/\\\/www.eldiario.net\\\/portal\\\/2024\\\/06\\\/26\\\/exvocero-pide-a-arce-que-deje-locura-de-la-reeleccion-y-devuelva-la-democracia-al-pueblo\\\/\",\"url\":\"https:\\\/\\\/www.eldiario.net\\\/portal\\\/2024\\\/06\\\/26\\\/exvocero-pide-a-arce-que-deje-locura-de-la-reeleccion-y-devuelva-la-democracia-al-pueblo\\\/\",\"name\":\"Exvocero pide a Arce que deje \u201clocura de la reelecci\u00f3n\u201d y devuelva la democracia al pueblo - El Diario - Bolivia\",\"isPartOf\":{\"@id\":\"https:\\\/\\\/www.eldiario.net\\\/portal\\\/#website\"},\"primaryImageOfPage\":{\"@id\":\"https:\\\/\\\/www.eldiario.net\\\/portal\\\/2024\\\/06\\\/26\\\/exvocero-pide-a-arce-que-deje-locura-de-la-reeleccion-y-devuelva-la-democracia-al-pueblo\\\/#primaryimage\"},\"image\":{\"@id\":\"https:\\\/\\\/www.eldiario.net\\\/portal\\\/2024\\\/06\\\/26\\\/exvocero-pide-a-arce-que-deje-locura-de-la-reeleccion-y-devuelva-la-democracia-al-pueblo\\\/#primaryimage\"},\"thumbnailUrl\":\"https:\\\/\\\/www.eldiario.net\\\/portal\\\/wp-content\\\/uploads\\\/2024\\\/06\\\/RICHTER-26.jpg\",\"datePublished\":\"2024-06-26T22:31:43+00:00\",\"breadcrumb\":{\"@id\":\"https:\\\/\\\/www.eldiario.net\\\/portal\\\/2024\\\/06\\\/26\\\/exvocero-pide-a-arce-que-deje-locura-de-la-reeleccion-y-devuelva-la-democracia-al-pueblo\\\/#breadcrumb\"},\"inLanguage\":\"es\",\"potentialAction\":[{\"@type\":\"ReadAction\",\"target\":[\"https:\\\/\\\/www.eldiario.net\\\/portal\\\/2024\\\/06\\\/26\\\/exvocero-pide-a-arce-que-deje-locura-de-la-reeleccion-y-devuelva-la-democracia-al-pueblo\\\/\"]}]},{\"@type\":\"ImageObject\",\"inLanguage\":\"es\",\"@id\":\"https:\\\/\\\/www.eldiario.net\\\/portal\\\/2024\\\/06\\\/26\\\/exvocero-pide-a-arce-que-deje-locura-de-la-reeleccion-y-devuelva-la-democracia-al-pueblo\\\/#primaryimage\",\"url\":\"https:\\\/\\\/www.eldiario.net\\\/portal\\\/wp-content\\\/uploads\\\/2024\\\/06\\\/RICHTER-26.jpg\",\"contentUrl\":\"https:\\\/\\\/www.eldiario.net\\\/portal\\\/wp-content\\\/uploads\\\/2024\\\/06\\\/RICHTER-26.jpg\",\"width\":723,\"height\":599,\"caption\":\"Foto: Jorge Richter - P\u00e1gina de Facebook.\"},{\"@type\":\"BreadcrumbList\",\"@id\":\"https:\\\/\\\/www.eldiario.net\\\/portal\\\/2024\\\/06\\\/26\\\/exvocero-pide-a-arce-que-deje-locura-de-la-reeleccion-y-devuelva-la-democracia-al-pueblo\\\/#breadcrumb\",\"itemListElement\":[{\"@type\":\"ListItem\",\"position\":1,\"name\":\"Portada\",\"item\":\"https:\\\/\\\/www.eldiario.net\\\/portal\\\/\"},{\"@type\":\"ListItem\",\"position\":2,\"name\":\"Exvocero pide a Arce que deje \u201clocura de la reelecci\u00f3n\u201d y devuelva la democracia al pueblo\"}]},{\"@type\":\"WebSite\",\"@id\":\"https:\\\/\\\/www.eldiario.net\\\/portal\\\/#website\",\"url\":\"https:\\\/\\\/www.eldiario.net\\\/portal\\\/\",\"name\":\"El Diario - Decano de la prensa nacional\",\"description\":\"El Diario - Decano de la prensa nacional\",\"publisher\":{\"@id\":\"https:\\\/\\\/www.eldiario.net\\\/portal\\\/#organization\"},\"potentialAction\":[{\"@type\":\"SearchAction\",\"target\":{\"@type\":\"EntryPoint\",\"urlTemplate\":\"https:\\\/\\\/www.eldiario.net\\\/portal\\\/?s={search_term_string}\"},\"query-input\":{\"@type\":\"PropertyValueSpecification\",\"valueRequired\":true,\"valueName\":\"search_term_string\"}}],\"inLanguage\":\"es\"},{\"@type\":\"Organization\",\"@id\":\"https:\\\/\\\/www.eldiario.net\\\/portal\\\/#organization\",\"name\":\"El Diario - Decano de la prensa nacional\",\"url\":\"https:\\\/\\\/www.eldiario.net\\\/portal\\\/\",\"logo\":{\"@type\":\"ImageObject\",\"inLanguage\":\"es\",\"@id\":\"https:\\\/\\\/www.eldiario.net\\\/portal\\\/#\\\/schema\\\/logo\\\/image\\\/\",\"url\":\"https:\\\/\\\/www.eldiario.net\\\/portal\\\/wp-content\\\/uploads\\\/2023\\\/07\\\/logo_ED.jpg\",\"contentUrl\":\"https:\\\/\\\/www.eldiario.net\\\/portal\\\/wp-content\\\/uploads\\\/2023\\\/07\\\/logo_ED.jpg\",\"width\":272,\"height\":52,\"caption\":\"El Diario - Decano de la prensa nacional\"},\"image\":{\"@id\":\"https:\\\/\\\/www.eldiario.net\\\/portal\\\/#\\\/schema\\\/logo\\\/image\\\/\"},\"sameAs\":[\"https:\\\/\\\/www.facebook.com\\\/eldiario.bolivia\\\/\",\"https:\\\/\\\/x.com\\\/eldiario_net\"]},{\"@type\":\"Person\",\"@id\":\"https:\\\/\\\/www.eldiario.net\\\/portal\\\/#\\\/schema\\\/person\\\/cab1ae4db27e5f008a62cbffb05fbfee\",\"name\":\"luis Camacho\",\"image\":{\"@type\":\"ImageObject\",\"inLanguage\":\"es\",\"@id\":\"https:\\\/\\\/secure.gravatar.com\\\/avatar\\\/69ecb836b3826d5a2501bf06ab2a2f2c8ab211cc846758f395df21684cb38313?s=96&d=mm&r=g\",\"url\":\"https:\\\/\\\/secure.gravatar.com\\\/avatar\\\/69ecb836b3826d5a2501bf06ab2a2f2c8ab211cc846758f395df21684cb38313?s=96&d=mm&r=g\",\"contentUrl\":\"https:\\\/\\\/secure.gravatar.com\\\/avatar\\\/69ecb836b3826d5a2501bf06ab2a2f2c8ab211cc846758f395df21684cb38313?s=96&d=mm&r=g\",\"caption\":\"luis Camacho\"},\"url\":\"https:\\\/\\\/www.eldiario.net\\\/portal\\\/author\\\/luis\\\/\"}]}<\/script>\n<!-- \/ Yoast SEO plugin. -->","yoast_head_json":{"title":"Exvocero pide a Arce que deje \u201clocura de la reelecci\u00f3n\u201d y devuelva la democracia al pueblo - El Diario - Bolivia","robots":{"index":"index","follow":"follow","max-snippet":"max-snippet:-1","max-image-preview":"max-image-preview:large","max-video-preview":"max-video-preview:-1"},"canonical":"https:\/\/www.eldiario.net\/portal\/2024\/06\/26\/exvocero-pide-a-arce-que-deje-locura-de-la-reeleccion-y-devuelva-la-democracia-al-pueblo\/","og_locale":"es_ES","og_type":"article","og_title":"Exvocero pide a Arce que deje \u201clocura de la reelecci\u00f3n\u201d y devuelva la democracia al pueblo - El Diario - Bolivia","og_description":"El exvocero Jorge Richter pidi\u00f3 al presidente Luis Arce que deje la \u201clocura de la reelecci\u00f3n\u201d para que se devuelva la democracia al pueblo, con un mensaje difundido por las redes sociales. En ese contexto, dijo que el mandatario debe convocar a los bolivianos para armar un acuerdo nacional. \u201cTe entregamos democracia, debes devolver democracia\u201d, [&hellip;]","og_url":"https:\/\/www.eldiario.net\/portal\/2024\/06\/26\/exvocero-pide-a-arce-que-deje-locura-de-la-reeleccion-y-devuelva-la-democracia-al-pueblo\/","og_site_name":"El Diario - Bolivia","article_publisher":"https:\/\/www.facebook.com\/eldiario.bolivia\/","article_published_time":"2024-06-26T22:31:43+00:00","og_image":[{"width":723,"height":599,"url":"https:\/\/www.eldiario.net\/portal\/wp-content\/uploads\/2024\/06\/RICHTER-26.jpg","type":"image\/jpeg"}],"author":"luis Camacho","twitter_card":"summary_large_image","twitter_creator":"@eldiario_net","twitter_site":"@eldiario_net","twitter_misc":{"Escrito por":"luis Camacho","Tiempo de lectura":"1 minuto"},"schema":{"@context":"https:\/\/schema.org","@graph":[{"@type":"Article","@id":"https:\/\/www.eldiario.net\/portal\/2024\/06\/26\/exvocero-pide-a-arce-que-deje-locura-de-la-reeleccion-y-devuelva-la-democracia-al-pueblo\/#article","isPartOf":{"@id":"https:\/\/www.eldiario.net\/portal\/2024\/06\/26\/exvocero-pide-a-arce-que-deje-locura-de-la-reeleccion-y-devuelva-la-democracia-al-pueblo\/"},"author":{"name":"luis Camacho","@id":"https:\/\/www.eldiario.net\/portal\/#\/schema\/person\/cab1ae4db27e5f008a62cbffb05fbfee"},"headline":"Exvocero pide a Arce que deje \u201clocura de la reelecci\u00f3n\u201d y devuelva la democracia al pueblo","datePublished":"2024-06-26T22:31:43+00:00","mainEntityOfPage":{"@id":"https:\/\/www.eldiario.net\/portal\/2024\/06\/26\/exvocero-pide-a-arce-que-deje-locura-de-la-reeleccion-y-devuelva-la-democracia-al-pueblo\/"},"wordCount":137,"commentCount":0,"publisher":{"@id":"https:\/\/www.eldiario.net\/portal\/#organization"},"image":{"@id":"https:\/\/www.eldiario.net\/portal\/2024\/06\/26\/exvocero-pide-a-arce-que-deje-locura-de-la-reeleccion-y-devuelva-la-democracia-al-pueblo\/#primaryimage"},"thumbnailUrl":"https:\/\/www.eldiario.net\/portal\/wp-content\/uploads\/2024\/06\/RICHTER-26.jpg","articleSection":["\u00daltima Hora"],"inLanguage":"es","potentialAction":[{"@type":"CommentAction","name":"Comment","target":["https:\/\/www.eldiario.net\/portal\/2024\/06\/26\/exvocero-pide-a-arce-que-deje-locura-de-la-reeleccion-y-devuelva-la-democracia-al-pueblo\/#respond"]}]},{"@type":"WebPage","@id":"https:\/\/www.eldiario.net\/portal\/2024\/06\/26\/exvocero-pide-a-arce-que-deje-locura-de-la-reeleccion-y-devuelva-la-democracia-al-pueblo\/","url":"https:\/\/www.eldiario.net\/portal\/2024\/06\/26\/exvocero-pide-a-arce-que-deje-locura-de-la-reeleccion-y-devuelva-la-democracia-al-pueblo\/","name":"Exvocero pide a Arce que deje \u201clocura de la reelecci\u00f3n\u201d y devuelva la democracia al pueblo - El Diario - Bolivia","isPartOf":{"@id":"https:\/\/www.eldiario.net\/portal\/#website"},"primaryImageOfPage":{"@id":"https:\/\/www.eldiario.net\/portal\/2024\/06\/26\/exvocero-pide-a-arce-que-deje-locura-de-la-reeleccion-y-devuelva-la-democracia-al-pueblo\/#primaryimage"},"image":{"@id":"https:\/\/www.eldiario.net\/portal\/2024\/06\/26\/exvocero-pide-a-arce-que-deje-locura-de-la-reeleccion-y-devuelva-la-democracia-al-pueblo\/#primaryimage"},"thumbnailUrl":"https:\/\/www.eldiario.net\/portal\/wp-content\/uploads\/2024\/06\/RICHTER-26.jpg","datePublished":"2024-06-26T22:31:43+00:00","breadcrumb":{"@id":"https:\/\/www.eldiario.net\/portal\/2024\/06\/26\/exvocero-pide-a-arce-que-deje-locura-de-la-reeleccion-y-devuelva-la-democracia-al-pueblo\/#breadcrumb"},"inLanguage":"es","potentialAction":[{"@type":"ReadAction","target":["https:\/\/www.eldiario.net\/portal\/2024\/06\/26\/exvocero-pide-a-arce-que-deje-locura-de-la-reeleccion-y-devuelva-la-democracia-al-pueblo\/"]}]},{"@type":"ImageObject","inLanguage":"es","@id":"https:\/\/www.eldiario.net\/portal\/2024\/06\/26\/exvocero-pide-a-arce-que-deje-locura-de-la-reeleccion-y-devuelva-la-democracia-al-pueblo\/#primaryimage","url":"https:\/\/www.eldiario.net\/portal\/wp-content\/uploads\/2024\/06\/RICHTER-26.jpg","contentUrl":"https:\/\/www.eldiario.net\/portal\/wp-content\/uploads\/2024\/06\/RICHTER-26.jpg","width":723,"height":599,"caption":"Foto: Jorge Richter - P\u00e1gina de Facebook."},{"@type":"BreadcrumbList","@id":"https:\/\/www.eldiario.net\/portal\/2024\/06\/26\/exvocero-pide-a-arce-que-deje-locura-de-la-reeleccion-y-devuelva-la-democracia-al-pueblo\/#breadcrumb","itemListElement":[{"@type":"ListItem","position":1,"name":"Portada","item":"https:\/\/www.eldiario.net\/portal\/"},{"@type":"ListItem","position":2,"name":"Exvocero pide a Arce que deje \u201clocura de la reelecci\u00f3n\u201d y devuelva la democracia al pueblo"}]},{"@type":"WebSite","@id":"https:\/\/www.eldiario.net\/portal\/#website","url":"https:\/\/www.eldiario.net\/portal\/","name":"El Diario - Decano de la prensa nacional","description":"El Diario - Decano de la prensa nacional","publisher":{"@id":"https:\/\/www.eldiario.net\/portal\/#organization"},"potentialAction":[{"@type":"SearchAction","target":{"@type":"EntryPoint","urlTemplate":"https:\/\/www.eldiario.net\/portal\/?s={search_term_string}"},"query-input":{"@type":"PropertyValueSpecification","valueRequired":true,"valueName":"search_term_string"}}],"inLanguage":"es"},{"@type":"Organization","@id":"https:\/\/www.eldiario.net\/portal\/#organization","name":"El Diario - Decano de la prensa nacional","url":"https:\/\/www.eldiario.net\/portal\/","logo":{"@type":"ImageObject","inLanguage":"es","@id":"https:\/\/www.eldiario.net\/portal\/#\/schema\/logo\/image\/","url":"https:\/\/www.eldiario.net\/portal\/wp-content\/uploads\/2023\/07\/logo_ED.jpg","contentUrl":"https:\/\/www.eldiario.net\/portal\/wp-content\/uploads\/2023\/07\/logo_ED.jpg","width":272,"height":52,"caption":"El Diario - Decano de la prensa nacional"},"image":{"@id":"https:\/\/www.eldiario.net\/portal\/#\/schema\/logo\/image\/"},"sameAs":["https:\/\/www.facebook.com\/eldiario.bolivia\/","https:\/\/x.com\/eldiario_net"]},{"@type":"Person","@id":"https:\/\/www.eldiario.net\/portal\/#\/schema\/person\/cab1ae4db27e5f008a62cbffb05fbfee","name":"luis Camacho","image":{"@type":"ImageObject","inLanguage":"es","@id":"https:\/\/secure.gravatar.com\/avatar\/69ecb836b3826d5a2501bf06ab2a2f2c8ab211cc846758f395df21684cb38313?s=96&d=mm&r=g","url":"https:\/\/secure.gravatar.com\/avatar\/69ecb836b3826d5a2501bf06ab2a2f2c8ab211cc846758f395df21684cb38313?s=96&d=mm&r=g","contentUrl":"https:\/\/secure.gravatar.com\/avatar\/69ecb836b3826d5a2501bf06ab2a2f2c8ab211cc846758f395df21684cb38313?s=96&d=mm&r=g","caption":"luis Camacho"},"url":"https:\/\/www.eldiario.net\/portal\/author\/luis\/"}]}},"_links":{"self":[{"href":"https:\/\/www.eldiario.net\/portal\/wp-json\/wp\/v2\/posts\/229964","targetHints":{"allow":["GET"]}}],"collection":[{"href":"https:\/\/www.eldiario.net\/portal\/wp-json\/wp\/v2\/posts"}],"about":[{"href":"https:\/\/www.eldiario.net\/portal\/wp-json\/wp\/v2\/types\/post"}],"author":[{"embeddable":true,"href":"https:\/\/www.eldiario.net\/portal\/wp-json\/wp\/v2\/users\/2"}],"replies":[{"embeddable":true,"href":"https:\/\/www.eldiario.net\/portal\/wp-json\/wp\/v2\/comments?post=229964"}],"version-history":[{"count":1,"href":"https:\/\/www.eldiario.net\/portal\/wp-json\/wp\/v2\/posts\/229964\/revisions"}],"predecessor-version":[{"id":229966,"href":"https:\/\/www.eldiario.net\/portal\/wp-json\/wp\/v2\/posts\/229964\/revisions\/229966"}],"wp:featuredmedia":[{"embeddable":true,"href":"https:\/\/www.eldiario.net\/portal\/wp-json\/wp\/v2\/media\/229965"}],"wp:attachment":[{"href":"https:\/\/www.eldiario.net\/portal\/wp-json\/wp\/v2\/media?parent=229964"}],"wp:term":[{"taxonomy":"category","embeddable":true,"href":"https:\/\/www.eldiario.net\/portal\/wp-json\/wp\/v2\/categories?post=229964"},{"taxonomy":"post_tag","embeddable":true,"href":"https:\/\/www.eldiario.net\/portal\/wp-json\/wp\/v2\/tags?post=229964"}],"curies":[{"name":"wp","href":"https:\/\/api.w.org\/{rel}","templated":true}]}}