{"id":229866,"date":"2024-06-26T06:13:17","date_gmt":"2024-06-26T10:13:17","guid":{"rendered":"https:\/\/www.eldiario.net\/portal\/?p=229866"},"modified":"2024-06-26T06:13:17","modified_gmt":"2024-06-26T10:13:17","slug":"austria-clasifica-dejando-segundo-a-francia","status":"publish","type":"post","link":"https:\/\/www.eldiario.net\/portal\/2024\/06\/26\/austria-clasifica-dejando-segundo-a-francia\/","title":{"rendered":"Austria clasifica dejando segundo a Francia"},"content":{"rendered":"<p>Austria sorprendi\u00f3 ayer a Pa\u00edses Bajos con una victoria 3-2 en Berl\u00edn para avanzar a octavos de final de la Eurocopa-2024 como l\u00edder del Grupo D, ayudada por el empate 1-1 entre Francia y Polonia.<br \/>\nLos goles de Donyell Malen (6, contra su porter\u00eda), de Romano Schmid (59) y de Marcel Sabitzer (80) aseguraron la victoria de los austr\u00edacos, pese a la reacci\u00f3n de Cody Gakpo (47) y Memphis Depay (75). \u00abSi derrotas a Pa\u00edses Bajos y ganas el grupo, no puedes ser tan malo\u00bb, declar\u00f3 tras el encuentro Sabitzer, elegido Jugador del Partido por la UEFA. \u00abCuando ganas de esta manera, el grupo, marcando el gol del partido, nada es mejor que eso\u00bb.<br \/>\nEl empate en Dortmund por 1-1 entre los &#8216;Bleus&#8217; y la ya eliminada Polonia deja a Francia como segunda de la llave, con 5 puntos, y a los austr\u00edacos como l\u00edderes con 6.<br \/>\nLa &#8216;Oranje&#8217; de Ronald Koeman, que al igual que Francia ya estaba clasificada matem\u00e1ticamente desde la derrota del lunes de Albania contra Espa\u00f1a (1-0), avanza como uno de los mejores equipos en quedar en tercera posici\u00f3n, con 4 puntos. Si bien al superar esta primera ronda Pa\u00edses Bajos cumple el objetivo m\u00ednimo exigido a una selecci\u00f3n candidata, hacerlo como tercera supone una dificultad a\u00f1adida para los campeones de 1988, pues se cruzar\u00e1n en octavos contra un l\u00edder de grupo.<br \/>\n\u00abTodos somos responsables de esta situaci\u00f3n. No hay uno o dos culpables&#8230; si queremos hacer algo en este torneo, hace falta cambiar algo\u00bb, declar\u00f3 el capit\u00e1n neerland\u00e9s Virgil van Dijk.<\/p>\n","protected":false},"excerpt":{"rendered":"<p>Austria sorprendi\u00f3 ayer a Pa\u00edses Bajos con una victoria 3-2 en Berl\u00edn para avanzar a octavos de final de la Eurocopa-2024 como l\u00edder del Grupo D, ayudada por el empate 1-1 entre Francia y Polonia. Los goles de Donyell Malen (6, contra su porter\u00eda), de Romano Schmid (59) y de Marcel Sabitzer (80) aseguraron la [&hellip;]<\/p>\n","protected":false},"author":1,"featured_media":229867,"comment_status":"open","ping_status":"open","sticky":false,"template":"","format":"standard","meta":{"_acf_changed":false,"footnotes":""},"categories":[6,53],"tags":[],"class_list":["post-229866","post","type-post","status-publish","format-standard","has-post-thumbnail","category-deportes","category-eurocopa-2024"],"acf":{"antetitulo":""},"yoast_head":"<!-- This site is optimized with the Yoast SEO plugin v28.3 - https:\/\/yoast.com\/product\/yoast-seo-wordpress\/ -->\n<title>Austria clasifica dejando segundo a Francia - El Diario - Bolivia<\/title>\n<meta name=\"robots\" content=\"index, follow, max-snippet:-1, max-image-preview:large, max-video-preview:-1\" \/>\n<link rel=\"canonical\" href=\"https:\/\/www.eldiario.net\/portal\/2024\/06\/26\/austria-clasifica-dejando-segundo-a-francia\/\" \/>\n<meta property=\"og:locale\" content=\"es_ES\" \/>\n<meta property=\"og:type\" content=\"article\" \/>\n<meta property=\"og:title\" content=\"Austria clasifica dejando segundo a Francia - El Diario - Bolivia\" \/>\n<meta property=\"og:description\" content=\"Austria sorprendi\u00f3 ayer a Pa\u00edses Bajos con una victoria 3-2 en Berl\u00edn para avanzar a octavos de final de la Eurocopa-2024 como l\u00edder del Grupo D, ayudada por el empate 1-1 entre Francia y Polonia. Los goles de Donyell Malen (6, contra su porter\u00eda), de Romano Schmid (59) y de Marcel Sabitzer (80) aseguraron la [&hellip;]\" \/>\n<meta property=\"og:url\" content=\"https:\/\/www.eldiario.net\/portal\/2024\/06\/26\/austria-clasifica-dejando-segundo-a-francia\/\" \/>\n<meta property=\"og:site_name\" content=\"El Diario - Bolivia\" \/>\n<meta property=\"article:publisher\" content=\"https:\/\/www.facebook.com\/eldiario.bolivia\/\" \/>\n<meta property=\"article:published_time\" content=\"2024-06-26T10:13:17+00:00\" \/>\n<meta property=\"og:image\" content=\"https:\/\/www.eldiario.net\/portal\/wp-content\/uploads\/2024\/06\/austria.jpg\" \/>\n\t<meta property=\"og:image:width\" content=\"680\" \/>\n\t<meta property=\"og:image:height\" content=\"556\" \/>\n\t<meta property=\"og:image:type\" content=\"image\/jpeg\" \/>\n<meta name=\"author\" content=\"Jeanette\" \/>\n<meta name=\"twitter:card\" content=\"summary_large_image\" \/>\n<meta name=\"twitter:creator\" content=\"@eldiario_net\" \/>\n<meta name=\"twitter:site\" content=\"@eldiario_net\" \/>\n<meta name=\"twitter:label1\" content=\"Escrito por\" \/>\n\t<meta name=\"twitter:data1\" content=\"Jeanette\" \/>\n\t<meta name=\"twitter:label2\" content=\"Tiempo de lectura\" \/>\n\t<meta name=\"twitter:data2\" content=\"2 minutos\" \/>\n<script type=\"application\/ld+json\" class=\"yoast-schema-graph\">{\"@context\":\"https:\\\/\\\/schema.org\",\"@graph\":[{\"@type\":\"Article\",\"@id\":\"https:\\\/\\\/www.eldiario.net\\\/portal\\\/2024\\\/06\\\/26\\\/austria-clasifica-dejando-segundo-a-francia\\\/#article\",\"isPartOf\":{\"@id\":\"https:\\\/\\\/www.eldiario.net\\\/portal\\\/2024\\\/06\\\/26\\\/austria-clasifica-dejando-segundo-a-francia\\\/\"},\"author\":{\"name\":\"Jeanette\",\"@id\":\"https:\\\/\\\/www.eldiario.net\\\/portal\\\/#\\\/schema\\\/person\\\/f46445640444750d7d753ccd04ae01b7\"},\"headline\":\"Austria clasifica dejando segundo a Francia\",\"datePublished\":\"2024-06-26T10:13:17+00:00\",\"mainEntityOfPage\":{\"@id\":\"https:\\\/\\\/www.eldiario.net\\\/portal\\\/2024\\\/06\\\/26\\\/austria-clasifica-dejando-segundo-a-francia\\\/\"},\"wordCount\":274,\"commentCount\":0,\"publisher\":{\"@id\":\"https:\\\/\\\/www.eldiario.net\\\/portal\\\/#organization\"},\"image\":{\"@id\":\"https:\\\/\\\/www.eldiario.net\\\/portal\\\/2024\\\/06\\\/26\\\/austria-clasifica-dejando-segundo-a-francia\\\/#primaryimage\"},\"thumbnailUrl\":\"https:\\\/\\\/www.eldiario.net\\\/portal\\\/wp-content\\\/uploads\\\/2024\\\/06\\\/austria.jpg\",\"articleSection\":[\"Deportes\",\"Eurocopa 2024\"],\"inLanguage\":\"es\",\"potentialAction\":[{\"@type\":\"CommentAction\",\"name\":\"Comment\",\"target\":[\"https:\\\/\\\/www.eldiario.net\\\/portal\\\/2024\\\/06\\\/26\\\/austria-clasifica-dejando-segundo-a-francia\\\/#respond\"]}]},{\"@type\":\"WebPage\",\"@id\":\"https:\\\/\\\/www.eldiario.net\\\/portal\\\/2024\\\/06\\\/26\\\/austria-clasifica-dejando-segundo-a-francia\\\/\",\"url\":\"https:\\\/\\\/www.eldiario.net\\\/portal\\\/2024\\\/06\\\/26\\\/austria-clasifica-dejando-segundo-a-francia\\\/\",\"name\":\"Austria clasifica dejando segundo a Francia - El Diario - Bolivia\",\"isPartOf\":{\"@id\":\"https:\\\/\\\/www.eldiario.net\\\/portal\\\/#website\"},\"primaryImageOfPage\":{\"@id\":\"https:\\\/\\\/www.eldiario.net\\\/portal\\\/2024\\\/06\\\/26\\\/austria-clasifica-dejando-segundo-a-francia\\\/#primaryimage\"},\"image\":{\"@id\":\"https:\\\/\\\/www.eldiario.net\\\/portal\\\/2024\\\/06\\\/26\\\/austria-clasifica-dejando-segundo-a-francia\\\/#primaryimage\"},\"thumbnailUrl\":\"https:\\\/\\\/www.eldiario.net\\\/portal\\\/wp-content\\\/uploads\\\/2024\\\/06\\\/austria.jpg\",\"datePublished\":\"2024-06-26T10:13:17+00:00\",\"breadcrumb\":{\"@id\":\"https:\\\/\\\/www.eldiario.net\\\/portal\\\/2024\\\/06\\\/26\\\/austria-clasifica-dejando-segundo-a-francia\\\/#breadcrumb\"},\"inLanguage\":\"es\",\"potentialAction\":[{\"@type\":\"ReadAction\",\"target\":[\"https:\\\/\\\/www.eldiario.net\\\/portal\\\/2024\\\/06\\\/26\\\/austria-clasifica-dejando-segundo-a-francia\\\/\"]}]},{\"@type\":\"ImageObject\",\"inLanguage\":\"es\",\"@id\":\"https:\\\/\\\/www.eldiario.net\\\/portal\\\/2024\\\/06\\\/26\\\/austria-clasifica-dejando-segundo-a-francia\\\/#primaryimage\",\"url\":\"https:\\\/\\\/www.eldiario.net\\\/portal\\\/wp-content\\\/uploads\\\/2024\\\/06\\\/austria.jpg\",\"contentUrl\":\"https:\\\/\\\/www.eldiario.net\\\/portal\\\/wp-content\\\/uploads\\\/2024\\\/06\\\/austria.jpg\",\"width\":680,\"height\":556},{\"@type\":\"BreadcrumbList\",\"@id\":\"https:\\\/\\\/www.eldiario.net\\\/portal\\\/2024\\\/06\\\/26\\\/austria-clasifica-dejando-segundo-a-francia\\\/#breadcrumb\",\"itemListElement\":[{\"@type\":\"ListItem\",\"position\":1,\"name\":\"Portada\",\"item\":\"https:\\\/\\\/www.eldiario.net\\\/portal\\\/\"},{\"@type\":\"ListItem\",\"position\":2,\"name\":\"Austria clasifica dejando segundo a Francia\"}]},{\"@type\":\"WebSite\",\"@id\":\"https:\\\/\\\/www.eldiario.net\\\/portal\\\/#website\",\"url\":\"https:\\\/\\\/www.eldiario.net\\\/portal\\\/\",\"name\":\"El Diario - Decano de la prensa nacional\",\"description\":\"El Diario - Decano de la prensa nacional\",\"publisher\":{\"@id\":\"https:\\\/\\\/www.eldiario.net\\\/portal\\\/#organization\"},\"potentialAction\":[{\"@type\":\"SearchAction\",\"target\":{\"@type\":\"EntryPoint\",\"urlTemplate\":\"https:\\\/\\\/www.eldiario.net\\\/portal\\\/?s={search_term_string}\"},\"query-input\":{\"@type\":\"PropertyValueSpecification\",\"valueRequired\":true,\"valueName\":\"search_term_string\"}}],\"inLanguage\":\"es\"},{\"@type\":\"Organization\",\"@id\":\"https:\\\/\\\/www.eldiario.net\\\/portal\\\/#organization\",\"name\":\"El Diario - Decano de la prensa nacional\",\"url\":\"https:\\\/\\\/www.eldiario.net\\\/portal\\\/\",\"logo\":{\"@type\":\"ImageObject\",\"inLanguage\":\"es\",\"@id\":\"https:\\\/\\\/www.eldiario.net\\\/portal\\\/#\\\/schema\\\/logo\\\/image\\\/\",\"url\":\"https:\\\/\\\/www.eldiario.net\\\/portal\\\/wp-content\\\/uploads\\\/2023\\\/07\\\/logo_ED.jpg\",\"contentUrl\":\"https:\\\/\\\/www.eldiario.net\\\/portal\\\/wp-content\\\/uploads\\\/2023\\\/07\\\/logo_ED.jpg\",\"width\":272,\"height\":52,\"caption\":\"El Diario - Decano de la prensa nacional\"},\"image\":{\"@id\":\"https:\\\/\\\/www.eldiario.net\\\/portal\\\/#\\\/schema\\\/logo\\\/image\\\/\"},\"sameAs\":[\"https:\\\/\\\/www.facebook.com\\\/eldiario.bolivia\\\/\",\"https:\\\/\\\/x.com\\\/eldiario_net\"]},{\"@type\":\"Person\",\"@id\":\"https:\\\/\\\/www.eldiario.net\\\/portal\\\/#\\\/schema\\\/person\\\/f46445640444750d7d753ccd04ae01b7\",\"name\":\"Jeanette\",\"image\":{\"@type\":\"ImageObject\",\"inLanguage\":\"es\",\"@id\":\"https:\\\/\\\/secure.gravatar.com\\\/avatar\\\/3ea2118a5f7dad2b7138b1187a6b7ee55f160b9968b66013c3a3ef39dd7e5798?s=96&d=mm&r=g\",\"url\":\"https:\\\/\\\/secure.gravatar.com\\\/avatar\\\/3ea2118a5f7dad2b7138b1187a6b7ee55f160b9968b66013c3a3ef39dd7e5798?s=96&d=mm&r=g\",\"contentUrl\":\"https:\\\/\\\/secure.gravatar.com\\\/avatar\\\/3ea2118a5f7dad2b7138b1187a6b7ee55f160b9968b66013c3a3ef39dd7e5798?s=96&d=mm&r=g\",\"caption\":\"Jeanette\"},\"sameAs\":[\"https:\\\/\\\/www.eldiario.net\\\/portal\"],\"url\":\"https:\\\/\\\/www.eldiario.net\\\/portal\\\/author\\\/jeanette\\\/\"}]}<\/script>\n<!-- \/ Yoast SEO plugin. -->","yoast_head_json":{"title":"Austria clasifica dejando segundo a Francia - El Diario - Bolivia","robots":{"index":"index","follow":"follow","max-snippet":"max-snippet:-1","max-image-preview":"max-image-preview:large","max-video-preview":"max-video-preview:-1"},"canonical":"https:\/\/www.eldiario.net\/portal\/2024\/06\/26\/austria-clasifica-dejando-segundo-a-francia\/","og_locale":"es_ES","og_type":"article","og_title":"Austria clasifica dejando segundo a Francia - El Diario - Bolivia","og_description":"Austria sorprendi\u00f3 ayer a Pa\u00edses Bajos con una victoria 3-2 en Berl\u00edn para avanzar a octavos de final de la Eurocopa-2024 como l\u00edder del Grupo D, ayudada por el empate 1-1 entre Francia y Polonia. Los goles de Donyell Malen (6, contra su porter\u00eda), de Romano Schmid (59) y de Marcel Sabitzer (80) aseguraron la [&hellip;]","og_url":"https:\/\/www.eldiario.net\/portal\/2024\/06\/26\/austria-clasifica-dejando-segundo-a-francia\/","og_site_name":"El Diario - Bolivia","article_publisher":"https:\/\/www.facebook.com\/eldiario.bolivia\/","article_published_time":"2024-06-26T10:13:17+00:00","og_image":[{"width":680,"height":556,"url":"https:\/\/www.eldiario.net\/portal\/wp-content\/uploads\/2024\/06\/austria.jpg","type":"image\/jpeg"}],"author":"Jeanette","twitter_card":"summary_large_image","twitter_creator":"@eldiario_net","twitter_site":"@eldiario_net","twitter_misc":{"Escrito por":"Jeanette","Tiempo de lectura":"2 minutos"},"schema":{"@context":"https:\/\/schema.org","@graph":[{"@type":"Article","@id":"https:\/\/www.eldiario.net\/portal\/2024\/06\/26\/austria-clasifica-dejando-segundo-a-francia\/#article","isPartOf":{"@id":"https:\/\/www.eldiario.net\/portal\/2024\/06\/26\/austria-clasifica-dejando-segundo-a-francia\/"},"author":{"name":"Jeanette","@id":"https:\/\/www.eldiario.net\/portal\/#\/schema\/person\/f46445640444750d7d753ccd04ae01b7"},"headline":"Austria clasifica dejando segundo a Francia","datePublished":"2024-06-26T10:13:17+00:00","mainEntityOfPage":{"@id":"https:\/\/www.eldiario.net\/portal\/2024\/06\/26\/austria-clasifica-dejando-segundo-a-francia\/"},"wordCount":274,"commentCount":0,"publisher":{"@id":"https:\/\/www.eldiario.net\/portal\/#organization"},"image":{"@id":"https:\/\/www.eldiario.net\/portal\/2024\/06\/26\/austria-clasifica-dejando-segundo-a-francia\/#primaryimage"},"thumbnailUrl":"https:\/\/www.eldiario.net\/portal\/wp-content\/uploads\/2024\/06\/austria.jpg","articleSection":["Deportes","Eurocopa 2024"],"inLanguage":"es","potentialAction":[{"@type":"CommentAction","name":"Comment","target":["https:\/\/www.eldiario.net\/portal\/2024\/06\/26\/austria-clasifica-dejando-segundo-a-francia\/#respond"]}]},{"@type":"WebPage","@id":"https:\/\/www.eldiario.net\/portal\/2024\/06\/26\/austria-clasifica-dejando-segundo-a-francia\/","url":"https:\/\/www.eldiario.net\/portal\/2024\/06\/26\/austria-clasifica-dejando-segundo-a-francia\/","name":"Austria clasifica dejando segundo a Francia - El Diario - Bolivia","isPartOf":{"@id":"https:\/\/www.eldiario.net\/portal\/#website"},"primaryImageOfPage":{"@id":"https:\/\/www.eldiario.net\/portal\/2024\/06\/26\/austria-clasifica-dejando-segundo-a-francia\/#primaryimage"},"image":{"@id":"https:\/\/www.eldiario.net\/portal\/2024\/06\/26\/austria-clasifica-dejando-segundo-a-francia\/#primaryimage"},"thumbnailUrl":"https:\/\/www.eldiario.net\/portal\/wp-content\/uploads\/2024\/06\/austria.jpg","datePublished":"2024-06-26T10:13:17+00:00","breadcrumb":{"@id":"https:\/\/www.eldiario.net\/portal\/2024\/06\/26\/austria-clasifica-dejando-segundo-a-francia\/#breadcrumb"},"inLanguage":"es","potentialAction":[{"@type":"ReadAction","target":["https:\/\/www.eldiario.net\/portal\/2024\/06\/26\/austria-clasifica-dejando-segundo-a-francia\/"]}]},{"@type":"ImageObject","inLanguage":"es","@id":"https:\/\/www.eldiario.net\/portal\/2024\/06\/26\/austria-clasifica-dejando-segundo-a-francia\/#primaryimage","url":"https:\/\/www.eldiario.net\/portal\/wp-content\/uploads\/2024\/06\/austria.jpg","contentUrl":"https:\/\/www.eldiario.net\/portal\/wp-content\/uploads\/2024\/06\/austria.jpg","width":680,"height":556},{"@type":"BreadcrumbList","@id":"https:\/\/www.eldiario.net\/portal\/2024\/06\/26\/austria-clasifica-dejando-segundo-a-francia\/#breadcrumb","itemListElement":[{"@type":"ListItem","position":1,"name":"Portada","item":"https:\/\/www.eldiario.net\/portal\/"},{"@type":"ListItem","position":2,"name":"Austria clasifica dejando segundo a Francia"}]},{"@type":"WebSite","@id":"https:\/\/www.eldiario.net\/portal\/#website","url":"https:\/\/www.eldiario.net\/portal\/","name":"El Diario - Decano de la prensa nacional","description":"El Diario - Decano de la prensa nacional","publisher":{"@id":"https:\/\/www.eldiario.net\/portal\/#organization"},"potentialAction":[{"@type":"SearchAction","target":{"@type":"EntryPoint","urlTemplate":"https:\/\/www.eldiario.net\/portal\/?s={search_term_string}"},"query-input":{"@type":"PropertyValueSpecification","valueRequired":true,"valueName":"search_term_string"}}],"inLanguage":"es"},{"@type":"Organization","@id":"https:\/\/www.eldiario.net\/portal\/#organization","name":"El Diario - Decano de la prensa nacional","url":"https:\/\/www.eldiario.net\/portal\/","logo":{"@type":"ImageObject","inLanguage":"es","@id":"https:\/\/www.eldiario.net\/portal\/#\/schema\/logo\/image\/","url":"https:\/\/www.eldiario.net\/portal\/wp-content\/uploads\/2023\/07\/logo_ED.jpg","contentUrl":"https:\/\/www.eldiario.net\/portal\/wp-content\/uploads\/2023\/07\/logo_ED.jpg","width":272,"height":52,"caption":"El Diario - Decano de la prensa nacional"},"image":{"@id":"https:\/\/www.eldiario.net\/portal\/#\/schema\/logo\/image\/"},"sameAs":["https:\/\/www.facebook.com\/eldiario.bolivia\/","https:\/\/x.com\/eldiario_net"]},{"@type":"Person","@id":"https:\/\/www.eldiario.net\/portal\/#\/schema\/person\/f46445640444750d7d753ccd04ae01b7","name":"Jeanette","image":{"@type":"ImageObject","inLanguage":"es","@id":"https:\/\/secure.gravatar.com\/avatar\/3ea2118a5f7dad2b7138b1187a6b7ee55f160b9968b66013c3a3ef39dd7e5798?s=96&d=mm&r=g","url":"https:\/\/secure.gravatar.com\/avatar\/3ea2118a5f7dad2b7138b1187a6b7ee55f160b9968b66013c3a3ef39dd7e5798?s=96&d=mm&r=g","contentUrl":"https:\/\/secure.gravatar.com\/avatar\/3ea2118a5f7dad2b7138b1187a6b7ee55f160b9968b66013c3a3ef39dd7e5798?s=96&d=mm&r=g","caption":"Jeanette"},"sameAs":["https:\/\/www.eldiario.net\/portal"],"url":"https:\/\/www.eldiario.net\/portal\/author\/jeanette\/"}]}},"_links":{"self":[{"href":"https:\/\/www.eldiario.net\/portal\/wp-json\/wp\/v2\/posts\/229866","targetHints":{"allow":["GET"]}}],"collection":[{"href":"https:\/\/www.eldiario.net\/portal\/wp-json\/wp\/v2\/posts"}],"about":[{"href":"https:\/\/www.eldiario.net\/portal\/wp-json\/wp\/v2\/types\/post"}],"author":[{"embeddable":true,"href":"https:\/\/www.eldiario.net\/portal\/wp-json\/wp\/v2\/users\/1"}],"replies":[{"embeddable":true,"href":"https:\/\/www.eldiario.net\/portal\/wp-json\/wp\/v2\/comments?post=229866"}],"version-history":[{"count":1,"href":"https:\/\/www.eldiario.net\/portal\/wp-json\/wp\/v2\/posts\/229866\/revisions"}],"predecessor-version":[{"id":229868,"href":"https:\/\/www.eldiario.net\/portal\/wp-json\/wp\/v2\/posts\/229866\/revisions\/229868"}],"wp:featuredmedia":[{"embeddable":true,"href":"https:\/\/www.eldiario.net\/portal\/wp-json\/wp\/v2\/media\/229867"}],"wp:attachment":[{"href":"https:\/\/www.eldiario.net\/portal\/wp-json\/wp\/v2\/media?parent=229866"}],"wp:term":[{"taxonomy":"category","embeddable":true,"href":"https:\/\/www.eldiario.net\/portal\/wp-json\/wp\/v2\/categories?post=229866"},{"taxonomy":"post_tag","embeddable":true,"href":"https:\/\/www.eldiario.net\/portal\/wp-json\/wp\/v2\/tags?post=229866"}],"curies":[{"name":"wp","href":"https:\/\/api.w.org\/{rel}","templated":true}]}}