{"id":229856,"date":"2024-06-26T06:06:39","date_gmt":"2024-06-26T10:06:39","guid":{"rendered":"https:\/\/www.eldiario.net\/portal\/?p=229856"},"modified":"2024-06-26T06:06:39","modified_gmt":"2024-06-26T10:06:39","slug":"17-anos-de-carcel-para-raptora-de-bebe-alex","status":"publish","type":"post","link":"https:\/\/www.eldiario.net\/portal\/2024\/06\/26\/17-anos-de-carcel-para-raptora-de-bebe-alex\/","title":{"rendered":"17 a\u00f1os de c\u00e1rcel para raptora de beb\u00e9 Alex"},"content":{"rendered":"<p>La justicia sentenci\u00f3 a 17 a\u00f1os de c\u00e1rcel en el penal de Obrajes a la mujer que rapt\u00f3 al beb\u00e9 Alex, Nieves Cuentas, por el delito de trata y tr\u00e1fico de personas; sus dos c\u00f3mplices recibieron entre diez y dos a\u00f1os de prisi\u00f3n.<\/p>\n<p>La fiscal asignada al caso, Sheyla Rodr\u00edguez, inform\u00f3 ayer que el Tribunal Primero de Sentencia Anticorrupci\u00f3n y Violencia Contra la Mujer dict\u00f3 la sentencia de 17 a\u00f1os de prisi\u00f3n contra la mujer, en calidad de autora principal, mientras diez a\u00f1os para una c\u00f3mplice y dos a\u00f1os para un var\u00f3n imputado en grado de encubrimiento. Este sujeto cumplir\u00e1 su sentencia en el penal de San Pedro.<\/p>\n<p>Entre las pruebas obtenidas se present\u00f3 la denuncia de la madre del beb\u00e9, su informe psicol\u00f3gico, el informe de radio base de los tel\u00e9fonos m\u00f3viles implicados y declaraciones testificales que permitieron demostrar la autor\u00eda de los sindicados, inform\u00f3 el fiscal departamental pace\u00f1o, William Alave, en conferencia de prensa.<\/p>\n<p>El peque\u00f1o Alex fue secuestrado el 16 de agosto de 2022 cuando su madre, de solo 16 a\u00f1os de edad, fue enga\u00f1ada por Cuentas a d\u00edas de haberla conocido. De acuerdo con investigaciones, la raptora le ofreci\u00f3 trabajo en una cafeter\u00eda de la ciudad de El Alto. El d\u00eda del delito, la sindicada ofreci\u00f3 comprar regalos para la criatura en inmediaciones de la plaza Eguino, en la ciudad de La Paz.<\/p>\n<p>Seg\u00fan relat\u00f3 Rodr\u00edguez, \u201cmientras la (madre) entr\u00f3 a un ba\u00f1o, (Cuentas) rapt\u00f3 al infante y tom\u00f3 un taxi para irse a la zona de Villa F\u00e1tima, (para) despu\u00e9s llevar al beb\u00e9 a su casa. La madre hizo la denuncia ante la Polic\u00eda y cuando la raptora vio las noticias, le dijo a su ahijada que deje al beb\u00e9 en cualquier lugar\u201d.<\/p>\n<p>Dos d\u00edas despu\u00e9s, el beb\u00e9 fue encontrado con vida en la zona de Miraflores. Cuentas fue localizada y captura26-da dos meses despu\u00e9s del suceso, gracias a investigaciones corroboradas con c\u00e1maras de videovigilancia efectuadas por la Polic\u00eda. (EL DIARIO y agencias)<\/p>\n","protected":false},"excerpt":{"rendered":"<p>La justicia sentenci\u00f3 a 17 a\u00f1os de c\u00e1rcel en el penal de Obrajes a la mujer que rapt\u00f3 al beb\u00e9 Alex, Nieves Cuentas, por el delito de trata y tr\u00e1fico de personas; sus dos c\u00f3mplices recibieron entre diez y dos a\u00f1os de prisi\u00f3n. La fiscal asignada al caso, Sheyla Rodr\u00edguez, inform\u00f3 ayer que el Tribunal [&hellip;]<\/p>\n","protected":false},"author":1,"featured_media":229857,"comment_status":"open","ping_status":"open","sticky":false,"template":"","format":"standard","meta":{"_acf_changed":false,"footnotes":""},"categories":[39],"tags":[],"class_list":["post-229856","post","type-post","status-publish","format-standard","has-post-thumbnail","category-sociedad"],"acf":{"antetitulo":"Por trata y tr\u00e1fico"},"yoast_head":"<!-- This site is optimized with the Yoast SEO plugin v28.3 - https:\/\/yoast.com\/product\/yoast-seo-wordpress\/ -->\n<title>17 a\u00f1os de c\u00e1rcel para raptora de beb\u00e9 Alex - El Diario - Bolivia<\/title>\n<meta name=\"robots\" content=\"index, follow, max-snippet:-1, max-image-preview:large, max-video-preview:-1\" \/>\n<link rel=\"canonical\" href=\"https:\/\/www.eldiario.net\/portal\/2024\/06\/26\/17-anos-de-carcel-para-raptora-de-bebe-alex\/\" \/>\n<meta property=\"og:locale\" content=\"es_ES\" \/>\n<meta property=\"og:type\" content=\"article\" \/>\n<meta property=\"og:title\" content=\"17 a\u00f1os de c\u00e1rcel para raptora de beb\u00e9 Alex - El Diario - Bolivia\" \/>\n<meta property=\"og:description\" content=\"La justicia sentenci\u00f3 a 17 a\u00f1os de c\u00e1rcel en el penal de Obrajes a la mujer que rapt\u00f3 al beb\u00e9 Alex, Nieves Cuentas, por el delito de trata y tr\u00e1fico de personas; sus dos c\u00f3mplices recibieron entre diez y dos a\u00f1os de prisi\u00f3n. La fiscal asignada al caso, Sheyla Rodr\u00edguez, inform\u00f3 ayer que el Tribunal [&hellip;]\" \/>\n<meta property=\"og:url\" content=\"https:\/\/www.eldiario.net\/portal\/2024\/06\/26\/17-anos-de-carcel-para-raptora-de-bebe-alex\/\" \/>\n<meta property=\"og:site_name\" content=\"El Diario - Bolivia\" \/>\n<meta property=\"article:publisher\" content=\"https:\/\/www.facebook.com\/eldiario.bolivia\/\" \/>\n<meta property=\"article:published_time\" content=\"2024-06-26T10:06:39+00:00\" \/>\n<meta property=\"og:image\" content=\"https:\/\/www.eldiario.net\/portal\/wp-content\/uploads\/2024\/06\/26-ALEX-WEB.jpeg\" \/>\n\t<meta property=\"og:image:width\" content=\"720\" \/>\n\t<meta property=\"og:image:height\" content=\"399\" \/>\n\t<meta property=\"og:image:type\" content=\"image\/jpeg\" \/>\n<meta name=\"author\" content=\"Jeanette\" \/>\n<meta name=\"twitter:card\" content=\"summary_large_image\" \/>\n<meta name=\"twitter:creator\" content=\"@eldiario_net\" \/>\n<meta name=\"twitter:site\" content=\"@eldiario_net\" \/>\n<meta name=\"twitter:label1\" content=\"Escrito por\" \/>\n\t<meta name=\"twitter:data1\" content=\"Jeanette\" \/>\n\t<meta name=\"twitter:label2\" content=\"Tiempo de lectura\" \/>\n\t<meta name=\"twitter:data2\" content=\"2 minutos\" \/>\n<script type=\"application\/ld+json\" class=\"yoast-schema-graph\">{\"@context\":\"https:\\\/\\\/schema.org\",\"@graph\":[{\"@type\":\"Article\",\"@id\":\"https:\\\/\\\/www.eldiario.net\\\/portal\\\/2024\\\/06\\\/26\\\/17-anos-de-carcel-para-raptora-de-bebe-alex\\\/#article\",\"isPartOf\":{\"@id\":\"https:\\\/\\\/www.eldiario.net\\\/portal\\\/2024\\\/06\\\/26\\\/17-anos-de-carcel-para-raptora-de-bebe-alex\\\/\"},\"author\":{\"name\":\"Jeanette\",\"@id\":\"https:\\\/\\\/www.eldiario.net\\\/portal\\\/#\\\/schema\\\/person\\\/f46445640444750d7d753ccd04ae01b7\"},\"headline\":\"17 a\u00f1os de c\u00e1rcel para raptora de beb\u00e9 Alex\",\"datePublished\":\"2024-06-26T10:06:39+00:00\",\"mainEntityOfPage\":{\"@id\":\"https:\\\/\\\/www.eldiario.net\\\/portal\\\/2024\\\/06\\\/26\\\/17-anos-de-carcel-para-raptora-de-bebe-alex\\\/\"},\"wordCount\":370,\"commentCount\":0,\"publisher\":{\"@id\":\"https:\\\/\\\/www.eldiario.net\\\/portal\\\/#organization\"},\"image\":{\"@id\":\"https:\\\/\\\/www.eldiario.net\\\/portal\\\/2024\\\/06\\\/26\\\/17-anos-de-carcel-para-raptora-de-bebe-alex\\\/#primaryimage\"},\"thumbnailUrl\":\"https:\\\/\\\/www.eldiario.net\\\/portal\\\/wp-content\\\/uploads\\\/2024\\\/06\\\/26-ALEX-WEB.jpeg\",\"articleSection\":[\"Sociedad - Seguridad\"],\"inLanguage\":\"es\",\"potentialAction\":[{\"@type\":\"CommentAction\",\"name\":\"Comment\",\"target\":[\"https:\\\/\\\/www.eldiario.net\\\/portal\\\/2024\\\/06\\\/26\\\/17-anos-de-carcel-para-raptora-de-bebe-alex\\\/#respond\"]}]},{\"@type\":\"WebPage\",\"@id\":\"https:\\\/\\\/www.eldiario.net\\\/portal\\\/2024\\\/06\\\/26\\\/17-anos-de-carcel-para-raptora-de-bebe-alex\\\/\",\"url\":\"https:\\\/\\\/www.eldiario.net\\\/portal\\\/2024\\\/06\\\/26\\\/17-anos-de-carcel-para-raptora-de-bebe-alex\\\/\",\"name\":\"17 a\u00f1os de c\u00e1rcel para raptora de beb\u00e9 Alex - El Diario - Bolivia\",\"isPartOf\":{\"@id\":\"https:\\\/\\\/www.eldiario.net\\\/portal\\\/#website\"},\"primaryImageOfPage\":{\"@id\":\"https:\\\/\\\/www.eldiario.net\\\/portal\\\/2024\\\/06\\\/26\\\/17-anos-de-carcel-para-raptora-de-bebe-alex\\\/#primaryimage\"},\"image\":{\"@id\":\"https:\\\/\\\/www.eldiario.net\\\/portal\\\/2024\\\/06\\\/26\\\/17-anos-de-carcel-para-raptora-de-bebe-alex\\\/#primaryimage\"},\"thumbnailUrl\":\"https:\\\/\\\/www.eldiario.net\\\/portal\\\/wp-content\\\/uploads\\\/2024\\\/06\\\/26-ALEX-WEB.jpeg\",\"datePublished\":\"2024-06-26T10:06:39+00:00\",\"breadcrumb\":{\"@id\":\"https:\\\/\\\/www.eldiario.net\\\/portal\\\/2024\\\/06\\\/26\\\/17-anos-de-carcel-para-raptora-de-bebe-alex\\\/#breadcrumb\"},\"inLanguage\":\"es\",\"potentialAction\":[{\"@type\":\"ReadAction\",\"target\":[\"https:\\\/\\\/www.eldiario.net\\\/portal\\\/2024\\\/06\\\/26\\\/17-anos-de-carcel-para-raptora-de-bebe-alex\\\/\"]}]},{\"@type\":\"ImageObject\",\"inLanguage\":\"es\",\"@id\":\"https:\\\/\\\/www.eldiario.net\\\/portal\\\/2024\\\/06\\\/26\\\/17-anos-de-carcel-para-raptora-de-bebe-alex\\\/#primaryimage\",\"url\":\"https:\\\/\\\/www.eldiario.net\\\/portal\\\/wp-content\\\/uploads\\\/2024\\\/06\\\/26-ALEX-WEB.jpeg\",\"contentUrl\":\"https:\\\/\\\/www.eldiario.net\\\/portal\\\/wp-content\\\/uploads\\\/2024\\\/06\\\/26-ALEX-WEB.jpeg\",\"width\":720,\"height\":399,\"caption\":\"El beb\u00e9 Alex, poco despu\u00e9s de ser rescatado. Foto: ABI\"},{\"@type\":\"BreadcrumbList\",\"@id\":\"https:\\\/\\\/www.eldiario.net\\\/portal\\\/2024\\\/06\\\/26\\\/17-anos-de-carcel-para-raptora-de-bebe-alex\\\/#breadcrumb\",\"itemListElement\":[{\"@type\":\"ListItem\",\"position\":1,\"name\":\"Portada\",\"item\":\"https:\\\/\\\/www.eldiario.net\\\/portal\\\/\"},{\"@type\":\"ListItem\",\"position\":2,\"name\":\"17 a\u00f1os de c\u00e1rcel para raptora de beb\u00e9 Alex\"}]},{\"@type\":\"WebSite\",\"@id\":\"https:\\\/\\\/www.eldiario.net\\\/portal\\\/#website\",\"url\":\"https:\\\/\\\/www.eldiario.net\\\/portal\\\/\",\"name\":\"El Diario - Decano de la prensa nacional\",\"description\":\"El Diario - Decano de la prensa nacional\",\"publisher\":{\"@id\":\"https:\\\/\\\/www.eldiario.net\\\/portal\\\/#organization\"},\"potentialAction\":[{\"@type\":\"SearchAction\",\"target\":{\"@type\":\"EntryPoint\",\"urlTemplate\":\"https:\\\/\\\/www.eldiario.net\\\/portal\\\/?s={search_term_string}\"},\"query-input\":{\"@type\":\"PropertyValueSpecification\",\"valueRequired\":true,\"valueName\":\"search_term_string\"}}],\"inLanguage\":\"es\"},{\"@type\":\"Organization\",\"@id\":\"https:\\\/\\\/www.eldiario.net\\\/portal\\\/#organization\",\"name\":\"El Diario - Decano de la prensa nacional\",\"url\":\"https:\\\/\\\/www.eldiario.net\\\/portal\\\/\",\"logo\":{\"@type\":\"ImageObject\",\"inLanguage\":\"es\",\"@id\":\"https:\\\/\\\/www.eldiario.net\\\/portal\\\/#\\\/schema\\\/logo\\\/image\\\/\",\"url\":\"https:\\\/\\\/www.eldiario.net\\\/portal\\\/wp-content\\\/uploads\\\/2023\\\/07\\\/logo_ED.jpg\",\"contentUrl\":\"https:\\\/\\\/www.eldiario.net\\\/portal\\\/wp-content\\\/uploads\\\/2023\\\/07\\\/logo_ED.jpg\",\"width\":272,\"height\":52,\"caption\":\"El Diario - Decano de la prensa nacional\"},\"image\":{\"@id\":\"https:\\\/\\\/www.eldiario.net\\\/portal\\\/#\\\/schema\\\/logo\\\/image\\\/\"},\"sameAs\":[\"https:\\\/\\\/www.facebook.com\\\/eldiario.bolivia\\\/\",\"https:\\\/\\\/x.com\\\/eldiario_net\"]},{\"@type\":\"Person\",\"@id\":\"https:\\\/\\\/www.eldiario.net\\\/portal\\\/#\\\/schema\\\/person\\\/f46445640444750d7d753ccd04ae01b7\",\"name\":\"Jeanette\",\"image\":{\"@type\":\"ImageObject\",\"inLanguage\":\"es\",\"@id\":\"https:\\\/\\\/secure.gravatar.com\\\/avatar\\\/3ea2118a5f7dad2b7138b1187a6b7ee55f160b9968b66013c3a3ef39dd7e5798?s=96&d=mm&r=g\",\"url\":\"https:\\\/\\\/secure.gravatar.com\\\/avatar\\\/3ea2118a5f7dad2b7138b1187a6b7ee55f160b9968b66013c3a3ef39dd7e5798?s=96&d=mm&r=g\",\"contentUrl\":\"https:\\\/\\\/secure.gravatar.com\\\/avatar\\\/3ea2118a5f7dad2b7138b1187a6b7ee55f160b9968b66013c3a3ef39dd7e5798?s=96&d=mm&r=g\",\"caption\":\"Jeanette\"},\"sameAs\":[\"https:\\\/\\\/www.eldiario.net\\\/portal\"],\"url\":\"https:\\\/\\\/www.eldiario.net\\\/portal\\\/author\\\/jeanette\\\/\"}]}<\/script>\n<!-- \/ Yoast SEO plugin. -->","yoast_head_json":{"title":"17 a\u00f1os de c\u00e1rcel para raptora de beb\u00e9 Alex - El Diario - Bolivia","robots":{"index":"index","follow":"follow","max-snippet":"max-snippet:-1","max-image-preview":"max-image-preview:large","max-video-preview":"max-video-preview:-1"},"canonical":"https:\/\/www.eldiario.net\/portal\/2024\/06\/26\/17-anos-de-carcel-para-raptora-de-bebe-alex\/","og_locale":"es_ES","og_type":"article","og_title":"17 a\u00f1os de c\u00e1rcel para raptora de beb\u00e9 Alex - El Diario - Bolivia","og_description":"La justicia sentenci\u00f3 a 17 a\u00f1os de c\u00e1rcel en el penal de Obrajes a la mujer que rapt\u00f3 al beb\u00e9 Alex, Nieves Cuentas, por el delito de trata y tr\u00e1fico de personas; sus dos c\u00f3mplices recibieron entre diez y dos a\u00f1os de prisi\u00f3n. La fiscal asignada al caso, Sheyla Rodr\u00edguez, inform\u00f3 ayer que el Tribunal [&hellip;]","og_url":"https:\/\/www.eldiario.net\/portal\/2024\/06\/26\/17-anos-de-carcel-para-raptora-de-bebe-alex\/","og_site_name":"El Diario - Bolivia","article_publisher":"https:\/\/www.facebook.com\/eldiario.bolivia\/","article_published_time":"2024-06-26T10:06:39+00:00","og_image":[{"width":720,"height":399,"url":"https:\/\/www.eldiario.net\/portal\/wp-content\/uploads\/2024\/06\/26-ALEX-WEB.jpeg","type":"image\/jpeg"}],"author":"Jeanette","twitter_card":"summary_large_image","twitter_creator":"@eldiario_net","twitter_site":"@eldiario_net","twitter_misc":{"Escrito por":"Jeanette","Tiempo de lectura":"2 minutos"},"schema":{"@context":"https:\/\/schema.org","@graph":[{"@type":"Article","@id":"https:\/\/www.eldiario.net\/portal\/2024\/06\/26\/17-anos-de-carcel-para-raptora-de-bebe-alex\/#article","isPartOf":{"@id":"https:\/\/www.eldiario.net\/portal\/2024\/06\/26\/17-anos-de-carcel-para-raptora-de-bebe-alex\/"},"author":{"name":"Jeanette","@id":"https:\/\/www.eldiario.net\/portal\/#\/schema\/person\/f46445640444750d7d753ccd04ae01b7"},"headline":"17 a\u00f1os de c\u00e1rcel para raptora de beb\u00e9 Alex","datePublished":"2024-06-26T10:06:39+00:00","mainEntityOfPage":{"@id":"https:\/\/www.eldiario.net\/portal\/2024\/06\/26\/17-anos-de-carcel-para-raptora-de-bebe-alex\/"},"wordCount":370,"commentCount":0,"publisher":{"@id":"https:\/\/www.eldiario.net\/portal\/#organization"},"image":{"@id":"https:\/\/www.eldiario.net\/portal\/2024\/06\/26\/17-anos-de-carcel-para-raptora-de-bebe-alex\/#primaryimage"},"thumbnailUrl":"https:\/\/www.eldiario.net\/portal\/wp-content\/uploads\/2024\/06\/26-ALEX-WEB.jpeg","articleSection":["Sociedad - Seguridad"],"inLanguage":"es","potentialAction":[{"@type":"CommentAction","name":"Comment","target":["https:\/\/www.eldiario.net\/portal\/2024\/06\/26\/17-anos-de-carcel-para-raptora-de-bebe-alex\/#respond"]}]},{"@type":"WebPage","@id":"https:\/\/www.eldiario.net\/portal\/2024\/06\/26\/17-anos-de-carcel-para-raptora-de-bebe-alex\/","url":"https:\/\/www.eldiario.net\/portal\/2024\/06\/26\/17-anos-de-carcel-para-raptora-de-bebe-alex\/","name":"17 a\u00f1os de c\u00e1rcel para raptora de beb\u00e9 Alex - El Diario - Bolivia","isPartOf":{"@id":"https:\/\/www.eldiario.net\/portal\/#website"},"primaryImageOfPage":{"@id":"https:\/\/www.eldiario.net\/portal\/2024\/06\/26\/17-anos-de-carcel-para-raptora-de-bebe-alex\/#primaryimage"},"image":{"@id":"https:\/\/www.eldiario.net\/portal\/2024\/06\/26\/17-anos-de-carcel-para-raptora-de-bebe-alex\/#primaryimage"},"thumbnailUrl":"https:\/\/www.eldiario.net\/portal\/wp-content\/uploads\/2024\/06\/26-ALEX-WEB.jpeg","datePublished":"2024-06-26T10:06:39+00:00","breadcrumb":{"@id":"https:\/\/www.eldiario.net\/portal\/2024\/06\/26\/17-anos-de-carcel-para-raptora-de-bebe-alex\/#breadcrumb"},"inLanguage":"es","potentialAction":[{"@type":"ReadAction","target":["https:\/\/www.eldiario.net\/portal\/2024\/06\/26\/17-anos-de-carcel-para-raptora-de-bebe-alex\/"]}]},{"@type":"ImageObject","inLanguage":"es","@id":"https:\/\/www.eldiario.net\/portal\/2024\/06\/26\/17-anos-de-carcel-para-raptora-de-bebe-alex\/#primaryimage","url":"https:\/\/www.eldiario.net\/portal\/wp-content\/uploads\/2024\/06\/26-ALEX-WEB.jpeg","contentUrl":"https:\/\/www.eldiario.net\/portal\/wp-content\/uploads\/2024\/06\/26-ALEX-WEB.jpeg","width":720,"height":399,"caption":"El beb\u00e9 Alex, poco despu\u00e9s de ser rescatado. Foto: ABI"},{"@type":"BreadcrumbList","@id":"https:\/\/www.eldiario.net\/portal\/2024\/06\/26\/17-anos-de-carcel-para-raptora-de-bebe-alex\/#breadcrumb","itemListElement":[{"@type":"ListItem","position":1,"name":"Portada","item":"https:\/\/www.eldiario.net\/portal\/"},{"@type":"ListItem","position":2,"name":"17 a\u00f1os de c\u00e1rcel para raptora de beb\u00e9 Alex"}]},{"@type":"WebSite","@id":"https:\/\/www.eldiario.net\/portal\/#website","url":"https:\/\/www.eldiario.net\/portal\/","name":"El Diario - Decano de la prensa nacional","description":"El Diario - Decano de la prensa nacional","publisher":{"@id":"https:\/\/www.eldiario.net\/portal\/#organization"},"potentialAction":[{"@type":"SearchAction","target":{"@type":"EntryPoint","urlTemplate":"https:\/\/www.eldiario.net\/portal\/?s={search_term_string}"},"query-input":{"@type":"PropertyValueSpecification","valueRequired":true,"valueName":"search_term_string"}}],"inLanguage":"es"},{"@type":"Organization","@id":"https:\/\/www.eldiario.net\/portal\/#organization","name":"El Diario - Decano de la prensa nacional","url":"https:\/\/www.eldiario.net\/portal\/","logo":{"@type":"ImageObject","inLanguage":"es","@id":"https:\/\/www.eldiario.net\/portal\/#\/schema\/logo\/image\/","url":"https:\/\/www.eldiario.net\/portal\/wp-content\/uploads\/2023\/07\/logo_ED.jpg","contentUrl":"https:\/\/www.eldiario.net\/portal\/wp-content\/uploads\/2023\/07\/logo_ED.jpg","width":272,"height":52,"caption":"El Diario - Decano de la prensa nacional"},"image":{"@id":"https:\/\/www.eldiario.net\/portal\/#\/schema\/logo\/image\/"},"sameAs":["https:\/\/www.facebook.com\/eldiario.bolivia\/","https:\/\/x.com\/eldiario_net"]},{"@type":"Person","@id":"https:\/\/www.eldiario.net\/portal\/#\/schema\/person\/f46445640444750d7d753ccd04ae01b7","name":"Jeanette","image":{"@type":"ImageObject","inLanguage":"es","@id":"https:\/\/secure.gravatar.com\/avatar\/3ea2118a5f7dad2b7138b1187a6b7ee55f160b9968b66013c3a3ef39dd7e5798?s=96&d=mm&r=g","url":"https:\/\/secure.gravatar.com\/avatar\/3ea2118a5f7dad2b7138b1187a6b7ee55f160b9968b66013c3a3ef39dd7e5798?s=96&d=mm&r=g","contentUrl":"https:\/\/secure.gravatar.com\/avatar\/3ea2118a5f7dad2b7138b1187a6b7ee55f160b9968b66013c3a3ef39dd7e5798?s=96&d=mm&r=g","caption":"Jeanette"},"sameAs":["https:\/\/www.eldiario.net\/portal"],"url":"https:\/\/www.eldiario.net\/portal\/author\/jeanette\/"}]}},"_links":{"self":[{"href":"https:\/\/www.eldiario.net\/portal\/wp-json\/wp\/v2\/posts\/229856","targetHints":{"allow":["GET"]}}],"collection":[{"href":"https:\/\/www.eldiario.net\/portal\/wp-json\/wp\/v2\/posts"}],"about":[{"href":"https:\/\/www.eldiario.net\/portal\/wp-json\/wp\/v2\/types\/post"}],"author":[{"embeddable":true,"href":"https:\/\/www.eldiario.net\/portal\/wp-json\/wp\/v2\/users\/1"}],"replies":[{"embeddable":true,"href":"https:\/\/www.eldiario.net\/portal\/wp-json\/wp\/v2\/comments?post=229856"}],"version-history":[{"count":1,"href":"https:\/\/www.eldiario.net\/portal\/wp-json\/wp\/v2\/posts\/229856\/revisions"}],"predecessor-version":[{"id":229858,"href":"https:\/\/www.eldiario.net\/portal\/wp-json\/wp\/v2\/posts\/229856\/revisions\/229858"}],"wp:featuredmedia":[{"embeddable":true,"href":"https:\/\/www.eldiario.net\/portal\/wp-json\/wp\/v2\/media\/229857"}],"wp:attachment":[{"href":"https:\/\/www.eldiario.net\/portal\/wp-json\/wp\/v2\/media?parent=229856"}],"wp:term":[{"taxonomy":"category","embeddable":true,"href":"https:\/\/www.eldiario.net\/portal\/wp-json\/wp\/v2\/categories?post=229856"},{"taxonomy":"post_tag","embeddable":true,"href":"https:\/\/www.eldiario.net\/portal\/wp-json\/wp\/v2\/tags?post=229856"}],"curies":[{"name":"wp","href":"https:\/\/api.w.org\/{rel}","templated":true}]}}