{"id":229852,"date":"2024-06-26T06:05:14","date_gmt":"2024-06-26T10:05:14","guid":{"rendered":"https:\/\/www.eldiario.net\/portal\/?p=229852"},"modified":"2024-06-26T06:05:14","modified_gmt":"2024-06-26T10:05:14","slug":"futuro-desierto-altiplanico-y-mi-pesadilla","status":"publish","type":"post","link":"https:\/\/www.eldiario.net\/portal\/2024\/06\/26\/futuro-desierto-altiplanico-y-mi-pesadilla\/","title":{"rendered":"Futuro desierto altipl\u00e1nico y mi pesadilla"},"content":{"rendered":"<p>Las pesadillas son, por lo general, una parte no controlada de angustiosos sue\u00f1os, que de alguna manera est\u00e1n dibujados por situaciones reales de d\u00edas anteriores, poco o nada agradables, que nos dejan un sabor amargo en la boca y una preocupaci\u00f3n genuina en nuestra mente por la situaci\u00f3n pasada. Todos esperamos un futuro m\u00e1s agradable de nuestro modo de vida del que ofrec\u00edan los masistas, con ese nuevo recurso que nos ofrec\u00eda el Salar de Uyuni, el m\u00e1s alto, el m\u00e1s bello y el m\u00e1s rico, con el metal llamado Oro blanco, el litio.<br \/>\nHace un mes hubo un seminario donde participaron expertos de Chile, Per\u00fa, Argentina, Brasil, Ecuador y M\u00e9xico, auspiciado por el Centro de Documentaci\u00f3n e Informaci\u00f3n Bolivia (Cedib), y nos aclar\u00f3 a algunos ne\u00f3fitos, que el exportador m\u00e1s importante es Chile (en salares robados a Bolivia con la Guerra del Pacifico), que est\u00e1 exportando ya hace casi 20 a\u00f1os, que la m\u00e1xima renta obtenida fue de algo m\u00e1s de 6.500 MM de d\u00f3lares (lo que se recib\u00eda por la renta del gas) y que el agua dulce es el principal insumo para producir litio y que ese es el principal obst\u00e1culo para la nueva factor\u00eda de Carbonato de Litio evapor\u00edtico, que ser\u00e1 la m\u00e1s grande del mundo.<br \/>\nCreo que ya adivinaron que esa agua ser\u00e1 v\u00eda el R\u00cdO SILOLI (nombre que impusieron los chilenos), que en algunos a\u00f1os tendr\u00e1 la \u201cvirtud\u201d de SECAR los manantiales de la Cuenca Endorreica del altiplano boliviano.<br \/>\nEste bendito territorio que es nuestro patrimonio y es la base f\u00edsica y geopol\u00edtica de Bolivia, ha tenido, durante toda su existencia, incluso desde antes de la colonia, la bendici\u00f3n con toda clase de recursos naturales, que deb\u00edan habernos permitido transitar con holgura, decencia y comodidad econ\u00f3mica y social por su historia. Pero no ha sido m\u00e1s que un angustiante y pesado transitar por un oscuro callej\u00f3n y un angosto socav\u00f3n, siempre al borde de la pobreza, incluso miseria e ignorancia de la mayor\u00eda de su poblaci\u00f3n. Qui\u00e9nes son los culpables de semejante destino y desastrosa gesti\u00f3n que nos ha quitado cualquier digno y provechoso futuro de sus hijos y su aporte a la humanidad en su conjunto. Aqu\u00ed en esta historia o f\u00e1bula, est\u00e1 la certera respuesta.<br \/>\nSeg\u00fan un cuento, varios ciudadanos de pa\u00edses vecinos se fueron a quejar a nuestro Dios, por la discriminaci\u00f3n y la inocultable preferencia y cari\u00f1o que \u00e9l ten\u00eda hacia nuestro territorio. Uno de los chilenos, molesto por su indigencia y pobre territorio, interpelaba diciendo: \u201cLes diste grandes extensiones de bosques, tierras verdes y prodigas para vivir. Adem\u00e1s en su interior ingentes riquezas y recursos naturales como el mar, ba\u00f1ado por la corriente de Humboldt, repleto de peces y su alimento. Costas con millones de aves que defecan y se forma el salitre, que es el fertilizante que est\u00e1 salvando a esa tierra de la falta de producci\u00f3n de alimentos en Europa, Minerales diversos como el Cu, el Sn, la Ag el Au que est\u00e1n regados en todo su territorio y como yapa, recursos como la goma, el gas natural y el petr\u00f3leo y el litio, imprescindibles para el desarrollo de la humanidad en curso. Dios lo mir\u00f3 benignamente y disculpando su pecado capital de envidia y su comportamiento posterior, de carcelero y garante de nuestro enclaustramiento, le dijo: Ya ver\u00e1s la gente con la que poblar\u00e9 ese bendito territorio\u201d.<br \/>\nNos colm\u00f3 el Supremo, en consecuencia, con recursos naturales y tambi\u00e9n con desagradables personajes, que como la mayor\u00eda de los pol\u00edticos y\/o ciudadanos \u201cbien intencionados\u201d. Unos y otros robaron tales recursos, los perdieron, los regalaron, los vendieron, los mal utilizaron, etc. Ahora, una vez m\u00e1s, sin medida ni clemencia estamos en la cochina calle y con la mano extendida pidiendo limosna y la caridad internacional. Nos quedamos sin gas, sin gasolina, sin di\u00e9sel y pronto sin Gas Licuado de Petr\u00f3leo (LNG), es decir sin ENERG\u00cdA y sin excedentes financieros. De yapa se revel\u00f3 el misterio, el litio no es energ\u00eda y solo sirve para hacer cajas de bater\u00eda para autos el\u00e9ctricos.<br \/>\nLos ciudadanos bolivianos tenemos la obligaci\u00f3n, una vez m\u00e1s, de exigir o, mejor, hacer pagar sus culpas y delitos a estos masitas y no masistas, como Evo y sus gabinetes, Arce y sus gabinetes, que han complotado contra nuestro pa\u00eds, como en el caso de la desaparici\u00f3n de nuestras reservas remanentes de m\u00e1s de 12 TCFs de gas y otro tanto de petr\u00f3leo, con un valor de 59.000 millones de d\u00f3lares, como socios de la certificadora de Reservas gas\u00edferas y las empresas trasnacionales de los a\u00f1os de la capitalizaci\u00f3n y la mal llamada nacionalizaci\u00f3n de 2005 y 2006. No es suficiente que dejen el gobierno, hay que castigarlos.<br \/>\nNo pretendan ni el olvido ni el perd\u00f3n, solo es justicia.<\/p>\n","protected":false},"excerpt":{"rendered":"<p>Las pesadillas son, por lo general, una parte no controlada de angustiosos sue\u00f1os, que de alguna manera est\u00e1n dibujados por situaciones reales de d\u00edas anteriores, poco o nada agradables, que nos dejan un sabor amargo en la boca y una preocupaci\u00f3n genuina en nuestra mente por la situaci\u00f3n pasada. Todos esperamos un futuro m\u00e1s agradable [&hellip;]<\/p>\n","protected":false},"author":1,"featured_media":194790,"comment_status":"open","ping_status":"open","sticky":false,"template":"","format":"standard","meta":{"_acf_changed":false,"footnotes":""},"categories":[9],"tags":[],"class_list":["post-229852","post","type-post","status-publish","format-standard","has-post-thumbnail","category-opinion"],"acf":{"antetitulo":""},"yoast_head":"<!-- This site is optimized with the Yoast SEO plugin v28.4 - https:\/\/yoast.com\/product\/yoast-seo-wordpress\/ -->\n<title>Futuro desierto altipl\u00e1nico y mi pesadilla - El Diario - Bolivia<\/title>\n<meta name=\"robots\" content=\"index, follow, max-snippet:-1, max-image-preview:large, max-video-preview:-1\" \/>\n<link rel=\"canonical\" href=\"https:\/\/www.eldiario.net\/portal\/2024\/06\/26\/futuro-desierto-altiplanico-y-mi-pesadilla\/\" \/>\n<meta property=\"og:locale\" content=\"es_ES\" \/>\n<meta property=\"og:type\" content=\"article\" \/>\n<meta property=\"og:title\" content=\"Futuro desierto altipl\u00e1nico y mi pesadilla - El Diario - Bolivia\" \/>\n<meta property=\"og:description\" content=\"Las pesadillas son, por lo general, una parte no controlada de angustiosos sue\u00f1os, que de alguna manera est\u00e1n dibujados por situaciones reales de d\u00edas anteriores, poco o nada agradables, que nos dejan un sabor amargo en la boca y una preocupaci\u00f3n genuina en nuestra mente por la situaci\u00f3n pasada. Todos esperamos un futuro m\u00e1s agradable [&hellip;]\" \/>\n<meta property=\"og:url\" content=\"https:\/\/www.eldiario.net\/portal\/2024\/06\/26\/futuro-desierto-altiplanico-y-mi-pesadilla\/\" \/>\n<meta property=\"og:site_name\" content=\"El Diario - Bolivia\" \/>\n<meta property=\"article:publisher\" content=\"https:\/\/www.facebook.com\/eldiario.bolivia\/\" \/>\n<meta property=\"article:published_time\" content=\"2024-06-26T10:05:14+00:00\" \/>\n<meta property=\"og:image\" content=\"https:\/\/www.eldiario.net\/portal\/wp-content\/uploads\/2023\/12\/Opinion.jpg\" \/>\n\t<meta property=\"og:image:width\" content=\"800\" \/>\n\t<meta property=\"og:image:height\" content=\"500\" \/>\n\t<meta property=\"og:image:type\" content=\"image\/jpeg\" \/>\n<meta name=\"author\" content=\"Jeanette\" \/>\n<meta name=\"twitter:card\" content=\"summary_large_image\" \/>\n<meta name=\"twitter:creator\" content=\"@eldiario_net\" \/>\n<meta name=\"twitter:site\" content=\"@eldiario_net\" \/>\n<meta name=\"twitter:label1\" content=\"Escrito por\" \/>\n\t<meta name=\"twitter:data1\" content=\"Jeanette\" \/>\n\t<meta name=\"twitter:label2\" content=\"Tiempo de lectura\" \/>\n\t<meta name=\"twitter:data2\" content=\"4 minutos\" \/>\n<script type=\"application\/ld+json\" class=\"yoast-schema-graph\">{\"@context\":\"https:\\\/\\\/schema.org\",\"@graph\":[{\"@type\":\"Article\",\"@id\":\"https:\\\/\\\/www.eldiario.net\\\/portal\\\/2024\\\/06\\\/26\\\/futuro-desierto-altiplanico-y-mi-pesadilla\\\/#article\",\"isPartOf\":{\"@id\":\"https:\\\/\\\/www.eldiario.net\\\/portal\\\/2024\\\/06\\\/26\\\/futuro-desierto-altiplanico-y-mi-pesadilla\\\/\"},\"author\":{\"name\":\"Jeanette\",\"@id\":\"https:\\\/\\\/www.eldiario.net\\\/portal\\\/#\\\/schema\\\/person\\\/f46445640444750d7d753ccd04ae01b7\"},\"headline\":\"Futuro desierto altipl\u00e1nico y mi pesadilla\",\"datePublished\":\"2024-06-26T10:05:14+00:00\",\"mainEntityOfPage\":{\"@id\":\"https:\\\/\\\/www.eldiario.net\\\/portal\\\/2024\\\/06\\\/26\\\/futuro-desierto-altiplanico-y-mi-pesadilla\\\/\"},\"wordCount\":867,\"commentCount\":0,\"publisher\":{\"@id\":\"https:\\\/\\\/www.eldiario.net\\\/portal\\\/#organization\"},\"image\":{\"@id\":\"https:\\\/\\\/www.eldiario.net\\\/portal\\\/2024\\\/06\\\/26\\\/futuro-desierto-altiplanico-y-mi-pesadilla\\\/#primaryimage\"},\"thumbnailUrl\":\"https:\\\/\\\/www.eldiario.net\\\/portal\\\/wp-content\\\/uploads\\\/2023\\\/12\\\/Opinion.jpg\",\"articleSection\":[\"Opini\u00f3n\"],\"inLanguage\":\"es\",\"potentialAction\":[{\"@type\":\"CommentAction\",\"name\":\"Comment\",\"target\":[\"https:\\\/\\\/www.eldiario.net\\\/portal\\\/2024\\\/06\\\/26\\\/futuro-desierto-altiplanico-y-mi-pesadilla\\\/#respond\"]}]},{\"@type\":\"WebPage\",\"@id\":\"https:\\\/\\\/www.eldiario.net\\\/portal\\\/2024\\\/06\\\/26\\\/futuro-desierto-altiplanico-y-mi-pesadilla\\\/\",\"url\":\"https:\\\/\\\/www.eldiario.net\\\/portal\\\/2024\\\/06\\\/26\\\/futuro-desierto-altiplanico-y-mi-pesadilla\\\/\",\"name\":\"Futuro desierto altipl\u00e1nico y mi pesadilla - El Diario - Bolivia\",\"isPartOf\":{\"@id\":\"https:\\\/\\\/www.eldiario.net\\\/portal\\\/#website\"},\"primaryImageOfPage\":{\"@id\":\"https:\\\/\\\/www.eldiario.net\\\/portal\\\/2024\\\/06\\\/26\\\/futuro-desierto-altiplanico-y-mi-pesadilla\\\/#primaryimage\"},\"image\":{\"@id\":\"https:\\\/\\\/www.eldiario.net\\\/portal\\\/2024\\\/06\\\/26\\\/futuro-desierto-altiplanico-y-mi-pesadilla\\\/#primaryimage\"},\"thumbnailUrl\":\"https:\\\/\\\/www.eldiario.net\\\/portal\\\/wp-content\\\/uploads\\\/2023\\\/12\\\/Opinion.jpg\",\"datePublished\":\"2024-06-26T10:05:14+00:00\",\"breadcrumb\":{\"@id\":\"https:\\\/\\\/www.eldiario.net\\\/portal\\\/2024\\\/06\\\/26\\\/futuro-desierto-altiplanico-y-mi-pesadilla\\\/#breadcrumb\"},\"inLanguage\":\"es\",\"potentialAction\":[{\"@type\":\"ReadAction\",\"target\":[\"https:\\\/\\\/www.eldiario.net\\\/portal\\\/2024\\\/06\\\/26\\\/futuro-desierto-altiplanico-y-mi-pesadilla\\\/\"]}]},{\"@type\":\"ImageObject\",\"inLanguage\":\"es\",\"@id\":\"https:\\\/\\\/www.eldiario.net\\\/portal\\\/2024\\\/06\\\/26\\\/futuro-desierto-altiplanico-y-mi-pesadilla\\\/#primaryimage\",\"url\":\"https:\\\/\\\/www.eldiario.net\\\/portal\\\/wp-content\\\/uploads\\\/2023\\\/12\\\/Opinion.jpg\",\"contentUrl\":\"https:\\\/\\\/www.eldiario.net\\\/portal\\\/wp-content\\\/uploads\\\/2023\\\/12\\\/Opinion.jpg\",\"width\":800,\"height\":500},{\"@type\":\"BreadcrumbList\",\"@id\":\"https:\\\/\\\/www.eldiario.net\\\/portal\\\/2024\\\/06\\\/26\\\/futuro-desierto-altiplanico-y-mi-pesadilla\\\/#breadcrumb\",\"itemListElement\":[{\"@type\":\"ListItem\",\"position\":1,\"name\":\"Portada\",\"item\":\"https:\\\/\\\/www.eldiario.net\\\/portal\\\/\"},{\"@type\":\"ListItem\",\"position\":2,\"name\":\"Futuro desierto altipl\u00e1nico y mi pesadilla\"}]},{\"@type\":\"WebSite\",\"@id\":\"https:\\\/\\\/www.eldiario.net\\\/portal\\\/#website\",\"url\":\"https:\\\/\\\/www.eldiario.net\\\/portal\\\/\",\"name\":\"El Diario - Decano de la prensa nacional\",\"description\":\"El Diario - Decano de la prensa nacional\",\"publisher\":{\"@id\":\"https:\\\/\\\/www.eldiario.net\\\/portal\\\/#organization\"},\"potentialAction\":[{\"@type\":\"SearchAction\",\"target\":{\"@type\":\"EntryPoint\",\"urlTemplate\":\"https:\\\/\\\/www.eldiario.net\\\/portal\\\/?s={search_term_string}\"},\"query-input\":{\"@type\":\"PropertyValueSpecification\",\"valueRequired\":true,\"valueName\":\"search_term_string\"}}],\"inLanguage\":\"es\"},{\"@type\":\"Organization\",\"@id\":\"https:\\\/\\\/www.eldiario.net\\\/portal\\\/#organization\",\"name\":\"El Diario - Decano de la prensa nacional\",\"url\":\"https:\\\/\\\/www.eldiario.net\\\/portal\\\/\",\"logo\":{\"@type\":\"ImageObject\",\"inLanguage\":\"es\",\"@id\":\"https:\\\/\\\/www.eldiario.net\\\/portal\\\/#\\\/schema\\\/logo\\\/image\\\/\",\"url\":\"https:\\\/\\\/www.eldiario.net\\\/portal\\\/wp-content\\\/uploads\\\/2023\\\/07\\\/logo_ED.jpg\",\"contentUrl\":\"https:\\\/\\\/www.eldiario.net\\\/portal\\\/wp-content\\\/uploads\\\/2023\\\/07\\\/logo_ED.jpg\",\"width\":272,\"height\":52,\"caption\":\"El Diario - Decano de la prensa nacional\"},\"image\":{\"@id\":\"https:\\\/\\\/www.eldiario.net\\\/portal\\\/#\\\/schema\\\/logo\\\/image\\\/\"},\"sameAs\":[\"https:\\\/\\\/www.facebook.com\\\/eldiario.bolivia\\\/\",\"https:\\\/\\\/x.com\\\/eldiario_net\"]},{\"@type\":\"Person\",\"@id\":\"https:\\\/\\\/www.eldiario.net\\\/portal\\\/#\\\/schema\\\/person\\\/f46445640444750d7d753ccd04ae01b7\",\"name\":\"Jeanette\",\"image\":{\"@type\":\"ImageObject\",\"inLanguage\":\"es\",\"@id\":\"https:\\\/\\\/secure.gravatar.com\\\/avatar\\\/3ea2118a5f7dad2b7138b1187a6b7ee55f160b9968b66013c3a3ef39dd7e5798?s=96&d=mm&r=g\",\"url\":\"https:\\\/\\\/secure.gravatar.com\\\/avatar\\\/3ea2118a5f7dad2b7138b1187a6b7ee55f160b9968b66013c3a3ef39dd7e5798?s=96&d=mm&r=g\",\"contentUrl\":\"https:\\\/\\\/secure.gravatar.com\\\/avatar\\\/3ea2118a5f7dad2b7138b1187a6b7ee55f160b9968b66013c3a3ef39dd7e5798?s=96&d=mm&r=g\",\"caption\":\"Jeanette\"},\"sameAs\":[\"https:\\\/\\\/www.eldiario.net\\\/portal\"],\"url\":\"https:\\\/\\\/www.eldiario.net\\\/portal\\\/author\\\/jeanette\\\/\"}]}<\/script>\n<!-- \/ Yoast SEO plugin. -->","yoast_head_json":{"title":"Futuro desierto altipl\u00e1nico y mi pesadilla - El Diario - Bolivia","robots":{"index":"index","follow":"follow","max-snippet":"max-snippet:-1","max-image-preview":"max-image-preview:large","max-video-preview":"max-video-preview:-1"},"canonical":"https:\/\/www.eldiario.net\/portal\/2024\/06\/26\/futuro-desierto-altiplanico-y-mi-pesadilla\/","og_locale":"es_ES","og_type":"article","og_title":"Futuro desierto altipl\u00e1nico y mi pesadilla - El Diario - Bolivia","og_description":"Las pesadillas son, por lo general, una parte no controlada de angustiosos sue\u00f1os, que de alguna manera est\u00e1n dibujados por situaciones reales de d\u00edas anteriores, poco o nada agradables, que nos dejan un sabor amargo en la boca y una preocupaci\u00f3n genuina en nuestra mente por la situaci\u00f3n pasada. Todos esperamos un futuro m\u00e1s agradable [&hellip;]","og_url":"https:\/\/www.eldiario.net\/portal\/2024\/06\/26\/futuro-desierto-altiplanico-y-mi-pesadilla\/","og_site_name":"El Diario - Bolivia","article_publisher":"https:\/\/www.facebook.com\/eldiario.bolivia\/","article_published_time":"2024-06-26T10:05:14+00:00","og_image":[{"width":800,"height":500,"url":"https:\/\/www.eldiario.net\/portal\/wp-content\/uploads\/2023\/12\/Opinion.jpg","type":"image\/jpeg"}],"author":"Jeanette","twitter_card":"summary_large_image","twitter_creator":"@eldiario_net","twitter_site":"@eldiario_net","twitter_misc":{"Escrito por":"Jeanette","Tiempo de lectura":"4 minutos"},"schema":{"@context":"https:\/\/schema.org","@graph":[{"@type":"Article","@id":"https:\/\/www.eldiario.net\/portal\/2024\/06\/26\/futuro-desierto-altiplanico-y-mi-pesadilla\/#article","isPartOf":{"@id":"https:\/\/www.eldiario.net\/portal\/2024\/06\/26\/futuro-desierto-altiplanico-y-mi-pesadilla\/"},"author":{"name":"Jeanette","@id":"https:\/\/www.eldiario.net\/portal\/#\/schema\/person\/f46445640444750d7d753ccd04ae01b7"},"headline":"Futuro desierto altipl\u00e1nico y mi pesadilla","datePublished":"2024-06-26T10:05:14+00:00","mainEntityOfPage":{"@id":"https:\/\/www.eldiario.net\/portal\/2024\/06\/26\/futuro-desierto-altiplanico-y-mi-pesadilla\/"},"wordCount":867,"commentCount":0,"publisher":{"@id":"https:\/\/www.eldiario.net\/portal\/#organization"},"image":{"@id":"https:\/\/www.eldiario.net\/portal\/2024\/06\/26\/futuro-desierto-altiplanico-y-mi-pesadilla\/#primaryimage"},"thumbnailUrl":"https:\/\/www.eldiario.net\/portal\/wp-content\/uploads\/2023\/12\/Opinion.jpg","articleSection":["Opini\u00f3n"],"inLanguage":"es","potentialAction":[{"@type":"CommentAction","name":"Comment","target":["https:\/\/www.eldiario.net\/portal\/2024\/06\/26\/futuro-desierto-altiplanico-y-mi-pesadilla\/#respond"]}]},{"@type":"WebPage","@id":"https:\/\/www.eldiario.net\/portal\/2024\/06\/26\/futuro-desierto-altiplanico-y-mi-pesadilla\/","url":"https:\/\/www.eldiario.net\/portal\/2024\/06\/26\/futuro-desierto-altiplanico-y-mi-pesadilla\/","name":"Futuro desierto altipl\u00e1nico y mi pesadilla - El Diario - Bolivia","isPartOf":{"@id":"https:\/\/www.eldiario.net\/portal\/#website"},"primaryImageOfPage":{"@id":"https:\/\/www.eldiario.net\/portal\/2024\/06\/26\/futuro-desierto-altiplanico-y-mi-pesadilla\/#primaryimage"},"image":{"@id":"https:\/\/www.eldiario.net\/portal\/2024\/06\/26\/futuro-desierto-altiplanico-y-mi-pesadilla\/#primaryimage"},"thumbnailUrl":"https:\/\/www.eldiario.net\/portal\/wp-content\/uploads\/2023\/12\/Opinion.jpg","datePublished":"2024-06-26T10:05:14+00:00","breadcrumb":{"@id":"https:\/\/www.eldiario.net\/portal\/2024\/06\/26\/futuro-desierto-altiplanico-y-mi-pesadilla\/#breadcrumb"},"inLanguage":"es","potentialAction":[{"@type":"ReadAction","target":["https:\/\/www.eldiario.net\/portal\/2024\/06\/26\/futuro-desierto-altiplanico-y-mi-pesadilla\/"]}]},{"@type":"ImageObject","inLanguage":"es","@id":"https:\/\/www.eldiario.net\/portal\/2024\/06\/26\/futuro-desierto-altiplanico-y-mi-pesadilla\/#primaryimage","url":"https:\/\/www.eldiario.net\/portal\/wp-content\/uploads\/2023\/12\/Opinion.jpg","contentUrl":"https:\/\/www.eldiario.net\/portal\/wp-content\/uploads\/2023\/12\/Opinion.jpg","width":800,"height":500},{"@type":"BreadcrumbList","@id":"https:\/\/www.eldiario.net\/portal\/2024\/06\/26\/futuro-desierto-altiplanico-y-mi-pesadilla\/#breadcrumb","itemListElement":[{"@type":"ListItem","position":1,"name":"Portada","item":"https:\/\/www.eldiario.net\/portal\/"},{"@type":"ListItem","position":2,"name":"Futuro desierto altipl\u00e1nico y mi pesadilla"}]},{"@type":"WebSite","@id":"https:\/\/www.eldiario.net\/portal\/#website","url":"https:\/\/www.eldiario.net\/portal\/","name":"El Diario - Decano de la prensa nacional","description":"El Diario - Decano de la prensa nacional","publisher":{"@id":"https:\/\/www.eldiario.net\/portal\/#organization"},"potentialAction":[{"@type":"SearchAction","target":{"@type":"EntryPoint","urlTemplate":"https:\/\/www.eldiario.net\/portal\/?s={search_term_string}"},"query-input":{"@type":"PropertyValueSpecification","valueRequired":true,"valueName":"search_term_string"}}],"inLanguage":"es"},{"@type":"Organization","@id":"https:\/\/www.eldiario.net\/portal\/#organization","name":"El Diario - Decano de la prensa nacional","url":"https:\/\/www.eldiario.net\/portal\/","logo":{"@type":"ImageObject","inLanguage":"es","@id":"https:\/\/www.eldiario.net\/portal\/#\/schema\/logo\/image\/","url":"https:\/\/www.eldiario.net\/portal\/wp-content\/uploads\/2023\/07\/logo_ED.jpg","contentUrl":"https:\/\/www.eldiario.net\/portal\/wp-content\/uploads\/2023\/07\/logo_ED.jpg","width":272,"height":52,"caption":"El Diario - Decano de la prensa nacional"},"image":{"@id":"https:\/\/www.eldiario.net\/portal\/#\/schema\/logo\/image\/"},"sameAs":["https:\/\/www.facebook.com\/eldiario.bolivia\/","https:\/\/x.com\/eldiario_net"]},{"@type":"Person","@id":"https:\/\/www.eldiario.net\/portal\/#\/schema\/person\/f46445640444750d7d753ccd04ae01b7","name":"Jeanette","image":{"@type":"ImageObject","inLanguage":"es","@id":"https:\/\/secure.gravatar.com\/avatar\/3ea2118a5f7dad2b7138b1187a6b7ee55f160b9968b66013c3a3ef39dd7e5798?s=96&d=mm&r=g","url":"https:\/\/secure.gravatar.com\/avatar\/3ea2118a5f7dad2b7138b1187a6b7ee55f160b9968b66013c3a3ef39dd7e5798?s=96&d=mm&r=g","contentUrl":"https:\/\/secure.gravatar.com\/avatar\/3ea2118a5f7dad2b7138b1187a6b7ee55f160b9968b66013c3a3ef39dd7e5798?s=96&d=mm&r=g","caption":"Jeanette"},"sameAs":["https:\/\/www.eldiario.net\/portal"],"url":"https:\/\/www.eldiario.net\/portal\/author\/jeanette\/"}]}},"_links":{"self":[{"href":"https:\/\/www.eldiario.net\/portal\/wp-json\/wp\/v2\/posts\/229852","targetHints":{"allow":["GET"]}}],"collection":[{"href":"https:\/\/www.eldiario.net\/portal\/wp-json\/wp\/v2\/posts"}],"about":[{"href":"https:\/\/www.eldiario.net\/portal\/wp-json\/wp\/v2\/types\/post"}],"author":[{"embeddable":true,"href":"https:\/\/www.eldiario.net\/portal\/wp-json\/wp\/v2\/users\/1"}],"replies":[{"embeddable":true,"href":"https:\/\/www.eldiario.net\/portal\/wp-json\/wp\/v2\/comments?post=229852"}],"version-history":[{"count":1,"href":"https:\/\/www.eldiario.net\/portal\/wp-json\/wp\/v2\/posts\/229852\/revisions"}],"predecessor-version":[{"id":229853,"href":"https:\/\/www.eldiario.net\/portal\/wp-json\/wp\/v2\/posts\/229852\/revisions\/229853"}],"wp:featuredmedia":[{"embeddable":true,"href":"https:\/\/www.eldiario.net\/portal\/wp-json\/wp\/v2\/media\/194790"}],"wp:attachment":[{"href":"https:\/\/www.eldiario.net\/portal\/wp-json\/wp\/v2\/media?parent=229852"}],"wp:term":[{"taxonomy":"category","embeddable":true,"href":"https:\/\/www.eldiario.net\/portal\/wp-json\/wp\/v2\/categories?post=229852"},{"taxonomy":"post_tag","embeddable":true,"href":"https:\/\/www.eldiario.net\/portal\/wp-json\/wp\/v2\/tags?post=229852"}],"curies":[{"name":"wp","href":"https:\/\/api.w.org\/{rel}","templated":true}]}}