{"id":22982,"date":"2021-08-12T06:33:21","date_gmt":"2021-08-12T10:33:21","guid":{"rendered":"https:\/\/www.eldiario.net\/portal\/?p=22982"},"modified":"2021-08-12T06:33:21","modified_gmt":"2021-08-12T10:33:21","slug":"gobierno-incumple-recomendacion-del-idif-respecto-a-la-salud-de-anez","status":"publish","type":"post","link":"https:\/\/www.eldiario.net\/portal\/2021\/08\/12\/gobierno-incumple-recomendacion-del-idif-respecto-a-la-salud-de-anez\/","title":{"rendered":"Gobierno incumple recomendaci\u00f3n  del IDIF respecto a la salud de A\u00f1ez"},"content":{"rendered":"<p>La abogada Norka Cu\u00e9llar, que patrocina a la expresidenta Jeanine A\u00f1ez denunci\u00f3 que la recomendaci\u00f3n del Instituto de Investigaciones Forenses (IDIF), que visit\u00f3 a su cliente el pasado lunes, fue incumplida por R\u00e9gimen Penitenciario porque no dejaron que le practiquen el an\u00e1lisis de sangre, valoraci\u00f3n psiqui\u00e1trica y examen cardiol\u00f3gico recomendado.<\/p>\n<p>La jurista manifest\u00f3 que el especialista del Hospital del T\u00f3rax, donde fue conducida el mediod\u00eda de este mi\u00e9rcoles, al igual que el IDIF recomend\u00f3 que se le realicen estudios complementarios para observar la evoluci\u00f3n de su cuadro cl\u00ednico, empero fue devuelta al Centro de Orientaci\u00f3n Femenina de Miraflores, donde guarda detenci\u00f3n preventiva desde el pasado 14 de marzo, despu\u00e9s de una \u201csimple valoraci\u00f3n cl\u00ednica\u201d.<\/p>\n<p>El director de la Direcci\u00f3n de R\u00e9gimen Penitenciario, Juan Carlos Limpias, manifest\u00f3 que se hacen todos los trabajos para que los ex\u00e1menes requeridos para la expresidenta sean realizados en el mismo penal de Miraflores. Indic\u00f3 que el m\u00e9dico inform\u00f3 que A\u00f1ez padece hipertensi\u00f3n arterial sist\u00e9mica y s\u00edndrome ansioso-depresivo.<\/p>\n<p>\u201cHa sido atendida por el cardi\u00f3logo especialista el cual ratifica que la privada de libertad Jeanine A\u00f1ez sufre de hipertensi\u00f3n arterial sist\u00e9mica y s\u00edndrome ansioso depresivo. En este entendido, el cardi\u00f3logo ha hecho una recomendaci\u00f3n de medicaci\u00f3n y no ha habido la necesidad de ning\u00fan tipo de internaci\u00f3n en el Hospital del T\u00f3rax\u201d, dijo Limpias.<\/p>\n<p>El abogado Luis Guill\u00e9n, quien tambi\u00e9n patrocina a A\u00f1ez, aclar\u00f3 que, desde el ingreso al penal, su cliente perdi\u00f3 cerca de 12 kilos, debido a su estado de salud delicada.<\/p>\n","protected":false},"excerpt":{"rendered":"<p>La abogada Norka Cu\u00e9llar, que patrocina a la expresidenta Jeanine A\u00f1ez denunci\u00f3 que la recomendaci\u00f3n del Instituto de Investigaciones Forenses (IDIF), que visit\u00f3 a su cliente el pasado lunes, fue incumplida por R\u00e9gimen Penitenciario porque no dejaron que le practiquen el an\u00e1lisis de sangre, valoraci\u00f3n psiqui\u00e1trica y examen cardiol\u00f3gico recomendado. La jurista manifest\u00f3 que el [&hellip;]<\/p>\n","protected":false},"author":1,"featured_media":22983,"comment_status":"closed","ping_status":"closed","sticky":false,"template":"","format":"standard","meta":{"_acf_changed":false,"footnotes":""},"categories":[15],"tags":[],"class_list":["post-22982","post","type-post","status-publish","format-standard","has-post-thumbnail","category-portada"],"acf":{"antetitulo":""},"yoast_head":"<!-- This site is optimized with the Yoast SEO plugin v28.4 - https:\/\/yoast.com\/product\/yoast-seo-wordpress\/ -->\n<title>Gobierno incumple recomendaci\u00f3n del IDIF respecto a la salud de A\u00f1ez - El Diario - Bolivia<\/title>\n<meta name=\"robots\" content=\"index, follow, max-snippet:-1, max-image-preview:large, max-video-preview:-1\" \/>\n<link rel=\"canonical\" href=\"https:\/\/www.eldiario.net\/portal\/2021\/08\/12\/gobierno-incumple-recomendacion-del-idif-respecto-a-la-salud-de-anez\/\" \/>\n<meta property=\"og:locale\" content=\"es_ES\" \/>\n<meta property=\"og:type\" content=\"article\" \/>\n<meta property=\"og:title\" content=\"Gobierno incumple recomendaci\u00f3n del IDIF respecto a la salud de A\u00f1ez - El Diario - Bolivia\" \/>\n<meta property=\"og:description\" content=\"La abogada Norka Cu\u00e9llar, que patrocina a la expresidenta Jeanine A\u00f1ez denunci\u00f3 que la recomendaci\u00f3n del Instituto de Investigaciones Forenses (IDIF), que visit\u00f3 a su cliente el pasado lunes, fue incumplida por R\u00e9gimen Penitenciario porque no dejaron que le practiquen el an\u00e1lisis de sangre, valoraci\u00f3n psiqui\u00e1trica y examen cardiol\u00f3gico recomendado. La jurista manifest\u00f3 que el [&hellip;]\" \/>\n<meta property=\"og:url\" content=\"https:\/\/www.eldiario.net\/portal\/2021\/08\/12\/gobierno-incumple-recomendacion-del-idif-respecto-a-la-salud-de-anez\/\" \/>\n<meta property=\"og:site_name\" content=\"El Diario - Bolivia\" \/>\n<meta property=\"article:publisher\" content=\"https:\/\/www.facebook.com\/eldiario.bolivia\/\" \/>\n<meta property=\"article:published_time\" content=\"2021-08-12T10:33:21+00:00\" \/>\n<meta name=\"author\" content=\"Jeanette\" \/>\n<meta name=\"twitter:card\" content=\"summary_large_image\" \/>\n<meta name=\"twitter:creator\" content=\"@eldiario_net\" \/>\n<meta name=\"twitter:site\" content=\"@eldiario_net\" \/>\n<meta name=\"twitter:label1\" content=\"Escrito por\" \/>\n\t<meta name=\"twitter:data1\" content=\"Jeanette\" \/>\n\t<meta name=\"twitter:label2\" content=\"Tiempo de lectura\" \/>\n\t<meta name=\"twitter:data2\" content=\"2 minutos\" \/>\n<script type=\"application\/ld+json\" class=\"yoast-schema-graph\">{\"@context\":\"https:\\\/\\\/schema.org\",\"@graph\":[{\"@type\":\"Article\",\"@id\":\"https:\\\/\\\/www.eldiario.net\\\/portal\\\/2021\\\/08\\\/12\\\/gobierno-incumple-recomendacion-del-idif-respecto-a-la-salud-de-anez\\\/#article\",\"isPartOf\":{\"@id\":\"https:\\\/\\\/www.eldiario.net\\\/portal\\\/2021\\\/08\\\/12\\\/gobierno-incumple-recomendacion-del-idif-respecto-a-la-salud-de-anez\\\/\"},\"author\":{\"name\":\"Jeanette\",\"@id\":\"https:\\\/\\\/www.eldiario.net\\\/portal\\\/#\\\/schema\\\/person\\\/2c57cf2b7a7ae032e449e4c9b1019eac\"},\"headline\":\"Gobierno incumple recomendaci\u00f3n del IDIF respecto a la salud de A\u00f1ez\",\"datePublished\":\"2021-08-12T10:33:21+00:00\",\"mainEntityOfPage\":{\"@id\":\"https:\\\/\\\/www.eldiario.net\\\/portal\\\/2021\\\/08\\\/12\\\/gobierno-incumple-recomendacion-del-idif-respecto-a-la-salud-de-anez\\\/\"},\"wordCount\":298,\"publisher\":{\"@id\":\"https:\\\/\\\/www.eldiario.net\\\/portal\\\/#organization\"},\"image\":{\"@id\":\"https:\\\/\\\/www.eldiario.net\\\/portal\\\/2021\\\/08\\\/12\\\/gobierno-incumple-recomendacion-del-idif-respecto-a-la-salud-de-anez\\\/#primaryimage\"},\"thumbnailUrl\":\"\",\"articleSection\":[\"Portada\"],\"inLanguage\":\"es\"},{\"@type\":\"WebPage\",\"@id\":\"https:\\\/\\\/www.eldiario.net\\\/portal\\\/2021\\\/08\\\/12\\\/gobierno-incumple-recomendacion-del-idif-respecto-a-la-salud-de-anez\\\/\",\"url\":\"https:\\\/\\\/www.eldiario.net\\\/portal\\\/2021\\\/08\\\/12\\\/gobierno-incumple-recomendacion-del-idif-respecto-a-la-salud-de-anez\\\/\",\"name\":\"Gobierno incumple recomendaci\u00f3n del IDIF respecto a la salud de A\u00f1ez - El Diario - Bolivia\",\"isPartOf\":{\"@id\":\"https:\\\/\\\/www.eldiario.net\\\/portal\\\/#website\"},\"primaryImageOfPage\":{\"@id\":\"https:\\\/\\\/www.eldiario.net\\\/portal\\\/2021\\\/08\\\/12\\\/gobierno-incumple-recomendacion-del-idif-respecto-a-la-salud-de-anez\\\/#primaryimage\"},\"image\":{\"@id\":\"https:\\\/\\\/www.eldiario.net\\\/portal\\\/2021\\\/08\\\/12\\\/gobierno-incumple-recomendacion-del-idif-respecto-a-la-salud-de-anez\\\/#primaryimage\"},\"thumbnailUrl\":\"\",\"datePublished\":\"2021-08-12T10:33:21+00:00\",\"breadcrumb\":{\"@id\":\"https:\\\/\\\/www.eldiario.net\\\/portal\\\/2021\\\/08\\\/12\\\/gobierno-incumple-recomendacion-del-idif-respecto-a-la-salud-de-anez\\\/#breadcrumb\"},\"inLanguage\":\"es\",\"potentialAction\":[{\"@type\":\"ReadAction\",\"target\":[\"https:\\\/\\\/www.eldiario.net\\\/portal\\\/2021\\\/08\\\/12\\\/gobierno-incumple-recomendacion-del-idif-respecto-a-la-salud-de-anez\\\/\"]}]},{\"@type\":\"ImageObject\",\"inLanguage\":\"es\",\"@id\":\"https:\\\/\\\/www.eldiario.net\\\/portal\\\/2021\\\/08\\\/12\\\/gobierno-incumple-recomendacion-del-idif-respecto-a-la-salud-de-anez\\\/#primaryimage\",\"url\":\"\",\"contentUrl\":\"\"},{\"@type\":\"BreadcrumbList\",\"@id\":\"https:\\\/\\\/www.eldiario.net\\\/portal\\\/2021\\\/08\\\/12\\\/gobierno-incumple-recomendacion-del-idif-respecto-a-la-salud-de-anez\\\/#breadcrumb\",\"itemListElement\":[{\"@type\":\"ListItem\",\"position\":1,\"name\":\"Portada\",\"item\":\"https:\\\/\\\/www.eldiario.net\\\/portal\\\/\"},{\"@type\":\"ListItem\",\"position\":2,\"name\":\"Gobierno incumple recomendaci\u00f3n del IDIF respecto a la salud de A\u00f1ez\"}]},{\"@type\":\"WebSite\",\"@id\":\"https:\\\/\\\/www.eldiario.net\\\/portal\\\/#website\",\"url\":\"https:\\\/\\\/www.eldiario.net\\\/portal\\\/\",\"name\":\"El Diario - Decano de la prensa nacional\",\"description\":\"El Diario - Decano de la prensa nacional\",\"publisher\":{\"@id\":\"https:\\\/\\\/www.eldiario.net\\\/portal\\\/#organization\"},\"potentialAction\":[{\"@type\":\"SearchAction\",\"target\":{\"@type\":\"EntryPoint\",\"urlTemplate\":\"https:\\\/\\\/www.eldiario.net\\\/portal\\\/?s={search_term_string}\"},\"query-input\":{\"@type\":\"PropertyValueSpecification\",\"valueRequired\":true,\"valueName\":\"search_term_string\"}}],\"inLanguage\":\"es\"},{\"@type\":\"Organization\",\"@id\":\"https:\\\/\\\/www.eldiario.net\\\/portal\\\/#organization\",\"name\":\"El Diario - Decano de la prensa nacional\",\"url\":\"https:\\\/\\\/www.eldiario.net\\\/portal\\\/\",\"logo\":{\"@type\":\"ImageObject\",\"inLanguage\":\"es\",\"@id\":\"https:\\\/\\\/www.eldiario.net\\\/portal\\\/#\\\/schema\\\/logo\\\/image\\\/\",\"url\":\"https:\\\/\\\/www.eldiario.net\\\/portal\\\/wp-content\\\/uploads\\\/2023\\\/07\\\/logo_ED.jpg\",\"contentUrl\":\"https:\\\/\\\/www.eldiario.net\\\/portal\\\/wp-content\\\/uploads\\\/2023\\\/07\\\/logo_ED.jpg\",\"width\":272,\"height\":52,\"caption\":\"El Diario - Decano de la prensa nacional\"},\"image\":{\"@id\":\"https:\\\/\\\/www.eldiario.net\\\/portal\\\/#\\\/schema\\\/logo\\\/image\\\/\"},\"sameAs\":[\"https:\\\/\\\/www.facebook.com\\\/eldiario.bolivia\\\/\",\"https:\\\/\\\/x.com\\\/eldiario_net\"]},{\"@type\":\"Person\",\"@id\":\"https:\\\/\\\/www.eldiario.net\\\/portal\\\/#\\\/schema\\\/person\\\/2c57cf2b7a7ae032e449e4c9b1019eac\",\"name\":\"Jeanette\",\"image\":{\"@type\":\"ImageObject\",\"inLanguage\":\"es\",\"@id\":\"https:\\\/\\\/secure.gravatar.com\\\/avatar\\\/3ea2118a5f7dad2b7138b1187a6b7ee55f160b9968b66013c3a3ef39dd7e5798?s=96&d=mm&r=g\",\"url\":\"https:\\\/\\\/secure.gravatar.com\\\/avatar\\\/3ea2118a5f7dad2b7138b1187a6b7ee55f160b9968b66013c3a3ef39dd7e5798?s=96&d=mm&r=g\",\"contentUrl\":\"https:\\\/\\\/secure.gravatar.com\\\/avatar\\\/3ea2118a5f7dad2b7138b1187a6b7ee55f160b9968b66013c3a3ef39dd7e5798?s=96&d=mm&r=g\",\"caption\":\"Jeanette\"},\"sameAs\":[\"https:\\\/\\\/www.eldiario.net\\\/portal\"],\"url\":\"https:\\\/\\\/www.eldiario.net\\\/portal\\\/author\\\/jeanette\\\/\"}]}<\/script>\n<!-- \/ Yoast SEO plugin. -->","yoast_head_json":{"title":"Gobierno incumple recomendaci\u00f3n del IDIF respecto a la salud de A\u00f1ez - El Diario - Bolivia","robots":{"index":"index","follow":"follow","max-snippet":"max-snippet:-1","max-image-preview":"max-image-preview:large","max-video-preview":"max-video-preview:-1"},"canonical":"https:\/\/www.eldiario.net\/portal\/2021\/08\/12\/gobierno-incumple-recomendacion-del-idif-respecto-a-la-salud-de-anez\/","og_locale":"es_ES","og_type":"article","og_title":"Gobierno incumple recomendaci\u00f3n del IDIF respecto a la salud de A\u00f1ez - El Diario - Bolivia","og_description":"La abogada Norka Cu\u00e9llar, que patrocina a la expresidenta Jeanine A\u00f1ez denunci\u00f3 que la recomendaci\u00f3n del Instituto de Investigaciones Forenses (IDIF), que visit\u00f3 a su cliente el pasado lunes, fue incumplida por R\u00e9gimen Penitenciario porque no dejaron que le practiquen el an\u00e1lisis de sangre, valoraci\u00f3n psiqui\u00e1trica y examen cardiol\u00f3gico recomendado. La jurista manifest\u00f3 que el [&hellip;]","og_url":"https:\/\/www.eldiario.net\/portal\/2021\/08\/12\/gobierno-incumple-recomendacion-del-idif-respecto-a-la-salud-de-anez\/","og_site_name":"El Diario - Bolivia","article_publisher":"https:\/\/www.facebook.com\/eldiario.bolivia\/","article_published_time":"2021-08-12T10:33:21+00:00","author":"Jeanette","twitter_card":"summary_large_image","twitter_creator":"@eldiario_net","twitter_site":"@eldiario_net","twitter_misc":{"Escrito por":"Jeanette","Tiempo de lectura":"2 minutos"},"schema":{"@context":"https:\/\/schema.org","@graph":[{"@type":"Article","@id":"https:\/\/www.eldiario.net\/portal\/2021\/08\/12\/gobierno-incumple-recomendacion-del-idif-respecto-a-la-salud-de-anez\/#article","isPartOf":{"@id":"https:\/\/www.eldiario.net\/portal\/2021\/08\/12\/gobierno-incumple-recomendacion-del-idif-respecto-a-la-salud-de-anez\/"},"author":{"name":"Jeanette","@id":"https:\/\/www.eldiario.net\/portal\/#\/schema\/person\/2c57cf2b7a7ae032e449e4c9b1019eac"},"headline":"Gobierno incumple recomendaci\u00f3n del IDIF respecto a la salud de A\u00f1ez","datePublished":"2021-08-12T10:33:21+00:00","mainEntityOfPage":{"@id":"https:\/\/www.eldiario.net\/portal\/2021\/08\/12\/gobierno-incumple-recomendacion-del-idif-respecto-a-la-salud-de-anez\/"},"wordCount":298,"publisher":{"@id":"https:\/\/www.eldiario.net\/portal\/#organization"},"image":{"@id":"https:\/\/www.eldiario.net\/portal\/2021\/08\/12\/gobierno-incumple-recomendacion-del-idif-respecto-a-la-salud-de-anez\/#primaryimage"},"thumbnailUrl":"","articleSection":["Portada"],"inLanguage":"es"},{"@type":"WebPage","@id":"https:\/\/www.eldiario.net\/portal\/2021\/08\/12\/gobierno-incumple-recomendacion-del-idif-respecto-a-la-salud-de-anez\/","url":"https:\/\/www.eldiario.net\/portal\/2021\/08\/12\/gobierno-incumple-recomendacion-del-idif-respecto-a-la-salud-de-anez\/","name":"Gobierno incumple recomendaci\u00f3n del IDIF respecto a la salud de A\u00f1ez - El Diario - Bolivia","isPartOf":{"@id":"https:\/\/www.eldiario.net\/portal\/#website"},"primaryImageOfPage":{"@id":"https:\/\/www.eldiario.net\/portal\/2021\/08\/12\/gobierno-incumple-recomendacion-del-idif-respecto-a-la-salud-de-anez\/#primaryimage"},"image":{"@id":"https:\/\/www.eldiario.net\/portal\/2021\/08\/12\/gobierno-incumple-recomendacion-del-idif-respecto-a-la-salud-de-anez\/#primaryimage"},"thumbnailUrl":"","datePublished":"2021-08-12T10:33:21+00:00","breadcrumb":{"@id":"https:\/\/www.eldiario.net\/portal\/2021\/08\/12\/gobierno-incumple-recomendacion-del-idif-respecto-a-la-salud-de-anez\/#breadcrumb"},"inLanguage":"es","potentialAction":[{"@type":"ReadAction","target":["https:\/\/www.eldiario.net\/portal\/2021\/08\/12\/gobierno-incumple-recomendacion-del-idif-respecto-a-la-salud-de-anez\/"]}]},{"@type":"ImageObject","inLanguage":"es","@id":"https:\/\/www.eldiario.net\/portal\/2021\/08\/12\/gobierno-incumple-recomendacion-del-idif-respecto-a-la-salud-de-anez\/#primaryimage","url":"","contentUrl":""},{"@type":"BreadcrumbList","@id":"https:\/\/www.eldiario.net\/portal\/2021\/08\/12\/gobierno-incumple-recomendacion-del-idif-respecto-a-la-salud-de-anez\/#breadcrumb","itemListElement":[{"@type":"ListItem","position":1,"name":"Portada","item":"https:\/\/www.eldiario.net\/portal\/"},{"@type":"ListItem","position":2,"name":"Gobierno incumple recomendaci\u00f3n del IDIF respecto a la salud de A\u00f1ez"}]},{"@type":"WebSite","@id":"https:\/\/www.eldiario.net\/portal\/#website","url":"https:\/\/www.eldiario.net\/portal\/","name":"El Diario - Decano de la prensa nacional","description":"El Diario - Decano de la prensa nacional","publisher":{"@id":"https:\/\/www.eldiario.net\/portal\/#organization"},"potentialAction":[{"@type":"SearchAction","target":{"@type":"EntryPoint","urlTemplate":"https:\/\/www.eldiario.net\/portal\/?s={search_term_string}"},"query-input":{"@type":"PropertyValueSpecification","valueRequired":true,"valueName":"search_term_string"}}],"inLanguage":"es"},{"@type":"Organization","@id":"https:\/\/www.eldiario.net\/portal\/#organization","name":"El Diario - Decano de la prensa nacional","url":"https:\/\/www.eldiario.net\/portal\/","logo":{"@type":"ImageObject","inLanguage":"es","@id":"https:\/\/www.eldiario.net\/portal\/#\/schema\/logo\/image\/","url":"https:\/\/www.eldiario.net\/portal\/wp-content\/uploads\/2023\/07\/logo_ED.jpg","contentUrl":"https:\/\/www.eldiario.net\/portal\/wp-content\/uploads\/2023\/07\/logo_ED.jpg","width":272,"height":52,"caption":"El Diario - Decano de la prensa nacional"},"image":{"@id":"https:\/\/www.eldiario.net\/portal\/#\/schema\/logo\/image\/"},"sameAs":["https:\/\/www.facebook.com\/eldiario.bolivia\/","https:\/\/x.com\/eldiario_net"]},{"@type":"Person","@id":"https:\/\/www.eldiario.net\/portal\/#\/schema\/person\/2c57cf2b7a7ae032e449e4c9b1019eac","name":"Jeanette","image":{"@type":"ImageObject","inLanguage":"es","@id":"https:\/\/secure.gravatar.com\/avatar\/3ea2118a5f7dad2b7138b1187a6b7ee55f160b9968b66013c3a3ef39dd7e5798?s=96&d=mm&r=g","url":"https:\/\/secure.gravatar.com\/avatar\/3ea2118a5f7dad2b7138b1187a6b7ee55f160b9968b66013c3a3ef39dd7e5798?s=96&d=mm&r=g","contentUrl":"https:\/\/secure.gravatar.com\/avatar\/3ea2118a5f7dad2b7138b1187a6b7ee55f160b9968b66013c3a3ef39dd7e5798?s=96&d=mm&r=g","caption":"Jeanette"},"sameAs":["https:\/\/www.eldiario.net\/portal"],"url":"https:\/\/www.eldiario.net\/portal\/author\/jeanette\/"}]}},"_links":{"self":[{"href":"https:\/\/www.eldiario.net\/portal\/wp-json\/wp\/v2\/posts\/22982","targetHints":{"allow":["GET"]}}],"collection":[{"href":"https:\/\/www.eldiario.net\/portal\/wp-json\/wp\/v2\/posts"}],"about":[{"href":"https:\/\/www.eldiario.net\/portal\/wp-json\/wp\/v2\/types\/post"}],"author":[{"embeddable":true,"href":"https:\/\/www.eldiario.net\/portal\/wp-json\/wp\/v2\/users\/1"}],"replies":[{"embeddable":true,"href":"https:\/\/www.eldiario.net\/portal\/wp-json\/wp\/v2\/comments?post=22982"}],"version-history":[{"count":0,"href":"https:\/\/www.eldiario.net\/portal\/wp-json\/wp\/v2\/posts\/22982\/revisions"}],"wp:attachment":[{"href":"https:\/\/www.eldiario.net\/portal\/wp-json\/wp\/v2\/media?parent=22982"}],"wp:term":[{"taxonomy":"category","embeddable":true,"href":"https:\/\/www.eldiario.net\/portal\/wp-json\/wp\/v2\/categories?post=22982"},{"taxonomy":"post_tag","embeddable":true,"href":"https:\/\/www.eldiario.net\/portal\/wp-json\/wp\/v2\/tags?post=22982"}],"curies":[{"name":"wp","href":"https:\/\/api.w.org\/{rel}","templated":true}]}}