{"id":22976,"date":"2021-08-12T06:26:21","date_gmt":"2021-08-12T10:26:21","guid":{"rendered":"https:\/\/www.eldiario.net\/portal\/?p=22976"},"modified":"2021-08-12T06:26:21","modified_gmt":"2021-08-12T10:26:21","slug":"largas-filas-y-desinformacion-marcan-vacunacion-de-segunda-dosis-de-sputnik-v","status":"publish","type":"post","link":"https:\/\/www.eldiario.net\/portal\/2021\/08\/12\/largas-filas-y-desinformacion-marcan-vacunacion-de-segunda-dosis-de-sputnik-v\/","title":{"rendered":"Largas filas y desinformaci\u00f3n marcan vacunaci\u00f3n de segunda dosis de Sputnik V"},"content":{"rendered":"<p>Aunque la aplicaci\u00f3n de la segunda dosis comenz\u00f3 ayer, largas filas y desinformaci\u00f3n caracterizaron el segundo d\u00eda de vacunaci\u00f3n de la Sputnik V mientras el Gobierno afirma que las vacunas est\u00e1n garantizadas.<\/p>\n<p>Los m\u00e1s afectados fueron los mayores de 70 a\u00f1os de edad que hicieron filas desde la madrugada porque muchos de ellos fueron por confusi\u00f3n.<\/p>\n<p>\u00abDijeron que los que nos vacunamos en abril deber\u00edamos acudir a vacunaci\u00f3n, eso dijo el Ministerio de Salud pero llegamos aqu\u00ed y nos dicen que no estamos en el cronograma, qu\u00e9 valdr\u00e1 m\u00e1s: lo que dice el Ministerio o el cronograma\u00bb cuestion\u00f3 Gregoria M., una de las afectadas en puertas de la Facultad de Medicina de la UMSA.<\/p>\n<p>En las inmediaciones al punto de vacunaci\u00f3n del Monoblock de la Universidad Mayor de San Andr\u00e9s (UMSA) otro ciudadano cuestion\u00f3 la falta de organizaci\u00f3n porque supuestamente hubo cambios en el cronograma sin informar previamente a los beneficiarios.<\/p>\n<p>Otro ciudadano dijo: Me vacunaron con la primera dosis de la Sputnik V el 29 de abril, en la facultad de tecnolog\u00eda de la UMSA (Av. Arce y 6 de Agosto). Para la segunda dosis este lugar ya no est\u00e1 habilitado. En la puerta de esta facultad hay un letrero que dice que la atenci\u00f3n se traslad\u00f3 al coliseo del Instituto Americano (calle Landaeta), donde no saben que dar\u00e1n la segunda dosis de la vacuna rusa, porque no les entregaron nada. Siguiendo el instructivo del Gobierno me aperson\u00e9 por la EMI (Irpavi), donde me aclararon que solo les dieron la cantidad de vacunas para esta segunda dosis, de acuerdo a la cantidad de gente que vacunaron con la primera dosis. Por el momento, los que nos hicimos vacunar en el tecnol\u00f3gico de la UMSA, no sabemos d\u00f3nde nos dar\u00e1n la segunda dosis.<\/p>\n<p>En La Paz y El Alto fueron habilitados como centros de vacunaci\u00f3n de la segunda dosis los siguientes puntos: Escuela Militar de Ingenier\u00eda (EMI), la Facultad de Medicina, el Monoblock y el Campus de Cota Cota de la Universidad Mayor de San Andr\u00e9s (UMSA), la Universidad P\u00fablica de El Alto (UPEA) y el Hospital El Alto Sur.<\/p>\n<p>En Sucre tambi\u00e9n se registraron largas filas por la segunda dosis, seg\u00fan dijeron los afectados, porque los cronogramas establecidos \u00abconfundieron\u00bb a la poblaci\u00f3n vacunada con la primera dosis.<\/p>\n<p>En Santa Cruz, la aplicaci\u00f3n de la segunda dosis se paraliz\u00f3 por m\u00e1s de dos horas en el punto de vacunaci\u00f3n de la Universidad Aut\u00f3noma Gabriel Ren\u00e9 Moreno, seg\u00fan reportes de medios.<\/p>\n<p>M\u00e1s de 300 adultos mayores reclamaron por la demora porque algunos esperaron desde las tres de la madrugada. \u00abLlegu\u00e9 a las 5:00 y m\u00e1s de tres horas despu\u00e9s dicen que se acab\u00f3, por qu\u00e9 las autoridades no pueden entregar las dosis necesarias. Otra vez tenemos que esperar dos horas y padecer de fr\u00edo\u00bb lament\u00f3 Carmen Gonzales, citada por El Deber.<\/p>\n<p>La viceministra de Seguros de Salud y Gesti\u00f3n del Sistema \u00danico de Salud, Alejandra Hidalgo, inform\u00f3 que est\u00e1n garantizadas las segundas dosis de Sputnik-V para toda la poblaci\u00f3n y se prev\u00e9 la llegada de un nuevo lote el fin de semana.<\/p>\n<p>\u201cS\u00ed, van a llegar a nuestro pa\u00eds en los siguientes d\u00edas, esperamos que hasta el fin de semana pueda llegar una cantidad similar y est\u00e1n garantizadas las segundas dosis para nuestro pa\u00eds\u201d, dijo en una entrevista en Bolivia Tv.<\/p>\n<p>El ministro de Salud, Jeyson Auza, inform\u00f3 tambi\u00e9n que Bolivia recibi\u00f3 125.460 del segundo componente de los 200 mil que se requiere para el grupo de beneficiarios que ya esperan m\u00e1s de 90 d\u00edas. (Br\u00fajula Digital \/ El Diario)<\/p>\n","protected":false},"excerpt":{"rendered":"<p>Aunque la aplicaci\u00f3n de la segunda dosis comenz\u00f3 ayer, largas filas y desinformaci\u00f3n caracterizaron el segundo d\u00eda de vacunaci\u00f3n de la Sputnik V mientras el Gobierno afirma que las vacunas est\u00e1n garantizadas. Los m\u00e1s afectados fueron los mayores de 70 a\u00f1os de edad que hicieron filas desde la madrugada porque muchos de ellos fueron por [&hellip;]<\/p>\n","protected":false},"author":1,"featured_media":22977,"comment_status":"closed","ping_status":"closed","sticky":false,"template":"","format":"standard","meta":{"_acf_changed":false,"footnotes":""},"categories":[15],"tags":[],"class_list":["post-22976","post","type-post","status-publish","format-standard","has-post-thumbnail","category-portada"],"acf":{"antetitulo":""},"yoast_head":"<!-- This site is optimized with the Yoast SEO plugin v28.3 - https:\/\/yoast.com\/product\/yoast-seo-wordpress\/ -->\n<title>Largas filas y desinformaci\u00f3n marcan vacunaci\u00f3n de segunda dosis de Sputnik V - El Diario - Bolivia<\/title>\n<meta name=\"robots\" content=\"index, follow, max-snippet:-1, max-image-preview:large, max-video-preview:-1\" \/>\n<link rel=\"canonical\" href=\"https:\/\/www.eldiario.net\/portal\/2021\/08\/12\/largas-filas-y-desinformacion-marcan-vacunacion-de-segunda-dosis-de-sputnik-v\/\" \/>\n<meta property=\"og:locale\" content=\"es_ES\" \/>\n<meta property=\"og:type\" content=\"article\" \/>\n<meta property=\"og:title\" content=\"Largas filas y desinformaci\u00f3n marcan vacunaci\u00f3n de segunda dosis de Sputnik V - El Diario - Bolivia\" \/>\n<meta property=\"og:description\" content=\"Aunque la aplicaci\u00f3n de la segunda dosis comenz\u00f3 ayer, largas filas y desinformaci\u00f3n caracterizaron el segundo d\u00eda de vacunaci\u00f3n de la Sputnik V mientras el Gobierno afirma que las vacunas est\u00e1n garantizadas. Los m\u00e1s afectados fueron los mayores de 70 a\u00f1os de edad que hicieron filas desde la madrugada porque muchos de ellos fueron por [&hellip;]\" \/>\n<meta property=\"og:url\" content=\"https:\/\/www.eldiario.net\/portal\/2021\/08\/12\/largas-filas-y-desinformacion-marcan-vacunacion-de-segunda-dosis-de-sputnik-v\/\" \/>\n<meta property=\"og:site_name\" content=\"El Diario - Bolivia\" \/>\n<meta property=\"article:publisher\" content=\"https:\/\/www.facebook.com\/eldiario.bolivia\/\" \/>\n<meta property=\"article:published_time\" content=\"2021-08-12T10:26:21+00:00\" \/>\n<meta property=\"og:image\" content=\"https:\/\/www.eldiario.net\/portal\/wp-content\/uploads\/2021\/08\/4ta-NP-Largas-filas-y-desinformacion-marcan.jpg\" \/>\n\t<meta property=\"og:image:width\" content=\"1280\" \/>\n\t<meta property=\"og:image:height\" content=\"853\" \/>\n\t<meta property=\"og:image:type\" content=\"image\/jpeg\" \/>\n<meta name=\"author\" content=\"Jeanette\" \/>\n<meta name=\"twitter:card\" content=\"summary_large_image\" \/>\n<meta name=\"twitter:creator\" content=\"@eldiario_net\" \/>\n<meta name=\"twitter:site\" content=\"@eldiario_net\" \/>\n<meta name=\"twitter:label1\" content=\"Escrito por\" \/>\n\t<meta name=\"twitter:data1\" content=\"Jeanette\" \/>\n\t<meta name=\"twitter:label2\" content=\"Tiempo de lectura\" \/>\n\t<meta name=\"twitter:data2\" content=\"3 minutos\" \/>\n<script type=\"application\/ld+json\" class=\"yoast-schema-graph\">{\"@context\":\"https:\\\/\\\/schema.org\",\"@graph\":[{\"@type\":\"Article\",\"@id\":\"https:\\\/\\\/www.eldiario.net\\\/portal\\\/2021\\\/08\\\/12\\\/largas-filas-y-desinformacion-marcan-vacunacion-de-segunda-dosis-de-sputnik-v\\\/#article\",\"isPartOf\":{\"@id\":\"https:\\\/\\\/www.eldiario.net\\\/portal\\\/2021\\\/08\\\/12\\\/largas-filas-y-desinformacion-marcan-vacunacion-de-segunda-dosis-de-sputnik-v\\\/\"},\"author\":{\"name\":\"Jeanette\",\"@id\":\"https:\\\/\\\/www.eldiario.net\\\/portal\\\/#\\\/schema\\\/person\\\/f46445640444750d7d753ccd04ae01b7\"},\"headline\":\"Largas filas y desinformaci\u00f3n marcan vacunaci\u00f3n de segunda dosis de Sputnik V\",\"datePublished\":\"2021-08-12T10:26:21+00:00\",\"mainEntityOfPage\":{\"@id\":\"https:\\\/\\\/www.eldiario.net\\\/portal\\\/2021\\\/08\\\/12\\\/largas-filas-y-desinformacion-marcan-vacunacion-de-segunda-dosis-de-sputnik-v\\\/\"},\"wordCount\":641,\"publisher\":{\"@id\":\"https:\\\/\\\/www.eldiario.net\\\/portal\\\/#organization\"},\"image\":{\"@id\":\"https:\\\/\\\/www.eldiario.net\\\/portal\\\/2021\\\/08\\\/12\\\/largas-filas-y-desinformacion-marcan-vacunacion-de-segunda-dosis-de-sputnik-v\\\/#primaryimage\"},\"thumbnailUrl\":\"https:\\\/\\\/www.eldiario.net\\\/portal\\\/wp-content\\\/uploads\\\/2021\\\/08\\\/4ta-NP-Largas-filas-y-desinformacion-marcan.jpg\",\"articleSection\":[\"Portada\"],\"inLanguage\":\"es\"},{\"@type\":\"WebPage\",\"@id\":\"https:\\\/\\\/www.eldiario.net\\\/portal\\\/2021\\\/08\\\/12\\\/largas-filas-y-desinformacion-marcan-vacunacion-de-segunda-dosis-de-sputnik-v\\\/\",\"url\":\"https:\\\/\\\/www.eldiario.net\\\/portal\\\/2021\\\/08\\\/12\\\/largas-filas-y-desinformacion-marcan-vacunacion-de-segunda-dosis-de-sputnik-v\\\/\",\"name\":\"Largas filas y desinformaci\u00f3n marcan vacunaci\u00f3n de segunda dosis de Sputnik V - El Diario - Bolivia\",\"isPartOf\":{\"@id\":\"https:\\\/\\\/www.eldiario.net\\\/portal\\\/#website\"},\"primaryImageOfPage\":{\"@id\":\"https:\\\/\\\/www.eldiario.net\\\/portal\\\/2021\\\/08\\\/12\\\/largas-filas-y-desinformacion-marcan-vacunacion-de-segunda-dosis-de-sputnik-v\\\/#primaryimage\"},\"image\":{\"@id\":\"https:\\\/\\\/www.eldiario.net\\\/portal\\\/2021\\\/08\\\/12\\\/largas-filas-y-desinformacion-marcan-vacunacion-de-segunda-dosis-de-sputnik-v\\\/#primaryimage\"},\"thumbnailUrl\":\"https:\\\/\\\/www.eldiario.net\\\/portal\\\/wp-content\\\/uploads\\\/2021\\\/08\\\/4ta-NP-Largas-filas-y-desinformacion-marcan.jpg\",\"datePublished\":\"2021-08-12T10:26:21+00:00\",\"breadcrumb\":{\"@id\":\"https:\\\/\\\/www.eldiario.net\\\/portal\\\/2021\\\/08\\\/12\\\/largas-filas-y-desinformacion-marcan-vacunacion-de-segunda-dosis-de-sputnik-v\\\/#breadcrumb\"},\"inLanguage\":\"es\",\"potentialAction\":[{\"@type\":\"ReadAction\",\"target\":[\"https:\\\/\\\/www.eldiario.net\\\/portal\\\/2021\\\/08\\\/12\\\/largas-filas-y-desinformacion-marcan-vacunacion-de-segunda-dosis-de-sputnik-v\\\/\"]}]},{\"@type\":\"ImageObject\",\"inLanguage\":\"es\",\"@id\":\"https:\\\/\\\/www.eldiario.net\\\/portal\\\/2021\\\/08\\\/12\\\/largas-filas-y-desinformacion-marcan-vacunacion-de-segunda-dosis-de-sputnik-v\\\/#primaryimage\",\"url\":\"https:\\\/\\\/www.eldiario.net\\\/portal\\\/wp-content\\\/uploads\\\/2021\\\/08\\\/4ta-NP-Largas-filas-y-desinformacion-marcan.jpg\",\"contentUrl\":\"https:\\\/\\\/www.eldiario.net\\\/portal\\\/wp-content\\\/uploads\\\/2021\\\/08\\\/4ta-NP-Largas-filas-y-desinformacion-marcan.jpg\",\"width\":1280,\"height\":853,\"caption\":\"Largas filas en puntos de vacunaci\u00f3n de La Paz. (apg)\"},{\"@type\":\"BreadcrumbList\",\"@id\":\"https:\\\/\\\/www.eldiario.net\\\/portal\\\/2021\\\/08\\\/12\\\/largas-filas-y-desinformacion-marcan-vacunacion-de-segunda-dosis-de-sputnik-v\\\/#breadcrumb\",\"itemListElement\":[{\"@type\":\"ListItem\",\"position\":1,\"name\":\"Portada\",\"item\":\"https:\\\/\\\/www.eldiario.net\\\/portal\\\/\"},{\"@type\":\"ListItem\",\"position\":2,\"name\":\"Largas filas y desinformaci\u00f3n marcan vacunaci\u00f3n de segunda dosis de Sputnik V\"}]},{\"@type\":\"WebSite\",\"@id\":\"https:\\\/\\\/www.eldiario.net\\\/portal\\\/#website\",\"url\":\"https:\\\/\\\/www.eldiario.net\\\/portal\\\/\",\"name\":\"El Diario - Decano de la prensa nacional\",\"description\":\"El Diario - Decano de la prensa nacional\",\"publisher\":{\"@id\":\"https:\\\/\\\/www.eldiario.net\\\/portal\\\/#organization\"},\"potentialAction\":[{\"@type\":\"SearchAction\",\"target\":{\"@type\":\"EntryPoint\",\"urlTemplate\":\"https:\\\/\\\/www.eldiario.net\\\/portal\\\/?s={search_term_string}\"},\"query-input\":{\"@type\":\"PropertyValueSpecification\",\"valueRequired\":true,\"valueName\":\"search_term_string\"}}],\"inLanguage\":\"es\"},{\"@type\":\"Organization\",\"@id\":\"https:\\\/\\\/www.eldiario.net\\\/portal\\\/#organization\",\"name\":\"El Diario - Decano de la prensa nacional\",\"url\":\"https:\\\/\\\/www.eldiario.net\\\/portal\\\/\",\"logo\":{\"@type\":\"ImageObject\",\"inLanguage\":\"es\",\"@id\":\"https:\\\/\\\/www.eldiario.net\\\/portal\\\/#\\\/schema\\\/logo\\\/image\\\/\",\"url\":\"https:\\\/\\\/www.eldiario.net\\\/portal\\\/wp-content\\\/uploads\\\/2023\\\/07\\\/logo_ED.jpg\",\"contentUrl\":\"https:\\\/\\\/www.eldiario.net\\\/portal\\\/wp-content\\\/uploads\\\/2023\\\/07\\\/logo_ED.jpg\",\"width\":272,\"height\":52,\"caption\":\"El Diario - Decano de la prensa nacional\"},\"image\":{\"@id\":\"https:\\\/\\\/www.eldiario.net\\\/portal\\\/#\\\/schema\\\/logo\\\/image\\\/\"},\"sameAs\":[\"https:\\\/\\\/www.facebook.com\\\/eldiario.bolivia\\\/\",\"https:\\\/\\\/x.com\\\/eldiario_net\"]},{\"@type\":\"Person\",\"@id\":\"https:\\\/\\\/www.eldiario.net\\\/portal\\\/#\\\/schema\\\/person\\\/f46445640444750d7d753ccd04ae01b7\",\"name\":\"Jeanette\",\"image\":{\"@type\":\"ImageObject\",\"inLanguage\":\"es\",\"@id\":\"https:\\\/\\\/secure.gravatar.com\\\/avatar\\\/3ea2118a5f7dad2b7138b1187a6b7ee55f160b9968b66013c3a3ef39dd7e5798?s=96&d=mm&r=g\",\"url\":\"https:\\\/\\\/secure.gravatar.com\\\/avatar\\\/3ea2118a5f7dad2b7138b1187a6b7ee55f160b9968b66013c3a3ef39dd7e5798?s=96&d=mm&r=g\",\"contentUrl\":\"https:\\\/\\\/secure.gravatar.com\\\/avatar\\\/3ea2118a5f7dad2b7138b1187a6b7ee55f160b9968b66013c3a3ef39dd7e5798?s=96&d=mm&r=g\",\"caption\":\"Jeanette\"},\"sameAs\":[\"https:\\\/\\\/www.eldiario.net\\\/portal\"],\"url\":\"https:\\\/\\\/www.eldiario.net\\\/portal\\\/author\\\/jeanette\\\/\"}]}<\/script>\n<!-- \/ Yoast SEO plugin. -->","yoast_head_json":{"title":"Largas filas y desinformaci\u00f3n marcan vacunaci\u00f3n de segunda dosis de Sputnik V - El Diario - Bolivia","robots":{"index":"index","follow":"follow","max-snippet":"max-snippet:-1","max-image-preview":"max-image-preview:large","max-video-preview":"max-video-preview:-1"},"canonical":"https:\/\/www.eldiario.net\/portal\/2021\/08\/12\/largas-filas-y-desinformacion-marcan-vacunacion-de-segunda-dosis-de-sputnik-v\/","og_locale":"es_ES","og_type":"article","og_title":"Largas filas y desinformaci\u00f3n marcan vacunaci\u00f3n de segunda dosis de Sputnik V - El Diario - Bolivia","og_description":"Aunque la aplicaci\u00f3n de la segunda dosis comenz\u00f3 ayer, largas filas y desinformaci\u00f3n caracterizaron el segundo d\u00eda de vacunaci\u00f3n de la Sputnik V mientras el Gobierno afirma que las vacunas est\u00e1n garantizadas. Los m\u00e1s afectados fueron los mayores de 70 a\u00f1os de edad que hicieron filas desde la madrugada porque muchos de ellos fueron por [&hellip;]","og_url":"https:\/\/www.eldiario.net\/portal\/2021\/08\/12\/largas-filas-y-desinformacion-marcan-vacunacion-de-segunda-dosis-de-sputnik-v\/","og_site_name":"El Diario - Bolivia","article_publisher":"https:\/\/www.facebook.com\/eldiario.bolivia\/","article_published_time":"2021-08-12T10:26:21+00:00","og_image":[{"width":1280,"height":853,"url":"https:\/\/www.eldiario.net\/portal\/wp-content\/uploads\/2021\/08\/4ta-NP-Largas-filas-y-desinformacion-marcan.jpg","type":"image\/jpeg"}],"author":"Jeanette","twitter_card":"summary_large_image","twitter_creator":"@eldiario_net","twitter_site":"@eldiario_net","twitter_misc":{"Escrito por":"Jeanette","Tiempo de lectura":"3 minutos"},"schema":{"@context":"https:\/\/schema.org","@graph":[{"@type":"Article","@id":"https:\/\/www.eldiario.net\/portal\/2021\/08\/12\/largas-filas-y-desinformacion-marcan-vacunacion-de-segunda-dosis-de-sputnik-v\/#article","isPartOf":{"@id":"https:\/\/www.eldiario.net\/portal\/2021\/08\/12\/largas-filas-y-desinformacion-marcan-vacunacion-de-segunda-dosis-de-sputnik-v\/"},"author":{"name":"Jeanette","@id":"https:\/\/www.eldiario.net\/portal\/#\/schema\/person\/f46445640444750d7d753ccd04ae01b7"},"headline":"Largas filas y desinformaci\u00f3n marcan vacunaci\u00f3n de segunda dosis de Sputnik V","datePublished":"2021-08-12T10:26:21+00:00","mainEntityOfPage":{"@id":"https:\/\/www.eldiario.net\/portal\/2021\/08\/12\/largas-filas-y-desinformacion-marcan-vacunacion-de-segunda-dosis-de-sputnik-v\/"},"wordCount":641,"publisher":{"@id":"https:\/\/www.eldiario.net\/portal\/#organization"},"image":{"@id":"https:\/\/www.eldiario.net\/portal\/2021\/08\/12\/largas-filas-y-desinformacion-marcan-vacunacion-de-segunda-dosis-de-sputnik-v\/#primaryimage"},"thumbnailUrl":"https:\/\/www.eldiario.net\/portal\/wp-content\/uploads\/2021\/08\/4ta-NP-Largas-filas-y-desinformacion-marcan.jpg","articleSection":["Portada"],"inLanguage":"es"},{"@type":"WebPage","@id":"https:\/\/www.eldiario.net\/portal\/2021\/08\/12\/largas-filas-y-desinformacion-marcan-vacunacion-de-segunda-dosis-de-sputnik-v\/","url":"https:\/\/www.eldiario.net\/portal\/2021\/08\/12\/largas-filas-y-desinformacion-marcan-vacunacion-de-segunda-dosis-de-sputnik-v\/","name":"Largas filas y desinformaci\u00f3n marcan vacunaci\u00f3n de segunda dosis de Sputnik V - El Diario - Bolivia","isPartOf":{"@id":"https:\/\/www.eldiario.net\/portal\/#website"},"primaryImageOfPage":{"@id":"https:\/\/www.eldiario.net\/portal\/2021\/08\/12\/largas-filas-y-desinformacion-marcan-vacunacion-de-segunda-dosis-de-sputnik-v\/#primaryimage"},"image":{"@id":"https:\/\/www.eldiario.net\/portal\/2021\/08\/12\/largas-filas-y-desinformacion-marcan-vacunacion-de-segunda-dosis-de-sputnik-v\/#primaryimage"},"thumbnailUrl":"https:\/\/www.eldiario.net\/portal\/wp-content\/uploads\/2021\/08\/4ta-NP-Largas-filas-y-desinformacion-marcan.jpg","datePublished":"2021-08-12T10:26:21+00:00","breadcrumb":{"@id":"https:\/\/www.eldiario.net\/portal\/2021\/08\/12\/largas-filas-y-desinformacion-marcan-vacunacion-de-segunda-dosis-de-sputnik-v\/#breadcrumb"},"inLanguage":"es","potentialAction":[{"@type":"ReadAction","target":["https:\/\/www.eldiario.net\/portal\/2021\/08\/12\/largas-filas-y-desinformacion-marcan-vacunacion-de-segunda-dosis-de-sputnik-v\/"]}]},{"@type":"ImageObject","inLanguage":"es","@id":"https:\/\/www.eldiario.net\/portal\/2021\/08\/12\/largas-filas-y-desinformacion-marcan-vacunacion-de-segunda-dosis-de-sputnik-v\/#primaryimage","url":"https:\/\/www.eldiario.net\/portal\/wp-content\/uploads\/2021\/08\/4ta-NP-Largas-filas-y-desinformacion-marcan.jpg","contentUrl":"https:\/\/www.eldiario.net\/portal\/wp-content\/uploads\/2021\/08\/4ta-NP-Largas-filas-y-desinformacion-marcan.jpg","width":1280,"height":853,"caption":"Largas filas en puntos de vacunaci\u00f3n de La Paz. (apg)"},{"@type":"BreadcrumbList","@id":"https:\/\/www.eldiario.net\/portal\/2021\/08\/12\/largas-filas-y-desinformacion-marcan-vacunacion-de-segunda-dosis-de-sputnik-v\/#breadcrumb","itemListElement":[{"@type":"ListItem","position":1,"name":"Portada","item":"https:\/\/www.eldiario.net\/portal\/"},{"@type":"ListItem","position":2,"name":"Largas filas y desinformaci\u00f3n marcan vacunaci\u00f3n de segunda dosis de Sputnik V"}]},{"@type":"WebSite","@id":"https:\/\/www.eldiario.net\/portal\/#website","url":"https:\/\/www.eldiario.net\/portal\/","name":"El Diario - Decano de la prensa nacional","description":"El Diario - Decano de la prensa nacional","publisher":{"@id":"https:\/\/www.eldiario.net\/portal\/#organization"},"potentialAction":[{"@type":"SearchAction","target":{"@type":"EntryPoint","urlTemplate":"https:\/\/www.eldiario.net\/portal\/?s={search_term_string}"},"query-input":{"@type":"PropertyValueSpecification","valueRequired":true,"valueName":"search_term_string"}}],"inLanguage":"es"},{"@type":"Organization","@id":"https:\/\/www.eldiario.net\/portal\/#organization","name":"El Diario - Decano de la prensa nacional","url":"https:\/\/www.eldiario.net\/portal\/","logo":{"@type":"ImageObject","inLanguage":"es","@id":"https:\/\/www.eldiario.net\/portal\/#\/schema\/logo\/image\/","url":"https:\/\/www.eldiario.net\/portal\/wp-content\/uploads\/2023\/07\/logo_ED.jpg","contentUrl":"https:\/\/www.eldiario.net\/portal\/wp-content\/uploads\/2023\/07\/logo_ED.jpg","width":272,"height":52,"caption":"El Diario - Decano de la prensa nacional"},"image":{"@id":"https:\/\/www.eldiario.net\/portal\/#\/schema\/logo\/image\/"},"sameAs":["https:\/\/www.facebook.com\/eldiario.bolivia\/","https:\/\/x.com\/eldiario_net"]},{"@type":"Person","@id":"https:\/\/www.eldiario.net\/portal\/#\/schema\/person\/f46445640444750d7d753ccd04ae01b7","name":"Jeanette","image":{"@type":"ImageObject","inLanguage":"es","@id":"https:\/\/secure.gravatar.com\/avatar\/3ea2118a5f7dad2b7138b1187a6b7ee55f160b9968b66013c3a3ef39dd7e5798?s=96&d=mm&r=g","url":"https:\/\/secure.gravatar.com\/avatar\/3ea2118a5f7dad2b7138b1187a6b7ee55f160b9968b66013c3a3ef39dd7e5798?s=96&d=mm&r=g","contentUrl":"https:\/\/secure.gravatar.com\/avatar\/3ea2118a5f7dad2b7138b1187a6b7ee55f160b9968b66013c3a3ef39dd7e5798?s=96&d=mm&r=g","caption":"Jeanette"},"sameAs":["https:\/\/www.eldiario.net\/portal"],"url":"https:\/\/www.eldiario.net\/portal\/author\/jeanette\/"}]}},"_links":{"self":[{"href":"https:\/\/www.eldiario.net\/portal\/wp-json\/wp\/v2\/posts\/22976","targetHints":{"allow":["GET"]}}],"collection":[{"href":"https:\/\/www.eldiario.net\/portal\/wp-json\/wp\/v2\/posts"}],"about":[{"href":"https:\/\/www.eldiario.net\/portal\/wp-json\/wp\/v2\/types\/post"}],"author":[{"embeddable":true,"href":"https:\/\/www.eldiario.net\/portal\/wp-json\/wp\/v2\/users\/1"}],"replies":[{"embeddable":true,"href":"https:\/\/www.eldiario.net\/portal\/wp-json\/wp\/v2\/comments?post=22976"}],"version-history":[{"count":0,"href":"https:\/\/www.eldiario.net\/portal\/wp-json\/wp\/v2\/posts\/22976\/revisions"}],"wp:featuredmedia":[{"embeddable":true,"href":"https:\/\/www.eldiario.net\/portal\/wp-json\/wp\/v2\/media\/22977"}],"wp:attachment":[{"href":"https:\/\/www.eldiario.net\/portal\/wp-json\/wp\/v2\/media?parent=22976"}],"wp:term":[{"taxonomy":"category","embeddable":true,"href":"https:\/\/www.eldiario.net\/portal\/wp-json\/wp\/v2\/categories?post=22976"},{"taxonomy":"post_tag","embeddable":true,"href":"https:\/\/www.eldiario.net\/portal\/wp-json\/wp\/v2\/tags?post=22976"}],"curies":[{"name":"wp","href":"https:\/\/api.w.org\/{rel}","templated":true}]}}