{"id":229732,"date":"2024-06-26T05:28:21","date_gmt":"2024-06-26T09:28:21","guid":{"rendered":"https:\/\/www.eldiario.net\/portal\/?p=229732"},"modified":"2024-06-26T05:28:21","modified_gmt":"2024-06-26T09:28:21","slug":"fallece-en-brasil-ultima-nieta-de-eduardo-abaroa","status":"publish","type":"post","link":"https:\/\/www.eldiario.net\/portal\/2024\/06\/26\/fallece-en-brasil-ultima-nieta-de-eduardo-abaroa\/","title":{"rendered":"Fallece en Brasil \u00faltima nieta de Eduardo Abaroa"},"content":{"rendered":"<p class=\"v1MsoNormal\">Maruja Abaroa Claure, la \u00faltima nieta del m\u00e1ximo h\u00e9roe nacional de Bolivia Eduardo Abaroa Hidalgo, falleci\u00f3 en la ciudad de Campinas, Brasil, seg\u00fan inform\u00f3 Ronald MacLean Abaroa, sobrino de la difunta, quien asisti\u00f3 a las exequias en ese pa\u00eds.<\/p>\n<p class=\"v1MsoNormal\">\u00abEl fallecimiento de mi t\u00eda Maruja \u2013hermana de mi madre Ketty Abaroa\u2013, es una gran p\u00e9rdida para la familia, ya que su vida y trabajo dejan una huella y un ejemplo importantes a su extensa descendencia de destacados profesionales, acad\u00e9micos y de vocaci\u00f3n de servicio espiritual\u00bb, dijo \u00a0MacLean, quien a su vez es bisnieto del h\u00e9roe, exalcalde de La Paz y exministro de Bolivia.<\/p>\n<p class=\"v1MsoNormal\">Maruja Abaroa, de 92 a\u00f1os, resid\u00eda en Brasil desde hace varias d\u00e9cadas junto a su familia hasta que falleci\u00f3 el pasado 16 de junio.<\/p>\n<p class=\"v1MsoNormal\">Nacida en Antofagasta en 1932, fue hija de Mar\u00eda Claure, oriunda de Cochabamba, y Eugenio Abaroa Riberos, el tercer hijo del h\u00e9roe de entre cinco hermanos: Andr\u00f3nico, Amalia, Antonia y Juan Eduardo.<\/p>\n<p class=\"v1MsoNormal\">\n<p class=\"v1MsoNormal\">INVASI\u00d3N CHILENA EN 1879<\/p>\n<p class=\"v1MsoNormal\">En 1879, la esposa de Eduardo Abaroa, Irene Riberos, y los cinco hijos huyeron a Salta, Argentina, donde Abaroa los envi\u00f3 para protegerlos de la invasi\u00f3n chilena a Bolivia de ese a\u00f1o. Mucho despu\u00e9s, una de las hijas, Amalia, se cas\u00f3 con un hijo de Juan de los R\u00edos, amigo y socio del h\u00e9roe, iniciando la rama Abaroa en Argentina.<\/p>\n<p class=\"v1MsoNormal\">Despu\u00e9s de la guerra, el resto de la familia, la viuda y los restantes cuatro hijos regresaron a Antofagasta, Calama y San Pedro de Atacama, exterritorios bolivianos. All\u00ed rehicieron sus vidas dedic\u00e1ndose al comercio de ganado vacuno desde Salta hasta la costa del Pac\u00edfico, actividad ya iniciada por Eduardo Abaroa. Esa pr\u00e1ctica fue continuada por su descendencia y persiste hasta hoy bajo el nombre de Frigor\u00edfico Abaroa Hermanos, en Antofagasta.<\/p>\n<p class=\"v1MsoNormal\">\n<p class=\"v1MsoNormal\">MARUJA VIVI\u00d3 EN EEUU Y<\/p>\n<p class=\"v1MsoNormal\">LUEGO RADIC\u00d3 EN BRASIL<\/p>\n<p class=\"v1MsoNormal\">\u00abElla fue una extraordinaria mujer, que en la d\u00e9cada del 50 tuvo que emigrar a Estados Unidos como muchas j\u00f3venes bolivianas de clase media que tuvieron que ingresar a la fuerza laboral debido a la crisis econ\u00f3mica en Bolivia, posterior a la revoluci\u00f3n de abril de 1952\u00bb, explic\u00f3 el exalcalde.<\/p>\n<p class=\"v1MsoNormal\">En Nueva York conoci\u00f3 a un joven brasile\u00f1o, matem\u00e1tico brillante, Djairo Guedes de Figueiredo, quien estaba concluyendo su doctorado en la Universidad de Nueva York (NYU). Contrajeron nupcias en 1961.<\/p>\n<p class=\"v1MsoNormal\">MacLean narr\u00f3 que a principios de los a\u00f1os 60, el Gobierno brasile\u00f1o impuls\u00f3 un programa de \u00abrescate y retorno\u00bb de sus cient\u00edficos para fundar la Universidad de Brasilia. Fue por ese motivo que Maruja y su joven familia compuesta por su marido, ella y sus dos hijas, Ketty y Suzy, empezaron a radicar en esa ciudad.<\/p>\n<p class=\"v1MsoNormal\">Con el tiempo, el esposo alcanz\u00f3 fama internacional como uno de los m\u00e1s destacados matem\u00e1ticos brasile\u00f1os, vocaci\u00f3n heredada por su hija Ketty, quien fue catedr\u00e1tica del famoso Wellsley Collegue de Massachussets y de la Universidad de Boston. Guedes de Figueiredo es profesor em\u00e9rito de la Universidad de Campinas, Sao Paulo, donde tambi\u00e9n ense\u00f1a su hija.<\/p>\n<p class=\"v1MsoNormal\">\n<p class=\"v1MsoNormal\">EL LEGADO DEL ABUELO<\/p>\n<p class=\"v1MsoNormal\">El 23 de marzo de 1952, Maruja acompa\u00f1\u00f3 a la delegaci\u00f3n de la familia Abaroa que devolvi\u00f3 los restos del h\u00e9roe a Bolivia. Pese a la distancia, nunca perdi\u00f3 el v\u00ednculo con Bolivia.<\/p>\n<p class=\"v1MsoNormal\">Desde joven, se comprometi\u00f3 con diversas iniciativas culturales y educativas para la comunidad boliviana, primero en Nueva York y posteriormente en Brasil.<\/p>\n","protected":false},"excerpt":{"rendered":"<p>Maruja Abaroa Claure, la \u00faltima nieta del m\u00e1ximo h\u00e9roe nacional de Bolivia Eduardo Abaroa Hidalgo, falleci\u00f3 en la ciudad de Campinas, Brasil, seg\u00fan inform\u00f3 Ronald MacLean Abaroa, sobrino de la difunta, quien asisti\u00f3 a las exequias en ese pa\u00eds. \u00abEl fallecimiento de mi t\u00eda Maruja \u2013hermana de mi madre Ketty Abaroa\u2013, es una gran p\u00e9rdida [&hellip;]<\/p>\n","protected":false},"author":1,"featured_media":229733,"comment_status":"open","ping_status":"open","sticky":false,"template":"","format":"standard","meta":{"_acf_changed":false,"footnotes":""},"categories":[15],"tags":[],"class_list":["post-229732","post","type-post","status-publish","format-standard","has-post-thumbnail","category-portada"],"acf":{"antetitulo":"A la edad de 92 a\u00f1os"},"yoast_head":"<!-- This site is optimized with the Yoast SEO plugin v28.3 - https:\/\/yoast.com\/product\/yoast-seo-wordpress\/ -->\n<title>Fallece en Brasil \u00faltima nieta de Eduardo Abaroa - El Diario - Bolivia<\/title>\n<meta name=\"robots\" content=\"index, follow, max-snippet:-1, max-image-preview:large, max-video-preview:-1\" \/>\n<link rel=\"canonical\" href=\"https:\/\/www.eldiario.net\/portal\/2024\/06\/26\/fallece-en-brasil-ultima-nieta-de-eduardo-abaroa\/\" \/>\n<meta property=\"og:locale\" content=\"es_ES\" \/>\n<meta property=\"og:type\" content=\"article\" \/>\n<meta property=\"og:title\" content=\"Fallece en Brasil \u00faltima nieta de Eduardo Abaroa - El Diario - Bolivia\" \/>\n<meta property=\"og:description\" content=\"Maruja Abaroa Claure, la \u00faltima nieta del m\u00e1ximo h\u00e9roe nacional de Bolivia Eduardo Abaroa Hidalgo, falleci\u00f3 en la ciudad de Campinas, Brasil, seg\u00fan inform\u00f3 Ronald MacLean Abaroa, sobrino de la difunta, quien asisti\u00f3 a las exequias en ese pa\u00eds. \u00abEl fallecimiento de mi t\u00eda Maruja \u2013hermana de mi madre Ketty Abaroa\u2013, es una gran p\u00e9rdida [&hellip;]\" \/>\n<meta property=\"og:url\" content=\"https:\/\/www.eldiario.net\/portal\/2024\/06\/26\/fallece-en-brasil-ultima-nieta-de-eduardo-abaroa\/\" \/>\n<meta property=\"og:site_name\" content=\"El Diario - Bolivia\" \/>\n<meta property=\"article:publisher\" content=\"https:\/\/www.facebook.com\/eldiario.bolivia\/\" \/>\n<meta property=\"article:published_time\" content=\"2024-06-26T09:28:21+00:00\" \/>\n<meta property=\"og:image\" content=\"https:\/\/www.eldiario.net\/portal\/wp-content\/uploads\/2024\/06\/P-5-10-cm-x-7-4.jpg\" \/>\n\t<meta property=\"og:image:width\" content=\"808\" \/>\n\t<meta property=\"og:image:height\" content=\"528\" \/>\n\t<meta property=\"og:image:type\" content=\"image\/jpeg\" \/>\n<meta name=\"author\" content=\"Jeanette\" \/>\n<meta name=\"twitter:card\" content=\"summary_large_image\" \/>\n<meta name=\"twitter:creator\" content=\"@eldiario_net\" \/>\n<meta name=\"twitter:site\" content=\"@eldiario_net\" \/>\n<meta name=\"twitter:label1\" content=\"Escrito por\" \/>\n\t<meta name=\"twitter:data1\" content=\"Jeanette\" \/>\n\t<meta name=\"twitter:label2\" content=\"Tiempo de lectura\" \/>\n\t<meta name=\"twitter:data2\" content=\"3 minutos\" \/>\n<script type=\"application\/ld+json\" class=\"yoast-schema-graph\">{\"@context\":\"https:\\\/\\\/schema.org\",\"@graph\":[{\"@type\":\"Article\",\"@id\":\"https:\\\/\\\/www.eldiario.net\\\/portal\\\/2024\\\/06\\\/26\\\/fallece-en-brasil-ultima-nieta-de-eduardo-abaroa\\\/#article\",\"isPartOf\":{\"@id\":\"https:\\\/\\\/www.eldiario.net\\\/portal\\\/2024\\\/06\\\/26\\\/fallece-en-brasil-ultima-nieta-de-eduardo-abaroa\\\/\"},\"author\":{\"name\":\"Jeanette\",\"@id\":\"https:\\\/\\\/www.eldiario.net\\\/portal\\\/#\\\/schema\\\/person\\\/f46445640444750d7d753ccd04ae01b7\"},\"headline\":\"Fallece en Brasil \u00faltima nieta de Eduardo Abaroa\",\"datePublished\":\"2024-06-26T09:28:21+00:00\",\"mainEntityOfPage\":{\"@id\":\"https:\\\/\\\/www.eldiario.net\\\/portal\\\/2024\\\/06\\\/26\\\/fallece-en-brasil-ultima-nieta-de-eduardo-abaroa\\\/\"},\"wordCount\":595,\"commentCount\":0,\"publisher\":{\"@id\":\"https:\\\/\\\/www.eldiario.net\\\/portal\\\/#organization\"},\"image\":{\"@id\":\"https:\\\/\\\/www.eldiario.net\\\/portal\\\/2024\\\/06\\\/26\\\/fallece-en-brasil-ultima-nieta-de-eduardo-abaroa\\\/#primaryimage\"},\"thumbnailUrl\":\"https:\\\/\\\/www.eldiario.net\\\/portal\\\/wp-content\\\/uploads\\\/2024\\\/06\\\/P-5-10-cm-x-7-4.jpg\",\"articleSection\":[\"Portada\"],\"inLanguage\":\"es\",\"potentialAction\":[{\"@type\":\"CommentAction\",\"name\":\"Comment\",\"target\":[\"https:\\\/\\\/www.eldiario.net\\\/portal\\\/2024\\\/06\\\/26\\\/fallece-en-brasil-ultima-nieta-de-eduardo-abaroa\\\/#respond\"]}]},{\"@type\":\"WebPage\",\"@id\":\"https:\\\/\\\/www.eldiario.net\\\/portal\\\/2024\\\/06\\\/26\\\/fallece-en-brasil-ultima-nieta-de-eduardo-abaroa\\\/\",\"url\":\"https:\\\/\\\/www.eldiario.net\\\/portal\\\/2024\\\/06\\\/26\\\/fallece-en-brasil-ultima-nieta-de-eduardo-abaroa\\\/\",\"name\":\"Fallece en Brasil \u00faltima nieta de Eduardo Abaroa - El Diario - Bolivia\",\"isPartOf\":{\"@id\":\"https:\\\/\\\/www.eldiario.net\\\/portal\\\/#website\"},\"primaryImageOfPage\":{\"@id\":\"https:\\\/\\\/www.eldiario.net\\\/portal\\\/2024\\\/06\\\/26\\\/fallece-en-brasil-ultima-nieta-de-eduardo-abaroa\\\/#primaryimage\"},\"image\":{\"@id\":\"https:\\\/\\\/www.eldiario.net\\\/portal\\\/2024\\\/06\\\/26\\\/fallece-en-brasil-ultima-nieta-de-eduardo-abaroa\\\/#primaryimage\"},\"thumbnailUrl\":\"https:\\\/\\\/www.eldiario.net\\\/portal\\\/wp-content\\\/uploads\\\/2024\\\/06\\\/P-5-10-cm-x-7-4.jpg\",\"datePublished\":\"2024-06-26T09:28:21+00:00\",\"breadcrumb\":{\"@id\":\"https:\\\/\\\/www.eldiario.net\\\/portal\\\/2024\\\/06\\\/26\\\/fallece-en-brasil-ultima-nieta-de-eduardo-abaroa\\\/#breadcrumb\"},\"inLanguage\":\"es\",\"potentialAction\":[{\"@type\":\"ReadAction\",\"target\":[\"https:\\\/\\\/www.eldiario.net\\\/portal\\\/2024\\\/06\\\/26\\\/fallece-en-brasil-ultima-nieta-de-eduardo-abaroa\\\/\"]}]},{\"@type\":\"ImageObject\",\"inLanguage\":\"es\",\"@id\":\"https:\\\/\\\/www.eldiario.net\\\/portal\\\/2024\\\/06\\\/26\\\/fallece-en-brasil-ultima-nieta-de-eduardo-abaroa\\\/#primaryimage\",\"url\":\"https:\\\/\\\/www.eldiario.net\\\/portal\\\/wp-content\\\/uploads\\\/2024\\\/06\\\/P-5-10-cm-x-7-4.jpg\",\"contentUrl\":\"https:\\\/\\\/www.eldiario.net\\\/portal\\\/wp-content\\\/uploads\\\/2024\\\/06\\\/P-5-10-cm-x-7-4.jpg\",\"width\":808,\"height\":528,\"caption\":\"Maruja Abaroa Claure CR\u00c9DITO: Br\u00fajula Digital\"},{\"@type\":\"BreadcrumbList\",\"@id\":\"https:\\\/\\\/www.eldiario.net\\\/portal\\\/2024\\\/06\\\/26\\\/fallece-en-brasil-ultima-nieta-de-eduardo-abaroa\\\/#breadcrumb\",\"itemListElement\":[{\"@type\":\"ListItem\",\"position\":1,\"name\":\"Portada\",\"item\":\"https:\\\/\\\/www.eldiario.net\\\/portal\\\/\"},{\"@type\":\"ListItem\",\"position\":2,\"name\":\"Fallece en Brasil \u00faltima nieta de Eduardo Abaroa\"}]},{\"@type\":\"WebSite\",\"@id\":\"https:\\\/\\\/www.eldiario.net\\\/portal\\\/#website\",\"url\":\"https:\\\/\\\/www.eldiario.net\\\/portal\\\/\",\"name\":\"El Diario - Decano de la prensa nacional\",\"description\":\"El Diario - Decano de la prensa nacional\",\"publisher\":{\"@id\":\"https:\\\/\\\/www.eldiario.net\\\/portal\\\/#organization\"},\"potentialAction\":[{\"@type\":\"SearchAction\",\"target\":{\"@type\":\"EntryPoint\",\"urlTemplate\":\"https:\\\/\\\/www.eldiario.net\\\/portal\\\/?s={search_term_string}\"},\"query-input\":{\"@type\":\"PropertyValueSpecification\",\"valueRequired\":true,\"valueName\":\"search_term_string\"}}],\"inLanguage\":\"es\"},{\"@type\":\"Organization\",\"@id\":\"https:\\\/\\\/www.eldiario.net\\\/portal\\\/#organization\",\"name\":\"El Diario - Decano de la prensa nacional\",\"url\":\"https:\\\/\\\/www.eldiario.net\\\/portal\\\/\",\"logo\":{\"@type\":\"ImageObject\",\"inLanguage\":\"es\",\"@id\":\"https:\\\/\\\/www.eldiario.net\\\/portal\\\/#\\\/schema\\\/logo\\\/image\\\/\",\"url\":\"https:\\\/\\\/www.eldiario.net\\\/portal\\\/wp-content\\\/uploads\\\/2023\\\/07\\\/logo_ED.jpg\",\"contentUrl\":\"https:\\\/\\\/www.eldiario.net\\\/portal\\\/wp-content\\\/uploads\\\/2023\\\/07\\\/logo_ED.jpg\",\"width\":272,\"height\":52,\"caption\":\"El Diario - Decano de la prensa nacional\"},\"image\":{\"@id\":\"https:\\\/\\\/www.eldiario.net\\\/portal\\\/#\\\/schema\\\/logo\\\/image\\\/\"},\"sameAs\":[\"https:\\\/\\\/www.facebook.com\\\/eldiario.bolivia\\\/\",\"https:\\\/\\\/x.com\\\/eldiario_net\"]},{\"@type\":\"Person\",\"@id\":\"https:\\\/\\\/www.eldiario.net\\\/portal\\\/#\\\/schema\\\/person\\\/f46445640444750d7d753ccd04ae01b7\",\"name\":\"Jeanette\",\"image\":{\"@type\":\"ImageObject\",\"inLanguage\":\"es\",\"@id\":\"https:\\\/\\\/secure.gravatar.com\\\/avatar\\\/3ea2118a5f7dad2b7138b1187a6b7ee55f160b9968b66013c3a3ef39dd7e5798?s=96&d=mm&r=g\",\"url\":\"https:\\\/\\\/secure.gravatar.com\\\/avatar\\\/3ea2118a5f7dad2b7138b1187a6b7ee55f160b9968b66013c3a3ef39dd7e5798?s=96&d=mm&r=g\",\"contentUrl\":\"https:\\\/\\\/secure.gravatar.com\\\/avatar\\\/3ea2118a5f7dad2b7138b1187a6b7ee55f160b9968b66013c3a3ef39dd7e5798?s=96&d=mm&r=g\",\"caption\":\"Jeanette\"},\"sameAs\":[\"https:\\\/\\\/www.eldiario.net\\\/portal\"],\"url\":\"https:\\\/\\\/www.eldiario.net\\\/portal\\\/author\\\/jeanette\\\/\"}]}<\/script>\n<!-- \/ Yoast SEO plugin. -->","yoast_head_json":{"title":"Fallece en Brasil \u00faltima nieta de Eduardo Abaroa - El Diario - Bolivia","robots":{"index":"index","follow":"follow","max-snippet":"max-snippet:-1","max-image-preview":"max-image-preview:large","max-video-preview":"max-video-preview:-1"},"canonical":"https:\/\/www.eldiario.net\/portal\/2024\/06\/26\/fallece-en-brasil-ultima-nieta-de-eduardo-abaroa\/","og_locale":"es_ES","og_type":"article","og_title":"Fallece en Brasil \u00faltima nieta de Eduardo Abaroa - El Diario - Bolivia","og_description":"Maruja Abaroa Claure, la \u00faltima nieta del m\u00e1ximo h\u00e9roe nacional de Bolivia Eduardo Abaroa Hidalgo, falleci\u00f3 en la ciudad de Campinas, Brasil, seg\u00fan inform\u00f3 Ronald MacLean Abaroa, sobrino de la difunta, quien asisti\u00f3 a las exequias en ese pa\u00eds. \u00abEl fallecimiento de mi t\u00eda Maruja \u2013hermana de mi madre Ketty Abaroa\u2013, es una gran p\u00e9rdida [&hellip;]","og_url":"https:\/\/www.eldiario.net\/portal\/2024\/06\/26\/fallece-en-brasil-ultima-nieta-de-eduardo-abaroa\/","og_site_name":"El Diario - Bolivia","article_publisher":"https:\/\/www.facebook.com\/eldiario.bolivia\/","article_published_time":"2024-06-26T09:28:21+00:00","og_image":[{"width":808,"height":528,"url":"https:\/\/www.eldiario.net\/portal\/wp-content\/uploads\/2024\/06\/P-5-10-cm-x-7-4.jpg","type":"image\/jpeg"}],"author":"Jeanette","twitter_card":"summary_large_image","twitter_creator":"@eldiario_net","twitter_site":"@eldiario_net","twitter_misc":{"Escrito por":"Jeanette","Tiempo de lectura":"3 minutos"},"schema":{"@context":"https:\/\/schema.org","@graph":[{"@type":"Article","@id":"https:\/\/www.eldiario.net\/portal\/2024\/06\/26\/fallece-en-brasil-ultima-nieta-de-eduardo-abaroa\/#article","isPartOf":{"@id":"https:\/\/www.eldiario.net\/portal\/2024\/06\/26\/fallece-en-brasil-ultima-nieta-de-eduardo-abaroa\/"},"author":{"name":"Jeanette","@id":"https:\/\/www.eldiario.net\/portal\/#\/schema\/person\/f46445640444750d7d753ccd04ae01b7"},"headline":"Fallece en Brasil \u00faltima nieta de Eduardo Abaroa","datePublished":"2024-06-26T09:28:21+00:00","mainEntityOfPage":{"@id":"https:\/\/www.eldiario.net\/portal\/2024\/06\/26\/fallece-en-brasil-ultima-nieta-de-eduardo-abaroa\/"},"wordCount":595,"commentCount":0,"publisher":{"@id":"https:\/\/www.eldiario.net\/portal\/#organization"},"image":{"@id":"https:\/\/www.eldiario.net\/portal\/2024\/06\/26\/fallece-en-brasil-ultima-nieta-de-eduardo-abaroa\/#primaryimage"},"thumbnailUrl":"https:\/\/www.eldiario.net\/portal\/wp-content\/uploads\/2024\/06\/P-5-10-cm-x-7-4.jpg","articleSection":["Portada"],"inLanguage":"es","potentialAction":[{"@type":"CommentAction","name":"Comment","target":["https:\/\/www.eldiario.net\/portal\/2024\/06\/26\/fallece-en-brasil-ultima-nieta-de-eduardo-abaroa\/#respond"]}]},{"@type":"WebPage","@id":"https:\/\/www.eldiario.net\/portal\/2024\/06\/26\/fallece-en-brasil-ultima-nieta-de-eduardo-abaroa\/","url":"https:\/\/www.eldiario.net\/portal\/2024\/06\/26\/fallece-en-brasil-ultima-nieta-de-eduardo-abaroa\/","name":"Fallece en Brasil \u00faltima nieta de Eduardo Abaroa - El Diario - Bolivia","isPartOf":{"@id":"https:\/\/www.eldiario.net\/portal\/#website"},"primaryImageOfPage":{"@id":"https:\/\/www.eldiario.net\/portal\/2024\/06\/26\/fallece-en-brasil-ultima-nieta-de-eduardo-abaroa\/#primaryimage"},"image":{"@id":"https:\/\/www.eldiario.net\/portal\/2024\/06\/26\/fallece-en-brasil-ultima-nieta-de-eduardo-abaroa\/#primaryimage"},"thumbnailUrl":"https:\/\/www.eldiario.net\/portal\/wp-content\/uploads\/2024\/06\/P-5-10-cm-x-7-4.jpg","datePublished":"2024-06-26T09:28:21+00:00","breadcrumb":{"@id":"https:\/\/www.eldiario.net\/portal\/2024\/06\/26\/fallece-en-brasil-ultima-nieta-de-eduardo-abaroa\/#breadcrumb"},"inLanguage":"es","potentialAction":[{"@type":"ReadAction","target":["https:\/\/www.eldiario.net\/portal\/2024\/06\/26\/fallece-en-brasil-ultima-nieta-de-eduardo-abaroa\/"]}]},{"@type":"ImageObject","inLanguage":"es","@id":"https:\/\/www.eldiario.net\/portal\/2024\/06\/26\/fallece-en-brasil-ultima-nieta-de-eduardo-abaroa\/#primaryimage","url":"https:\/\/www.eldiario.net\/portal\/wp-content\/uploads\/2024\/06\/P-5-10-cm-x-7-4.jpg","contentUrl":"https:\/\/www.eldiario.net\/portal\/wp-content\/uploads\/2024\/06\/P-5-10-cm-x-7-4.jpg","width":808,"height":528,"caption":"Maruja Abaroa Claure CR\u00c9DITO: Br\u00fajula Digital"},{"@type":"BreadcrumbList","@id":"https:\/\/www.eldiario.net\/portal\/2024\/06\/26\/fallece-en-brasil-ultima-nieta-de-eduardo-abaroa\/#breadcrumb","itemListElement":[{"@type":"ListItem","position":1,"name":"Portada","item":"https:\/\/www.eldiario.net\/portal\/"},{"@type":"ListItem","position":2,"name":"Fallece en Brasil \u00faltima nieta de Eduardo Abaroa"}]},{"@type":"WebSite","@id":"https:\/\/www.eldiario.net\/portal\/#website","url":"https:\/\/www.eldiario.net\/portal\/","name":"El Diario - Decano de la prensa nacional","description":"El Diario - Decano de la prensa nacional","publisher":{"@id":"https:\/\/www.eldiario.net\/portal\/#organization"},"potentialAction":[{"@type":"SearchAction","target":{"@type":"EntryPoint","urlTemplate":"https:\/\/www.eldiario.net\/portal\/?s={search_term_string}"},"query-input":{"@type":"PropertyValueSpecification","valueRequired":true,"valueName":"search_term_string"}}],"inLanguage":"es"},{"@type":"Organization","@id":"https:\/\/www.eldiario.net\/portal\/#organization","name":"El Diario - Decano de la prensa nacional","url":"https:\/\/www.eldiario.net\/portal\/","logo":{"@type":"ImageObject","inLanguage":"es","@id":"https:\/\/www.eldiario.net\/portal\/#\/schema\/logo\/image\/","url":"https:\/\/www.eldiario.net\/portal\/wp-content\/uploads\/2023\/07\/logo_ED.jpg","contentUrl":"https:\/\/www.eldiario.net\/portal\/wp-content\/uploads\/2023\/07\/logo_ED.jpg","width":272,"height":52,"caption":"El Diario - Decano de la prensa nacional"},"image":{"@id":"https:\/\/www.eldiario.net\/portal\/#\/schema\/logo\/image\/"},"sameAs":["https:\/\/www.facebook.com\/eldiario.bolivia\/","https:\/\/x.com\/eldiario_net"]},{"@type":"Person","@id":"https:\/\/www.eldiario.net\/portal\/#\/schema\/person\/f46445640444750d7d753ccd04ae01b7","name":"Jeanette","image":{"@type":"ImageObject","inLanguage":"es","@id":"https:\/\/secure.gravatar.com\/avatar\/3ea2118a5f7dad2b7138b1187a6b7ee55f160b9968b66013c3a3ef39dd7e5798?s=96&d=mm&r=g","url":"https:\/\/secure.gravatar.com\/avatar\/3ea2118a5f7dad2b7138b1187a6b7ee55f160b9968b66013c3a3ef39dd7e5798?s=96&d=mm&r=g","contentUrl":"https:\/\/secure.gravatar.com\/avatar\/3ea2118a5f7dad2b7138b1187a6b7ee55f160b9968b66013c3a3ef39dd7e5798?s=96&d=mm&r=g","caption":"Jeanette"},"sameAs":["https:\/\/www.eldiario.net\/portal"],"url":"https:\/\/www.eldiario.net\/portal\/author\/jeanette\/"}]}},"_links":{"self":[{"href":"https:\/\/www.eldiario.net\/portal\/wp-json\/wp\/v2\/posts\/229732","targetHints":{"allow":["GET"]}}],"collection":[{"href":"https:\/\/www.eldiario.net\/portal\/wp-json\/wp\/v2\/posts"}],"about":[{"href":"https:\/\/www.eldiario.net\/portal\/wp-json\/wp\/v2\/types\/post"}],"author":[{"embeddable":true,"href":"https:\/\/www.eldiario.net\/portal\/wp-json\/wp\/v2\/users\/1"}],"replies":[{"embeddable":true,"href":"https:\/\/www.eldiario.net\/portal\/wp-json\/wp\/v2\/comments?post=229732"}],"version-history":[{"count":1,"href":"https:\/\/www.eldiario.net\/portal\/wp-json\/wp\/v2\/posts\/229732\/revisions"}],"predecessor-version":[{"id":229734,"href":"https:\/\/www.eldiario.net\/portal\/wp-json\/wp\/v2\/posts\/229732\/revisions\/229734"}],"wp:featuredmedia":[{"embeddable":true,"href":"https:\/\/www.eldiario.net\/portal\/wp-json\/wp\/v2\/media\/229733"}],"wp:attachment":[{"href":"https:\/\/www.eldiario.net\/portal\/wp-json\/wp\/v2\/media?parent=229732"}],"wp:term":[{"taxonomy":"category","embeddable":true,"href":"https:\/\/www.eldiario.net\/portal\/wp-json\/wp\/v2\/categories?post=229732"},{"taxonomy":"post_tag","embeddable":true,"href":"https:\/\/www.eldiario.net\/portal\/wp-json\/wp\/v2\/tags?post=229732"}],"curies":[{"name":"wp","href":"https:\/\/api.w.org\/{rel}","templated":true}]}}