{"id":229729,"date":"2024-06-26T05:27:18","date_gmt":"2024-06-26T09:27:18","guid":{"rendered":"https:\/\/www.eldiario.net\/portal\/?p=229729"},"modified":"2024-06-26T05:27:18","modified_gmt":"2024-06-26T09:27:18","slug":"empresarios-piden-cambios-para-revertir-situacion-critica-del-gas","status":"publish","type":"post","link":"https:\/\/www.eldiario.net\/portal\/2024\/06\/26\/empresarios-piden-cambios-para-revertir-situacion-critica-del-gas\/","title":{"rendered":"Empresarios piden cambios para  revertir \u00absituaci\u00f3n cr\u00edtica\u00bb del gas"},"content":{"rendered":"<p class=\"v1MsoNormal\">La C\u00e1mara Boliviana de Hidrocarburos y Energ\u00eda (CBHE) advirti\u00f3 ayer\u00a0 sobre la \u00absituaci\u00f3n cr\u00edtica\u00bb que atraviesa el sector por el declive de la producci\u00f3n de gas natural y sus regal\u00edas, y adem\u00e1s pidi\u00f3 al Gobierno de Luis Arce cambios normativos para favorecer las inversiones en exploraci\u00f3n y explotaci\u00f3n.<\/p>\n<p class=\"v1MsoNormal\">La CBHE expres\u00f3 su \u00abpreocupaci\u00f3n\u00bb por la progresiva ca\u00edda de la producci\u00f3n de gas y afirm\u00f3 que hay una \u00absituaci\u00f3n cr\u00edtica\u00bb, pese a que las empresas y la estatal Yacimientos Petrol\u00edferos Fiscales Bolivianos (YPFB) desarrollan proyectos para mitigar esa declinaci\u00f3n.<\/p>\n<p class=\"v1MsoNormal\">\u00abA\u00fan si los resultados son positivos, no son suficientes para aumentar sustancialmente la oferta de gas natural, que est\u00e1 por debajo de los 40 millones de metros c\u00fabicos diarios (mm3d)\u00bb, se\u00f1al\u00f3 la entidad.<\/p>\n<p class=\"v1MsoNormal\">Bolivia pas\u00f3 de producir en 2014 unos 22.187 millones de metros c\u00fabicos de gas natural (mmm3) a 13.390 mm3 en 2023, mientras que las regal\u00edas por la exportaci\u00f3n descendieron de m\u00e1s de 6.000 millones de d\u00f3lares en 2014 a 2.043 millones de d\u00f3lares el a\u00f1o pasado, seg\u00fan datos oficiales.<\/p>\n<p class=\"v1MsoNormal\">La CBHE mencion\u00f3 que la reducci\u00f3n de la renta petrolera se debe a \u00abvarios factores\u00bb como la ca\u00edda de la producci\u00f3n, la \u00abparticipaci\u00f3n proporcional de los vol\u00famenes destinados al mercado interno\u00bb que en costo difiere con los precios de exportaci\u00f3n. \u00abA medida que m\u00e1s cae la producci\u00f3n, es menor el precio que se paga por ella y, por lo tanto, son mayores los esfuerzos que se requieren para hacer atractivas las nuevas inversiones\u00bb, apunt\u00f3 la instituci\u00f3n.<\/p>\n<p class=\"v1MsoNormal\">La entidad que aglutina a las empresas que participan en la producci\u00f3n de hidrocarburos pidi\u00f3 que el pa\u00eds brinde \u00abcondiciones para la inversi\u00f3n en exploraci\u00f3n y producci\u00f3n, a trav\u00e9s de cambios normativos, que posibiliten un equilibrio entre la factibilidad t\u00e9cnica y el riesgo econ\u00f3mico\u00bb.<\/p>\n<p class=\"v1MsoNormal\">Asimismo, la instituci\u00f3n dijo que de esa manera el pa\u00eds tendr\u00e1 \u00abmayores vol\u00famenes de gas para cubrir el mercado interno, aumentar su oferta al mercado externo y lograr mayor competitividad\u00bb.<\/p>\n<p class=\"v1MsoNormal\">La CBHB alert\u00f3 sobre la \u00abausencia de nuevos proyectos\u00bb por lo que no es posible \u00abvislumbrar descubrimientos y desarrollos en el mediano plazo\u00bb. Tambi\u00e9n consider\u00f3 que \u00ablo que se est\u00e1 haciendo\u00bb actualmente pertenece a los contratos que se firmaron en 2007 \u00aben el marco del decreto de nacionalizaci\u00f3n y la actual Ley de Hidrocarburos\u00bb.<\/p>\n<p class=\"v1MsoNormal\">La \u00faltima certificaci\u00f3n de reservas hidrocarbur\u00edferas bolivianas, que data de diciembre de 2018, indic\u00f3 que el pa\u00eds tiene 10,7 trillones de pies c\u00fabicos (TCF) de gas natural, mientras que un reporte del Ministerio de Hidrocarburos en 2019 estableci\u00f3 que descendieron a 8,7 TCF.<\/p>\n<p class=\"v1MsoNormal\">El Gobierno de Arce aplica desde hace algunos a\u00f1os el &#8216;Plan de Reactivaci\u00f3n del Upstream (exploraci\u00f3n y producci\u00f3n)&#8217; que incluye 42 proyectos exploratorios en diversas regiones para incrementar la producci\u00f3n de hidrocarburos y que podr\u00eda arrojar resultados positivos m\u00e1s adelante.<\/p>\n<p class=\"v1MsoNormal\">Algunos expertos alertaron que la falta de combustibles y el encarecimiento de algunos alimentos se debe a la falta de d\u00f3lares, originada por el descenso de los ingresos por la exportaci\u00f3n de gas natural.<\/p>\n<p class=\"v1MsoNormal\">Recientemente el presidente de Bolivia, Luis Arce, fue criticado por decir que el gas natural, que durante varios a\u00f1os fue el sustento econ\u00f3mico del pa\u00eds, \u00abse ha agotado\u00bb y culp\u00f3 a las administraciones anteriores por no realizar nuevas exploraciones. \u00a0(Infobae\/Efe)<\/p>\n<p class=\"v1MsoNormal\">\n","protected":false},"excerpt":{"rendered":"<p>La C\u00e1mara Boliviana de Hidrocarburos y Energ\u00eda (CBHE) advirti\u00f3 ayer\u00a0 sobre la \u00absituaci\u00f3n cr\u00edtica\u00bb que atraviesa el sector por el declive de la producci\u00f3n de gas natural y sus regal\u00edas, y adem\u00e1s pidi\u00f3 al Gobierno de Luis Arce cambios normativos para favorecer las inversiones en exploraci\u00f3n y explotaci\u00f3n. La CBHE expres\u00f3 su \u00abpreocupaci\u00f3n\u00bb por la [&hellip;]<\/p>\n","protected":false},"author":1,"featured_media":229730,"comment_status":"open","ping_status":"open","sticky":false,"template":"","format":"standard","meta":{"_acf_changed":false,"footnotes":""},"categories":[15],"tags":[],"class_list":["post-229729","post","type-post","status-publish","format-standard","has-post-thumbnail","category-portada"],"acf":{"antetitulo":"Ante declive de producci\u00f3n"},"yoast_head":"<!-- This site is optimized with the Yoast SEO plugin v28.3 - https:\/\/yoast.com\/product\/yoast-seo-wordpress\/ -->\n<title>Empresarios piden cambios para revertir &quot;situaci\u00f3n cr\u00edtica&quot; del gas - El Diario - Bolivia<\/title>\n<meta name=\"robots\" content=\"index, follow, max-snippet:-1, max-image-preview:large, max-video-preview:-1\" \/>\n<link rel=\"canonical\" href=\"https:\/\/www.eldiario.net\/portal\/2024\/06\/26\/empresarios-piden-cambios-para-revertir-situacion-critica-del-gas\/\" \/>\n<meta property=\"og:locale\" content=\"es_ES\" \/>\n<meta property=\"og:type\" content=\"article\" \/>\n<meta property=\"og:title\" content=\"Empresarios piden cambios para revertir &quot;situaci\u00f3n cr\u00edtica&quot; del gas - El Diario - Bolivia\" \/>\n<meta property=\"og:description\" content=\"La C\u00e1mara Boliviana de Hidrocarburos y Energ\u00eda (CBHE) advirti\u00f3 ayer\u00a0 sobre la \u00absituaci\u00f3n cr\u00edtica\u00bb que atraviesa el sector por el declive de la producci\u00f3n de gas natural y sus regal\u00edas, y adem\u00e1s pidi\u00f3 al Gobierno de Luis Arce cambios normativos para favorecer las inversiones en exploraci\u00f3n y explotaci\u00f3n. La CBHE expres\u00f3 su \u00abpreocupaci\u00f3n\u00bb por la [&hellip;]\" \/>\n<meta property=\"og:url\" content=\"https:\/\/www.eldiario.net\/portal\/2024\/06\/26\/empresarios-piden-cambios-para-revertir-situacion-critica-del-gas\/\" \/>\n<meta property=\"og:site_name\" content=\"El Diario - Bolivia\" \/>\n<meta property=\"article:publisher\" content=\"https:\/\/www.facebook.com\/eldiario.bolivia\/\" \/>\n<meta property=\"article:published_time\" content=\"2024-06-26T09:27:18+00:00\" \/>\n<meta property=\"og:image\" content=\"https:\/\/www.eldiario.net\/portal\/wp-content\/uploads\/2024\/06\/campo-gasifero-Efe.jpg\" \/>\n\t<meta property=\"og:image:width\" content=\"992\" \/>\n\t<meta property=\"og:image:height\" content=\"606\" \/>\n\t<meta property=\"og:image:type\" content=\"image\/jpeg\" \/>\n<meta name=\"author\" content=\"Jeanette\" \/>\n<meta name=\"twitter:card\" content=\"summary_large_image\" \/>\n<meta name=\"twitter:creator\" content=\"@eldiario_net\" \/>\n<meta name=\"twitter:site\" content=\"@eldiario_net\" \/>\n<meta name=\"twitter:label1\" content=\"Escrito por\" \/>\n\t<meta name=\"twitter:data1\" content=\"Jeanette\" \/>\n\t<meta name=\"twitter:label2\" content=\"Tiempo de lectura\" \/>\n\t<meta name=\"twitter:data2\" content=\"3 minutos\" \/>\n<script type=\"application\/ld+json\" class=\"yoast-schema-graph\">{\"@context\":\"https:\\\/\\\/schema.org\",\"@graph\":[{\"@type\":\"Article\",\"@id\":\"https:\\\/\\\/www.eldiario.net\\\/portal\\\/2024\\\/06\\\/26\\\/empresarios-piden-cambios-para-revertir-situacion-critica-del-gas\\\/#article\",\"isPartOf\":{\"@id\":\"https:\\\/\\\/www.eldiario.net\\\/portal\\\/2024\\\/06\\\/26\\\/empresarios-piden-cambios-para-revertir-situacion-critica-del-gas\\\/\"},\"author\":{\"name\":\"Jeanette\",\"@id\":\"https:\\\/\\\/www.eldiario.net\\\/portal\\\/#\\\/schema\\\/person\\\/f46445640444750d7d753ccd04ae01b7\"},\"headline\":\"Empresarios piden cambios para revertir \u00absituaci\u00f3n cr\u00edtica\u00bb del gas\",\"datePublished\":\"2024-06-26T09:27:18+00:00\",\"mainEntityOfPage\":{\"@id\":\"https:\\\/\\\/www.eldiario.net\\\/portal\\\/2024\\\/06\\\/26\\\/empresarios-piden-cambios-para-revertir-situacion-critica-del-gas\\\/\"},\"wordCount\":595,\"commentCount\":0,\"publisher\":{\"@id\":\"https:\\\/\\\/www.eldiario.net\\\/portal\\\/#organization\"},\"image\":{\"@id\":\"https:\\\/\\\/www.eldiario.net\\\/portal\\\/2024\\\/06\\\/26\\\/empresarios-piden-cambios-para-revertir-situacion-critica-del-gas\\\/#primaryimage\"},\"thumbnailUrl\":\"https:\\\/\\\/www.eldiario.net\\\/portal\\\/wp-content\\\/uploads\\\/2024\\\/06\\\/campo-gasifero-Efe.jpg\",\"articleSection\":[\"Portada\"],\"inLanguage\":\"es\",\"potentialAction\":[{\"@type\":\"CommentAction\",\"name\":\"Comment\",\"target\":[\"https:\\\/\\\/www.eldiario.net\\\/portal\\\/2024\\\/06\\\/26\\\/empresarios-piden-cambios-para-revertir-situacion-critica-del-gas\\\/#respond\"]}]},{\"@type\":\"WebPage\",\"@id\":\"https:\\\/\\\/www.eldiario.net\\\/portal\\\/2024\\\/06\\\/26\\\/empresarios-piden-cambios-para-revertir-situacion-critica-del-gas\\\/\",\"url\":\"https:\\\/\\\/www.eldiario.net\\\/portal\\\/2024\\\/06\\\/26\\\/empresarios-piden-cambios-para-revertir-situacion-critica-del-gas\\\/\",\"name\":\"Empresarios piden cambios para revertir \\\"situaci\u00f3n cr\u00edtica\\\" del gas - El Diario - Bolivia\",\"isPartOf\":{\"@id\":\"https:\\\/\\\/www.eldiario.net\\\/portal\\\/#website\"},\"primaryImageOfPage\":{\"@id\":\"https:\\\/\\\/www.eldiario.net\\\/portal\\\/2024\\\/06\\\/26\\\/empresarios-piden-cambios-para-revertir-situacion-critica-del-gas\\\/#primaryimage\"},\"image\":{\"@id\":\"https:\\\/\\\/www.eldiario.net\\\/portal\\\/2024\\\/06\\\/26\\\/empresarios-piden-cambios-para-revertir-situacion-critica-del-gas\\\/#primaryimage\"},\"thumbnailUrl\":\"https:\\\/\\\/www.eldiario.net\\\/portal\\\/wp-content\\\/uploads\\\/2024\\\/06\\\/campo-gasifero-Efe.jpg\",\"datePublished\":\"2024-06-26T09:27:18+00:00\",\"breadcrumb\":{\"@id\":\"https:\\\/\\\/www.eldiario.net\\\/portal\\\/2024\\\/06\\\/26\\\/empresarios-piden-cambios-para-revertir-situacion-critica-del-gas\\\/#breadcrumb\"},\"inLanguage\":\"es\",\"potentialAction\":[{\"@type\":\"ReadAction\",\"target\":[\"https:\\\/\\\/www.eldiario.net\\\/portal\\\/2024\\\/06\\\/26\\\/empresarios-piden-cambios-para-revertir-situacion-critica-del-gas\\\/\"]}]},{\"@type\":\"ImageObject\",\"inLanguage\":\"es\",\"@id\":\"https:\\\/\\\/www.eldiario.net\\\/portal\\\/2024\\\/06\\\/26\\\/empresarios-piden-cambios-para-revertir-situacion-critica-del-gas\\\/#primaryimage\",\"url\":\"https:\\\/\\\/www.eldiario.net\\\/portal\\\/wp-content\\\/uploads\\\/2024\\\/06\\\/campo-gasifero-Efe.jpg\",\"contentUrl\":\"https:\\\/\\\/www.eldiario.net\\\/portal\\\/wp-content\\\/uploads\\\/2024\\\/06\\\/campo-gasifero-Efe.jpg\",\"width\":992,\"height\":606,\"caption\":\"La planta boliviana de hidrocarburos Carlos Villegas en Yacuiba, Bolivia. CR\u00c9DITO: EFE\\\/ Martin Alipaz\"},{\"@type\":\"BreadcrumbList\",\"@id\":\"https:\\\/\\\/www.eldiario.net\\\/portal\\\/2024\\\/06\\\/26\\\/empresarios-piden-cambios-para-revertir-situacion-critica-del-gas\\\/#breadcrumb\",\"itemListElement\":[{\"@type\":\"ListItem\",\"position\":1,\"name\":\"Portada\",\"item\":\"https:\\\/\\\/www.eldiario.net\\\/portal\\\/\"},{\"@type\":\"ListItem\",\"position\":2,\"name\":\"Empresarios piden cambios para revertir \u00absituaci\u00f3n cr\u00edtica\u00bb del gas\"}]},{\"@type\":\"WebSite\",\"@id\":\"https:\\\/\\\/www.eldiario.net\\\/portal\\\/#website\",\"url\":\"https:\\\/\\\/www.eldiario.net\\\/portal\\\/\",\"name\":\"El Diario - Decano de la prensa nacional\",\"description\":\"El Diario - Decano de la prensa nacional\",\"publisher\":{\"@id\":\"https:\\\/\\\/www.eldiario.net\\\/portal\\\/#organization\"},\"potentialAction\":[{\"@type\":\"SearchAction\",\"target\":{\"@type\":\"EntryPoint\",\"urlTemplate\":\"https:\\\/\\\/www.eldiario.net\\\/portal\\\/?s={search_term_string}\"},\"query-input\":{\"@type\":\"PropertyValueSpecification\",\"valueRequired\":true,\"valueName\":\"search_term_string\"}}],\"inLanguage\":\"es\"},{\"@type\":\"Organization\",\"@id\":\"https:\\\/\\\/www.eldiario.net\\\/portal\\\/#organization\",\"name\":\"El Diario - Decano de la prensa nacional\",\"url\":\"https:\\\/\\\/www.eldiario.net\\\/portal\\\/\",\"logo\":{\"@type\":\"ImageObject\",\"inLanguage\":\"es\",\"@id\":\"https:\\\/\\\/www.eldiario.net\\\/portal\\\/#\\\/schema\\\/logo\\\/image\\\/\",\"url\":\"https:\\\/\\\/www.eldiario.net\\\/portal\\\/wp-content\\\/uploads\\\/2023\\\/07\\\/logo_ED.jpg\",\"contentUrl\":\"https:\\\/\\\/www.eldiario.net\\\/portal\\\/wp-content\\\/uploads\\\/2023\\\/07\\\/logo_ED.jpg\",\"width\":272,\"height\":52,\"caption\":\"El Diario - Decano de la prensa nacional\"},\"image\":{\"@id\":\"https:\\\/\\\/www.eldiario.net\\\/portal\\\/#\\\/schema\\\/logo\\\/image\\\/\"},\"sameAs\":[\"https:\\\/\\\/www.facebook.com\\\/eldiario.bolivia\\\/\",\"https:\\\/\\\/x.com\\\/eldiario_net\"]},{\"@type\":\"Person\",\"@id\":\"https:\\\/\\\/www.eldiario.net\\\/portal\\\/#\\\/schema\\\/person\\\/f46445640444750d7d753ccd04ae01b7\",\"name\":\"Jeanette\",\"image\":{\"@type\":\"ImageObject\",\"inLanguage\":\"es\",\"@id\":\"https:\\\/\\\/secure.gravatar.com\\\/avatar\\\/3ea2118a5f7dad2b7138b1187a6b7ee55f160b9968b66013c3a3ef39dd7e5798?s=96&d=mm&r=g\",\"url\":\"https:\\\/\\\/secure.gravatar.com\\\/avatar\\\/3ea2118a5f7dad2b7138b1187a6b7ee55f160b9968b66013c3a3ef39dd7e5798?s=96&d=mm&r=g\",\"contentUrl\":\"https:\\\/\\\/secure.gravatar.com\\\/avatar\\\/3ea2118a5f7dad2b7138b1187a6b7ee55f160b9968b66013c3a3ef39dd7e5798?s=96&d=mm&r=g\",\"caption\":\"Jeanette\"},\"sameAs\":[\"https:\\\/\\\/www.eldiario.net\\\/portal\"],\"url\":\"https:\\\/\\\/www.eldiario.net\\\/portal\\\/author\\\/jeanette\\\/\"}]}<\/script>\n<!-- \/ Yoast SEO plugin. -->","yoast_head_json":{"title":"Empresarios piden cambios para revertir \"situaci\u00f3n cr\u00edtica\" del gas - El Diario - Bolivia","robots":{"index":"index","follow":"follow","max-snippet":"max-snippet:-1","max-image-preview":"max-image-preview:large","max-video-preview":"max-video-preview:-1"},"canonical":"https:\/\/www.eldiario.net\/portal\/2024\/06\/26\/empresarios-piden-cambios-para-revertir-situacion-critica-del-gas\/","og_locale":"es_ES","og_type":"article","og_title":"Empresarios piden cambios para revertir \"situaci\u00f3n cr\u00edtica\" del gas - El Diario - Bolivia","og_description":"La C\u00e1mara Boliviana de Hidrocarburos y Energ\u00eda (CBHE) advirti\u00f3 ayer\u00a0 sobre la \u00absituaci\u00f3n cr\u00edtica\u00bb que atraviesa el sector por el declive de la producci\u00f3n de gas natural y sus regal\u00edas, y adem\u00e1s pidi\u00f3 al Gobierno de Luis Arce cambios normativos para favorecer las inversiones en exploraci\u00f3n y explotaci\u00f3n. La CBHE expres\u00f3 su \u00abpreocupaci\u00f3n\u00bb por la [&hellip;]","og_url":"https:\/\/www.eldiario.net\/portal\/2024\/06\/26\/empresarios-piden-cambios-para-revertir-situacion-critica-del-gas\/","og_site_name":"El Diario - Bolivia","article_publisher":"https:\/\/www.facebook.com\/eldiario.bolivia\/","article_published_time":"2024-06-26T09:27:18+00:00","og_image":[{"width":992,"height":606,"url":"https:\/\/www.eldiario.net\/portal\/wp-content\/uploads\/2024\/06\/campo-gasifero-Efe.jpg","type":"image\/jpeg"}],"author":"Jeanette","twitter_card":"summary_large_image","twitter_creator":"@eldiario_net","twitter_site":"@eldiario_net","twitter_misc":{"Escrito por":"Jeanette","Tiempo de lectura":"3 minutos"},"schema":{"@context":"https:\/\/schema.org","@graph":[{"@type":"Article","@id":"https:\/\/www.eldiario.net\/portal\/2024\/06\/26\/empresarios-piden-cambios-para-revertir-situacion-critica-del-gas\/#article","isPartOf":{"@id":"https:\/\/www.eldiario.net\/portal\/2024\/06\/26\/empresarios-piden-cambios-para-revertir-situacion-critica-del-gas\/"},"author":{"name":"Jeanette","@id":"https:\/\/www.eldiario.net\/portal\/#\/schema\/person\/f46445640444750d7d753ccd04ae01b7"},"headline":"Empresarios piden cambios para revertir \u00absituaci\u00f3n cr\u00edtica\u00bb del gas","datePublished":"2024-06-26T09:27:18+00:00","mainEntityOfPage":{"@id":"https:\/\/www.eldiario.net\/portal\/2024\/06\/26\/empresarios-piden-cambios-para-revertir-situacion-critica-del-gas\/"},"wordCount":595,"commentCount":0,"publisher":{"@id":"https:\/\/www.eldiario.net\/portal\/#organization"},"image":{"@id":"https:\/\/www.eldiario.net\/portal\/2024\/06\/26\/empresarios-piden-cambios-para-revertir-situacion-critica-del-gas\/#primaryimage"},"thumbnailUrl":"https:\/\/www.eldiario.net\/portal\/wp-content\/uploads\/2024\/06\/campo-gasifero-Efe.jpg","articleSection":["Portada"],"inLanguage":"es","potentialAction":[{"@type":"CommentAction","name":"Comment","target":["https:\/\/www.eldiario.net\/portal\/2024\/06\/26\/empresarios-piden-cambios-para-revertir-situacion-critica-del-gas\/#respond"]}]},{"@type":"WebPage","@id":"https:\/\/www.eldiario.net\/portal\/2024\/06\/26\/empresarios-piden-cambios-para-revertir-situacion-critica-del-gas\/","url":"https:\/\/www.eldiario.net\/portal\/2024\/06\/26\/empresarios-piden-cambios-para-revertir-situacion-critica-del-gas\/","name":"Empresarios piden cambios para revertir \"situaci\u00f3n cr\u00edtica\" del gas - El Diario - Bolivia","isPartOf":{"@id":"https:\/\/www.eldiario.net\/portal\/#website"},"primaryImageOfPage":{"@id":"https:\/\/www.eldiario.net\/portal\/2024\/06\/26\/empresarios-piden-cambios-para-revertir-situacion-critica-del-gas\/#primaryimage"},"image":{"@id":"https:\/\/www.eldiario.net\/portal\/2024\/06\/26\/empresarios-piden-cambios-para-revertir-situacion-critica-del-gas\/#primaryimage"},"thumbnailUrl":"https:\/\/www.eldiario.net\/portal\/wp-content\/uploads\/2024\/06\/campo-gasifero-Efe.jpg","datePublished":"2024-06-26T09:27:18+00:00","breadcrumb":{"@id":"https:\/\/www.eldiario.net\/portal\/2024\/06\/26\/empresarios-piden-cambios-para-revertir-situacion-critica-del-gas\/#breadcrumb"},"inLanguage":"es","potentialAction":[{"@type":"ReadAction","target":["https:\/\/www.eldiario.net\/portal\/2024\/06\/26\/empresarios-piden-cambios-para-revertir-situacion-critica-del-gas\/"]}]},{"@type":"ImageObject","inLanguage":"es","@id":"https:\/\/www.eldiario.net\/portal\/2024\/06\/26\/empresarios-piden-cambios-para-revertir-situacion-critica-del-gas\/#primaryimage","url":"https:\/\/www.eldiario.net\/portal\/wp-content\/uploads\/2024\/06\/campo-gasifero-Efe.jpg","contentUrl":"https:\/\/www.eldiario.net\/portal\/wp-content\/uploads\/2024\/06\/campo-gasifero-Efe.jpg","width":992,"height":606,"caption":"La planta boliviana de hidrocarburos Carlos Villegas en Yacuiba, Bolivia. CR\u00c9DITO: EFE\/ Martin Alipaz"},{"@type":"BreadcrumbList","@id":"https:\/\/www.eldiario.net\/portal\/2024\/06\/26\/empresarios-piden-cambios-para-revertir-situacion-critica-del-gas\/#breadcrumb","itemListElement":[{"@type":"ListItem","position":1,"name":"Portada","item":"https:\/\/www.eldiario.net\/portal\/"},{"@type":"ListItem","position":2,"name":"Empresarios piden cambios para revertir \u00absituaci\u00f3n cr\u00edtica\u00bb del gas"}]},{"@type":"WebSite","@id":"https:\/\/www.eldiario.net\/portal\/#website","url":"https:\/\/www.eldiario.net\/portal\/","name":"El Diario - Decano de la prensa nacional","description":"El Diario - Decano de la prensa nacional","publisher":{"@id":"https:\/\/www.eldiario.net\/portal\/#organization"},"potentialAction":[{"@type":"SearchAction","target":{"@type":"EntryPoint","urlTemplate":"https:\/\/www.eldiario.net\/portal\/?s={search_term_string}"},"query-input":{"@type":"PropertyValueSpecification","valueRequired":true,"valueName":"search_term_string"}}],"inLanguage":"es"},{"@type":"Organization","@id":"https:\/\/www.eldiario.net\/portal\/#organization","name":"El Diario - Decano de la prensa nacional","url":"https:\/\/www.eldiario.net\/portal\/","logo":{"@type":"ImageObject","inLanguage":"es","@id":"https:\/\/www.eldiario.net\/portal\/#\/schema\/logo\/image\/","url":"https:\/\/www.eldiario.net\/portal\/wp-content\/uploads\/2023\/07\/logo_ED.jpg","contentUrl":"https:\/\/www.eldiario.net\/portal\/wp-content\/uploads\/2023\/07\/logo_ED.jpg","width":272,"height":52,"caption":"El Diario - Decano de la prensa nacional"},"image":{"@id":"https:\/\/www.eldiario.net\/portal\/#\/schema\/logo\/image\/"},"sameAs":["https:\/\/www.facebook.com\/eldiario.bolivia\/","https:\/\/x.com\/eldiario_net"]},{"@type":"Person","@id":"https:\/\/www.eldiario.net\/portal\/#\/schema\/person\/f46445640444750d7d753ccd04ae01b7","name":"Jeanette","image":{"@type":"ImageObject","inLanguage":"es","@id":"https:\/\/secure.gravatar.com\/avatar\/3ea2118a5f7dad2b7138b1187a6b7ee55f160b9968b66013c3a3ef39dd7e5798?s=96&d=mm&r=g","url":"https:\/\/secure.gravatar.com\/avatar\/3ea2118a5f7dad2b7138b1187a6b7ee55f160b9968b66013c3a3ef39dd7e5798?s=96&d=mm&r=g","contentUrl":"https:\/\/secure.gravatar.com\/avatar\/3ea2118a5f7dad2b7138b1187a6b7ee55f160b9968b66013c3a3ef39dd7e5798?s=96&d=mm&r=g","caption":"Jeanette"},"sameAs":["https:\/\/www.eldiario.net\/portal"],"url":"https:\/\/www.eldiario.net\/portal\/author\/jeanette\/"}]}},"_links":{"self":[{"href":"https:\/\/www.eldiario.net\/portal\/wp-json\/wp\/v2\/posts\/229729","targetHints":{"allow":["GET"]}}],"collection":[{"href":"https:\/\/www.eldiario.net\/portal\/wp-json\/wp\/v2\/posts"}],"about":[{"href":"https:\/\/www.eldiario.net\/portal\/wp-json\/wp\/v2\/types\/post"}],"author":[{"embeddable":true,"href":"https:\/\/www.eldiario.net\/portal\/wp-json\/wp\/v2\/users\/1"}],"replies":[{"embeddable":true,"href":"https:\/\/www.eldiario.net\/portal\/wp-json\/wp\/v2\/comments?post=229729"}],"version-history":[{"count":1,"href":"https:\/\/www.eldiario.net\/portal\/wp-json\/wp\/v2\/posts\/229729\/revisions"}],"predecessor-version":[{"id":229731,"href":"https:\/\/www.eldiario.net\/portal\/wp-json\/wp\/v2\/posts\/229729\/revisions\/229731"}],"wp:featuredmedia":[{"embeddable":true,"href":"https:\/\/www.eldiario.net\/portal\/wp-json\/wp\/v2\/media\/229730"}],"wp:attachment":[{"href":"https:\/\/www.eldiario.net\/portal\/wp-json\/wp\/v2\/media?parent=229729"}],"wp:term":[{"taxonomy":"category","embeddable":true,"href":"https:\/\/www.eldiario.net\/portal\/wp-json\/wp\/v2\/categories?post=229729"},{"taxonomy":"post_tag","embeddable":true,"href":"https:\/\/www.eldiario.net\/portal\/wp-json\/wp\/v2\/tags?post=229729"}],"curies":[{"name":"wp","href":"https:\/\/api.w.org\/{rel}","templated":true}]}}