{"id":229691,"date":"2024-06-25T10:48:26","date_gmt":"2024-06-25T14:48:26","guid":{"rendered":"https:\/\/www.eldiario.net\/portal\/?p=229691"},"modified":"2024-06-25T10:48:26","modified_gmt":"2024-06-25T14:48:26","slug":"transportistas-de-potosi-acatan-paro-para-exigir-alza-de-precio-de-pasajes","status":"publish","type":"post","link":"https:\/\/www.eldiario.net\/portal\/2024\/06\/25\/transportistas-de-potosi-acatan-paro-para-exigir-alza-de-precio-de-pasajes\/","title":{"rendered":"Transportistas de Potos\u00ed acatan paro para exigir alza de precio de pasajes"},"content":{"rendered":"<p>Los conductores de los veh\u00edculos de transporte p\u00fablico de la ciudad de Potos\u00ed suspendieron sus actividades, con la finalidad de exigir que las autoridades municipales aprueben una ley transitoria para elevar el costo de los pasajes de Bs 1.50 a Bs 2.00.<\/p>\n<p>Los \u00fanicos motorizados que circulan por la urbe potosina son taxis y la poblaci\u00f3n tiene que recurrir a ellos para trasladarse de una zona a otra por el desarrollo de sus actividades cotidianas.<\/p>\n<p>Seg\u00fan medios de comunicaci\u00f3n locales, el alcalde de Potos\u00ed, Jhonny Llally, se reuni\u00f3 el lunes con los representantes del transporte p\u00fablico, con quienes se acord\u00f3 la realizaci\u00f3n de un estudio tarifario que se retras\u00f3 porque dos convocatorias para contratar a una consultora no tuvieron proponentes.<\/p>\n<p>El presidente de la Federaci\u00f3n Departamental de Juntas Vecinales (Fedjuve), Carlos Ram\u00edrez, anunci\u00f3 que se pedir\u00e1 que los transportistas sean sancionados por el perjuicio causado a la poblaci\u00f3n.<\/p>\n","protected":false},"excerpt":{"rendered":"<p>Los conductores de los veh\u00edculos de transporte p\u00fablico de la ciudad de Potos\u00ed suspendieron sus actividades, con la finalidad de exigir que las autoridades municipales aprueben una ley transitoria para elevar el costo de los pasajes de Bs 1.50 a Bs 2.00. Los \u00fanicos motorizados que circulan por la urbe potosina son taxis y la [&hellip;]<\/p>\n","protected":false},"author":2,"featured_media":229692,"comment_status":"open","ping_status":"open","sticky":false,"template":"","format":"standard","meta":{"_acf_changed":false,"footnotes":""},"categories":[51],"tags":[],"class_list":["post-229691","post","type-post","status-publish","format-standard","has-post-thumbnail","category-ultima-hora"],"acf":{"antetitulo":""},"yoast_head":"<!-- This site is optimized with the Yoast SEO plugin v28.3 - https:\/\/yoast.com\/product\/yoast-seo-wordpress\/ -->\n<title>Transportistas de Potos\u00ed acatan paro para exigir alza de precio de pasajes - El Diario - Bolivia<\/title>\n<meta name=\"robots\" content=\"index, follow, max-snippet:-1, max-image-preview:large, max-video-preview:-1\" \/>\n<link rel=\"canonical\" href=\"https:\/\/www.eldiario.net\/portal\/2024\/06\/25\/transportistas-de-potosi-acatan-paro-para-exigir-alza-de-precio-de-pasajes\/\" \/>\n<meta property=\"og:locale\" content=\"es_ES\" \/>\n<meta property=\"og:type\" content=\"article\" \/>\n<meta property=\"og:title\" content=\"Transportistas de Potos\u00ed acatan paro para exigir alza de precio de pasajes - El Diario - Bolivia\" \/>\n<meta property=\"og:description\" content=\"Los conductores de los veh\u00edculos de transporte p\u00fablico de la ciudad de Potos\u00ed suspendieron sus actividades, con la finalidad de exigir que las autoridades municipales aprueben una ley transitoria para elevar el costo de los pasajes de Bs 1.50 a Bs 2.00. Los \u00fanicos motorizados que circulan por la urbe potosina son taxis y la [&hellip;]\" \/>\n<meta property=\"og:url\" content=\"https:\/\/www.eldiario.net\/portal\/2024\/06\/25\/transportistas-de-potosi-acatan-paro-para-exigir-alza-de-precio-de-pasajes\/\" \/>\n<meta property=\"og:site_name\" content=\"El Diario - Bolivia\" \/>\n<meta property=\"article:publisher\" content=\"https:\/\/www.facebook.com\/eldiario.bolivia\/\" \/>\n<meta property=\"article:published_time\" content=\"2024-06-25T14:48:26+00:00\" \/>\n<meta property=\"og:image\" content=\"https:\/\/www.eldiario.net\/portal\/wp-content\/uploads\/2024\/06\/POTOSI-25.jpg\" \/>\n\t<meta property=\"og:image:width\" content=\"500\" \/>\n\t<meta property=\"og:image:height\" content=\"470\" \/>\n\t<meta property=\"og:image:type\" content=\"image\/jpeg\" \/>\n<meta name=\"author\" content=\"luis Camacho\" \/>\n<meta name=\"twitter:card\" content=\"summary_large_image\" \/>\n<meta name=\"twitter:creator\" content=\"@eldiario_net\" \/>\n<meta name=\"twitter:site\" content=\"@eldiario_net\" \/>\n<meta name=\"twitter:label1\" content=\"Escrito por\" \/>\n\t<meta name=\"twitter:data1\" content=\"luis Camacho\" \/>\n\t<meta name=\"twitter:label2\" content=\"Tiempo de lectura\" \/>\n\t<meta name=\"twitter:data2\" content=\"1 minuto\" \/>\n<script type=\"application\/ld+json\" class=\"yoast-schema-graph\">{\"@context\":\"https:\\\/\\\/schema.org\",\"@graph\":[{\"@type\":\"Article\",\"@id\":\"https:\\\/\\\/www.eldiario.net\\\/portal\\\/2024\\\/06\\\/25\\\/transportistas-de-potosi-acatan-paro-para-exigir-alza-de-precio-de-pasajes\\\/#article\",\"isPartOf\":{\"@id\":\"https:\\\/\\\/www.eldiario.net\\\/portal\\\/2024\\\/06\\\/25\\\/transportistas-de-potosi-acatan-paro-para-exigir-alza-de-precio-de-pasajes\\\/\"},\"author\":{\"name\":\"luis Camacho\",\"@id\":\"https:\\\/\\\/www.eldiario.net\\\/portal\\\/#\\\/schema\\\/person\\\/cab1ae4db27e5f008a62cbffb05fbfee\"},\"headline\":\"Transportistas de Potos\u00ed acatan paro para exigir alza de precio de pasajes\",\"datePublished\":\"2024-06-25T14:48:26+00:00\",\"mainEntityOfPage\":{\"@id\":\"https:\\\/\\\/www.eldiario.net\\\/portal\\\/2024\\\/06\\\/25\\\/transportistas-de-potosi-acatan-paro-para-exigir-alza-de-precio-de-pasajes\\\/\"},\"wordCount\":168,\"commentCount\":0,\"publisher\":{\"@id\":\"https:\\\/\\\/www.eldiario.net\\\/portal\\\/#organization\"},\"image\":{\"@id\":\"https:\\\/\\\/www.eldiario.net\\\/portal\\\/2024\\\/06\\\/25\\\/transportistas-de-potosi-acatan-paro-para-exigir-alza-de-precio-de-pasajes\\\/#primaryimage\"},\"thumbnailUrl\":\"https:\\\/\\\/www.eldiario.net\\\/portal\\\/wp-content\\\/uploads\\\/2024\\\/06\\\/POTOSI-25.jpg\",\"articleSection\":[\"\u00daltima Hora\"],\"inLanguage\":\"es\",\"potentialAction\":[{\"@type\":\"CommentAction\",\"name\":\"Comment\",\"target\":[\"https:\\\/\\\/www.eldiario.net\\\/portal\\\/2024\\\/06\\\/25\\\/transportistas-de-potosi-acatan-paro-para-exigir-alza-de-precio-de-pasajes\\\/#respond\"]}]},{\"@type\":\"WebPage\",\"@id\":\"https:\\\/\\\/www.eldiario.net\\\/portal\\\/2024\\\/06\\\/25\\\/transportistas-de-potosi-acatan-paro-para-exigir-alza-de-precio-de-pasajes\\\/\",\"url\":\"https:\\\/\\\/www.eldiario.net\\\/portal\\\/2024\\\/06\\\/25\\\/transportistas-de-potosi-acatan-paro-para-exigir-alza-de-precio-de-pasajes\\\/\",\"name\":\"Transportistas de Potos\u00ed acatan paro para exigir alza de precio de pasajes - El Diario - Bolivia\",\"isPartOf\":{\"@id\":\"https:\\\/\\\/www.eldiario.net\\\/portal\\\/#website\"},\"primaryImageOfPage\":{\"@id\":\"https:\\\/\\\/www.eldiario.net\\\/portal\\\/2024\\\/06\\\/25\\\/transportistas-de-potosi-acatan-paro-para-exigir-alza-de-precio-de-pasajes\\\/#primaryimage\"},\"image\":{\"@id\":\"https:\\\/\\\/www.eldiario.net\\\/portal\\\/2024\\\/06\\\/25\\\/transportistas-de-potosi-acatan-paro-para-exigir-alza-de-precio-de-pasajes\\\/#primaryimage\"},\"thumbnailUrl\":\"https:\\\/\\\/www.eldiario.net\\\/portal\\\/wp-content\\\/uploads\\\/2024\\\/06\\\/POTOSI-25.jpg\",\"datePublished\":\"2024-06-25T14:48:26+00:00\",\"breadcrumb\":{\"@id\":\"https:\\\/\\\/www.eldiario.net\\\/portal\\\/2024\\\/06\\\/25\\\/transportistas-de-potosi-acatan-paro-para-exigir-alza-de-precio-de-pasajes\\\/#breadcrumb\"},\"inLanguage\":\"es\",\"potentialAction\":[{\"@type\":\"ReadAction\",\"target\":[\"https:\\\/\\\/www.eldiario.net\\\/portal\\\/2024\\\/06\\\/25\\\/transportistas-de-potosi-acatan-paro-para-exigir-alza-de-precio-de-pasajes\\\/\"]}]},{\"@type\":\"ImageObject\",\"inLanguage\":\"es\",\"@id\":\"https:\\\/\\\/www.eldiario.net\\\/portal\\\/2024\\\/06\\\/25\\\/transportistas-de-potosi-acatan-paro-para-exigir-alza-de-precio-de-pasajes\\\/#primaryimage\",\"url\":\"https:\\\/\\\/www.eldiario.net\\\/portal\\\/wp-content\\\/uploads\\\/2024\\\/06\\\/POTOSI-25.jpg\",\"contentUrl\":\"https:\\\/\\\/www.eldiario.net\\\/portal\\\/wp-content\\\/uploads\\\/2024\\\/06\\\/POTOSI-25.jpg\",\"width\":500,\"height\":470,\"caption\":\"Foto: RRSS.\"},{\"@type\":\"BreadcrumbList\",\"@id\":\"https:\\\/\\\/www.eldiario.net\\\/portal\\\/2024\\\/06\\\/25\\\/transportistas-de-potosi-acatan-paro-para-exigir-alza-de-precio-de-pasajes\\\/#breadcrumb\",\"itemListElement\":[{\"@type\":\"ListItem\",\"position\":1,\"name\":\"Portada\",\"item\":\"https:\\\/\\\/www.eldiario.net\\\/portal\\\/\"},{\"@type\":\"ListItem\",\"position\":2,\"name\":\"Transportistas de Potos\u00ed acatan paro para exigir alza de precio de pasajes\"}]},{\"@type\":\"WebSite\",\"@id\":\"https:\\\/\\\/www.eldiario.net\\\/portal\\\/#website\",\"url\":\"https:\\\/\\\/www.eldiario.net\\\/portal\\\/\",\"name\":\"El Diario - Decano de la prensa nacional\",\"description\":\"El Diario - Decano de la prensa nacional\",\"publisher\":{\"@id\":\"https:\\\/\\\/www.eldiario.net\\\/portal\\\/#organization\"},\"potentialAction\":[{\"@type\":\"SearchAction\",\"target\":{\"@type\":\"EntryPoint\",\"urlTemplate\":\"https:\\\/\\\/www.eldiario.net\\\/portal\\\/?s={search_term_string}\"},\"query-input\":{\"@type\":\"PropertyValueSpecification\",\"valueRequired\":true,\"valueName\":\"search_term_string\"}}],\"inLanguage\":\"es\"},{\"@type\":\"Organization\",\"@id\":\"https:\\\/\\\/www.eldiario.net\\\/portal\\\/#organization\",\"name\":\"El Diario - Decano de la prensa nacional\",\"url\":\"https:\\\/\\\/www.eldiario.net\\\/portal\\\/\",\"logo\":{\"@type\":\"ImageObject\",\"inLanguage\":\"es\",\"@id\":\"https:\\\/\\\/www.eldiario.net\\\/portal\\\/#\\\/schema\\\/logo\\\/image\\\/\",\"url\":\"https:\\\/\\\/www.eldiario.net\\\/portal\\\/wp-content\\\/uploads\\\/2023\\\/07\\\/logo_ED.jpg\",\"contentUrl\":\"https:\\\/\\\/www.eldiario.net\\\/portal\\\/wp-content\\\/uploads\\\/2023\\\/07\\\/logo_ED.jpg\",\"width\":272,\"height\":52,\"caption\":\"El Diario - Decano de la prensa nacional\"},\"image\":{\"@id\":\"https:\\\/\\\/www.eldiario.net\\\/portal\\\/#\\\/schema\\\/logo\\\/image\\\/\"},\"sameAs\":[\"https:\\\/\\\/www.facebook.com\\\/eldiario.bolivia\\\/\",\"https:\\\/\\\/x.com\\\/eldiario_net\"]},{\"@type\":\"Person\",\"@id\":\"https:\\\/\\\/www.eldiario.net\\\/portal\\\/#\\\/schema\\\/person\\\/cab1ae4db27e5f008a62cbffb05fbfee\",\"name\":\"luis Camacho\",\"image\":{\"@type\":\"ImageObject\",\"inLanguage\":\"es\",\"@id\":\"https:\\\/\\\/secure.gravatar.com\\\/avatar\\\/69ecb836b3826d5a2501bf06ab2a2f2c8ab211cc846758f395df21684cb38313?s=96&d=mm&r=g\",\"url\":\"https:\\\/\\\/secure.gravatar.com\\\/avatar\\\/69ecb836b3826d5a2501bf06ab2a2f2c8ab211cc846758f395df21684cb38313?s=96&d=mm&r=g\",\"contentUrl\":\"https:\\\/\\\/secure.gravatar.com\\\/avatar\\\/69ecb836b3826d5a2501bf06ab2a2f2c8ab211cc846758f395df21684cb38313?s=96&d=mm&r=g\",\"caption\":\"luis Camacho\"},\"url\":\"https:\\\/\\\/www.eldiario.net\\\/portal\\\/author\\\/luis\\\/\"}]}<\/script>\n<!-- \/ Yoast SEO plugin. -->","yoast_head_json":{"title":"Transportistas de Potos\u00ed acatan paro para exigir alza de precio de pasajes - El Diario - Bolivia","robots":{"index":"index","follow":"follow","max-snippet":"max-snippet:-1","max-image-preview":"max-image-preview:large","max-video-preview":"max-video-preview:-1"},"canonical":"https:\/\/www.eldiario.net\/portal\/2024\/06\/25\/transportistas-de-potosi-acatan-paro-para-exigir-alza-de-precio-de-pasajes\/","og_locale":"es_ES","og_type":"article","og_title":"Transportistas de Potos\u00ed acatan paro para exigir alza de precio de pasajes - El Diario - Bolivia","og_description":"Los conductores de los veh\u00edculos de transporte p\u00fablico de la ciudad de Potos\u00ed suspendieron sus actividades, con la finalidad de exigir que las autoridades municipales aprueben una ley transitoria para elevar el costo de los pasajes de Bs 1.50 a Bs 2.00. Los \u00fanicos motorizados que circulan por la urbe potosina son taxis y la [&hellip;]","og_url":"https:\/\/www.eldiario.net\/portal\/2024\/06\/25\/transportistas-de-potosi-acatan-paro-para-exigir-alza-de-precio-de-pasajes\/","og_site_name":"El Diario - Bolivia","article_publisher":"https:\/\/www.facebook.com\/eldiario.bolivia\/","article_published_time":"2024-06-25T14:48:26+00:00","og_image":[{"width":500,"height":470,"url":"https:\/\/www.eldiario.net\/portal\/wp-content\/uploads\/2024\/06\/POTOSI-25.jpg","type":"image\/jpeg"}],"author":"luis Camacho","twitter_card":"summary_large_image","twitter_creator":"@eldiario_net","twitter_site":"@eldiario_net","twitter_misc":{"Escrito por":"luis Camacho","Tiempo de lectura":"1 minuto"},"schema":{"@context":"https:\/\/schema.org","@graph":[{"@type":"Article","@id":"https:\/\/www.eldiario.net\/portal\/2024\/06\/25\/transportistas-de-potosi-acatan-paro-para-exigir-alza-de-precio-de-pasajes\/#article","isPartOf":{"@id":"https:\/\/www.eldiario.net\/portal\/2024\/06\/25\/transportistas-de-potosi-acatan-paro-para-exigir-alza-de-precio-de-pasajes\/"},"author":{"name":"luis Camacho","@id":"https:\/\/www.eldiario.net\/portal\/#\/schema\/person\/cab1ae4db27e5f008a62cbffb05fbfee"},"headline":"Transportistas de Potos\u00ed acatan paro para exigir alza de precio de pasajes","datePublished":"2024-06-25T14:48:26+00:00","mainEntityOfPage":{"@id":"https:\/\/www.eldiario.net\/portal\/2024\/06\/25\/transportistas-de-potosi-acatan-paro-para-exigir-alza-de-precio-de-pasajes\/"},"wordCount":168,"commentCount":0,"publisher":{"@id":"https:\/\/www.eldiario.net\/portal\/#organization"},"image":{"@id":"https:\/\/www.eldiario.net\/portal\/2024\/06\/25\/transportistas-de-potosi-acatan-paro-para-exigir-alza-de-precio-de-pasajes\/#primaryimage"},"thumbnailUrl":"https:\/\/www.eldiario.net\/portal\/wp-content\/uploads\/2024\/06\/POTOSI-25.jpg","articleSection":["\u00daltima Hora"],"inLanguage":"es","potentialAction":[{"@type":"CommentAction","name":"Comment","target":["https:\/\/www.eldiario.net\/portal\/2024\/06\/25\/transportistas-de-potosi-acatan-paro-para-exigir-alza-de-precio-de-pasajes\/#respond"]}]},{"@type":"WebPage","@id":"https:\/\/www.eldiario.net\/portal\/2024\/06\/25\/transportistas-de-potosi-acatan-paro-para-exigir-alza-de-precio-de-pasajes\/","url":"https:\/\/www.eldiario.net\/portal\/2024\/06\/25\/transportistas-de-potosi-acatan-paro-para-exigir-alza-de-precio-de-pasajes\/","name":"Transportistas de Potos\u00ed acatan paro para exigir alza de precio de pasajes - El Diario - Bolivia","isPartOf":{"@id":"https:\/\/www.eldiario.net\/portal\/#website"},"primaryImageOfPage":{"@id":"https:\/\/www.eldiario.net\/portal\/2024\/06\/25\/transportistas-de-potosi-acatan-paro-para-exigir-alza-de-precio-de-pasajes\/#primaryimage"},"image":{"@id":"https:\/\/www.eldiario.net\/portal\/2024\/06\/25\/transportistas-de-potosi-acatan-paro-para-exigir-alza-de-precio-de-pasajes\/#primaryimage"},"thumbnailUrl":"https:\/\/www.eldiario.net\/portal\/wp-content\/uploads\/2024\/06\/POTOSI-25.jpg","datePublished":"2024-06-25T14:48:26+00:00","breadcrumb":{"@id":"https:\/\/www.eldiario.net\/portal\/2024\/06\/25\/transportistas-de-potosi-acatan-paro-para-exigir-alza-de-precio-de-pasajes\/#breadcrumb"},"inLanguage":"es","potentialAction":[{"@type":"ReadAction","target":["https:\/\/www.eldiario.net\/portal\/2024\/06\/25\/transportistas-de-potosi-acatan-paro-para-exigir-alza-de-precio-de-pasajes\/"]}]},{"@type":"ImageObject","inLanguage":"es","@id":"https:\/\/www.eldiario.net\/portal\/2024\/06\/25\/transportistas-de-potosi-acatan-paro-para-exigir-alza-de-precio-de-pasajes\/#primaryimage","url":"https:\/\/www.eldiario.net\/portal\/wp-content\/uploads\/2024\/06\/POTOSI-25.jpg","contentUrl":"https:\/\/www.eldiario.net\/portal\/wp-content\/uploads\/2024\/06\/POTOSI-25.jpg","width":500,"height":470,"caption":"Foto: RRSS."},{"@type":"BreadcrumbList","@id":"https:\/\/www.eldiario.net\/portal\/2024\/06\/25\/transportistas-de-potosi-acatan-paro-para-exigir-alza-de-precio-de-pasajes\/#breadcrumb","itemListElement":[{"@type":"ListItem","position":1,"name":"Portada","item":"https:\/\/www.eldiario.net\/portal\/"},{"@type":"ListItem","position":2,"name":"Transportistas de Potos\u00ed acatan paro para exigir alza de precio de pasajes"}]},{"@type":"WebSite","@id":"https:\/\/www.eldiario.net\/portal\/#website","url":"https:\/\/www.eldiario.net\/portal\/","name":"El Diario - Decano de la prensa nacional","description":"El Diario - Decano de la prensa nacional","publisher":{"@id":"https:\/\/www.eldiario.net\/portal\/#organization"},"potentialAction":[{"@type":"SearchAction","target":{"@type":"EntryPoint","urlTemplate":"https:\/\/www.eldiario.net\/portal\/?s={search_term_string}"},"query-input":{"@type":"PropertyValueSpecification","valueRequired":true,"valueName":"search_term_string"}}],"inLanguage":"es"},{"@type":"Organization","@id":"https:\/\/www.eldiario.net\/portal\/#organization","name":"El Diario - Decano de la prensa nacional","url":"https:\/\/www.eldiario.net\/portal\/","logo":{"@type":"ImageObject","inLanguage":"es","@id":"https:\/\/www.eldiario.net\/portal\/#\/schema\/logo\/image\/","url":"https:\/\/www.eldiario.net\/portal\/wp-content\/uploads\/2023\/07\/logo_ED.jpg","contentUrl":"https:\/\/www.eldiario.net\/portal\/wp-content\/uploads\/2023\/07\/logo_ED.jpg","width":272,"height":52,"caption":"El Diario - Decano de la prensa nacional"},"image":{"@id":"https:\/\/www.eldiario.net\/portal\/#\/schema\/logo\/image\/"},"sameAs":["https:\/\/www.facebook.com\/eldiario.bolivia\/","https:\/\/x.com\/eldiario_net"]},{"@type":"Person","@id":"https:\/\/www.eldiario.net\/portal\/#\/schema\/person\/cab1ae4db27e5f008a62cbffb05fbfee","name":"luis Camacho","image":{"@type":"ImageObject","inLanguage":"es","@id":"https:\/\/secure.gravatar.com\/avatar\/69ecb836b3826d5a2501bf06ab2a2f2c8ab211cc846758f395df21684cb38313?s=96&d=mm&r=g","url":"https:\/\/secure.gravatar.com\/avatar\/69ecb836b3826d5a2501bf06ab2a2f2c8ab211cc846758f395df21684cb38313?s=96&d=mm&r=g","contentUrl":"https:\/\/secure.gravatar.com\/avatar\/69ecb836b3826d5a2501bf06ab2a2f2c8ab211cc846758f395df21684cb38313?s=96&d=mm&r=g","caption":"luis Camacho"},"url":"https:\/\/www.eldiario.net\/portal\/author\/luis\/"}]}},"_links":{"self":[{"href":"https:\/\/www.eldiario.net\/portal\/wp-json\/wp\/v2\/posts\/229691","targetHints":{"allow":["GET"]}}],"collection":[{"href":"https:\/\/www.eldiario.net\/portal\/wp-json\/wp\/v2\/posts"}],"about":[{"href":"https:\/\/www.eldiario.net\/portal\/wp-json\/wp\/v2\/types\/post"}],"author":[{"embeddable":true,"href":"https:\/\/www.eldiario.net\/portal\/wp-json\/wp\/v2\/users\/2"}],"replies":[{"embeddable":true,"href":"https:\/\/www.eldiario.net\/portal\/wp-json\/wp\/v2\/comments?post=229691"}],"version-history":[{"count":1,"href":"https:\/\/www.eldiario.net\/portal\/wp-json\/wp\/v2\/posts\/229691\/revisions"}],"predecessor-version":[{"id":229693,"href":"https:\/\/www.eldiario.net\/portal\/wp-json\/wp\/v2\/posts\/229691\/revisions\/229693"}],"wp:featuredmedia":[{"embeddable":true,"href":"https:\/\/www.eldiario.net\/portal\/wp-json\/wp\/v2\/media\/229692"}],"wp:attachment":[{"href":"https:\/\/www.eldiario.net\/portal\/wp-json\/wp\/v2\/media?parent=229691"}],"wp:term":[{"taxonomy":"category","embeddable":true,"href":"https:\/\/www.eldiario.net\/portal\/wp-json\/wp\/v2\/categories?post=229691"},{"taxonomy":"post_tag","embeddable":true,"href":"https:\/\/www.eldiario.net\/portal\/wp-json\/wp\/v2\/tags?post=229691"}],"curies":[{"name":"wp","href":"https:\/\/api.w.org\/{rel}","templated":true}]}}