{"id":22969,"date":"2021-08-12T06:12:20","date_gmt":"2021-08-12T10:12:20","guid":{"rendered":"https:\/\/www.eldiario.net\/portal\/?p=22969"},"modified":"2021-08-12T06:12:20","modified_gmt":"2021-08-12T10:12:20","slug":"reportan-32-443-nuevos-casos-y-975-muertes-por-covid-19","status":"publish","type":"post","link":"https:\/\/www.eldiario.net\/portal\/2021\/08\/12\/reportan-32-443-nuevos-casos-y-975-muertes-por-covid-19\/","title":{"rendered":"Reportan 32.443 nuevos casos y 975 muertes por Covid-19"},"content":{"rendered":"<p>S\u00e3o Paulo.- Brasil registr\u00f3 el mi\u00e9rcoles 975 nuevas muertes como consecuencia del Covid-19, lo que eleva el total de v\u00edctimas fatales debido a la enfermedad en el pa\u00eds a 565.748, inform\u00f3 el Ministerio de Salud.<\/p>\n<p>Tambi\u00e9n fueron contabilizados 32.443 nuevos casos de coronavirus, lo que lleva el total de infecciones en el pa\u00eds a 20.245.085, agreg\u00f3 el ministerio.<\/p>\n<p>En t\u00e9rminos absolutos, Brasil es el segundo pa\u00eds con mayor n\u00famero de decesos producto de la enfermedad, detr\u00e1s de Estados Unidos, y el tercero a nivel de casos, por debajo de Estados Unidos e India.<\/p>\n<p>Sin embargo, el pa\u00eds ha registrado una reducci\u00f3n en las cifras relacionadas a la pandemia en las \u00faltimas semanas, a medida que avanza en su campa\u00f1a de vacunaci\u00f3n contra el Covid-19.<\/p>\n<p>En una nota publicada el mi\u00e9rcoles, la Funda\u00e7\u00e3o Oswaldo Cruz (Fiocruz) destac\u00f3 que, por primera vez desde octubre de 2020, Brasil no registr\u00f3 estados con tasas de ocupaci\u00f3n de camas UTI en adultos por Covid-19 para el sistema p\u00fablico (SUS) iguales o superiores a 80%.<\/p>\n<p>Seg\u00fan los investigadores de la instituci\u00f3n, los \u00edndices positivos reflejan la vacunaci\u00f3n. Resaltaron que es fundamental ampliar y acelerar el proceso de inmunizaci\u00f3n, adem\u00e1s del uso de mascarillas y de distanciamiento f\u00edsico, para el mantenimiento y avance de los resultados.<\/p>\n<p>Brasil vacun\u00f3 hasta el momento a 46,6 millones de personas con las dos dosis o con inmunizaci\u00f3n de dosis \u00fanica, lo que equivale al 29,5% de la poblaci\u00f3n adulta, mientras que 108,8 millones de personas (68,8% de la poblaci\u00f3n) recibieron solo la primera dosis, seg\u00fan datos del Ministerio de Salud.<\/p>\n","protected":false},"excerpt":{"rendered":"<p>S\u00e3o Paulo.- Brasil registr\u00f3 el mi\u00e9rcoles 975 nuevas muertes como consecuencia del Covid-19, lo que eleva el total de v\u00edctimas fatales debido a la enfermedad en el pa\u00eds a 565.748, inform\u00f3 el Ministerio de Salud. Tambi\u00e9n fueron contabilizados 32.443 nuevos casos de coronavirus, lo que lleva el total de infecciones en el pa\u00eds a 20.245.085, [&hellip;]<\/p>\n","protected":false},"author":1,"featured_media":22970,"comment_status":"closed","ping_status":"closed","sticky":false,"template":"","format":"standard","meta":{"_acf_changed":false,"footnotes":""},"categories":[3],"tags":[],"class_list":["post-22969","post","type-post","status-publish","format-standard","has-post-thumbnail","category-internacional"],"acf":{"antetitulo":""},"yoast_head":"<!-- This site is optimized with the Yoast SEO plugin v28.3 - https:\/\/yoast.com\/product\/yoast-seo-wordpress\/ -->\n<title>Reportan 32.443 nuevos casos y 975 muertes por Covid-19 - El Diario - Bolivia<\/title>\n<meta name=\"robots\" content=\"index, follow, max-snippet:-1, max-image-preview:large, max-video-preview:-1\" \/>\n<link rel=\"canonical\" href=\"https:\/\/www.eldiario.net\/portal\/2021\/08\/12\/reportan-32-443-nuevos-casos-y-975-muertes-por-covid-19\/\" \/>\n<meta property=\"og:locale\" content=\"es_ES\" \/>\n<meta property=\"og:type\" content=\"article\" \/>\n<meta property=\"og:title\" content=\"Reportan 32.443 nuevos casos y 975 muertes por Covid-19 - El Diario - Bolivia\" \/>\n<meta property=\"og:description\" content=\"S\u00e3o Paulo.- Brasil registr\u00f3 el mi\u00e9rcoles 975 nuevas muertes como consecuencia del Covid-19, lo que eleva el total de v\u00edctimas fatales debido a la enfermedad en el pa\u00eds a 565.748, inform\u00f3 el Ministerio de Salud. Tambi\u00e9n fueron contabilizados 32.443 nuevos casos de coronavirus, lo que lleva el total de infecciones en el pa\u00eds a 20.245.085, [&hellip;]\" \/>\n<meta property=\"og:url\" content=\"https:\/\/www.eldiario.net\/portal\/2021\/08\/12\/reportan-32-443-nuevos-casos-y-975-muertes-por-covid-19\/\" \/>\n<meta property=\"og:site_name\" content=\"El Diario - Bolivia\" \/>\n<meta property=\"article:publisher\" content=\"https:\/\/www.facebook.com\/eldiario.bolivia\/\" \/>\n<meta property=\"article:published_time\" content=\"2021-08-12T10:12:20+00:00\" \/>\n<meta property=\"og:image\" content=\"https:\/\/www.eldiario.net\/portal\/wp-content\/uploads\/2021\/08\/INTE-Reportan-32.443-nuevos-casos.jpg\" \/>\n\t<meta property=\"og:image:width\" content=\"800\" \/>\n\t<meta property=\"og:image:height\" content=\"532\" \/>\n\t<meta property=\"og:image:type\" content=\"image\/jpeg\" \/>\n<meta name=\"author\" content=\"Jeanette\" \/>\n<meta name=\"twitter:card\" content=\"summary_large_image\" \/>\n<meta name=\"twitter:creator\" content=\"@eldiario_net\" \/>\n<meta name=\"twitter:site\" content=\"@eldiario_net\" \/>\n<meta name=\"twitter:label1\" content=\"Escrito por\" \/>\n\t<meta name=\"twitter:data1\" content=\"Jeanette\" \/>\n\t<meta name=\"twitter:label2\" content=\"Tiempo de lectura\" \/>\n\t<meta name=\"twitter:data2\" content=\"2 minutos\" \/>\n<script type=\"application\/ld+json\" class=\"yoast-schema-graph\">{\"@context\":\"https:\\\/\\\/schema.org\",\"@graph\":[{\"@type\":\"Article\",\"@id\":\"https:\\\/\\\/www.eldiario.net\\\/portal\\\/2021\\\/08\\\/12\\\/reportan-32-443-nuevos-casos-y-975-muertes-por-covid-19\\\/#article\",\"isPartOf\":{\"@id\":\"https:\\\/\\\/www.eldiario.net\\\/portal\\\/2021\\\/08\\\/12\\\/reportan-32-443-nuevos-casos-y-975-muertes-por-covid-19\\\/\"},\"author\":{\"name\":\"Jeanette\",\"@id\":\"https:\\\/\\\/www.eldiario.net\\\/portal\\\/#\\\/schema\\\/person\\\/f46445640444750d7d753ccd04ae01b7\"},\"headline\":\"Reportan 32.443 nuevos casos y 975 muertes por Covid-19\",\"datePublished\":\"2021-08-12T10:12:20+00:00\",\"mainEntityOfPage\":{\"@id\":\"https:\\\/\\\/www.eldiario.net\\\/portal\\\/2021\\\/08\\\/12\\\/reportan-32-443-nuevos-casos-y-975-muertes-por-covid-19\\\/\"},\"wordCount\":285,\"publisher\":{\"@id\":\"https:\\\/\\\/www.eldiario.net\\\/portal\\\/#organization\"},\"image\":{\"@id\":\"https:\\\/\\\/www.eldiario.net\\\/portal\\\/2021\\\/08\\\/12\\\/reportan-32-443-nuevos-casos-y-975-muertes-por-covid-19\\\/#primaryimage\"},\"thumbnailUrl\":\"https:\\\/\\\/www.eldiario.net\\\/portal\\\/wp-content\\\/uploads\\\/2021\\\/08\\\/INTE-Reportan-32.443-nuevos-casos.jpg\",\"articleSection\":[\"Internacional\"],\"inLanguage\":\"es\"},{\"@type\":\"WebPage\",\"@id\":\"https:\\\/\\\/www.eldiario.net\\\/portal\\\/2021\\\/08\\\/12\\\/reportan-32-443-nuevos-casos-y-975-muertes-por-covid-19\\\/\",\"url\":\"https:\\\/\\\/www.eldiario.net\\\/portal\\\/2021\\\/08\\\/12\\\/reportan-32-443-nuevos-casos-y-975-muertes-por-covid-19\\\/\",\"name\":\"Reportan 32.443 nuevos casos y 975 muertes por Covid-19 - El Diario - Bolivia\",\"isPartOf\":{\"@id\":\"https:\\\/\\\/www.eldiario.net\\\/portal\\\/#website\"},\"primaryImageOfPage\":{\"@id\":\"https:\\\/\\\/www.eldiario.net\\\/portal\\\/2021\\\/08\\\/12\\\/reportan-32-443-nuevos-casos-y-975-muertes-por-covid-19\\\/#primaryimage\"},\"image\":{\"@id\":\"https:\\\/\\\/www.eldiario.net\\\/portal\\\/2021\\\/08\\\/12\\\/reportan-32-443-nuevos-casos-y-975-muertes-por-covid-19\\\/#primaryimage\"},\"thumbnailUrl\":\"https:\\\/\\\/www.eldiario.net\\\/portal\\\/wp-content\\\/uploads\\\/2021\\\/08\\\/INTE-Reportan-32.443-nuevos-casos.jpg\",\"datePublished\":\"2021-08-12T10:12:20+00:00\",\"breadcrumb\":{\"@id\":\"https:\\\/\\\/www.eldiario.net\\\/portal\\\/2021\\\/08\\\/12\\\/reportan-32-443-nuevos-casos-y-975-muertes-por-covid-19\\\/#breadcrumb\"},\"inLanguage\":\"es\",\"potentialAction\":[{\"@type\":\"ReadAction\",\"target\":[\"https:\\\/\\\/www.eldiario.net\\\/portal\\\/2021\\\/08\\\/12\\\/reportan-32-443-nuevos-casos-y-975-muertes-por-covid-19\\\/\"]}]},{\"@type\":\"ImageObject\",\"inLanguage\":\"es\",\"@id\":\"https:\\\/\\\/www.eldiario.net\\\/portal\\\/2021\\\/08\\\/12\\\/reportan-32-443-nuevos-casos-y-975-muertes-por-covid-19\\\/#primaryimage\",\"url\":\"https:\\\/\\\/www.eldiario.net\\\/portal\\\/wp-content\\\/uploads\\\/2021\\\/08\\\/INTE-Reportan-32.443-nuevos-casos.jpg\",\"contentUrl\":\"https:\\\/\\\/www.eldiario.net\\\/portal\\\/wp-content\\\/uploads\\\/2021\\\/08\\\/INTE-Reportan-32.443-nuevos-casos.jpg\",\"width\":800,\"height\":532,\"caption\":\"IMAGEN DE ARCHIVO DE UN HOMBRE RECIBE SU VACUNA CONTRA EL COVID-19 EN UN BUS CONVERTIDO EN UN CENTRO DE VACUNACI\u00d3N M\u00d3VIL EN OURO BRANCO, EN ESTADO DE MINAS GERAIS, BRASIL. REUTERS\"},{\"@type\":\"BreadcrumbList\",\"@id\":\"https:\\\/\\\/www.eldiario.net\\\/portal\\\/2021\\\/08\\\/12\\\/reportan-32-443-nuevos-casos-y-975-muertes-por-covid-19\\\/#breadcrumb\",\"itemListElement\":[{\"@type\":\"ListItem\",\"position\":1,\"name\":\"Portada\",\"item\":\"https:\\\/\\\/www.eldiario.net\\\/portal\\\/\"},{\"@type\":\"ListItem\",\"position\":2,\"name\":\"Reportan 32.443 nuevos casos y 975 muertes por Covid-19\"}]},{\"@type\":\"WebSite\",\"@id\":\"https:\\\/\\\/www.eldiario.net\\\/portal\\\/#website\",\"url\":\"https:\\\/\\\/www.eldiario.net\\\/portal\\\/\",\"name\":\"El Diario - Decano de la prensa nacional\",\"description\":\"El Diario - Decano de la prensa nacional\",\"publisher\":{\"@id\":\"https:\\\/\\\/www.eldiario.net\\\/portal\\\/#organization\"},\"potentialAction\":[{\"@type\":\"SearchAction\",\"target\":{\"@type\":\"EntryPoint\",\"urlTemplate\":\"https:\\\/\\\/www.eldiario.net\\\/portal\\\/?s={search_term_string}\"},\"query-input\":{\"@type\":\"PropertyValueSpecification\",\"valueRequired\":true,\"valueName\":\"search_term_string\"}}],\"inLanguage\":\"es\"},{\"@type\":\"Organization\",\"@id\":\"https:\\\/\\\/www.eldiario.net\\\/portal\\\/#organization\",\"name\":\"El Diario - Decano de la prensa nacional\",\"url\":\"https:\\\/\\\/www.eldiario.net\\\/portal\\\/\",\"logo\":{\"@type\":\"ImageObject\",\"inLanguage\":\"es\",\"@id\":\"https:\\\/\\\/www.eldiario.net\\\/portal\\\/#\\\/schema\\\/logo\\\/image\\\/\",\"url\":\"https:\\\/\\\/www.eldiario.net\\\/portal\\\/wp-content\\\/uploads\\\/2023\\\/07\\\/logo_ED.jpg\",\"contentUrl\":\"https:\\\/\\\/www.eldiario.net\\\/portal\\\/wp-content\\\/uploads\\\/2023\\\/07\\\/logo_ED.jpg\",\"width\":272,\"height\":52,\"caption\":\"El Diario - Decano de la prensa nacional\"},\"image\":{\"@id\":\"https:\\\/\\\/www.eldiario.net\\\/portal\\\/#\\\/schema\\\/logo\\\/image\\\/\"},\"sameAs\":[\"https:\\\/\\\/www.facebook.com\\\/eldiario.bolivia\\\/\",\"https:\\\/\\\/x.com\\\/eldiario_net\"]},{\"@type\":\"Person\",\"@id\":\"https:\\\/\\\/www.eldiario.net\\\/portal\\\/#\\\/schema\\\/person\\\/f46445640444750d7d753ccd04ae01b7\",\"name\":\"Jeanette\",\"image\":{\"@type\":\"ImageObject\",\"inLanguage\":\"es\",\"@id\":\"https:\\\/\\\/secure.gravatar.com\\\/avatar\\\/3ea2118a5f7dad2b7138b1187a6b7ee55f160b9968b66013c3a3ef39dd7e5798?s=96&d=mm&r=g\",\"url\":\"https:\\\/\\\/secure.gravatar.com\\\/avatar\\\/3ea2118a5f7dad2b7138b1187a6b7ee55f160b9968b66013c3a3ef39dd7e5798?s=96&d=mm&r=g\",\"contentUrl\":\"https:\\\/\\\/secure.gravatar.com\\\/avatar\\\/3ea2118a5f7dad2b7138b1187a6b7ee55f160b9968b66013c3a3ef39dd7e5798?s=96&d=mm&r=g\",\"caption\":\"Jeanette\"},\"sameAs\":[\"https:\\\/\\\/www.eldiario.net\\\/portal\"],\"url\":\"https:\\\/\\\/www.eldiario.net\\\/portal\\\/author\\\/jeanette\\\/\"}]}<\/script>\n<!-- \/ Yoast SEO plugin. -->","yoast_head_json":{"title":"Reportan 32.443 nuevos casos y 975 muertes por Covid-19 - El Diario - Bolivia","robots":{"index":"index","follow":"follow","max-snippet":"max-snippet:-1","max-image-preview":"max-image-preview:large","max-video-preview":"max-video-preview:-1"},"canonical":"https:\/\/www.eldiario.net\/portal\/2021\/08\/12\/reportan-32-443-nuevos-casos-y-975-muertes-por-covid-19\/","og_locale":"es_ES","og_type":"article","og_title":"Reportan 32.443 nuevos casos y 975 muertes por Covid-19 - El Diario - Bolivia","og_description":"S\u00e3o Paulo.- Brasil registr\u00f3 el mi\u00e9rcoles 975 nuevas muertes como consecuencia del Covid-19, lo que eleva el total de v\u00edctimas fatales debido a la enfermedad en el pa\u00eds a 565.748, inform\u00f3 el Ministerio de Salud. Tambi\u00e9n fueron contabilizados 32.443 nuevos casos de coronavirus, lo que lleva el total de infecciones en el pa\u00eds a 20.245.085, [&hellip;]","og_url":"https:\/\/www.eldiario.net\/portal\/2021\/08\/12\/reportan-32-443-nuevos-casos-y-975-muertes-por-covid-19\/","og_site_name":"El Diario - Bolivia","article_publisher":"https:\/\/www.facebook.com\/eldiario.bolivia\/","article_published_time":"2021-08-12T10:12:20+00:00","og_image":[{"width":800,"height":532,"url":"https:\/\/www.eldiario.net\/portal\/wp-content\/uploads\/2021\/08\/INTE-Reportan-32.443-nuevos-casos.jpg","type":"image\/jpeg"}],"author":"Jeanette","twitter_card":"summary_large_image","twitter_creator":"@eldiario_net","twitter_site":"@eldiario_net","twitter_misc":{"Escrito por":"Jeanette","Tiempo de lectura":"2 minutos"},"schema":{"@context":"https:\/\/schema.org","@graph":[{"@type":"Article","@id":"https:\/\/www.eldiario.net\/portal\/2021\/08\/12\/reportan-32-443-nuevos-casos-y-975-muertes-por-covid-19\/#article","isPartOf":{"@id":"https:\/\/www.eldiario.net\/portal\/2021\/08\/12\/reportan-32-443-nuevos-casos-y-975-muertes-por-covid-19\/"},"author":{"name":"Jeanette","@id":"https:\/\/www.eldiario.net\/portal\/#\/schema\/person\/f46445640444750d7d753ccd04ae01b7"},"headline":"Reportan 32.443 nuevos casos y 975 muertes por Covid-19","datePublished":"2021-08-12T10:12:20+00:00","mainEntityOfPage":{"@id":"https:\/\/www.eldiario.net\/portal\/2021\/08\/12\/reportan-32-443-nuevos-casos-y-975-muertes-por-covid-19\/"},"wordCount":285,"publisher":{"@id":"https:\/\/www.eldiario.net\/portal\/#organization"},"image":{"@id":"https:\/\/www.eldiario.net\/portal\/2021\/08\/12\/reportan-32-443-nuevos-casos-y-975-muertes-por-covid-19\/#primaryimage"},"thumbnailUrl":"https:\/\/www.eldiario.net\/portal\/wp-content\/uploads\/2021\/08\/INTE-Reportan-32.443-nuevos-casos.jpg","articleSection":["Internacional"],"inLanguage":"es"},{"@type":"WebPage","@id":"https:\/\/www.eldiario.net\/portal\/2021\/08\/12\/reportan-32-443-nuevos-casos-y-975-muertes-por-covid-19\/","url":"https:\/\/www.eldiario.net\/portal\/2021\/08\/12\/reportan-32-443-nuevos-casos-y-975-muertes-por-covid-19\/","name":"Reportan 32.443 nuevos casos y 975 muertes por Covid-19 - El Diario - Bolivia","isPartOf":{"@id":"https:\/\/www.eldiario.net\/portal\/#website"},"primaryImageOfPage":{"@id":"https:\/\/www.eldiario.net\/portal\/2021\/08\/12\/reportan-32-443-nuevos-casos-y-975-muertes-por-covid-19\/#primaryimage"},"image":{"@id":"https:\/\/www.eldiario.net\/portal\/2021\/08\/12\/reportan-32-443-nuevos-casos-y-975-muertes-por-covid-19\/#primaryimage"},"thumbnailUrl":"https:\/\/www.eldiario.net\/portal\/wp-content\/uploads\/2021\/08\/INTE-Reportan-32.443-nuevos-casos.jpg","datePublished":"2021-08-12T10:12:20+00:00","breadcrumb":{"@id":"https:\/\/www.eldiario.net\/portal\/2021\/08\/12\/reportan-32-443-nuevos-casos-y-975-muertes-por-covid-19\/#breadcrumb"},"inLanguage":"es","potentialAction":[{"@type":"ReadAction","target":["https:\/\/www.eldiario.net\/portal\/2021\/08\/12\/reportan-32-443-nuevos-casos-y-975-muertes-por-covid-19\/"]}]},{"@type":"ImageObject","inLanguage":"es","@id":"https:\/\/www.eldiario.net\/portal\/2021\/08\/12\/reportan-32-443-nuevos-casos-y-975-muertes-por-covid-19\/#primaryimage","url":"https:\/\/www.eldiario.net\/portal\/wp-content\/uploads\/2021\/08\/INTE-Reportan-32.443-nuevos-casos.jpg","contentUrl":"https:\/\/www.eldiario.net\/portal\/wp-content\/uploads\/2021\/08\/INTE-Reportan-32.443-nuevos-casos.jpg","width":800,"height":532,"caption":"IMAGEN DE ARCHIVO DE UN HOMBRE RECIBE SU VACUNA CONTRA EL COVID-19 EN UN BUS CONVERTIDO EN UN CENTRO DE VACUNACI\u00d3N M\u00d3VIL EN OURO BRANCO, EN ESTADO DE MINAS GERAIS, BRASIL. REUTERS"},{"@type":"BreadcrumbList","@id":"https:\/\/www.eldiario.net\/portal\/2021\/08\/12\/reportan-32-443-nuevos-casos-y-975-muertes-por-covid-19\/#breadcrumb","itemListElement":[{"@type":"ListItem","position":1,"name":"Portada","item":"https:\/\/www.eldiario.net\/portal\/"},{"@type":"ListItem","position":2,"name":"Reportan 32.443 nuevos casos y 975 muertes por Covid-19"}]},{"@type":"WebSite","@id":"https:\/\/www.eldiario.net\/portal\/#website","url":"https:\/\/www.eldiario.net\/portal\/","name":"El Diario - Decano de la prensa nacional","description":"El Diario - Decano de la prensa nacional","publisher":{"@id":"https:\/\/www.eldiario.net\/portal\/#organization"},"potentialAction":[{"@type":"SearchAction","target":{"@type":"EntryPoint","urlTemplate":"https:\/\/www.eldiario.net\/portal\/?s={search_term_string}"},"query-input":{"@type":"PropertyValueSpecification","valueRequired":true,"valueName":"search_term_string"}}],"inLanguage":"es"},{"@type":"Organization","@id":"https:\/\/www.eldiario.net\/portal\/#organization","name":"El Diario - Decano de la prensa nacional","url":"https:\/\/www.eldiario.net\/portal\/","logo":{"@type":"ImageObject","inLanguage":"es","@id":"https:\/\/www.eldiario.net\/portal\/#\/schema\/logo\/image\/","url":"https:\/\/www.eldiario.net\/portal\/wp-content\/uploads\/2023\/07\/logo_ED.jpg","contentUrl":"https:\/\/www.eldiario.net\/portal\/wp-content\/uploads\/2023\/07\/logo_ED.jpg","width":272,"height":52,"caption":"El Diario - Decano de la prensa nacional"},"image":{"@id":"https:\/\/www.eldiario.net\/portal\/#\/schema\/logo\/image\/"},"sameAs":["https:\/\/www.facebook.com\/eldiario.bolivia\/","https:\/\/x.com\/eldiario_net"]},{"@type":"Person","@id":"https:\/\/www.eldiario.net\/portal\/#\/schema\/person\/f46445640444750d7d753ccd04ae01b7","name":"Jeanette","image":{"@type":"ImageObject","inLanguage":"es","@id":"https:\/\/secure.gravatar.com\/avatar\/3ea2118a5f7dad2b7138b1187a6b7ee55f160b9968b66013c3a3ef39dd7e5798?s=96&d=mm&r=g","url":"https:\/\/secure.gravatar.com\/avatar\/3ea2118a5f7dad2b7138b1187a6b7ee55f160b9968b66013c3a3ef39dd7e5798?s=96&d=mm&r=g","contentUrl":"https:\/\/secure.gravatar.com\/avatar\/3ea2118a5f7dad2b7138b1187a6b7ee55f160b9968b66013c3a3ef39dd7e5798?s=96&d=mm&r=g","caption":"Jeanette"},"sameAs":["https:\/\/www.eldiario.net\/portal"],"url":"https:\/\/www.eldiario.net\/portal\/author\/jeanette\/"}]}},"_links":{"self":[{"href":"https:\/\/www.eldiario.net\/portal\/wp-json\/wp\/v2\/posts\/22969","targetHints":{"allow":["GET"]}}],"collection":[{"href":"https:\/\/www.eldiario.net\/portal\/wp-json\/wp\/v2\/posts"}],"about":[{"href":"https:\/\/www.eldiario.net\/portal\/wp-json\/wp\/v2\/types\/post"}],"author":[{"embeddable":true,"href":"https:\/\/www.eldiario.net\/portal\/wp-json\/wp\/v2\/users\/1"}],"replies":[{"embeddable":true,"href":"https:\/\/www.eldiario.net\/portal\/wp-json\/wp\/v2\/comments?post=22969"}],"version-history":[{"count":0,"href":"https:\/\/www.eldiario.net\/portal\/wp-json\/wp\/v2\/posts\/22969\/revisions"}],"wp:featuredmedia":[{"embeddable":true,"href":"https:\/\/www.eldiario.net\/portal\/wp-json\/wp\/v2\/media\/22970"}],"wp:attachment":[{"href":"https:\/\/www.eldiario.net\/portal\/wp-json\/wp\/v2\/media?parent=22969"}],"wp:term":[{"taxonomy":"category","embeddable":true,"href":"https:\/\/www.eldiario.net\/portal\/wp-json\/wp\/v2\/categories?post=22969"},{"taxonomy":"post_tag","embeddable":true,"href":"https:\/\/www.eldiario.net\/portal\/wp-json\/wp\/v2\/tags?post=22969"}],"curies":[{"name":"wp","href":"https:\/\/api.w.org\/{rel}","templated":true}]}}