{"id":22966,"date":"2021-08-12T06:11:16","date_gmt":"2021-08-12T10:11:16","guid":{"rendered":"https:\/\/www.eldiario.net\/portal\/?p=22966"},"modified":"2021-08-12T06:11:16","modified_gmt":"2021-08-12T10:11:16","slug":"mesa-pide-explicar-uso-de-aeronave-estatal-para-transportar-a-morales","status":"publish","type":"post","link":"https:\/\/www.eldiario.net\/portal\/2021\/08\/12\/mesa-pide-explicar-uso-de-aeronave-estatal-para-transportar-a-morales\/","title":{"rendered":"Mesa pide explicar uso de aeronave  estatal para transportar a Morales"},"content":{"rendered":"<p>El expresidente y l\u00edder de oposici\u00f3n, Carlos Mesa Gisbert, calific\u00f3 como una flagrante violaci\u00f3n a la Constituci\u00f3n Pol\u00edtica del Estado (CPE) el haber permitido que Evo Morales use una aeronave de propiedad del Estado, como medio de transporte personal, por lo que exigi\u00f3 que el Gobierno nacional y la Fuerza A\u00e9rea Boliviana (FAB) expliquen esta situaci\u00f3n.<\/p>\n<p>Mediante su cuenta de Twitter, el exmandatario cuestion\u00f3 el uso irregular de bienes del Estado, tras las denuncias que se\u00f1alan que el ex presidente Evo Morales fue transportado en una aeronave de propiedad del estado boliviano para realizar actividades de car\u00e1cter personal.<\/p>\n<p>Sostuvo que esta acci\u00f3n va en contra de la Constituci\u00f3n Pol\u00edtica del Estado, por lo que es necesario que autoridades nacionales y comandantes de la Fuerza A\u00e9rea Boliviana salgan a dar explicaciones sobre estas irregularidades.<\/p>\n<p>\u201cEl uso de un avi\u00f3n del Estado para fines personales de Evo Morales est\u00e1 prohibido por la CPE. Exigimos una respuesta inmediata de la FAB y sobre todo del Gobierno, ante esta flagrante violaci\u00f3n de la Ley\u201d manifest\u00f3 Mesa desde sus redes sociales.<\/p>\n<p>Esta semana, legisladores de la agrupaci\u00f3n Comunidad Ciudadana, denunciaron que la aeronave con registro FAB-050, que est\u00e1 destinada a prestar el servicio de ambulancia a\u00e9rea en el departamento del Beni, fue utilizada como transporte privado del presidente Morales.<\/p>\n<p>\u201cSorprendentemente nos encontramos, en d\u00edas pasados, que el expresidente Morales y dos parlamentarios est\u00e1n realizando vuelos en un bimotor. Por fotograf\u00edas que nos han hecho llegar y que circulan en redes sociales, se presume que se trata del bimotor FAB-050 que fue entregado como avioneta ambulancia al departamento del Beni. Nos asombra mucho la arbitrariedad y el uso de bienes del Estado\u201d, manifest\u00f3 la diputada Priscila Dantes.<\/p>\n<p>Desde el oficialismo, el diputado H\u00e9ctor Arce, intent\u00f3 justificar esta arbitrariedad, se\u00f1alando que el alquiler del avi\u00f3n referido tuvo un costo de Bs 10.500, y que los recursos fueron costeados por autoridades electas del partido oficialista.<\/p>\n<p>\u201cSe ha pagado, eso est\u00e1 demostrado con factura. Ellos hacen este servicio cuando hay requerimiento, por tanto, no es un viaje pol\u00edtico, no es un uso de bienes del Estado, se ha cumplido un taller hemos retornado y se ha cumplido la misi\u00f3n\u201d, indic\u00f3 el parlamentario.<\/p>\n<p>&nbsp;<\/p>\n","protected":false},"excerpt":{"rendered":"<p>El expresidente y l\u00edder de oposici\u00f3n, Carlos Mesa Gisbert, calific\u00f3 como una flagrante violaci\u00f3n a la Constituci\u00f3n Pol\u00edtica del Estado (CPE) el haber permitido que Evo Morales use una aeronave de propiedad del Estado, como medio de transporte personal, por lo que exigi\u00f3 que el Gobierno nacional y la Fuerza A\u00e9rea Boliviana (FAB) expliquen esta [&hellip;]<\/p>\n","protected":false},"author":1,"featured_media":22967,"comment_status":"closed","ping_status":"closed","sticky":false,"template":"","format":"standard","meta":{"_acf_changed":false,"footnotes":""},"categories":[14],"tags":[],"class_list":["post-22966","post","type-post","status-publish","format-standard","has-post-thumbnail","category-politica"],"acf":{"antetitulo":""},"yoast_head":"<!-- This site is optimized with the Yoast SEO plugin v28.3 - https:\/\/yoast.com\/product\/yoast-seo-wordpress\/ -->\n<title>Mesa pide explicar uso de aeronave estatal para transportar a Morales - El Diario - Bolivia<\/title>\n<meta name=\"robots\" content=\"index, follow, max-snippet:-1, max-image-preview:large, max-video-preview:-1\" \/>\n<link rel=\"canonical\" href=\"https:\/\/www.eldiario.net\/portal\/2021\/08\/12\/mesa-pide-explicar-uso-de-aeronave-estatal-para-transportar-a-morales\/\" \/>\n<meta property=\"og:locale\" content=\"es_ES\" \/>\n<meta property=\"og:type\" content=\"article\" \/>\n<meta property=\"og:title\" content=\"Mesa pide explicar uso de aeronave estatal para transportar a Morales - El Diario - Bolivia\" \/>\n<meta property=\"og:description\" content=\"El expresidente y l\u00edder de oposici\u00f3n, Carlos Mesa Gisbert, calific\u00f3 como una flagrante violaci\u00f3n a la Constituci\u00f3n Pol\u00edtica del Estado (CPE) el haber permitido que Evo Morales use una aeronave de propiedad del Estado, como medio de transporte personal, por lo que exigi\u00f3 que el Gobierno nacional y la Fuerza A\u00e9rea Boliviana (FAB) expliquen esta [&hellip;]\" \/>\n<meta property=\"og:url\" content=\"https:\/\/www.eldiario.net\/portal\/2021\/08\/12\/mesa-pide-explicar-uso-de-aeronave-estatal-para-transportar-a-morales\/\" \/>\n<meta property=\"og:site_name\" content=\"El Diario - Bolivia\" \/>\n<meta property=\"article:publisher\" content=\"https:\/\/www.facebook.com\/eldiario.bolivia\/\" \/>\n<meta property=\"article:published_time\" content=\"2021-08-12T10:11:16+00:00\" \/>\n<meta name=\"author\" content=\"Jeanette\" \/>\n<meta name=\"twitter:card\" content=\"summary_large_image\" \/>\n<meta name=\"twitter:creator\" content=\"@eldiario_net\" \/>\n<meta name=\"twitter:site\" content=\"@eldiario_net\" \/>\n<meta name=\"twitter:label1\" content=\"Escrito por\" \/>\n\t<meta name=\"twitter:data1\" content=\"Jeanette\" \/>\n\t<meta name=\"twitter:label2\" content=\"Tiempo de lectura\" \/>\n\t<meta name=\"twitter:data2\" content=\"2 minutos\" \/>\n<script type=\"application\/ld+json\" class=\"yoast-schema-graph\">{\"@context\":\"https:\\\/\\\/schema.org\",\"@graph\":[{\"@type\":\"Article\",\"@id\":\"https:\\\/\\\/www.eldiario.net\\\/portal\\\/2021\\\/08\\\/12\\\/mesa-pide-explicar-uso-de-aeronave-estatal-para-transportar-a-morales\\\/#article\",\"isPartOf\":{\"@id\":\"https:\\\/\\\/www.eldiario.net\\\/portal\\\/2021\\\/08\\\/12\\\/mesa-pide-explicar-uso-de-aeronave-estatal-para-transportar-a-morales\\\/\"},\"author\":{\"name\":\"Jeanette\",\"@id\":\"https:\\\/\\\/www.eldiario.net\\\/portal\\\/#\\\/schema\\\/person\\\/f46445640444750d7d753ccd04ae01b7\"},\"headline\":\"Mesa pide explicar uso de aeronave estatal para transportar a Morales\",\"datePublished\":\"2021-08-12T10:11:16+00:00\",\"mainEntityOfPage\":{\"@id\":\"https:\\\/\\\/www.eldiario.net\\\/portal\\\/2021\\\/08\\\/12\\\/mesa-pide-explicar-uso-de-aeronave-estatal-para-transportar-a-morales\\\/\"},\"wordCount\":399,\"publisher\":{\"@id\":\"https:\\\/\\\/www.eldiario.net\\\/portal\\\/#organization\"},\"image\":{\"@id\":\"https:\\\/\\\/www.eldiario.net\\\/portal\\\/2021\\\/08\\\/12\\\/mesa-pide-explicar-uso-de-aeronave-estatal-para-transportar-a-morales\\\/#primaryimage\"},\"thumbnailUrl\":\"\",\"articleSection\":[\"Pol\u00edtica\"],\"inLanguage\":\"es\"},{\"@type\":\"WebPage\",\"@id\":\"https:\\\/\\\/www.eldiario.net\\\/portal\\\/2021\\\/08\\\/12\\\/mesa-pide-explicar-uso-de-aeronave-estatal-para-transportar-a-morales\\\/\",\"url\":\"https:\\\/\\\/www.eldiario.net\\\/portal\\\/2021\\\/08\\\/12\\\/mesa-pide-explicar-uso-de-aeronave-estatal-para-transportar-a-morales\\\/\",\"name\":\"Mesa pide explicar uso de aeronave estatal para transportar a Morales - El Diario - Bolivia\",\"isPartOf\":{\"@id\":\"https:\\\/\\\/www.eldiario.net\\\/portal\\\/#website\"},\"primaryImageOfPage\":{\"@id\":\"https:\\\/\\\/www.eldiario.net\\\/portal\\\/2021\\\/08\\\/12\\\/mesa-pide-explicar-uso-de-aeronave-estatal-para-transportar-a-morales\\\/#primaryimage\"},\"image\":{\"@id\":\"https:\\\/\\\/www.eldiario.net\\\/portal\\\/2021\\\/08\\\/12\\\/mesa-pide-explicar-uso-de-aeronave-estatal-para-transportar-a-morales\\\/#primaryimage\"},\"thumbnailUrl\":\"\",\"datePublished\":\"2021-08-12T10:11:16+00:00\",\"breadcrumb\":{\"@id\":\"https:\\\/\\\/www.eldiario.net\\\/portal\\\/2021\\\/08\\\/12\\\/mesa-pide-explicar-uso-de-aeronave-estatal-para-transportar-a-morales\\\/#breadcrumb\"},\"inLanguage\":\"es\",\"potentialAction\":[{\"@type\":\"ReadAction\",\"target\":[\"https:\\\/\\\/www.eldiario.net\\\/portal\\\/2021\\\/08\\\/12\\\/mesa-pide-explicar-uso-de-aeronave-estatal-para-transportar-a-morales\\\/\"]}]},{\"@type\":\"ImageObject\",\"inLanguage\":\"es\",\"@id\":\"https:\\\/\\\/www.eldiario.net\\\/portal\\\/2021\\\/08\\\/12\\\/mesa-pide-explicar-uso-de-aeronave-estatal-para-transportar-a-morales\\\/#primaryimage\",\"url\":\"\",\"contentUrl\":\"\"},{\"@type\":\"BreadcrumbList\",\"@id\":\"https:\\\/\\\/www.eldiario.net\\\/portal\\\/2021\\\/08\\\/12\\\/mesa-pide-explicar-uso-de-aeronave-estatal-para-transportar-a-morales\\\/#breadcrumb\",\"itemListElement\":[{\"@type\":\"ListItem\",\"position\":1,\"name\":\"Portada\",\"item\":\"https:\\\/\\\/www.eldiario.net\\\/portal\\\/\"},{\"@type\":\"ListItem\",\"position\":2,\"name\":\"Mesa pide explicar uso de aeronave estatal para transportar a Morales\"}]},{\"@type\":\"WebSite\",\"@id\":\"https:\\\/\\\/www.eldiario.net\\\/portal\\\/#website\",\"url\":\"https:\\\/\\\/www.eldiario.net\\\/portal\\\/\",\"name\":\"El Diario - Decano de la prensa nacional\",\"description\":\"El Diario - Decano de la prensa nacional\",\"publisher\":{\"@id\":\"https:\\\/\\\/www.eldiario.net\\\/portal\\\/#organization\"},\"potentialAction\":[{\"@type\":\"SearchAction\",\"target\":{\"@type\":\"EntryPoint\",\"urlTemplate\":\"https:\\\/\\\/www.eldiario.net\\\/portal\\\/?s={search_term_string}\"},\"query-input\":{\"@type\":\"PropertyValueSpecification\",\"valueRequired\":true,\"valueName\":\"search_term_string\"}}],\"inLanguage\":\"es\"},{\"@type\":\"Organization\",\"@id\":\"https:\\\/\\\/www.eldiario.net\\\/portal\\\/#organization\",\"name\":\"El Diario - Decano de la prensa nacional\",\"url\":\"https:\\\/\\\/www.eldiario.net\\\/portal\\\/\",\"logo\":{\"@type\":\"ImageObject\",\"inLanguage\":\"es\",\"@id\":\"https:\\\/\\\/www.eldiario.net\\\/portal\\\/#\\\/schema\\\/logo\\\/image\\\/\",\"url\":\"https:\\\/\\\/www.eldiario.net\\\/portal\\\/wp-content\\\/uploads\\\/2023\\\/07\\\/logo_ED.jpg\",\"contentUrl\":\"https:\\\/\\\/www.eldiario.net\\\/portal\\\/wp-content\\\/uploads\\\/2023\\\/07\\\/logo_ED.jpg\",\"width\":272,\"height\":52,\"caption\":\"El Diario - Decano de la prensa nacional\"},\"image\":{\"@id\":\"https:\\\/\\\/www.eldiario.net\\\/portal\\\/#\\\/schema\\\/logo\\\/image\\\/\"},\"sameAs\":[\"https:\\\/\\\/www.facebook.com\\\/eldiario.bolivia\\\/\",\"https:\\\/\\\/x.com\\\/eldiario_net\"]},{\"@type\":\"Person\",\"@id\":\"https:\\\/\\\/www.eldiario.net\\\/portal\\\/#\\\/schema\\\/person\\\/f46445640444750d7d753ccd04ae01b7\",\"name\":\"Jeanette\",\"image\":{\"@type\":\"ImageObject\",\"inLanguage\":\"es\",\"@id\":\"https:\\\/\\\/secure.gravatar.com\\\/avatar\\\/3ea2118a5f7dad2b7138b1187a6b7ee55f160b9968b66013c3a3ef39dd7e5798?s=96&d=mm&r=g\",\"url\":\"https:\\\/\\\/secure.gravatar.com\\\/avatar\\\/3ea2118a5f7dad2b7138b1187a6b7ee55f160b9968b66013c3a3ef39dd7e5798?s=96&d=mm&r=g\",\"contentUrl\":\"https:\\\/\\\/secure.gravatar.com\\\/avatar\\\/3ea2118a5f7dad2b7138b1187a6b7ee55f160b9968b66013c3a3ef39dd7e5798?s=96&d=mm&r=g\",\"caption\":\"Jeanette\"},\"sameAs\":[\"https:\\\/\\\/www.eldiario.net\\\/portal\"],\"url\":\"https:\\\/\\\/www.eldiario.net\\\/portal\\\/author\\\/jeanette\\\/\"}]}<\/script>\n<!-- \/ Yoast SEO plugin. -->","yoast_head_json":{"title":"Mesa pide explicar uso de aeronave estatal para transportar a Morales - El Diario - Bolivia","robots":{"index":"index","follow":"follow","max-snippet":"max-snippet:-1","max-image-preview":"max-image-preview:large","max-video-preview":"max-video-preview:-1"},"canonical":"https:\/\/www.eldiario.net\/portal\/2021\/08\/12\/mesa-pide-explicar-uso-de-aeronave-estatal-para-transportar-a-morales\/","og_locale":"es_ES","og_type":"article","og_title":"Mesa pide explicar uso de aeronave estatal para transportar a Morales - El Diario - Bolivia","og_description":"El expresidente y l\u00edder de oposici\u00f3n, Carlos Mesa Gisbert, calific\u00f3 como una flagrante violaci\u00f3n a la Constituci\u00f3n Pol\u00edtica del Estado (CPE) el haber permitido que Evo Morales use una aeronave de propiedad del Estado, como medio de transporte personal, por lo que exigi\u00f3 que el Gobierno nacional y la Fuerza A\u00e9rea Boliviana (FAB) expliquen esta [&hellip;]","og_url":"https:\/\/www.eldiario.net\/portal\/2021\/08\/12\/mesa-pide-explicar-uso-de-aeronave-estatal-para-transportar-a-morales\/","og_site_name":"El Diario - Bolivia","article_publisher":"https:\/\/www.facebook.com\/eldiario.bolivia\/","article_published_time":"2021-08-12T10:11:16+00:00","author":"Jeanette","twitter_card":"summary_large_image","twitter_creator":"@eldiario_net","twitter_site":"@eldiario_net","twitter_misc":{"Escrito por":"Jeanette","Tiempo de lectura":"2 minutos"},"schema":{"@context":"https:\/\/schema.org","@graph":[{"@type":"Article","@id":"https:\/\/www.eldiario.net\/portal\/2021\/08\/12\/mesa-pide-explicar-uso-de-aeronave-estatal-para-transportar-a-morales\/#article","isPartOf":{"@id":"https:\/\/www.eldiario.net\/portal\/2021\/08\/12\/mesa-pide-explicar-uso-de-aeronave-estatal-para-transportar-a-morales\/"},"author":{"name":"Jeanette","@id":"https:\/\/www.eldiario.net\/portal\/#\/schema\/person\/f46445640444750d7d753ccd04ae01b7"},"headline":"Mesa pide explicar uso de aeronave estatal para transportar a Morales","datePublished":"2021-08-12T10:11:16+00:00","mainEntityOfPage":{"@id":"https:\/\/www.eldiario.net\/portal\/2021\/08\/12\/mesa-pide-explicar-uso-de-aeronave-estatal-para-transportar-a-morales\/"},"wordCount":399,"publisher":{"@id":"https:\/\/www.eldiario.net\/portal\/#organization"},"image":{"@id":"https:\/\/www.eldiario.net\/portal\/2021\/08\/12\/mesa-pide-explicar-uso-de-aeronave-estatal-para-transportar-a-morales\/#primaryimage"},"thumbnailUrl":"","articleSection":["Pol\u00edtica"],"inLanguage":"es"},{"@type":"WebPage","@id":"https:\/\/www.eldiario.net\/portal\/2021\/08\/12\/mesa-pide-explicar-uso-de-aeronave-estatal-para-transportar-a-morales\/","url":"https:\/\/www.eldiario.net\/portal\/2021\/08\/12\/mesa-pide-explicar-uso-de-aeronave-estatal-para-transportar-a-morales\/","name":"Mesa pide explicar uso de aeronave estatal para transportar a Morales - El Diario - Bolivia","isPartOf":{"@id":"https:\/\/www.eldiario.net\/portal\/#website"},"primaryImageOfPage":{"@id":"https:\/\/www.eldiario.net\/portal\/2021\/08\/12\/mesa-pide-explicar-uso-de-aeronave-estatal-para-transportar-a-morales\/#primaryimage"},"image":{"@id":"https:\/\/www.eldiario.net\/portal\/2021\/08\/12\/mesa-pide-explicar-uso-de-aeronave-estatal-para-transportar-a-morales\/#primaryimage"},"thumbnailUrl":"","datePublished":"2021-08-12T10:11:16+00:00","breadcrumb":{"@id":"https:\/\/www.eldiario.net\/portal\/2021\/08\/12\/mesa-pide-explicar-uso-de-aeronave-estatal-para-transportar-a-morales\/#breadcrumb"},"inLanguage":"es","potentialAction":[{"@type":"ReadAction","target":["https:\/\/www.eldiario.net\/portal\/2021\/08\/12\/mesa-pide-explicar-uso-de-aeronave-estatal-para-transportar-a-morales\/"]}]},{"@type":"ImageObject","inLanguage":"es","@id":"https:\/\/www.eldiario.net\/portal\/2021\/08\/12\/mesa-pide-explicar-uso-de-aeronave-estatal-para-transportar-a-morales\/#primaryimage","url":"","contentUrl":""},{"@type":"BreadcrumbList","@id":"https:\/\/www.eldiario.net\/portal\/2021\/08\/12\/mesa-pide-explicar-uso-de-aeronave-estatal-para-transportar-a-morales\/#breadcrumb","itemListElement":[{"@type":"ListItem","position":1,"name":"Portada","item":"https:\/\/www.eldiario.net\/portal\/"},{"@type":"ListItem","position":2,"name":"Mesa pide explicar uso de aeronave estatal para transportar a Morales"}]},{"@type":"WebSite","@id":"https:\/\/www.eldiario.net\/portal\/#website","url":"https:\/\/www.eldiario.net\/portal\/","name":"El Diario - Decano de la prensa nacional","description":"El Diario - Decano de la prensa nacional","publisher":{"@id":"https:\/\/www.eldiario.net\/portal\/#organization"},"potentialAction":[{"@type":"SearchAction","target":{"@type":"EntryPoint","urlTemplate":"https:\/\/www.eldiario.net\/portal\/?s={search_term_string}"},"query-input":{"@type":"PropertyValueSpecification","valueRequired":true,"valueName":"search_term_string"}}],"inLanguage":"es"},{"@type":"Organization","@id":"https:\/\/www.eldiario.net\/portal\/#organization","name":"El Diario - Decano de la prensa nacional","url":"https:\/\/www.eldiario.net\/portal\/","logo":{"@type":"ImageObject","inLanguage":"es","@id":"https:\/\/www.eldiario.net\/portal\/#\/schema\/logo\/image\/","url":"https:\/\/www.eldiario.net\/portal\/wp-content\/uploads\/2023\/07\/logo_ED.jpg","contentUrl":"https:\/\/www.eldiario.net\/portal\/wp-content\/uploads\/2023\/07\/logo_ED.jpg","width":272,"height":52,"caption":"El Diario - Decano de la prensa nacional"},"image":{"@id":"https:\/\/www.eldiario.net\/portal\/#\/schema\/logo\/image\/"},"sameAs":["https:\/\/www.facebook.com\/eldiario.bolivia\/","https:\/\/x.com\/eldiario_net"]},{"@type":"Person","@id":"https:\/\/www.eldiario.net\/portal\/#\/schema\/person\/f46445640444750d7d753ccd04ae01b7","name":"Jeanette","image":{"@type":"ImageObject","inLanguage":"es","@id":"https:\/\/secure.gravatar.com\/avatar\/3ea2118a5f7dad2b7138b1187a6b7ee55f160b9968b66013c3a3ef39dd7e5798?s=96&d=mm&r=g","url":"https:\/\/secure.gravatar.com\/avatar\/3ea2118a5f7dad2b7138b1187a6b7ee55f160b9968b66013c3a3ef39dd7e5798?s=96&d=mm&r=g","contentUrl":"https:\/\/secure.gravatar.com\/avatar\/3ea2118a5f7dad2b7138b1187a6b7ee55f160b9968b66013c3a3ef39dd7e5798?s=96&d=mm&r=g","caption":"Jeanette"},"sameAs":["https:\/\/www.eldiario.net\/portal"],"url":"https:\/\/www.eldiario.net\/portal\/author\/jeanette\/"}]}},"_links":{"self":[{"href":"https:\/\/www.eldiario.net\/portal\/wp-json\/wp\/v2\/posts\/22966","targetHints":{"allow":["GET"]}}],"collection":[{"href":"https:\/\/www.eldiario.net\/portal\/wp-json\/wp\/v2\/posts"}],"about":[{"href":"https:\/\/www.eldiario.net\/portal\/wp-json\/wp\/v2\/types\/post"}],"author":[{"embeddable":true,"href":"https:\/\/www.eldiario.net\/portal\/wp-json\/wp\/v2\/users\/1"}],"replies":[{"embeddable":true,"href":"https:\/\/www.eldiario.net\/portal\/wp-json\/wp\/v2\/comments?post=22966"}],"version-history":[{"count":0,"href":"https:\/\/www.eldiario.net\/portal\/wp-json\/wp\/v2\/posts\/22966\/revisions"}],"wp:attachment":[{"href":"https:\/\/www.eldiario.net\/portal\/wp-json\/wp\/v2\/media?parent=22966"}],"wp:term":[{"taxonomy":"category","embeddable":true,"href":"https:\/\/www.eldiario.net\/portal\/wp-json\/wp\/v2\/categories?post=22966"},{"taxonomy":"post_tag","embeddable":true,"href":"https:\/\/www.eldiario.net\/portal\/wp-json\/wp\/v2\/tags?post=22966"}],"curies":[{"name":"wp","href":"https:\/\/api.w.org\/{rel}","templated":true}]}}