{"id":229657,"date":"2024-06-25T06:30:03","date_gmt":"2024-06-25T10:30:03","guid":{"rendered":"https:\/\/www.eldiario.net\/portal\/?p=229657"},"modified":"2024-06-25T06:30:03","modified_gmt":"2024-06-25T10:30:03","slug":"emergencia-en-estados-unidos-por-altas-temperaturas-e-inundaciones","status":"publish","type":"post","link":"https:\/\/www.eldiario.net\/portal\/2024\/06\/25\/emergencia-en-estados-unidos-por-altas-temperaturas-e-inundaciones\/","title":{"rendered":"Emergencia en Estados Unidos por  altas temperaturas e inundaciones"},"content":{"rendered":"<p class=\"v1MsoNormal\">La persistente ola de calor que se extiende desde el centro al norte de Estados Unidos mantiene en emergencia a las autoridades con previsiones de que continuar\u00e1 durante esta semana; mientras que en otras regiones se experimentan severas inundaciones causadas por las lluvias.<\/p>\n<p class=\"v1MsoNormal\">Millones de estadounidenses se prepararon para sudar durante otro d\u00eda abrasador, mientras exist\u00eda la posibilidad de que el domingo se desaten tormentas que alivien el sofocante calor, al menos para algunos. Partes de la regi\u00f3n centro norte del pa\u00eds quedaron inundadas, incluida una ciudad de Iowa en donde incluso su medidor del nivel de agua qued\u00f3 sumergido.<\/p>\n<p class=\"v1MsoNormal\">Desde el Atl\u00e1ntico medio hasta Maine, a trav\u00e9s de gran parte de la regi\u00f3n centro norte y en todo el interior de California, funcionarios p\u00fablicos advirtieron a los residentes que sudar\u00e1n por el calor y la humedad. En Oklahoma se anticipa que la sensaci\u00f3n t\u00e9rmica alcance el domingo los 41 grados Celsius (107 grados Fahrenheit).<\/p>\n<p class=\"v1MsoNormal\">\n<p class=\"v1MsoNormal\">INUNDACIONES<\/p>\n<p class=\"v1MsoNormal\">En el punto en donde colindan Dakota del Sur, Iowa y Minnesota, aumentaron las inundaciones durante el fin de semana. En el noroeste de Iowa, 13 r\u00edos inundaron la zona, seg\u00fan se\u00f1al\u00f3 Eric Tigges, miembro del equipo de gerencia de emergencias del condado de Clay.<\/p>\n<p class=\"v1MsoNormal\">Vecindarios completos, y al menos un pueblo entero, fueron desalojados y la localidad de Spencer impuso un toque de queda el domingo por segunda noche consecutiva despu\u00e9s de que la inundaci\u00f3n superara un r\u00e9cord establecido en 1953.<\/p>\n<p class=\"v1MsoNormal\">\u00abCuando el medidor de inundaci\u00f3n est\u00e1 bajo agua, es muy elevada\u00bb, indic\u00f3 Tigges en una conferencia de prensa organizada por funcionarios de Spencer.<\/p>\n<p class=\"v1MsoNormal\">La gobernadora Kim Reynolds declar\u00f3 zona de desastre en 21 condados del norte de Iowa, entre ellos el condado de Sioux. En un video tomado por un dron y publicado por el departamento de polic\u00eda local, no se ve\u00edan calles, s\u00f3lo techos y copas de \u00e1rboles asomando por encima del agua.<\/p>\n<p class=\"v1MsoNormal\">En Dakota del Sur, la gobernadora Kristi Noem declar\u00f3 el estado de emergencia despu\u00e9s de que el sureste del estado, fronterizo con Nebraska, recibiera fuertes lluvias. Las autoridades impidieron el paso en varias autopistas. Sioux Falls, la ciudad m\u00e1s poblada del estado, recibi\u00f3 m\u00e1s de 17,7 cent\u00edmetros (7 pulgadas) de lluvia en tres d\u00edas.<\/p>\n<p class=\"v1MsoNormal\">\u00a0\u00abAunque la lluvia est\u00e1 disminuyendo, tenemos que mantenernos alerta\u00bb, dijo Noem. \u00abLo peor de las inundaciones a lo largo de nuestros r\u00edos ser\u00e1 el lunes y el martes\u00bb, a\u00f1adi\u00f3.<\/p>\n<p class=\"v1MsoNormal\">Funcionarios de la agencia de emergencias de la peque\u00f1a comunidad Dakota Dunes, en Dakota del Sur, emitieron una orden de evacuaci\u00f3n voluntaria para los aproximadamente 4.000 habitantes. Dakota Dunes est\u00e1 cerca de las fronteras de Nebraska y Iowa, y entre los r\u00edos Missouri y Big Sioux, y se pronostica que alcancen su punto m\u00e1ximo en los pr\u00f3ximos d\u00edas. La agencia de emergencias de Dakota Dunes advirti\u00f3 a los residentes que es posible que se emita en cualquier momento una orden de evacuaci\u00f3n obligatoria si se traspasan las barreras contra inundaciones.<\/p>\n<p class=\"v1MsoNormal\">Pero en otras zonas, la mayor preocupaci\u00f3n se deb\u00eda al calor.<\/p>\n<p class=\"v1MsoNormal\">\u00abEs m\u00e1s importante que las personas que estar\u00e1n al aire libre se mantengan hidratadas porque el calor, la humedad y los vientos d\u00e9biles, incluso cuando est\u00e1s en buena forma y no est\u00e1s muy acostumbrado, pueden ser un peligro\u00bb, dijo Bruce Thoren, un meteor\u00f3logo del Servicio Meteorol\u00f3gico Nacional en Oklahoma. \u00abSucede r\u00e1pidamente\u00bb, advirti\u00f3. (VoA\/AP)<\/p>\n","protected":false},"excerpt":{"rendered":"<p>La persistente ola de calor que se extiende desde el centro al norte de Estados Unidos mantiene en emergencia a las autoridades con previsiones de que continuar\u00e1 durante esta semana; mientras que en otras regiones se experimentan severas inundaciones causadas por las lluvias. Millones de estadounidenses se prepararon para sudar durante otro d\u00eda abrasador, mientras [&hellip;]<\/p>\n","protected":false},"author":1,"featured_media":229658,"comment_status":"open","ping_status":"open","sticky":false,"template":"","format":"standard","meta":{"_acf_changed":false,"footnotes":""},"categories":[3],"tags":[],"class_list":["post-229657","post","type-post","status-publish","format-standard","has-post-thumbnail","category-internacional"],"acf":{"antetitulo":"Declararon zona de desastre en 21 condados"},"yoast_head":"<!-- This site is optimized with the Yoast SEO plugin v28.4 - https:\/\/yoast.com\/product\/yoast-seo-wordpress\/ -->\n<title>Emergencia en Estados Unidos por altas temperaturas e inundaciones - El Diario - Bolivia<\/title>\n<meta name=\"robots\" content=\"index, follow, max-snippet:-1, max-image-preview:large, max-video-preview:-1\" \/>\n<link rel=\"canonical\" href=\"https:\/\/www.eldiario.net\/portal\/2024\/06\/25\/emergencia-en-estados-unidos-por-altas-temperaturas-e-inundaciones\/\" \/>\n<meta property=\"og:locale\" content=\"es_ES\" \/>\n<meta property=\"og:type\" content=\"article\" \/>\n<meta property=\"og:title\" content=\"Emergencia en Estados Unidos por altas temperaturas e inundaciones - El Diario - Bolivia\" \/>\n<meta property=\"og:description\" content=\"La persistente ola de calor que se extiende desde el centro al norte de Estados Unidos mantiene en emergencia a las autoridades con previsiones de que continuar\u00e1 durante esta semana; mientras que en otras regiones se experimentan severas inundaciones causadas por las lluvias. Millones de estadounidenses se prepararon para sudar durante otro d\u00eda abrasador, mientras [&hellip;]\" \/>\n<meta property=\"og:url\" content=\"https:\/\/www.eldiario.net\/portal\/2024\/06\/25\/emergencia-en-estados-unidos-por-altas-temperaturas-e-inundaciones\/\" \/>\n<meta property=\"og:site_name\" content=\"El Diario - Bolivia\" \/>\n<meta property=\"article:publisher\" content=\"https:\/\/www.facebook.com\/eldiario.bolivia\/\" \/>\n<meta property=\"article:published_time\" content=\"2024-06-25T10:30:03+00:00\" \/>\n<meta property=\"og:image\" content=\"https:\/\/www.eldiario.net\/portal\/wp-content\/uploads\/2024\/06\/calor-Efe-Epa.webp\" \/>\n\t<meta property=\"og:image:width\" content=\"1024\" \/>\n\t<meta property=\"og:image:height\" content=\"683\" \/>\n\t<meta property=\"og:image:type\" content=\"image\/webp\" \/>\n<meta name=\"author\" content=\"Jeanette\" \/>\n<meta name=\"twitter:card\" content=\"summary_large_image\" \/>\n<meta name=\"twitter:creator\" content=\"@eldiario_net\" \/>\n<meta name=\"twitter:site\" content=\"@eldiario_net\" \/>\n<meta name=\"twitter:label1\" content=\"Escrito por\" \/>\n\t<meta name=\"twitter:data1\" content=\"Jeanette\" \/>\n\t<meta name=\"twitter:label2\" content=\"Tiempo de lectura\" \/>\n\t<meta name=\"twitter:data2\" content=\"3 minutos\" \/>\n<script type=\"application\/ld+json\" class=\"yoast-schema-graph\">{\"@context\":\"https:\\\/\\\/schema.org\",\"@graph\":[{\"@type\":\"Article\",\"@id\":\"https:\\\/\\\/www.eldiario.net\\\/portal\\\/2024\\\/06\\\/25\\\/emergencia-en-estados-unidos-por-altas-temperaturas-e-inundaciones\\\/#article\",\"isPartOf\":{\"@id\":\"https:\\\/\\\/www.eldiario.net\\\/portal\\\/2024\\\/06\\\/25\\\/emergencia-en-estados-unidos-por-altas-temperaturas-e-inundaciones\\\/\"},\"author\":{\"name\":\"Jeanette\",\"@id\":\"https:\\\/\\\/www.eldiario.net\\\/portal\\\/#\\\/schema\\\/person\\\/f46445640444750d7d753ccd04ae01b7\"},\"headline\":\"Emergencia en Estados Unidos por altas temperaturas e inundaciones\",\"datePublished\":\"2024-06-25T10:30:03+00:00\",\"mainEntityOfPage\":{\"@id\":\"https:\\\/\\\/www.eldiario.net\\\/portal\\\/2024\\\/06\\\/25\\\/emergencia-en-estados-unidos-por-altas-temperaturas-e-inundaciones\\\/\"},\"wordCount\":596,\"commentCount\":0,\"publisher\":{\"@id\":\"https:\\\/\\\/www.eldiario.net\\\/portal\\\/#organization\"},\"image\":{\"@id\":\"https:\\\/\\\/www.eldiario.net\\\/portal\\\/2024\\\/06\\\/25\\\/emergencia-en-estados-unidos-por-altas-temperaturas-e-inundaciones\\\/#primaryimage\"},\"thumbnailUrl\":\"https:\\\/\\\/www.eldiario.net\\\/portal\\\/wp-content\\\/uploads\\\/2024\\\/06\\\/calor-Efe-Epa.webp\",\"articleSection\":[\"Internacional\"],\"inLanguage\":\"es\",\"potentialAction\":[{\"@type\":\"CommentAction\",\"name\":\"Comment\",\"target\":[\"https:\\\/\\\/www.eldiario.net\\\/portal\\\/2024\\\/06\\\/25\\\/emergencia-en-estados-unidos-por-altas-temperaturas-e-inundaciones\\\/#respond\"]}]},{\"@type\":\"WebPage\",\"@id\":\"https:\\\/\\\/www.eldiario.net\\\/portal\\\/2024\\\/06\\\/25\\\/emergencia-en-estados-unidos-por-altas-temperaturas-e-inundaciones\\\/\",\"url\":\"https:\\\/\\\/www.eldiario.net\\\/portal\\\/2024\\\/06\\\/25\\\/emergencia-en-estados-unidos-por-altas-temperaturas-e-inundaciones\\\/\",\"name\":\"Emergencia en Estados Unidos por altas temperaturas e inundaciones - El Diario - Bolivia\",\"isPartOf\":{\"@id\":\"https:\\\/\\\/www.eldiario.net\\\/portal\\\/#website\"},\"primaryImageOfPage\":{\"@id\":\"https:\\\/\\\/www.eldiario.net\\\/portal\\\/2024\\\/06\\\/25\\\/emergencia-en-estados-unidos-por-altas-temperaturas-e-inundaciones\\\/#primaryimage\"},\"image\":{\"@id\":\"https:\\\/\\\/www.eldiario.net\\\/portal\\\/2024\\\/06\\\/25\\\/emergencia-en-estados-unidos-por-altas-temperaturas-e-inundaciones\\\/#primaryimage\"},\"thumbnailUrl\":\"https:\\\/\\\/www.eldiario.net\\\/portal\\\/wp-content\\\/uploads\\\/2024\\\/06\\\/calor-Efe-Epa.webp\",\"datePublished\":\"2024-06-25T10:30:03+00:00\",\"breadcrumb\":{\"@id\":\"https:\\\/\\\/www.eldiario.net\\\/portal\\\/2024\\\/06\\\/25\\\/emergencia-en-estados-unidos-por-altas-temperaturas-e-inundaciones\\\/#breadcrumb\"},\"inLanguage\":\"es\",\"potentialAction\":[{\"@type\":\"ReadAction\",\"target\":[\"https:\\\/\\\/www.eldiario.net\\\/portal\\\/2024\\\/06\\\/25\\\/emergencia-en-estados-unidos-por-altas-temperaturas-e-inundaciones\\\/\"]}]},{\"@type\":\"ImageObject\",\"inLanguage\":\"es\",\"@id\":\"https:\\\/\\\/www.eldiario.net\\\/portal\\\/2024\\\/06\\\/25\\\/emergencia-en-estados-unidos-por-altas-temperaturas-e-inundaciones\\\/#primaryimage\",\"url\":\"https:\\\/\\\/www.eldiario.net\\\/portal\\\/wp-content\\\/uploads\\\/2024\\\/06\\\/calor-Efe-Epa.webp\",\"contentUrl\":\"https:\\\/\\\/www.eldiario.net\\\/portal\\\/wp-content\\\/uploads\\\/2024\\\/06\\\/calor-Efe-Epa.webp\",\"width\":1024,\"height\":683,\"caption\":\"La gente se refresca en una fuente en Domino Park cuando la temperatura se acerca a los 94 grados Fahrenheit (34.44 Celsius) en Brooklyn, Nueva York. (EEUU) CR\u00c9DITO: EFE\\\/EPA\"},{\"@type\":\"BreadcrumbList\",\"@id\":\"https:\\\/\\\/www.eldiario.net\\\/portal\\\/2024\\\/06\\\/25\\\/emergencia-en-estados-unidos-por-altas-temperaturas-e-inundaciones\\\/#breadcrumb\",\"itemListElement\":[{\"@type\":\"ListItem\",\"position\":1,\"name\":\"Portada\",\"item\":\"https:\\\/\\\/www.eldiario.net\\\/portal\\\/\"},{\"@type\":\"ListItem\",\"position\":2,\"name\":\"Emergencia en Estados Unidos por altas temperaturas e inundaciones\"}]},{\"@type\":\"WebSite\",\"@id\":\"https:\\\/\\\/www.eldiario.net\\\/portal\\\/#website\",\"url\":\"https:\\\/\\\/www.eldiario.net\\\/portal\\\/\",\"name\":\"El Diario - Decano de la prensa nacional\",\"description\":\"El Diario - Decano de la prensa nacional\",\"publisher\":{\"@id\":\"https:\\\/\\\/www.eldiario.net\\\/portal\\\/#organization\"},\"potentialAction\":[{\"@type\":\"SearchAction\",\"target\":{\"@type\":\"EntryPoint\",\"urlTemplate\":\"https:\\\/\\\/www.eldiario.net\\\/portal\\\/?s={search_term_string}\"},\"query-input\":{\"@type\":\"PropertyValueSpecification\",\"valueRequired\":true,\"valueName\":\"search_term_string\"}}],\"inLanguage\":\"es\"},{\"@type\":\"Organization\",\"@id\":\"https:\\\/\\\/www.eldiario.net\\\/portal\\\/#organization\",\"name\":\"El Diario - Decano de la prensa nacional\",\"url\":\"https:\\\/\\\/www.eldiario.net\\\/portal\\\/\",\"logo\":{\"@type\":\"ImageObject\",\"inLanguage\":\"es\",\"@id\":\"https:\\\/\\\/www.eldiario.net\\\/portal\\\/#\\\/schema\\\/logo\\\/image\\\/\",\"url\":\"https:\\\/\\\/www.eldiario.net\\\/portal\\\/wp-content\\\/uploads\\\/2023\\\/07\\\/logo_ED.jpg\",\"contentUrl\":\"https:\\\/\\\/www.eldiario.net\\\/portal\\\/wp-content\\\/uploads\\\/2023\\\/07\\\/logo_ED.jpg\",\"width\":272,\"height\":52,\"caption\":\"El Diario - Decano de la prensa nacional\"},\"image\":{\"@id\":\"https:\\\/\\\/www.eldiario.net\\\/portal\\\/#\\\/schema\\\/logo\\\/image\\\/\"},\"sameAs\":[\"https:\\\/\\\/www.facebook.com\\\/eldiario.bolivia\\\/\",\"https:\\\/\\\/x.com\\\/eldiario_net\"]},{\"@type\":\"Person\",\"@id\":\"https:\\\/\\\/www.eldiario.net\\\/portal\\\/#\\\/schema\\\/person\\\/f46445640444750d7d753ccd04ae01b7\",\"name\":\"Jeanette\",\"image\":{\"@type\":\"ImageObject\",\"inLanguage\":\"es\",\"@id\":\"https:\\\/\\\/secure.gravatar.com\\\/avatar\\\/3ea2118a5f7dad2b7138b1187a6b7ee55f160b9968b66013c3a3ef39dd7e5798?s=96&d=mm&r=g\",\"url\":\"https:\\\/\\\/secure.gravatar.com\\\/avatar\\\/3ea2118a5f7dad2b7138b1187a6b7ee55f160b9968b66013c3a3ef39dd7e5798?s=96&d=mm&r=g\",\"contentUrl\":\"https:\\\/\\\/secure.gravatar.com\\\/avatar\\\/3ea2118a5f7dad2b7138b1187a6b7ee55f160b9968b66013c3a3ef39dd7e5798?s=96&d=mm&r=g\",\"caption\":\"Jeanette\"},\"sameAs\":[\"https:\\\/\\\/www.eldiario.net\\\/portal\"],\"url\":\"https:\\\/\\\/www.eldiario.net\\\/portal\\\/author\\\/jeanette\\\/\"}]}<\/script>\n<!-- \/ Yoast SEO plugin. -->","yoast_head_json":{"title":"Emergencia en Estados Unidos por altas temperaturas e inundaciones - El Diario - Bolivia","robots":{"index":"index","follow":"follow","max-snippet":"max-snippet:-1","max-image-preview":"max-image-preview:large","max-video-preview":"max-video-preview:-1"},"canonical":"https:\/\/www.eldiario.net\/portal\/2024\/06\/25\/emergencia-en-estados-unidos-por-altas-temperaturas-e-inundaciones\/","og_locale":"es_ES","og_type":"article","og_title":"Emergencia en Estados Unidos por altas temperaturas e inundaciones - El Diario - Bolivia","og_description":"La persistente ola de calor que se extiende desde el centro al norte de Estados Unidos mantiene en emergencia a las autoridades con previsiones de que continuar\u00e1 durante esta semana; mientras que en otras regiones se experimentan severas inundaciones causadas por las lluvias. Millones de estadounidenses se prepararon para sudar durante otro d\u00eda abrasador, mientras [&hellip;]","og_url":"https:\/\/www.eldiario.net\/portal\/2024\/06\/25\/emergencia-en-estados-unidos-por-altas-temperaturas-e-inundaciones\/","og_site_name":"El Diario - Bolivia","article_publisher":"https:\/\/www.facebook.com\/eldiario.bolivia\/","article_published_time":"2024-06-25T10:30:03+00:00","og_image":[{"width":1024,"height":683,"url":"https:\/\/www.eldiario.net\/portal\/wp-content\/uploads\/2024\/06\/calor-Efe-Epa.webp","type":"image\/webp"}],"author":"Jeanette","twitter_card":"summary_large_image","twitter_creator":"@eldiario_net","twitter_site":"@eldiario_net","twitter_misc":{"Escrito por":"Jeanette","Tiempo de lectura":"3 minutos"},"schema":{"@context":"https:\/\/schema.org","@graph":[{"@type":"Article","@id":"https:\/\/www.eldiario.net\/portal\/2024\/06\/25\/emergencia-en-estados-unidos-por-altas-temperaturas-e-inundaciones\/#article","isPartOf":{"@id":"https:\/\/www.eldiario.net\/portal\/2024\/06\/25\/emergencia-en-estados-unidos-por-altas-temperaturas-e-inundaciones\/"},"author":{"name":"Jeanette","@id":"https:\/\/www.eldiario.net\/portal\/#\/schema\/person\/f46445640444750d7d753ccd04ae01b7"},"headline":"Emergencia en Estados Unidos por altas temperaturas e inundaciones","datePublished":"2024-06-25T10:30:03+00:00","mainEntityOfPage":{"@id":"https:\/\/www.eldiario.net\/portal\/2024\/06\/25\/emergencia-en-estados-unidos-por-altas-temperaturas-e-inundaciones\/"},"wordCount":596,"commentCount":0,"publisher":{"@id":"https:\/\/www.eldiario.net\/portal\/#organization"},"image":{"@id":"https:\/\/www.eldiario.net\/portal\/2024\/06\/25\/emergencia-en-estados-unidos-por-altas-temperaturas-e-inundaciones\/#primaryimage"},"thumbnailUrl":"https:\/\/www.eldiario.net\/portal\/wp-content\/uploads\/2024\/06\/calor-Efe-Epa.webp","articleSection":["Internacional"],"inLanguage":"es","potentialAction":[{"@type":"CommentAction","name":"Comment","target":["https:\/\/www.eldiario.net\/portal\/2024\/06\/25\/emergencia-en-estados-unidos-por-altas-temperaturas-e-inundaciones\/#respond"]}]},{"@type":"WebPage","@id":"https:\/\/www.eldiario.net\/portal\/2024\/06\/25\/emergencia-en-estados-unidos-por-altas-temperaturas-e-inundaciones\/","url":"https:\/\/www.eldiario.net\/portal\/2024\/06\/25\/emergencia-en-estados-unidos-por-altas-temperaturas-e-inundaciones\/","name":"Emergencia en Estados Unidos por altas temperaturas e inundaciones - El Diario - Bolivia","isPartOf":{"@id":"https:\/\/www.eldiario.net\/portal\/#website"},"primaryImageOfPage":{"@id":"https:\/\/www.eldiario.net\/portal\/2024\/06\/25\/emergencia-en-estados-unidos-por-altas-temperaturas-e-inundaciones\/#primaryimage"},"image":{"@id":"https:\/\/www.eldiario.net\/portal\/2024\/06\/25\/emergencia-en-estados-unidos-por-altas-temperaturas-e-inundaciones\/#primaryimage"},"thumbnailUrl":"https:\/\/www.eldiario.net\/portal\/wp-content\/uploads\/2024\/06\/calor-Efe-Epa.webp","datePublished":"2024-06-25T10:30:03+00:00","breadcrumb":{"@id":"https:\/\/www.eldiario.net\/portal\/2024\/06\/25\/emergencia-en-estados-unidos-por-altas-temperaturas-e-inundaciones\/#breadcrumb"},"inLanguage":"es","potentialAction":[{"@type":"ReadAction","target":["https:\/\/www.eldiario.net\/portal\/2024\/06\/25\/emergencia-en-estados-unidos-por-altas-temperaturas-e-inundaciones\/"]}]},{"@type":"ImageObject","inLanguage":"es","@id":"https:\/\/www.eldiario.net\/portal\/2024\/06\/25\/emergencia-en-estados-unidos-por-altas-temperaturas-e-inundaciones\/#primaryimage","url":"https:\/\/www.eldiario.net\/portal\/wp-content\/uploads\/2024\/06\/calor-Efe-Epa.webp","contentUrl":"https:\/\/www.eldiario.net\/portal\/wp-content\/uploads\/2024\/06\/calor-Efe-Epa.webp","width":1024,"height":683,"caption":"La gente se refresca en una fuente en Domino Park cuando la temperatura se acerca a los 94 grados Fahrenheit (34.44 Celsius) en Brooklyn, Nueva York. (EEUU) CR\u00c9DITO: EFE\/EPA"},{"@type":"BreadcrumbList","@id":"https:\/\/www.eldiario.net\/portal\/2024\/06\/25\/emergencia-en-estados-unidos-por-altas-temperaturas-e-inundaciones\/#breadcrumb","itemListElement":[{"@type":"ListItem","position":1,"name":"Portada","item":"https:\/\/www.eldiario.net\/portal\/"},{"@type":"ListItem","position":2,"name":"Emergencia en Estados Unidos por altas temperaturas e inundaciones"}]},{"@type":"WebSite","@id":"https:\/\/www.eldiario.net\/portal\/#website","url":"https:\/\/www.eldiario.net\/portal\/","name":"El Diario - Decano de la prensa nacional","description":"El Diario - Decano de la prensa nacional","publisher":{"@id":"https:\/\/www.eldiario.net\/portal\/#organization"},"potentialAction":[{"@type":"SearchAction","target":{"@type":"EntryPoint","urlTemplate":"https:\/\/www.eldiario.net\/portal\/?s={search_term_string}"},"query-input":{"@type":"PropertyValueSpecification","valueRequired":true,"valueName":"search_term_string"}}],"inLanguage":"es"},{"@type":"Organization","@id":"https:\/\/www.eldiario.net\/portal\/#organization","name":"El Diario - Decano de la prensa nacional","url":"https:\/\/www.eldiario.net\/portal\/","logo":{"@type":"ImageObject","inLanguage":"es","@id":"https:\/\/www.eldiario.net\/portal\/#\/schema\/logo\/image\/","url":"https:\/\/www.eldiario.net\/portal\/wp-content\/uploads\/2023\/07\/logo_ED.jpg","contentUrl":"https:\/\/www.eldiario.net\/portal\/wp-content\/uploads\/2023\/07\/logo_ED.jpg","width":272,"height":52,"caption":"El Diario - Decano de la prensa nacional"},"image":{"@id":"https:\/\/www.eldiario.net\/portal\/#\/schema\/logo\/image\/"},"sameAs":["https:\/\/www.facebook.com\/eldiario.bolivia\/","https:\/\/x.com\/eldiario_net"]},{"@type":"Person","@id":"https:\/\/www.eldiario.net\/portal\/#\/schema\/person\/f46445640444750d7d753ccd04ae01b7","name":"Jeanette","image":{"@type":"ImageObject","inLanguage":"es","@id":"https:\/\/secure.gravatar.com\/avatar\/3ea2118a5f7dad2b7138b1187a6b7ee55f160b9968b66013c3a3ef39dd7e5798?s=96&d=mm&r=g","url":"https:\/\/secure.gravatar.com\/avatar\/3ea2118a5f7dad2b7138b1187a6b7ee55f160b9968b66013c3a3ef39dd7e5798?s=96&d=mm&r=g","contentUrl":"https:\/\/secure.gravatar.com\/avatar\/3ea2118a5f7dad2b7138b1187a6b7ee55f160b9968b66013c3a3ef39dd7e5798?s=96&d=mm&r=g","caption":"Jeanette"},"sameAs":["https:\/\/www.eldiario.net\/portal"],"url":"https:\/\/www.eldiario.net\/portal\/author\/jeanette\/"}]}},"_links":{"self":[{"href":"https:\/\/www.eldiario.net\/portal\/wp-json\/wp\/v2\/posts\/229657","targetHints":{"allow":["GET"]}}],"collection":[{"href":"https:\/\/www.eldiario.net\/portal\/wp-json\/wp\/v2\/posts"}],"about":[{"href":"https:\/\/www.eldiario.net\/portal\/wp-json\/wp\/v2\/types\/post"}],"author":[{"embeddable":true,"href":"https:\/\/www.eldiario.net\/portal\/wp-json\/wp\/v2\/users\/1"}],"replies":[{"embeddable":true,"href":"https:\/\/www.eldiario.net\/portal\/wp-json\/wp\/v2\/comments?post=229657"}],"version-history":[{"count":1,"href":"https:\/\/www.eldiario.net\/portal\/wp-json\/wp\/v2\/posts\/229657\/revisions"}],"predecessor-version":[{"id":229659,"href":"https:\/\/www.eldiario.net\/portal\/wp-json\/wp\/v2\/posts\/229657\/revisions\/229659"}],"wp:featuredmedia":[{"embeddable":true,"href":"https:\/\/www.eldiario.net\/portal\/wp-json\/wp\/v2\/media\/229658"}],"wp:attachment":[{"href":"https:\/\/www.eldiario.net\/portal\/wp-json\/wp\/v2\/media?parent=229657"}],"wp:term":[{"taxonomy":"category","embeddable":true,"href":"https:\/\/www.eldiario.net\/portal\/wp-json\/wp\/v2\/categories?post=229657"},{"taxonomy":"post_tag","embeddable":true,"href":"https:\/\/www.eldiario.net\/portal\/wp-json\/wp\/v2\/tags?post=229657"}],"curies":[{"name":"wp","href":"https:\/\/api.w.org\/{rel}","templated":true}]}}