{"id":229654,"date":"2024-06-25T06:29:23","date_gmt":"2024-06-25T10:29:23","guid":{"rendered":"https:\/\/www.eldiario.net\/portal\/?p=229654"},"modified":"2024-06-25T06:29:23","modified_gmt":"2024-06-25T10:29:23","slug":"macron-alerta-del-riesgo-de-guerra-civil-en-francia-si-gobiernan-los-extremos","status":"publish","type":"post","link":"https:\/\/www.eldiario.net\/portal\/2024\/06\/25\/macron-alerta-del-riesgo-de-guerra-civil-en-francia-si-gobiernan-los-extremos\/","title":{"rendered":"Macron alerta del riesgo de guerra civil  en Francia si gobiernan los extremos"},"content":{"rendered":"<p class=\"v1MsoNormal\">El presidente Emmanuel Macron alert\u00f3 ayer del riesgo de que se desate una \u00abguerra civil\u00bb en Francia si, tras las elecciones legislativas del 30 de junio y el 7 de julio, le toca gobernar en cohabitaci\u00f3n con la ultraderecha lepenista o el frente de izquierdas.<\/p>\n<p class=\"v1MsoNormal\">En una entrevista concedida al programa de podcasts G\u00e9n\u00e9ration Do It Yourself, Macron ha transmitido este mensaje \u00abguerracivilista\u00bb a la ciudadan\u00eda francesa mientras los sondeos sit\u00faan a la formaci\u00f3n de extrema derecha Agrupaci\u00f3n Nacional (RN) de Marine Le Pen como clara favorita, seguida por la coalici\u00f3n de izquierda Nuevo Frente Popular, y con el macronismo en tercer lugar.<\/p>\n<p class=\"v1MsoNormal\">\u00abLa respuesta de la extrema derecha divide y lleva a una guerra civil, porque enfrenta a las personas dependiendo de su religi\u00f3n o de su origen\u00bb, ha manifestado Macron, quien ha sido criticado en el programa por entrar en campa\u00f1a cuando deber\u00eda mantener cierta neutralidad como garante de las instituciones.<\/p>\n<p class=\"v1MsoNormal\">En lo que se refiere a La Francia Insumisa (LFI), partido que lidera el Nuevo Frente Popular, Macron ha se\u00f1alado que \u00abencierra a las personas en un sectarismo que puede tener resultados electorales, pero eso tambi\u00e9n puede implicar una guerra civil, porque enfrenta a las personas por su pertenencia religiosa o de comunidad\u00bb.<\/p>\n<p class=\"v1MsoNormal\">No obstante, ha reconocido que tanto RN como LFI son una respuesta del electorado a \u00abverdaderos problemas, verdaderas angustias\u00bb. \u00abAlgunos dicen que no hay respuesta al problema de la inseguridad, o &#8216;no me reconocen ni me protegen por el hecho de ser musulm\u00e1n'\u00bb, ha comentado Macron.<\/p>\n<p class=\"v1MsoNormal\">El mandatario ha justificado adem\u00e1s su decisi\u00f3n de disolver la Asamblea Nacional y convocar elecciones anticipadas el pasado 9 de junio, tras la amplia victoria del RN en las elecciones europeas y el pobre resultado del partido macronista. \u00abNo hay nada m\u00e1s grande y m\u00e1s justo en una democracia que tener confianza en el pueblo\u00bb, sostuvo.<\/p>\n<p class=\"v1MsoNormal\">\n<p class=\"v1MsoNormal\"><b>Los l\u00edderes de RN y LFI<\/b><\/p>\n<p class=\"v1MsoNormal\"><b>critican las palabras de Macron<\/b><\/p>\n<p class=\"v1MsoNormal\">Las declaraciones de Macron en plena campa\u00f1a han sido acogidas con cr\u00edticas de sus contrincantes. El l\u00edder de Agrupaci\u00f3n Nacional, Jord\u00e1n Bardella, se ha limitado a responder que \u00abun presidente no deber\u00eda decir eso\u00bb.<\/p>\n<p class=\"v1MsoNormal\">Por su parte, el l\u00edder de Francia Insumisa, Jean-Luc Melenchon refut\u00f3 contra el presidente en una entrevista en France 2TV, donde ha a\u00f1adido que han sido las propias pol\u00edticas de Macron las que estaban provocando el avance de un conflicto entre franceses, como en el territorio de ultramar de Nueva Caledonia.<\/p>\n<p class=\"v1MsoNormal\">\u00abCuando est\u00e1s harto y la vida diaria es dura, puedes sentirte tentado a votar por los extremos que tienen soluciones m\u00e1s r\u00e1pidas. Pero la soluci\u00f3n nunca ser\u00e1 rechazar a los dem\u00e1s\u00bb, afirm\u00f3 Macron.<\/p>\n<p class=\"v1MsoNormal\">Las \u00faltimas encuestas electorales de cara a los pr\u00f3ximos comicios sugieren que Agrupaci\u00f3n Nacional ganar\u00eda por un 35 por ciento de los votos en la primera vuelta del domingo, por delante de la coalici\u00f3n de izquierda Nuevo Frente Nacional con un 27 por ciento y a los centristas de Macron con un 19 por ciento.<\/p>\n<p class=\"v1MsoNormal\">\n<p class=\"v1MsoNormal\"><b>Los partidos presentan sus<\/b><\/p>\n<p class=\"v1MsoNormal\"><b>programas electorales<\/b><\/p>\n<p class=\"v1MsoNormal\">Tanto el partido de ultraderecha como el Nuevo Frente Popular y la coalici\u00f3n centrista de Macron muestran en sus respectivos programas visiones diametralmente opuestas de las dos grandes preocupaciones del electorado: la seguridad y la inmigraci\u00f3n.<\/p>\n<p class=\"v1MsoNormal\">El RN, encabezado por Jordan Bardella, tiene como bandera esos dos temas, que hist\u00f3ricamente le han otorgado buenos r\u00e9ditos en las urnas, aunque ciertas de las iniciativas que plantean colisionan con el marco jur\u00eddico franc\u00e9s y con el de la UE. As\u00ed, la prioridad nacional, ya enarbolada por el fundador de RN, Jean-Marie Le Pen, es uno de los puntos clave de su programa antiinmigraci\u00f3n.<\/p>\n<p class=\"v1MsoNormal\">Esta prioridad se concretar\u00eda en que quienes tengan la nacionalidad francesa (si bien no queda claro si se incluyen a los binacionales) podr\u00e1n optar a ciertas ayudas sociales y a los pisos de protecci\u00f3n oficial, por delante de los extranjeros. Sin embargo, esta medida estrella del RN no podr\u00eda ponerse en marcha en una cohabitaci\u00f3n con Macron, como ha reconocido el propio presidente del partido ultra, Jordan Bardella.<\/p>\n<p class=\"v1MsoNormal\">En las ant\u00edpodas del programa del RN sobre inmigraci\u00f3n se sit\u00faa el del Nuevo Frente Popular, que pretende acoger \u00abincondicionalmente\u00bb a todos, para lo que decretar\u00e1 \u00aben ciertos casos urgentes\u00bb la expropiaci\u00f3n de alojamientos vac\u00edos para los sin techo. As\u00ed, la alianza derogar\u00e1 las dos anteriores leyes de inmigraci\u00f3n en vigor del gobierno Macron y buscar\u00e1 facilitar el empleo regular para los demandantes de asilo; regularizar a los indocumentados; y crear una agencia francesa de salvamento para los naufragios de inmigrantes en el Mediterr\u00e1neo.<\/p>\n<p class=\"v1MsoNormal\">La coalici\u00f3n de partidos centristas en la \u00f3rbita de Macron pretende seguir con su idea de \u00abreducir la inmigraci\u00f3n ilegal\u00bb, especialmente en coordinaci\u00f3n con la UE. \u00abLa autoridad republicana\u00bb deseada por el presidente franc\u00e9s se plasmar\u00e1 en medidas para combatir la delincuencia entre los menores. La idea es que, a partir de los 16 a\u00f1os, se pongan en marcha penas cortas y r\u00e1pidas. El primer ministro saliente, Gabriel Attal, respalda adem\u00e1s una restricci\u00f3n sobre los atenuantes que se aplican a los menores, actualmente laxos, seg\u00fan indica. (RTVE.es)<\/p>\n","protected":false},"excerpt":{"rendered":"<p>El presidente Emmanuel Macron alert\u00f3 ayer del riesgo de que se desate una \u00abguerra civil\u00bb en Francia si, tras las elecciones legislativas del 30 de junio y el 7 de julio, le toca gobernar en cohabitaci\u00f3n con la ultraderecha lepenista o el frente de izquierdas. En una entrevista concedida al programa de podcasts G\u00e9n\u00e9ration Do [&hellip;]<\/p>\n","protected":false},"author":1,"featured_media":229655,"comment_status":"open","ping_status":"open","sticky":false,"template":"","format":"standard","meta":{"_acf_changed":false,"footnotes":""},"categories":[3],"tags":[],"class_list":["post-229654","post","type-post","status-publish","format-standard","has-post-thumbnail","category-internacional"],"acf":{"antetitulo":"Ante elecciones legislativas"},"yoast_head":"<!-- This site is optimized with the Yoast SEO plugin v28.4 - https:\/\/yoast.com\/product\/yoast-seo-wordpress\/ -->\n<title>Macron alerta del riesgo de guerra civil en Francia si gobiernan los extremos - El Diario - Bolivia<\/title>\n<meta name=\"robots\" content=\"index, follow, max-snippet:-1, max-image-preview:large, max-video-preview:-1\" \/>\n<link rel=\"canonical\" href=\"https:\/\/www.eldiario.net\/portal\/2024\/06\/25\/macron-alerta-del-riesgo-de-guerra-civil-en-francia-si-gobiernan-los-extremos\/\" \/>\n<meta property=\"og:locale\" content=\"es_ES\" \/>\n<meta property=\"og:type\" content=\"article\" \/>\n<meta property=\"og:title\" content=\"Macron alerta del riesgo de guerra civil en Francia si gobiernan los extremos - El Diario - Bolivia\" \/>\n<meta property=\"og:description\" content=\"El presidente Emmanuel Macron alert\u00f3 ayer del riesgo de que se desate una \u00abguerra civil\u00bb en Francia si, tras las elecciones legislativas del 30 de junio y el 7 de julio, le toca gobernar en cohabitaci\u00f3n con la ultraderecha lepenista o el frente de izquierdas. En una entrevista concedida al programa de podcasts G\u00e9n\u00e9ration Do [&hellip;]\" \/>\n<meta property=\"og:url\" content=\"https:\/\/www.eldiario.net\/portal\/2024\/06\/25\/macron-alerta-del-riesgo-de-guerra-civil-en-francia-si-gobiernan-los-extremos\/\" \/>\n<meta property=\"og:site_name\" content=\"El Diario - Bolivia\" \/>\n<meta property=\"article:publisher\" content=\"https:\/\/www.facebook.com\/eldiario.bolivia\/\" \/>\n<meta property=\"article:published_time\" content=\"2024-06-25T10:29:23+00:00\" \/>\n<meta property=\"og:image\" content=\"https:\/\/www.eldiario.net\/portal\/wp-content\/uploads\/2024\/06\/Macron-AFP.jpg\" \/>\n\t<meta property=\"og:image:width\" content=\"1600\" \/>\n\t<meta property=\"og:image:height\" content=\"900\" \/>\n\t<meta property=\"og:image:type\" content=\"image\/jpeg\" \/>\n<meta name=\"author\" content=\"Jeanette\" \/>\n<meta name=\"twitter:card\" content=\"summary_large_image\" \/>\n<meta name=\"twitter:creator\" content=\"@eldiario_net\" \/>\n<meta name=\"twitter:site\" content=\"@eldiario_net\" \/>\n<meta name=\"twitter:label1\" content=\"Escrito por\" \/>\n\t<meta name=\"twitter:data1\" content=\"Jeanette\" \/>\n\t<meta name=\"twitter:label2\" content=\"Tiempo de lectura\" \/>\n\t<meta name=\"twitter:data2\" content=\"4 minutos\" \/>\n<script type=\"application\/ld+json\" class=\"yoast-schema-graph\">{\"@context\":\"https:\\\/\\\/schema.org\",\"@graph\":[{\"@type\":\"Article\",\"@id\":\"https:\\\/\\\/www.eldiario.net\\\/portal\\\/2024\\\/06\\\/25\\\/macron-alerta-del-riesgo-de-guerra-civil-en-francia-si-gobiernan-los-extremos\\\/#article\",\"isPartOf\":{\"@id\":\"https:\\\/\\\/www.eldiario.net\\\/portal\\\/2024\\\/06\\\/25\\\/macron-alerta-del-riesgo-de-guerra-civil-en-francia-si-gobiernan-los-extremos\\\/\"},\"author\":{\"name\":\"Jeanette\",\"@id\":\"https:\\\/\\\/www.eldiario.net\\\/portal\\\/#\\\/schema\\\/person\\\/f46445640444750d7d753ccd04ae01b7\"},\"headline\":\"Macron alerta del riesgo de guerra civil en Francia si gobiernan los extremos\",\"datePublished\":\"2024-06-25T10:29:23+00:00\",\"mainEntityOfPage\":{\"@id\":\"https:\\\/\\\/www.eldiario.net\\\/portal\\\/2024\\\/06\\\/25\\\/macron-alerta-del-riesgo-de-guerra-civil-en-francia-si-gobiernan-los-extremos\\\/\"},\"wordCount\":910,\"commentCount\":0,\"publisher\":{\"@id\":\"https:\\\/\\\/www.eldiario.net\\\/portal\\\/#organization\"},\"image\":{\"@id\":\"https:\\\/\\\/www.eldiario.net\\\/portal\\\/2024\\\/06\\\/25\\\/macron-alerta-del-riesgo-de-guerra-civil-en-francia-si-gobiernan-los-extremos\\\/#primaryimage\"},\"thumbnailUrl\":\"https:\\\/\\\/www.eldiario.net\\\/portal\\\/wp-content\\\/uploads\\\/2024\\\/06\\\/Macron-AFP.jpg\",\"articleSection\":[\"Internacional\"],\"inLanguage\":\"es\",\"potentialAction\":[{\"@type\":\"CommentAction\",\"name\":\"Comment\",\"target\":[\"https:\\\/\\\/www.eldiario.net\\\/portal\\\/2024\\\/06\\\/25\\\/macron-alerta-del-riesgo-de-guerra-civil-en-francia-si-gobiernan-los-extremos\\\/#respond\"]}]},{\"@type\":\"WebPage\",\"@id\":\"https:\\\/\\\/www.eldiario.net\\\/portal\\\/2024\\\/06\\\/25\\\/macron-alerta-del-riesgo-de-guerra-civil-en-francia-si-gobiernan-los-extremos\\\/\",\"url\":\"https:\\\/\\\/www.eldiario.net\\\/portal\\\/2024\\\/06\\\/25\\\/macron-alerta-del-riesgo-de-guerra-civil-en-francia-si-gobiernan-los-extremos\\\/\",\"name\":\"Macron alerta del riesgo de guerra civil en Francia si gobiernan los extremos - El Diario - Bolivia\",\"isPartOf\":{\"@id\":\"https:\\\/\\\/www.eldiario.net\\\/portal\\\/#website\"},\"primaryImageOfPage\":{\"@id\":\"https:\\\/\\\/www.eldiario.net\\\/portal\\\/2024\\\/06\\\/25\\\/macron-alerta-del-riesgo-de-guerra-civil-en-francia-si-gobiernan-los-extremos\\\/#primaryimage\"},\"image\":{\"@id\":\"https:\\\/\\\/www.eldiario.net\\\/portal\\\/2024\\\/06\\\/25\\\/macron-alerta-del-riesgo-de-guerra-civil-en-francia-si-gobiernan-los-extremos\\\/#primaryimage\"},\"thumbnailUrl\":\"https:\\\/\\\/www.eldiario.net\\\/portal\\\/wp-content\\\/uploads\\\/2024\\\/06\\\/Macron-AFP.jpg\",\"datePublished\":\"2024-06-25T10:29:23+00:00\",\"breadcrumb\":{\"@id\":\"https:\\\/\\\/www.eldiario.net\\\/portal\\\/2024\\\/06\\\/25\\\/macron-alerta-del-riesgo-de-guerra-civil-en-francia-si-gobiernan-los-extremos\\\/#breadcrumb\"},\"inLanguage\":\"es\",\"potentialAction\":[{\"@type\":\"ReadAction\",\"target\":[\"https:\\\/\\\/www.eldiario.net\\\/portal\\\/2024\\\/06\\\/25\\\/macron-alerta-del-riesgo-de-guerra-civil-en-francia-si-gobiernan-los-extremos\\\/\"]}]},{\"@type\":\"ImageObject\",\"inLanguage\":\"es\",\"@id\":\"https:\\\/\\\/www.eldiario.net\\\/portal\\\/2024\\\/06\\\/25\\\/macron-alerta-del-riesgo-de-guerra-civil-en-francia-si-gobiernan-los-extremos\\\/#primaryimage\",\"url\":\"https:\\\/\\\/www.eldiario.net\\\/portal\\\/wp-content\\\/uploads\\\/2024\\\/06\\\/Macron-AFP.jpg\",\"contentUrl\":\"https:\\\/\\\/www.eldiario.net\\\/portal\\\/wp-content\\\/uploads\\\/2024\\\/06\\\/Macron-AFP.jpg\",\"width\":1600,\"height\":900,\"caption\":\"El presidente franc\u00e9s, Emmanuel Macron, habla durante el festival anual de m\u00fasica en el patio del palacio presidencial del El\u00edseo en Par\u00eds. CR\u00c9DITO: AFP\"},{\"@type\":\"BreadcrumbList\",\"@id\":\"https:\\\/\\\/www.eldiario.net\\\/portal\\\/2024\\\/06\\\/25\\\/macron-alerta-del-riesgo-de-guerra-civil-en-francia-si-gobiernan-los-extremos\\\/#breadcrumb\",\"itemListElement\":[{\"@type\":\"ListItem\",\"position\":1,\"name\":\"Portada\",\"item\":\"https:\\\/\\\/www.eldiario.net\\\/portal\\\/\"},{\"@type\":\"ListItem\",\"position\":2,\"name\":\"Macron alerta del riesgo de guerra civil en Francia si gobiernan los extremos\"}]},{\"@type\":\"WebSite\",\"@id\":\"https:\\\/\\\/www.eldiario.net\\\/portal\\\/#website\",\"url\":\"https:\\\/\\\/www.eldiario.net\\\/portal\\\/\",\"name\":\"El Diario - Decano de la prensa nacional\",\"description\":\"El Diario - Decano de la prensa nacional\",\"publisher\":{\"@id\":\"https:\\\/\\\/www.eldiario.net\\\/portal\\\/#organization\"},\"potentialAction\":[{\"@type\":\"SearchAction\",\"target\":{\"@type\":\"EntryPoint\",\"urlTemplate\":\"https:\\\/\\\/www.eldiario.net\\\/portal\\\/?s={search_term_string}\"},\"query-input\":{\"@type\":\"PropertyValueSpecification\",\"valueRequired\":true,\"valueName\":\"search_term_string\"}}],\"inLanguage\":\"es\"},{\"@type\":\"Organization\",\"@id\":\"https:\\\/\\\/www.eldiario.net\\\/portal\\\/#organization\",\"name\":\"El Diario - Decano de la prensa nacional\",\"url\":\"https:\\\/\\\/www.eldiario.net\\\/portal\\\/\",\"logo\":{\"@type\":\"ImageObject\",\"inLanguage\":\"es\",\"@id\":\"https:\\\/\\\/www.eldiario.net\\\/portal\\\/#\\\/schema\\\/logo\\\/image\\\/\",\"url\":\"https:\\\/\\\/www.eldiario.net\\\/portal\\\/wp-content\\\/uploads\\\/2023\\\/07\\\/logo_ED.jpg\",\"contentUrl\":\"https:\\\/\\\/www.eldiario.net\\\/portal\\\/wp-content\\\/uploads\\\/2023\\\/07\\\/logo_ED.jpg\",\"width\":272,\"height\":52,\"caption\":\"El Diario - Decano de la prensa nacional\"},\"image\":{\"@id\":\"https:\\\/\\\/www.eldiario.net\\\/portal\\\/#\\\/schema\\\/logo\\\/image\\\/\"},\"sameAs\":[\"https:\\\/\\\/www.facebook.com\\\/eldiario.bolivia\\\/\",\"https:\\\/\\\/x.com\\\/eldiario_net\"]},{\"@type\":\"Person\",\"@id\":\"https:\\\/\\\/www.eldiario.net\\\/portal\\\/#\\\/schema\\\/person\\\/f46445640444750d7d753ccd04ae01b7\",\"name\":\"Jeanette\",\"image\":{\"@type\":\"ImageObject\",\"inLanguage\":\"es\",\"@id\":\"https:\\\/\\\/secure.gravatar.com\\\/avatar\\\/3ea2118a5f7dad2b7138b1187a6b7ee55f160b9968b66013c3a3ef39dd7e5798?s=96&d=mm&r=g\",\"url\":\"https:\\\/\\\/secure.gravatar.com\\\/avatar\\\/3ea2118a5f7dad2b7138b1187a6b7ee55f160b9968b66013c3a3ef39dd7e5798?s=96&d=mm&r=g\",\"contentUrl\":\"https:\\\/\\\/secure.gravatar.com\\\/avatar\\\/3ea2118a5f7dad2b7138b1187a6b7ee55f160b9968b66013c3a3ef39dd7e5798?s=96&d=mm&r=g\",\"caption\":\"Jeanette\"},\"sameAs\":[\"https:\\\/\\\/www.eldiario.net\\\/portal\"],\"url\":\"https:\\\/\\\/www.eldiario.net\\\/portal\\\/author\\\/jeanette\\\/\"}]}<\/script>\n<!-- \/ Yoast SEO plugin. -->","yoast_head_json":{"title":"Macron alerta del riesgo de guerra civil en Francia si gobiernan los extremos - El Diario - Bolivia","robots":{"index":"index","follow":"follow","max-snippet":"max-snippet:-1","max-image-preview":"max-image-preview:large","max-video-preview":"max-video-preview:-1"},"canonical":"https:\/\/www.eldiario.net\/portal\/2024\/06\/25\/macron-alerta-del-riesgo-de-guerra-civil-en-francia-si-gobiernan-los-extremos\/","og_locale":"es_ES","og_type":"article","og_title":"Macron alerta del riesgo de guerra civil en Francia si gobiernan los extremos - El Diario - Bolivia","og_description":"El presidente Emmanuel Macron alert\u00f3 ayer del riesgo de que se desate una \u00abguerra civil\u00bb en Francia si, tras las elecciones legislativas del 30 de junio y el 7 de julio, le toca gobernar en cohabitaci\u00f3n con la ultraderecha lepenista o el frente de izquierdas. En una entrevista concedida al programa de podcasts G\u00e9n\u00e9ration Do [&hellip;]","og_url":"https:\/\/www.eldiario.net\/portal\/2024\/06\/25\/macron-alerta-del-riesgo-de-guerra-civil-en-francia-si-gobiernan-los-extremos\/","og_site_name":"El Diario - Bolivia","article_publisher":"https:\/\/www.facebook.com\/eldiario.bolivia\/","article_published_time":"2024-06-25T10:29:23+00:00","og_image":[{"width":1600,"height":900,"url":"https:\/\/www.eldiario.net\/portal\/wp-content\/uploads\/2024\/06\/Macron-AFP.jpg","type":"image\/jpeg"}],"author":"Jeanette","twitter_card":"summary_large_image","twitter_creator":"@eldiario_net","twitter_site":"@eldiario_net","twitter_misc":{"Escrito por":"Jeanette","Tiempo de lectura":"4 minutos"},"schema":{"@context":"https:\/\/schema.org","@graph":[{"@type":"Article","@id":"https:\/\/www.eldiario.net\/portal\/2024\/06\/25\/macron-alerta-del-riesgo-de-guerra-civil-en-francia-si-gobiernan-los-extremos\/#article","isPartOf":{"@id":"https:\/\/www.eldiario.net\/portal\/2024\/06\/25\/macron-alerta-del-riesgo-de-guerra-civil-en-francia-si-gobiernan-los-extremos\/"},"author":{"name":"Jeanette","@id":"https:\/\/www.eldiario.net\/portal\/#\/schema\/person\/f46445640444750d7d753ccd04ae01b7"},"headline":"Macron alerta del riesgo de guerra civil en Francia si gobiernan los extremos","datePublished":"2024-06-25T10:29:23+00:00","mainEntityOfPage":{"@id":"https:\/\/www.eldiario.net\/portal\/2024\/06\/25\/macron-alerta-del-riesgo-de-guerra-civil-en-francia-si-gobiernan-los-extremos\/"},"wordCount":910,"commentCount":0,"publisher":{"@id":"https:\/\/www.eldiario.net\/portal\/#organization"},"image":{"@id":"https:\/\/www.eldiario.net\/portal\/2024\/06\/25\/macron-alerta-del-riesgo-de-guerra-civil-en-francia-si-gobiernan-los-extremos\/#primaryimage"},"thumbnailUrl":"https:\/\/www.eldiario.net\/portal\/wp-content\/uploads\/2024\/06\/Macron-AFP.jpg","articleSection":["Internacional"],"inLanguage":"es","potentialAction":[{"@type":"CommentAction","name":"Comment","target":["https:\/\/www.eldiario.net\/portal\/2024\/06\/25\/macron-alerta-del-riesgo-de-guerra-civil-en-francia-si-gobiernan-los-extremos\/#respond"]}]},{"@type":"WebPage","@id":"https:\/\/www.eldiario.net\/portal\/2024\/06\/25\/macron-alerta-del-riesgo-de-guerra-civil-en-francia-si-gobiernan-los-extremos\/","url":"https:\/\/www.eldiario.net\/portal\/2024\/06\/25\/macron-alerta-del-riesgo-de-guerra-civil-en-francia-si-gobiernan-los-extremos\/","name":"Macron alerta del riesgo de guerra civil en Francia si gobiernan los extremos - El Diario - Bolivia","isPartOf":{"@id":"https:\/\/www.eldiario.net\/portal\/#website"},"primaryImageOfPage":{"@id":"https:\/\/www.eldiario.net\/portal\/2024\/06\/25\/macron-alerta-del-riesgo-de-guerra-civil-en-francia-si-gobiernan-los-extremos\/#primaryimage"},"image":{"@id":"https:\/\/www.eldiario.net\/portal\/2024\/06\/25\/macron-alerta-del-riesgo-de-guerra-civil-en-francia-si-gobiernan-los-extremos\/#primaryimage"},"thumbnailUrl":"https:\/\/www.eldiario.net\/portal\/wp-content\/uploads\/2024\/06\/Macron-AFP.jpg","datePublished":"2024-06-25T10:29:23+00:00","breadcrumb":{"@id":"https:\/\/www.eldiario.net\/portal\/2024\/06\/25\/macron-alerta-del-riesgo-de-guerra-civil-en-francia-si-gobiernan-los-extremos\/#breadcrumb"},"inLanguage":"es","potentialAction":[{"@type":"ReadAction","target":["https:\/\/www.eldiario.net\/portal\/2024\/06\/25\/macron-alerta-del-riesgo-de-guerra-civil-en-francia-si-gobiernan-los-extremos\/"]}]},{"@type":"ImageObject","inLanguage":"es","@id":"https:\/\/www.eldiario.net\/portal\/2024\/06\/25\/macron-alerta-del-riesgo-de-guerra-civil-en-francia-si-gobiernan-los-extremos\/#primaryimage","url":"https:\/\/www.eldiario.net\/portal\/wp-content\/uploads\/2024\/06\/Macron-AFP.jpg","contentUrl":"https:\/\/www.eldiario.net\/portal\/wp-content\/uploads\/2024\/06\/Macron-AFP.jpg","width":1600,"height":900,"caption":"El presidente franc\u00e9s, Emmanuel Macron, habla durante el festival anual de m\u00fasica en el patio del palacio presidencial del El\u00edseo en Par\u00eds. CR\u00c9DITO: AFP"},{"@type":"BreadcrumbList","@id":"https:\/\/www.eldiario.net\/portal\/2024\/06\/25\/macron-alerta-del-riesgo-de-guerra-civil-en-francia-si-gobiernan-los-extremos\/#breadcrumb","itemListElement":[{"@type":"ListItem","position":1,"name":"Portada","item":"https:\/\/www.eldiario.net\/portal\/"},{"@type":"ListItem","position":2,"name":"Macron alerta del riesgo de guerra civil en Francia si gobiernan los extremos"}]},{"@type":"WebSite","@id":"https:\/\/www.eldiario.net\/portal\/#website","url":"https:\/\/www.eldiario.net\/portal\/","name":"El Diario - Decano de la prensa nacional","description":"El Diario - Decano de la prensa nacional","publisher":{"@id":"https:\/\/www.eldiario.net\/portal\/#organization"},"potentialAction":[{"@type":"SearchAction","target":{"@type":"EntryPoint","urlTemplate":"https:\/\/www.eldiario.net\/portal\/?s={search_term_string}"},"query-input":{"@type":"PropertyValueSpecification","valueRequired":true,"valueName":"search_term_string"}}],"inLanguage":"es"},{"@type":"Organization","@id":"https:\/\/www.eldiario.net\/portal\/#organization","name":"El Diario - Decano de la prensa nacional","url":"https:\/\/www.eldiario.net\/portal\/","logo":{"@type":"ImageObject","inLanguage":"es","@id":"https:\/\/www.eldiario.net\/portal\/#\/schema\/logo\/image\/","url":"https:\/\/www.eldiario.net\/portal\/wp-content\/uploads\/2023\/07\/logo_ED.jpg","contentUrl":"https:\/\/www.eldiario.net\/portal\/wp-content\/uploads\/2023\/07\/logo_ED.jpg","width":272,"height":52,"caption":"El Diario - Decano de la prensa nacional"},"image":{"@id":"https:\/\/www.eldiario.net\/portal\/#\/schema\/logo\/image\/"},"sameAs":["https:\/\/www.facebook.com\/eldiario.bolivia\/","https:\/\/x.com\/eldiario_net"]},{"@type":"Person","@id":"https:\/\/www.eldiario.net\/portal\/#\/schema\/person\/f46445640444750d7d753ccd04ae01b7","name":"Jeanette","image":{"@type":"ImageObject","inLanguage":"es","@id":"https:\/\/secure.gravatar.com\/avatar\/3ea2118a5f7dad2b7138b1187a6b7ee55f160b9968b66013c3a3ef39dd7e5798?s=96&d=mm&r=g","url":"https:\/\/secure.gravatar.com\/avatar\/3ea2118a5f7dad2b7138b1187a6b7ee55f160b9968b66013c3a3ef39dd7e5798?s=96&d=mm&r=g","contentUrl":"https:\/\/secure.gravatar.com\/avatar\/3ea2118a5f7dad2b7138b1187a6b7ee55f160b9968b66013c3a3ef39dd7e5798?s=96&d=mm&r=g","caption":"Jeanette"},"sameAs":["https:\/\/www.eldiario.net\/portal"],"url":"https:\/\/www.eldiario.net\/portal\/author\/jeanette\/"}]}},"_links":{"self":[{"href":"https:\/\/www.eldiario.net\/portal\/wp-json\/wp\/v2\/posts\/229654","targetHints":{"allow":["GET"]}}],"collection":[{"href":"https:\/\/www.eldiario.net\/portal\/wp-json\/wp\/v2\/posts"}],"about":[{"href":"https:\/\/www.eldiario.net\/portal\/wp-json\/wp\/v2\/types\/post"}],"author":[{"embeddable":true,"href":"https:\/\/www.eldiario.net\/portal\/wp-json\/wp\/v2\/users\/1"}],"replies":[{"embeddable":true,"href":"https:\/\/www.eldiario.net\/portal\/wp-json\/wp\/v2\/comments?post=229654"}],"version-history":[{"count":1,"href":"https:\/\/www.eldiario.net\/portal\/wp-json\/wp\/v2\/posts\/229654\/revisions"}],"predecessor-version":[{"id":229656,"href":"https:\/\/www.eldiario.net\/portal\/wp-json\/wp\/v2\/posts\/229654\/revisions\/229656"}],"wp:featuredmedia":[{"embeddable":true,"href":"https:\/\/www.eldiario.net\/portal\/wp-json\/wp\/v2\/media\/229655"}],"wp:attachment":[{"href":"https:\/\/www.eldiario.net\/portal\/wp-json\/wp\/v2\/media?parent=229654"}],"wp:term":[{"taxonomy":"category","embeddable":true,"href":"https:\/\/www.eldiario.net\/portal\/wp-json\/wp\/v2\/categories?post=229654"},{"taxonomy":"post_tag","embeddable":true,"href":"https:\/\/www.eldiario.net\/portal\/wp-json\/wp\/v2\/tags?post=229654"}],"curies":[{"name":"wp","href":"https:\/\/api.w.org\/{rel}","templated":true}]}}