{"id":229651,"date":"2024-06-25T06:28:33","date_gmt":"2024-06-25T10:28:33","guid":{"rendered":"https:\/\/www.eldiario.net\/portal\/?p=229651"},"modified":"2024-06-25T06:28:33","modified_gmt":"2024-06-25T10:28:33","slug":"800-de-20-000-menores-secuestrados-por-rusia-volvieron-con-sus-tutores","status":"publish","type":"post","link":"https:\/\/www.eldiario.net\/portal\/2024\/06\/25\/800-de-20-000-menores-secuestrados-por-rusia-volvieron-con-sus-tutores\/","title":{"rendered":"800 de 20.000 menores secuestrados  por Rusia volvieron con sus tutores"},"content":{"rendered":"<p class=\"v1MsoNormal\">Las autoridades ucranianas han estimado en unos 800 los menores de edad que han logrado volver con sus tutores tras haber sido \u00absecuestrados\u00bb por Rusia, de un total de 20.000, si bien han reconocido que es dif\u00edcil establecer un n\u00famero exacto.<\/p>\n<p class=\"v1MsoNormal\">La vice primera ministra de Ucrania, Irina Vereshchuk, sostuvo que se trata de un proceso \u00abmuy complicado\u00bb el poder precisar en esta cuesti\u00f3n, ya que Rusia, ha dicho, no proporciona listas de aquellos a quienes \u00abha deportado ilegalmente\u00bb.<\/p>\n<p class=\"v1MsoNormal\">En ese sentido, ha hecho un llamamiento a la comunidad internacional para que presione en este sentido debido al gran n\u00famero de menores de edad que han quedado hu\u00e9rfanos como consecuencia de esta guerra.<\/p>\n<p class=\"v1MsoNormal\">\u00abHoy no sabemos el n\u00famero exacto de ni\u00f1os que se han llevado. Hemos logrado establecer que son unos 20.000 ni\u00f1os, de los cuales 800 ya han sido tra\u00eddos de vuelta\u00bb, revel\u00f3 Vereshchuk en una entrevista para la cadena ucraniana Canal 24.<\/p>\n<p class=\"v1MsoNormal\">Vereshchuk explic\u00f3 que han logrado establecer el paradero de algunos de estos menores desaparecidos en terceros pa\u00edses gracias a organismos como Europol, o distintas instituciones europeas y mundiales que se encargan de este tipo de casos.<\/p>\n<p class=\"v1MsoNormal\">A\u00fan as\u00ed, ha reclamado que la comunidad internacional aplique sanciones contra los responsables de estas \u00abdeportaciones ilegales\u00bb tan duras que comprendan que si contin\u00faan con \u00abel genocidio del pueblo ucraniano\u00bb acabar\u00e1n en prisi\u00f3n, lo que acelerar\u00eda la entrega de todos estos menores. (Europa Press)<\/p>\n","protected":false},"excerpt":{"rendered":"<p>Las autoridades ucranianas han estimado en unos 800 los menores de edad que han logrado volver con sus tutores tras haber sido \u00absecuestrados\u00bb por Rusia, de un total de 20.000, si bien han reconocido que es dif\u00edcil establecer un n\u00famero exacto. La vice primera ministra de Ucrania, Irina Vereshchuk, sostuvo que se trata de un [&hellip;]<\/p>\n","protected":false},"author":1,"featured_media":229652,"comment_status":"open","ping_status":"open","sticky":false,"template":"","format":"standard","meta":{"_acf_changed":false,"footnotes":""},"categories":[3],"tags":[],"class_list":["post-229651","post","type-post","status-publish","format-standard","has-post-thumbnail","category-internacional"],"acf":{"antetitulo":"Ucrania"},"yoast_head":"<!-- This site is optimized with the Yoast SEO plugin v28.3 - https:\/\/yoast.com\/product\/yoast-seo-wordpress\/ -->\n<title>800 de 20.000 menores secuestrados por Rusia volvieron con sus tutores - El Diario - Bolivia<\/title>\n<meta name=\"robots\" content=\"index, follow, max-snippet:-1, max-image-preview:large, max-video-preview:-1\" \/>\n<link rel=\"canonical\" href=\"https:\/\/www.eldiario.net\/portal\/2024\/06\/25\/800-de-20-000-menores-secuestrados-por-rusia-volvieron-con-sus-tutores\/\" \/>\n<meta property=\"og:locale\" content=\"es_ES\" \/>\n<meta property=\"og:type\" content=\"article\" \/>\n<meta property=\"og:title\" content=\"800 de 20.000 menores secuestrados por Rusia volvieron con sus tutores - El Diario - Bolivia\" \/>\n<meta property=\"og:description\" content=\"Las autoridades ucranianas han estimado en unos 800 los menores de edad que han logrado volver con sus tutores tras haber sido \u00absecuestrados\u00bb por Rusia, de un total de 20.000, si bien han reconocido que es dif\u00edcil establecer un n\u00famero exacto. La vice primera ministra de Ucrania, Irina Vereshchuk, sostuvo que se trata de un [&hellip;]\" \/>\n<meta property=\"og:url\" content=\"https:\/\/www.eldiario.net\/portal\/2024\/06\/25\/800-de-20-000-menores-secuestrados-por-rusia-volvieron-con-sus-tutores\/\" \/>\n<meta property=\"og:site_name\" content=\"El Diario - Bolivia\" \/>\n<meta property=\"article:publisher\" content=\"https:\/\/www.facebook.com\/eldiario.bolivia\/\" \/>\n<meta property=\"article:published_time\" content=\"2024-06-25T10:28:33+00:00\" \/>\n<meta property=\"og:image\" content=\"https:\/\/www.eldiario.net\/portal\/wp-content\/uploads\/2024\/06\/Menores-Europa-Press.jpg\" \/>\n\t<meta property=\"og:image:width\" content=\"690\" \/>\n\t<meta property=\"og:image:height\" content=\"476\" \/>\n\t<meta property=\"og:image:type\" content=\"image\/jpeg\" \/>\n<meta name=\"author\" content=\"Jeanette\" \/>\n<meta name=\"twitter:card\" content=\"summary_large_image\" \/>\n<meta name=\"twitter:creator\" content=\"@eldiario_net\" \/>\n<meta name=\"twitter:site\" content=\"@eldiario_net\" \/>\n<meta name=\"twitter:label1\" content=\"Escrito por\" \/>\n\t<meta name=\"twitter:data1\" content=\"Jeanette\" \/>\n\t<meta name=\"twitter:label2\" content=\"Tiempo de lectura\" \/>\n\t<meta name=\"twitter:data2\" content=\"2 minutos\" \/>\n<script type=\"application\/ld+json\" class=\"yoast-schema-graph\">{\"@context\":\"https:\\\/\\\/schema.org\",\"@graph\":[{\"@type\":\"Article\",\"@id\":\"https:\\\/\\\/www.eldiario.net\\\/portal\\\/2024\\\/06\\\/25\\\/800-de-20-000-menores-secuestrados-por-rusia-volvieron-con-sus-tutores\\\/#article\",\"isPartOf\":{\"@id\":\"https:\\\/\\\/www.eldiario.net\\\/portal\\\/2024\\\/06\\\/25\\\/800-de-20-000-menores-secuestrados-por-rusia-volvieron-con-sus-tutores\\\/\"},\"author\":{\"name\":\"Jeanette\",\"@id\":\"https:\\\/\\\/www.eldiario.net\\\/portal\\\/#\\\/schema\\\/person\\\/f46445640444750d7d753ccd04ae01b7\"},\"headline\":\"800 de 20.000 menores secuestrados por Rusia volvieron con sus tutores\",\"datePublished\":\"2024-06-25T10:28:33+00:00\",\"mainEntityOfPage\":{\"@id\":\"https:\\\/\\\/www.eldiario.net\\\/portal\\\/2024\\\/06\\\/25\\\/800-de-20-000-menores-secuestrados-por-rusia-volvieron-con-sus-tutores\\\/\"},\"wordCount\":253,\"commentCount\":0,\"publisher\":{\"@id\":\"https:\\\/\\\/www.eldiario.net\\\/portal\\\/#organization\"},\"image\":{\"@id\":\"https:\\\/\\\/www.eldiario.net\\\/portal\\\/2024\\\/06\\\/25\\\/800-de-20-000-menores-secuestrados-por-rusia-volvieron-con-sus-tutores\\\/#primaryimage\"},\"thumbnailUrl\":\"https:\\\/\\\/www.eldiario.net\\\/portal\\\/wp-content\\\/uploads\\\/2024\\\/06\\\/Menores-Europa-Press.jpg\",\"articleSection\":[\"Internacional\"],\"inLanguage\":\"es\",\"potentialAction\":[{\"@type\":\"CommentAction\",\"name\":\"Comment\",\"target\":[\"https:\\\/\\\/www.eldiario.net\\\/portal\\\/2024\\\/06\\\/25\\\/800-de-20-000-menores-secuestrados-por-rusia-volvieron-con-sus-tutores\\\/#respond\"]}]},{\"@type\":\"WebPage\",\"@id\":\"https:\\\/\\\/www.eldiario.net\\\/portal\\\/2024\\\/06\\\/25\\\/800-de-20-000-menores-secuestrados-por-rusia-volvieron-con-sus-tutores\\\/\",\"url\":\"https:\\\/\\\/www.eldiario.net\\\/portal\\\/2024\\\/06\\\/25\\\/800-de-20-000-menores-secuestrados-por-rusia-volvieron-con-sus-tutores\\\/\",\"name\":\"800 de 20.000 menores secuestrados por Rusia volvieron con sus tutores - El Diario - Bolivia\",\"isPartOf\":{\"@id\":\"https:\\\/\\\/www.eldiario.net\\\/portal\\\/#website\"},\"primaryImageOfPage\":{\"@id\":\"https:\\\/\\\/www.eldiario.net\\\/portal\\\/2024\\\/06\\\/25\\\/800-de-20-000-menores-secuestrados-por-rusia-volvieron-con-sus-tutores\\\/#primaryimage\"},\"image\":{\"@id\":\"https:\\\/\\\/www.eldiario.net\\\/portal\\\/2024\\\/06\\\/25\\\/800-de-20-000-menores-secuestrados-por-rusia-volvieron-con-sus-tutores\\\/#primaryimage\"},\"thumbnailUrl\":\"https:\\\/\\\/www.eldiario.net\\\/portal\\\/wp-content\\\/uploads\\\/2024\\\/06\\\/Menores-Europa-Press.jpg\",\"datePublished\":\"2024-06-25T10:28:33+00:00\",\"breadcrumb\":{\"@id\":\"https:\\\/\\\/www.eldiario.net\\\/portal\\\/2024\\\/06\\\/25\\\/800-de-20-000-menores-secuestrados-por-rusia-volvieron-con-sus-tutores\\\/#breadcrumb\"},\"inLanguage\":\"es\",\"potentialAction\":[{\"@type\":\"ReadAction\",\"target\":[\"https:\\\/\\\/www.eldiario.net\\\/portal\\\/2024\\\/06\\\/25\\\/800-de-20-000-menores-secuestrados-por-rusia-volvieron-con-sus-tutores\\\/\"]}]},{\"@type\":\"ImageObject\",\"inLanguage\":\"es\",\"@id\":\"https:\\\/\\\/www.eldiario.net\\\/portal\\\/2024\\\/06\\\/25\\\/800-de-20-000-menores-secuestrados-por-rusia-volvieron-con-sus-tutores\\\/#primaryimage\",\"url\":\"https:\\\/\\\/www.eldiario.net\\\/portal\\\/wp-content\\\/uploads\\\/2024\\\/06\\\/Menores-Europa-Press.jpg\",\"contentUrl\":\"https:\\\/\\\/www.eldiario.net\\\/portal\\\/wp-content\\\/uploads\\\/2024\\\/06\\\/Menores-Europa-Press.jpg\",\"width\":690,\"height\":476,\"caption\":\"Un grupo de ni\u00f1os en un colegio de Odesa. (Archivo) CR\u00c9DITO: Europa Press\"},{\"@type\":\"BreadcrumbList\",\"@id\":\"https:\\\/\\\/www.eldiario.net\\\/portal\\\/2024\\\/06\\\/25\\\/800-de-20-000-menores-secuestrados-por-rusia-volvieron-con-sus-tutores\\\/#breadcrumb\",\"itemListElement\":[{\"@type\":\"ListItem\",\"position\":1,\"name\":\"Portada\",\"item\":\"https:\\\/\\\/www.eldiario.net\\\/portal\\\/\"},{\"@type\":\"ListItem\",\"position\":2,\"name\":\"800 de 20.000 menores secuestrados por Rusia volvieron con sus tutores\"}]},{\"@type\":\"WebSite\",\"@id\":\"https:\\\/\\\/www.eldiario.net\\\/portal\\\/#website\",\"url\":\"https:\\\/\\\/www.eldiario.net\\\/portal\\\/\",\"name\":\"El Diario - Decano de la prensa nacional\",\"description\":\"El Diario - Decano de la prensa nacional\",\"publisher\":{\"@id\":\"https:\\\/\\\/www.eldiario.net\\\/portal\\\/#organization\"},\"potentialAction\":[{\"@type\":\"SearchAction\",\"target\":{\"@type\":\"EntryPoint\",\"urlTemplate\":\"https:\\\/\\\/www.eldiario.net\\\/portal\\\/?s={search_term_string}\"},\"query-input\":{\"@type\":\"PropertyValueSpecification\",\"valueRequired\":true,\"valueName\":\"search_term_string\"}}],\"inLanguage\":\"es\"},{\"@type\":\"Organization\",\"@id\":\"https:\\\/\\\/www.eldiario.net\\\/portal\\\/#organization\",\"name\":\"El Diario - Decano de la prensa nacional\",\"url\":\"https:\\\/\\\/www.eldiario.net\\\/portal\\\/\",\"logo\":{\"@type\":\"ImageObject\",\"inLanguage\":\"es\",\"@id\":\"https:\\\/\\\/www.eldiario.net\\\/portal\\\/#\\\/schema\\\/logo\\\/image\\\/\",\"url\":\"https:\\\/\\\/www.eldiario.net\\\/portal\\\/wp-content\\\/uploads\\\/2023\\\/07\\\/logo_ED.jpg\",\"contentUrl\":\"https:\\\/\\\/www.eldiario.net\\\/portal\\\/wp-content\\\/uploads\\\/2023\\\/07\\\/logo_ED.jpg\",\"width\":272,\"height\":52,\"caption\":\"El Diario - Decano de la prensa nacional\"},\"image\":{\"@id\":\"https:\\\/\\\/www.eldiario.net\\\/portal\\\/#\\\/schema\\\/logo\\\/image\\\/\"},\"sameAs\":[\"https:\\\/\\\/www.facebook.com\\\/eldiario.bolivia\\\/\",\"https:\\\/\\\/x.com\\\/eldiario_net\"]},{\"@type\":\"Person\",\"@id\":\"https:\\\/\\\/www.eldiario.net\\\/portal\\\/#\\\/schema\\\/person\\\/f46445640444750d7d753ccd04ae01b7\",\"name\":\"Jeanette\",\"image\":{\"@type\":\"ImageObject\",\"inLanguage\":\"es\",\"@id\":\"https:\\\/\\\/secure.gravatar.com\\\/avatar\\\/3ea2118a5f7dad2b7138b1187a6b7ee55f160b9968b66013c3a3ef39dd7e5798?s=96&d=mm&r=g\",\"url\":\"https:\\\/\\\/secure.gravatar.com\\\/avatar\\\/3ea2118a5f7dad2b7138b1187a6b7ee55f160b9968b66013c3a3ef39dd7e5798?s=96&d=mm&r=g\",\"contentUrl\":\"https:\\\/\\\/secure.gravatar.com\\\/avatar\\\/3ea2118a5f7dad2b7138b1187a6b7ee55f160b9968b66013c3a3ef39dd7e5798?s=96&d=mm&r=g\",\"caption\":\"Jeanette\"},\"sameAs\":[\"https:\\\/\\\/www.eldiario.net\\\/portal\"],\"url\":\"https:\\\/\\\/www.eldiario.net\\\/portal\\\/author\\\/jeanette\\\/\"}]}<\/script>\n<!-- \/ Yoast SEO plugin. -->","yoast_head_json":{"title":"800 de 20.000 menores secuestrados por Rusia volvieron con sus tutores - El Diario - Bolivia","robots":{"index":"index","follow":"follow","max-snippet":"max-snippet:-1","max-image-preview":"max-image-preview:large","max-video-preview":"max-video-preview:-1"},"canonical":"https:\/\/www.eldiario.net\/portal\/2024\/06\/25\/800-de-20-000-menores-secuestrados-por-rusia-volvieron-con-sus-tutores\/","og_locale":"es_ES","og_type":"article","og_title":"800 de 20.000 menores secuestrados por Rusia volvieron con sus tutores - El Diario - Bolivia","og_description":"Las autoridades ucranianas han estimado en unos 800 los menores de edad que han logrado volver con sus tutores tras haber sido \u00absecuestrados\u00bb por Rusia, de un total de 20.000, si bien han reconocido que es dif\u00edcil establecer un n\u00famero exacto. La vice primera ministra de Ucrania, Irina Vereshchuk, sostuvo que se trata de un [&hellip;]","og_url":"https:\/\/www.eldiario.net\/portal\/2024\/06\/25\/800-de-20-000-menores-secuestrados-por-rusia-volvieron-con-sus-tutores\/","og_site_name":"El Diario - Bolivia","article_publisher":"https:\/\/www.facebook.com\/eldiario.bolivia\/","article_published_time":"2024-06-25T10:28:33+00:00","og_image":[{"width":690,"height":476,"url":"https:\/\/www.eldiario.net\/portal\/wp-content\/uploads\/2024\/06\/Menores-Europa-Press.jpg","type":"image\/jpeg"}],"author":"Jeanette","twitter_card":"summary_large_image","twitter_creator":"@eldiario_net","twitter_site":"@eldiario_net","twitter_misc":{"Escrito por":"Jeanette","Tiempo de lectura":"2 minutos"},"schema":{"@context":"https:\/\/schema.org","@graph":[{"@type":"Article","@id":"https:\/\/www.eldiario.net\/portal\/2024\/06\/25\/800-de-20-000-menores-secuestrados-por-rusia-volvieron-con-sus-tutores\/#article","isPartOf":{"@id":"https:\/\/www.eldiario.net\/portal\/2024\/06\/25\/800-de-20-000-menores-secuestrados-por-rusia-volvieron-con-sus-tutores\/"},"author":{"name":"Jeanette","@id":"https:\/\/www.eldiario.net\/portal\/#\/schema\/person\/f46445640444750d7d753ccd04ae01b7"},"headline":"800 de 20.000 menores secuestrados por Rusia volvieron con sus tutores","datePublished":"2024-06-25T10:28:33+00:00","mainEntityOfPage":{"@id":"https:\/\/www.eldiario.net\/portal\/2024\/06\/25\/800-de-20-000-menores-secuestrados-por-rusia-volvieron-con-sus-tutores\/"},"wordCount":253,"commentCount":0,"publisher":{"@id":"https:\/\/www.eldiario.net\/portal\/#organization"},"image":{"@id":"https:\/\/www.eldiario.net\/portal\/2024\/06\/25\/800-de-20-000-menores-secuestrados-por-rusia-volvieron-con-sus-tutores\/#primaryimage"},"thumbnailUrl":"https:\/\/www.eldiario.net\/portal\/wp-content\/uploads\/2024\/06\/Menores-Europa-Press.jpg","articleSection":["Internacional"],"inLanguage":"es","potentialAction":[{"@type":"CommentAction","name":"Comment","target":["https:\/\/www.eldiario.net\/portal\/2024\/06\/25\/800-de-20-000-menores-secuestrados-por-rusia-volvieron-con-sus-tutores\/#respond"]}]},{"@type":"WebPage","@id":"https:\/\/www.eldiario.net\/portal\/2024\/06\/25\/800-de-20-000-menores-secuestrados-por-rusia-volvieron-con-sus-tutores\/","url":"https:\/\/www.eldiario.net\/portal\/2024\/06\/25\/800-de-20-000-menores-secuestrados-por-rusia-volvieron-con-sus-tutores\/","name":"800 de 20.000 menores secuestrados por Rusia volvieron con sus tutores - El Diario - Bolivia","isPartOf":{"@id":"https:\/\/www.eldiario.net\/portal\/#website"},"primaryImageOfPage":{"@id":"https:\/\/www.eldiario.net\/portal\/2024\/06\/25\/800-de-20-000-menores-secuestrados-por-rusia-volvieron-con-sus-tutores\/#primaryimage"},"image":{"@id":"https:\/\/www.eldiario.net\/portal\/2024\/06\/25\/800-de-20-000-menores-secuestrados-por-rusia-volvieron-con-sus-tutores\/#primaryimage"},"thumbnailUrl":"https:\/\/www.eldiario.net\/portal\/wp-content\/uploads\/2024\/06\/Menores-Europa-Press.jpg","datePublished":"2024-06-25T10:28:33+00:00","breadcrumb":{"@id":"https:\/\/www.eldiario.net\/portal\/2024\/06\/25\/800-de-20-000-menores-secuestrados-por-rusia-volvieron-con-sus-tutores\/#breadcrumb"},"inLanguage":"es","potentialAction":[{"@type":"ReadAction","target":["https:\/\/www.eldiario.net\/portal\/2024\/06\/25\/800-de-20-000-menores-secuestrados-por-rusia-volvieron-con-sus-tutores\/"]}]},{"@type":"ImageObject","inLanguage":"es","@id":"https:\/\/www.eldiario.net\/portal\/2024\/06\/25\/800-de-20-000-menores-secuestrados-por-rusia-volvieron-con-sus-tutores\/#primaryimage","url":"https:\/\/www.eldiario.net\/portal\/wp-content\/uploads\/2024\/06\/Menores-Europa-Press.jpg","contentUrl":"https:\/\/www.eldiario.net\/portal\/wp-content\/uploads\/2024\/06\/Menores-Europa-Press.jpg","width":690,"height":476,"caption":"Un grupo de ni\u00f1os en un colegio de Odesa. (Archivo) CR\u00c9DITO: Europa Press"},{"@type":"BreadcrumbList","@id":"https:\/\/www.eldiario.net\/portal\/2024\/06\/25\/800-de-20-000-menores-secuestrados-por-rusia-volvieron-con-sus-tutores\/#breadcrumb","itemListElement":[{"@type":"ListItem","position":1,"name":"Portada","item":"https:\/\/www.eldiario.net\/portal\/"},{"@type":"ListItem","position":2,"name":"800 de 20.000 menores secuestrados por Rusia volvieron con sus tutores"}]},{"@type":"WebSite","@id":"https:\/\/www.eldiario.net\/portal\/#website","url":"https:\/\/www.eldiario.net\/portal\/","name":"El Diario - Decano de la prensa nacional","description":"El Diario - Decano de la prensa nacional","publisher":{"@id":"https:\/\/www.eldiario.net\/portal\/#organization"},"potentialAction":[{"@type":"SearchAction","target":{"@type":"EntryPoint","urlTemplate":"https:\/\/www.eldiario.net\/portal\/?s={search_term_string}"},"query-input":{"@type":"PropertyValueSpecification","valueRequired":true,"valueName":"search_term_string"}}],"inLanguage":"es"},{"@type":"Organization","@id":"https:\/\/www.eldiario.net\/portal\/#organization","name":"El Diario - Decano de la prensa nacional","url":"https:\/\/www.eldiario.net\/portal\/","logo":{"@type":"ImageObject","inLanguage":"es","@id":"https:\/\/www.eldiario.net\/portal\/#\/schema\/logo\/image\/","url":"https:\/\/www.eldiario.net\/portal\/wp-content\/uploads\/2023\/07\/logo_ED.jpg","contentUrl":"https:\/\/www.eldiario.net\/portal\/wp-content\/uploads\/2023\/07\/logo_ED.jpg","width":272,"height":52,"caption":"El Diario - Decano de la prensa nacional"},"image":{"@id":"https:\/\/www.eldiario.net\/portal\/#\/schema\/logo\/image\/"},"sameAs":["https:\/\/www.facebook.com\/eldiario.bolivia\/","https:\/\/x.com\/eldiario_net"]},{"@type":"Person","@id":"https:\/\/www.eldiario.net\/portal\/#\/schema\/person\/f46445640444750d7d753ccd04ae01b7","name":"Jeanette","image":{"@type":"ImageObject","inLanguage":"es","@id":"https:\/\/secure.gravatar.com\/avatar\/3ea2118a5f7dad2b7138b1187a6b7ee55f160b9968b66013c3a3ef39dd7e5798?s=96&d=mm&r=g","url":"https:\/\/secure.gravatar.com\/avatar\/3ea2118a5f7dad2b7138b1187a6b7ee55f160b9968b66013c3a3ef39dd7e5798?s=96&d=mm&r=g","contentUrl":"https:\/\/secure.gravatar.com\/avatar\/3ea2118a5f7dad2b7138b1187a6b7ee55f160b9968b66013c3a3ef39dd7e5798?s=96&d=mm&r=g","caption":"Jeanette"},"sameAs":["https:\/\/www.eldiario.net\/portal"],"url":"https:\/\/www.eldiario.net\/portal\/author\/jeanette\/"}]}},"_links":{"self":[{"href":"https:\/\/www.eldiario.net\/portal\/wp-json\/wp\/v2\/posts\/229651","targetHints":{"allow":["GET"]}}],"collection":[{"href":"https:\/\/www.eldiario.net\/portal\/wp-json\/wp\/v2\/posts"}],"about":[{"href":"https:\/\/www.eldiario.net\/portal\/wp-json\/wp\/v2\/types\/post"}],"author":[{"embeddable":true,"href":"https:\/\/www.eldiario.net\/portal\/wp-json\/wp\/v2\/users\/1"}],"replies":[{"embeddable":true,"href":"https:\/\/www.eldiario.net\/portal\/wp-json\/wp\/v2\/comments?post=229651"}],"version-history":[{"count":1,"href":"https:\/\/www.eldiario.net\/portal\/wp-json\/wp\/v2\/posts\/229651\/revisions"}],"predecessor-version":[{"id":229653,"href":"https:\/\/www.eldiario.net\/portal\/wp-json\/wp\/v2\/posts\/229651\/revisions\/229653"}],"wp:featuredmedia":[{"embeddable":true,"href":"https:\/\/www.eldiario.net\/portal\/wp-json\/wp\/v2\/media\/229652"}],"wp:attachment":[{"href":"https:\/\/www.eldiario.net\/portal\/wp-json\/wp\/v2\/media?parent=229651"}],"wp:term":[{"taxonomy":"category","embeddable":true,"href":"https:\/\/www.eldiario.net\/portal\/wp-json\/wp\/v2\/categories?post=229651"},{"taxonomy":"post_tag","embeddable":true,"href":"https:\/\/www.eldiario.net\/portal\/wp-json\/wp\/v2\/tags?post=229651"}],"curies":[{"name":"wp","href":"https:\/\/api.w.org\/{rel}","templated":true}]}}