{"id":229648,"date":"2024-06-25T06:26:46","date_gmt":"2024-06-25T10:26:46","guid":{"rendered":"https:\/\/www.eldiario.net\/portal\/?p=229648"},"modified":"2024-06-25T06:26:46","modified_gmt":"2024-06-25T10:26:46","slug":"incendio-en-fabrica-de-baterias-de-litio-ocasiona-muerte-de-personas","status":"publish","type":"post","link":"https:\/\/www.eldiario.net\/portal\/2024\/06\/25\/incendio-en-fabrica-de-baterias-de-litio-ocasiona-muerte-de-personas\/","title":{"rendered":"Incendio en f\u00e1brica de bater\u00edas de  litio ocasiona muerte de personas"},"content":{"rendered":"<p class=\"v1MsoNormal\">Un incendio en una f\u00e1brica de bater\u00edas de litio en Corea del Sur caus\u00f3 ayer la muerte de al menos 22 personas, la mayor\u00eda extranjeras, informaron autoridades locales de bomberos, report\u00f3 CNN.<\/p>\n<p class=\"v1MsoNormal\">El siniestro comenz\u00f3 alrededor de las 10:31 hora local en una instalaci\u00f3n operada por el fabricante de bater\u00edas Aricell en Hwaseong, provincia de Gyeonggi, a unos 50 kil\u00f3metros al suroeste de Se\u00fal.<\/p>\n<p class=\"v1MsoNormal\">Se apag\u00f3 alrededor de las 3:10 pm y los bomberos pudieron ingresar a la f\u00e1brica, dijo el funcionario del Departamento de Bomberos de Hwaseong, Kim Jin-young, en una sesi\u00f3n informativa.<\/p>\n<p class=\"v1MsoNormal\">De los fallecidos, dos eran coreanos y 20 extranjeros, la mayor\u00eda de nacionalidad china, a\u00f1adi\u00f3 Kim en una sesi\u00f3n informativa posterior.<\/p>\n<p class=\"v1MsoNormal\">Los equipos de rescate recuperaron varios cad\u00e1veres quemados, dijo Kim, y una persona muri\u00f3 de un paro card\u00edaco.<\/p>\n<p class=\"v1MsoNormal\">Dos personas resultaron gravemente heridas con quemaduras y cinco sufrieron heridas leves, dijo Kim.<\/p>\n<p class=\"v1MsoNormal\">El directorio de trabajadores de la f\u00e1brica se quem\u00f3, lo que dificulta el proceso de identificaci\u00f3n de las v\u00edctimas, a\u00f1adi\u00f3 Kim.<\/p>\n<p class=\"v1MsoNormal\">El presidente de Corea del Sur, Yoon Suk Yeol, orden\u00f3 al Ministerio del Interior y Seguridad y al jefe del departamento de bomberos que \u00abhagan todos los esfuerzos posibles\u00bb para rescatar a las personas \u00abmovilizando todo el personal y el equipo disponibles\u00bb.<\/p>\n<p class=\"v1MsoNormal\">Las bater\u00edas de iones de litio se encuentran en muchos productos de consumo populares y alimentan computadoras port\u00e1tiles, c\u00e1maras, tel\u00e9fonos inteligentes y veh\u00edculos el\u00e9ctricos. Pero una combinaci\u00f3n de problemas del fabricante, mal uso y bater\u00edas envejecidas pueden aumentar el riesgo de las bater\u00edas, que utilizan materiales inflamables. (CNN)<\/p>\n","protected":false},"excerpt":{"rendered":"<p>Un incendio en una f\u00e1brica de bater\u00edas de litio en Corea del Sur caus\u00f3 ayer la muerte de al menos 22 personas, la mayor\u00eda extranjeras, informaron autoridades locales de bomberos, report\u00f3 CNN. El siniestro comenz\u00f3 alrededor de las 10:31 hora local en una instalaci\u00f3n operada por el fabricante de bater\u00edas Aricell en Hwaseong, provincia de [&hellip;]<\/p>\n","protected":false},"author":1,"featured_media":229649,"comment_status":"open","ping_status":"open","sticky":false,"template":"","format":"standard","meta":{"_acf_changed":false,"footnotes":""},"categories":[3],"tags":[],"class_list":["post-229648","post","type-post","status-publish","format-standard","has-post-thumbnail","category-internacional"],"acf":{"antetitulo":"Corea del Sur"},"yoast_head":"<!-- This site is optimized with the Yoast SEO plugin v28.3 - https:\/\/yoast.com\/product\/yoast-seo-wordpress\/ -->\n<title>Incendio en f\u00e1brica de bater\u00edas de litio ocasiona muerte de personas - El Diario - Bolivia<\/title>\n<meta name=\"robots\" content=\"index, follow, max-snippet:-1, max-image-preview:large, max-video-preview:-1\" \/>\n<link rel=\"canonical\" href=\"https:\/\/www.eldiario.net\/portal\/2024\/06\/25\/incendio-en-fabrica-de-baterias-de-litio-ocasiona-muerte-de-personas\/\" \/>\n<meta property=\"og:locale\" content=\"es_ES\" \/>\n<meta property=\"og:type\" content=\"article\" \/>\n<meta property=\"og:title\" content=\"Incendio en f\u00e1brica de bater\u00edas de litio ocasiona muerte de personas - El Diario - Bolivia\" \/>\n<meta property=\"og:description\" content=\"Un incendio en una f\u00e1brica de bater\u00edas de litio en Corea del Sur caus\u00f3 ayer la muerte de al menos 22 personas, la mayor\u00eda extranjeras, informaron autoridades locales de bomberos, report\u00f3 CNN. El siniestro comenz\u00f3 alrededor de las 10:31 hora local en una instalaci\u00f3n operada por el fabricante de bater\u00edas Aricell en Hwaseong, provincia de [&hellip;]\" \/>\n<meta property=\"og:url\" content=\"https:\/\/www.eldiario.net\/portal\/2024\/06\/25\/incendio-en-fabrica-de-baterias-de-litio-ocasiona-muerte-de-personas\/\" \/>\n<meta property=\"og:site_name\" content=\"El Diario - Bolivia\" \/>\n<meta property=\"article:publisher\" content=\"https:\/\/www.facebook.com\/eldiario.bolivia\/\" \/>\n<meta property=\"article:published_time\" content=\"2024-06-25T10:26:46+00:00\" \/>\n<meta property=\"og:image\" content=\"https:\/\/www.eldiario.net\/portal\/wp-content\/uploads\/2024\/06\/incendio-corea-Reuters.webp\" \/>\n\t<meta property=\"og:image:width\" content=\"1024\" \/>\n\t<meta property=\"og:image:height\" content=\"683\" \/>\n\t<meta property=\"og:image:type\" content=\"image\/webp\" \/>\n<meta name=\"author\" content=\"Jeanette\" \/>\n<meta name=\"twitter:card\" content=\"summary_large_image\" \/>\n<meta name=\"twitter:creator\" content=\"@eldiario_net\" \/>\n<meta name=\"twitter:site\" content=\"@eldiario_net\" \/>\n<meta name=\"twitter:label1\" content=\"Escrito por\" \/>\n\t<meta name=\"twitter:data1\" content=\"Jeanette\" \/>\n\t<meta name=\"twitter:label2\" content=\"Tiempo de lectura\" \/>\n\t<meta name=\"twitter:data2\" content=\"2 minutos\" \/>\n<script type=\"application\/ld+json\" class=\"yoast-schema-graph\">{\"@context\":\"https:\\\/\\\/schema.org\",\"@graph\":[{\"@type\":\"Article\",\"@id\":\"https:\\\/\\\/www.eldiario.net\\\/portal\\\/2024\\\/06\\\/25\\\/incendio-en-fabrica-de-baterias-de-litio-ocasiona-muerte-de-personas\\\/#article\",\"isPartOf\":{\"@id\":\"https:\\\/\\\/www.eldiario.net\\\/portal\\\/2024\\\/06\\\/25\\\/incendio-en-fabrica-de-baterias-de-litio-ocasiona-muerte-de-personas\\\/\"},\"author\":{\"name\":\"Jeanette\",\"@id\":\"https:\\\/\\\/www.eldiario.net\\\/portal\\\/#\\\/schema\\\/person\\\/f46445640444750d7d753ccd04ae01b7\"},\"headline\":\"Incendio en f\u00e1brica de bater\u00edas de litio ocasiona muerte de personas\",\"datePublished\":\"2024-06-25T10:26:46+00:00\",\"mainEntityOfPage\":{\"@id\":\"https:\\\/\\\/www.eldiario.net\\\/portal\\\/2024\\\/06\\\/25\\\/incendio-en-fabrica-de-baterias-de-litio-ocasiona-muerte-de-personas\\\/\"},\"wordCount\":293,\"commentCount\":0,\"publisher\":{\"@id\":\"https:\\\/\\\/www.eldiario.net\\\/portal\\\/#organization\"},\"image\":{\"@id\":\"https:\\\/\\\/www.eldiario.net\\\/portal\\\/2024\\\/06\\\/25\\\/incendio-en-fabrica-de-baterias-de-litio-ocasiona-muerte-de-personas\\\/#primaryimage\"},\"thumbnailUrl\":\"https:\\\/\\\/www.eldiario.net\\\/portal\\\/wp-content\\\/uploads\\\/2024\\\/06\\\/incendio-corea-Reuters.webp\",\"articleSection\":[\"Internacional\"],\"inLanguage\":\"es\",\"potentialAction\":[{\"@type\":\"CommentAction\",\"name\":\"Comment\",\"target\":[\"https:\\\/\\\/www.eldiario.net\\\/portal\\\/2024\\\/06\\\/25\\\/incendio-en-fabrica-de-baterias-de-litio-ocasiona-muerte-de-personas\\\/#respond\"]}]},{\"@type\":\"WebPage\",\"@id\":\"https:\\\/\\\/www.eldiario.net\\\/portal\\\/2024\\\/06\\\/25\\\/incendio-en-fabrica-de-baterias-de-litio-ocasiona-muerte-de-personas\\\/\",\"url\":\"https:\\\/\\\/www.eldiario.net\\\/portal\\\/2024\\\/06\\\/25\\\/incendio-en-fabrica-de-baterias-de-litio-ocasiona-muerte-de-personas\\\/\",\"name\":\"Incendio en f\u00e1brica de bater\u00edas de litio ocasiona muerte de personas - El Diario - Bolivia\",\"isPartOf\":{\"@id\":\"https:\\\/\\\/www.eldiario.net\\\/portal\\\/#website\"},\"primaryImageOfPage\":{\"@id\":\"https:\\\/\\\/www.eldiario.net\\\/portal\\\/2024\\\/06\\\/25\\\/incendio-en-fabrica-de-baterias-de-litio-ocasiona-muerte-de-personas\\\/#primaryimage\"},\"image\":{\"@id\":\"https:\\\/\\\/www.eldiario.net\\\/portal\\\/2024\\\/06\\\/25\\\/incendio-en-fabrica-de-baterias-de-litio-ocasiona-muerte-de-personas\\\/#primaryimage\"},\"thumbnailUrl\":\"https:\\\/\\\/www.eldiario.net\\\/portal\\\/wp-content\\\/uploads\\\/2024\\\/06\\\/incendio-corea-Reuters.webp\",\"datePublished\":\"2024-06-25T10:26:46+00:00\",\"breadcrumb\":{\"@id\":\"https:\\\/\\\/www.eldiario.net\\\/portal\\\/2024\\\/06\\\/25\\\/incendio-en-fabrica-de-baterias-de-litio-ocasiona-muerte-de-personas\\\/#breadcrumb\"},\"inLanguage\":\"es\",\"potentialAction\":[{\"@type\":\"ReadAction\",\"target\":[\"https:\\\/\\\/www.eldiario.net\\\/portal\\\/2024\\\/06\\\/25\\\/incendio-en-fabrica-de-baterias-de-litio-ocasiona-muerte-de-personas\\\/\"]}]},{\"@type\":\"ImageObject\",\"inLanguage\":\"es\",\"@id\":\"https:\\\/\\\/www.eldiario.net\\\/portal\\\/2024\\\/06\\\/25\\\/incendio-en-fabrica-de-baterias-de-litio-ocasiona-muerte-de-personas\\\/#primaryimage\",\"url\":\"https:\\\/\\\/www.eldiario.net\\\/portal\\\/wp-content\\\/uploads\\\/2024\\\/06\\\/incendio-corea-Reuters.webp\",\"contentUrl\":\"https:\\\/\\\/www.eldiario.net\\\/portal\\\/wp-content\\\/uploads\\\/2024\\\/06\\\/incendio-corea-Reuters.webp\",\"width\":1024,\"height\":683,\"caption\":\"El personal de emergencia transporta el cuerpo de una persona que muri\u00f3 en un incendio en una f\u00e1brica de bater\u00edas de litio propiedad del fabricante surcoreano de bater\u00edas Aricell el 24 de junio de 2024. CR\u00c9DITO: Reuters\"},{\"@type\":\"BreadcrumbList\",\"@id\":\"https:\\\/\\\/www.eldiario.net\\\/portal\\\/2024\\\/06\\\/25\\\/incendio-en-fabrica-de-baterias-de-litio-ocasiona-muerte-de-personas\\\/#breadcrumb\",\"itemListElement\":[{\"@type\":\"ListItem\",\"position\":1,\"name\":\"Portada\",\"item\":\"https:\\\/\\\/www.eldiario.net\\\/portal\\\/\"},{\"@type\":\"ListItem\",\"position\":2,\"name\":\"Incendio en f\u00e1brica de bater\u00edas de litio ocasiona muerte de personas\"}]},{\"@type\":\"WebSite\",\"@id\":\"https:\\\/\\\/www.eldiario.net\\\/portal\\\/#website\",\"url\":\"https:\\\/\\\/www.eldiario.net\\\/portal\\\/\",\"name\":\"El Diario - Decano de la prensa nacional\",\"description\":\"El Diario - Decano de la prensa nacional\",\"publisher\":{\"@id\":\"https:\\\/\\\/www.eldiario.net\\\/portal\\\/#organization\"},\"potentialAction\":[{\"@type\":\"SearchAction\",\"target\":{\"@type\":\"EntryPoint\",\"urlTemplate\":\"https:\\\/\\\/www.eldiario.net\\\/portal\\\/?s={search_term_string}\"},\"query-input\":{\"@type\":\"PropertyValueSpecification\",\"valueRequired\":true,\"valueName\":\"search_term_string\"}}],\"inLanguage\":\"es\"},{\"@type\":\"Organization\",\"@id\":\"https:\\\/\\\/www.eldiario.net\\\/portal\\\/#organization\",\"name\":\"El Diario - Decano de la prensa nacional\",\"url\":\"https:\\\/\\\/www.eldiario.net\\\/portal\\\/\",\"logo\":{\"@type\":\"ImageObject\",\"inLanguage\":\"es\",\"@id\":\"https:\\\/\\\/www.eldiario.net\\\/portal\\\/#\\\/schema\\\/logo\\\/image\\\/\",\"url\":\"https:\\\/\\\/www.eldiario.net\\\/portal\\\/wp-content\\\/uploads\\\/2023\\\/07\\\/logo_ED.jpg\",\"contentUrl\":\"https:\\\/\\\/www.eldiario.net\\\/portal\\\/wp-content\\\/uploads\\\/2023\\\/07\\\/logo_ED.jpg\",\"width\":272,\"height\":52,\"caption\":\"El Diario - Decano de la prensa nacional\"},\"image\":{\"@id\":\"https:\\\/\\\/www.eldiario.net\\\/portal\\\/#\\\/schema\\\/logo\\\/image\\\/\"},\"sameAs\":[\"https:\\\/\\\/www.facebook.com\\\/eldiario.bolivia\\\/\",\"https:\\\/\\\/x.com\\\/eldiario_net\"]},{\"@type\":\"Person\",\"@id\":\"https:\\\/\\\/www.eldiario.net\\\/portal\\\/#\\\/schema\\\/person\\\/f46445640444750d7d753ccd04ae01b7\",\"name\":\"Jeanette\",\"image\":{\"@type\":\"ImageObject\",\"inLanguage\":\"es\",\"@id\":\"https:\\\/\\\/secure.gravatar.com\\\/avatar\\\/3ea2118a5f7dad2b7138b1187a6b7ee55f160b9968b66013c3a3ef39dd7e5798?s=96&d=mm&r=g\",\"url\":\"https:\\\/\\\/secure.gravatar.com\\\/avatar\\\/3ea2118a5f7dad2b7138b1187a6b7ee55f160b9968b66013c3a3ef39dd7e5798?s=96&d=mm&r=g\",\"contentUrl\":\"https:\\\/\\\/secure.gravatar.com\\\/avatar\\\/3ea2118a5f7dad2b7138b1187a6b7ee55f160b9968b66013c3a3ef39dd7e5798?s=96&d=mm&r=g\",\"caption\":\"Jeanette\"},\"sameAs\":[\"https:\\\/\\\/www.eldiario.net\\\/portal\"],\"url\":\"https:\\\/\\\/www.eldiario.net\\\/portal\\\/author\\\/jeanette\\\/\"}]}<\/script>\n<!-- \/ Yoast SEO plugin. -->","yoast_head_json":{"title":"Incendio en f\u00e1brica de bater\u00edas de litio ocasiona muerte de personas - El Diario - Bolivia","robots":{"index":"index","follow":"follow","max-snippet":"max-snippet:-1","max-image-preview":"max-image-preview:large","max-video-preview":"max-video-preview:-1"},"canonical":"https:\/\/www.eldiario.net\/portal\/2024\/06\/25\/incendio-en-fabrica-de-baterias-de-litio-ocasiona-muerte-de-personas\/","og_locale":"es_ES","og_type":"article","og_title":"Incendio en f\u00e1brica de bater\u00edas de litio ocasiona muerte de personas - El Diario - Bolivia","og_description":"Un incendio en una f\u00e1brica de bater\u00edas de litio en Corea del Sur caus\u00f3 ayer la muerte de al menos 22 personas, la mayor\u00eda extranjeras, informaron autoridades locales de bomberos, report\u00f3 CNN. El siniestro comenz\u00f3 alrededor de las 10:31 hora local en una instalaci\u00f3n operada por el fabricante de bater\u00edas Aricell en Hwaseong, provincia de [&hellip;]","og_url":"https:\/\/www.eldiario.net\/portal\/2024\/06\/25\/incendio-en-fabrica-de-baterias-de-litio-ocasiona-muerte-de-personas\/","og_site_name":"El Diario - Bolivia","article_publisher":"https:\/\/www.facebook.com\/eldiario.bolivia\/","article_published_time":"2024-06-25T10:26:46+00:00","og_image":[{"width":1024,"height":683,"url":"https:\/\/www.eldiario.net\/portal\/wp-content\/uploads\/2024\/06\/incendio-corea-Reuters.webp","type":"image\/webp"}],"author":"Jeanette","twitter_card":"summary_large_image","twitter_creator":"@eldiario_net","twitter_site":"@eldiario_net","twitter_misc":{"Escrito por":"Jeanette","Tiempo de lectura":"2 minutos"},"schema":{"@context":"https:\/\/schema.org","@graph":[{"@type":"Article","@id":"https:\/\/www.eldiario.net\/portal\/2024\/06\/25\/incendio-en-fabrica-de-baterias-de-litio-ocasiona-muerte-de-personas\/#article","isPartOf":{"@id":"https:\/\/www.eldiario.net\/portal\/2024\/06\/25\/incendio-en-fabrica-de-baterias-de-litio-ocasiona-muerte-de-personas\/"},"author":{"name":"Jeanette","@id":"https:\/\/www.eldiario.net\/portal\/#\/schema\/person\/f46445640444750d7d753ccd04ae01b7"},"headline":"Incendio en f\u00e1brica de bater\u00edas de litio ocasiona muerte de personas","datePublished":"2024-06-25T10:26:46+00:00","mainEntityOfPage":{"@id":"https:\/\/www.eldiario.net\/portal\/2024\/06\/25\/incendio-en-fabrica-de-baterias-de-litio-ocasiona-muerte-de-personas\/"},"wordCount":293,"commentCount":0,"publisher":{"@id":"https:\/\/www.eldiario.net\/portal\/#organization"},"image":{"@id":"https:\/\/www.eldiario.net\/portal\/2024\/06\/25\/incendio-en-fabrica-de-baterias-de-litio-ocasiona-muerte-de-personas\/#primaryimage"},"thumbnailUrl":"https:\/\/www.eldiario.net\/portal\/wp-content\/uploads\/2024\/06\/incendio-corea-Reuters.webp","articleSection":["Internacional"],"inLanguage":"es","potentialAction":[{"@type":"CommentAction","name":"Comment","target":["https:\/\/www.eldiario.net\/portal\/2024\/06\/25\/incendio-en-fabrica-de-baterias-de-litio-ocasiona-muerte-de-personas\/#respond"]}]},{"@type":"WebPage","@id":"https:\/\/www.eldiario.net\/portal\/2024\/06\/25\/incendio-en-fabrica-de-baterias-de-litio-ocasiona-muerte-de-personas\/","url":"https:\/\/www.eldiario.net\/portal\/2024\/06\/25\/incendio-en-fabrica-de-baterias-de-litio-ocasiona-muerte-de-personas\/","name":"Incendio en f\u00e1brica de bater\u00edas de litio ocasiona muerte de personas - El Diario - Bolivia","isPartOf":{"@id":"https:\/\/www.eldiario.net\/portal\/#website"},"primaryImageOfPage":{"@id":"https:\/\/www.eldiario.net\/portal\/2024\/06\/25\/incendio-en-fabrica-de-baterias-de-litio-ocasiona-muerte-de-personas\/#primaryimage"},"image":{"@id":"https:\/\/www.eldiario.net\/portal\/2024\/06\/25\/incendio-en-fabrica-de-baterias-de-litio-ocasiona-muerte-de-personas\/#primaryimage"},"thumbnailUrl":"https:\/\/www.eldiario.net\/portal\/wp-content\/uploads\/2024\/06\/incendio-corea-Reuters.webp","datePublished":"2024-06-25T10:26:46+00:00","breadcrumb":{"@id":"https:\/\/www.eldiario.net\/portal\/2024\/06\/25\/incendio-en-fabrica-de-baterias-de-litio-ocasiona-muerte-de-personas\/#breadcrumb"},"inLanguage":"es","potentialAction":[{"@type":"ReadAction","target":["https:\/\/www.eldiario.net\/portal\/2024\/06\/25\/incendio-en-fabrica-de-baterias-de-litio-ocasiona-muerte-de-personas\/"]}]},{"@type":"ImageObject","inLanguage":"es","@id":"https:\/\/www.eldiario.net\/portal\/2024\/06\/25\/incendio-en-fabrica-de-baterias-de-litio-ocasiona-muerte-de-personas\/#primaryimage","url":"https:\/\/www.eldiario.net\/portal\/wp-content\/uploads\/2024\/06\/incendio-corea-Reuters.webp","contentUrl":"https:\/\/www.eldiario.net\/portal\/wp-content\/uploads\/2024\/06\/incendio-corea-Reuters.webp","width":1024,"height":683,"caption":"El personal de emergencia transporta el cuerpo de una persona que muri\u00f3 en un incendio en una f\u00e1brica de bater\u00edas de litio propiedad del fabricante surcoreano de bater\u00edas Aricell el 24 de junio de 2024. CR\u00c9DITO: Reuters"},{"@type":"BreadcrumbList","@id":"https:\/\/www.eldiario.net\/portal\/2024\/06\/25\/incendio-en-fabrica-de-baterias-de-litio-ocasiona-muerte-de-personas\/#breadcrumb","itemListElement":[{"@type":"ListItem","position":1,"name":"Portada","item":"https:\/\/www.eldiario.net\/portal\/"},{"@type":"ListItem","position":2,"name":"Incendio en f\u00e1brica de bater\u00edas de litio ocasiona muerte de personas"}]},{"@type":"WebSite","@id":"https:\/\/www.eldiario.net\/portal\/#website","url":"https:\/\/www.eldiario.net\/portal\/","name":"El Diario - Decano de la prensa nacional","description":"El Diario - Decano de la prensa nacional","publisher":{"@id":"https:\/\/www.eldiario.net\/portal\/#organization"},"potentialAction":[{"@type":"SearchAction","target":{"@type":"EntryPoint","urlTemplate":"https:\/\/www.eldiario.net\/portal\/?s={search_term_string}"},"query-input":{"@type":"PropertyValueSpecification","valueRequired":true,"valueName":"search_term_string"}}],"inLanguage":"es"},{"@type":"Organization","@id":"https:\/\/www.eldiario.net\/portal\/#organization","name":"El Diario - Decano de la prensa nacional","url":"https:\/\/www.eldiario.net\/portal\/","logo":{"@type":"ImageObject","inLanguage":"es","@id":"https:\/\/www.eldiario.net\/portal\/#\/schema\/logo\/image\/","url":"https:\/\/www.eldiario.net\/portal\/wp-content\/uploads\/2023\/07\/logo_ED.jpg","contentUrl":"https:\/\/www.eldiario.net\/portal\/wp-content\/uploads\/2023\/07\/logo_ED.jpg","width":272,"height":52,"caption":"El Diario - Decano de la prensa nacional"},"image":{"@id":"https:\/\/www.eldiario.net\/portal\/#\/schema\/logo\/image\/"},"sameAs":["https:\/\/www.facebook.com\/eldiario.bolivia\/","https:\/\/x.com\/eldiario_net"]},{"@type":"Person","@id":"https:\/\/www.eldiario.net\/portal\/#\/schema\/person\/f46445640444750d7d753ccd04ae01b7","name":"Jeanette","image":{"@type":"ImageObject","inLanguage":"es","@id":"https:\/\/secure.gravatar.com\/avatar\/3ea2118a5f7dad2b7138b1187a6b7ee55f160b9968b66013c3a3ef39dd7e5798?s=96&d=mm&r=g","url":"https:\/\/secure.gravatar.com\/avatar\/3ea2118a5f7dad2b7138b1187a6b7ee55f160b9968b66013c3a3ef39dd7e5798?s=96&d=mm&r=g","contentUrl":"https:\/\/secure.gravatar.com\/avatar\/3ea2118a5f7dad2b7138b1187a6b7ee55f160b9968b66013c3a3ef39dd7e5798?s=96&d=mm&r=g","caption":"Jeanette"},"sameAs":["https:\/\/www.eldiario.net\/portal"],"url":"https:\/\/www.eldiario.net\/portal\/author\/jeanette\/"}]}},"_links":{"self":[{"href":"https:\/\/www.eldiario.net\/portal\/wp-json\/wp\/v2\/posts\/229648","targetHints":{"allow":["GET"]}}],"collection":[{"href":"https:\/\/www.eldiario.net\/portal\/wp-json\/wp\/v2\/posts"}],"about":[{"href":"https:\/\/www.eldiario.net\/portal\/wp-json\/wp\/v2\/types\/post"}],"author":[{"embeddable":true,"href":"https:\/\/www.eldiario.net\/portal\/wp-json\/wp\/v2\/users\/1"}],"replies":[{"embeddable":true,"href":"https:\/\/www.eldiario.net\/portal\/wp-json\/wp\/v2\/comments?post=229648"}],"version-history":[{"count":1,"href":"https:\/\/www.eldiario.net\/portal\/wp-json\/wp\/v2\/posts\/229648\/revisions"}],"predecessor-version":[{"id":229650,"href":"https:\/\/www.eldiario.net\/portal\/wp-json\/wp\/v2\/posts\/229648\/revisions\/229650"}],"wp:featuredmedia":[{"embeddable":true,"href":"https:\/\/www.eldiario.net\/portal\/wp-json\/wp\/v2\/media\/229649"}],"wp:attachment":[{"href":"https:\/\/www.eldiario.net\/portal\/wp-json\/wp\/v2\/media?parent=229648"}],"wp:term":[{"taxonomy":"category","embeddable":true,"href":"https:\/\/www.eldiario.net\/portal\/wp-json\/wp\/v2\/categories?post=229648"},{"taxonomy":"post_tag","embeddable":true,"href":"https:\/\/www.eldiario.net\/portal\/wp-json\/wp\/v2\/tags?post=229648"}],"curies":[{"name":"wp","href":"https:\/\/api.w.org\/{rel}","templated":true}]}}