{"id":229645,"date":"2024-06-25T06:25:25","date_gmt":"2024-06-25T10:25:25","guid":{"rendered":"https:\/\/www.eldiario.net\/portal\/?p=229645"},"modified":"2024-06-25T06:25:25","modified_gmt":"2024-06-25T10:25:25","slug":"encontraron-rio-en-la-antartida-oculto-hace-40-millones-de-anos","status":"publish","type":"post","link":"https:\/\/www.eldiario.net\/portal\/2024\/06\/25\/encontraron-rio-en-la-antartida-oculto-hace-40-millones-de-anos\/","title":{"rendered":"Encontraron r\u00edo en la Ant\u00e1rtida  oculto hace 40 millones de a\u00f1os"},"content":{"rendered":"<p class=\"v1MsoNormal\">Un equipo de ge\u00f3logos descubri\u00f3 un sistema fluvial antiguo bajo la capa de hielo de la Ant\u00e1rtida Occidental. Este r\u00edo, de aproximadamente 1.600 kil\u00f3metros de longitud, tendr\u00eda una antig\u00fcedad de entre 34 y 44 millones de a\u00f1os.<\/p>\n<p class=\"v1MsoNormal\">Investigadores de la Universidad de Bremen y del Instituto Alfred Wegener, Centro Helmholtz de Investigaci\u00f3n Polar y Marina en Alemania, junto con universidades e institutos de investigaci\u00f3n alemanes, brit\u00e1nicos, irlandeses y suecos, han descubierto el mayor de sistema fluvial del continente blanco y lo describieron en un estudio publicado en la revista Science Advances.<\/p>\n<p class=\"v1MsoNormal\">Johann Klages, investigador sediment\u00f3logo del Instituto Alfred Wegener de Alemania y coautor del estudio, indic\u00f3 que este descubrimiento es un gran avance para entender las variaciones clim\u00e1ticas extremas de la historia de la Tierra.<\/p>\n<p class=\"v1MsoNormal\">Explic\u00f3 que estudiar estos per\u00edodos puede ofrecer informaci\u00f3n valiosa sobre las secuelas del calentamiento global: \u00abSi pensamos en un cambio clim\u00e1tico potencialmente severo en el futuro, debemos aprender de los per\u00edodos de la historia de la Tierra en los que esto ya sucedi\u00f3\u00bb.<\/p>\n<p class=\"v1MsoNormal\">El equipo de Klages realiz\u00f3 una expedici\u00f3n en 2017 a bordo del buque de investigaci\u00f3n Polarstern. Partieron desde el extremo sur de Chile hacia la Ant\u00e1rtida Occidental y utilizaron equipos de perforaci\u00f3n avanzados para extraer sedimentos. Estos an\u00e1lisis revelaron capas de dos per\u00edodos distintos, con la parte inferior datando de hace 85 millones de a\u00f1os (Cret\u00e1cico medio) y la superior de hace 30 a 40 millones de a\u00f1os (Eoceno medio a tard\u00edo).<\/p>\n<p class=\"v1MsoNormal\">El an\u00e1lisis m\u00e1s detallado de los sedimentos del Eoceno mostr\u00f3 un patr\u00f3n estratificado t\u00edpico de un delta fluvial, similar a los del r\u00edo Mississippi en Norteam\u00e9rica. La presencia de biomarcadores de cianobacterias de agua dulce en estos sedimentos respald\u00f3 la hip\u00f3tesis de un antiguo r\u00edo que alguna vez recorri\u00f3 el continente ant\u00e1rtico.<\/p>\n<p class=\"v1MsoNormal\">Para mapear la topograf\u00eda del paisaje oculto, el equipo utiliz\u00f3 un radar de penetraci\u00f3n de hielo y t\u00e9cnicas de sonar. Descubrieron una peque\u00f1a isla enterrada a casi dos kil\u00f3metros bajo la superficie, con bloques de tierra separados por valles en forma de U.<\/p>\n<p class=\"v1MsoNormal\">Hace unos 34 millones de a\u00f1os, no hab\u00eda hielo en la Ant\u00e1rtida, pero prevalec\u00eda un clima templado, por eso la Ant\u00e1rtida no siempre fue una masa de tierra aislada cubierta de hielo, dijeron los investigadores. Hasta hace unos 100 millones de a\u00f1os, constitu\u00eda la parte central del supercontinente Gondwana. Despu\u00e9s de la desintegraci\u00f3n de Gondwana, la Ant\u00e1rtida se estableci\u00f3 como un continente independiente.<\/p>\n<p class=\"v1MsoNormal\">Durante el Eoceno Medio, hace entre 34 y 44 millones de a\u00f1os, la atm\u00f3sfera terrestre ten\u00eda niveles de di\u00f3xido de carbono casi el doble de los actuales, similares a las proyecciones para los pr\u00f3ximos 150 a 200 a\u00f1os si los gases de efecto invernadero contin\u00faan aumentando. Posteriormente, el enfriamiento global al final del Eoceno llev\u00f3 a la formaci\u00f3n de glaciares.<\/p>\n<p class=\"v1MsoNormal\">El equipo examin\u00f3 muestras de sedimentos que obtuvieron del mar de Amundsen frente a la costa de la Ant\u00e1rtida occidental durante una expedici\u00f3n del rompehielos de investigaci\u00f3n Polarstern. Sus an\u00e1lisis muestran que la mayor\u00eda de los minerales y fragmentos de roca de estas muestras no proceden de la Ant\u00e1rtida occidental, sino de las Monta\u00f1as Transant\u00e1rticas en el borde de la Ant\u00e1rtida oriental, a miles de kil\u00f3metros de distancia.<\/p>\n<p class=\"v1MsoNormal\">Esta cadena monta\u00f1osa se ha ido elevando desde finales del Eoceno como el escarpado hombro de una grieta continental, el Sistema de Rift Ant\u00e1rtico Occidental, que hoy divide la Ant\u00e1rtida en dos masas de tierra, la Ant\u00e1rtida Oriental y Occidental.<\/p>\n<p class=\"v1MsoNormal\">Desde entonces, la elevaci\u00f3n y la erosi\u00f3n de las Monta\u00f1as Transant\u00e1rticas han producido grandes cantidades de restos de erosi\u00f3n, que el r\u00edo reci\u00e9n descubierto transport\u00f3 a lo largo de una distancia de m\u00e1s de 1,500 kil\u00f3metros a trav\u00e9s del Sistema de Rift de la Ant\u00e1rtida Occidental hasta lo que hoy es el mar de Amundsen, y los deposit\u00f3 all\u00ed en un delta del r\u00edo pantanoso. Ejemplos modernos de grandes sistemas fluviales en un entorno geol\u00f3gico similar son el r\u00edo Grande en el Rift del R\u00edo Grande o el Rin en el Alto Rin Graben.<\/p>\n<p class=\"v1MsoNormal\">La existencia de un sistema fluvial transcontinental de este tipo muestra que, a diferencia de lo que ocurre hoy en d\u00eda, gran parte de la Ant\u00e1rtida occidental debi\u00f3 estar situada sobre el nivel del mar como extensas y planas llanuras costeras.<\/p>\n<p class=\"v1MsoNormal\">Debido a la baja topograf\u00eda, la Ant\u00e1rtida occidental todav\u00eda estaba libre de hielo a finales del Eoceno, mientras que las regiones monta\u00f1osas de la Ant\u00e1rtida oriental ya comenzaban a glaciarse.<\/p>\n<p class=\"v1MsoNormal\">Este descubrimiento no s\u00f3lo arroja luz sobre el pasado geol\u00f3gico de la Tierra, sino que tambi\u00e9n proporciona datos cruciales para predecir c\u00f3mo podr\u00eda reaccionar la capa de hielo de la Ant\u00e1rtida Oriental al aumento de los niveles de CO2 en el futuro. (Infobae)<\/p>\n<p class=\"v1MsoNormal\">\n","protected":false},"excerpt":{"rendered":"<p>Un equipo de ge\u00f3logos descubri\u00f3 un sistema fluvial antiguo bajo la capa de hielo de la Ant\u00e1rtida Occidental. Este r\u00edo, de aproximadamente 1.600 kil\u00f3metros de longitud, tendr\u00eda una antig\u00fcedad de entre 34 y 44 millones de a\u00f1os. Investigadores de la Universidad de Bremen y del Instituto Alfred Wegener, Centro Helmholtz de Investigaci\u00f3n Polar y Marina [&hellip;]<\/p>\n","protected":false},"author":1,"featured_media":229646,"comment_status":"open","ping_status":"open","sticky":false,"template":"","format":"standard","meta":{"_acf_changed":false,"footnotes":""},"categories":[3],"tags":[],"class_list":["post-229645","post","type-post","status-publish","format-standard","has-post-thumbnail","category-internacional"],"acf":{"antetitulo":"Tiene longitud de 1.600 kil\u00f3metros"},"yoast_head":"<!-- This site is optimized with the Yoast SEO plugin v28.3 - https:\/\/yoast.com\/product\/yoast-seo-wordpress\/ -->\n<title>Encontraron r\u00edo en la Ant\u00e1rtida oculto hace 40 millones de a\u00f1os - El Diario - Bolivia<\/title>\n<meta name=\"robots\" content=\"index, follow, max-snippet:-1, max-image-preview:large, max-video-preview:-1\" \/>\n<link rel=\"canonical\" href=\"https:\/\/www.eldiario.net\/portal\/2024\/06\/25\/encontraron-rio-en-la-antartida-oculto-hace-40-millones-de-anos\/\" \/>\n<meta property=\"og:locale\" content=\"es_ES\" \/>\n<meta property=\"og:type\" content=\"article\" \/>\n<meta property=\"og:title\" content=\"Encontraron r\u00edo en la Ant\u00e1rtida oculto hace 40 millones de a\u00f1os - El Diario - Bolivia\" \/>\n<meta property=\"og:description\" content=\"Un equipo de ge\u00f3logos descubri\u00f3 un sistema fluvial antiguo bajo la capa de hielo de la Ant\u00e1rtida Occidental. Este r\u00edo, de aproximadamente 1.600 kil\u00f3metros de longitud, tendr\u00eda una antig\u00fcedad de entre 34 y 44 millones de a\u00f1os. Investigadores de la Universidad de Bremen y del Instituto Alfred Wegener, Centro Helmholtz de Investigaci\u00f3n Polar y Marina [&hellip;]\" \/>\n<meta property=\"og:url\" content=\"https:\/\/www.eldiario.net\/portal\/2024\/06\/25\/encontraron-rio-en-la-antartida-oculto-hace-40-millones-de-anos\/\" \/>\n<meta property=\"og:site_name\" content=\"El Diario - Bolivia\" \/>\n<meta property=\"article:publisher\" content=\"https:\/\/www.facebook.com\/eldiario.bolivia\/\" \/>\n<meta property=\"article:published_time\" content=\"2024-06-25T10:25:25+00:00\" \/>\n<meta property=\"og:image\" content=\"https:\/\/www.eldiario.net\/portal\/wp-content\/uploads\/2024\/06\/Rio-en-Atlantida-IAW.jpg\" \/>\n\t<meta property=\"og:image:width\" content=\"1080\" \/>\n\t<meta property=\"og:image:height\" content=\"696\" \/>\n\t<meta property=\"og:image:type\" content=\"image\/jpeg\" \/>\n<meta name=\"author\" content=\"Jeanette\" \/>\n<meta name=\"twitter:card\" content=\"summary_large_image\" \/>\n<meta name=\"twitter:creator\" content=\"@eldiario_net\" \/>\n<meta name=\"twitter:site\" content=\"@eldiario_net\" \/>\n<meta name=\"twitter:label1\" content=\"Escrito por\" \/>\n\t<meta name=\"twitter:data1\" content=\"Jeanette\" \/>\n\t<meta name=\"twitter:label2\" content=\"Tiempo de lectura\" \/>\n\t<meta name=\"twitter:data2\" content=\"4 minutos\" \/>\n<script type=\"application\/ld+json\" class=\"yoast-schema-graph\">{\"@context\":\"https:\\\/\\\/schema.org\",\"@graph\":[{\"@type\":\"Article\",\"@id\":\"https:\\\/\\\/www.eldiario.net\\\/portal\\\/2024\\\/06\\\/25\\\/encontraron-rio-en-la-antartida-oculto-hace-40-millones-de-anos\\\/#article\",\"isPartOf\":{\"@id\":\"https:\\\/\\\/www.eldiario.net\\\/portal\\\/2024\\\/06\\\/25\\\/encontraron-rio-en-la-antartida-oculto-hace-40-millones-de-anos\\\/\"},\"author\":{\"name\":\"Jeanette\",\"@id\":\"https:\\\/\\\/www.eldiario.net\\\/portal\\\/#\\\/schema\\\/person\\\/f46445640444750d7d753ccd04ae01b7\"},\"headline\":\"Encontraron r\u00edo en la Ant\u00e1rtida oculto hace 40 millones de a\u00f1os\",\"datePublished\":\"2024-06-25T10:25:25+00:00\",\"mainEntityOfPage\":{\"@id\":\"https:\\\/\\\/www.eldiario.net\\\/portal\\\/2024\\\/06\\\/25\\\/encontraron-rio-en-la-antartida-oculto-hace-40-millones-de-anos\\\/\"},\"wordCount\":873,\"commentCount\":0,\"publisher\":{\"@id\":\"https:\\\/\\\/www.eldiario.net\\\/portal\\\/#organization\"},\"image\":{\"@id\":\"https:\\\/\\\/www.eldiario.net\\\/portal\\\/2024\\\/06\\\/25\\\/encontraron-rio-en-la-antartida-oculto-hace-40-millones-de-anos\\\/#primaryimage\"},\"thumbnailUrl\":\"https:\\\/\\\/www.eldiario.net\\\/portal\\\/wp-content\\\/uploads\\\/2024\\\/06\\\/Rio-en-Atlantida-IAW.jpg\",\"articleSection\":[\"Internacional\"],\"inLanguage\":\"es\",\"potentialAction\":[{\"@type\":\"CommentAction\",\"name\":\"Comment\",\"target\":[\"https:\\\/\\\/www.eldiario.net\\\/portal\\\/2024\\\/06\\\/25\\\/encontraron-rio-en-la-antartida-oculto-hace-40-millones-de-anos\\\/#respond\"]}]},{\"@type\":\"WebPage\",\"@id\":\"https:\\\/\\\/www.eldiario.net\\\/portal\\\/2024\\\/06\\\/25\\\/encontraron-rio-en-la-antartida-oculto-hace-40-millones-de-anos\\\/\",\"url\":\"https:\\\/\\\/www.eldiario.net\\\/portal\\\/2024\\\/06\\\/25\\\/encontraron-rio-en-la-antartida-oculto-hace-40-millones-de-anos\\\/\",\"name\":\"Encontraron r\u00edo en la Ant\u00e1rtida oculto hace 40 millones de a\u00f1os - El Diario - Bolivia\",\"isPartOf\":{\"@id\":\"https:\\\/\\\/www.eldiario.net\\\/portal\\\/#website\"},\"primaryImageOfPage\":{\"@id\":\"https:\\\/\\\/www.eldiario.net\\\/portal\\\/2024\\\/06\\\/25\\\/encontraron-rio-en-la-antartida-oculto-hace-40-millones-de-anos\\\/#primaryimage\"},\"image\":{\"@id\":\"https:\\\/\\\/www.eldiario.net\\\/portal\\\/2024\\\/06\\\/25\\\/encontraron-rio-en-la-antartida-oculto-hace-40-millones-de-anos\\\/#primaryimage\"},\"thumbnailUrl\":\"https:\\\/\\\/www.eldiario.net\\\/portal\\\/wp-content\\\/uploads\\\/2024\\\/06\\\/Rio-en-Atlantida-IAW.jpg\",\"datePublished\":\"2024-06-25T10:25:25+00:00\",\"breadcrumb\":{\"@id\":\"https:\\\/\\\/www.eldiario.net\\\/portal\\\/2024\\\/06\\\/25\\\/encontraron-rio-en-la-antartida-oculto-hace-40-millones-de-anos\\\/#breadcrumb\"},\"inLanguage\":\"es\",\"potentialAction\":[{\"@type\":\"ReadAction\",\"target\":[\"https:\\\/\\\/www.eldiario.net\\\/portal\\\/2024\\\/06\\\/25\\\/encontraron-rio-en-la-antartida-oculto-hace-40-millones-de-anos\\\/\"]}]},{\"@type\":\"ImageObject\",\"inLanguage\":\"es\",\"@id\":\"https:\\\/\\\/www.eldiario.net\\\/portal\\\/2024\\\/06\\\/25\\\/encontraron-rio-en-la-antartida-oculto-hace-40-millones-de-anos\\\/#primaryimage\",\"url\":\"https:\\\/\\\/www.eldiario.net\\\/portal\\\/wp-content\\\/uploads\\\/2024\\\/06\\\/Rio-en-Atlantida-IAW.jpg\",\"contentUrl\":\"https:\\\/\\\/www.eldiario.net\\\/portal\\\/wp-content\\\/uploads\\\/2024\\\/06\\\/Rio-en-Atlantida-IAW.jpg\",\"width\":1080,\"height\":696,\"caption\":\"Este hallazgo, liderado por el Instituto Alfred Wegener, ofrece una visi\u00f3n \u00fanica sobre las variaciones clim\u00e1ticas extremas de la Tierra y sus posibles repercusiones en el futuro. CR\u00c9DITO: IAW\"},{\"@type\":\"BreadcrumbList\",\"@id\":\"https:\\\/\\\/www.eldiario.net\\\/portal\\\/2024\\\/06\\\/25\\\/encontraron-rio-en-la-antartida-oculto-hace-40-millones-de-anos\\\/#breadcrumb\",\"itemListElement\":[{\"@type\":\"ListItem\",\"position\":1,\"name\":\"Portada\",\"item\":\"https:\\\/\\\/www.eldiario.net\\\/portal\\\/\"},{\"@type\":\"ListItem\",\"position\":2,\"name\":\"Encontraron r\u00edo en la Ant\u00e1rtida oculto hace 40 millones de a\u00f1os\"}]},{\"@type\":\"WebSite\",\"@id\":\"https:\\\/\\\/www.eldiario.net\\\/portal\\\/#website\",\"url\":\"https:\\\/\\\/www.eldiario.net\\\/portal\\\/\",\"name\":\"El Diario - Decano de la prensa nacional\",\"description\":\"El Diario - Decano de la prensa nacional\",\"publisher\":{\"@id\":\"https:\\\/\\\/www.eldiario.net\\\/portal\\\/#organization\"},\"potentialAction\":[{\"@type\":\"SearchAction\",\"target\":{\"@type\":\"EntryPoint\",\"urlTemplate\":\"https:\\\/\\\/www.eldiario.net\\\/portal\\\/?s={search_term_string}\"},\"query-input\":{\"@type\":\"PropertyValueSpecification\",\"valueRequired\":true,\"valueName\":\"search_term_string\"}}],\"inLanguage\":\"es\"},{\"@type\":\"Organization\",\"@id\":\"https:\\\/\\\/www.eldiario.net\\\/portal\\\/#organization\",\"name\":\"El Diario - Decano de la prensa nacional\",\"url\":\"https:\\\/\\\/www.eldiario.net\\\/portal\\\/\",\"logo\":{\"@type\":\"ImageObject\",\"inLanguage\":\"es\",\"@id\":\"https:\\\/\\\/www.eldiario.net\\\/portal\\\/#\\\/schema\\\/logo\\\/image\\\/\",\"url\":\"https:\\\/\\\/www.eldiario.net\\\/portal\\\/wp-content\\\/uploads\\\/2023\\\/07\\\/logo_ED.jpg\",\"contentUrl\":\"https:\\\/\\\/www.eldiario.net\\\/portal\\\/wp-content\\\/uploads\\\/2023\\\/07\\\/logo_ED.jpg\",\"width\":272,\"height\":52,\"caption\":\"El Diario - Decano de la prensa nacional\"},\"image\":{\"@id\":\"https:\\\/\\\/www.eldiario.net\\\/portal\\\/#\\\/schema\\\/logo\\\/image\\\/\"},\"sameAs\":[\"https:\\\/\\\/www.facebook.com\\\/eldiario.bolivia\\\/\",\"https:\\\/\\\/x.com\\\/eldiario_net\"]},{\"@type\":\"Person\",\"@id\":\"https:\\\/\\\/www.eldiario.net\\\/portal\\\/#\\\/schema\\\/person\\\/f46445640444750d7d753ccd04ae01b7\",\"name\":\"Jeanette\",\"image\":{\"@type\":\"ImageObject\",\"inLanguage\":\"es\",\"@id\":\"https:\\\/\\\/secure.gravatar.com\\\/avatar\\\/3ea2118a5f7dad2b7138b1187a6b7ee55f160b9968b66013c3a3ef39dd7e5798?s=96&d=mm&r=g\",\"url\":\"https:\\\/\\\/secure.gravatar.com\\\/avatar\\\/3ea2118a5f7dad2b7138b1187a6b7ee55f160b9968b66013c3a3ef39dd7e5798?s=96&d=mm&r=g\",\"contentUrl\":\"https:\\\/\\\/secure.gravatar.com\\\/avatar\\\/3ea2118a5f7dad2b7138b1187a6b7ee55f160b9968b66013c3a3ef39dd7e5798?s=96&d=mm&r=g\",\"caption\":\"Jeanette\"},\"sameAs\":[\"https:\\\/\\\/www.eldiario.net\\\/portal\"],\"url\":\"https:\\\/\\\/www.eldiario.net\\\/portal\\\/author\\\/jeanette\\\/\"}]}<\/script>\n<!-- \/ Yoast SEO plugin. -->","yoast_head_json":{"title":"Encontraron r\u00edo en la Ant\u00e1rtida oculto hace 40 millones de a\u00f1os - El Diario - Bolivia","robots":{"index":"index","follow":"follow","max-snippet":"max-snippet:-1","max-image-preview":"max-image-preview:large","max-video-preview":"max-video-preview:-1"},"canonical":"https:\/\/www.eldiario.net\/portal\/2024\/06\/25\/encontraron-rio-en-la-antartida-oculto-hace-40-millones-de-anos\/","og_locale":"es_ES","og_type":"article","og_title":"Encontraron r\u00edo en la Ant\u00e1rtida oculto hace 40 millones de a\u00f1os - El Diario - Bolivia","og_description":"Un equipo de ge\u00f3logos descubri\u00f3 un sistema fluvial antiguo bajo la capa de hielo de la Ant\u00e1rtida Occidental. Este r\u00edo, de aproximadamente 1.600 kil\u00f3metros de longitud, tendr\u00eda una antig\u00fcedad de entre 34 y 44 millones de a\u00f1os. Investigadores de la Universidad de Bremen y del Instituto Alfred Wegener, Centro Helmholtz de Investigaci\u00f3n Polar y Marina [&hellip;]","og_url":"https:\/\/www.eldiario.net\/portal\/2024\/06\/25\/encontraron-rio-en-la-antartida-oculto-hace-40-millones-de-anos\/","og_site_name":"El Diario - Bolivia","article_publisher":"https:\/\/www.facebook.com\/eldiario.bolivia\/","article_published_time":"2024-06-25T10:25:25+00:00","og_image":[{"width":1080,"height":696,"url":"https:\/\/www.eldiario.net\/portal\/wp-content\/uploads\/2024\/06\/Rio-en-Atlantida-IAW.jpg","type":"image\/jpeg"}],"author":"Jeanette","twitter_card":"summary_large_image","twitter_creator":"@eldiario_net","twitter_site":"@eldiario_net","twitter_misc":{"Escrito por":"Jeanette","Tiempo de lectura":"4 minutos"},"schema":{"@context":"https:\/\/schema.org","@graph":[{"@type":"Article","@id":"https:\/\/www.eldiario.net\/portal\/2024\/06\/25\/encontraron-rio-en-la-antartida-oculto-hace-40-millones-de-anos\/#article","isPartOf":{"@id":"https:\/\/www.eldiario.net\/portal\/2024\/06\/25\/encontraron-rio-en-la-antartida-oculto-hace-40-millones-de-anos\/"},"author":{"name":"Jeanette","@id":"https:\/\/www.eldiario.net\/portal\/#\/schema\/person\/f46445640444750d7d753ccd04ae01b7"},"headline":"Encontraron r\u00edo en la Ant\u00e1rtida oculto hace 40 millones de a\u00f1os","datePublished":"2024-06-25T10:25:25+00:00","mainEntityOfPage":{"@id":"https:\/\/www.eldiario.net\/portal\/2024\/06\/25\/encontraron-rio-en-la-antartida-oculto-hace-40-millones-de-anos\/"},"wordCount":873,"commentCount":0,"publisher":{"@id":"https:\/\/www.eldiario.net\/portal\/#organization"},"image":{"@id":"https:\/\/www.eldiario.net\/portal\/2024\/06\/25\/encontraron-rio-en-la-antartida-oculto-hace-40-millones-de-anos\/#primaryimage"},"thumbnailUrl":"https:\/\/www.eldiario.net\/portal\/wp-content\/uploads\/2024\/06\/Rio-en-Atlantida-IAW.jpg","articleSection":["Internacional"],"inLanguage":"es","potentialAction":[{"@type":"CommentAction","name":"Comment","target":["https:\/\/www.eldiario.net\/portal\/2024\/06\/25\/encontraron-rio-en-la-antartida-oculto-hace-40-millones-de-anos\/#respond"]}]},{"@type":"WebPage","@id":"https:\/\/www.eldiario.net\/portal\/2024\/06\/25\/encontraron-rio-en-la-antartida-oculto-hace-40-millones-de-anos\/","url":"https:\/\/www.eldiario.net\/portal\/2024\/06\/25\/encontraron-rio-en-la-antartida-oculto-hace-40-millones-de-anos\/","name":"Encontraron r\u00edo en la Ant\u00e1rtida oculto hace 40 millones de a\u00f1os - El Diario - Bolivia","isPartOf":{"@id":"https:\/\/www.eldiario.net\/portal\/#website"},"primaryImageOfPage":{"@id":"https:\/\/www.eldiario.net\/portal\/2024\/06\/25\/encontraron-rio-en-la-antartida-oculto-hace-40-millones-de-anos\/#primaryimage"},"image":{"@id":"https:\/\/www.eldiario.net\/portal\/2024\/06\/25\/encontraron-rio-en-la-antartida-oculto-hace-40-millones-de-anos\/#primaryimage"},"thumbnailUrl":"https:\/\/www.eldiario.net\/portal\/wp-content\/uploads\/2024\/06\/Rio-en-Atlantida-IAW.jpg","datePublished":"2024-06-25T10:25:25+00:00","breadcrumb":{"@id":"https:\/\/www.eldiario.net\/portal\/2024\/06\/25\/encontraron-rio-en-la-antartida-oculto-hace-40-millones-de-anos\/#breadcrumb"},"inLanguage":"es","potentialAction":[{"@type":"ReadAction","target":["https:\/\/www.eldiario.net\/portal\/2024\/06\/25\/encontraron-rio-en-la-antartida-oculto-hace-40-millones-de-anos\/"]}]},{"@type":"ImageObject","inLanguage":"es","@id":"https:\/\/www.eldiario.net\/portal\/2024\/06\/25\/encontraron-rio-en-la-antartida-oculto-hace-40-millones-de-anos\/#primaryimage","url":"https:\/\/www.eldiario.net\/portal\/wp-content\/uploads\/2024\/06\/Rio-en-Atlantida-IAW.jpg","contentUrl":"https:\/\/www.eldiario.net\/portal\/wp-content\/uploads\/2024\/06\/Rio-en-Atlantida-IAW.jpg","width":1080,"height":696,"caption":"Este hallazgo, liderado por el Instituto Alfred Wegener, ofrece una visi\u00f3n \u00fanica sobre las variaciones clim\u00e1ticas extremas de la Tierra y sus posibles repercusiones en el futuro. CR\u00c9DITO: IAW"},{"@type":"BreadcrumbList","@id":"https:\/\/www.eldiario.net\/portal\/2024\/06\/25\/encontraron-rio-en-la-antartida-oculto-hace-40-millones-de-anos\/#breadcrumb","itemListElement":[{"@type":"ListItem","position":1,"name":"Portada","item":"https:\/\/www.eldiario.net\/portal\/"},{"@type":"ListItem","position":2,"name":"Encontraron r\u00edo en la Ant\u00e1rtida oculto hace 40 millones de a\u00f1os"}]},{"@type":"WebSite","@id":"https:\/\/www.eldiario.net\/portal\/#website","url":"https:\/\/www.eldiario.net\/portal\/","name":"El Diario - Decano de la prensa nacional","description":"El Diario - Decano de la prensa nacional","publisher":{"@id":"https:\/\/www.eldiario.net\/portal\/#organization"},"potentialAction":[{"@type":"SearchAction","target":{"@type":"EntryPoint","urlTemplate":"https:\/\/www.eldiario.net\/portal\/?s={search_term_string}"},"query-input":{"@type":"PropertyValueSpecification","valueRequired":true,"valueName":"search_term_string"}}],"inLanguage":"es"},{"@type":"Organization","@id":"https:\/\/www.eldiario.net\/portal\/#organization","name":"El Diario - Decano de la prensa nacional","url":"https:\/\/www.eldiario.net\/portal\/","logo":{"@type":"ImageObject","inLanguage":"es","@id":"https:\/\/www.eldiario.net\/portal\/#\/schema\/logo\/image\/","url":"https:\/\/www.eldiario.net\/portal\/wp-content\/uploads\/2023\/07\/logo_ED.jpg","contentUrl":"https:\/\/www.eldiario.net\/portal\/wp-content\/uploads\/2023\/07\/logo_ED.jpg","width":272,"height":52,"caption":"El Diario - Decano de la prensa nacional"},"image":{"@id":"https:\/\/www.eldiario.net\/portal\/#\/schema\/logo\/image\/"},"sameAs":["https:\/\/www.facebook.com\/eldiario.bolivia\/","https:\/\/x.com\/eldiario_net"]},{"@type":"Person","@id":"https:\/\/www.eldiario.net\/portal\/#\/schema\/person\/f46445640444750d7d753ccd04ae01b7","name":"Jeanette","image":{"@type":"ImageObject","inLanguage":"es","@id":"https:\/\/secure.gravatar.com\/avatar\/3ea2118a5f7dad2b7138b1187a6b7ee55f160b9968b66013c3a3ef39dd7e5798?s=96&d=mm&r=g","url":"https:\/\/secure.gravatar.com\/avatar\/3ea2118a5f7dad2b7138b1187a6b7ee55f160b9968b66013c3a3ef39dd7e5798?s=96&d=mm&r=g","contentUrl":"https:\/\/secure.gravatar.com\/avatar\/3ea2118a5f7dad2b7138b1187a6b7ee55f160b9968b66013c3a3ef39dd7e5798?s=96&d=mm&r=g","caption":"Jeanette"},"sameAs":["https:\/\/www.eldiario.net\/portal"],"url":"https:\/\/www.eldiario.net\/portal\/author\/jeanette\/"}]}},"_links":{"self":[{"href":"https:\/\/www.eldiario.net\/portal\/wp-json\/wp\/v2\/posts\/229645","targetHints":{"allow":["GET"]}}],"collection":[{"href":"https:\/\/www.eldiario.net\/portal\/wp-json\/wp\/v2\/posts"}],"about":[{"href":"https:\/\/www.eldiario.net\/portal\/wp-json\/wp\/v2\/types\/post"}],"author":[{"embeddable":true,"href":"https:\/\/www.eldiario.net\/portal\/wp-json\/wp\/v2\/users\/1"}],"replies":[{"embeddable":true,"href":"https:\/\/www.eldiario.net\/portal\/wp-json\/wp\/v2\/comments?post=229645"}],"version-history":[{"count":1,"href":"https:\/\/www.eldiario.net\/portal\/wp-json\/wp\/v2\/posts\/229645\/revisions"}],"predecessor-version":[{"id":229647,"href":"https:\/\/www.eldiario.net\/portal\/wp-json\/wp\/v2\/posts\/229645\/revisions\/229647"}],"wp:featuredmedia":[{"embeddable":true,"href":"https:\/\/www.eldiario.net\/portal\/wp-json\/wp\/v2\/media\/229646"}],"wp:attachment":[{"href":"https:\/\/www.eldiario.net\/portal\/wp-json\/wp\/v2\/media?parent=229645"}],"wp:term":[{"taxonomy":"category","embeddable":true,"href":"https:\/\/www.eldiario.net\/portal\/wp-json\/wp\/v2\/categories?post=229645"},{"taxonomy":"post_tag","embeddable":true,"href":"https:\/\/www.eldiario.net\/portal\/wp-json\/wp\/v2\/tags?post=229645"}],"curies":[{"name":"wp","href":"https:\/\/api.w.org\/{rel}","templated":true}]}}