{"id":229633,"date":"2024-06-25T06:20:57","date_gmt":"2024-06-25T10:20:57","guid":{"rendered":"https:\/\/www.eldiario.net\/portal\/?p=229633"},"modified":"2024-06-25T06:20:57","modified_gmt":"2024-06-25T10:20:57","slug":"hugo-dellien-pasa-a-segunda-ronda-de-la-qualy-en-wimbledon","status":"publish","type":"post","link":"https:\/\/www.eldiario.net\/portal\/2024\/06\/25\/hugo-dellien-pasa-a-segunda-ronda-de-la-qualy-en-wimbledon\/","title":{"rendered":"Hugo Dellien pasa a segunda ronda de la qualy en Wimbledon"},"content":{"rendered":"<p>Hugo Dellien avanz\u00f3 a segunda ronda de la qualy (clasificaci\u00f3n) de Wimbledon al vencer este lunes, en Londres, Inglaterra, al australiano Philip Sekulic: 6-3, 6-7(5) y 6-3. Su pr\u00f3ximo contrincante ser\u00e1 el checo Vit Kopriva.<\/p>\n<p>Desde tempranas horas del d\u00eda el mejor tenista del pa\u00eds en la actualidad jug\u00f3 en la cancha 15 del All England Lawn Tennis and Croquet Club de Londres.<\/p>\n<p>Su rival fue Sekulic, con quien se enfrentaba por primera vez en su trayectoria deportiva.<\/p>\n<p>El partido<\/p>\n<p>El nacido en Trinidad part\u00eda como favorito para ganar el duelo al tener mejor ranking (175\u00b0 contra 240\u00b0).<\/p>\n<p>Y ello se vio en el primer set, pues Dellien mostr\u00f3 un juego bastante s\u00f3lido, en el que logr\u00f3 romperle el saque al australiano en el segundo game y ponerse arriba por 2-0.<\/p>\n<p>Fue la ventaja que necesitaba, ya que gracias a ello se qued\u00f3 con el primer set.<\/p>\n<p>Sin embargo, todo cambi\u00f3 a partir de la segunda cancha, pues Sekulic se vio m\u00e1s eficaz en sus saques y devoluciones, que tambi\u00e9n fueron muy bien respondidos por el tenista nacional.<\/p>\n<p>Ello hizo que la paridad se mantenga en todo el juego y de esa manera empataron 6-6 para ir al tie break (muerte s\u00fabita), instancia en la que hubo cinco quiebres de servicio (dos a favor del boliviano y tres para el australiano), que le dieron el triunfo al oce\u00e1nico.<\/p>\n<p>En el tercer y \u00faltimo set el juego fue igual de parejo, hasta que en el sexto game le rompi\u00f3 el saque a Sekulic para ponerse arriba 4-2 y luego vencer por 6-3.<\/p>\n<p>Jugaron 2 horas y 25 minutos para definir al vencedor.<\/p>\n<p>Dellien qued\u00f3 a dos rondas de acceder al cuadro principal de este Grand Slam. En segunda fase rivalizar\u00e1 con Kopriva, quien previamente elimin\u00f3 al alem\u00e1n Henri Squire: 4-6, 7-6(1) y 6-4.<\/p>\n<p>En principio su partido est\u00e1 programado para este martes en un horario por definir.<\/p>\n<p>Debut<\/p>\n<p>Dentro de unos minutos ser\u00e1 el estreno de Murkel Dellien en Wimbledon.<\/p>\n<p>Se enfrentar\u00e1 al franc\u00e9s Hugo Grenier, quien parte como favorito por su ranking (189\u00b0 contra 213\u00b0).<\/p>\n<p>Jugar\u00e1n en la cancha 13, donde el menor de los Dellien har\u00e1 no solo su debut absoluto en este torneo, sino en jugar sobre c\u00e9sped, ya que la mayor parte de su carrera lo hizo en polvo de ladrillo. (FBT)<\/p>\n","protected":false},"excerpt":{"rendered":"<p>Hugo Dellien avanz\u00f3 a segunda ronda de la qualy (clasificaci\u00f3n) de Wimbledon al vencer este lunes, en Londres, Inglaterra, al australiano Philip Sekulic: 6-3, 6-7(5) y 6-3. Su pr\u00f3ximo contrincante ser\u00e1 el checo Vit Kopriva. Desde tempranas horas del d\u00eda el mejor tenista del pa\u00eds en la actualidad jug\u00f3 en la cancha 15 del All [&hellip;]<\/p>\n","protected":false},"author":1,"featured_media":229634,"comment_status":"open","ping_status":"open","sticky":false,"template":"","format":"standard","meta":{"_acf_changed":false,"footnotes":""},"categories":[6],"tags":[],"class_list":["post-229633","post","type-post","status-publish","format-standard","has-post-thumbnail","category-deportes"],"acf":{"antetitulo":""},"yoast_head":"<!-- This site is optimized with the Yoast SEO plugin v28.3 - https:\/\/yoast.com\/product\/yoast-seo-wordpress\/ -->\n<title>Hugo Dellien pasa a segunda ronda de la qualy en Wimbledon - El Diario - Bolivia<\/title>\n<meta name=\"robots\" content=\"index, follow, max-snippet:-1, max-image-preview:large, max-video-preview:-1\" \/>\n<link rel=\"canonical\" href=\"https:\/\/www.eldiario.net\/portal\/2024\/06\/25\/hugo-dellien-pasa-a-segunda-ronda-de-la-qualy-en-wimbledon\/\" \/>\n<meta property=\"og:locale\" content=\"es_ES\" \/>\n<meta property=\"og:type\" content=\"article\" \/>\n<meta property=\"og:title\" content=\"Hugo Dellien pasa a segunda ronda de la qualy en Wimbledon - El Diario - Bolivia\" \/>\n<meta property=\"og:description\" content=\"Hugo Dellien avanz\u00f3 a segunda ronda de la qualy (clasificaci\u00f3n) de Wimbledon al vencer este lunes, en Londres, Inglaterra, al australiano Philip Sekulic: 6-3, 6-7(5) y 6-3. Su pr\u00f3ximo contrincante ser\u00e1 el checo Vit Kopriva. Desde tempranas horas del d\u00eda el mejor tenista del pa\u00eds en la actualidad jug\u00f3 en la cancha 15 del All [&hellip;]\" \/>\n<meta property=\"og:url\" content=\"https:\/\/www.eldiario.net\/portal\/2024\/06\/25\/hugo-dellien-pasa-a-segunda-ronda-de-la-qualy-en-wimbledon\/\" \/>\n<meta property=\"og:site_name\" content=\"El Diario - Bolivia\" \/>\n<meta property=\"article:publisher\" content=\"https:\/\/www.facebook.com\/eldiario.bolivia\/\" \/>\n<meta property=\"article:published_time\" content=\"2024-06-25T10:20:57+00:00\" \/>\n<meta property=\"og:image\" content=\"https:\/\/www.eldiario.net\/portal\/wp-content\/uploads\/2024\/06\/Tenis-24.jpg\" \/>\n\t<meta property=\"og:image:width\" content=\"1080\" \/>\n\t<meta property=\"og:image:height\" content=\"726\" \/>\n\t<meta property=\"og:image:type\" content=\"image\/jpeg\" \/>\n<meta name=\"author\" content=\"Jeanette\" \/>\n<meta name=\"twitter:card\" content=\"summary_large_image\" \/>\n<meta name=\"twitter:creator\" content=\"@eldiario_net\" \/>\n<meta name=\"twitter:site\" content=\"@eldiario_net\" \/>\n<meta name=\"twitter:label1\" content=\"Escrito por\" \/>\n\t<meta name=\"twitter:data1\" content=\"Jeanette\" \/>\n\t<meta name=\"twitter:label2\" content=\"Tiempo de lectura\" \/>\n\t<meta name=\"twitter:data2\" content=\"2 minutos\" \/>\n<script type=\"application\/ld+json\" class=\"yoast-schema-graph\">{\"@context\":\"https:\\\/\\\/schema.org\",\"@graph\":[{\"@type\":\"Article\",\"@id\":\"https:\\\/\\\/www.eldiario.net\\\/portal\\\/2024\\\/06\\\/25\\\/hugo-dellien-pasa-a-segunda-ronda-de-la-qualy-en-wimbledon\\\/#article\",\"isPartOf\":{\"@id\":\"https:\\\/\\\/www.eldiario.net\\\/portal\\\/2024\\\/06\\\/25\\\/hugo-dellien-pasa-a-segunda-ronda-de-la-qualy-en-wimbledon\\\/\"},\"author\":{\"name\":\"Jeanette\",\"@id\":\"https:\\\/\\\/www.eldiario.net\\\/portal\\\/#\\\/schema\\\/person\\\/f46445640444750d7d753ccd04ae01b7\"},\"headline\":\"Hugo Dellien pasa a segunda ronda de la qualy en Wimbledon\",\"datePublished\":\"2024-06-25T10:20:57+00:00\",\"mainEntityOfPage\":{\"@id\":\"https:\\\/\\\/www.eldiario.net\\\/portal\\\/2024\\\/06\\\/25\\\/hugo-dellien-pasa-a-segunda-ronda-de-la-qualy-en-wimbledon\\\/\"},\"wordCount\":402,\"commentCount\":0,\"publisher\":{\"@id\":\"https:\\\/\\\/www.eldiario.net\\\/portal\\\/#organization\"},\"image\":{\"@id\":\"https:\\\/\\\/www.eldiario.net\\\/portal\\\/2024\\\/06\\\/25\\\/hugo-dellien-pasa-a-segunda-ronda-de-la-qualy-en-wimbledon\\\/#primaryimage\"},\"thumbnailUrl\":\"https:\\\/\\\/www.eldiario.net\\\/portal\\\/wp-content\\\/uploads\\\/2024\\\/06\\\/Tenis-24.jpg\",\"articleSection\":[\"Deportes\"],\"inLanguage\":\"es\",\"potentialAction\":[{\"@type\":\"CommentAction\",\"name\":\"Comment\",\"target\":[\"https:\\\/\\\/www.eldiario.net\\\/portal\\\/2024\\\/06\\\/25\\\/hugo-dellien-pasa-a-segunda-ronda-de-la-qualy-en-wimbledon\\\/#respond\"]}]},{\"@type\":\"WebPage\",\"@id\":\"https:\\\/\\\/www.eldiario.net\\\/portal\\\/2024\\\/06\\\/25\\\/hugo-dellien-pasa-a-segunda-ronda-de-la-qualy-en-wimbledon\\\/\",\"url\":\"https:\\\/\\\/www.eldiario.net\\\/portal\\\/2024\\\/06\\\/25\\\/hugo-dellien-pasa-a-segunda-ronda-de-la-qualy-en-wimbledon\\\/\",\"name\":\"Hugo Dellien pasa a segunda ronda de la qualy en Wimbledon - El Diario - Bolivia\",\"isPartOf\":{\"@id\":\"https:\\\/\\\/www.eldiario.net\\\/portal\\\/#website\"},\"primaryImageOfPage\":{\"@id\":\"https:\\\/\\\/www.eldiario.net\\\/portal\\\/2024\\\/06\\\/25\\\/hugo-dellien-pasa-a-segunda-ronda-de-la-qualy-en-wimbledon\\\/#primaryimage\"},\"image\":{\"@id\":\"https:\\\/\\\/www.eldiario.net\\\/portal\\\/2024\\\/06\\\/25\\\/hugo-dellien-pasa-a-segunda-ronda-de-la-qualy-en-wimbledon\\\/#primaryimage\"},\"thumbnailUrl\":\"https:\\\/\\\/www.eldiario.net\\\/portal\\\/wp-content\\\/uploads\\\/2024\\\/06\\\/Tenis-24.jpg\",\"datePublished\":\"2024-06-25T10:20:57+00:00\",\"breadcrumb\":{\"@id\":\"https:\\\/\\\/www.eldiario.net\\\/portal\\\/2024\\\/06\\\/25\\\/hugo-dellien-pasa-a-segunda-ronda-de-la-qualy-en-wimbledon\\\/#breadcrumb\"},\"inLanguage\":\"es\",\"potentialAction\":[{\"@type\":\"ReadAction\",\"target\":[\"https:\\\/\\\/www.eldiario.net\\\/portal\\\/2024\\\/06\\\/25\\\/hugo-dellien-pasa-a-segunda-ronda-de-la-qualy-en-wimbledon\\\/\"]}]},{\"@type\":\"ImageObject\",\"inLanguage\":\"es\",\"@id\":\"https:\\\/\\\/www.eldiario.net\\\/portal\\\/2024\\\/06\\\/25\\\/hugo-dellien-pasa-a-segunda-ronda-de-la-qualy-en-wimbledon\\\/#primaryimage\",\"url\":\"https:\\\/\\\/www.eldiario.net\\\/portal\\\/wp-content\\\/uploads\\\/2024\\\/06\\\/Tenis-24.jpg\",\"contentUrl\":\"https:\\\/\\\/www.eldiario.net\\\/portal\\\/wp-content\\\/uploads\\\/2024\\\/06\\\/Tenis-24.jpg\",\"width\":1080,\"height\":726},{\"@type\":\"BreadcrumbList\",\"@id\":\"https:\\\/\\\/www.eldiario.net\\\/portal\\\/2024\\\/06\\\/25\\\/hugo-dellien-pasa-a-segunda-ronda-de-la-qualy-en-wimbledon\\\/#breadcrumb\",\"itemListElement\":[{\"@type\":\"ListItem\",\"position\":1,\"name\":\"Portada\",\"item\":\"https:\\\/\\\/www.eldiario.net\\\/portal\\\/\"},{\"@type\":\"ListItem\",\"position\":2,\"name\":\"Hugo Dellien pasa a segunda ronda de la qualy en Wimbledon\"}]},{\"@type\":\"WebSite\",\"@id\":\"https:\\\/\\\/www.eldiario.net\\\/portal\\\/#website\",\"url\":\"https:\\\/\\\/www.eldiario.net\\\/portal\\\/\",\"name\":\"El Diario - Decano de la prensa nacional\",\"description\":\"El Diario - Decano de la prensa nacional\",\"publisher\":{\"@id\":\"https:\\\/\\\/www.eldiario.net\\\/portal\\\/#organization\"},\"potentialAction\":[{\"@type\":\"SearchAction\",\"target\":{\"@type\":\"EntryPoint\",\"urlTemplate\":\"https:\\\/\\\/www.eldiario.net\\\/portal\\\/?s={search_term_string}\"},\"query-input\":{\"@type\":\"PropertyValueSpecification\",\"valueRequired\":true,\"valueName\":\"search_term_string\"}}],\"inLanguage\":\"es\"},{\"@type\":\"Organization\",\"@id\":\"https:\\\/\\\/www.eldiario.net\\\/portal\\\/#organization\",\"name\":\"El Diario - Decano de la prensa nacional\",\"url\":\"https:\\\/\\\/www.eldiario.net\\\/portal\\\/\",\"logo\":{\"@type\":\"ImageObject\",\"inLanguage\":\"es\",\"@id\":\"https:\\\/\\\/www.eldiario.net\\\/portal\\\/#\\\/schema\\\/logo\\\/image\\\/\",\"url\":\"https:\\\/\\\/www.eldiario.net\\\/portal\\\/wp-content\\\/uploads\\\/2023\\\/07\\\/logo_ED.jpg\",\"contentUrl\":\"https:\\\/\\\/www.eldiario.net\\\/portal\\\/wp-content\\\/uploads\\\/2023\\\/07\\\/logo_ED.jpg\",\"width\":272,\"height\":52,\"caption\":\"El Diario - Decano de la prensa nacional\"},\"image\":{\"@id\":\"https:\\\/\\\/www.eldiario.net\\\/portal\\\/#\\\/schema\\\/logo\\\/image\\\/\"},\"sameAs\":[\"https:\\\/\\\/www.facebook.com\\\/eldiario.bolivia\\\/\",\"https:\\\/\\\/x.com\\\/eldiario_net\"]},{\"@type\":\"Person\",\"@id\":\"https:\\\/\\\/www.eldiario.net\\\/portal\\\/#\\\/schema\\\/person\\\/f46445640444750d7d753ccd04ae01b7\",\"name\":\"Jeanette\",\"image\":{\"@type\":\"ImageObject\",\"inLanguage\":\"es\",\"@id\":\"https:\\\/\\\/secure.gravatar.com\\\/avatar\\\/3ea2118a5f7dad2b7138b1187a6b7ee55f160b9968b66013c3a3ef39dd7e5798?s=96&d=mm&r=g\",\"url\":\"https:\\\/\\\/secure.gravatar.com\\\/avatar\\\/3ea2118a5f7dad2b7138b1187a6b7ee55f160b9968b66013c3a3ef39dd7e5798?s=96&d=mm&r=g\",\"contentUrl\":\"https:\\\/\\\/secure.gravatar.com\\\/avatar\\\/3ea2118a5f7dad2b7138b1187a6b7ee55f160b9968b66013c3a3ef39dd7e5798?s=96&d=mm&r=g\",\"caption\":\"Jeanette\"},\"sameAs\":[\"https:\\\/\\\/www.eldiario.net\\\/portal\"],\"url\":\"https:\\\/\\\/www.eldiario.net\\\/portal\\\/author\\\/jeanette\\\/\"}]}<\/script>\n<!-- \/ Yoast SEO plugin. -->","yoast_head_json":{"title":"Hugo Dellien pasa a segunda ronda de la qualy en Wimbledon - El Diario - Bolivia","robots":{"index":"index","follow":"follow","max-snippet":"max-snippet:-1","max-image-preview":"max-image-preview:large","max-video-preview":"max-video-preview:-1"},"canonical":"https:\/\/www.eldiario.net\/portal\/2024\/06\/25\/hugo-dellien-pasa-a-segunda-ronda-de-la-qualy-en-wimbledon\/","og_locale":"es_ES","og_type":"article","og_title":"Hugo Dellien pasa a segunda ronda de la qualy en Wimbledon - El Diario - Bolivia","og_description":"Hugo Dellien avanz\u00f3 a segunda ronda de la qualy (clasificaci\u00f3n) de Wimbledon al vencer este lunes, en Londres, Inglaterra, al australiano Philip Sekulic: 6-3, 6-7(5) y 6-3. Su pr\u00f3ximo contrincante ser\u00e1 el checo Vit Kopriva. Desde tempranas horas del d\u00eda el mejor tenista del pa\u00eds en la actualidad jug\u00f3 en la cancha 15 del All [&hellip;]","og_url":"https:\/\/www.eldiario.net\/portal\/2024\/06\/25\/hugo-dellien-pasa-a-segunda-ronda-de-la-qualy-en-wimbledon\/","og_site_name":"El Diario - Bolivia","article_publisher":"https:\/\/www.facebook.com\/eldiario.bolivia\/","article_published_time":"2024-06-25T10:20:57+00:00","og_image":[{"width":1080,"height":726,"url":"https:\/\/www.eldiario.net\/portal\/wp-content\/uploads\/2024\/06\/Tenis-24.jpg","type":"image\/jpeg"}],"author":"Jeanette","twitter_card":"summary_large_image","twitter_creator":"@eldiario_net","twitter_site":"@eldiario_net","twitter_misc":{"Escrito por":"Jeanette","Tiempo de lectura":"2 minutos"},"schema":{"@context":"https:\/\/schema.org","@graph":[{"@type":"Article","@id":"https:\/\/www.eldiario.net\/portal\/2024\/06\/25\/hugo-dellien-pasa-a-segunda-ronda-de-la-qualy-en-wimbledon\/#article","isPartOf":{"@id":"https:\/\/www.eldiario.net\/portal\/2024\/06\/25\/hugo-dellien-pasa-a-segunda-ronda-de-la-qualy-en-wimbledon\/"},"author":{"name":"Jeanette","@id":"https:\/\/www.eldiario.net\/portal\/#\/schema\/person\/f46445640444750d7d753ccd04ae01b7"},"headline":"Hugo Dellien pasa a segunda ronda de la qualy en Wimbledon","datePublished":"2024-06-25T10:20:57+00:00","mainEntityOfPage":{"@id":"https:\/\/www.eldiario.net\/portal\/2024\/06\/25\/hugo-dellien-pasa-a-segunda-ronda-de-la-qualy-en-wimbledon\/"},"wordCount":402,"commentCount":0,"publisher":{"@id":"https:\/\/www.eldiario.net\/portal\/#organization"},"image":{"@id":"https:\/\/www.eldiario.net\/portal\/2024\/06\/25\/hugo-dellien-pasa-a-segunda-ronda-de-la-qualy-en-wimbledon\/#primaryimage"},"thumbnailUrl":"https:\/\/www.eldiario.net\/portal\/wp-content\/uploads\/2024\/06\/Tenis-24.jpg","articleSection":["Deportes"],"inLanguage":"es","potentialAction":[{"@type":"CommentAction","name":"Comment","target":["https:\/\/www.eldiario.net\/portal\/2024\/06\/25\/hugo-dellien-pasa-a-segunda-ronda-de-la-qualy-en-wimbledon\/#respond"]}]},{"@type":"WebPage","@id":"https:\/\/www.eldiario.net\/portal\/2024\/06\/25\/hugo-dellien-pasa-a-segunda-ronda-de-la-qualy-en-wimbledon\/","url":"https:\/\/www.eldiario.net\/portal\/2024\/06\/25\/hugo-dellien-pasa-a-segunda-ronda-de-la-qualy-en-wimbledon\/","name":"Hugo Dellien pasa a segunda ronda de la qualy en Wimbledon - El Diario - Bolivia","isPartOf":{"@id":"https:\/\/www.eldiario.net\/portal\/#website"},"primaryImageOfPage":{"@id":"https:\/\/www.eldiario.net\/portal\/2024\/06\/25\/hugo-dellien-pasa-a-segunda-ronda-de-la-qualy-en-wimbledon\/#primaryimage"},"image":{"@id":"https:\/\/www.eldiario.net\/portal\/2024\/06\/25\/hugo-dellien-pasa-a-segunda-ronda-de-la-qualy-en-wimbledon\/#primaryimage"},"thumbnailUrl":"https:\/\/www.eldiario.net\/portal\/wp-content\/uploads\/2024\/06\/Tenis-24.jpg","datePublished":"2024-06-25T10:20:57+00:00","breadcrumb":{"@id":"https:\/\/www.eldiario.net\/portal\/2024\/06\/25\/hugo-dellien-pasa-a-segunda-ronda-de-la-qualy-en-wimbledon\/#breadcrumb"},"inLanguage":"es","potentialAction":[{"@type":"ReadAction","target":["https:\/\/www.eldiario.net\/portal\/2024\/06\/25\/hugo-dellien-pasa-a-segunda-ronda-de-la-qualy-en-wimbledon\/"]}]},{"@type":"ImageObject","inLanguage":"es","@id":"https:\/\/www.eldiario.net\/portal\/2024\/06\/25\/hugo-dellien-pasa-a-segunda-ronda-de-la-qualy-en-wimbledon\/#primaryimage","url":"https:\/\/www.eldiario.net\/portal\/wp-content\/uploads\/2024\/06\/Tenis-24.jpg","contentUrl":"https:\/\/www.eldiario.net\/portal\/wp-content\/uploads\/2024\/06\/Tenis-24.jpg","width":1080,"height":726},{"@type":"BreadcrumbList","@id":"https:\/\/www.eldiario.net\/portal\/2024\/06\/25\/hugo-dellien-pasa-a-segunda-ronda-de-la-qualy-en-wimbledon\/#breadcrumb","itemListElement":[{"@type":"ListItem","position":1,"name":"Portada","item":"https:\/\/www.eldiario.net\/portal\/"},{"@type":"ListItem","position":2,"name":"Hugo Dellien pasa a segunda ronda de la qualy en Wimbledon"}]},{"@type":"WebSite","@id":"https:\/\/www.eldiario.net\/portal\/#website","url":"https:\/\/www.eldiario.net\/portal\/","name":"El Diario - Decano de la prensa nacional","description":"El Diario - Decano de la prensa nacional","publisher":{"@id":"https:\/\/www.eldiario.net\/portal\/#organization"},"potentialAction":[{"@type":"SearchAction","target":{"@type":"EntryPoint","urlTemplate":"https:\/\/www.eldiario.net\/portal\/?s={search_term_string}"},"query-input":{"@type":"PropertyValueSpecification","valueRequired":true,"valueName":"search_term_string"}}],"inLanguage":"es"},{"@type":"Organization","@id":"https:\/\/www.eldiario.net\/portal\/#organization","name":"El Diario - Decano de la prensa nacional","url":"https:\/\/www.eldiario.net\/portal\/","logo":{"@type":"ImageObject","inLanguage":"es","@id":"https:\/\/www.eldiario.net\/portal\/#\/schema\/logo\/image\/","url":"https:\/\/www.eldiario.net\/portal\/wp-content\/uploads\/2023\/07\/logo_ED.jpg","contentUrl":"https:\/\/www.eldiario.net\/portal\/wp-content\/uploads\/2023\/07\/logo_ED.jpg","width":272,"height":52,"caption":"El Diario - Decano de la prensa nacional"},"image":{"@id":"https:\/\/www.eldiario.net\/portal\/#\/schema\/logo\/image\/"},"sameAs":["https:\/\/www.facebook.com\/eldiario.bolivia\/","https:\/\/x.com\/eldiario_net"]},{"@type":"Person","@id":"https:\/\/www.eldiario.net\/portal\/#\/schema\/person\/f46445640444750d7d753ccd04ae01b7","name":"Jeanette","image":{"@type":"ImageObject","inLanguage":"es","@id":"https:\/\/secure.gravatar.com\/avatar\/3ea2118a5f7dad2b7138b1187a6b7ee55f160b9968b66013c3a3ef39dd7e5798?s=96&d=mm&r=g","url":"https:\/\/secure.gravatar.com\/avatar\/3ea2118a5f7dad2b7138b1187a6b7ee55f160b9968b66013c3a3ef39dd7e5798?s=96&d=mm&r=g","contentUrl":"https:\/\/secure.gravatar.com\/avatar\/3ea2118a5f7dad2b7138b1187a6b7ee55f160b9968b66013c3a3ef39dd7e5798?s=96&d=mm&r=g","caption":"Jeanette"},"sameAs":["https:\/\/www.eldiario.net\/portal"],"url":"https:\/\/www.eldiario.net\/portal\/author\/jeanette\/"}]}},"_links":{"self":[{"href":"https:\/\/www.eldiario.net\/portal\/wp-json\/wp\/v2\/posts\/229633","targetHints":{"allow":["GET"]}}],"collection":[{"href":"https:\/\/www.eldiario.net\/portal\/wp-json\/wp\/v2\/posts"}],"about":[{"href":"https:\/\/www.eldiario.net\/portal\/wp-json\/wp\/v2\/types\/post"}],"author":[{"embeddable":true,"href":"https:\/\/www.eldiario.net\/portal\/wp-json\/wp\/v2\/users\/1"}],"replies":[{"embeddable":true,"href":"https:\/\/www.eldiario.net\/portal\/wp-json\/wp\/v2\/comments?post=229633"}],"version-history":[{"count":1,"href":"https:\/\/www.eldiario.net\/portal\/wp-json\/wp\/v2\/posts\/229633\/revisions"}],"predecessor-version":[{"id":229635,"href":"https:\/\/www.eldiario.net\/portal\/wp-json\/wp\/v2\/posts\/229633\/revisions\/229635"}],"wp:featuredmedia":[{"embeddable":true,"href":"https:\/\/www.eldiario.net\/portal\/wp-json\/wp\/v2\/media\/229634"}],"wp:attachment":[{"href":"https:\/\/www.eldiario.net\/portal\/wp-json\/wp\/v2\/media?parent=229633"}],"wp:term":[{"taxonomy":"category","embeddable":true,"href":"https:\/\/www.eldiario.net\/portal\/wp-json\/wp\/v2\/categories?post=229633"},{"taxonomy":"post_tag","embeddable":true,"href":"https:\/\/www.eldiario.net\/portal\/wp-json\/wp\/v2\/tags?post=229633"}],"curies":[{"name":"wp","href":"https:\/\/api.w.org\/{rel}","templated":true}]}}