{"id":22963,"date":"2021-08-12T06:10:01","date_gmt":"2021-08-12T10:10:01","guid":{"rendered":"https:\/\/www.eldiario.net\/portal\/?p=22963"},"modified":"2021-08-12T06:10:01","modified_gmt":"2021-08-12T10:10:01","slug":"preocupacion-por-salud-de-ex-presidenta-jeanine-anez","status":"publish","type":"post","link":"https:\/\/www.eldiario.net\/portal\/2021\/08\/12\/preocupacion-por-salud-de-ex-presidenta-jeanine-anez\/","title":{"rendered":"Preocupaci\u00f3n por salud de ex presidenta Jeanine A\u00f1ez"},"content":{"rendered":"<p>Con la finalidad de realizar controles m\u00e9dicos, la jornada pasada, la expresidenta Jeanine A\u00f1ez Ch\u00e1vez fue trasladada hasta instalaciones del Hospital del T\u00f3rax. Se inform\u00f3 que esta visita se efectu\u00f3 para ser evaluada por especialistas en cardiolog\u00eda. Representantes de oposici\u00f3n y ex autoridades responsabilizaron al Gobierno de Luis Arce por posibles complicaciones en la salud de la ex mandataria.<\/p>\n<p>Opositores cuestionan que desde el Gobierno se juegue con la salud de A\u00f1ez para sustentar el discurso del supuesto golpe de Estado en 2019.<\/p>\n<p>Al respecto el ex diputado Gonzalo Barrientos, responsabiliz\u00f3 al Gobierno del Movimiento al Socialismo por no atender las recomendaciones para proteger la salud y evitar las complicaciones que puedan presentarse en la humanidad de la ex mandataria.<\/p>\n<p>\u201cYa es inhumano lo que se est\u00e1 haciendo con la salud de la expresidenta, hace ya varios meses que sus m\u00e9dicos han solicitado y recomendado una atenci\u00f3n especializada, a tal extremo que se recomienda una valoraci\u00f3n en un hospital de tercer nivel, pero solo se limitan a llevarla por unos minutos a una simple consulta m\u00e9dica, sin que se realicen todos los estudios necesarios\u201d manifest\u00f3.<\/p>\n<p>Se\u00f1al\u00f3 adem\u00e1s que para sustentar la teor\u00eda del supuesto golpe de Estado se est\u00e1 poniendo en riesgo la salud de la ex mandataria y vulnerando los derechos de otras ex autoridades y ciudadanos por haber defendido la democracia.<\/p>\n<p>Por su parte, la ex ministra de Relaciones Exteriores durante el gobierno transitorio, Karen Longaric, expres\u00f3 su preocupaci\u00f3n por el actual estado de salud de A\u00f1ez y sostuvo que cualquier complicaci\u00f3n que se presente ser\u00e1 responsabilidad del Gobierno de del presidente Luis Arce, por insistir en su detenci\u00f3n para justificar el discurso del supuesto golpe de Estado.<\/p>\n<p>\u201cTengo la fe de que en estos d\u00edas pueda salir de la c\u00e1rcel, porque tengo la impresi\u00f3n de que su vida est\u00e1 pendiendo de un hilo, y cualquier cosa que le pase que sea irremediable e irreversible va a pesar en la conciencia de todo el gobierno de Luis Arce\u201d, manifest\u00f3 en declaraciones a radio Fides.<\/p>\n<p>Tras la revisi\u00f3n practicada a la exmandataria, el director de R\u00e9gimen Penitenciario, Juan Carlos Limpias, inform\u00f3 que A\u00f1ez sufre de un cuadro de hipertensi\u00f3n y ansiedad mas no existe necesidad de una internaci\u00f3n.<\/p>\n<p>\u201cHa sido atendida por el cardi\u00f3logo especialista, el cual ratifica nuevamente qu\u00e9 la privada de liberad a Jeanine A\u00f1ez sufre de hipertensi\u00f3n arterial sist\u00e9mica y s\u00edndrome ansioso-depresivo\u201d indic\u00f3.<\/p>\n","protected":false},"excerpt":{"rendered":"<p>Con la finalidad de realizar controles m\u00e9dicos, la jornada pasada, la expresidenta Jeanine A\u00f1ez Ch\u00e1vez fue trasladada hasta instalaciones del Hospital del T\u00f3rax. Se inform\u00f3 que esta visita se efectu\u00f3 para ser evaluada por especialistas en cardiolog\u00eda. Representantes de oposici\u00f3n y ex autoridades responsabilizaron al Gobierno de Luis Arce por posibles complicaciones en la salud [&hellip;]<\/p>\n","protected":false},"author":1,"featured_media":22964,"comment_status":"closed","ping_status":"closed","sticky":false,"template":"","format":"standard","meta":{"_acf_changed":false,"footnotes":""},"categories":[14],"tags":[],"class_list":["post-22963","post","type-post","status-publish","format-standard","has-post-thumbnail","category-politica"],"acf":{"antetitulo":""},"yoast_head":"<!-- This site is optimized with the Yoast SEO plugin v28.3 - https:\/\/yoast.com\/product\/yoast-seo-wordpress\/ -->\n<title>Preocupaci\u00f3n por salud de ex presidenta Jeanine A\u00f1ez - El Diario - Bolivia<\/title>\n<meta name=\"robots\" content=\"index, follow, max-snippet:-1, max-image-preview:large, max-video-preview:-1\" \/>\n<link rel=\"canonical\" href=\"https:\/\/www.eldiario.net\/portal\/2021\/08\/12\/preocupacion-por-salud-de-ex-presidenta-jeanine-anez\/\" \/>\n<meta property=\"og:locale\" content=\"es_ES\" \/>\n<meta property=\"og:type\" content=\"article\" \/>\n<meta property=\"og:title\" content=\"Preocupaci\u00f3n por salud de ex presidenta Jeanine A\u00f1ez - El Diario - Bolivia\" \/>\n<meta property=\"og:description\" content=\"Con la finalidad de realizar controles m\u00e9dicos, la jornada pasada, la expresidenta Jeanine A\u00f1ez Ch\u00e1vez fue trasladada hasta instalaciones del Hospital del T\u00f3rax. Se inform\u00f3 que esta visita se efectu\u00f3 para ser evaluada por especialistas en cardiolog\u00eda. Representantes de oposici\u00f3n y ex autoridades responsabilizaron al Gobierno de Luis Arce por posibles complicaciones en la salud [&hellip;]\" \/>\n<meta property=\"og:url\" content=\"https:\/\/www.eldiario.net\/portal\/2021\/08\/12\/preocupacion-por-salud-de-ex-presidenta-jeanine-anez\/\" \/>\n<meta property=\"og:site_name\" content=\"El Diario - Bolivia\" \/>\n<meta property=\"article:publisher\" content=\"https:\/\/www.facebook.com\/eldiario.bolivia\/\" \/>\n<meta property=\"article:published_time\" content=\"2021-08-12T10:10:01+00:00\" \/>\n<meta name=\"author\" content=\"Jeanette\" \/>\n<meta name=\"twitter:card\" content=\"summary_large_image\" \/>\n<meta name=\"twitter:creator\" content=\"@eldiario_net\" \/>\n<meta name=\"twitter:site\" content=\"@eldiario_net\" \/>\n<meta name=\"twitter:label1\" content=\"Escrito por\" \/>\n\t<meta name=\"twitter:data1\" content=\"Jeanette\" \/>\n\t<meta name=\"twitter:label2\" content=\"Tiempo de lectura\" \/>\n\t<meta name=\"twitter:data2\" content=\"2 minutos\" \/>\n<script type=\"application\/ld+json\" class=\"yoast-schema-graph\">{\"@context\":\"https:\\\/\\\/schema.org\",\"@graph\":[{\"@type\":\"Article\",\"@id\":\"https:\\\/\\\/www.eldiario.net\\\/portal\\\/2021\\\/08\\\/12\\\/preocupacion-por-salud-de-ex-presidenta-jeanine-anez\\\/#article\",\"isPartOf\":{\"@id\":\"https:\\\/\\\/www.eldiario.net\\\/portal\\\/2021\\\/08\\\/12\\\/preocupacion-por-salud-de-ex-presidenta-jeanine-anez\\\/\"},\"author\":{\"name\":\"Jeanette\",\"@id\":\"https:\\\/\\\/www.eldiario.net\\\/portal\\\/#\\\/schema\\\/person\\\/f46445640444750d7d753ccd04ae01b7\"},\"headline\":\"Preocupaci\u00f3n por salud de ex presidenta Jeanine A\u00f1ez\",\"datePublished\":\"2021-08-12T10:10:01+00:00\",\"mainEntityOfPage\":{\"@id\":\"https:\\\/\\\/www.eldiario.net\\\/portal\\\/2021\\\/08\\\/12\\\/preocupacion-por-salud-de-ex-presidenta-jeanine-anez\\\/\"},\"wordCount\":437,\"publisher\":{\"@id\":\"https:\\\/\\\/www.eldiario.net\\\/portal\\\/#organization\"},\"image\":{\"@id\":\"https:\\\/\\\/www.eldiario.net\\\/portal\\\/2021\\\/08\\\/12\\\/preocupacion-por-salud-de-ex-presidenta-jeanine-anez\\\/#primaryimage\"},\"thumbnailUrl\":\"\",\"articleSection\":[\"Pol\u00edtica\"],\"inLanguage\":\"es\"},{\"@type\":\"WebPage\",\"@id\":\"https:\\\/\\\/www.eldiario.net\\\/portal\\\/2021\\\/08\\\/12\\\/preocupacion-por-salud-de-ex-presidenta-jeanine-anez\\\/\",\"url\":\"https:\\\/\\\/www.eldiario.net\\\/portal\\\/2021\\\/08\\\/12\\\/preocupacion-por-salud-de-ex-presidenta-jeanine-anez\\\/\",\"name\":\"Preocupaci\u00f3n por salud de ex presidenta Jeanine A\u00f1ez - El Diario - Bolivia\",\"isPartOf\":{\"@id\":\"https:\\\/\\\/www.eldiario.net\\\/portal\\\/#website\"},\"primaryImageOfPage\":{\"@id\":\"https:\\\/\\\/www.eldiario.net\\\/portal\\\/2021\\\/08\\\/12\\\/preocupacion-por-salud-de-ex-presidenta-jeanine-anez\\\/#primaryimage\"},\"image\":{\"@id\":\"https:\\\/\\\/www.eldiario.net\\\/portal\\\/2021\\\/08\\\/12\\\/preocupacion-por-salud-de-ex-presidenta-jeanine-anez\\\/#primaryimage\"},\"thumbnailUrl\":\"\",\"datePublished\":\"2021-08-12T10:10:01+00:00\",\"breadcrumb\":{\"@id\":\"https:\\\/\\\/www.eldiario.net\\\/portal\\\/2021\\\/08\\\/12\\\/preocupacion-por-salud-de-ex-presidenta-jeanine-anez\\\/#breadcrumb\"},\"inLanguage\":\"es\",\"potentialAction\":[{\"@type\":\"ReadAction\",\"target\":[\"https:\\\/\\\/www.eldiario.net\\\/portal\\\/2021\\\/08\\\/12\\\/preocupacion-por-salud-de-ex-presidenta-jeanine-anez\\\/\"]}]},{\"@type\":\"ImageObject\",\"inLanguage\":\"es\",\"@id\":\"https:\\\/\\\/www.eldiario.net\\\/portal\\\/2021\\\/08\\\/12\\\/preocupacion-por-salud-de-ex-presidenta-jeanine-anez\\\/#primaryimage\",\"url\":\"\",\"contentUrl\":\"\"},{\"@type\":\"BreadcrumbList\",\"@id\":\"https:\\\/\\\/www.eldiario.net\\\/portal\\\/2021\\\/08\\\/12\\\/preocupacion-por-salud-de-ex-presidenta-jeanine-anez\\\/#breadcrumb\",\"itemListElement\":[{\"@type\":\"ListItem\",\"position\":1,\"name\":\"Portada\",\"item\":\"https:\\\/\\\/www.eldiario.net\\\/portal\\\/\"},{\"@type\":\"ListItem\",\"position\":2,\"name\":\"Preocupaci\u00f3n por salud de ex presidenta Jeanine A\u00f1ez\"}]},{\"@type\":\"WebSite\",\"@id\":\"https:\\\/\\\/www.eldiario.net\\\/portal\\\/#website\",\"url\":\"https:\\\/\\\/www.eldiario.net\\\/portal\\\/\",\"name\":\"El Diario - Decano de la prensa nacional\",\"description\":\"El Diario - Decano de la prensa nacional\",\"publisher\":{\"@id\":\"https:\\\/\\\/www.eldiario.net\\\/portal\\\/#organization\"},\"potentialAction\":[{\"@type\":\"SearchAction\",\"target\":{\"@type\":\"EntryPoint\",\"urlTemplate\":\"https:\\\/\\\/www.eldiario.net\\\/portal\\\/?s={search_term_string}\"},\"query-input\":{\"@type\":\"PropertyValueSpecification\",\"valueRequired\":true,\"valueName\":\"search_term_string\"}}],\"inLanguage\":\"es\"},{\"@type\":\"Organization\",\"@id\":\"https:\\\/\\\/www.eldiario.net\\\/portal\\\/#organization\",\"name\":\"El Diario - Decano de la prensa nacional\",\"url\":\"https:\\\/\\\/www.eldiario.net\\\/portal\\\/\",\"logo\":{\"@type\":\"ImageObject\",\"inLanguage\":\"es\",\"@id\":\"https:\\\/\\\/www.eldiario.net\\\/portal\\\/#\\\/schema\\\/logo\\\/image\\\/\",\"url\":\"https:\\\/\\\/www.eldiario.net\\\/portal\\\/wp-content\\\/uploads\\\/2023\\\/07\\\/logo_ED.jpg\",\"contentUrl\":\"https:\\\/\\\/www.eldiario.net\\\/portal\\\/wp-content\\\/uploads\\\/2023\\\/07\\\/logo_ED.jpg\",\"width\":272,\"height\":52,\"caption\":\"El Diario - Decano de la prensa nacional\"},\"image\":{\"@id\":\"https:\\\/\\\/www.eldiario.net\\\/portal\\\/#\\\/schema\\\/logo\\\/image\\\/\"},\"sameAs\":[\"https:\\\/\\\/www.facebook.com\\\/eldiario.bolivia\\\/\",\"https:\\\/\\\/x.com\\\/eldiario_net\"]},{\"@type\":\"Person\",\"@id\":\"https:\\\/\\\/www.eldiario.net\\\/portal\\\/#\\\/schema\\\/person\\\/f46445640444750d7d753ccd04ae01b7\",\"name\":\"Jeanette\",\"image\":{\"@type\":\"ImageObject\",\"inLanguage\":\"es\",\"@id\":\"https:\\\/\\\/secure.gravatar.com\\\/avatar\\\/3ea2118a5f7dad2b7138b1187a6b7ee55f160b9968b66013c3a3ef39dd7e5798?s=96&d=mm&r=g\",\"url\":\"https:\\\/\\\/secure.gravatar.com\\\/avatar\\\/3ea2118a5f7dad2b7138b1187a6b7ee55f160b9968b66013c3a3ef39dd7e5798?s=96&d=mm&r=g\",\"contentUrl\":\"https:\\\/\\\/secure.gravatar.com\\\/avatar\\\/3ea2118a5f7dad2b7138b1187a6b7ee55f160b9968b66013c3a3ef39dd7e5798?s=96&d=mm&r=g\",\"caption\":\"Jeanette\"},\"sameAs\":[\"https:\\\/\\\/www.eldiario.net\\\/portal\"],\"url\":\"https:\\\/\\\/www.eldiario.net\\\/portal\\\/author\\\/jeanette\\\/\"}]}<\/script>\n<!-- \/ Yoast SEO plugin. -->","yoast_head_json":{"title":"Preocupaci\u00f3n por salud de ex presidenta Jeanine A\u00f1ez - El Diario - Bolivia","robots":{"index":"index","follow":"follow","max-snippet":"max-snippet:-1","max-image-preview":"max-image-preview:large","max-video-preview":"max-video-preview:-1"},"canonical":"https:\/\/www.eldiario.net\/portal\/2021\/08\/12\/preocupacion-por-salud-de-ex-presidenta-jeanine-anez\/","og_locale":"es_ES","og_type":"article","og_title":"Preocupaci\u00f3n por salud de ex presidenta Jeanine A\u00f1ez - El Diario - Bolivia","og_description":"Con la finalidad de realizar controles m\u00e9dicos, la jornada pasada, la expresidenta Jeanine A\u00f1ez Ch\u00e1vez fue trasladada hasta instalaciones del Hospital del T\u00f3rax. Se inform\u00f3 que esta visita se efectu\u00f3 para ser evaluada por especialistas en cardiolog\u00eda. Representantes de oposici\u00f3n y ex autoridades responsabilizaron al Gobierno de Luis Arce por posibles complicaciones en la salud [&hellip;]","og_url":"https:\/\/www.eldiario.net\/portal\/2021\/08\/12\/preocupacion-por-salud-de-ex-presidenta-jeanine-anez\/","og_site_name":"El Diario - Bolivia","article_publisher":"https:\/\/www.facebook.com\/eldiario.bolivia\/","article_published_time":"2021-08-12T10:10:01+00:00","author":"Jeanette","twitter_card":"summary_large_image","twitter_creator":"@eldiario_net","twitter_site":"@eldiario_net","twitter_misc":{"Escrito por":"Jeanette","Tiempo de lectura":"2 minutos"},"schema":{"@context":"https:\/\/schema.org","@graph":[{"@type":"Article","@id":"https:\/\/www.eldiario.net\/portal\/2021\/08\/12\/preocupacion-por-salud-de-ex-presidenta-jeanine-anez\/#article","isPartOf":{"@id":"https:\/\/www.eldiario.net\/portal\/2021\/08\/12\/preocupacion-por-salud-de-ex-presidenta-jeanine-anez\/"},"author":{"name":"Jeanette","@id":"https:\/\/www.eldiario.net\/portal\/#\/schema\/person\/f46445640444750d7d753ccd04ae01b7"},"headline":"Preocupaci\u00f3n por salud de ex presidenta Jeanine A\u00f1ez","datePublished":"2021-08-12T10:10:01+00:00","mainEntityOfPage":{"@id":"https:\/\/www.eldiario.net\/portal\/2021\/08\/12\/preocupacion-por-salud-de-ex-presidenta-jeanine-anez\/"},"wordCount":437,"publisher":{"@id":"https:\/\/www.eldiario.net\/portal\/#organization"},"image":{"@id":"https:\/\/www.eldiario.net\/portal\/2021\/08\/12\/preocupacion-por-salud-de-ex-presidenta-jeanine-anez\/#primaryimage"},"thumbnailUrl":"","articleSection":["Pol\u00edtica"],"inLanguage":"es"},{"@type":"WebPage","@id":"https:\/\/www.eldiario.net\/portal\/2021\/08\/12\/preocupacion-por-salud-de-ex-presidenta-jeanine-anez\/","url":"https:\/\/www.eldiario.net\/portal\/2021\/08\/12\/preocupacion-por-salud-de-ex-presidenta-jeanine-anez\/","name":"Preocupaci\u00f3n por salud de ex presidenta Jeanine A\u00f1ez - El Diario - Bolivia","isPartOf":{"@id":"https:\/\/www.eldiario.net\/portal\/#website"},"primaryImageOfPage":{"@id":"https:\/\/www.eldiario.net\/portal\/2021\/08\/12\/preocupacion-por-salud-de-ex-presidenta-jeanine-anez\/#primaryimage"},"image":{"@id":"https:\/\/www.eldiario.net\/portal\/2021\/08\/12\/preocupacion-por-salud-de-ex-presidenta-jeanine-anez\/#primaryimage"},"thumbnailUrl":"","datePublished":"2021-08-12T10:10:01+00:00","breadcrumb":{"@id":"https:\/\/www.eldiario.net\/portal\/2021\/08\/12\/preocupacion-por-salud-de-ex-presidenta-jeanine-anez\/#breadcrumb"},"inLanguage":"es","potentialAction":[{"@type":"ReadAction","target":["https:\/\/www.eldiario.net\/portal\/2021\/08\/12\/preocupacion-por-salud-de-ex-presidenta-jeanine-anez\/"]}]},{"@type":"ImageObject","inLanguage":"es","@id":"https:\/\/www.eldiario.net\/portal\/2021\/08\/12\/preocupacion-por-salud-de-ex-presidenta-jeanine-anez\/#primaryimage","url":"","contentUrl":""},{"@type":"BreadcrumbList","@id":"https:\/\/www.eldiario.net\/portal\/2021\/08\/12\/preocupacion-por-salud-de-ex-presidenta-jeanine-anez\/#breadcrumb","itemListElement":[{"@type":"ListItem","position":1,"name":"Portada","item":"https:\/\/www.eldiario.net\/portal\/"},{"@type":"ListItem","position":2,"name":"Preocupaci\u00f3n por salud de ex presidenta Jeanine A\u00f1ez"}]},{"@type":"WebSite","@id":"https:\/\/www.eldiario.net\/portal\/#website","url":"https:\/\/www.eldiario.net\/portal\/","name":"El Diario - Decano de la prensa nacional","description":"El Diario - Decano de la prensa nacional","publisher":{"@id":"https:\/\/www.eldiario.net\/portal\/#organization"},"potentialAction":[{"@type":"SearchAction","target":{"@type":"EntryPoint","urlTemplate":"https:\/\/www.eldiario.net\/portal\/?s={search_term_string}"},"query-input":{"@type":"PropertyValueSpecification","valueRequired":true,"valueName":"search_term_string"}}],"inLanguage":"es"},{"@type":"Organization","@id":"https:\/\/www.eldiario.net\/portal\/#organization","name":"El Diario - Decano de la prensa nacional","url":"https:\/\/www.eldiario.net\/portal\/","logo":{"@type":"ImageObject","inLanguage":"es","@id":"https:\/\/www.eldiario.net\/portal\/#\/schema\/logo\/image\/","url":"https:\/\/www.eldiario.net\/portal\/wp-content\/uploads\/2023\/07\/logo_ED.jpg","contentUrl":"https:\/\/www.eldiario.net\/portal\/wp-content\/uploads\/2023\/07\/logo_ED.jpg","width":272,"height":52,"caption":"El Diario - Decano de la prensa nacional"},"image":{"@id":"https:\/\/www.eldiario.net\/portal\/#\/schema\/logo\/image\/"},"sameAs":["https:\/\/www.facebook.com\/eldiario.bolivia\/","https:\/\/x.com\/eldiario_net"]},{"@type":"Person","@id":"https:\/\/www.eldiario.net\/portal\/#\/schema\/person\/f46445640444750d7d753ccd04ae01b7","name":"Jeanette","image":{"@type":"ImageObject","inLanguage":"es","@id":"https:\/\/secure.gravatar.com\/avatar\/3ea2118a5f7dad2b7138b1187a6b7ee55f160b9968b66013c3a3ef39dd7e5798?s=96&d=mm&r=g","url":"https:\/\/secure.gravatar.com\/avatar\/3ea2118a5f7dad2b7138b1187a6b7ee55f160b9968b66013c3a3ef39dd7e5798?s=96&d=mm&r=g","contentUrl":"https:\/\/secure.gravatar.com\/avatar\/3ea2118a5f7dad2b7138b1187a6b7ee55f160b9968b66013c3a3ef39dd7e5798?s=96&d=mm&r=g","caption":"Jeanette"},"sameAs":["https:\/\/www.eldiario.net\/portal"],"url":"https:\/\/www.eldiario.net\/portal\/author\/jeanette\/"}]}},"_links":{"self":[{"href":"https:\/\/www.eldiario.net\/portal\/wp-json\/wp\/v2\/posts\/22963","targetHints":{"allow":["GET"]}}],"collection":[{"href":"https:\/\/www.eldiario.net\/portal\/wp-json\/wp\/v2\/posts"}],"about":[{"href":"https:\/\/www.eldiario.net\/portal\/wp-json\/wp\/v2\/types\/post"}],"author":[{"embeddable":true,"href":"https:\/\/www.eldiario.net\/portal\/wp-json\/wp\/v2\/users\/1"}],"replies":[{"embeddable":true,"href":"https:\/\/www.eldiario.net\/portal\/wp-json\/wp\/v2\/comments?post=22963"}],"version-history":[{"count":0,"href":"https:\/\/www.eldiario.net\/portal\/wp-json\/wp\/v2\/posts\/22963\/revisions"}],"wp:attachment":[{"href":"https:\/\/www.eldiario.net\/portal\/wp-json\/wp\/v2\/media?parent=22963"}],"wp:term":[{"taxonomy":"category","embeddable":true,"href":"https:\/\/www.eldiario.net\/portal\/wp-json\/wp\/v2\/categories?post=22963"},{"taxonomy":"post_tag","embeddable":true,"href":"https:\/\/www.eldiario.net\/portal\/wp-json\/wp\/v2\/tags?post=22963"}],"curies":[{"name":"wp","href":"https:\/\/api.w.org\/{rel}","templated":true}]}}