{"id":22960,"date":"2021-08-12T06:08:41","date_gmt":"2021-08-12T10:08:41","guid":{"rendered":"https:\/\/www.eldiario.net\/portal\/?p=22960"},"modified":"2021-08-12T06:08:41","modified_gmt":"2021-08-12T10:08:41","slug":"seis-legisladores-de-oposicion-son-denunciados-ante-comite-de-etica","status":"publish","type":"post","link":"https:\/\/www.eldiario.net\/portal\/2021\/08\/12\/seis-legisladores-de-oposicion-son-denunciados-ante-comite-de-etica\/","title":{"rendered":"Seis legisladores de oposici\u00f3n son denunciados ante Comit\u00e9 de \u00c9tica"},"content":{"rendered":"<p>La diputada oficialista Deysi Choque anunci\u00f3 que seis parlamentarios de oposici\u00f3n fueron denunciados ante la Comisi\u00f3n de \u00c9tica de la Asamblea Legislativa Plurinacional (ALP) por los incidentes durante la sesi\u00f3n de honor en homenaje a las fiestas patrias, cuando dieron la espalda al presidente Luis Arce e interrumpieron su mensaje. Los opositores califican la medida como intolerante y autoritaria.<\/p>\n<p>Choque inform\u00f3 que la denuncia presentada por mellar el decoro y la dignidad de la ALP va en contra de los diputados Alberto Astorga de Comunidad Ciudadana, adem\u00e1s de Erwin Baz\u00e1n, Mauricio Eg\u00fcez, Alba Moira Osinaga, Mar\u00eda Ren\u00e9 \u00c1lvarez y Marioly Mor\u00f3n de la agrupaci\u00f3n Creemos.<\/p>\n<p>\u201cEstuvimos vistos a nivel internacional y sus actitudes de estos diputados mellan la dignidad del pueblo y de la ALP. Amparados en los reglamentos de la Comisi\u00f3n de \u00c9tica, estamos pidiendo la suspensi\u00f3n por 12 meses sin derecho a sueldo ni retribuci\u00f3n econ\u00f3mica, no puede ser que los diputados cometan la vulneraci\u00f3n al decoro, es una falta grav\u00edsima\u201d refiri\u00f3 la parlamentaria.<\/p>\n<p>La legisladora sostuvo que con esta denuncia se espera que se proceda con la suspensi\u00f3n de los infractores por el lapso de 12 meses sin goce de haberes.<\/p>\n<p>Al respecto, representantes de las fuerzas de oposici\u00f3n y los propios legisladores denunciados calificaron a estos anuncios como un acto de intolerancia y autoritarismo por parte del oficialismo, como se\u00f1al\u00f3 el diputado Alejandro Reyes.<\/p>\n<p>Para la senadora por CC Andrea Barrientos, se intenta amedrentar a legisladores despu\u00e9s de que algunos hasta fueron agredidos f\u00edsicamente por grupos violentos afines al MAS.<\/p>\n<p>\u201cEn una actitud abusiva y cobarde la diputada Deysi Choque del MAS pretende mandar a nuestro diputado Alberto Astorga a tribunal de \u00e9tica por los hechos del 6 de agosto. Despu\u00e9s de que grupos de choque del MAS atacan brutalmente a Beto, intentan amedrentar con esta denuncia\u201d, expres\u00f3.<\/p>\n<p>Por su parte, el diputado Astorga reproch\u00f3 que con estas acciones se intente acallar las voces que denuncian el fraude electoral del 2019 y anuncio que continuar\u00e1 con sus labores de fiscalizaci\u00f3n como diputado nacional.<\/p>\n<p>\u201cPrimero grupos delincuenciales del MAS me agreden con un piedrazo en la cabeza, ahora una diputada del MAS me denuncia a la comisi\u00f3n de \u00e9tica por los hechos de la sesi\u00f3n del 6 de agosto. No van a acallarnos, no tenemos miedo seguiremos fiscalizando y denunciando el Fraude del 2019\u201d, manifest\u00f3 mediante redes sociales.<\/p>\n","protected":false},"excerpt":{"rendered":"<p>La diputada oficialista Deysi Choque anunci\u00f3 que seis parlamentarios de oposici\u00f3n fueron denunciados ante la Comisi\u00f3n de \u00c9tica de la Asamblea Legislativa Plurinacional (ALP) por los incidentes durante la sesi\u00f3n de honor en homenaje a las fiestas patrias, cuando dieron la espalda al presidente Luis Arce e interrumpieron su mensaje. Los opositores califican la medida [&hellip;]<\/p>\n","protected":false},"author":1,"featured_media":22961,"comment_status":"closed","ping_status":"closed","sticky":false,"template":"","format":"standard","meta":{"_acf_changed":false,"footnotes":""},"categories":[14],"tags":[],"class_list":["post-22960","post","type-post","status-publish","format-standard","has-post-thumbnail","category-politica"],"acf":{"antetitulo":""},"yoast_head":"<!-- This site is optimized with the Yoast SEO plugin v28.3 - https:\/\/yoast.com\/product\/yoast-seo-wordpress\/ -->\n<title>Seis legisladores de oposici\u00f3n son denunciados ante Comit\u00e9 de \u00c9tica - El Diario - Bolivia<\/title>\n<meta name=\"robots\" content=\"index, follow, max-snippet:-1, max-image-preview:large, max-video-preview:-1\" \/>\n<link rel=\"canonical\" href=\"https:\/\/www.eldiario.net\/portal\/2021\/08\/12\/seis-legisladores-de-oposicion-son-denunciados-ante-comite-de-etica\/\" \/>\n<meta property=\"og:locale\" content=\"es_ES\" \/>\n<meta property=\"og:type\" content=\"article\" \/>\n<meta property=\"og:title\" content=\"Seis legisladores de oposici\u00f3n son denunciados ante Comit\u00e9 de \u00c9tica - El Diario - Bolivia\" \/>\n<meta property=\"og:description\" content=\"La diputada oficialista Deysi Choque anunci\u00f3 que seis parlamentarios de oposici\u00f3n fueron denunciados ante la Comisi\u00f3n de \u00c9tica de la Asamblea Legislativa Plurinacional (ALP) por los incidentes durante la sesi\u00f3n de honor en homenaje a las fiestas patrias, cuando dieron la espalda al presidente Luis Arce e interrumpieron su mensaje. Los opositores califican la medida [&hellip;]\" \/>\n<meta property=\"og:url\" content=\"https:\/\/www.eldiario.net\/portal\/2021\/08\/12\/seis-legisladores-de-oposicion-son-denunciados-ante-comite-de-etica\/\" \/>\n<meta property=\"og:site_name\" content=\"El Diario - Bolivia\" \/>\n<meta property=\"article:publisher\" content=\"https:\/\/www.facebook.com\/eldiario.bolivia\/\" \/>\n<meta property=\"article:published_time\" content=\"2021-08-12T10:08:41+00:00\" \/>\n<meta name=\"author\" content=\"Jeanette\" \/>\n<meta name=\"twitter:card\" content=\"summary_large_image\" \/>\n<meta name=\"twitter:creator\" content=\"@eldiario_net\" \/>\n<meta name=\"twitter:site\" content=\"@eldiario_net\" \/>\n<meta name=\"twitter:label1\" content=\"Escrito por\" \/>\n\t<meta name=\"twitter:data1\" content=\"Jeanette\" \/>\n\t<meta name=\"twitter:label2\" content=\"Tiempo de lectura\" \/>\n\t<meta name=\"twitter:data2\" content=\"2 minutos\" \/>\n<script type=\"application\/ld+json\" class=\"yoast-schema-graph\">{\"@context\":\"https:\\\/\\\/schema.org\",\"@graph\":[{\"@type\":\"Article\",\"@id\":\"https:\\\/\\\/www.eldiario.net\\\/portal\\\/2021\\\/08\\\/12\\\/seis-legisladores-de-oposicion-son-denunciados-ante-comite-de-etica\\\/#article\",\"isPartOf\":{\"@id\":\"https:\\\/\\\/www.eldiario.net\\\/portal\\\/2021\\\/08\\\/12\\\/seis-legisladores-de-oposicion-son-denunciados-ante-comite-de-etica\\\/\"},\"author\":{\"name\":\"Jeanette\",\"@id\":\"https:\\\/\\\/www.eldiario.net\\\/portal\\\/#\\\/schema\\\/person\\\/f46445640444750d7d753ccd04ae01b7\"},\"headline\":\"Seis legisladores de oposici\u00f3n son denunciados ante Comit\u00e9 de \u00c9tica\",\"datePublished\":\"2021-08-12T10:08:41+00:00\",\"mainEntityOfPage\":{\"@id\":\"https:\\\/\\\/www.eldiario.net\\\/portal\\\/2021\\\/08\\\/12\\\/seis-legisladores-de-oposicion-son-denunciados-ante-comite-de-etica\\\/\"},\"wordCount\":420,\"publisher\":{\"@id\":\"https:\\\/\\\/www.eldiario.net\\\/portal\\\/#organization\"},\"image\":{\"@id\":\"https:\\\/\\\/www.eldiario.net\\\/portal\\\/2021\\\/08\\\/12\\\/seis-legisladores-de-oposicion-son-denunciados-ante-comite-de-etica\\\/#primaryimage\"},\"thumbnailUrl\":\"\",\"articleSection\":[\"Pol\u00edtica\"],\"inLanguage\":\"es\"},{\"@type\":\"WebPage\",\"@id\":\"https:\\\/\\\/www.eldiario.net\\\/portal\\\/2021\\\/08\\\/12\\\/seis-legisladores-de-oposicion-son-denunciados-ante-comite-de-etica\\\/\",\"url\":\"https:\\\/\\\/www.eldiario.net\\\/portal\\\/2021\\\/08\\\/12\\\/seis-legisladores-de-oposicion-son-denunciados-ante-comite-de-etica\\\/\",\"name\":\"Seis legisladores de oposici\u00f3n son denunciados ante Comit\u00e9 de \u00c9tica - El Diario - Bolivia\",\"isPartOf\":{\"@id\":\"https:\\\/\\\/www.eldiario.net\\\/portal\\\/#website\"},\"primaryImageOfPage\":{\"@id\":\"https:\\\/\\\/www.eldiario.net\\\/portal\\\/2021\\\/08\\\/12\\\/seis-legisladores-de-oposicion-son-denunciados-ante-comite-de-etica\\\/#primaryimage\"},\"image\":{\"@id\":\"https:\\\/\\\/www.eldiario.net\\\/portal\\\/2021\\\/08\\\/12\\\/seis-legisladores-de-oposicion-son-denunciados-ante-comite-de-etica\\\/#primaryimage\"},\"thumbnailUrl\":\"\",\"datePublished\":\"2021-08-12T10:08:41+00:00\",\"breadcrumb\":{\"@id\":\"https:\\\/\\\/www.eldiario.net\\\/portal\\\/2021\\\/08\\\/12\\\/seis-legisladores-de-oposicion-son-denunciados-ante-comite-de-etica\\\/#breadcrumb\"},\"inLanguage\":\"es\",\"potentialAction\":[{\"@type\":\"ReadAction\",\"target\":[\"https:\\\/\\\/www.eldiario.net\\\/portal\\\/2021\\\/08\\\/12\\\/seis-legisladores-de-oposicion-son-denunciados-ante-comite-de-etica\\\/\"]}]},{\"@type\":\"ImageObject\",\"inLanguage\":\"es\",\"@id\":\"https:\\\/\\\/www.eldiario.net\\\/portal\\\/2021\\\/08\\\/12\\\/seis-legisladores-de-oposicion-son-denunciados-ante-comite-de-etica\\\/#primaryimage\",\"url\":\"\",\"contentUrl\":\"\"},{\"@type\":\"BreadcrumbList\",\"@id\":\"https:\\\/\\\/www.eldiario.net\\\/portal\\\/2021\\\/08\\\/12\\\/seis-legisladores-de-oposicion-son-denunciados-ante-comite-de-etica\\\/#breadcrumb\",\"itemListElement\":[{\"@type\":\"ListItem\",\"position\":1,\"name\":\"Portada\",\"item\":\"https:\\\/\\\/www.eldiario.net\\\/portal\\\/\"},{\"@type\":\"ListItem\",\"position\":2,\"name\":\"Seis legisladores de oposici\u00f3n son denunciados ante Comit\u00e9 de \u00c9tica\"}]},{\"@type\":\"WebSite\",\"@id\":\"https:\\\/\\\/www.eldiario.net\\\/portal\\\/#website\",\"url\":\"https:\\\/\\\/www.eldiario.net\\\/portal\\\/\",\"name\":\"El Diario - Decano de la prensa nacional\",\"description\":\"El Diario - Decano de la prensa nacional\",\"publisher\":{\"@id\":\"https:\\\/\\\/www.eldiario.net\\\/portal\\\/#organization\"},\"potentialAction\":[{\"@type\":\"SearchAction\",\"target\":{\"@type\":\"EntryPoint\",\"urlTemplate\":\"https:\\\/\\\/www.eldiario.net\\\/portal\\\/?s={search_term_string}\"},\"query-input\":{\"@type\":\"PropertyValueSpecification\",\"valueRequired\":true,\"valueName\":\"search_term_string\"}}],\"inLanguage\":\"es\"},{\"@type\":\"Organization\",\"@id\":\"https:\\\/\\\/www.eldiario.net\\\/portal\\\/#organization\",\"name\":\"El Diario - Decano de la prensa nacional\",\"url\":\"https:\\\/\\\/www.eldiario.net\\\/portal\\\/\",\"logo\":{\"@type\":\"ImageObject\",\"inLanguage\":\"es\",\"@id\":\"https:\\\/\\\/www.eldiario.net\\\/portal\\\/#\\\/schema\\\/logo\\\/image\\\/\",\"url\":\"https:\\\/\\\/www.eldiario.net\\\/portal\\\/wp-content\\\/uploads\\\/2023\\\/07\\\/logo_ED.jpg\",\"contentUrl\":\"https:\\\/\\\/www.eldiario.net\\\/portal\\\/wp-content\\\/uploads\\\/2023\\\/07\\\/logo_ED.jpg\",\"width\":272,\"height\":52,\"caption\":\"El Diario - Decano de la prensa nacional\"},\"image\":{\"@id\":\"https:\\\/\\\/www.eldiario.net\\\/portal\\\/#\\\/schema\\\/logo\\\/image\\\/\"},\"sameAs\":[\"https:\\\/\\\/www.facebook.com\\\/eldiario.bolivia\\\/\",\"https:\\\/\\\/x.com\\\/eldiario_net\"]},{\"@type\":\"Person\",\"@id\":\"https:\\\/\\\/www.eldiario.net\\\/portal\\\/#\\\/schema\\\/person\\\/f46445640444750d7d753ccd04ae01b7\",\"name\":\"Jeanette\",\"image\":{\"@type\":\"ImageObject\",\"inLanguage\":\"es\",\"@id\":\"https:\\\/\\\/secure.gravatar.com\\\/avatar\\\/3ea2118a5f7dad2b7138b1187a6b7ee55f160b9968b66013c3a3ef39dd7e5798?s=96&d=mm&r=g\",\"url\":\"https:\\\/\\\/secure.gravatar.com\\\/avatar\\\/3ea2118a5f7dad2b7138b1187a6b7ee55f160b9968b66013c3a3ef39dd7e5798?s=96&d=mm&r=g\",\"contentUrl\":\"https:\\\/\\\/secure.gravatar.com\\\/avatar\\\/3ea2118a5f7dad2b7138b1187a6b7ee55f160b9968b66013c3a3ef39dd7e5798?s=96&d=mm&r=g\",\"caption\":\"Jeanette\"},\"sameAs\":[\"https:\\\/\\\/www.eldiario.net\\\/portal\"],\"url\":\"https:\\\/\\\/www.eldiario.net\\\/portal\\\/author\\\/jeanette\\\/\"}]}<\/script>\n<!-- \/ Yoast SEO plugin. -->","yoast_head_json":{"title":"Seis legisladores de oposici\u00f3n son denunciados ante Comit\u00e9 de \u00c9tica - El Diario - Bolivia","robots":{"index":"index","follow":"follow","max-snippet":"max-snippet:-1","max-image-preview":"max-image-preview:large","max-video-preview":"max-video-preview:-1"},"canonical":"https:\/\/www.eldiario.net\/portal\/2021\/08\/12\/seis-legisladores-de-oposicion-son-denunciados-ante-comite-de-etica\/","og_locale":"es_ES","og_type":"article","og_title":"Seis legisladores de oposici\u00f3n son denunciados ante Comit\u00e9 de \u00c9tica - El Diario - Bolivia","og_description":"La diputada oficialista Deysi Choque anunci\u00f3 que seis parlamentarios de oposici\u00f3n fueron denunciados ante la Comisi\u00f3n de \u00c9tica de la Asamblea Legislativa Plurinacional (ALP) por los incidentes durante la sesi\u00f3n de honor en homenaje a las fiestas patrias, cuando dieron la espalda al presidente Luis Arce e interrumpieron su mensaje. Los opositores califican la medida [&hellip;]","og_url":"https:\/\/www.eldiario.net\/portal\/2021\/08\/12\/seis-legisladores-de-oposicion-son-denunciados-ante-comite-de-etica\/","og_site_name":"El Diario - Bolivia","article_publisher":"https:\/\/www.facebook.com\/eldiario.bolivia\/","article_published_time":"2021-08-12T10:08:41+00:00","author":"Jeanette","twitter_card":"summary_large_image","twitter_creator":"@eldiario_net","twitter_site":"@eldiario_net","twitter_misc":{"Escrito por":"Jeanette","Tiempo de lectura":"2 minutos"},"schema":{"@context":"https:\/\/schema.org","@graph":[{"@type":"Article","@id":"https:\/\/www.eldiario.net\/portal\/2021\/08\/12\/seis-legisladores-de-oposicion-son-denunciados-ante-comite-de-etica\/#article","isPartOf":{"@id":"https:\/\/www.eldiario.net\/portal\/2021\/08\/12\/seis-legisladores-de-oposicion-son-denunciados-ante-comite-de-etica\/"},"author":{"name":"Jeanette","@id":"https:\/\/www.eldiario.net\/portal\/#\/schema\/person\/f46445640444750d7d753ccd04ae01b7"},"headline":"Seis legisladores de oposici\u00f3n son denunciados ante Comit\u00e9 de \u00c9tica","datePublished":"2021-08-12T10:08:41+00:00","mainEntityOfPage":{"@id":"https:\/\/www.eldiario.net\/portal\/2021\/08\/12\/seis-legisladores-de-oposicion-son-denunciados-ante-comite-de-etica\/"},"wordCount":420,"publisher":{"@id":"https:\/\/www.eldiario.net\/portal\/#organization"},"image":{"@id":"https:\/\/www.eldiario.net\/portal\/2021\/08\/12\/seis-legisladores-de-oposicion-son-denunciados-ante-comite-de-etica\/#primaryimage"},"thumbnailUrl":"","articleSection":["Pol\u00edtica"],"inLanguage":"es"},{"@type":"WebPage","@id":"https:\/\/www.eldiario.net\/portal\/2021\/08\/12\/seis-legisladores-de-oposicion-son-denunciados-ante-comite-de-etica\/","url":"https:\/\/www.eldiario.net\/portal\/2021\/08\/12\/seis-legisladores-de-oposicion-son-denunciados-ante-comite-de-etica\/","name":"Seis legisladores de oposici\u00f3n son denunciados ante Comit\u00e9 de \u00c9tica - El Diario - Bolivia","isPartOf":{"@id":"https:\/\/www.eldiario.net\/portal\/#website"},"primaryImageOfPage":{"@id":"https:\/\/www.eldiario.net\/portal\/2021\/08\/12\/seis-legisladores-de-oposicion-son-denunciados-ante-comite-de-etica\/#primaryimage"},"image":{"@id":"https:\/\/www.eldiario.net\/portal\/2021\/08\/12\/seis-legisladores-de-oposicion-son-denunciados-ante-comite-de-etica\/#primaryimage"},"thumbnailUrl":"","datePublished":"2021-08-12T10:08:41+00:00","breadcrumb":{"@id":"https:\/\/www.eldiario.net\/portal\/2021\/08\/12\/seis-legisladores-de-oposicion-son-denunciados-ante-comite-de-etica\/#breadcrumb"},"inLanguage":"es","potentialAction":[{"@type":"ReadAction","target":["https:\/\/www.eldiario.net\/portal\/2021\/08\/12\/seis-legisladores-de-oposicion-son-denunciados-ante-comite-de-etica\/"]}]},{"@type":"ImageObject","inLanguage":"es","@id":"https:\/\/www.eldiario.net\/portal\/2021\/08\/12\/seis-legisladores-de-oposicion-son-denunciados-ante-comite-de-etica\/#primaryimage","url":"","contentUrl":""},{"@type":"BreadcrumbList","@id":"https:\/\/www.eldiario.net\/portal\/2021\/08\/12\/seis-legisladores-de-oposicion-son-denunciados-ante-comite-de-etica\/#breadcrumb","itemListElement":[{"@type":"ListItem","position":1,"name":"Portada","item":"https:\/\/www.eldiario.net\/portal\/"},{"@type":"ListItem","position":2,"name":"Seis legisladores de oposici\u00f3n son denunciados ante Comit\u00e9 de \u00c9tica"}]},{"@type":"WebSite","@id":"https:\/\/www.eldiario.net\/portal\/#website","url":"https:\/\/www.eldiario.net\/portal\/","name":"El Diario - Decano de la prensa nacional","description":"El Diario - Decano de la prensa nacional","publisher":{"@id":"https:\/\/www.eldiario.net\/portal\/#organization"},"potentialAction":[{"@type":"SearchAction","target":{"@type":"EntryPoint","urlTemplate":"https:\/\/www.eldiario.net\/portal\/?s={search_term_string}"},"query-input":{"@type":"PropertyValueSpecification","valueRequired":true,"valueName":"search_term_string"}}],"inLanguage":"es"},{"@type":"Organization","@id":"https:\/\/www.eldiario.net\/portal\/#organization","name":"El Diario - Decano de la prensa nacional","url":"https:\/\/www.eldiario.net\/portal\/","logo":{"@type":"ImageObject","inLanguage":"es","@id":"https:\/\/www.eldiario.net\/portal\/#\/schema\/logo\/image\/","url":"https:\/\/www.eldiario.net\/portal\/wp-content\/uploads\/2023\/07\/logo_ED.jpg","contentUrl":"https:\/\/www.eldiario.net\/portal\/wp-content\/uploads\/2023\/07\/logo_ED.jpg","width":272,"height":52,"caption":"El Diario - Decano de la prensa nacional"},"image":{"@id":"https:\/\/www.eldiario.net\/portal\/#\/schema\/logo\/image\/"},"sameAs":["https:\/\/www.facebook.com\/eldiario.bolivia\/","https:\/\/x.com\/eldiario_net"]},{"@type":"Person","@id":"https:\/\/www.eldiario.net\/portal\/#\/schema\/person\/f46445640444750d7d753ccd04ae01b7","name":"Jeanette","image":{"@type":"ImageObject","inLanguage":"es","@id":"https:\/\/secure.gravatar.com\/avatar\/3ea2118a5f7dad2b7138b1187a6b7ee55f160b9968b66013c3a3ef39dd7e5798?s=96&d=mm&r=g","url":"https:\/\/secure.gravatar.com\/avatar\/3ea2118a5f7dad2b7138b1187a6b7ee55f160b9968b66013c3a3ef39dd7e5798?s=96&d=mm&r=g","contentUrl":"https:\/\/secure.gravatar.com\/avatar\/3ea2118a5f7dad2b7138b1187a6b7ee55f160b9968b66013c3a3ef39dd7e5798?s=96&d=mm&r=g","caption":"Jeanette"},"sameAs":["https:\/\/www.eldiario.net\/portal"],"url":"https:\/\/www.eldiario.net\/portal\/author\/jeanette\/"}]}},"_links":{"self":[{"href":"https:\/\/www.eldiario.net\/portal\/wp-json\/wp\/v2\/posts\/22960","targetHints":{"allow":["GET"]}}],"collection":[{"href":"https:\/\/www.eldiario.net\/portal\/wp-json\/wp\/v2\/posts"}],"about":[{"href":"https:\/\/www.eldiario.net\/portal\/wp-json\/wp\/v2\/types\/post"}],"author":[{"embeddable":true,"href":"https:\/\/www.eldiario.net\/portal\/wp-json\/wp\/v2\/users\/1"}],"replies":[{"embeddable":true,"href":"https:\/\/www.eldiario.net\/portal\/wp-json\/wp\/v2\/comments?post=22960"}],"version-history":[{"count":0,"href":"https:\/\/www.eldiario.net\/portal\/wp-json\/wp\/v2\/posts\/22960\/revisions"}],"wp:attachment":[{"href":"https:\/\/www.eldiario.net\/portal\/wp-json\/wp\/v2\/media?parent=22960"}],"wp:term":[{"taxonomy":"category","embeddable":true,"href":"https:\/\/www.eldiario.net\/portal\/wp-json\/wp\/v2\/categories?post=22960"},{"taxonomy":"post_tag","embeddable":true,"href":"https:\/\/www.eldiario.net\/portal\/wp-json\/wp\/v2\/tags?post=22960"}],"curies":[{"name":"wp","href":"https:\/\/api.w.org\/{rel}","templated":true}]}}