{"id":22957,"date":"2021-08-12T06:07:23","date_gmt":"2021-08-12T10:07:23","guid":{"rendered":"https:\/\/www.eldiario.net\/portal\/?p=22957"},"modified":"2021-08-12T06:07:23","modified_gmt":"2021-08-12T10:07:23","slug":"confiscan-446-kilos-de-cocaina-al-narcotrafico-en-frontera-con-peru","status":"publish","type":"post","link":"https:\/\/www.eldiario.net\/portal\/2021\/08\/12\/confiscan-446-kilos-de-cocaina-al-narcotrafico-en-frontera-con-peru\/","title":{"rendered":"Confiscan 446 kilos de coca\u00edna al  narcotr\u00e1fico en frontera con Per\u00fa"},"content":{"rendered":"<p>En tres operativos realizados desde la semana pasada, las autoridades lograron la incautaci\u00f3n de 446 kilos de coca\u00edna, adem\u00e1s de veh\u00edculos y otros elementos, afectando m\u00e1s de dos millones de d\u00f3lares al narcotr\u00e1fico, inform\u00f3 el ministro de Gobierno, Eduardo Del Castillo.<\/p>\n<p>El primer operativo se realiz\u00f3 en la localidad de Virupaya de la provincia Camacho en el departamento de La Paz el 4 de agosto. En el mismo se captur\u00f3 a dos personas de nacionalidad peruana en posesi\u00f3n de bultos de yute que en su interior ten\u00edan 29 kilogramos con 940 gramos de coca\u00edna, lo que significar\u00eda una afectaci\u00f3n al patrimonio del narcotr\u00e1fico de casi 150 mil d\u00f3lares.<\/p>\n<p>En el segundo operativo, del 9 de agosto, tuvo lugar en la carretera internacional Bolivia-Per\u00fa en la localidad de Desaguadero, donde un veh\u00edculo de tipo tracto-cami\u00f3n con un cilindro de cisterna estaba transportando sustancias controladas y fue encontrado sin conductor con las puertas de la cabina abiertas, seg\u00fan el informe del Ministro.<\/p>\n<p>En el interior del veh\u00edculo se hall\u00f3 16 bolsas de yute que conten\u00edan 16 bolsas de yute con 237 paquetes. En total se incaut\u00f3 357 kilogramos con 640 gramos de coca\u00edna, adem\u00e1s del cami\u00f3n que estar\u00eda evaluado en m\u00e1s o menos 65 mil d\u00f3lares.\u00a0 En total se afect\u00f3 al narcotr\u00e1fico en 1.685.000 d\u00f3lares en ese operativo.<\/p>\n<p>El tercer operativo fue realizado el 9 de agosto en la carretera internacional Bolivia-Per\u00fa, donde se requis\u00f3 un veh\u00edculo tipo tracto-cami\u00f3n con placa peruana y se encontr\u00f3 dos cajas de cart\u00f3n que en su interior que\u00a0 ten\u00edan paquetes tipo ladrillo.<\/p>\n<p>Se incautaron 55 paquetes con un peso total de 58 kilogramos con 480 gramos de coca\u00edna y el tracto-cami\u00f3n. Se afect\u00f3 al narcotr\u00e1fico en 275 mil d\u00f3lares y adicionalmente se aprehendi\u00f3 a dos ciudadanos de nacionalidad peruana, inform\u00f3 la autoridad.<\/p>\n<p>Del Castillo destac\u00f3 que en una semana se afectaron 4 millones de d\u00f3lares al narcotr\u00e1fico, puesto que en Beni recientemente se hizo incautaciones similares de parte de la fuerza antidroga. El Ministro asever\u00f3 que estas sustancias proven\u00edan de Per\u00fa. (Erbol)<\/p>\n<p>&nbsp;<\/p>\n","protected":false},"excerpt":{"rendered":"<p>En tres operativos realizados desde la semana pasada, las autoridades lograron la incautaci\u00f3n de 446 kilos de coca\u00edna, adem\u00e1s de veh\u00edculos y otros elementos, afectando m\u00e1s de dos millones de d\u00f3lares al narcotr\u00e1fico, inform\u00f3 el ministro de Gobierno, Eduardo Del Castillo. El primer operativo se realiz\u00f3 en la localidad de Virupaya de la provincia Camacho [&hellip;]<\/p>\n","protected":false},"author":1,"featured_media":22958,"comment_status":"closed","ping_status":"closed","sticky":false,"template":"","format":"standard","meta":{"_acf_changed":false,"footnotes":""},"categories":[39],"tags":[],"class_list":["post-22957","post","type-post","status-publish","format-standard","has-post-thumbnail","category-sociedad"],"acf":{"antetitulo":""},"yoast_head":"<!-- This site is optimized with the Yoast SEO plugin v28.3 - https:\/\/yoast.com\/product\/yoast-seo-wordpress\/ -->\n<title>Confiscan 446 kilos de coca\u00edna al narcotr\u00e1fico en frontera con Per\u00fa - El Diario - Bolivia<\/title>\n<meta name=\"robots\" content=\"index, follow, max-snippet:-1, max-image-preview:large, max-video-preview:-1\" \/>\n<link rel=\"canonical\" href=\"https:\/\/www.eldiario.net\/portal\/2021\/08\/12\/confiscan-446-kilos-de-cocaina-al-narcotrafico-en-frontera-con-peru\/\" \/>\n<meta property=\"og:locale\" content=\"es_ES\" \/>\n<meta property=\"og:type\" content=\"article\" \/>\n<meta property=\"og:title\" content=\"Confiscan 446 kilos de coca\u00edna al narcotr\u00e1fico en frontera con Per\u00fa - El Diario - Bolivia\" \/>\n<meta property=\"og:description\" content=\"En tres operativos realizados desde la semana pasada, las autoridades lograron la incautaci\u00f3n de 446 kilos de coca\u00edna, adem\u00e1s de veh\u00edculos y otros elementos, afectando m\u00e1s de dos millones de d\u00f3lares al narcotr\u00e1fico, inform\u00f3 el ministro de Gobierno, Eduardo Del Castillo. El primer operativo se realiz\u00f3 en la localidad de Virupaya de la provincia Camacho [&hellip;]\" \/>\n<meta property=\"og:url\" content=\"https:\/\/www.eldiario.net\/portal\/2021\/08\/12\/confiscan-446-kilos-de-cocaina-al-narcotrafico-en-frontera-con-peru\/\" \/>\n<meta property=\"og:site_name\" content=\"El Diario - Bolivia\" \/>\n<meta property=\"article:publisher\" content=\"https:\/\/www.facebook.com\/eldiario.bolivia\/\" \/>\n<meta property=\"article:published_time\" content=\"2021-08-12T10:07:23+00:00\" \/>\n<meta name=\"author\" content=\"Jeanette\" \/>\n<meta name=\"twitter:card\" content=\"summary_large_image\" \/>\n<meta name=\"twitter:creator\" content=\"@eldiario_net\" \/>\n<meta name=\"twitter:site\" content=\"@eldiario_net\" \/>\n<meta name=\"twitter:label1\" content=\"Escrito por\" \/>\n\t<meta name=\"twitter:data1\" content=\"Jeanette\" \/>\n\t<meta name=\"twitter:label2\" content=\"Tiempo de lectura\" \/>\n\t<meta name=\"twitter:data2\" content=\"2 minutos\" \/>\n<script type=\"application\/ld+json\" class=\"yoast-schema-graph\">{\"@context\":\"https:\\\/\\\/schema.org\",\"@graph\":[{\"@type\":\"Article\",\"@id\":\"https:\\\/\\\/www.eldiario.net\\\/portal\\\/2021\\\/08\\\/12\\\/confiscan-446-kilos-de-cocaina-al-narcotrafico-en-frontera-con-peru\\\/#article\",\"isPartOf\":{\"@id\":\"https:\\\/\\\/www.eldiario.net\\\/portal\\\/2021\\\/08\\\/12\\\/confiscan-446-kilos-de-cocaina-al-narcotrafico-en-frontera-con-peru\\\/\"},\"author\":{\"name\":\"Jeanette\",\"@id\":\"https:\\\/\\\/www.eldiario.net\\\/portal\\\/#\\\/schema\\\/person\\\/f46445640444750d7d753ccd04ae01b7\"},\"headline\":\"Confiscan 446 kilos de coca\u00edna al narcotr\u00e1fico en frontera con Per\u00fa\",\"datePublished\":\"2021-08-12T10:07:23+00:00\",\"mainEntityOfPage\":{\"@id\":\"https:\\\/\\\/www.eldiario.net\\\/portal\\\/2021\\\/08\\\/12\\\/confiscan-446-kilos-de-cocaina-al-narcotrafico-en-frontera-con-peru\\\/\"},\"wordCount\":368,\"publisher\":{\"@id\":\"https:\\\/\\\/www.eldiario.net\\\/portal\\\/#organization\"},\"image\":{\"@id\":\"https:\\\/\\\/www.eldiario.net\\\/portal\\\/2021\\\/08\\\/12\\\/confiscan-446-kilos-de-cocaina-al-narcotrafico-en-frontera-con-peru\\\/#primaryimage\"},\"thumbnailUrl\":\"\",\"articleSection\":[\"Sociedad - Seguridad\"],\"inLanguage\":\"es\"},{\"@type\":\"WebPage\",\"@id\":\"https:\\\/\\\/www.eldiario.net\\\/portal\\\/2021\\\/08\\\/12\\\/confiscan-446-kilos-de-cocaina-al-narcotrafico-en-frontera-con-peru\\\/\",\"url\":\"https:\\\/\\\/www.eldiario.net\\\/portal\\\/2021\\\/08\\\/12\\\/confiscan-446-kilos-de-cocaina-al-narcotrafico-en-frontera-con-peru\\\/\",\"name\":\"Confiscan 446 kilos de coca\u00edna al narcotr\u00e1fico en frontera con Per\u00fa - El Diario - Bolivia\",\"isPartOf\":{\"@id\":\"https:\\\/\\\/www.eldiario.net\\\/portal\\\/#website\"},\"primaryImageOfPage\":{\"@id\":\"https:\\\/\\\/www.eldiario.net\\\/portal\\\/2021\\\/08\\\/12\\\/confiscan-446-kilos-de-cocaina-al-narcotrafico-en-frontera-con-peru\\\/#primaryimage\"},\"image\":{\"@id\":\"https:\\\/\\\/www.eldiario.net\\\/portal\\\/2021\\\/08\\\/12\\\/confiscan-446-kilos-de-cocaina-al-narcotrafico-en-frontera-con-peru\\\/#primaryimage\"},\"thumbnailUrl\":\"\",\"datePublished\":\"2021-08-12T10:07:23+00:00\",\"breadcrumb\":{\"@id\":\"https:\\\/\\\/www.eldiario.net\\\/portal\\\/2021\\\/08\\\/12\\\/confiscan-446-kilos-de-cocaina-al-narcotrafico-en-frontera-con-peru\\\/#breadcrumb\"},\"inLanguage\":\"es\",\"potentialAction\":[{\"@type\":\"ReadAction\",\"target\":[\"https:\\\/\\\/www.eldiario.net\\\/portal\\\/2021\\\/08\\\/12\\\/confiscan-446-kilos-de-cocaina-al-narcotrafico-en-frontera-con-peru\\\/\"]}]},{\"@type\":\"ImageObject\",\"inLanguage\":\"es\",\"@id\":\"https:\\\/\\\/www.eldiario.net\\\/portal\\\/2021\\\/08\\\/12\\\/confiscan-446-kilos-de-cocaina-al-narcotrafico-en-frontera-con-peru\\\/#primaryimage\",\"url\":\"\",\"contentUrl\":\"\"},{\"@type\":\"BreadcrumbList\",\"@id\":\"https:\\\/\\\/www.eldiario.net\\\/portal\\\/2021\\\/08\\\/12\\\/confiscan-446-kilos-de-cocaina-al-narcotrafico-en-frontera-con-peru\\\/#breadcrumb\",\"itemListElement\":[{\"@type\":\"ListItem\",\"position\":1,\"name\":\"Portada\",\"item\":\"https:\\\/\\\/www.eldiario.net\\\/portal\\\/\"},{\"@type\":\"ListItem\",\"position\":2,\"name\":\"Confiscan 446 kilos de coca\u00edna al narcotr\u00e1fico en frontera con Per\u00fa\"}]},{\"@type\":\"WebSite\",\"@id\":\"https:\\\/\\\/www.eldiario.net\\\/portal\\\/#website\",\"url\":\"https:\\\/\\\/www.eldiario.net\\\/portal\\\/\",\"name\":\"El Diario - Decano de la prensa nacional\",\"description\":\"El Diario - Decano de la prensa nacional\",\"publisher\":{\"@id\":\"https:\\\/\\\/www.eldiario.net\\\/portal\\\/#organization\"},\"potentialAction\":[{\"@type\":\"SearchAction\",\"target\":{\"@type\":\"EntryPoint\",\"urlTemplate\":\"https:\\\/\\\/www.eldiario.net\\\/portal\\\/?s={search_term_string}\"},\"query-input\":{\"@type\":\"PropertyValueSpecification\",\"valueRequired\":true,\"valueName\":\"search_term_string\"}}],\"inLanguage\":\"es\"},{\"@type\":\"Organization\",\"@id\":\"https:\\\/\\\/www.eldiario.net\\\/portal\\\/#organization\",\"name\":\"El Diario - Decano de la prensa nacional\",\"url\":\"https:\\\/\\\/www.eldiario.net\\\/portal\\\/\",\"logo\":{\"@type\":\"ImageObject\",\"inLanguage\":\"es\",\"@id\":\"https:\\\/\\\/www.eldiario.net\\\/portal\\\/#\\\/schema\\\/logo\\\/image\\\/\",\"url\":\"https:\\\/\\\/www.eldiario.net\\\/portal\\\/wp-content\\\/uploads\\\/2023\\\/07\\\/logo_ED.jpg\",\"contentUrl\":\"https:\\\/\\\/www.eldiario.net\\\/portal\\\/wp-content\\\/uploads\\\/2023\\\/07\\\/logo_ED.jpg\",\"width\":272,\"height\":52,\"caption\":\"El Diario - Decano de la prensa nacional\"},\"image\":{\"@id\":\"https:\\\/\\\/www.eldiario.net\\\/portal\\\/#\\\/schema\\\/logo\\\/image\\\/\"},\"sameAs\":[\"https:\\\/\\\/www.facebook.com\\\/eldiario.bolivia\\\/\",\"https:\\\/\\\/x.com\\\/eldiario_net\"]},{\"@type\":\"Person\",\"@id\":\"https:\\\/\\\/www.eldiario.net\\\/portal\\\/#\\\/schema\\\/person\\\/f46445640444750d7d753ccd04ae01b7\",\"name\":\"Jeanette\",\"image\":{\"@type\":\"ImageObject\",\"inLanguage\":\"es\",\"@id\":\"https:\\\/\\\/secure.gravatar.com\\\/avatar\\\/3ea2118a5f7dad2b7138b1187a6b7ee55f160b9968b66013c3a3ef39dd7e5798?s=96&d=mm&r=g\",\"url\":\"https:\\\/\\\/secure.gravatar.com\\\/avatar\\\/3ea2118a5f7dad2b7138b1187a6b7ee55f160b9968b66013c3a3ef39dd7e5798?s=96&d=mm&r=g\",\"contentUrl\":\"https:\\\/\\\/secure.gravatar.com\\\/avatar\\\/3ea2118a5f7dad2b7138b1187a6b7ee55f160b9968b66013c3a3ef39dd7e5798?s=96&d=mm&r=g\",\"caption\":\"Jeanette\"},\"sameAs\":[\"https:\\\/\\\/www.eldiario.net\\\/portal\"],\"url\":\"https:\\\/\\\/www.eldiario.net\\\/portal\\\/author\\\/jeanette\\\/\"}]}<\/script>\n<!-- \/ Yoast SEO plugin. -->","yoast_head_json":{"title":"Confiscan 446 kilos de coca\u00edna al narcotr\u00e1fico en frontera con Per\u00fa - El Diario - Bolivia","robots":{"index":"index","follow":"follow","max-snippet":"max-snippet:-1","max-image-preview":"max-image-preview:large","max-video-preview":"max-video-preview:-1"},"canonical":"https:\/\/www.eldiario.net\/portal\/2021\/08\/12\/confiscan-446-kilos-de-cocaina-al-narcotrafico-en-frontera-con-peru\/","og_locale":"es_ES","og_type":"article","og_title":"Confiscan 446 kilos de coca\u00edna al narcotr\u00e1fico en frontera con Per\u00fa - El Diario - Bolivia","og_description":"En tres operativos realizados desde la semana pasada, las autoridades lograron la incautaci\u00f3n de 446 kilos de coca\u00edna, adem\u00e1s de veh\u00edculos y otros elementos, afectando m\u00e1s de dos millones de d\u00f3lares al narcotr\u00e1fico, inform\u00f3 el ministro de Gobierno, Eduardo Del Castillo. El primer operativo se realiz\u00f3 en la localidad de Virupaya de la provincia Camacho [&hellip;]","og_url":"https:\/\/www.eldiario.net\/portal\/2021\/08\/12\/confiscan-446-kilos-de-cocaina-al-narcotrafico-en-frontera-con-peru\/","og_site_name":"El Diario - Bolivia","article_publisher":"https:\/\/www.facebook.com\/eldiario.bolivia\/","article_published_time":"2021-08-12T10:07:23+00:00","author":"Jeanette","twitter_card":"summary_large_image","twitter_creator":"@eldiario_net","twitter_site":"@eldiario_net","twitter_misc":{"Escrito por":"Jeanette","Tiempo de lectura":"2 minutos"},"schema":{"@context":"https:\/\/schema.org","@graph":[{"@type":"Article","@id":"https:\/\/www.eldiario.net\/portal\/2021\/08\/12\/confiscan-446-kilos-de-cocaina-al-narcotrafico-en-frontera-con-peru\/#article","isPartOf":{"@id":"https:\/\/www.eldiario.net\/portal\/2021\/08\/12\/confiscan-446-kilos-de-cocaina-al-narcotrafico-en-frontera-con-peru\/"},"author":{"name":"Jeanette","@id":"https:\/\/www.eldiario.net\/portal\/#\/schema\/person\/f46445640444750d7d753ccd04ae01b7"},"headline":"Confiscan 446 kilos de coca\u00edna al narcotr\u00e1fico en frontera con Per\u00fa","datePublished":"2021-08-12T10:07:23+00:00","mainEntityOfPage":{"@id":"https:\/\/www.eldiario.net\/portal\/2021\/08\/12\/confiscan-446-kilos-de-cocaina-al-narcotrafico-en-frontera-con-peru\/"},"wordCount":368,"publisher":{"@id":"https:\/\/www.eldiario.net\/portal\/#organization"},"image":{"@id":"https:\/\/www.eldiario.net\/portal\/2021\/08\/12\/confiscan-446-kilos-de-cocaina-al-narcotrafico-en-frontera-con-peru\/#primaryimage"},"thumbnailUrl":"","articleSection":["Sociedad - Seguridad"],"inLanguage":"es"},{"@type":"WebPage","@id":"https:\/\/www.eldiario.net\/portal\/2021\/08\/12\/confiscan-446-kilos-de-cocaina-al-narcotrafico-en-frontera-con-peru\/","url":"https:\/\/www.eldiario.net\/portal\/2021\/08\/12\/confiscan-446-kilos-de-cocaina-al-narcotrafico-en-frontera-con-peru\/","name":"Confiscan 446 kilos de coca\u00edna al narcotr\u00e1fico en frontera con Per\u00fa - El Diario - Bolivia","isPartOf":{"@id":"https:\/\/www.eldiario.net\/portal\/#website"},"primaryImageOfPage":{"@id":"https:\/\/www.eldiario.net\/portal\/2021\/08\/12\/confiscan-446-kilos-de-cocaina-al-narcotrafico-en-frontera-con-peru\/#primaryimage"},"image":{"@id":"https:\/\/www.eldiario.net\/portal\/2021\/08\/12\/confiscan-446-kilos-de-cocaina-al-narcotrafico-en-frontera-con-peru\/#primaryimage"},"thumbnailUrl":"","datePublished":"2021-08-12T10:07:23+00:00","breadcrumb":{"@id":"https:\/\/www.eldiario.net\/portal\/2021\/08\/12\/confiscan-446-kilos-de-cocaina-al-narcotrafico-en-frontera-con-peru\/#breadcrumb"},"inLanguage":"es","potentialAction":[{"@type":"ReadAction","target":["https:\/\/www.eldiario.net\/portal\/2021\/08\/12\/confiscan-446-kilos-de-cocaina-al-narcotrafico-en-frontera-con-peru\/"]}]},{"@type":"ImageObject","inLanguage":"es","@id":"https:\/\/www.eldiario.net\/portal\/2021\/08\/12\/confiscan-446-kilos-de-cocaina-al-narcotrafico-en-frontera-con-peru\/#primaryimage","url":"","contentUrl":""},{"@type":"BreadcrumbList","@id":"https:\/\/www.eldiario.net\/portal\/2021\/08\/12\/confiscan-446-kilos-de-cocaina-al-narcotrafico-en-frontera-con-peru\/#breadcrumb","itemListElement":[{"@type":"ListItem","position":1,"name":"Portada","item":"https:\/\/www.eldiario.net\/portal\/"},{"@type":"ListItem","position":2,"name":"Confiscan 446 kilos de coca\u00edna al narcotr\u00e1fico en frontera con Per\u00fa"}]},{"@type":"WebSite","@id":"https:\/\/www.eldiario.net\/portal\/#website","url":"https:\/\/www.eldiario.net\/portal\/","name":"El Diario - Decano de la prensa nacional","description":"El Diario - Decano de la prensa nacional","publisher":{"@id":"https:\/\/www.eldiario.net\/portal\/#organization"},"potentialAction":[{"@type":"SearchAction","target":{"@type":"EntryPoint","urlTemplate":"https:\/\/www.eldiario.net\/portal\/?s={search_term_string}"},"query-input":{"@type":"PropertyValueSpecification","valueRequired":true,"valueName":"search_term_string"}}],"inLanguage":"es"},{"@type":"Organization","@id":"https:\/\/www.eldiario.net\/portal\/#organization","name":"El Diario - Decano de la prensa nacional","url":"https:\/\/www.eldiario.net\/portal\/","logo":{"@type":"ImageObject","inLanguage":"es","@id":"https:\/\/www.eldiario.net\/portal\/#\/schema\/logo\/image\/","url":"https:\/\/www.eldiario.net\/portal\/wp-content\/uploads\/2023\/07\/logo_ED.jpg","contentUrl":"https:\/\/www.eldiario.net\/portal\/wp-content\/uploads\/2023\/07\/logo_ED.jpg","width":272,"height":52,"caption":"El Diario - Decano de la prensa nacional"},"image":{"@id":"https:\/\/www.eldiario.net\/portal\/#\/schema\/logo\/image\/"},"sameAs":["https:\/\/www.facebook.com\/eldiario.bolivia\/","https:\/\/x.com\/eldiario_net"]},{"@type":"Person","@id":"https:\/\/www.eldiario.net\/portal\/#\/schema\/person\/f46445640444750d7d753ccd04ae01b7","name":"Jeanette","image":{"@type":"ImageObject","inLanguage":"es","@id":"https:\/\/secure.gravatar.com\/avatar\/3ea2118a5f7dad2b7138b1187a6b7ee55f160b9968b66013c3a3ef39dd7e5798?s=96&d=mm&r=g","url":"https:\/\/secure.gravatar.com\/avatar\/3ea2118a5f7dad2b7138b1187a6b7ee55f160b9968b66013c3a3ef39dd7e5798?s=96&d=mm&r=g","contentUrl":"https:\/\/secure.gravatar.com\/avatar\/3ea2118a5f7dad2b7138b1187a6b7ee55f160b9968b66013c3a3ef39dd7e5798?s=96&d=mm&r=g","caption":"Jeanette"},"sameAs":["https:\/\/www.eldiario.net\/portal"],"url":"https:\/\/www.eldiario.net\/portal\/author\/jeanette\/"}]}},"_links":{"self":[{"href":"https:\/\/www.eldiario.net\/portal\/wp-json\/wp\/v2\/posts\/22957","targetHints":{"allow":["GET"]}}],"collection":[{"href":"https:\/\/www.eldiario.net\/portal\/wp-json\/wp\/v2\/posts"}],"about":[{"href":"https:\/\/www.eldiario.net\/portal\/wp-json\/wp\/v2\/types\/post"}],"author":[{"embeddable":true,"href":"https:\/\/www.eldiario.net\/portal\/wp-json\/wp\/v2\/users\/1"}],"replies":[{"embeddable":true,"href":"https:\/\/www.eldiario.net\/portal\/wp-json\/wp\/v2\/comments?post=22957"}],"version-history":[{"count":0,"href":"https:\/\/www.eldiario.net\/portal\/wp-json\/wp\/v2\/posts\/22957\/revisions"}],"wp:attachment":[{"href":"https:\/\/www.eldiario.net\/portal\/wp-json\/wp\/v2\/media?parent=22957"}],"wp:term":[{"taxonomy":"category","embeddable":true,"href":"https:\/\/www.eldiario.net\/portal\/wp-json\/wp\/v2\/categories?post=22957"},{"taxonomy":"post_tag","embeddable":true,"href":"https:\/\/www.eldiario.net\/portal\/wp-json\/wp\/v2\/tags?post=22957"}],"curies":[{"name":"wp","href":"https:\/\/api.w.org\/{rel}","templated":true}]}}