{"id":22954,"date":"2021-08-12T06:06:15","date_gmt":"2021-08-12T10:06:15","guid":{"rendered":"https:\/\/www.eldiario.net\/portal\/?p=22954"},"modified":"2021-08-12T06:06:15","modified_gmt":"2021-08-12T10:06:15","slug":"informe-sobre-pericias-a-elecciones-de-2019-fue-clasificado-como-confidencial","status":"publish","type":"post","link":"https:\/\/www.eldiario.net\/portal\/2021\/08\/12\/informe-sobre-pericias-a-elecciones-de-2019-fue-clasificado-como-confidencial\/","title":{"rendered":"Informe sobre pericias a elecciones de  2019 fue clasificado como \u201cconfidencial\u201d"},"content":{"rendered":"<p>El informe sobre pericias a las elecciones de 2019 que realiz\u00f3 el docente universitario Juan Manuel Corchado, exasesor del Gobierno espa\u00f1ol, Jos\u00e9 Luis Rodr\u00edguez Zapatero, que us\u00f3 la Fiscal\u00eda para cerrar el caso fraude electoral, sufri\u00f3 m\u00faltiples cambios por lo que se pact\u00f3 una \u201cprohibici\u00f3n para que la pericia no pudiera ser difundida\u201d, seg\u00fan report\u00f3 OkDiario de Espa\u00f1a. El jefe de comunicaci\u00f3n de la Fiscal\u00eda General neg\u00f3 el extremo.<\/p>\n<p>\u201cEste informe al que ha tenido acceso OkDiario, est\u00e1 repleto de pol\u00e9mica. Fue clasificado como \u201cconfidencial\u201d y tuvo siete versiones distintas. La primera de ellas se realiz\u00f3 el 6 de mayo de 2021 y la \u00faltima el 28 de junio de ese mismo a\u00f1o. Tras los m\u00faltiples cambios, Corchado y la Fiscal\u00eda pactaron una prohibici\u00f3n para que la pericia no pudiera ser difundida. Por este trabajo, el Gobierno de Bolivia, presidido por Luis Arce, pag\u00f3 30.000 d\u00f3lares\u201d, se lee en la nota.<\/p>\n<p>Seg\u00fan refiere el medio, el documento elaborado por Corchado y dos universitarios \u201cveintea\u00f1eros\u201d Pablo Plaza Mart\u00ednez y Manuel L\u00f3pez P\u00e9rez, consta de 240 p\u00e1ginas y se titula Pericia de las elecciones generales del Estado Plurinacional de Bolivia de 2019.<\/p>\n<p>\u201cCuando Corchado y los dos universitarios acabaron el pol\u00e9mico informe la persona que lo recepcion\u00f3 fue la fiscal Roc\u00edo Feraudi, pr\u00f3xima a Evo Morales. Casualmente se trata de la fiscal que archiv\u00f3 la investigaci\u00f3n de los pagos de 1,6 millones de d\u00f3lares de Evo Morales a la consultora Neurona. Unos pagos que afectaban de lleno a la c\u00fapula del partido de Pablo Iglesias y a Juan Carlos Monedero, fundador de Podemos\u201d, se lee.<\/p>\n<p>El medio espa\u00f1ol refiere que el a\u00f1o 2010, Corchado ocup\u00f3 el cargo de director adjunto de la coordinaci\u00f3n del \u00e1rea de Transferencia de Tecnolog\u00eda de la Subdirecci\u00f3n General de la Agencia Nacional de Evaluaci\u00f3n y Prospectiva, un organismo cient\u00edfico p\u00fablico dependiente del Ministerio de Ciencia e Innovaci\u00f3n. En el momento en que Corchado fue contratado como experto su jefa fue la entonces ministra socialista Cristina Garmendia.<\/p>\n<p>En conferencia de prensa en semanas precedentes, el fiscal general Juan Lanchipa, asegur\u00f3 que se cerr\u00f3 el caso de fraude electoral porque no encontraron manipulaci\u00f3n.<\/p>\n<p>\u201cSe ha demostrado la inexistencia de manipulaci\u00f3n en los datos que prueben una actuaci\u00f3n dolosa que hubiera incidido en los resultados del proceso electoral de octubre del 2019. Tambi\u00e9n se demuestra que los sistemas y las bases de datos de la Transmisi\u00f3n de Resultados Electorales Preliminares y del C\u00f3mputo Oficial, en su funcionamiento y flujos de procesos, fueron completamente independientes\u201d, dijo Lanchipa en la oportunidad.<\/p>\n<p>&nbsp;<\/p>\n<p>\u201cFUE TRANSPARENTE\u201d<\/p>\n<p>El jefe de la Unidad de Comunicaci\u00f3n de la Fiscal\u00eda General, Jos\u00e9 Luis Tarquino, a trav\u00e9s de un bolet\u00edn de prensa aclar\u00f3 que el documento no es confidencial y que tuvo modificaciones como en cualquier trabajo.<\/p>\n<p>\u201cLo que se pidi\u00f3 fue complementaciones de informaci\u00f3n como cualquier trabajo de consultor\u00eda, producto que se realiz\u00f3 de forma honesta y transparente desde la Comisi\u00f3n de Profesionales y Cient\u00edficos de la Universidad de Salamanca\u201d, se lee en el bolet\u00edn.<\/p>\n<p>\u201cHabla de un pacto o prohibici\u00f3n para que la pericia no pudiera ser difundida, cuando se trata de una consultor\u00eda y el producto final fue entregado a la Fiscal\u00eda que lo ha distribuido a las v\u00edctimas y querellantes. No hay ning\u00fan pacto, se cumple la legislaci\u00f3n boliviana y los procesos de contrataci\u00f3n\u201d, dijo Tarquino.<\/p>\n<figure id=\"attachment_22955\" aria-describedby=\"caption-attachment-22955\" style=\"width: 471px\" class=\"wp-caption aligncenter\"><a href=\"https:\/\/www.eldiario.net\/portal\/wp-content\/uploads\/2021\/08\/SEGU-Informe-sobre-pericias-a-elecciones-de.jpg\"><img loading=\"lazy\" decoding=\"async\" class=\"wp-image-22955 size-full\" src=\"https:\/\/www.eldiario.net\/portal\/wp-content\/uploads\/2021\/08\/SEGU-Informe-sobre-pericias-a-elecciones-de.jpg\" alt=\"\" width=\"471\" height=\"620\" srcset=\"https:\/\/www.eldiario.net\/portal\/wp-content\/uploads\/2021\/08\/SEGU-Informe-sobre-pericias-a-elecciones-de.jpg 471w, https:\/\/www.eldiario.net\/portal\/wp-content\/uploads\/2021\/08\/SEGU-Informe-sobre-pericias-a-elecciones-de-228x300.jpg 228w\" sizes=\"auto, (max-width: 471px) 100vw, 471px\" \/><\/a><figcaption id=\"caption-attachment-22955\" class=\"wp-caption-text\">PARTE DEL INFORME AL QUE ACCEDI\u00d3 OKDIARIO<\/figcaption><\/figure>\n","protected":false},"excerpt":{"rendered":"<p>El informe sobre pericias a las elecciones de 2019 que realiz\u00f3 el docente universitario Juan Manuel Corchado, exasesor del Gobierno espa\u00f1ol, Jos\u00e9 Luis Rodr\u00edguez Zapatero, que us\u00f3 la Fiscal\u00eda para cerrar el caso fraude electoral, sufri\u00f3 m\u00faltiples cambios por lo que se pact\u00f3 una \u201cprohibici\u00f3n para que la pericia no pudiera ser difundida\u201d, seg\u00fan report\u00f3 [&hellip;]<\/p>\n","protected":false},"author":1,"featured_media":22955,"comment_status":"closed","ping_status":"closed","sticky":false,"template":"","format":"standard","meta":{"_acf_changed":false,"footnotes":""},"categories":[39],"tags":[],"class_list":["post-22954","post","type-post","status-publish","format-standard","has-post-thumbnail","category-sociedad"],"acf":{"antetitulo":""},"yoast_head":"<!-- This site is optimized with the Yoast SEO plugin v28.3 - https:\/\/yoast.com\/product\/yoast-seo-wordpress\/ -->\n<title>Informe sobre pericias a elecciones de 2019 fue clasificado como \u201cconfidencial\u201d - El Diario - Bolivia<\/title>\n<meta name=\"robots\" content=\"index, follow, max-snippet:-1, max-image-preview:large, max-video-preview:-1\" \/>\n<link rel=\"canonical\" href=\"https:\/\/www.eldiario.net\/portal\/2021\/08\/12\/informe-sobre-pericias-a-elecciones-de-2019-fue-clasificado-como-confidencial\/\" \/>\n<meta property=\"og:locale\" content=\"es_ES\" \/>\n<meta property=\"og:type\" content=\"article\" \/>\n<meta property=\"og:title\" content=\"Informe sobre pericias a elecciones de 2019 fue clasificado como \u201cconfidencial\u201d - El Diario - Bolivia\" \/>\n<meta property=\"og:description\" content=\"El informe sobre pericias a las elecciones de 2019 que realiz\u00f3 el docente universitario Juan Manuel Corchado, exasesor del Gobierno espa\u00f1ol, Jos\u00e9 Luis Rodr\u00edguez Zapatero, que us\u00f3 la Fiscal\u00eda para cerrar el caso fraude electoral, sufri\u00f3 m\u00faltiples cambios por lo que se pact\u00f3 una \u201cprohibici\u00f3n para que la pericia no pudiera ser difundida\u201d, seg\u00fan report\u00f3 [&hellip;]\" \/>\n<meta property=\"og:url\" content=\"https:\/\/www.eldiario.net\/portal\/2021\/08\/12\/informe-sobre-pericias-a-elecciones-de-2019-fue-clasificado-como-confidencial\/\" \/>\n<meta property=\"og:site_name\" content=\"El Diario - Bolivia\" \/>\n<meta property=\"article:publisher\" content=\"https:\/\/www.facebook.com\/eldiario.bolivia\/\" \/>\n<meta property=\"article:published_time\" content=\"2021-08-12T10:06:15+00:00\" \/>\n<meta property=\"og:image\" content=\"https:\/\/www.eldiario.net\/portal\/wp-content\/uploads\/2021\/08\/SEGU-Informe-sobre-pericias-a-elecciones-de.jpg\" \/>\n\t<meta property=\"og:image:width\" content=\"471\" \/>\n\t<meta property=\"og:image:height\" content=\"620\" \/>\n\t<meta property=\"og:image:type\" content=\"image\/jpeg\" \/>\n<meta name=\"author\" content=\"Jeanette\" \/>\n<meta name=\"twitter:card\" content=\"summary_large_image\" \/>\n<meta name=\"twitter:creator\" content=\"@eldiario_net\" \/>\n<meta name=\"twitter:site\" content=\"@eldiario_net\" \/>\n<meta name=\"twitter:label1\" content=\"Escrito por\" \/>\n\t<meta name=\"twitter:data1\" content=\"Jeanette\" \/>\n\t<meta name=\"twitter:label2\" content=\"Tiempo de lectura\" \/>\n\t<meta name=\"twitter:data2\" content=\"3 minutos\" \/>\n<script type=\"application\/ld+json\" class=\"yoast-schema-graph\">{\"@context\":\"https:\\\/\\\/schema.org\",\"@graph\":[{\"@type\":\"Article\",\"@id\":\"https:\\\/\\\/www.eldiario.net\\\/portal\\\/2021\\\/08\\\/12\\\/informe-sobre-pericias-a-elecciones-de-2019-fue-clasificado-como-confidencial\\\/#article\",\"isPartOf\":{\"@id\":\"https:\\\/\\\/www.eldiario.net\\\/portal\\\/2021\\\/08\\\/12\\\/informe-sobre-pericias-a-elecciones-de-2019-fue-clasificado-como-confidencial\\\/\"},\"author\":{\"name\":\"Jeanette\",\"@id\":\"https:\\\/\\\/www.eldiario.net\\\/portal\\\/#\\\/schema\\\/person\\\/f46445640444750d7d753ccd04ae01b7\"},\"headline\":\"Informe sobre pericias a elecciones de 2019 fue clasificado como \u201cconfidencial\u201d\",\"datePublished\":\"2021-08-12T10:06:15+00:00\",\"mainEntityOfPage\":{\"@id\":\"https:\\\/\\\/www.eldiario.net\\\/portal\\\/2021\\\/08\\\/12\\\/informe-sobre-pericias-a-elecciones-de-2019-fue-clasificado-como-confidencial\\\/\"},\"wordCount\":623,\"publisher\":{\"@id\":\"https:\\\/\\\/www.eldiario.net\\\/portal\\\/#organization\"},\"image\":{\"@id\":\"https:\\\/\\\/www.eldiario.net\\\/portal\\\/2021\\\/08\\\/12\\\/informe-sobre-pericias-a-elecciones-de-2019-fue-clasificado-como-confidencial\\\/#primaryimage\"},\"thumbnailUrl\":\"https:\\\/\\\/www.eldiario.net\\\/portal\\\/wp-content\\\/uploads\\\/2021\\\/08\\\/SEGU-Informe-sobre-pericias-a-elecciones-de.jpg\",\"articleSection\":[\"Sociedad - Seguridad\"],\"inLanguage\":\"es\"},{\"@type\":\"WebPage\",\"@id\":\"https:\\\/\\\/www.eldiario.net\\\/portal\\\/2021\\\/08\\\/12\\\/informe-sobre-pericias-a-elecciones-de-2019-fue-clasificado-como-confidencial\\\/\",\"url\":\"https:\\\/\\\/www.eldiario.net\\\/portal\\\/2021\\\/08\\\/12\\\/informe-sobre-pericias-a-elecciones-de-2019-fue-clasificado-como-confidencial\\\/\",\"name\":\"Informe sobre pericias a elecciones de 2019 fue clasificado como \u201cconfidencial\u201d - El Diario - Bolivia\",\"isPartOf\":{\"@id\":\"https:\\\/\\\/www.eldiario.net\\\/portal\\\/#website\"},\"primaryImageOfPage\":{\"@id\":\"https:\\\/\\\/www.eldiario.net\\\/portal\\\/2021\\\/08\\\/12\\\/informe-sobre-pericias-a-elecciones-de-2019-fue-clasificado-como-confidencial\\\/#primaryimage\"},\"image\":{\"@id\":\"https:\\\/\\\/www.eldiario.net\\\/portal\\\/2021\\\/08\\\/12\\\/informe-sobre-pericias-a-elecciones-de-2019-fue-clasificado-como-confidencial\\\/#primaryimage\"},\"thumbnailUrl\":\"https:\\\/\\\/www.eldiario.net\\\/portal\\\/wp-content\\\/uploads\\\/2021\\\/08\\\/SEGU-Informe-sobre-pericias-a-elecciones-de.jpg\",\"datePublished\":\"2021-08-12T10:06:15+00:00\",\"breadcrumb\":{\"@id\":\"https:\\\/\\\/www.eldiario.net\\\/portal\\\/2021\\\/08\\\/12\\\/informe-sobre-pericias-a-elecciones-de-2019-fue-clasificado-como-confidencial\\\/#breadcrumb\"},\"inLanguage\":\"es\",\"potentialAction\":[{\"@type\":\"ReadAction\",\"target\":[\"https:\\\/\\\/www.eldiario.net\\\/portal\\\/2021\\\/08\\\/12\\\/informe-sobre-pericias-a-elecciones-de-2019-fue-clasificado-como-confidencial\\\/\"]}]},{\"@type\":\"ImageObject\",\"inLanguage\":\"es\",\"@id\":\"https:\\\/\\\/www.eldiario.net\\\/portal\\\/2021\\\/08\\\/12\\\/informe-sobre-pericias-a-elecciones-de-2019-fue-clasificado-como-confidencial\\\/#primaryimage\",\"url\":\"https:\\\/\\\/www.eldiario.net\\\/portal\\\/wp-content\\\/uploads\\\/2021\\\/08\\\/SEGU-Informe-sobre-pericias-a-elecciones-de.jpg\",\"contentUrl\":\"https:\\\/\\\/www.eldiario.net\\\/portal\\\/wp-content\\\/uploads\\\/2021\\\/08\\\/SEGU-Informe-sobre-pericias-a-elecciones-de.jpg\",\"width\":471,\"height\":620,\"caption\":\"PARTE DEL INFORME AL QUE ACCEDI\u00d3 OKDIARIO\"},{\"@type\":\"BreadcrumbList\",\"@id\":\"https:\\\/\\\/www.eldiario.net\\\/portal\\\/2021\\\/08\\\/12\\\/informe-sobre-pericias-a-elecciones-de-2019-fue-clasificado-como-confidencial\\\/#breadcrumb\",\"itemListElement\":[{\"@type\":\"ListItem\",\"position\":1,\"name\":\"Portada\",\"item\":\"https:\\\/\\\/www.eldiario.net\\\/portal\\\/\"},{\"@type\":\"ListItem\",\"position\":2,\"name\":\"Informe sobre pericias a elecciones de 2019 fue clasificado como \u201cconfidencial\u201d\"}]},{\"@type\":\"WebSite\",\"@id\":\"https:\\\/\\\/www.eldiario.net\\\/portal\\\/#website\",\"url\":\"https:\\\/\\\/www.eldiario.net\\\/portal\\\/\",\"name\":\"El Diario - Decano de la prensa nacional\",\"description\":\"El Diario - Decano de la prensa nacional\",\"publisher\":{\"@id\":\"https:\\\/\\\/www.eldiario.net\\\/portal\\\/#organization\"},\"potentialAction\":[{\"@type\":\"SearchAction\",\"target\":{\"@type\":\"EntryPoint\",\"urlTemplate\":\"https:\\\/\\\/www.eldiario.net\\\/portal\\\/?s={search_term_string}\"},\"query-input\":{\"@type\":\"PropertyValueSpecification\",\"valueRequired\":true,\"valueName\":\"search_term_string\"}}],\"inLanguage\":\"es\"},{\"@type\":\"Organization\",\"@id\":\"https:\\\/\\\/www.eldiario.net\\\/portal\\\/#organization\",\"name\":\"El Diario - Decano de la prensa nacional\",\"url\":\"https:\\\/\\\/www.eldiario.net\\\/portal\\\/\",\"logo\":{\"@type\":\"ImageObject\",\"inLanguage\":\"es\",\"@id\":\"https:\\\/\\\/www.eldiario.net\\\/portal\\\/#\\\/schema\\\/logo\\\/image\\\/\",\"url\":\"https:\\\/\\\/www.eldiario.net\\\/portal\\\/wp-content\\\/uploads\\\/2023\\\/07\\\/logo_ED.jpg\",\"contentUrl\":\"https:\\\/\\\/www.eldiario.net\\\/portal\\\/wp-content\\\/uploads\\\/2023\\\/07\\\/logo_ED.jpg\",\"width\":272,\"height\":52,\"caption\":\"El Diario - Decano de la prensa nacional\"},\"image\":{\"@id\":\"https:\\\/\\\/www.eldiario.net\\\/portal\\\/#\\\/schema\\\/logo\\\/image\\\/\"},\"sameAs\":[\"https:\\\/\\\/www.facebook.com\\\/eldiario.bolivia\\\/\",\"https:\\\/\\\/x.com\\\/eldiario_net\"]},{\"@type\":\"Person\",\"@id\":\"https:\\\/\\\/www.eldiario.net\\\/portal\\\/#\\\/schema\\\/person\\\/f46445640444750d7d753ccd04ae01b7\",\"name\":\"Jeanette\",\"image\":{\"@type\":\"ImageObject\",\"inLanguage\":\"es\",\"@id\":\"https:\\\/\\\/secure.gravatar.com\\\/avatar\\\/3ea2118a5f7dad2b7138b1187a6b7ee55f160b9968b66013c3a3ef39dd7e5798?s=96&d=mm&r=g\",\"url\":\"https:\\\/\\\/secure.gravatar.com\\\/avatar\\\/3ea2118a5f7dad2b7138b1187a6b7ee55f160b9968b66013c3a3ef39dd7e5798?s=96&d=mm&r=g\",\"contentUrl\":\"https:\\\/\\\/secure.gravatar.com\\\/avatar\\\/3ea2118a5f7dad2b7138b1187a6b7ee55f160b9968b66013c3a3ef39dd7e5798?s=96&d=mm&r=g\",\"caption\":\"Jeanette\"},\"sameAs\":[\"https:\\\/\\\/www.eldiario.net\\\/portal\"],\"url\":\"https:\\\/\\\/www.eldiario.net\\\/portal\\\/author\\\/jeanette\\\/\"}]}<\/script>\n<!-- \/ Yoast SEO plugin. -->","yoast_head_json":{"title":"Informe sobre pericias a elecciones de 2019 fue clasificado como \u201cconfidencial\u201d - El Diario - Bolivia","robots":{"index":"index","follow":"follow","max-snippet":"max-snippet:-1","max-image-preview":"max-image-preview:large","max-video-preview":"max-video-preview:-1"},"canonical":"https:\/\/www.eldiario.net\/portal\/2021\/08\/12\/informe-sobre-pericias-a-elecciones-de-2019-fue-clasificado-como-confidencial\/","og_locale":"es_ES","og_type":"article","og_title":"Informe sobre pericias a elecciones de 2019 fue clasificado como \u201cconfidencial\u201d - El Diario - Bolivia","og_description":"El informe sobre pericias a las elecciones de 2019 que realiz\u00f3 el docente universitario Juan Manuel Corchado, exasesor del Gobierno espa\u00f1ol, Jos\u00e9 Luis Rodr\u00edguez Zapatero, que us\u00f3 la Fiscal\u00eda para cerrar el caso fraude electoral, sufri\u00f3 m\u00faltiples cambios por lo que se pact\u00f3 una \u201cprohibici\u00f3n para que la pericia no pudiera ser difundida\u201d, seg\u00fan report\u00f3 [&hellip;]","og_url":"https:\/\/www.eldiario.net\/portal\/2021\/08\/12\/informe-sobre-pericias-a-elecciones-de-2019-fue-clasificado-como-confidencial\/","og_site_name":"El Diario - Bolivia","article_publisher":"https:\/\/www.facebook.com\/eldiario.bolivia\/","article_published_time":"2021-08-12T10:06:15+00:00","og_image":[{"width":471,"height":620,"url":"https:\/\/www.eldiario.net\/portal\/wp-content\/uploads\/2021\/08\/SEGU-Informe-sobre-pericias-a-elecciones-de.jpg","type":"image\/jpeg"}],"author":"Jeanette","twitter_card":"summary_large_image","twitter_creator":"@eldiario_net","twitter_site":"@eldiario_net","twitter_misc":{"Escrito por":"Jeanette","Tiempo de lectura":"3 minutos"},"schema":{"@context":"https:\/\/schema.org","@graph":[{"@type":"Article","@id":"https:\/\/www.eldiario.net\/portal\/2021\/08\/12\/informe-sobre-pericias-a-elecciones-de-2019-fue-clasificado-como-confidencial\/#article","isPartOf":{"@id":"https:\/\/www.eldiario.net\/portal\/2021\/08\/12\/informe-sobre-pericias-a-elecciones-de-2019-fue-clasificado-como-confidencial\/"},"author":{"name":"Jeanette","@id":"https:\/\/www.eldiario.net\/portal\/#\/schema\/person\/f46445640444750d7d753ccd04ae01b7"},"headline":"Informe sobre pericias a elecciones de 2019 fue clasificado como \u201cconfidencial\u201d","datePublished":"2021-08-12T10:06:15+00:00","mainEntityOfPage":{"@id":"https:\/\/www.eldiario.net\/portal\/2021\/08\/12\/informe-sobre-pericias-a-elecciones-de-2019-fue-clasificado-como-confidencial\/"},"wordCount":623,"publisher":{"@id":"https:\/\/www.eldiario.net\/portal\/#organization"},"image":{"@id":"https:\/\/www.eldiario.net\/portal\/2021\/08\/12\/informe-sobre-pericias-a-elecciones-de-2019-fue-clasificado-como-confidencial\/#primaryimage"},"thumbnailUrl":"https:\/\/www.eldiario.net\/portal\/wp-content\/uploads\/2021\/08\/SEGU-Informe-sobre-pericias-a-elecciones-de.jpg","articleSection":["Sociedad - Seguridad"],"inLanguage":"es"},{"@type":"WebPage","@id":"https:\/\/www.eldiario.net\/portal\/2021\/08\/12\/informe-sobre-pericias-a-elecciones-de-2019-fue-clasificado-como-confidencial\/","url":"https:\/\/www.eldiario.net\/portal\/2021\/08\/12\/informe-sobre-pericias-a-elecciones-de-2019-fue-clasificado-como-confidencial\/","name":"Informe sobre pericias a elecciones de 2019 fue clasificado como \u201cconfidencial\u201d - El Diario - Bolivia","isPartOf":{"@id":"https:\/\/www.eldiario.net\/portal\/#website"},"primaryImageOfPage":{"@id":"https:\/\/www.eldiario.net\/portal\/2021\/08\/12\/informe-sobre-pericias-a-elecciones-de-2019-fue-clasificado-como-confidencial\/#primaryimage"},"image":{"@id":"https:\/\/www.eldiario.net\/portal\/2021\/08\/12\/informe-sobre-pericias-a-elecciones-de-2019-fue-clasificado-como-confidencial\/#primaryimage"},"thumbnailUrl":"https:\/\/www.eldiario.net\/portal\/wp-content\/uploads\/2021\/08\/SEGU-Informe-sobre-pericias-a-elecciones-de.jpg","datePublished":"2021-08-12T10:06:15+00:00","breadcrumb":{"@id":"https:\/\/www.eldiario.net\/portal\/2021\/08\/12\/informe-sobre-pericias-a-elecciones-de-2019-fue-clasificado-como-confidencial\/#breadcrumb"},"inLanguage":"es","potentialAction":[{"@type":"ReadAction","target":["https:\/\/www.eldiario.net\/portal\/2021\/08\/12\/informe-sobre-pericias-a-elecciones-de-2019-fue-clasificado-como-confidencial\/"]}]},{"@type":"ImageObject","inLanguage":"es","@id":"https:\/\/www.eldiario.net\/portal\/2021\/08\/12\/informe-sobre-pericias-a-elecciones-de-2019-fue-clasificado-como-confidencial\/#primaryimage","url":"https:\/\/www.eldiario.net\/portal\/wp-content\/uploads\/2021\/08\/SEGU-Informe-sobre-pericias-a-elecciones-de.jpg","contentUrl":"https:\/\/www.eldiario.net\/portal\/wp-content\/uploads\/2021\/08\/SEGU-Informe-sobre-pericias-a-elecciones-de.jpg","width":471,"height":620,"caption":"PARTE DEL INFORME AL QUE ACCEDI\u00d3 OKDIARIO"},{"@type":"BreadcrumbList","@id":"https:\/\/www.eldiario.net\/portal\/2021\/08\/12\/informe-sobre-pericias-a-elecciones-de-2019-fue-clasificado-como-confidencial\/#breadcrumb","itemListElement":[{"@type":"ListItem","position":1,"name":"Portada","item":"https:\/\/www.eldiario.net\/portal\/"},{"@type":"ListItem","position":2,"name":"Informe sobre pericias a elecciones de 2019 fue clasificado como \u201cconfidencial\u201d"}]},{"@type":"WebSite","@id":"https:\/\/www.eldiario.net\/portal\/#website","url":"https:\/\/www.eldiario.net\/portal\/","name":"El Diario - Decano de la prensa nacional","description":"El Diario - Decano de la prensa nacional","publisher":{"@id":"https:\/\/www.eldiario.net\/portal\/#organization"},"potentialAction":[{"@type":"SearchAction","target":{"@type":"EntryPoint","urlTemplate":"https:\/\/www.eldiario.net\/portal\/?s={search_term_string}"},"query-input":{"@type":"PropertyValueSpecification","valueRequired":true,"valueName":"search_term_string"}}],"inLanguage":"es"},{"@type":"Organization","@id":"https:\/\/www.eldiario.net\/portal\/#organization","name":"El Diario - Decano de la prensa nacional","url":"https:\/\/www.eldiario.net\/portal\/","logo":{"@type":"ImageObject","inLanguage":"es","@id":"https:\/\/www.eldiario.net\/portal\/#\/schema\/logo\/image\/","url":"https:\/\/www.eldiario.net\/portal\/wp-content\/uploads\/2023\/07\/logo_ED.jpg","contentUrl":"https:\/\/www.eldiario.net\/portal\/wp-content\/uploads\/2023\/07\/logo_ED.jpg","width":272,"height":52,"caption":"El Diario - Decano de la prensa nacional"},"image":{"@id":"https:\/\/www.eldiario.net\/portal\/#\/schema\/logo\/image\/"},"sameAs":["https:\/\/www.facebook.com\/eldiario.bolivia\/","https:\/\/x.com\/eldiario_net"]},{"@type":"Person","@id":"https:\/\/www.eldiario.net\/portal\/#\/schema\/person\/f46445640444750d7d753ccd04ae01b7","name":"Jeanette","image":{"@type":"ImageObject","inLanguage":"es","@id":"https:\/\/secure.gravatar.com\/avatar\/3ea2118a5f7dad2b7138b1187a6b7ee55f160b9968b66013c3a3ef39dd7e5798?s=96&d=mm&r=g","url":"https:\/\/secure.gravatar.com\/avatar\/3ea2118a5f7dad2b7138b1187a6b7ee55f160b9968b66013c3a3ef39dd7e5798?s=96&d=mm&r=g","contentUrl":"https:\/\/secure.gravatar.com\/avatar\/3ea2118a5f7dad2b7138b1187a6b7ee55f160b9968b66013c3a3ef39dd7e5798?s=96&d=mm&r=g","caption":"Jeanette"},"sameAs":["https:\/\/www.eldiario.net\/portal"],"url":"https:\/\/www.eldiario.net\/portal\/author\/jeanette\/"}]}},"_links":{"self":[{"href":"https:\/\/www.eldiario.net\/portal\/wp-json\/wp\/v2\/posts\/22954","targetHints":{"allow":["GET"]}}],"collection":[{"href":"https:\/\/www.eldiario.net\/portal\/wp-json\/wp\/v2\/posts"}],"about":[{"href":"https:\/\/www.eldiario.net\/portal\/wp-json\/wp\/v2\/types\/post"}],"author":[{"embeddable":true,"href":"https:\/\/www.eldiario.net\/portal\/wp-json\/wp\/v2\/users\/1"}],"replies":[{"embeddable":true,"href":"https:\/\/www.eldiario.net\/portal\/wp-json\/wp\/v2\/comments?post=22954"}],"version-history":[{"count":0,"href":"https:\/\/www.eldiario.net\/portal\/wp-json\/wp\/v2\/posts\/22954\/revisions"}],"wp:featuredmedia":[{"embeddable":true,"href":"https:\/\/www.eldiario.net\/portal\/wp-json\/wp\/v2\/media\/22955"}],"wp:attachment":[{"href":"https:\/\/www.eldiario.net\/portal\/wp-json\/wp\/v2\/media?parent=22954"}],"wp:term":[{"taxonomy":"category","embeddable":true,"href":"https:\/\/www.eldiario.net\/portal\/wp-json\/wp\/v2\/categories?post=22954"},{"taxonomy":"post_tag","embeddable":true,"href":"https:\/\/www.eldiario.net\/portal\/wp-json\/wp\/v2\/tags?post=22954"}],"curies":[{"name":"wp","href":"https:\/\/api.w.org\/{rel}","templated":true}]}}