{"id":22951,"date":"2021-08-12T06:04:36","date_gmt":"2021-08-12T10:04:36","guid":{"rendered":"https:\/\/www.eldiario.net\/portal\/?p=22951"},"modified":"2021-08-12T06:04:36","modified_gmt":"2021-08-12T10:04:36","slug":"procesan-a-exministra-por-no-ejecutar-un-presupuesto-durante-la-pandemia","status":"publish","type":"post","link":"https:\/\/www.eldiario.net\/portal\/2021\/08\/12\/procesan-a-exministra-por-no-ejecutar-un-presupuesto-durante-la-pandemia\/","title":{"rendered":"Procesan a exministra por no ejecutar  un presupuesto durante la pandemia"},"content":{"rendered":"<p>La excanciller Karen Longaric es procesada por ejecutar s\u00f3lo el 1,98 % de un presupuesto de 16 millones de bolivianos, destinado a apoyar a ciudadanos bolivianos en el exterior durante la pandemia, inform\u00f3 este mi\u00e9rcoles el fiscal del caso, Miguel Aramayo, a tiempo de aclarar que la denuncia la realiz\u00f3 el Ministerio de Relaciones Exteriores.<\/p>\n<p>\u201cEstos dineros se han revertido, y estos dineros serv\u00edan para todos los compatriotas que ten\u00edan que ser auxiliados por la pandemia que cursa en nuestro territorio y el mundo. Sabemos que esas personas, no todas est\u00e1n legalmente constituidas o radicadas en esos pa\u00edses, hay personas que est\u00e1n ilegalmente, otras que est\u00e1n trabajando y otras no, ese dinero serv\u00eda para ese socorro\u201d, dijo a tiempo de aclarar que se desconoce si esa cartera de Estado no atendi\u00f3 alguna solicitud de socorro.<\/p>\n<p>El representante del Ministerio P\u00fablico aclar\u00f3 que este presupuesto otorgado al Ministerio de Relaciones Exteriores fue en base al Decreto Supremo (DS) N\u00ba 4223 del 20 de abril de 2020, cuyo \u00fanico art\u00edculo se\u00f1ala:<\/p>\n<p>\u201cI. En el marco de la Ley N\u00ba 1293, de 1 de abril de 2020, y en resguardo al derecho fundamental a la vida y a la salud, se autoriza al Ministerio de Relaciones Exteriores realizar transferencias p\u00fablico-privadas en especie, durante el periodo de la emergencia sanitaria provocada por el Coronavirus (Covid-19), destinados a gastos de alimentaci\u00f3n, cremaci\u00f3n de restos mortales, compra de productos de limpieza, higiene, sanitarios, y otros, a favor de ciudadanos bolivianos en el exterior en situaci\u00f3n de vulnerabilidad y\/o emergencia.<\/p>\n<ol>\n<li>La reglamentaci\u00f3n sobre el uso y destino de las transferencias p\u00fablico-privadas deber\u00e1 ser aprobada por la M\u00e1xima Autoridad Ejecutiva del Ministerio de Relaciones Exteriores mediante Resoluci\u00f3n expresa\u201d.<\/li>\n<\/ol>\n<p>Consultado por si el DS refer\u00eda que el presupuesto deber\u00eda ser gastado en su totalidad, Aramayo aclar\u00f3 que \u201cse ejecut\u00f3 s\u00f3lo 316.000 bolivianos y que la autoridad ten\u00eda los mecanismos correspondientes para ejecutar el dinero\u201d.<\/p>\n<p>\u201cEspec\u00edficamente, el suscrito fiscal ya ha firmado requerimientos para que nos den respuesta respecto a cuantas personas han solicitado auxilio y si se los ha colaborado a esas personas que est\u00e1n fuera de nuestro territorio\u201d, aclar\u00f3.<\/p>\n<p>El fiscal aclar\u00f3 que el delito que se adec\u00faa a esa actividad es incumplimiento de deberes y que llamar\u00e1 a declarar a allegados de la exautoridad.<\/p>\n<p>&nbsp;<\/p>\n<p>NO DECLARAR\u00c1<\/p>\n<p>La exministra de Relaciones Exteriores, Karen Longaric, no podr\u00e1 asistir a la convocatoria que le hizo la Fiscal\u00eda para presentarse a declarar en La Paz, el pr\u00f3ximo martes 17 de agosto, en calidad de sindicada por el caso por incumplimiento de deberes, porque se encuentra en Alemania, inform\u00f3 este martes la abogada Audalia Zurita, que patrocina a la exautoridad.<\/p>\n<p>\u201cLa citaci\u00f3n fue dejada en la que fue su vivienda en Bolivia y fue recibida por la persona que cuida su vivienda, a sabiendas que la doctora no se encuentra en Bolivia\u201d, precis\u00f3 la jurista.<\/p>\n<p>Zurita record\u00f3 que desde hace meses su cliente realiza trabajos fuera del pa\u00eds, por ello, cuando se la cit\u00f3 como testigo en uno de los procesos, pidi\u00f3 que la misma sea de manera virtual porque estaba en Chile y ahora est\u00e1 en el pa\u00eds europeo atendiendo compromisos organizados con anterioridad.<\/p>\n<p>Zurita anunci\u00f3 que presentar\u00e1 un memorial al Ministerio P\u00fablico para informar de esa circunstancia y la predisposici\u00f3n de la excanciller de declarar de forma virtual, adem\u00e1s de conocer el contenido de la denuncia.<\/p>\n","protected":false},"excerpt":{"rendered":"<p>La excanciller Karen Longaric es procesada por ejecutar s\u00f3lo el 1,98 % de un presupuesto de 16 millones de bolivianos, destinado a apoyar a ciudadanos bolivianos en el exterior durante la pandemia, inform\u00f3 este mi\u00e9rcoles el fiscal del caso, Miguel Aramayo, a tiempo de aclarar que la denuncia la realiz\u00f3 el Ministerio de Relaciones Exteriores. [&hellip;]<\/p>\n","protected":false},"author":1,"featured_media":22952,"comment_status":"closed","ping_status":"closed","sticky":false,"template":"","format":"standard","meta":{"_acf_changed":false,"footnotes":""},"categories":[39],"tags":[],"class_list":["post-22951","post","type-post","status-publish","format-standard","has-post-thumbnail","category-sociedad"],"acf":{"antetitulo":""},"yoast_head":"<!-- This site is optimized with the Yoast SEO plugin v28.3 - https:\/\/yoast.com\/product\/yoast-seo-wordpress\/ -->\n<title>Procesan a exministra por no ejecutar un presupuesto durante la pandemia - El Diario - Bolivia<\/title>\n<meta name=\"robots\" content=\"index, follow, max-snippet:-1, max-image-preview:large, max-video-preview:-1\" \/>\n<link rel=\"canonical\" href=\"https:\/\/www.eldiario.net\/portal\/2021\/08\/12\/procesan-a-exministra-por-no-ejecutar-un-presupuesto-durante-la-pandemia\/\" \/>\n<meta property=\"og:locale\" content=\"es_ES\" \/>\n<meta property=\"og:type\" content=\"article\" \/>\n<meta property=\"og:title\" content=\"Procesan a exministra por no ejecutar un presupuesto durante la pandemia - El Diario - Bolivia\" \/>\n<meta property=\"og:description\" content=\"La excanciller Karen Longaric es procesada por ejecutar s\u00f3lo el 1,98 % de un presupuesto de 16 millones de bolivianos, destinado a apoyar a ciudadanos bolivianos en el exterior durante la pandemia, inform\u00f3 este mi\u00e9rcoles el fiscal del caso, Miguel Aramayo, a tiempo de aclarar que la denuncia la realiz\u00f3 el Ministerio de Relaciones Exteriores. [&hellip;]\" \/>\n<meta property=\"og:url\" content=\"https:\/\/www.eldiario.net\/portal\/2021\/08\/12\/procesan-a-exministra-por-no-ejecutar-un-presupuesto-durante-la-pandemia\/\" \/>\n<meta property=\"og:site_name\" content=\"El Diario - Bolivia\" \/>\n<meta property=\"article:publisher\" content=\"https:\/\/www.facebook.com\/eldiario.bolivia\/\" \/>\n<meta property=\"article:published_time\" content=\"2021-08-12T10:04:36+00:00\" \/>\n<meta name=\"author\" content=\"Jeanette\" \/>\n<meta name=\"twitter:card\" content=\"summary_large_image\" \/>\n<meta name=\"twitter:creator\" content=\"@eldiario_net\" \/>\n<meta name=\"twitter:site\" content=\"@eldiario_net\" \/>\n<meta name=\"twitter:label1\" content=\"Escrito por\" \/>\n\t<meta name=\"twitter:data1\" content=\"Jeanette\" \/>\n\t<meta name=\"twitter:label2\" content=\"Tiempo de lectura\" \/>\n\t<meta name=\"twitter:data2\" content=\"3 minutos\" \/>\n<script type=\"application\/ld+json\" class=\"yoast-schema-graph\">{\"@context\":\"https:\\\/\\\/schema.org\",\"@graph\":[{\"@type\":\"Article\",\"@id\":\"https:\\\/\\\/www.eldiario.net\\\/portal\\\/2021\\\/08\\\/12\\\/procesan-a-exministra-por-no-ejecutar-un-presupuesto-durante-la-pandemia\\\/#article\",\"isPartOf\":{\"@id\":\"https:\\\/\\\/www.eldiario.net\\\/portal\\\/2021\\\/08\\\/12\\\/procesan-a-exministra-por-no-ejecutar-un-presupuesto-durante-la-pandemia\\\/\"},\"author\":{\"name\":\"Jeanette\",\"@id\":\"https:\\\/\\\/www.eldiario.net\\\/portal\\\/#\\\/schema\\\/person\\\/f46445640444750d7d753ccd04ae01b7\"},\"headline\":\"Procesan a exministra por no ejecutar un presupuesto durante la pandemia\",\"datePublished\":\"2021-08-12T10:04:36+00:00\",\"mainEntityOfPage\":{\"@id\":\"https:\\\/\\\/www.eldiario.net\\\/portal\\\/2021\\\/08\\\/12\\\/procesan-a-exministra-por-no-ejecutar-un-presupuesto-durante-la-pandemia\\\/\"},\"wordCount\":593,\"publisher\":{\"@id\":\"https:\\\/\\\/www.eldiario.net\\\/portal\\\/#organization\"},\"image\":{\"@id\":\"https:\\\/\\\/www.eldiario.net\\\/portal\\\/2021\\\/08\\\/12\\\/procesan-a-exministra-por-no-ejecutar-un-presupuesto-durante-la-pandemia\\\/#primaryimage\"},\"thumbnailUrl\":\"\",\"articleSection\":[\"Sociedad - Seguridad\"],\"inLanguage\":\"es\"},{\"@type\":\"WebPage\",\"@id\":\"https:\\\/\\\/www.eldiario.net\\\/portal\\\/2021\\\/08\\\/12\\\/procesan-a-exministra-por-no-ejecutar-un-presupuesto-durante-la-pandemia\\\/\",\"url\":\"https:\\\/\\\/www.eldiario.net\\\/portal\\\/2021\\\/08\\\/12\\\/procesan-a-exministra-por-no-ejecutar-un-presupuesto-durante-la-pandemia\\\/\",\"name\":\"Procesan a exministra por no ejecutar un presupuesto durante la pandemia - El Diario - Bolivia\",\"isPartOf\":{\"@id\":\"https:\\\/\\\/www.eldiario.net\\\/portal\\\/#website\"},\"primaryImageOfPage\":{\"@id\":\"https:\\\/\\\/www.eldiario.net\\\/portal\\\/2021\\\/08\\\/12\\\/procesan-a-exministra-por-no-ejecutar-un-presupuesto-durante-la-pandemia\\\/#primaryimage\"},\"image\":{\"@id\":\"https:\\\/\\\/www.eldiario.net\\\/portal\\\/2021\\\/08\\\/12\\\/procesan-a-exministra-por-no-ejecutar-un-presupuesto-durante-la-pandemia\\\/#primaryimage\"},\"thumbnailUrl\":\"\",\"datePublished\":\"2021-08-12T10:04:36+00:00\",\"breadcrumb\":{\"@id\":\"https:\\\/\\\/www.eldiario.net\\\/portal\\\/2021\\\/08\\\/12\\\/procesan-a-exministra-por-no-ejecutar-un-presupuesto-durante-la-pandemia\\\/#breadcrumb\"},\"inLanguage\":\"es\",\"potentialAction\":[{\"@type\":\"ReadAction\",\"target\":[\"https:\\\/\\\/www.eldiario.net\\\/portal\\\/2021\\\/08\\\/12\\\/procesan-a-exministra-por-no-ejecutar-un-presupuesto-durante-la-pandemia\\\/\"]}]},{\"@type\":\"ImageObject\",\"inLanguage\":\"es\",\"@id\":\"https:\\\/\\\/www.eldiario.net\\\/portal\\\/2021\\\/08\\\/12\\\/procesan-a-exministra-por-no-ejecutar-un-presupuesto-durante-la-pandemia\\\/#primaryimage\",\"url\":\"\",\"contentUrl\":\"\"},{\"@type\":\"BreadcrumbList\",\"@id\":\"https:\\\/\\\/www.eldiario.net\\\/portal\\\/2021\\\/08\\\/12\\\/procesan-a-exministra-por-no-ejecutar-un-presupuesto-durante-la-pandemia\\\/#breadcrumb\",\"itemListElement\":[{\"@type\":\"ListItem\",\"position\":1,\"name\":\"Portada\",\"item\":\"https:\\\/\\\/www.eldiario.net\\\/portal\\\/\"},{\"@type\":\"ListItem\",\"position\":2,\"name\":\"Procesan a exministra por no ejecutar un presupuesto durante la pandemia\"}]},{\"@type\":\"WebSite\",\"@id\":\"https:\\\/\\\/www.eldiario.net\\\/portal\\\/#website\",\"url\":\"https:\\\/\\\/www.eldiario.net\\\/portal\\\/\",\"name\":\"El Diario - Decano de la prensa nacional\",\"description\":\"El Diario - Decano de la prensa nacional\",\"publisher\":{\"@id\":\"https:\\\/\\\/www.eldiario.net\\\/portal\\\/#organization\"},\"potentialAction\":[{\"@type\":\"SearchAction\",\"target\":{\"@type\":\"EntryPoint\",\"urlTemplate\":\"https:\\\/\\\/www.eldiario.net\\\/portal\\\/?s={search_term_string}\"},\"query-input\":{\"@type\":\"PropertyValueSpecification\",\"valueRequired\":true,\"valueName\":\"search_term_string\"}}],\"inLanguage\":\"es\"},{\"@type\":\"Organization\",\"@id\":\"https:\\\/\\\/www.eldiario.net\\\/portal\\\/#organization\",\"name\":\"El Diario - Decano de la prensa nacional\",\"url\":\"https:\\\/\\\/www.eldiario.net\\\/portal\\\/\",\"logo\":{\"@type\":\"ImageObject\",\"inLanguage\":\"es\",\"@id\":\"https:\\\/\\\/www.eldiario.net\\\/portal\\\/#\\\/schema\\\/logo\\\/image\\\/\",\"url\":\"https:\\\/\\\/www.eldiario.net\\\/portal\\\/wp-content\\\/uploads\\\/2023\\\/07\\\/logo_ED.jpg\",\"contentUrl\":\"https:\\\/\\\/www.eldiario.net\\\/portal\\\/wp-content\\\/uploads\\\/2023\\\/07\\\/logo_ED.jpg\",\"width\":272,\"height\":52,\"caption\":\"El Diario - Decano de la prensa nacional\"},\"image\":{\"@id\":\"https:\\\/\\\/www.eldiario.net\\\/portal\\\/#\\\/schema\\\/logo\\\/image\\\/\"},\"sameAs\":[\"https:\\\/\\\/www.facebook.com\\\/eldiario.bolivia\\\/\",\"https:\\\/\\\/x.com\\\/eldiario_net\"]},{\"@type\":\"Person\",\"@id\":\"https:\\\/\\\/www.eldiario.net\\\/portal\\\/#\\\/schema\\\/person\\\/f46445640444750d7d753ccd04ae01b7\",\"name\":\"Jeanette\",\"image\":{\"@type\":\"ImageObject\",\"inLanguage\":\"es\",\"@id\":\"https:\\\/\\\/secure.gravatar.com\\\/avatar\\\/3ea2118a5f7dad2b7138b1187a6b7ee55f160b9968b66013c3a3ef39dd7e5798?s=96&d=mm&r=g\",\"url\":\"https:\\\/\\\/secure.gravatar.com\\\/avatar\\\/3ea2118a5f7dad2b7138b1187a6b7ee55f160b9968b66013c3a3ef39dd7e5798?s=96&d=mm&r=g\",\"contentUrl\":\"https:\\\/\\\/secure.gravatar.com\\\/avatar\\\/3ea2118a5f7dad2b7138b1187a6b7ee55f160b9968b66013c3a3ef39dd7e5798?s=96&d=mm&r=g\",\"caption\":\"Jeanette\"},\"sameAs\":[\"https:\\\/\\\/www.eldiario.net\\\/portal\"],\"url\":\"https:\\\/\\\/www.eldiario.net\\\/portal\\\/author\\\/jeanette\\\/\"}]}<\/script>\n<!-- \/ Yoast SEO plugin. -->","yoast_head_json":{"title":"Procesan a exministra por no ejecutar un presupuesto durante la pandemia - El Diario - Bolivia","robots":{"index":"index","follow":"follow","max-snippet":"max-snippet:-1","max-image-preview":"max-image-preview:large","max-video-preview":"max-video-preview:-1"},"canonical":"https:\/\/www.eldiario.net\/portal\/2021\/08\/12\/procesan-a-exministra-por-no-ejecutar-un-presupuesto-durante-la-pandemia\/","og_locale":"es_ES","og_type":"article","og_title":"Procesan a exministra por no ejecutar un presupuesto durante la pandemia - El Diario - Bolivia","og_description":"La excanciller Karen Longaric es procesada por ejecutar s\u00f3lo el 1,98 % de un presupuesto de 16 millones de bolivianos, destinado a apoyar a ciudadanos bolivianos en el exterior durante la pandemia, inform\u00f3 este mi\u00e9rcoles el fiscal del caso, Miguel Aramayo, a tiempo de aclarar que la denuncia la realiz\u00f3 el Ministerio de Relaciones Exteriores. [&hellip;]","og_url":"https:\/\/www.eldiario.net\/portal\/2021\/08\/12\/procesan-a-exministra-por-no-ejecutar-un-presupuesto-durante-la-pandemia\/","og_site_name":"El Diario - Bolivia","article_publisher":"https:\/\/www.facebook.com\/eldiario.bolivia\/","article_published_time":"2021-08-12T10:04:36+00:00","author":"Jeanette","twitter_card":"summary_large_image","twitter_creator":"@eldiario_net","twitter_site":"@eldiario_net","twitter_misc":{"Escrito por":"Jeanette","Tiempo de lectura":"3 minutos"},"schema":{"@context":"https:\/\/schema.org","@graph":[{"@type":"Article","@id":"https:\/\/www.eldiario.net\/portal\/2021\/08\/12\/procesan-a-exministra-por-no-ejecutar-un-presupuesto-durante-la-pandemia\/#article","isPartOf":{"@id":"https:\/\/www.eldiario.net\/portal\/2021\/08\/12\/procesan-a-exministra-por-no-ejecutar-un-presupuesto-durante-la-pandemia\/"},"author":{"name":"Jeanette","@id":"https:\/\/www.eldiario.net\/portal\/#\/schema\/person\/f46445640444750d7d753ccd04ae01b7"},"headline":"Procesan a exministra por no ejecutar un presupuesto durante la pandemia","datePublished":"2021-08-12T10:04:36+00:00","mainEntityOfPage":{"@id":"https:\/\/www.eldiario.net\/portal\/2021\/08\/12\/procesan-a-exministra-por-no-ejecutar-un-presupuesto-durante-la-pandemia\/"},"wordCount":593,"publisher":{"@id":"https:\/\/www.eldiario.net\/portal\/#organization"},"image":{"@id":"https:\/\/www.eldiario.net\/portal\/2021\/08\/12\/procesan-a-exministra-por-no-ejecutar-un-presupuesto-durante-la-pandemia\/#primaryimage"},"thumbnailUrl":"","articleSection":["Sociedad - Seguridad"],"inLanguage":"es"},{"@type":"WebPage","@id":"https:\/\/www.eldiario.net\/portal\/2021\/08\/12\/procesan-a-exministra-por-no-ejecutar-un-presupuesto-durante-la-pandemia\/","url":"https:\/\/www.eldiario.net\/portal\/2021\/08\/12\/procesan-a-exministra-por-no-ejecutar-un-presupuesto-durante-la-pandemia\/","name":"Procesan a exministra por no ejecutar un presupuesto durante la pandemia - El Diario - Bolivia","isPartOf":{"@id":"https:\/\/www.eldiario.net\/portal\/#website"},"primaryImageOfPage":{"@id":"https:\/\/www.eldiario.net\/portal\/2021\/08\/12\/procesan-a-exministra-por-no-ejecutar-un-presupuesto-durante-la-pandemia\/#primaryimage"},"image":{"@id":"https:\/\/www.eldiario.net\/portal\/2021\/08\/12\/procesan-a-exministra-por-no-ejecutar-un-presupuesto-durante-la-pandemia\/#primaryimage"},"thumbnailUrl":"","datePublished":"2021-08-12T10:04:36+00:00","breadcrumb":{"@id":"https:\/\/www.eldiario.net\/portal\/2021\/08\/12\/procesan-a-exministra-por-no-ejecutar-un-presupuesto-durante-la-pandemia\/#breadcrumb"},"inLanguage":"es","potentialAction":[{"@type":"ReadAction","target":["https:\/\/www.eldiario.net\/portal\/2021\/08\/12\/procesan-a-exministra-por-no-ejecutar-un-presupuesto-durante-la-pandemia\/"]}]},{"@type":"ImageObject","inLanguage":"es","@id":"https:\/\/www.eldiario.net\/portal\/2021\/08\/12\/procesan-a-exministra-por-no-ejecutar-un-presupuesto-durante-la-pandemia\/#primaryimage","url":"","contentUrl":""},{"@type":"BreadcrumbList","@id":"https:\/\/www.eldiario.net\/portal\/2021\/08\/12\/procesan-a-exministra-por-no-ejecutar-un-presupuesto-durante-la-pandemia\/#breadcrumb","itemListElement":[{"@type":"ListItem","position":1,"name":"Portada","item":"https:\/\/www.eldiario.net\/portal\/"},{"@type":"ListItem","position":2,"name":"Procesan a exministra por no ejecutar un presupuesto durante la pandemia"}]},{"@type":"WebSite","@id":"https:\/\/www.eldiario.net\/portal\/#website","url":"https:\/\/www.eldiario.net\/portal\/","name":"El Diario - Decano de la prensa nacional","description":"El Diario - Decano de la prensa nacional","publisher":{"@id":"https:\/\/www.eldiario.net\/portal\/#organization"},"potentialAction":[{"@type":"SearchAction","target":{"@type":"EntryPoint","urlTemplate":"https:\/\/www.eldiario.net\/portal\/?s={search_term_string}"},"query-input":{"@type":"PropertyValueSpecification","valueRequired":true,"valueName":"search_term_string"}}],"inLanguage":"es"},{"@type":"Organization","@id":"https:\/\/www.eldiario.net\/portal\/#organization","name":"El Diario - Decano de la prensa nacional","url":"https:\/\/www.eldiario.net\/portal\/","logo":{"@type":"ImageObject","inLanguage":"es","@id":"https:\/\/www.eldiario.net\/portal\/#\/schema\/logo\/image\/","url":"https:\/\/www.eldiario.net\/portal\/wp-content\/uploads\/2023\/07\/logo_ED.jpg","contentUrl":"https:\/\/www.eldiario.net\/portal\/wp-content\/uploads\/2023\/07\/logo_ED.jpg","width":272,"height":52,"caption":"El Diario - Decano de la prensa nacional"},"image":{"@id":"https:\/\/www.eldiario.net\/portal\/#\/schema\/logo\/image\/"},"sameAs":["https:\/\/www.facebook.com\/eldiario.bolivia\/","https:\/\/x.com\/eldiario_net"]},{"@type":"Person","@id":"https:\/\/www.eldiario.net\/portal\/#\/schema\/person\/f46445640444750d7d753ccd04ae01b7","name":"Jeanette","image":{"@type":"ImageObject","inLanguage":"es","@id":"https:\/\/secure.gravatar.com\/avatar\/3ea2118a5f7dad2b7138b1187a6b7ee55f160b9968b66013c3a3ef39dd7e5798?s=96&d=mm&r=g","url":"https:\/\/secure.gravatar.com\/avatar\/3ea2118a5f7dad2b7138b1187a6b7ee55f160b9968b66013c3a3ef39dd7e5798?s=96&d=mm&r=g","contentUrl":"https:\/\/secure.gravatar.com\/avatar\/3ea2118a5f7dad2b7138b1187a6b7ee55f160b9968b66013c3a3ef39dd7e5798?s=96&d=mm&r=g","caption":"Jeanette"},"sameAs":["https:\/\/www.eldiario.net\/portal"],"url":"https:\/\/www.eldiario.net\/portal\/author\/jeanette\/"}]}},"_links":{"self":[{"href":"https:\/\/www.eldiario.net\/portal\/wp-json\/wp\/v2\/posts\/22951","targetHints":{"allow":["GET"]}}],"collection":[{"href":"https:\/\/www.eldiario.net\/portal\/wp-json\/wp\/v2\/posts"}],"about":[{"href":"https:\/\/www.eldiario.net\/portal\/wp-json\/wp\/v2\/types\/post"}],"author":[{"embeddable":true,"href":"https:\/\/www.eldiario.net\/portal\/wp-json\/wp\/v2\/users\/1"}],"replies":[{"embeddable":true,"href":"https:\/\/www.eldiario.net\/portal\/wp-json\/wp\/v2\/comments?post=22951"}],"version-history":[{"count":0,"href":"https:\/\/www.eldiario.net\/portal\/wp-json\/wp\/v2\/posts\/22951\/revisions"}],"wp:attachment":[{"href":"https:\/\/www.eldiario.net\/portal\/wp-json\/wp\/v2\/media?parent=22951"}],"wp:term":[{"taxonomy":"category","embeddable":true,"href":"https:\/\/www.eldiario.net\/portal\/wp-json\/wp\/v2\/categories?post=22951"},{"taxonomy":"post_tag","embeddable":true,"href":"https:\/\/www.eldiario.net\/portal\/wp-json\/wp\/v2\/tags?post=22951"}],"curies":[{"name":"wp","href":"https:\/\/api.w.org\/{rel}","templated":true}]}}