{"id":229486,"date":"2024-06-24T16:16:53","date_gmt":"2024-06-24T20:16:53","guid":{"rendered":"https:\/\/www.eldiario.net\/portal\/?p=229486"},"modified":"2024-06-24T16:20:07","modified_gmt":"2024-06-24T20:20:07","slug":"estudio-revela-que-750-000-vehiculos-indocumentados-circulan-por-todo-el-pais","status":"publish","type":"post","link":"https:\/\/www.eldiario.net\/portal\/2024\/06\/24\/estudio-revela-que-750-000-vehiculos-indocumentados-circulan-por-todo-el-pais\/","title":{"rendered":"Estudio revela que 750.000 veh\u00edculos indocumentados circulan por el pa\u00eds"},"content":{"rendered":"<p>La directora de la Administraci\u00f3n Tributaria Municipal de La Paz, Noem\u00ed Lastra, inform\u00f3 que un estudio determin\u00f3 que cerca de 750.000 veh\u00edculos indocumentados circulan en los nueve departamentos del pa\u00eds.<\/p>\n<p>Dijo que esos motorizados est\u00e1n incorporados entre los 2.470.000 autom\u00f3viles cuantificados como parte del parque automotor nacional hasta el 31 de diciembre de 2023, porque la falsificaci\u00f3n y la clonaci\u00f3n de documentos y placas son incontrolables en el pa\u00eds.<\/p>\n<p>Ante ese panorama, Lastra dijo que la Alcald\u00eda de La Paz reactiv\u00f3 una propuesta para el cambio de las placas de todos los motorizados que lanz\u00f3 en 2022, porque las actuales datan de hace 27 a\u00f1os y es preciso contar con nuevas que tengan medidas de seguridad m\u00e1s modernas.<\/p>\n<p>La autoridad detall\u00f3 que la iniciativa edil demandar\u00eda una inversi\u00f3n de 40 d\u00f3lares por unidad, que podr\u00eda ser compartida entre los gobiernos municipales y los propietarios de veh\u00edculos.<\/p>\n","protected":false},"excerpt":{"rendered":"<p>La directora de la Administraci\u00f3n Tributaria Municipal de La Paz, Noem\u00ed Lastra, inform\u00f3 que un estudio determin\u00f3 que cerca de 750.000 veh\u00edculos indocumentados circulan en los nueve departamentos del pa\u00eds. Dijo que esos motorizados est\u00e1n incorporados entre los 2.470.000 autom\u00f3viles cuantificados como parte del parque automotor nacional hasta el 31 de diciembre de 2023, porque [&hellip;]<\/p>\n","protected":false},"author":2,"featured_media":229487,"comment_status":"open","ping_status":"open","sticky":false,"template":"","format":"standard","meta":{"_acf_changed":false,"footnotes":""},"categories":[51],"tags":[],"class_list":["post-229486","post","type-post","status-publish","format-standard","has-post-thumbnail","category-ultima-hora"],"acf":{"antetitulo":""},"yoast_head":"<!-- This site is optimized with the Yoast SEO plugin v28.3 - https:\/\/yoast.com\/product\/yoast-seo-wordpress\/ -->\n<title>Estudio revela que 750.000 veh\u00edculos indocumentados circulan por el pa\u00eds - El Diario - Bolivia<\/title>\n<meta name=\"robots\" content=\"index, follow, max-snippet:-1, max-image-preview:large, max-video-preview:-1\" \/>\n<link rel=\"canonical\" href=\"https:\/\/www.eldiario.net\/portal\/2024\/06\/24\/estudio-revela-que-750-000-vehiculos-indocumentados-circulan-por-todo-el-pais\/\" \/>\n<meta property=\"og:locale\" content=\"es_ES\" \/>\n<meta property=\"og:type\" content=\"article\" \/>\n<meta property=\"og:title\" content=\"Estudio revela que 750.000 veh\u00edculos indocumentados circulan por el pa\u00eds - El Diario - Bolivia\" \/>\n<meta property=\"og:description\" content=\"La directora de la Administraci\u00f3n Tributaria Municipal de La Paz, Noem\u00ed Lastra, inform\u00f3 que un estudio determin\u00f3 que cerca de 750.000 veh\u00edculos indocumentados circulan en los nueve departamentos del pa\u00eds. Dijo que esos motorizados est\u00e1n incorporados entre los 2.470.000 autom\u00f3viles cuantificados como parte del parque automotor nacional hasta el 31 de diciembre de 2023, porque [&hellip;]\" \/>\n<meta property=\"og:url\" content=\"https:\/\/www.eldiario.net\/portal\/2024\/06\/24\/estudio-revela-que-750-000-vehiculos-indocumentados-circulan-por-todo-el-pais\/\" \/>\n<meta property=\"og:site_name\" content=\"El Diario - Bolivia\" \/>\n<meta property=\"article:publisher\" content=\"https:\/\/www.facebook.com\/eldiario.bolivia\/\" \/>\n<meta property=\"article:published_time\" content=\"2024-06-24T20:16:53+00:00\" \/>\n<meta property=\"article:modified_time\" content=\"2024-06-24T20:20:07+00:00\" \/>\n<meta property=\"og:image\" content=\"https:\/\/www.eldiario.net\/portal\/wp-content\/uploads\/2024\/06\/AUTOMOTOR.jpg\" \/>\n\t<meta property=\"og:image:width\" content=\"600\" \/>\n\t<meta property=\"og:image:height\" content=\"439\" \/>\n\t<meta property=\"og:image:type\" content=\"image\/jpeg\" \/>\n<meta name=\"author\" content=\"luis Camacho\" \/>\n<meta name=\"twitter:card\" content=\"summary_large_image\" \/>\n<meta name=\"twitter:creator\" content=\"@eldiario_net\" \/>\n<meta name=\"twitter:site\" content=\"@eldiario_net\" \/>\n<meta name=\"twitter:label1\" content=\"Escrito por\" \/>\n\t<meta name=\"twitter:data1\" content=\"luis Camacho\" \/>\n\t<meta name=\"twitter:label2\" content=\"Tiempo de lectura\" \/>\n\t<meta name=\"twitter:data2\" content=\"1 minuto\" \/>\n<script type=\"application\/ld+json\" class=\"yoast-schema-graph\">{\"@context\":\"https:\\\/\\\/schema.org\",\"@graph\":[{\"@type\":\"Article\",\"@id\":\"https:\\\/\\\/www.eldiario.net\\\/portal\\\/2024\\\/06\\\/24\\\/estudio-revela-que-750-000-vehiculos-indocumentados-circulan-por-todo-el-pais\\\/#article\",\"isPartOf\":{\"@id\":\"https:\\\/\\\/www.eldiario.net\\\/portal\\\/2024\\\/06\\\/24\\\/estudio-revela-que-750-000-vehiculos-indocumentados-circulan-por-todo-el-pais\\\/\"},\"author\":{\"name\":\"luis Camacho\",\"@id\":\"https:\\\/\\\/www.eldiario.net\\\/portal\\\/#\\\/schema\\\/person\\\/cab1ae4db27e5f008a62cbffb05fbfee\"},\"headline\":\"Estudio revela que 750.000 veh\u00edculos indocumentados circulan por el pa\u00eds\",\"datePublished\":\"2024-06-24T20:16:53+00:00\",\"dateModified\":\"2024-06-24T20:20:07+00:00\",\"mainEntityOfPage\":{\"@id\":\"https:\\\/\\\/www.eldiario.net\\\/portal\\\/2024\\\/06\\\/24\\\/estudio-revela-que-750-000-vehiculos-indocumentados-circulan-por-todo-el-pais\\\/\"},\"wordCount\":166,\"commentCount\":0,\"publisher\":{\"@id\":\"https:\\\/\\\/www.eldiario.net\\\/portal\\\/#organization\"},\"image\":{\"@id\":\"https:\\\/\\\/www.eldiario.net\\\/portal\\\/2024\\\/06\\\/24\\\/estudio-revela-que-750-000-vehiculos-indocumentados-circulan-por-todo-el-pais\\\/#primaryimage\"},\"thumbnailUrl\":\"https:\\\/\\\/www.eldiario.net\\\/portal\\\/wp-content\\\/uploads\\\/2024\\\/06\\\/AUTOMOTOR.jpg\",\"articleSection\":[\"\u00daltima Hora\"],\"inLanguage\":\"es\",\"potentialAction\":[{\"@type\":\"CommentAction\",\"name\":\"Comment\",\"target\":[\"https:\\\/\\\/www.eldiario.net\\\/portal\\\/2024\\\/06\\\/24\\\/estudio-revela-que-750-000-vehiculos-indocumentados-circulan-por-todo-el-pais\\\/#respond\"]}]},{\"@type\":\"WebPage\",\"@id\":\"https:\\\/\\\/www.eldiario.net\\\/portal\\\/2024\\\/06\\\/24\\\/estudio-revela-que-750-000-vehiculos-indocumentados-circulan-por-todo-el-pais\\\/\",\"url\":\"https:\\\/\\\/www.eldiario.net\\\/portal\\\/2024\\\/06\\\/24\\\/estudio-revela-que-750-000-vehiculos-indocumentados-circulan-por-todo-el-pais\\\/\",\"name\":\"Estudio revela que 750.000 veh\u00edculos indocumentados circulan por el pa\u00eds - El Diario - Bolivia\",\"isPartOf\":{\"@id\":\"https:\\\/\\\/www.eldiario.net\\\/portal\\\/#website\"},\"primaryImageOfPage\":{\"@id\":\"https:\\\/\\\/www.eldiario.net\\\/portal\\\/2024\\\/06\\\/24\\\/estudio-revela-que-750-000-vehiculos-indocumentados-circulan-por-todo-el-pais\\\/#primaryimage\"},\"image\":{\"@id\":\"https:\\\/\\\/www.eldiario.net\\\/portal\\\/2024\\\/06\\\/24\\\/estudio-revela-que-750-000-vehiculos-indocumentados-circulan-por-todo-el-pais\\\/#primaryimage\"},\"thumbnailUrl\":\"https:\\\/\\\/www.eldiario.net\\\/portal\\\/wp-content\\\/uploads\\\/2024\\\/06\\\/AUTOMOTOR.jpg\",\"datePublished\":\"2024-06-24T20:16:53+00:00\",\"dateModified\":\"2024-06-24T20:20:07+00:00\",\"breadcrumb\":{\"@id\":\"https:\\\/\\\/www.eldiario.net\\\/portal\\\/2024\\\/06\\\/24\\\/estudio-revela-que-750-000-vehiculos-indocumentados-circulan-por-todo-el-pais\\\/#breadcrumb\"},\"inLanguage\":\"es\",\"potentialAction\":[{\"@type\":\"ReadAction\",\"target\":[\"https:\\\/\\\/www.eldiario.net\\\/portal\\\/2024\\\/06\\\/24\\\/estudio-revela-que-750-000-vehiculos-indocumentados-circulan-por-todo-el-pais\\\/\"]}]},{\"@type\":\"ImageObject\",\"inLanguage\":\"es\",\"@id\":\"https:\\\/\\\/www.eldiario.net\\\/portal\\\/2024\\\/06\\\/24\\\/estudio-revela-que-750-000-vehiculos-indocumentados-circulan-por-todo-el-pais\\\/#primaryimage\",\"url\":\"https:\\\/\\\/www.eldiario.net\\\/portal\\\/wp-content\\\/uploads\\\/2024\\\/06\\\/AUTOMOTOR.jpg\",\"contentUrl\":\"https:\\\/\\\/www.eldiario.net\\\/portal\\\/wp-content\\\/uploads\\\/2024\\\/06\\\/AUTOMOTOR.jpg\",\"width\":600,\"height\":439,\"caption\":\"Foto: Archivo.\"},{\"@type\":\"BreadcrumbList\",\"@id\":\"https:\\\/\\\/www.eldiario.net\\\/portal\\\/2024\\\/06\\\/24\\\/estudio-revela-que-750-000-vehiculos-indocumentados-circulan-por-todo-el-pais\\\/#breadcrumb\",\"itemListElement\":[{\"@type\":\"ListItem\",\"position\":1,\"name\":\"Portada\",\"item\":\"https:\\\/\\\/www.eldiario.net\\\/portal\\\/\"},{\"@type\":\"ListItem\",\"position\":2,\"name\":\"Estudio revela que 750.000 veh\u00edculos indocumentados circulan por el pa\u00eds\"}]},{\"@type\":\"WebSite\",\"@id\":\"https:\\\/\\\/www.eldiario.net\\\/portal\\\/#website\",\"url\":\"https:\\\/\\\/www.eldiario.net\\\/portal\\\/\",\"name\":\"El Diario - Decano de la prensa nacional\",\"description\":\"El Diario - Decano de la prensa nacional\",\"publisher\":{\"@id\":\"https:\\\/\\\/www.eldiario.net\\\/portal\\\/#organization\"},\"potentialAction\":[{\"@type\":\"SearchAction\",\"target\":{\"@type\":\"EntryPoint\",\"urlTemplate\":\"https:\\\/\\\/www.eldiario.net\\\/portal\\\/?s={search_term_string}\"},\"query-input\":{\"@type\":\"PropertyValueSpecification\",\"valueRequired\":true,\"valueName\":\"search_term_string\"}}],\"inLanguage\":\"es\"},{\"@type\":\"Organization\",\"@id\":\"https:\\\/\\\/www.eldiario.net\\\/portal\\\/#organization\",\"name\":\"El Diario - Decano de la prensa nacional\",\"url\":\"https:\\\/\\\/www.eldiario.net\\\/portal\\\/\",\"logo\":{\"@type\":\"ImageObject\",\"inLanguage\":\"es\",\"@id\":\"https:\\\/\\\/www.eldiario.net\\\/portal\\\/#\\\/schema\\\/logo\\\/image\\\/\",\"url\":\"https:\\\/\\\/www.eldiario.net\\\/portal\\\/wp-content\\\/uploads\\\/2023\\\/07\\\/logo_ED.jpg\",\"contentUrl\":\"https:\\\/\\\/www.eldiario.net\\\/portal\\\/wp-content\\\/uploads\\\/2023\\\/07\\\/logo_ED.jpg\",\"width\":272,\"height\":52,\"caption\":\"El Diario - Decano de la prensa nacional\"},\"image\":{\"@id\":\"https:\\\/\\\/www.eldiario.net\\\/portal\\\/#\\\/schema\\\/logo\\\/image\\\/\"},\"sameAs\":[\"https:\\\/\\\/www.facebook.com\\\/eldiario.bolivia\\\/\",\"https:\\\/\\\/x.com\\\/eldiario_net\"]},{\"@type\":\"Person\",\"@id\":\"https:\\\/\\\/www.eldiario.net\\\/portal\\\/#\\\/schema\\\/person\\\/cab1ae4db27e5f008a62cbffb05fbfee\",\"name\":\"luis Camacho\",\"image\":{\"@type\":\"ImageObject\",\"inLanguage\":\"es\",\"@id\":\"https:\\\/\\\/secure.gravatar.com\\\/avatar\\\/69ecb836b3826d5a2501bf06ab2a2f2c8ab211cc846758f395df21684cb38313?s=96&d=mm&r=g\",\"url\":\"https:\\\/\\\/secure.gravatar.com\\\/avatar\\\/69ecb836b3826d5a2501bf06ab2a2f2c8ab211cc846758f395df21684cb38313?s=96&d=mm&r=g\",\"contentUrl\":\"https:\\\/\\\/secure.gravatar.com\\\/avatar\\\/69ecb836b3826d5a2501bf06ab2a2f2c8ab211cc846758f395df21684cb38313?s=96&d=mm&r=g\",\"caption\":\"luis Camacho\"},\"url\":\"https:\\\/\\\/www.eldiario.net\\\/portal\\\/author\\\/luis\\\/\"}]}<\/script>\n<!-- \/ Yoast SEO plugin. -->","yoast_head_json":{"title":"Estudio revela que 750.000 veh\u00edculos indocumentados circulan por el pa\u00eds - El Diario - Bolivia","robots":{"index":"index","follow":"follow","max-snippet":"max-snippet:-1","max-image-preview":"max-image-preview:large","max-video-preview":"max-video-preview:-1"},"canonical":"https:\/\/www.eldiario.net\/portal\/2024\/06\/24\/estudio-revela-que-750-000-vehiculos-indocumentados-circulan-por-todo-el-pais\/","og_locale":"es_ES","og_type":"article","og_title":"Estudio revela que 750.000 veh\u00edculos indocumentados circulan por el pa\u00eds - El Diario - Bolivia","og_description":"La directora de la Administraci\u00f3n Tributaria Municipal de La Paz, Noem\u00ed Lastra, inform\u00f3 que un estudio determin\u00f3 que cerca de 750.000 veh\u00edculos indocumentados circulan en los nueve departamentos del pa\u00eds. Dijo que esos motorizados est\u00e1n incorporados entre los 2.470.000 autom\u00f3viles cuantificados como parte del parque automotor nacional hasta el 31 de diciembre de 2023, porque [&hellip;]","og_url":"https:\/\/www.eldiario.net\/portal\/2024\/06\/24\/estudio-revela-que-750-000-vehiculos-indocumentados-circulan-por-todo-el-pais\/","og_site_name":"El Diario - Bolivia","article_publisher":"https:\/\/www.facebook.com\/eldiario.bolivia\/","article_published_time":"2024-06-24T20:16:53+00:00","article_modified_time":"2024-06-24T20:20:07+00:00","og_image":[{"width":600,"height":439,"url":"https:\/\/www.eldiario.net\/portal\/wp-content\/uploads\/2024\/06\/AUTOMOTOR.jpg","type":"image\/jpeg"}],"author":"luis Camacho","twitter_card":"summary_large_image","twitter_creator":"@eldiario_net","twitter_site":"@eldiario_net","twitter_misc":{"Escrito por":"luis Camacho","Tiempo de lectura":"1 minuto"},"schema":{"@context":"https:\/\/schema.org","@graph":[{"@type":"Article","@id":"https:\/\/www.eldiario.net\/portal\/2024\/06\/24\/estudio-revela-que-750-000-vehiculos-indocumentados-circulan-por-todo-el-pais\/#article","isPartOf":{"@id":"https:\/\/www.eldiario.net\/portal\/2024\/06\/24\/estudio-revela-que-750-000-vehiculos-indocumentados-circulan-por-todo-el-pais\/"},"author":{"name":"luis Camacho","@id":"https:\/\/www.eldiario.net\/portal\/#\/schema\/person\/cab1ae4db27e5f008a62cbffb05fbfee"},"headline":"Estudio revela que 750.000 veh\u00edculos indocumentados circulan por el pa\u00eds","datePublished":"2024-06-24T20:16:53+00:00","dateModified":"2024-06-24T20:20:07+00:00","mainEntityOfPage":{"@id":"https:\/\/www.eldiario.net\/portal\/2024\/06\/24\/estudio-revela-que-750-000-vehiculos-indocumentados-circulan-por-todo-el-pais\/"},"wordCount":166,"commentCount":0,"publisher":{"@id":"https:\/\/www.eldiario.net\/portal\/#organization"},"image":{"@id":"https:\/\/www.eldiario.net\/portal\/2024\/06\/24\/estudio-revela-que-750-000-vehiculos-indocumentados-circulan-por-todo-el-pais\/#primaryimage"},"thumbnailUrl":"https:\/\/www.eldiario.net\/portal\/wp-content\/uploads\/2024\/06\/AUTOMOTOR.jpg","articleSection":["\u00daltima Hora"],"inLanguage":"es","potentialAction":[{"@type":"CommentAction","name":"Comment","target":["https:\/\/www.eldiario.net\/portal\/2024\/06\/24\/estudio-revela-que-750-000-vehiculos-indocumentados-circulan-por-todo-el-pais\/#respond"]}]},{"@type":"WebPage","@id":"https:\/\/www.eldiario.net\/portal\/2024\/06\/24\/estudio-revela-que-750-000-vehiculos-indocumentados-circulan-por-todo-el-pais\/","url":"https:\/\/www.eldiario.net\/portal\/2024\/06\/24\/estudio-revela-que-750-000-vehiculos-indocumentados-circulan-por-todo-el-pais\/","name":"Estudio revela que 750.000 veh\u00edculos indocumentados circulan por el pa\u00eds - El Diario - Bolivia","isPartOf":{"@id":"https:\/\/www.eldiario.net\/portal\/#website"},"primaryImageOfPage":{"@id":"https:\/\/www.eldiario.net\/portal\/2024\/06\/24\/estudio-revela-que-750-000-vehiculos-indocumentados-circulan-por-todo-el-pais\/#primaryimage"},"image":{"@id":"https:\/\/www.eldiario.net\/portal\/2024\/06\/24\/estudio-revela-que-750-000-vehiculos-indocumentados-circulan-por-todo-el-pais\/#primaryimage"},"thumbnailUrl":"https:\/\/www.eldiario.net\/portal\/wp-content\/uploads\/2024\/06\/AUTOMOTOR.jpg","datePublished":"2024-06-24T20:16:53+00:00","dateModified":"2024-06-24T20:20:07+00:00","breadcrumb":{"@id":"https:\/\/www.eldiario.net\/portal\/2024\/06\/24\/estudio-revela-que-750-000-vehiculos-indocumentados-circulan-por-todo-el-pais\/#breadcrumb"},"inLanguage":"es","potentialAction":[{"@type":"ReadAction","target":["https:\/\/www.eldiario.net\/portal\/2024\/06\/24\/estudio-revela-que-750-000-vehiculos-indocumentados-circulan-por-todo-el-pais\/"]}]},{"@type":"ImageObject","inLanguage":"es","@id":"https:\/\/www.eldiario.net\/portal\/2024\/06\/24\/estudio-revela-que-750-000-vehiculos-indocumentados-circulan-por-todo-el-pais\/#primaryimage","url":"https:\/\/www.eldiario.net\/portal\/wp-content\/uploads\/2024\/06\/AUTOMOTOR.jpg","contentUrl":"https:\/\/www.eldiario.net\/portal\/wp-content\/uploads\/2024\/06\/AUTOMOTOR.jpg","width":600,"height":439,"caption":"Foto: Archivo."},{"@type":"BreadcrumbList","@id":"https:\/\/www.eldiario.net\/portal\/2024\/06\/24\/estudio-revela-que-750-000-vehiculos-indocumentados-circulan-por-todo-el-pais\/#breadcrumb","itemListElement":[{"@type":"ListItem","position":1,"name":"Portada","item":"https:\/\/www.eldiario.net\/portal\/"},{"@type":"ListItem","position":2,"name":"Estudio revela que 750.000 veh\u00edculos indocumentados circulan por el pa\u00eds"}]},{"@type":"WebSite","@id":"https:\/\/www.eldiario.net\/portal\/#website","url":"https:\/\/www.eldiario.net\/portal\/","name":"El Diario - Decano de la prensa nacional","description":"El Diario - Decano de la prensa nacional","publisher":{"@id":"https:\/\/www.eldiario.net\/portal\/#organization"},"potentialAction":[{"@type":"SearchAction","target":{"@type":"EntryPoint","urlTemplate":"https:\/\/www.eldiario.net\/portal\/?s={search_term_string}"},"query-input":{"@type":"PropertyValueSpecification","valueRequired":true,"valueName":"search_term_string"}}],"inLanguage":"es"},{"@type":"Organization","@id":"https:\/\/www.eldiario.net\/portal\/#organization","name":"El Diario - Decano de la prensa nacional","url":"https:\/\/www.eldiario.net\/portal\/","logo":{"@type":"ImageObject","inLanguage":"es","@id":"https:\/\/www.eldiario.net\/portal\/#\/schema\/logo\/image\/","url":"https:\/\/www.eldiario.net\/portal\/wp-content\/uploads\/2023\/07\/logo_ED.jpg","contentUrl":"https:\/\/www.eldiario.net\/portal\/wp-content\/uploads\/2023\/07\/logo_ED.jpg","width":272,"height":52,"caption":"El Diario - Decano de la prensa nacional"},"image":{"@id":"https:\/\/www.eldiario.net\/portal\/#\/schema\/logo\/image\/"},"sameAs":["https:\/\/www.facebook.com\/eldiario.bolivia\/","https:\/\/x.com\/eldiario_net"]},{"@type":"Person","@id":"https:\/\/www.eldiario.net\/portal\/#\/schema\/person\/cab1ae4db27e5f008a62cbffb05fbfee","name":"luis Camacho","image":{"@type":"ImageObject","inLanguage":"es","@id":"https:\/\/secure.gravatar.com\/avatar\/69ecb836b3826d5a2501bf06ab2a2f2c8ab211cc846758f395df21684cb38313?s=96&d=mm&r=g","url":"https:\/\/secure.gravatar.com\/avatar\/69ecb836b3826d5a2501bf06ab2a2f2c8ab211cc846758f395df21684cb38313?s=96&d=mm&r=g","contentUrl":"https:\/\/secure.gravatar.com\/avatar\/69ecb836b3826d5a2501bf06ab2a2f2c8ab211cc846758f395df21684cb38313?s=96&d=mm&r=g","caption":"luis Camacho"},"url":"https:\/\/www.eldiario.net\/portal\/author\/luis\/"}]}},"_links":{"self":[{"href":"https:\/\/www.eldiario.net\/portal\/wp-json\/wp\/v2\/posts\/229486","targetHints":{"allow":["GET"]}}],"collection":[{"href":"https:\/\/www.eldiario.net\/portal\/wp-json\/wp\/v2\/posts"}],"about":[{"href":"https:\/\/www.eldiario.net\/portal\/wp-json\/wp\/v2\/types\/post"}],"author":[{"embeddable":true,"href":"https:\/\/www.eldiario.net\/portal\/wp-json\/wp\/v2\/users\/2"}],"replies":[{"embeddable":true,"href":"https:\/\/www.eldiario.net\/portal\/wp-json\/wp\/v2\/comments?post=229486"}],"version-history":[{"count":2,"href":"https:\/\/www.eldiario.net\/portal\/wp-json\/wp\/v2\/posts\/229486\/revisions"}],"predecessor-version":[{"id":229489,"href":"https:\/\/www.eldiario.net\/portal\/wp-json\/wp\/v2\/posts\/229486\/revisions\/229489"}],"wp:featuredmedia":[{"embeddable":true,"href":"https:\/\/www.eldiario.net\/portal\/wp-json\/wp\/v2\/media\/229487"}],"wp:attachment":[{"href":"https:\/\/www.eldiario.net\/portal\/wp-json\/wp\/v2\/media?parent=229486"}],"wp:term":[{"taxonomy":"category","embeddable":true,"href":"https:\/\/www.eldiario.net\/portal\/wp-json\/wp\/v2\/categories?post=229486"},{"taxonomy":"post_tag","embeddable":true,"href":"https:\/\/www.eldiario.net\/portal\/wp-json\/wp\/v2\/tags?post=229486"}],"curies":[{"name":"wp","href":"https:\/\/api.w.org\/{rel}","templated":true}]}}