{"id":22939,"date":"2021-08-12T05:59:38","date_gmt":"2021-08-12T09:59:38","guid":{"rendered":"https:\/\/www.eldiario.net\/portal\/?p=22939"},"modified":"2021-08-12T05:59:38","modified_gmt":"2021-08-12T09:59:38","slug":"ypfb-y-agroindustria-avanzan-dialogo-para-compra-de-etanol","status":"publish","type":"post","link":"https:\/\/www.eldiario.net\/portal\/2021\/08\/12\/ypfb-y-agroindustria-avanzan-dialogo-para-compra-de-etanol\/","title":{"rendered":"YPFB y agroindustria avanzan di\u00e1logo para compra de etanol"},"content":{"rendered":"<p>Yacimientos Petrol\u00edferos Fiscales Bolivianos (YPFB) y el sector agroindustrial avanzan en el di\u00e1logo que se sostiene orientado a incrementar los niveles de compra de etanol por parte del Estado. Como resultado inicial se acord\u00f3 que desde septiembre la compra de este carburante se incremente de 7.5 a 12.5 millones de litros de etanol por mes.<\/p>\n<p>&nbsp;<\/p>\n<p>La informaci\u00f3n fue proporcionada por el presidente de la petrolera estatal, Wilson Zelaya, quien, en di\u00e1logo con radio Panamericana, explic\u00f3 que en los pasados dos cuatrimestres del a\u00f1o, YPFB compr\u00f3 aproximadamente una media de 7.5 millones de litros por mes, como se program\u00f3 inicialmente, con lo que estamos en un promedio anual de 90 millones de litros, por encima del consumo del a\u00f1o pasado, que fue 70 millones. Esto representa un incremento aproximado de 28% en la compra de etanol\u201d.<\/p>\n<p>El a\u00f1o pasado por la paralizaci\u00f3n de las actividades econ\u00f3micas, se frenaron las compras y se prioriz\u00f3 la salud, a la que se destin\u00f3 la mayor parte de los recursos, y los asamble\u00edstas del MAS evitaron la adquisici\u00f3n de deuda externa.<\/p>\n<p>&nbsp;<\/p>\n<p>Zelaya agreg\u00f3 que en labor conjunta entre el Ministerio de Hidrocarburos y Energ\u00edas (MHE), la Agencia Nacional de Hidrocarburos (ANH), YPFB, la Asociaci\u00f3n de Surtidores de Gasolina (ASOSUR) y el sector agroindustrial, se defini\u00f3 que, para el tercer cuatrimestre, septiembre-diciembre de este a\u00f1o, \u201ccompraremos a raz\u00f3n de 110 millones de litros por a\u00f1o, esto es 12,5 millones de litros por mes. Un incremento del 67 % con respecto a los anteriores cuatrimestres. Y si comparamos con el a\u00f1o pasado estar\u00edamos superando el 57 por ciento, lo cual nos place mucho\u201d, acot\u00f3.<\/p>\n<p>La semana pasada el sector exig\u00eda el pago por la venta de etanol y un aumento del volumen, de 150 millones de litros para la presente gesti\u00f3n, y un nuevo contrato para la venta de etanol.<\/p>\n<p>Finalmente, Wilson Zelaya inform\u00f3 que se instalar\u00e1 una mesa t\u00e9cnica de trabajo entre el Viceministerio de Hidrocarburos y el Ministerio de Econom\u00eda y Finanzas P\u00fablicas para buscar alternativas destinadas a la masificaci\u00f3n del uso de etanol. Se espera que de esta instancia surjan m\u00e1s oportunidades para sustituir gradualmente las importaciones de gasolina.<\/p>\n","protected":false},"excerpt":{"rendered":"<p>Yacimientos Petrol\u00edferos Fiscales Bolivianos (YPFB) y el sector agroindustrial avanzan en el di\u00e1logo que se sostiene orientado a incrementar los niveles de compra de etanol por parte del Estado. Como resultado inicial se acord\u00f3 que desde septiembre la compra de este carburante se incremente de 7.5 a 12.5 millones de litros de etanol por mes. [&hellip;]<\/p>\n","protected":false},"author":1,"featured_media":22940,"comment_status":"closed","ping_status":"closed","sticky":false,"template":"","format":"standard","meta":{"_acf_changed":false,"footnotes":""},"categories":[7],"tags":[],"class_list":["post-22939","post","type-post","status-publish","format-standard","has-post-thumbnail","category-economia"],"acf":{"antetitulo":""},"yoast_head":"<!-- This site is optimized with the Yoast SEO plugin v28.3 - https:\/\/yoast.com\/product\/yoast-seo-wordpress\/ -->\n<title>YPFB y agroindustria avanzan di\u00e1logo para compra de etanol - El Diario - Bolivia<\/title>\n<meta name=\"robots\" content=\"index, follow, max-snippet:-1, max-image-preview:large, max-video-preview:-1\" \/>\n<link rel=\"canonical\" href=\"https:\/\/www.eldiario.net\/portal\/2021\/08\/12\/ypfb-y-agroindustria-avanzan-dialogo-para-compra-de-etanol\/\" \/>\n<meta property=\"og:locale\" content=\"es_ES\" \/>\n<meta property=\"og:type\" content=\"article\" \/>\n<meta property=\"og:title\" content=\"YPFB y agroindustria avanzan di\u00e1logo para compra de etanol - El Diario - Bolivia\" \/>\n<meta property=\"og:description\" content=\"Yacimientos Petrol\u00edferos Fiscales Bolivianos (YPFB) y el sector agroindustrial avanzan en el di\u00e1logo que se sostiene orientado a incrementar los niveles de compra de etanol por parte del Estado. Como resultado inicial se acord\u00f3 que desde septiembre la compra de este carburante se incremente de 7.5 a 12.5 millones de litros de etanol por mes. [&hellip;]\" \/>\n<meta property=\"og:url\" content=\"https:\/\/www.eldiario.net\/portal\/2021\/08\/12\/ypfb-y-agroindustria-avanzan-dialogo-para-compra-de-etanol\/\" \/>\n<meta property=\"og:site_name\" content=\"El Diario - Bolivia\" \/>\n<meta property=\"article:publisher\" content=\"https:\/\/www.facebook.com\/eldiario.bolivia\/\" \/>\n<meta property=\"article:published_time\" content=\"2021-08-12T09:59:38+00:00\" \/>\n<meta name=\"author\" content=\"Jeanette\" \/>\n<meta name=\"twitter:card\" content=\"summary_large_image\" \/>\n<meta name=\"twitter:creator\" content=\"@eldiario_net\" \/>\n<meta name=\"twitter:site\" content=\"@eldiario_net\" \/>\n<meta name=\"twitter:label1\" content=\"Escrito por\" \/>\n\t<meta name=\"twitter:data1\" content=\"Jeanette\" \/>\n\t<meta name=\"twitter:label2\" content=\"Tiempo de lectura\" \/>\n\t<meta name=\"twitter:data2\" content=\"2 minutos\" \/>\n<script type=\"application\/ld+json\" class=\"yoast-schema-graph\">{\"@context\":\"https:\\\/\\\/schema.org\",\"@graph\":[{\"@type\":\"Article\",\"@id\":\"https:\\\/\\\/www.eldiario.net\\\/portal\\\/2021\\\/08\\\/12\\\/ypfb-y-agroindustria-avanzan-dialogo-para-compra-de-etanol\\\/#article\",\"isPartOf\":{\"@id\":\"https:\\\/\\\/www.eldiario.net\\\/portal\\\/2021\\\/08\\\/12\\\/ypfb-y-agroindustria-avanzan-dialogo-para-compra-de-etanol\\\/\"},\"author\":{\"name\":\"Jeanette\",\"@id\":\"https:\\\/\\\/www.eldiario.net\\\/portal\\\/#\\\/schema\\\/person\\\/f46445640444750d7d753ccd04ae01b7\"},\"headline\":\"YPFB y agroindustria avanzan di\u00e1logo para compra de etanol\",\"datePublished\":\"2021-08-12T09:59:38+00:00\",\"mainEntityOfPage\":{\"@id\":\"https:\\\/\\\/www.eldiario.net\\\/portal\\\/2021\\\/08\\\/12\\\/ypfb-y-agroindustria-avanzan-dialogo-para-compra-de-etanol\\\/\"},\"wordCount\":380,\"publisher\":{\"@id\":\"https:\\\/\\\/www.eldiario.net\\\/portal\\\/#organization\"},\"image\":{\"@id\":\"https:\\\/\\\/www.eldiario.net\\\/portal\\\/2021\\\/08\\\/12\\\/ypfb-y-agroindustria-avanzan-dialogo-para-compra-de-etanol\\\/#primaryimage\"},\"thumbnailUrl\":\"\",\"articleSection\":[\"Econom\u00eda\"],\"inLanguage\":\"es\"},{\"@type\":\"WebPage\",\"@id\":\"https:\\\/\\\/www.eldiario.net\\\/portal\\\/2021\\\/08\\\/12\\\/ypfb-y-agroindustria-avanzan-dialogo-para-compra-de-etanol\\\/\",\"url\":\"https:\\\/\\\/www.eldiario.net\\\/portal\\\/2021\\\/08\\\/12\\\/ypfb-y-agroindustria-avanzan-dialogo-para-compra-de-etanol\\\/\",\"name\":\"YPFB y agroindustria avanzan di\u00e1logo para compra de etanol - El Diario - Bolivia\",\"isPartOf\":{\"@id\":\"https:\\\/\\\/www.eldiario.net\\\/portal\\\/#website\"},\"primaryImageOfPage\":{\"@id\":\"https:\\\/\\\/www.eldiario.net\\\/portal\\\/2021\\\/08\\\/12\\\/ypfb-y-agroindustria-avanzan-dialogo-para-compra-de-etanol\\\/#primaryimage\"},\"image\":{\"@id\":\"https:\\\/\\\/www.eldiario.net\\\/portal\\\/2021\\\/08\\\/12\\\/ypfb-y-agroindustria-avanzan-dialogo-para-compra-de-etanol\\\/#primaryimage\"},\"thumbnailUrl\":\"\",\"datePublished\":\"2021-08-12T09:59:38+00:00\",\"breadcrumb\":{\"@id\":\"https:\\\/\\\/www.eldiario.net\\\/portal\\\/2021\\\/08\\\/12\\\/ypfb-y-agroindustria-avanzan-dialogo-para-compra-de-etanol\\\/#breadcrumb\"},\"inLanguage\":\"es\",\"potentialAction\":[{\"@type\":\"ReadAction\",\"target\":[\"https:\\\/\\\/www.eldiario.net\\\/portal\\\/2021\\\/08\\\/12\\\/ypfb-y-agroindustria-avanzan-dialogo-para-compra-de-etanol\\\/\"]}]},{\"@type\":\"ImageObject\",\"inLanguage\":\"es\",\"@id\":\"https:\\\/\\\/www.eldiario.net\\\/portal\\\/2021\\\/08\\\/12\\\/ypfb-y-agroindustria-avanzan-dialogo-para-compra-de-etanol\\\/#primaryimage\",\"url\":\"\",\"contentUrl\":\"\"},{\"@type\":\"BreadcrumbList\",\"@id\":\"https:\\\/\\\/www.eldiario.net\\\/portal\\\/2021\\\/08\\\/12\\\/ypfb-y-agroindustria-avanzan-dialogo-para-compra-de-etanol\\\/#breadcrumb\",\"itemListElement\":[{\"@type\":\"ListItem\",\"position\":1,\"name\":\"Portada\",\"item\":\"https:\\\/\\\/www.eldiario.net\\\/portal\\\/\"},{\"@type\":\"ListItem\",\"position\":2,\"name\":\"YPFB y agroindustria avanzan di\u00e1logo para compra de etanol\"}]},{\"@type\":\"WebSite\",\"@id\":\"https:\\\/\\\/www.eldiario.net\\\/portal\\\/#website\",\"url\":\"https:\\\/\\\/www.eldiario.net\\\/portal\\\/\",\"name\":\"El Diario - Decano de la prensa nacional\",\"description\":\"El Diario - Decano de la prensa nacional\",\"publisher\":{\"@id\":\"https:\\\/\\\/www.eldiario.net\\\/portal\\\/#organization\"},\"potentialAction\":[{\"@type\":\"SearchAction\",\"target\":{\"@type\":\"EntryPoint\",\"urlTemplate\":\"https:\\\/\\\/www.eldiario.net\\\/portal\\\/?s={search_term_string}\"},\"query-input\":{\"@type\":\"PropertyValueSpecification\",\"valueRequired\":true,\"valueName\":\"search_term_string\"}}],\"inLanguage\":\"es\"},{\"@type\":\"Organization\",\"@id\":\"https:\\\/\\\/www.eldiario.net\\\/portal\\\/#organization\",\"name\":\"El Diario - Decano de la prensa nacional\",\"url\":\"https:\\\/\\\/www.eldiario.net\\\/portal\\\/\",\"logo\":{\"@type\":\"ImageObject\",\"inLanguage\":\"es\",\"@id\":\"https:\\\/\\\/www.eldiario.net\\\/portal\\\/#\\\/schema\\\/logo\\\/image\\\/\",\"url\":\"https:\\\/\\\/www.eldiario.net\\\/portal\\\/wp-content\\\/uploads\\\/2023\\\/07\\\/logo_ED.jpg\",\"contentUrl\":\"https:\\\/\\\/www.eldiario.net\\\/portal\\\/wp-content\\\/uploads\\\/2023\\\/07\\\/logo_ED.jpg\",\"width\":272,\"height\":52,\"caption\":\"El Diario - Decano de la prensa nacional\"},\"image\":{\"@id\":\"https:\\\/\\\/www.eldiario.net\\\/portal\\\/#\\\/schema\\\/logo\\\/image\\\/\"},\"sameAs\":[\"https:\\\/\\\/www.facebook.com\\\/eldiario.bolivia\\\/\",\"https:\\\/\\\/x.com\\\/eldiario_net\"]},{\"@type\":\"Person\",\"@id\":\"https:\\\/\\\/www.eldiario.net\\\/portal\\\/#\\\/schema\\\/person\\\/f46445640444750d7d753ccd04ae01b7\",\"name\":\"Jeanette\",\"image\":{\"@type\":\"ImageObject\",\"inLanguage\":\"es\",\"@id\":\"https:\\\/\\\/secure.gravatar.com\\\/avatar\\\/3ea2118a5f7dad2b7138b1187a6b7ee55f160b9968b66013c3a3ef39dd7e5798?s=96&d=mm&r=g\",\"url\":\"https:\\\/\\\/secure.gravatar.com\\\/avatar\\\/3ea2118a5f7dad2b7138b1187a6b7ee55f160b9968b66013c3a3ef39dd7e5798?s=96&d=mm&r=g\",\"contentUrl\":\"https:\\\/\\\/secure.gravatar.com\\\/avatar\\\/3ea2118a5f7dad2b7138b1187a6b7ee55f160b9968b66013c3a3ef39dd7e5798?s=96&d=mm&r=g\",\"caption\":\"Jeanette\"},\"sameAs\":[\"https:\\\/\\\/www.eldiario.net\\\/portal\"],\"url\":\"https:\\\/\\\/www.eldiario.net\\\/portal\\\/author\\\/jeanette\\\/\"}]}<\/script>\n<!-- \/ Yoast SEO plugin. -->","yoast_head_json":{"title":"YPFB y agroindustria avanzan di\u00e1logo para compra de etanol - El Diario - Bolivia","robots":{"index":"index","follow":"follow","max-snippet":"max-snippet:-1","max-image-preview":"max-image-preview:large","max-video-preview":"max-video-preview:-1"},"canonical":"https:\/\/www.eldiario.net\/portal\/2021\/08\/12\/ypfb-y-agroindustria-avanzan-dialogo-para-compra-de-etanol\/","og_locale":"es_ES","og_type":"article","og_title":"YPFB y agroindustria avanzan di\u00e1logo para compra de etanol - El Diario - Bolivia","og_description":"Yacimientos Petrol\u00edferos Fiscales Bolivianos (YPFB) y el sector agroindustrial avanzan en el di\u00e1logo que se sostiene orientado a incrementar los niveles de compra de etanol por parte del Estado. Como resultado inicial se acord\u00f3 que desde septiembre la compra de este carburante se incremente de 7.5 a 12.5 millones de litros de etanol por mes. [&hellip;]","og_url":"https:\/\/www.eldiario.net\/portal\/2021\/08\/12\/ypfb-y-agroindustria-avanzan-dialogo-para-compra-de-etanol\/","og_site_name":"El Diario - Bolivia","article_publisher":"https:\/\/www.facebook.com\/eldiario.bolivia\/","article_published_time":"2021-08-12T09:59:38+00:00","author":"Jeanette","twitter_card":"summary_large_image","twitter_creator":"@eldiario_net","twitter_site":"@eldiario_net","twitter_misc":{"Escrito por":"Jeanette","Tiempo de lectura":"2 minutos"},"schema":{"@context":"https:\/\/schema.org","@graph":[{"@type":"Article","@id":"https:\/\/www.eldiario.net\/portal\/2021\/08\/12\/ypfb-y-agroindustria-avanzan-dialogo-para-compra-de-etanol\/#article","isPartOf":{"@id":"https:\/\/www.eldiario.net\/portal\/2021\/08\/12\/ypfb-y-agroindustria-avanzan-dialogo-para-compra-de-etanol\/"},"author":{"name":"Jeanette","@id":"https:\/\/www.eldiario.net\/portal\/#\/schema\/person\/f46445640444750d7d753ccd04ae01b7"},"headline":"YPFB y agroindustria avanzan di\u00e1logo para compra de etanol","datePublished":"2021-08-12T09:59:38+00:00","mainEntityOfPage":{"@id":"https:\/\/www.eldiario.net\/portal\/2021\/08\/12\/ypfb-y-agroindustria-avanzan-dialogo-para-compra-de-etanol\/"},"wordCount":380,"publisher":{"@id":"https:\/\/www.eldiario.net\/portal\/#organization"},"image":{"@id":"https:\/\/www.eldiario.net\/portal\/2021\/08\/12\/ypfb-y-agroindustria-avanzan-dialogo-para-compra-de-etanol\/#primaryimage"},"thumbnailUrl":"","articleSection":["Econom\u00eda"],"inLanguage":"es"},{"@type":"WebPage","@id":"https:\/\/www.eldiario.net\/portal\/2021\/08\/12\/ypfb-y-agroindustria-avanzan-dialogo-para-compra-de-etanol\/","url":"https:\/\/www.eldiario.net\/portal\/2021\/08\/12\/ypfb-y-agroindustria-avanzan-dialogo-para-compra-de-etanol\/","name":"YPFB y agroindustria avanzan di\u00e1logo para compra de etanol - El Diario - Bolivia","isPartOf":{"@id":"https:\/\/www.eldiario.net\/portal\/#website"},"primaryImageOfPage":{"@id":"https:\/\/www.eldiario.net\/portal\/2021\/08\/12\/ypfb-y-agroindustria-avanzan-dialogo-para-compra-de-etanol\/#primaryimage"},"image":{"@id":"https:\/\/www.eldiario.net\/portal\/2021\/08\/12\/ypfb-y-agroindustria-avanzan-dialogo-para-compra-de-etanol\/#primaryimage"},"thumbnailUrl":"","datePublished":"2021-08-12T09:59:38+00:00","breadcrumb":{"@id":"https:\/\/www.eldiario.net\/portal\/2021\/08\/12\/ypfb-y-agroindustria-avanzan-dialogo-para-compra-de-etanol\/#breadcrumb"},"inLanguage":"es","potentialAction":[{"@type":"ReadAction","target":["https:\/\/www.eldiario.net\/portal\/2021\/08\/12\/ypfb-y-agroindustria-avanzan-dialogo-para-compra-de-etanol\/"]}]},{"@type":"ImageObject","inLanguage":"es","@id":"https:\/\/www.eldiario.net\/portal\/2021\/08\/12\/ypfb-y-agroindustria-avanzan-dialogo-para-compra-de-etanol\/#primaryimage","url":"","contentUrl":""},{"@type":"BreadcrumbList","@id":"https:\/\/www.eldiario.net\/portal\/2021\/08\/12\/ypfb-y-agroindustria-avanzan-dialogo-para-compra-de-etanol\/#breadcrumb","itemListElement":[{"@type":"ListItem","position":1,"name":"Portada","item":"https:\/\/www.eldiario.net\/portal\/"},{"@type":"ListItem","position":2,"name":"YPFB y agroindustria avanzan di\u00e1logo para compra de etanol"}]},{"@type":"WebSite","@id":"https:\/\/www.eldiario.net\/portal\/#website","url":"https:\/\/www.eldiario.net\/portal\/","name":"El Diario - Decano de la prensa nacional","description":"El Diario - Decano de la prensa nacional","publisher":{"@id":"https:\/\/www.eldiario.net\/portal\/#organization"},"potentialAction":[{"@type":"SearchAction","target":{"@type":"EntryPoint","urlTemplate":"https:\/\/www.eldiario.net\/portal\/?s={search_term_string}"},"query-input":{"@type":"PropertyValueSpecification","valueRequired":true,"valueName":"search_term_string"}}],"inLanguage":"es"},{"@type":"Organization","@id":"https:\/\/www.eldiario.net\/portal\/#organization","name":"El Diario - Decano de la prensa nacional","url":"https:\/\/www.eldiario.net\/portal\/","logo":{"@type":"ImageObject","inLanguage":"es","@id":"https:\/\/www.eldiario.net\/portal\/#\/schema\/logo\/image\/","url":"https:\/\/www.eldiario.net\/portal\/wp-content\/uploads\/2023\/07\/logo_ED.jpg","contentUrl":"https:\/\/www.eldiario.net\/portal\/wp-content\/uploads\/2023\/07\/logo_ED.jpg","width":272,"height":52,"caption":"El Diario - Decano de la prensa nacional"},"image":{"@id":"https:\/\/www.eldiario.net\/portal\/#\/schema\/logo\/image\/"},"sameAs":["https:\/\/www.facebook.com\/eldiario.bolivia\/","https:\/\/x.com\/eldiario_net"]},{"@type":"Person","@id":"https:\/\/www.eldiario.net\/portal\/#\/schema\/person\/f46445640444750d7d753ccd04ae01b7","name":"Jeanette","image":{"@type":"ImageObject","inLanguage":"es","@id":"https:\/\/secure.gravatar.com\/avatar\/3ea2118a5f7dad2b7138b1187a6b7ee55f160b9968b66013c3a3ef39dd7e5798?s=96&d=mm&r=g","url":"https:\/\/secure.gravatar.com\/avatar\/3ea2118a5f7dad2b7138b1187a6b7ee55f160b9968b66013c3a3ef39dd7e5798?s=96&d=mm&r=g","contentUrl":"https:\/\/secure.gravatar.com\/avatar\/3ea2118a5f7dad2b7138b1187a6b7ee55f160b9968b66013c3a3ef39dd7e5798?s=96&d=mm&r=g","caption":"Jeanette"},"sameAs":["https:\/\/www.eldiario.net\/portal"],"url":"https:\/\/www.eldiario.net\/portal\/author\/jeanette\/"}]}},"_links":{"self":[{"href":"https:\/\/www.eldiario.net\/portal\/wp-json\/wp\/v2\/posts\/22939","targetHints":{"allow":["GET"]}}],"collection":[{"href":"https:\/\/www.eldiario.net\/portal\/wp-json\/wp\/v2\/posts"}],"about":[{"href":"https:\/\/www.eldiario.net\/portal\/wp-json\/wp\/v2\/types\/post"}],"author":[{"embeddable":true,"href":"https:\/\/www.eldiario.net\/portal\/wp-json\/wp\/v2\/users\/1"}],"replies":[{"embeddable":true,"href":"https:\/\/www.eldiario.net\/portal\/wp-json\/wp\/v2\/comments?post=22939"}],"version-history":[{"count":0,"href":"https:\/\/www.eldiario.net\/portal\/wp-json\/wp\/v2\/posts\/22939\/revisions"}],"wp:attachment":[{"href":"https:\/\/www.eldiario.net\/portal\/wp-json\/wp\/v2\/media?parent=22939"}],"wp:term":[{"taxonomy":"category","embeddable":true,"href":"https:\/\/www.eldiario.net\/portal\/wp-json\/wp\/v2\/categories?post=22939"},{"taxonomy":"post_tag","embeddable":true,"href":"https:\/\/www.eldiario.net\/portal\/wp-json\/wp\/v2\/tags?post=22939"}],"curies":[{"name":"wp","href":"https:\/\/api.w.org\/{rel}","templated":true}]}}