{"id":22936,"date":"2021-08-12T05:58:40","date_gmt":"2021-08-12T09:58:40","guid":{"rendered":"https:\/\/www.eldiario.net\/portal\/?p=22936"},"modified":"2021-08-12T05:58:40","modified_gmt":"2021-08-12T09:58:40","slug":"disputa-de-dirigentes-de-fejuves-perjudica-ejecucion-de-obras","status":"publish","type":"post","link":"https:\/\/www.eldiario.net\/portal\/2021\/08\/12\/disputa-de-dirigentes-de-fejuves-perjudica-ejecucion-de-obras\/","title":{"rendered":"Disputa de dirigentes de Fejuves  perjudica ejecuci\u00f3n de obras"},"content":{"rendered":"<p>Los vecinos de base y dirigentes de la Ciudad de El Alto denunciaron que las disputas de legitimidad entre dos fejuves de esa urbe perjudican la ejecuci\u00f3n de obras y la elaboraci\u00f3n de proyectos, ya que los supuestos representantes pretenden ejercer cargos por intereses personales y pol\u00edticos.<\/p>\n<p>La continuidad de este conflicto entre ambas organizaciones que, de manera perjudicial para las aspiraciones de los diferentes barrios alte\u00f1os, es repudiado por los habitantes de esta ciudad, poniendo en claro que el \u00fanico inter\u00e9s que tienen los representantes de las dos fejuves, un inter\u00e9s personal y pol\u00edtico, debido a que ambos son afines al partido en funci\u00f3n de gobierno.<\/p>\n<p>\u201cLamentablemente es una verg\u00fcenza que contin\u00faen con este tipo de actitudes, porque en d\u00edas pasados llegaron hasta las agresiones f\u00edsicas, sin tener en cuenta que, con estos hechos bochornosos, lo \u00fanico que hacen estas personas que dicen ser representantes de la Federaci\u00f3n de Juntas Vecinales, es perjudicar todo lo que en este momento nuestra ciudad necesita en cuanto a obras\u201d, dijo un vecino y ex dirigente del distrito 1, Elio Vargas.<\/p>\n<p>Los enfrentamientos que tuvieron lugar en d\u00edas pasados, fueron entre los llamados Fejuve del Distrito 8 y la otra parte denominada, Fejuve El Alto Sur, que tiene accionar en el mismo sector, donde el divisionismo hizo que estas dos organizaciones se enfrenten continuamente.<\/p>\n<p>Por otro lado, la disputa de adjudicarse la implementaci\u00f3n de algunas obras realizadas en el distrito 8 es tambi\u00e9n la manzana de la discordia entre ambas partes, donde en este \u00faltimo caso una de dichas fejuves, manejadas por Mario Aruquipa, denunci\u00f3 que, al intentar realizar el mantenimiento de las luminarias de uno de los barrios, fuera agredido por su similar Roberto Menacho, qui\u00e9n tambi\u00e9n se\u00f1ala ser ejecutivo de dicha instituci\u00f3n vecinal.<\/p>\n<p>De esta forma varios dirigentes del distrito 8 advirtieron que no se continuar\u00e1 permitiendo este tipo de actitudes que hacen quedar mal a la vecindad de este sector de la urbe alte\u00f1a, por lo que se declaran en estado de emergencia hasta eliminar este tipo de actitudes.<\/p>\n<p>\u201cNo es posible que continuemos peleando entre nosotros por inter\u00e9s que no son precisamente en favor de nuestros barrios, actitudes que perjudican a todo un distrito y a la Ciudad de El Alto, por eso advertimos a que no vamos a seguir permitiendo estos enfrentamientos, porque perjudica la realizaci\u00f3n de muchas obras y proyectos que en este momento necesitamos todas las zonas\u201d, dijo F\u00e9lix Chinahuanca.<\/p>\n<p>Lo extra\u00f1o de todo esto es que ambas partes pregonan que son reconocidos por la Confederaci\u00f3n Nacional de Juntas Vecinales (Conaljuve), instituci\u00f3n que reconoce a todos los directorios de juntas vecinales.<\/p>\n<p>&nbsp;<\/p>\n","protected":false},"excerpt":{"rendered":"<p>Los vecinos de base y dirigentes de la Ciudad de El Alto denunciaron que las disputas de legitimidad entre dos fejuves de esa urbe perjudican la ejecuci\u00f3n de obras y la elaboraci\u00f3n de proyectos, ya que los supuestos representantes pretenden ejercer cargos por intereses personales y pol\u00edticos. La continuidad de este conflicto entre ambas organizaciones [&hellip;]<\/p>\n","protected":false},"author":1,"featured_media":22937,"comment_status":"closed","ping_status":"closed","sticky":false,"template":"","format":"standard","meta":{"_acf_changed":false,"footnotes":""},"categories":[12],"tags":[],"class_list":["post-22936","post","type-post","status-publish","format-standard","has-post-thumbnail","category-nacional"],"acf":{"antetitulo":""},"yoast_head":"<!-- This site is optimized with the Yoast SEO plugin v28.3 - https:\/\/yoast.com\/product\/yoast-seo-wordpress\/ -->\n<title>Disputa de dirigentes de Fejuves perjudica ejecuci\u00f3n de obras - El Diario - Bolivia<\/title>\n<meta name=\"robots\" content=\"index, follow, max-snippet:-1, max-image-preview:large, max-video-preview:-1\" \/>\n<link rel=\"canonical\" href=\"https:\/\/www.eldiario.net\/portal\/2021\/08\/12\/disputa-de-dirigentes-de-fejuves-perjudica-ejecucion-de-obras\/\" \/>\n<meta property=\"og:locale\" content=\"es_ES\" \/>\n<meta property=\"og:type\" content=\"article\" \/>\n<meta property=\"og:title\" content=\"Disputa de dirigentes de Fejuves perjudica ejecuci\u00f3n de obras - El Diario - Bolivia\" \/>\n<meta property=\"og:description\" content=\"Los vecinos de base y dirigentes de la Ciudad de El Alto denunciaron que las disputas de legitimidad entre dos fejuves de esa urbe perjudican la ejecuci\u00f3n de obras y la elaboraci\u00f3n de proyectos, ya que los supuestos representantes pretenden ejercer cargos por intereses personales y pol\u00edticos. La continuidad de este conflicto entre ambas organizaciones [&hellip;]\" \/>\n<meta property=\"og:url\" content=\"https:\/\/www.eldiario.net\/portal\/2021\/08\/12\/disputa-de-dirigentes-de-fejuves-perjudica-ejecucion-de-obras\/\" \/>\n<meta property=\"og:site_name\" content=\"El Diario - Bolivia\" \/>\n<meta property=\"article:publisher\" content=\"https:\/\/www.facebook.com\/eldiario.bolivia\/\" \/>\n<meta property=\"article:published_time\" content=\"2021-08-12T09:58:40+00:00\" \/>\n<meta name=\"author\" content=\"Jeanette\" \/>\n<meta name=\"twitter:card\" content=\"summary_large_image\" \/>\n<meta name=\"twitter:creator\" content=\"@eldiario_net\" \/>\n<meta name=\"twitter:site\" content=\"@eldiario_net\" \/>\n<meta name=\"twitter:label1\" content=\"Escrito por\" \/>\n\t<meta name=\"twitter:data1\" content=\"Jeanette\" \/>\n\t<meta name=\"twitter:label2\" content=\"Tiempo de lectura\" \/>\n\t<meta name=\"twitter:data2\" content=\"2 minutos\" \/>\n<script type=\"application\/ld+json\" class=\"yoast-schema-graph\">{\"@context\":\"https:\\\/\\\/schema.org\",\"@graph\":[{\"@type\":\"Article\",\"@id\":\"https:\\\/\\\/www.eldiario.net\\\/portal\\\/2021\\\/08\\\/12\\\/disputa-de-dirigentes-de-fejuves-perjudica-ejecucion-de-obras\\\/#article\",\"isPartOf\":{\"@id\":\"https:\\\/\\\/www.eldiario.net\\\/portal\\\/2021\\\/08\\\/12\\\/disputa-de-dirigentes-de-fejuves-perjudica-ejecucion-de-obras\\\/\"},\"author\":{\"name\":\"Jeanette\",\"@id\":\"https:\\\/\\\/www.eldiario.net\\\/portal\\\/#\\\/schema\\\/person\\\/f46445640444750d7d753ccd04ae01b7\"},\"headline\":\"Disputa de dirigentes de Fejuves perjudica ejecuci\u00f3n de obras\",\"datePublished\":\"2021-08-12T09:58:40+00:00\",\"mainEntityOfPage\":{\"@id\":\"https:\\\/\\\/www.eldiario.net\\\/portal\\\/2021\\\/08\\\/12\\\/disputa-de-dirigentes-de-fejuves-perjudica-ejecucion-de-obras\\\/\"},\"wordCount\":469,\"publisher\":{\"@id\":\"https:\\\/\\\/www.eldiario.net\\\/portal\\\/#organization\"},\"image\":{\"@id\":\"https:\\\/\\\/www.eldiario.net\\\/portal\\\/2021\\\/08\\\/12\\\/disputa-de-dirigentes-de-fejuves-perjudica-ejecucion-de-obras\\\/#primaryimage\"},\"thumbnailUrl\":\"\",\"articleSection\":[\"Nacional\"],\"inLanguage\":\"es\"},{\"@type\":\"WebPage\",\"@id\":\"https:\\\/\\\/www.eldiario.net\\\/portal\\\/2021\\\/08\\\/12\\\/disputa-de-dirigentes-de-fejuves-perjudica-ejecucion-de-obras\\\/\",\"url\":\"https:\\\/\\\/www.eldiario.net\\\/portal\\\/2021\\\/08\\\/12\\\/disputa-de-dirigentes-de-fejuves-perjudica-ejecucion-de-obras\\\/\",\"name\":\"Disputa de dirigentes de Fejuves perjudica ejecuci\u00f3n de obras - El Diario - Bolivia\",\"isPartOf\":{\"@id\":\"https:\\\/\\\/www.eldiario.net\\\/portal\\\/#website\"},\"primaryImageOfPage\":{\"@id\":\"https:\\\/\\\/www.eldiario.net\\\/portal\\\/2021\\\/08\\\/12\\\/disputa-de-dirigentes-de-fejuves-perjudica-ejecucion-de-obras\\\/#primaryimage\"},\"image\":{\"@id\":\"https:\\\/\\\/www.eldiario.net\\\/portal\\\/2021\\\/08\\\/12\\\/disputa-de-dirigentes-de-fejuves-perjudica-ejecucion-de-obras\\\/#primaryimage\"},\"thumbnailUrl\":\"\",\"datePublished\":\"2021-08-12T09:58:40+00:00\",\"breadcrumb\":{\"@id\":\"https:\\\/\\\/www.eldiario.net\\\/portal\\\/2021\\\/08\\\/12\\\/disputa-de-dirigentes-de-fejuves-perjudica-ejecucion-de-obras\\\/#breadcrumb\"},\"inLanguage\":\"es\",\"potentialAction\":[{\"@type\":\"ReadAction\",\"target\":[\"https:\\\/\\\/www.eldiario.net\\\/portal\\\/2021\\\/08\\\/12\\\/disputa-de-dirigentes-de-fejuves-perjudica-ejecucion-de-obras\\\/\"]}]},{\"@type\":\"ImageObject\",\"inLanguage\":\"es\",\"@id\":\"https:\\\/\\\/www.eldiario.net\\\/portal\\\/2021\\\/08\\\/12\\\/disputa-de-dirigentes-de-fejuves-perjudica-ejecucion-de-obras\\\/#primaryimage\",\"url\":\"\",\"contentUrl\":\"\"},{\"@type\":\"BreadcrumbList\",\"@id\":\"https:\\\/\\\/www.eldiario.net\\\/portal\\\/2021\\\/08\\\/12\\\/disputa-de-dirigentes-de-fejuves-perjudica-ejecucion-de-obras\\\/#breadcrumb\",\"itemListElement\":[{\"@type\":\"ListItem\",\"position\":1,\"name\":\"Portada\",\"item\":\"https:\\\/\\\/www.eldiario.net\\\/portal\\\/\"},{\"@type\":\"ListItem\",\"position\":2,\"name\":\"Disputa de dirigentes de Fejuves perjudica ejecuci\u00f3n de obras\"}]},{\"@type\":\"WebSite\",\"@id\":\"https:\\\/\\\/www.eldiario.net\\\/portal\\\/#website\",\"url\":\"https:\\\/\\\/www.eldiario.net\\\/portal\\\/\",\"name\":\"El Diario - Decano de la prensa nacional\",\"description\":\"El Diario - Decano de la prensa nacional\",\"publisher\":{\"@id\":\"https:\\\/\\\/www.eldiario.net\\\/portal\\\/#organization\"},\"potentialAction\":[{\"@type\":\"SearchAction\",\"target\":{\"@type\":\"EntryPoint\",\"urlTemplate\":\"https:\\\/\\\/www.eldiario.net\\\/portal\\\/?s={search_term_string}\"},\"query-input\":{\"@type\":\"PropertyValueSpecification\",\"valueRequired\":true,\"valueName\":\"search_term_string\"}}],\"inLanguage\":\"es\"},{\"@type\":\"Organization\",\"@id\":\"https:\\\/\\\/www.eldiario.net\\\/portal\\\/#organization\",\"name\":\"El Diario - Decano de la prensa nacional\",\"url\":\"https:\\\/\\\/www.eldiario.net\\\/portal\\\/\",\"logo\":{\"@type\":\"ImageObject\",\"inLanguage\":\"es\",\"@id\":\"https:\\\/\\\/www.eldiario.net\\\/portal\\\/#\\\/schema\\\/logo\\\/image\\\/\",\"url\":\"https:\\\/\\\/www.eldiario.net\\\/portal\\\/wp-content\\\/uploads\\\/2023\\\/07\\\/logo_ED.jpg\",\"contentUrl\":\"https:\\\/\\\/www.eldiario.net\\\/portal\\\/wp-content\\\/uploads\\\/2023\\\/07\\\/logo_ED.jpg\",\"width\":272,\"height\":52,\"caption\":\"El Diario - Decano de la prensa nacional\"},\"image\":{\"@id\":\"https:\\\/\\\/www.eldiario.net\\\/portal\\\/#\\\/schema\\\/logo\\\/image\\\/\"},\"sameAs\":[\"https:\\\/\\\/www.facebook.com\\\/eldiario.bolivia\\\/\",\"https:\\\/\\\/x.com\\\/eldiario_net\"]},{\"@type\":\"Person\",\"@id\":\"https:\\\/\\\/www.eldiario.net\\\/portal\\\/#\\\/schema\\\/person\\\/f46445640444750d7d753ccd04ae01b7\",\"name\":\"Jeanette\",\"image\":{\"@type\":\"ImageObject\",\"inLanguage\":\"es\",\"@id\":\"https:\\\/\\\/secure.gravatar.com\\\/avatar\\\/3ea2118a5f7dad2b7138b1187a6b7ee55f160b9968b66013c3a3ef39dd7e5798?s=96&d=mm&r=g\",\"url\":\"https:\\\/\\\/secure.gravatar.com\\\/avatar\\\/3ea2118a5f7dad2b7138b1187a6b7ee55f160b9968b66013c3a3ef39dd7e5798?s=96&d=mm&r=g\",\"contentUrl\":\"https:\\\/\\\/secure.gravatar.com\\\/avatar\\\/3ea2118a5f7dad2b7138b1187a6b7ee55f160b9968b66013c3a3ef39dd7e5798?s=96&d=mm&r=g\",\"caption\":\"Jeanette\"},\"sameAs\":[\"https:\\\/\\\/www.eldiario.net\\\/portal\"],\"url\":\"https:\\\/\\\/www.eldiario.net\\\/portal\\\/author\\\/jeanette\\\/\"}]}<\/script>\n<!-- \/ Yoast SEO plugin. -->","yoast_head_json":{"title":"Disputa de dirigentes de Fejuves perjudica ejecuci\u00f3n de obras - El Diario - Bolivia","robots":{"index":"index","follow":"follow","max-snippet":"max-snippet:-1","max-image-preview":"max-image-preview:large","max-video-preview":"max-video-preview:-1"},"canonical":"https:\/\/www.eldiario.net\/portal\/2021\/08\/12\/disputa-de-dirigentes-de-fejuves-perjudica-ejecucion-de-obras\/","og_locale":"es_ES","og_type":"article","og_title":"Disputa de dirigentes de Fejuves perjudica ejecuci\u00f3n de obras - El Diario - Bolivia","og_description":"Los vecinos de base y dirigentes de la Ciudad de El Alto denunciaron que las disputas de legitimidad entre dos fejuves de esa urbe perjudican la ejecuci\u00f3n de obras y la elaboraci\u00f3n de proyectos, ya que los supuestos representantes pretenden ejercer cargos por intereses personales y pol\u00edticos. La continuidad de este conflicto entre ambas organizaciones [&hellip;]","og_url":"https:\/\/www.eldiario.net\/portal\/2021\/08\/12\/disputa-de-dirigentes-de-fejuves-perjudica-ejecucion-de-obras\/","og_site_name":"El Diario - Bolivia","article_publisher":"https:\/\/www.facebook.com\/eldiario.bolivia\/","article_published_time":"2021-08-12T09:58:40+00:00","author":"Jeanette","twitter_card":"summary_large_image","twitter_creator":"@eldiario_net","twitter_site":"@eldiario_net","twitter_misc":{"Escrito por":"Jeanette","Tiempo de lectura":"2 minutos"},"schema":{"@context":"https:\/\/schema.org","@graph":[{"@type":"Article","@id":"https:\/\/www.eldiario.net\/portal\/2021\/08\/12\/disputa-de-dirigentes-de-fejuves-perjudica-ejecucion-de-obras\/#article","isPartOf":{"@id":"https:\/\/www.eldiario.net\/portal\/2021\/08\/12\/disputa-de-dirigentes-de-fejuves-perjudica-ejecucion-de-obras\/"},"author":{"name":"Jeanette","@id":"https:\/\/www.eldiario.net\/portal\/#\/schema\/person\/f46445640444750d7d753ccd04ae01b7"},"headline":"Disputa de dirigentes de Fejuves perjudica ejecuci\u00f3n de obras","datePublished":"2021-08-12T09:58:40+00:00","mainEntityOfPage":{"@id":"https:\/\/www.eldiario.net\/portal\/2021\/08\/12\/disputa-de-dirigentes-de-fejuves-perjudica-ejecucion-de-obras\/"},"wordCount":469,"publisher":{"@id":"https:\/\/www.eldiario.net\/portal\/#organization"},"image":{"@id":"https:\/\/www.eldiario.net\/portal\/2021\/08\/12\/disputa-de-dirigentes-de-fejuves-perjudica-ejecucion-de-obras\/#primaryimage"},"thumbnailUrl":"","articleSection":["Nacional"],"inLanguage":"es"},{"@type":"WebPage","@id":"https:\/\/www.eldiario.net\/portal\/2021\/08\/12\/disputa-de-dirigentes-de-fejuves-perjudica-ejecucion-de-obras\/","url":"https:\/\/www.eldiario.net\/portal\/2021\/08\/12\/disputa-de-dirigentes-de-fejuves-perjudica-ejecucion-de-obras\/","name":"Disputa de dirigentes de Fejuves perjudica ejecuci\u00f3n de obras - El Diario - Bolivia","isPartOf":{"@id":"https:\/\/www.eldiario.net\/portal\/#website"},"primaryImageOfPage":{"@id":"https:\/\/www.eldiario.net\/portal\/2021\/08\/12\/disputa-de-dirigentes-de-fejuves-perjudica-ejecucion-de-obras\/#primaryimage"},"image":{"@id":"https:\/\/www.eldiario.net\/portal\/2021\/08\/12\/disputa-de-dirigentes-de-fejuves-perjudica-ejecucion-de-obras\/#primaryimage"},"thumbnailUrl":"","datePublished":"2021-08-12T09:58:40+00:00","breadcrumb":{"@id":"https:\/\/www.eldiario.net\/portal\/2021\/08\/12\/disputa-de-dirigentes-de-fejuves-perjudica-ejecucion-de-obras\/#breadcrumb"},"inLanguage":"es","potentialAction":[{"@type":"ReadAction","target":["https:\/\/www.eldiario.net\/portal\/2021\/08\/12\/disputa-de-dirigentes-de-fejuves-perjudica-ejecucion-de-obras\/"]}]},{"@type":"ImageObject","inLanguage":"es","@id":"https:\/\/www.eldiario.net\/portal\/2021\/08\/12\/disputa-de-dirigentes-de-fejuves-perjudica-ejecucion-de-obras\/#primaryimage","url":"","contentUrl":""},{"@type":"BreadcrumbList","@id":"https:\/\/www.eldiario.net\/portal\/2021\/08\/12\/disputa-de-dirigentes-de-fejuves-perjudica-ejecucion-de-obras\/#breadcrumb","itemListElement":[{"@type":"ListItem","position":1,"name":"Portada","item":"https:\/\/www.eldiario.net\/portal\/"},{"@type":"ListItem","position":2,"name":"Disputa de dirigentes de Fejuves perjudica ejecuci\u00f3n de obras"}]},{"@type":"WebSite","@id":"https:\/\/www.eldiario.net\/portal\/#website","url":"https:\/\/www.eldiario.net\/portal\/","name":"El Diario - Decano de la prensa nacional","description":"El Diario - Decano de la prensa nacional","publisher":{"@id":"https:\/\/www.eldiario.net\/portal\/#organization"},"potentialAction":[{"@type":"SearchAction","target":{"@type":"EntryPoint","urlTemplate":"https:\/\/www.eldiario.net\/portal\/?s={search_term_string}"},"query-input":{"@type":"PropertyValueSpecification","valueRequired":true,"valueName":"search_term_string"}}],"inLanguage":"es"},{"@type":"Organization","@id":"https:\/\/www.eldiario.net\/portal\/#organization","name":"El Diario - Decano de la prensa nacional","url":"https:\/\/www.eldiario.net\/portal\/","logo":{"@type":"ImageObject","inLanguage":"es","@id":"https:\/\/www.eldiario.net\/portal\/#\/schema\/logo\/image\/","url":"https:\/\/www.eldiario.net\/portal\/wp-content\/uploads\/2023\/07\/logo_ED.jpg","contentUrl":"https:\/\/www.eldiario.net\/portal\/wp-content\/uploads\/2023\/07\/logo_ED.jpg","width":272,"height":52,"caption":"El Diario - Decano de la prensa nacional"},"image":{"@id":"https:\/\/www.eldiario.net\/portal\/#\/schema\/logo\/image\/"},"sameAs":["https:\/\/www.facebook.com\/eldiario.bolivia\/","https:\/\/x.com\/eldiario_net"]},{"@type":"Person","@id":"https:\/\/www.eldiario.net\/portal\/#\/schema\/person\/f46445640444750d7d753ccd04ae01b7","name":"Jeanette","image":{"@type":"ImageObject","inLanguage":"es","@id":"https:\/\/secure.gravatar.com\/avatar\/3ea2118a5f7dad2b7138b1187a6b7ee55f160b9968b66013c3a3ef39dd7e5798?s=96&d=mm&r=g","url":"https:\/\/secure.gravatar.com\/avatar\/3ea2118a5f7dad2b7138b1187a6b7ee55f160b9968b66013c3a3ef39dd7e5798?s=96&d=mm&r=g","contentUrl":"https:\/\/secure.gravatar.com\/avatar\/3ea2118a5f7dad2b7138b1187a6b7ee55f160b9968b66013c3a3ef39dd7e5798?s=96&d=mm&r=g","caption":"Jeanette"},"sameAs":["https:\/\/www.eldiario.net\/portal"],"url":"https:\/\/www.eldiario.net\/portal\/author\/jeanette\/"}]}},"_links":{"self":[{"href":"https:\/\/www.eldiario.net\/portal\/wp-json\/wp\/v2\/posts\/22936","targetHints":{"allow":["GET"]}}],"collection":[{"href":"https:\/\/www.eldiario.net\/portal\/wp-json\/wp\/v2\/posts"}],"about":[{"href":"https:\/\/www.eldiario.net\/portal\/wp-json\/wp\/v2\/types\/post"}],"author":[{"embeddable":true,"href":"https:\/\/www.eldiario.net\/portal\/wp-json\/wp\/v2\/users\/1"}],"replies":[{"embeddable":true,"href":"https:\/\/www.eldiario.net\/portal\/wp-json\/wp\/v2\/comments?post=22936"}],"version-history":[{"count":0,"href":"https:\/\/www.eldiario.net\/portal\/wp-json\/wp\/v2\/posts\/22936\/revisions"}],"wp:attachment":[{"href":"https:\/\/www.eldiario.net\/portal\/wp-json\/wp\/v2\/media?parent=22936"}],"wp:term":[{"taxonomy":"category","embeddable":true,"href":"https:\/\/www.eldiario.net\/portal\/wp-json\/wp\/v2\/categories?post=22936"},{"taxonomy":"post_tag","embeddable":true,"href":"https:\/\/www.eldiario.net\/portal\/wp-json\/wp\/v2\/tags?post=22936"}],"curies":[{"name":"wp","href":"https:\/\/api.w.org\/{rel}","templated":true}]}}