{"id":22930,"date":"2021-08-12T05:56:40","date_gmt":"2021-08-12T09:56:40","guid":{"rendered":"https:\/\/www.eldiario.net\/portal\/?p=22930"},"modified":"2021-08-12T05:56:40","modified_gmt":"2021-08-12T09:56:40","slug":"justicia-rusa-imputa-con-nuevo-cargo-contra-navalni","status":"publish","type":"post","link":"https:\/\/www.eldiario.net\/portal\/2021\/08\/12\/justicia-rusa-imputa-con-nuevo-cargo-contra-navalni\/","title":{"rendered":"Justicia rusa imputa con  nuevo cargo contra Navalni"},"content":{"rendered":"<p>Mosc\u00fa.- El Comit\u00e9 de Investigaci\u00f3n de Rusia ha presentado una nuevo cargo contra el dirigente opositor Alexei Navalni, acusado de encabezar una organizaci\u00f3n, la Fundaci\u00f3n Anticorrupci\u00f3n, que \u00abpone en peligro las vidas de ciudadanos e infringe sus derechos\u00bb por alentar las manifestaciones, lo que podr\u00eda a\u00f1adirle una nueva condena de tres a\u00f1os de c\u00e1rcel.<\/p>\n<p>Los investigadores sostienen que Navalni abri\u00f3 una organizaci\u00f3n sin \u00e1nimo de lucro que en realidad funcionaba como un agente extranjero. La fundaci\u00f3n, s\u00edmbolo de la disidencia contra el Gobierno, est\u00e1 ya catalogada de extremista y se ha visto obligada a cerrar.<\/p>\n<p>El Comit\u00e9 de Investigaci\u00f3n asegura que la fundaci\u00f3n incitaba a la poblaci\u00f3n a cometer delitos, seg\u00fan una portavoz, Svetlana Petrenko, citada por la agencia de noticias TASS. As\u00ed, recrimina a Navalni y a otros socios que alentasen por ejemplo la asistencia a manifestaciones no autorizadas en enero, coincidiendo con la vuelta del opositor desde Alemania, donde fue tratado de urgencia por un envenenamiento.<\/p>\n<p>Petrenko ha se\u00f1alado que \u00abNavalni era plenamente consciente de la naturaleza ilegal de las manifestaciones previstas\u00bb y que quienes asistieran podr\u00edan enfrentarse a sanciones de tipo administrativo.<\/p>\n<p>Navalni tiene varias causas abiertas, aunque ya est\u00e1 en prisi\u00f3n para cumplir una condena por fraude que qued\u00f3 suspendida en 2014. Las autoridades alegaron en febrero que hab\u00eda incumplido la libertad condicional al abandonar el pa\u00eds, aunque su vida dependiese de ello. (Europa Press)<\/p>\n<p>&nbsp;<\/p>\n","protected":false},"excerpt":{"rendered":"<p>Mosc\u00fa.- El Comit\u00e9 de Investigaci\u00f3n de Rusia ha presentado una nuevo cargo contra el dirigente opositor Alexei Navalni, acusado de encabezar una organizaci\u00f3n, la Fundaci\u00f3n Anticorrupci\u00f3n, que \u00abpone en peligro las vidas de ciudadanos e infringe sus derechos\u00bb por alentar las manifestaciones, lo que podr\u00eda a\u00f1adirle una nueva condena de tres a\u00f1os de c\u00e1rcel. Los [&hellip;]<\/p>\n","protected":false},"author":1,"featured_media":22931,"comment_status":"closed","ping_status":"closed","sticky":false,"template":"","format":"standard","meta":{"_acf_changed":false,"footnotes":""},"categories":[3],"tags":[],"class_list":["post-22930","post","type-post","status-publish","format-standard","has-post-thumbnail","category-internacional"],"acf":{"antetitulo":""},"yoast_head":"<!-- This site is optimized with the Yoast SEO plugin v28.3 - https:\/\/yoast.com\/product\/yoast-seo-wordpress\/ -->\n<title>Justicia rusa imputa con nuevo cargo contra Navalni - El Diario - Bolivia<\/title>\n<meta name=\"robots\" content=\"index, follow, max-snippet:-1, max-image-preview:large, max-video-preview:-1\" \/>\n<link rel=\"canonical\" href=\"https:\/\/www.eldiario.net\/portal\/2021\/08\/12\/justicia-rusa-imputa-con-nuevo-cargo-contra-navalni\/\" \/>\n<meta property=\"og:locale\" content=\"es_ES\" \/>\n<meta property=\"og:type\" content=\"article\" \/>\n<meta property=\"og:title\" content=\"Justicia rusa imputa con nuevo cargo contra Navalni - El Diario - Bolivia\" \/>\n<meta property=\"og:description\" content=\"Mosc\u00fa.- El Comit\u00e9 de Investigaci\u00f3n de Rusia ha presentado una nuevo cargo contra el dirigente opositor Alexei Navalni, acusado de encabezar una organizaci\u00f3n, la Fundaci\u00f3n Anticorrupci\u00f3n, que \u00abpone en peligro las vidas de ciudadanos e infringe sus derechos\u00bb por alentar las manifestaciones, lo que podr\u00eda a\u00f1adirle una nueva condena de tres a\u00f1os de c\u00e1rcel. Los [&hellip;]\" \/>\n<meta property=\"og:url\" content=\"https:\/\/www.eldiario.net\/portal\/2021\/08\/12\/justicia-rusa-imputa-con-nuevo-cargo-contra-navalni\/\" \/>\n<meta property=\"og:site_name\" content=\"El Diario - Bolivia\" \/>\n<meta property=\"article:publisher\" content=\"https:\/\/www.facebook.com\/eldiario.bolivia\/\" \/>\n<meta property=\"article:published_time\" content=\"2021-08-12T09:56:40+00:00\" \/>\n<meta name=\"author\" content=\"Jeanette\" \/>\n<meta name=\"twitter:card\" content=\"summary_large_image\" \/>\n<meta name=\"twitter:creator\" content=\"@eldiario_net\" \/>\n<meta name=\"twitter:site\" content=\"@eldiario_net\" \/>\n<meta name=\"twitter:label1\" content=\"Escrito por\" \/>\n\t<meta name=\"twitter:data1\" content=\"Jeanette\" \/>\n\t<meta name=\"twitter:label2\" content=\"Tiempo de lectura\" \/>\n\t<meta name=\"twitter:data2\" content=\"2 minutos\" \/>\n<script type=\"application\/ld+json\" class=\"yoast-schema-graph\">{\"@context\":\"https:\\\/\\\/schema.org\",\"@graph\":[{\"@type\":\"Article\",\"@id\":\"https:\\\/\\\/www.eldiario.net\\\/portal\\\/2021\\\/08\\\/12\\\/justicia-rusa-imputa-con-nuevo-cargo-contra-navalni\\\/#article\",\"isPartOf\":{\"@id\":\"https:\\\/\\\/www.eldiario.net\\\/portal\\\/2021\\\/08\\\/12\\\/justicia-rusa-imputa-con-nuevo-cargo-contra-navalni\\\/\"},\"author\":{\"name\":\"Jeanette\",\"@id\":\"https:\\\/\\\/www.eldiario.net\\\/portal\\\/#\\\/schema\\\/person\\\/f46445640444750d7d753ccd04ae01b7\"},\"headline\":\"Justicia rusa imputa con nuevo cargo contra Navalni\",\"datePublished\":\"2021-08-12T09:56:40+00:00\",\"mainEntityOfPage\":{\"@id\":\"https:\\\/\\\/www.eldiario.net\\\/portal\\\/2021\\\/08\\\/12\\\/justicia-rusa-imputa-con-nuevo-cargo-contra-navalni\\\/\"},\"wordCount\":258,\"publisher\":{\"@id\":\"https:\\\/\\\/www.eldiario.net\\\/portal\\\/#organization\"},\"image\":{\"@id\":\"https:\\\/\\\/www.eldiario.net\\\/portal\\\/2021\\\/08\\\/12\\\/justicia-rusa-imputa-con-nuevo-cargo-contra-navalni\\\/#primaryimage\"},\"thumbnailUrl\":\"\",\"articleSection\":[\"Internacional\"],\"inLanguage\":\"es\"},{\"@type\":\"WebPage\",\"@id\":\"https:\\\/\\\/www.eldiario.net\\\/portal\\\/2021\\\/08\\\/12\\\/justicia-rusa-imputa-con-nuevo-cargo-contra-navalni\\\/\",\"url\":\"https:\\\/\\\/www.eldiario.net\\\/portal\\\/2021\\\/08\\\/12\\\/justicia-rusa-imputa-con-nuevo-cargo-contra-navalni\\\/\",\"name\":\"Justicia rusa imputa con nuevo cargo contra Navalni - El Diario - Bolivia\",\"isPartOf\":{\"@id\":\"https:\\\/\\\/www.eldiario.net\\\/portal\\\/#website\"},\"primaryImageOfPage\":{\"@id\":\"https:\\\/\\\/www.eldiario.net\\\/portal\\\/2021\\\/08\\\/12\\\/justicia-rusa-imputa-con-nuevo-cargo-contra-navalni\\\/#primaryimage\"},\"image\":{\"@id\":\"https:\\\/\\\/www.eldiario.net\\\/portal\\\/2021\\\/08\\\/12\\\/justicia-rusa-imputa-con-nuevo-cargo-contra-navalni\\\/#primaryimage\"},\"thumbnailUrl\":\"\",\"datePublished\":\"2021-08-12T09:56:40+00:00\",\"breadcrumb\":{\"@id\":\"https:\\\/\\\/www.eldiario.net\\\/portal\\\/2021\\\/08\\\/12\\\/justicia-rusa-imputa-con-nuevo-cargo-contra-navalni\\\/#breadcrumb\"},\"inLanguage\":\"es\",\"potentialAction\":[{\"@type\":\"ReadAction\",\"target\":[\"https:\\\/\\\/www.eldiario.net\\\/portal\\\/2021\\\/08\\\/12\\\/justicia-rusa-imputa-con-nuevo-cargo-contra-navalni\\\/\"]}]},{\"@type\":\"ImageObject\",\"inLanguage\":\"es\",\"@id\":\"https:\\\/\\\/www.eldiario.net\\\/portal\\\/2021\\\/08\\\/12\\\/justicia-rusa-imputa-con-nuevo-cargo-contra-navalni\\\/#primaryimage\",\"url\":\"\",\"contentUrl\":\"\"},{\"@type\":\"BreadcrumbList\",\"@id\":\"https:\\\/\\\/www.eldiario.net\\\/portal\\\/2021\\\/08\\\/12\\\/justicia-rusa-imputa-con-nuevo-cargo-contra-navalni\\\/#breadcrumb\",\"itemListElement\":[{\"@type\":\"ListItem\",\"position\":1,\"name\":\"Portada\",\"item\":\"https:\\\/\\\/www.eldiario.net\\\/portal\\\/\"},{\"@type\":\"ListItem\",\"position\":2,\"name\":\"Justicia rusa imputa con nuevo cargo contra Navalni\"}]},{\"@type\":\"WebSite\",\"@id\":\"https:\\\/\\\/www.eldiario.net\\\/portal\\\/#website\",\"url\":\"https:\\\/\\\/www.eldiario.net\\\/portal\\\/\",\"name\":\"El Diario - Decano de la prensa nacional\",\"description\":\"El Diario - Decano de la prensa nacional\",\"publisher\":{\"@id\":\"https:\\\/\\\/www.eldiario.net\\\/portal\\\/#organization\"},\"potentialAction\":[{\"@type\":\"SearchAction\",\"target\":{\"@type\":\"EntryPoint\",\"urlTemplate\":\"https:\\\/\\\/www.eldiario.net\\\/portal\\\/?s={search_term_string}\"},\"query-input\":{\"@type\":\"PropertyValueSpecification\",\"valueRequired\":true,\"valueName\":\"search_term_string\"}}],\"inLanguage\":\"es\"},{\"@type\":\"Organization\",\"@id\":\"https:\\\/\\\/www.eldiario.net\\\/portal\\\/#organization\",\"name\":\"El Diario - Decano de la prensa nacional\",\"url\":\"https:\\\/\\\/www.eldiario.net\\\/portal\\\/\",\"logo\":{\"@type\":\"ImageObject\",\"inLanguage\":\"es\",\"@id\":\"https:\\\/\\\/www.eldiario.net\\\/portal\\\/#\\\/schema\\\/logo\\\/image\\\/\",\"url\":\"https:\\\/\\\/www.eldiario.net\\\/portal\\\/wp-content\\\/uploads\\\/2023\\\/07\\\/logo_ED.jpg\",\"contentUrl\":\"https:\\\/\\\/www.eldiario.net\\\/portal\\\/wp-content\\\/uploads\\\/2023\\\/07\\\/logo_ED.jpg\",\"width\":272,\"height\":52,\"caption\":\"El Diario - Decano de la prensa nacional\"},\"image\":{\"@id\":\"https:\\\/\\\/www.eldiario.net\\\/portal\\\/#\\\/schema\\\/logo\\\/image\\\/\"},\"sameAs\":[\"https:\\\/\\\/www.facebook.com\\\/eldiario.bolivia\\\/\",\"https:\\\/\\\/x.com\\\/eldiario_net\"]},{\"@type\":\"Person\",\"@id\":\"https:\\\/\\\/www.eldiario.net\\\/portal\\\/#\\\/schema\\\/person\\\/f46445640444750d7d753ccd04ae01b7\",\"name\":\"Jeanette\",\"image\":{\"@type\":\"ImageObject\",\"inLanguage\":\"es\",\"@id\":\"https:\\\/\\\/secure.gravatar.com\\\/avatar\\\/3ea2118a5f7dad2b7138b1187a6b7ee55f160b9968b66013c3a3ef39dd7e5798?s=96&d=mm&r=g\",\"url\":\"https:\\\/\\\/secure.gravatar.com\\\/avatar\\\/3ea2118a5f7dad2b7138b1187a6b7ee55f160b9968b66013c3a3ef39dd7e5798?s=96&d=mm&r=g\",\"contentUrl\":\"https:\\\/\\\/secure.gravatar.com\\\/avatar\\\/3ea2118a5f7dad2b7138b1187a6b7ee55f160b9968b66013c3a3ef39dd7e5798?s=96&d=mm&r=g\",\"caption\":\"Jeanette\"},\"sameAs\":[\"https:\\\/\\\/www.eldiario.net\\\/portal\"],\"url\":\"https:\\\/\\\/www.eldiario.net\\\/portal\\\/author\\\/jeanette\\\/\"}]}<\/script>\n<!-- \/ Yoast SEO plugin. -->","yoast_head_json":{"title":"Justicia rusa imputa con nuevo cargo contra Navalni - El Diario - Bolivia","robots":{"index":"index","follow":"follow","max-snippet":"max-snippet:-1","max-image-preview":"max-image-preview:large","max-video-preview":"max-video-preview:-1"},"canonical":"https:\/\/www.eldiario.net\/portal\/2021\/08\/12\/justicia-rusa-imputa-con-nuevo-cargo-contra-navalni\/","og_locale":"es_ES","og_type":"article","og_title":"Justicia rusa imputa con nuevo cargo contra Navalni - El Diario - Bolivia","og_description":"Mosc\u00fa.- El Comit\u00e9 de Investigaci\u00f3n de Rusia ha presentado una nuevo cargo contra el dirigente opositor Alexei Navalni, acusado de encabezar una organizaci\u00f3n, la Fundaci\u00f3n Anticorrupci\u00f3n, que \u00abpone en peligro las vidas de ciudadanos e infringe sus derechos\u00bb por alentar las manifestaciones, lo que podr\u00eda a\u00f1adirle una nueva condena de tres a\u00f1os de c\u00e1rcel. Los [&hellip;]","og_url":"https:\/\/www.eldiario.net\/portal\/2021\/08\/12\/justicia-rusa-imputa-con-nuevo-cargo-contra-navalni\/","og_site_name":"El Diario - Bolivia","article_publisher":"https:\/\/www.facebook.com\/eldiario.bolivia\/","article_published_time":"2021-08-12T09:56:40+00:00","author":"Jeanette","twitter_card":"summary_large_image","twitter_creator":"@eldiario_net","twitter_site":"@eldiario_net","twitter_misc":{"Escrito por":"Jeanette","Tiempo de lectura":"2 minutos"},"schema":{"@context":"https:\/\/schema.org","@graph":[{"@type":"Article","@id":"https:\/\/www.eldiario.net\/portal\/2021\/08\/12\/justicia-rusa-imputa-con-nuevo-cargo-contra-navalni\/#article","isPartOf":{"@id":"https:\/\/www.eldiario.net\/portal\/2021\/08\/12\/justicia-rusa-imputa-con-nuevo-cargo-contra-navalni\/"},"author":{"name":"Jeanette","@id":"https:\/\/www.eldiario.net\/portal\/#\/schema\/person\/f46445640444750d7d753ccd04ae01b7"},"headline":"Justicia rusa imputa con nuevo cargo contra Navalni","datePublished":"2021-08-12T09:56:40+00:00","mainEntityOfPage":{"@id":"https:\/\/www.eldiario.net\/portal\/2021\/08\/12\/justicia-rusa-imputa-con-nuevo-cargo-contra-navalni\/"},"wordCount":258,"publisher":{"@id":"https:\/\/www.eldiario.net\/portal\/#organization"},"image":{"@id":"https:\/\/www.eldiario.net\/portal\/2021\/08\/12\/justicia-rusa-imputa-con-nuevo-cargo-contra-navalni\/#primaryimage"},"thumbnailUrl":"","articleSection":["Internacional"],"inLanguage":"es"},{"@type":"WebPage","@id":"https:\/\/www.eldiario.net\/portal\/2021\/08\/12\/justicia-rusa-imputa-con-nuevo-cargo-contra-navalni\/","url":"https:\/\/www.eldiario.net\/portal\/2021\/08\/12\/justicia-rusa-imputa-con-nuevo-cargo-contra-navalni\/","name":"Justicia rusa imputa con nuevo cargo contra Navalni - El Diario - Bolivia","isPartOf":{"@id":"https:\/\/www.eldiario.net\/portal\/#website"},"primaryImageOfPage":{"@id":"https:\/\/www.eldiario.net\/portal\/2021\/08\/12\/justicia-rusa-imputa-con-nuevo-cargo-contra-navalni\/#primaryimage"},"image":{"@id":"https:\/\/www.eldiario.net\/portal\/2021\/08\/12\/justicia-rusa-imputa-con-nuevo-cargo-contra-navalni\/#primaryimage"},"thumbnailUrl":"","datePublished":"2021-08-12T09:56:40+00:00","breadcrumb":{"@id":"https:\/\/www.eldiario.net\/portal\/2021\/08\/12\/justicia-rusa-imputa-con-nuevo-cargo-contra-navalni\/#breadcrumb"},"inLanguage":"es","potentialAction":[{"@type":"ReadAction","target":["https:\/\/www.eldiario.net\/portal\/2021\/08\/12\/justicia-rusa-imputa-con-nuevo-cargo-contra-navalni\/"]}]},{"@type":"ImageObject","inLanguage":"es","@id":"https:\/\/www.eldiario.net\/portal\/2021\/08\/12\/justicia-rusa-imputa-con-nuevo-cargo-contra-navalni\/#primaryimage","url":"","contentUrl":""},{"@type":"BreadcrumbList","@id":"https:\/\/www.eldiario.net\/portal\/2021\/08\/12\/justicia-rusa-imputa-con-nuevo-cargo-contra-navalni\/#breadcrumb","itemListElement":[{"@type":"ListItem","position":1,"name":"Portada","item":"https:\/\/www.eldiario.net\/portal\/"},{"@type":"ListItem","position":2,"name":"Justicia rusa imputa con nuevo cargo contra Navalni"}]},{"@type":"WebSite","@id":"https:\/\/www.eldiario.net\/portal\/#website","url":"https:\/\/www.eldiario.net\/portal\/","name":"El Diario - Decano de la prensa nacional","description":"El Diario - Decano de la prensa nacional","publisher":{"@id":"https:\/\/www.eldiario.net\/portal\/#organization"},"potentialAction":[{"@type":"SearchAction","target":{"@type":"EntryPoint","urlTemplate":"https:\/\/www.eldiario.net\/portal\/?s={search_term_string}"},"query-input":{"@type":"PropertyValueSpecification","valueRequired":true,"valueName":"search_term_string"}}],"inLanguage":"es"},{"@type":"Organization","@id":"https:\/\/www.eldiario.net\/portal\/#organization","name":"El Diario - Decano de la prensa nacional","url":"https:\/\/www.eldiario.net\/portal\/","logo":{"@type":"ImageObject","inLanguage":"es","@id":"https:\/\/www.eldiario.net\/portal\/#\/schema\/logo\/image\/","url":"https:\/\/www.eldiario.net\/portal\/wp-content\/uploads\/2023\/07\/logo_ED.jpg","contentUrl":"https:\/\/www.eldiario.net\/portal\/wp-content\/uploads\/2023\/07\/logo_ED.jpg","width":272,"height":52,"caption":"El Diario - Decano de la prensa nacional"},"image":{"@id":"https:\/\/www.eldiario.net\/portal\/#\/schema\/logo\/image\/"},"sameAs":["https:\/\/www.facebook.com\/eldiario.bolivia\/","https:\/\/x.com\/eldiario_net"]},{"@type":"Person","@id":"https:\/\/www.eldiario.net\/portal\/#\/schema\/person\/f46445640444750d7d753ccd04ae01b7","name":"Jeanette","image":{"@type":"ImageObject","inLanguage":"es","@id":"https:\/\/secure.gravatar.com\/avatar\/3ea2118a5f7dad2b7138b1187a6b7ee55f160b9968b66013c3a3ef39dd7e5798?s=96&d=mm&r=g","url":"https:\/\/secure.gravatar.com\/avatar\/3ea2118a5f7dad2b7138b1187a6b7ee55f160b9968b66013c3a3ef39dd7e5798?s=96&d=mm&r=g","contentUrl":"https:\/\/secure.gravatar.com\/avatar\/3ea2118a5f7dad2b7138b1187a6b7ee55f160b9968b66013c3a3ef39dd7e5798?s=96&d=mm&r=g","caption":"Jeanette"},"sameAs":["https:\/\/www.eldiario.net\/portal"],"url":"https:\/\/www.eldiario.net\/portal\/author\/jeanette\/"}]}},"_links":{"self":[{"href":"https:\/\/www.eldiario.net\/portal\/wp-json\/wp\/v2\/posts\/22930","targetHints":{"allow":["GET"]}}],"collection":[{"href":"https:\/\/www.eldiario.net\/portal\/wp-json\/wp\/v2\/posts"}],"about":[{"href":"https:\/\/www.eldiario.net\/portal\/wp-json\/wp\/v2\/types\/post"}],"author":[{"embeddable":true,"href":"https:\/\/www.eldiario.net\/portal\/wp-json\/wp\/v2\/users\/1"}],"replies":[{"embeddable":true,"href":"https:\/\/www.eldiario.net\/portal\/wp-json\/wp\/v2\/comments?post=22930"}],"version-history":[{"count":0,"href":"https:\/\/www.eldiario.net\/portal\/wp-json\/wp\/v2\/posts\/22930\/revisions"}],"wp:attachment":[{"href":"https:\/\/www.eldiario.net\/portal\/wp-json\/wp\/v2\/media?parent=22930"}],"wp:term":[{"taxonomy":"category","embeddable":true,"href":"https:\/\/www.eldiario.net\/portal\/wp-json\/wp\/v2\/categories?post=22930"},{"taxonomy":"post_tag","embeddable":true,"href":"https:\/\/www.eldiario.net\/portal\/wp-json\/wp\/v2\/tags?post=22930"}],"curies":[{"name":"wp","href":"https:\/\/api.w.org\/{rel}","templated":true}]}}