{"id":229276,"date":"2024-06-24T05:09:22","date_gmt":"2024-06-24T09:09:22","guid":{"rendered":"https:\/\/www.eldiario.net\/portal\/?p=229276"},"modified":"2024-06-24T05:11:56","modified_gmt":"2024-06-24T09:11:56","slug":"transporte-libre-rechaza-bloqueos-y-pide-garantias-al-derecho-al-trabajo","status":"publish","type":"post","link":"https:\/\/www.eldiario.net\/portal\/2024\/06\/24\/transporte-libre-rechaza-bloqueos-y-pide-garantias-al-derecho-al-trabajo\/","title":{"rendered":"Transporte libre rechaza bloqueos y pide garant\u00edas al derecho al trabajo"},"content":{"rendered":"<p>La Federaci\u00f3n Departamental de Transporte Libre de Chuquisaca, mediante un pronunciamiento, rechaz\u00f3 las convocatorias a bloqueos y paros; pidi\u00f3 garant\u00edas a la libre transitabilidad y al derecho al trabajo.<br \/>\n\u201cRechazamos cualquier tipo de movilizaciones o bloqueo de algunos sectores del transporte que va en contra de nuestra econom\u00eda, cuart\u00e1ndonos el derecho al trabajo y la libre transitabilidad en nuestro territorio e invocamos a nuestras autoridades competentes dar una pronta soluci\u00f3n y garantizar el trabajo y la libre transitabilidad en todo el territorio\u201d, se lee en el documento.<br \/>\nLa Federaci\u00f3n de Transporte Libre de Chuquisaca se constituye en la m\u00e1xima organizaci\u00f3n de transporte, legal y leg\u00edtima, libre, independiente, soberano en todo el departamento de Chuquisaca.<br \/>\nEmiti\u00f3 ese pronunciamiento de acuerdo con un an\u00e1lisis realizado en la reuni\u00f3n extraordinaria departamental del transporte libre y dem\u00e1s afiliados sobre la coyuntura actual que atraviesa el pa\u00eds.<br \/>\nTras una reuni\u00f3n, el 16 del presente mes, el presidente Luis Arce concret\u00f3 acuerdos con la dirigencia de la C\u00e1mara Boliviana de Transporte (CBT) y fij\u00f3 un nuevo encuentro dentro de 90 d\u00edas, por lo que el sector decidi\u00f3 que no habr\u00e1 ning\u00fan paro ni bloqueo de caminos.<br \/>\nSin embargo, recientemente, algunos dirigentes del transporte pesado dieron un plazo de 72 horas al Gobierno para que atienda sus nuevas demandas sectoriales, de lo contrario advirtieron con iniciar un paro movilizado indefinido y bloqueos de v\u00edas con cierre de fronteras a partir del jueves 27 de junio.<br \/>\nAl igual que el transporte de libre de Chuquisaca, las bases de otros departamentos como Chuquisaca, Cochabamba, La Paz y Beni manifestaron su rechazo a esa medida porque solo afecta a la econom\u00eda del pa\u00eds y principalmente de quienes viven de lo que ganan al d\u00eda. (Sucre, ABI)<\/p>\n","protected":false},"excerpt":{"rendered":"<p>La Federaci\u00f3n Departamental de Transporte Libre de Chuquisaca, mediante un pronunciamiento, rechaz\u00f3 las convocatorias a bloqueos y paros; pidi\u00f3 garant\u00edas a la libre transitabilidad y al derecho al trabajo. \u201cRechazamos cualquier tipo de movilizaciones o bloqueo de algunos sectores del transporte que va en contra de nuestra econom\u00eda, cuart\u00e1ndonos el derecho al trabajo y la [&hellip;]<\/p>\n","protected":false},"author":1,"featured_media":229277,"comment_status":"open","ping_status":"open","sticky":false,"template":"","format":"standard","meta":{"_acf_changed":false,"footnotes":""},"categories":[12],"tags":[],"class_list":["post-229276","post","type-post","status-publish","format-standard","has-post-thumbnail","category-nacional"],"acf":{"antetitulo":""},"yoast_head":"<!-- This site is optimized with the Yoast SEO plugin v28.4 - https:\/\/yoast.com\/product\/yoast-seo-wordpress\/ -->\n<title>Transporte libre rechaza bloqueos y pide garant\u00edas al derecho al trabajo - El Diario - Bolivia<\/title>\n<meta name=\"robots\" content=\"index, follow, max-snippet:-1, max-image-preview:large, max-video-preview:-1\" \/>\n<link rel=\"canonical\" href=\"https:\/\/www.eldiario.net\/portal\/2024\/06\/24\/transporte-libre-rechaza-bloqueos-y-pide-garantias-al-derecho-al-trabajo\/\" \/>\n<meta property=\"og:locale\" content=\"es_ES\" \/>\n<meta property=\"og:type\" content=\"article\" \/>\n<meta property=\"og:title\" content=\"Transporte libre rechaza bloqueos y pide garant\u00edas al derecho al trabajo - El Diario - Bolivia\" \/>\n<meta property=\"og:description\" content=\"La Federaci\u00f3n Departamental de Transporte Libre de Chuquisaca, mediante un pronunciamiento, rechaz\u00f3 las convocatorias a bloqueos y paros; pidi\u00f3 garant\u00edas a la libre transitabilidad y al derecho al trabajo. \u201cRechazamos cualquier tipo de movilizaciones o bloqueo de algunos sectores del transporte que va en contra de nuestra econom\u00eda, cuart\u00e1ndonos el derecho al trabajo y la [&hellip;]\" \/>\n<meta property=\"og:url\" content=\"https:\/\/www.eldiario.net\/portal\/2024\/06\/24\/transporte-libre-rechaza-bloqueos-y-pide-garantias-al-derecho-al-trabajo\/\" \/>\n<meta property=\"og:site_name\" content=\"El Diario - Bolivia\" \/>\n<meta property=\"article:publisher\" content=\"https:\/\/www.facebook.com\/eldiario.bolivia\/\" \/>\n<meta property=\"article:published_time\" content=\"2024-06-24T09:09:22+00:00\" \/>\n<meta property=\"article:modified_time\" content=\"2024-06-24T09:11:56+00:00\" \/>\n<meta property=\"og:image\" content=\"https:\/\/www.eldiario.net\/portal\/wp-content\/uploads\/2024\/06\/74-NAL-1.jpg\" \/>\n\t<meta property=\"og:image:width\" content=\"1120\" \/>\n\t<meta property=\"og:image:height\" content=\"1013\" \/>\n\t<meta property=\"og:image:type\" content=\"image\/jpeg\" \/>\n<meta name=\"author\" content=\"Jeanette\" \/>\n<meta name=\"twitter:card\" content=\"summary_large_image\" \/>\n<meta name=\"twitter:creator\" content=\"@eldiario_net\" \/>\n<meta name=\"twitter:site\" content=\"@eldiario_net\" \/>\n<meta name=\"twitter:label1\" content=\"Escrito por\" \/>\n\t<meta name=\"twitter:data1\" content=\"Jeanette\" \/>\n\t<meta name=\"twitter:label2\" content=\"Tiempo de lectura\" \/>\n\t<meta name=\"twitter:data2\" content=\"2 minutos\" \/>\n<script type=\"application\/ld+json\" class=\"yoast-schema-graph\">{\"@context\":\"https:\\\/\\\/schema.org\",\"@graph\":[{\"@type\":\"Article\",\"@id\":\"https:\\\/\\\/www.eldiario.net\\\/portal\\\/2024\\\/06\\\/24\\\/transporte-libre-rechaza-bloqueos-y-pide-garantias-al-derecho-al-trabajo\\\/#article\",\"isPartOf\":{\"@id\":\"https:\\\/\\\/www.eldiario.net\\\/portal\\\/2024\\\/06\\\/24\\\/transporte-libre-rechaza-bloqueos-y-pide-garantias-al-derecho-al-trabajo\\\/\"},\"author\":{\"name\":\"Jeanette\",\"@id\":\"https:\\\/\\\/www.eldiario.net\\\/portal\\\/#\\\/schema\\\/person\\\/2c57cf2b7a7ae032e449e4c9b1019eac\"},\"headline\":\"Transporte libre rechaza bloqueos y pide garant\u00edas al derecho al trabajo\",\"datePublished\":\"2024-06-24T09:09:22+00:00\",\"dateModified\":\"2024-06-24T09:11:56+00:00\",\"mainEntityOfPage\":{\"@id\":\"https:\\\/\\\/www.eldiario.net\\\/portal\\\/2024\\\/06\\\/24\\\/transporte-libre-rechaza-bloqueos-y-pide-garantias-al-derecho-al-trabajo\\\/\"},\"wordCount\":315,\"commentCount\":0,\"publisher\":{\"@id\":\"https:\\\/\\\/www.eldiario.net\\\/portal\\\/#organization\"},\"image\":{\"@id\":\"https:\\\/\\\/www.eldiario.net\\\/portal\\\/2024\\\/06\\\/24\\\/transporte-libre-rechaza-bloqueos-y-pide-garantias-al-derecho-al-trabajo\\\/#primaryimage\"},\"thumbnailUrl\":\"https:\\\/\\\/www.eldiario.net\\\/portal\\\/wp-content\\\/uploads\\\/2024\\\/06\\\/74-NAL-1.jpg\",\"articleSection\":[\"Nacional\"],\"inLanguage\":\"es\",\"potentialAction\":[{\"@type\":\"CommentAction\",\"name\":\"Comment\",\"target\":[\"https:\\\/\\\/www.eldiario.net\\\/portal\\\/2024\\\/06\\\/24\\\/transporte-libre-rechaza-bloqueos-y-pide-garantias-al-derecho-al-trabajo\\\/#respond\"]}]},{\"@type\":\"WebPage\",\"@id\":\"https:\\\/\\\/www.eldiario.net\\\/portal\\\/2024\\\/06\\\/24\\\/transporte-libre-rechaza-bloqueos-y-pide-garantias-al-derecho-al-trabajo\\\/\",\"url\":\"https:\\\/\\\/www.eldiario.net\\\/portal\\\/2024\\\/06\\\/24\\\/transporte-libre-rechaza-bloqueos-y-pide-garantias-al-derecho-al-trabajo\\\/\",\"name\":\"Transporte libre rechaza bloqueos y pide garant\u00edas al derecho al trabajo - El Diario - Bolivia\",\"isPartOf\":{\"@id\":\"https:\\\/\\\/www.eldiario.net\\\/portal\\\/#website\"},\"primaryImageOfPage\":{\"@id\":\"https:\\\/\\\/www.eldiario.net\\\/portal\\\/2024\\\/06\\\/24\\\/transporte-libre-rechaza-bloqueos-y-pide-garantias-al-derecho-al-trabajo\\\/#primaryimage\"},\"image\":{\"@id\":\"https:\\\/\\\/www.eldiario.net\\\/portal\\\/2024\\\/06\\\/24\\\/transporte-libre-rechaza-bloqueos-y-pide-garantias-al-derecho-al-trabajo\\\/#primaryimage\"},\"thumbnailUrl\":\"https:\\\/\\\/www.eldiario.net\\\/portal\\\/wp-content\\\/uploads\\\/2024\\\/06\\\/74-NAL-1.jpg\",\"datePublished\":\"2024-06-24T09:09:22+00:00\",\"dateModified\":\"2024-06-24T09:11:56+00:00\",\"breadcrumb\":{\"@id\":\"https:\\\/\\\/www.eldiario.net\\\/portal\\\/2024\\\/06\\\/24\\\/transporte-libre-rechaza-bloqueos-y-pide-garantias-al-derecho-al-trabajo\\\/#breadcrumb\"},\"inLanguage\":\"es\",\"potentialAction\":[{\"@type\":\"ReadAction\",\"target\":[\"https:\\\/\\\/www.eldiario.net\\\/portal\\\/2024\\\/06\\\/24\\\/transporte-libre-rechaza-bloqueos-y-pide-garantias-al-derecho-al-trabajo\\\/\"]}]},{\"@type\":\"ImageObject\",\"inLanguage\":\"es\",\"@id\":\"https:\\\/\\\/www.eldiario.net\\\/portal\\\/2024\\\/06\\\/24\\\/transporte-libre-rechaza-bloqueos-y-pide-garantias-al-derecho-al-trabajo\\\/#primaryimage\",\"url\":\"https:\\\/\\\/www.eldiario.net\\\/portal\\\/wp-content\\\/uploads\\\/2024\\\/06\\\/74-NAL-1.jpg\",\"contentUrl\":\"https:\\\/\\\/www.eldiario.net\\\/portal\\\/wp-content\\\/uploads\\\/2024\\\/06\\\/74-NAL-1.jpg\",\"width\":1120,\"height\":1013,\"caption\":\"PRONUNCIAMIENTO DEL TRANSPORTE LIBRE CHUQUISAQUE\u00d1O.\"},{\"@type\":\"BreadcrumbList\",\"@id\":\"https:\\\/\\\/www.eldiario.net\\\/portal\\\/2024\\\/06\\\/24\\\/transporte-libre-rechaza-bloqueos-y-pide-garantias-al-derecho-al-trabajo\\\/#breadcrumb\",\"itemListElement\":[{\"@type\":\"ListItem\",\"position\":1,\"name\":\"Portada\",\"item\":\"https:\\\/\\\/www.eldiario.net\\\/portal\\\/\"},{\"@type\":\"ListItem\",\"position\":2,\"name\":\"Transporte libre rechaza bloqueos y pide garant\u00edas al derecho al trabajo\"}]},{\"@type\":\"WebSite\",\"@id\":\"https:\\\/\\\/www.eldiario.net\\\/portal\\\/#website\",\"url\":\"https:\\\/\\\/www.eldiario.net\\\/portal\\\/\",\"name\":\"El Diario - Decano de la prensa nacional\",\"description\":\"El Diario - Decano de la prensa nacional\",\"publisher\":{\"@id\":\"https:\\\/\\\/www.eldiario.net\\\/portal\\\/#organization\"},\"potentialAction\":[{\"@type\":\"SearchAction\",\"target\":{\"@type\":\"EntryPoint\",\"urlTemplate\":\"https:\\\/\\\/www.eldiario.net\\\/portal\\\/?s={search_term_string}\"},\"query-input\":{\"@type\":\"PropertyValueSpecification\",\"valueRequired\":true,\"valueName\":\"search_term_string\"}}],\"inLanguage\":\"es\"},{\"@type\":\"Organization\",\"@id\":\"https:\\\/\\\/www.eldiario.net\\\/portal\\\/#organization\",\"name\":\"El Diario - Decano de la prensa nacional\",\"url\":\"https:\\\/\\\/www.eldiario.net\\\/portal\\\/\",\"logo\":{\"@type\":\"ImageObject\",\"inLanguage\":\"es\",\"@id\":\"https:\\\/\\\/www.eldiario.net\\\/portal\\\/#\\\/schema\\\/logo\\\/image\\\/\",\"url\":\"https:\\\/\\\/www.eldiario.net\\\/portal\\\/wp-content\\\/uploads\\\/2023\\\/07\\\/logo_ED.jpg\",\"contentUrl\":\"https:\\\/\\\/www.eldiario.net\\\/portal\\\/wp-content\\\/uploads\\\/2023\\\/07\\\/logo_ED.jpg\",\"width\":272,\"height\":52,\"caption\":\"El Diario - Decano de la prensa nacional\"},\"image\":{\"@id\":\"https:\\\/\\\/www.eldiario.net\\\/portal\\\/#\\\/schema\\\/logo\\\/image\\\/\"},\"sameAs\":[\"https:\\\/\\\/www.facebook.com\\\/eldiario.bolivia\\\/\",\"https:\\\/\\\/x.com\\\/eldiario_net\"]},{\"@type\":\"Person\",\"@id\":\"https:\\\/\\\/www.eldiario.net\\\/portal\\\/#\\\/schema\\\/person\\\/2c57cf2b7a7ae032e449e4c9b1019eac\",\"name\":\"Jeanette\",\"image\":{\"@type\":\"ImageObject\",\"inLanguage\":\"es\",\"@id\":\"https:\\\/\\\/secure.gravatar.com\\\/avatar\\\/3ea2118a5f7dad2b7138b1187a6b7ee55f160b9968b66013c3a3ef39dd7e5798?s=96&d=mm&r=g\",\"url\":\"https:\\\/\\\/secure.gravatar.com\\\/avatar\\\/3ea2118a5f7dad2b7138b1187a6b7ee55f160b9968b66013c3a3ef39dd7e5798?s=96&d=mm&r=g\",\"contentUrl\":\"https:\\\/\\\/secure.gravatar.com\\\/avatar\\\/3ea2118a5f7dad2b7138b1187a6b7ee55f160b9968b66013c3a3ef39dd7e5798?s=96&d=mm&r=g\",\"caption\":\"Jeanette\"},\"sameAs\":[\"https:\\\/\\\/www.eldiario.net\\\/portal\"],\"url\":\"https:\\\/\\\/www.eldiario.net\\\/portal\\\/author\\\/jeanette\\\/\"}]}<\/script>\n<!-- \/ Yoast SEO plugin. -->","yoast_head_json":{"title":"Transporte libre rechaza bloqueos y pide garant\u00edas al derecho al trabajo - El Diario - Bolivia","robots":{"index":"index","follow":"follow","max-snippet":"max-snippet:-1","max-image-preview":"max-image-preview:large","max-video-preview":"max-video-preview:-1"},"canonical":"https:\/\/www.eldiario.net\/portal\/2024\/06\/24\/transporte-libre-rechaza-bloqueos-y-pide-garantias-al-derecho-al-trabajo\/","og_locale":"es_ES","og_type":"article","og_title":"Transporte libre rechaza bloqueos y pide garant\u00edas al derecho al trabajo - El Diario - Bolivia","og_description":"La Federaci\u00f3n Departamental de Transporte Libre de Chuquisaca, mediante un pronunciamiento, rechaz\u00f3 las convocatorias a bloqueos y paros; pidi\u00f3 garant\u00edas a la libre transitabilidad y al derecho al trabajo. \u201cRechazamos cualquier tipo de movilizaciones o bloqueo de algunos sectores del transporte que va en contra de nuestra econom\u00eda, cuart\u00e1ndonos el derecho al trabajo y la [&hellip;]","og_url":"https:\/\/www.eldiario.net\/portal\/2024\/06\/24\/transporte-libre-rechaza-bloqueos-y-pide-garantias-al-derecho-al-trabajo\/","og_site_name":"El Diario - Bolivia","article_publisher":"https:\/\/www.facebook.com\/eldiario.bolivia\/","article_published_time":"2024-06-24T09:09:22+00:00","article_modified_time":"2024-06-24T09:11:56+00:00","og_image":[{"width":1120,"height":1013,"url":"https:\/\/www.eldiario.net\/portal\/wp-content\/uploads\/2024\/06\/74-NAL-1.jpg","type":"image\/jpeg"}],"author":"Jeanette","twitter_card":"summary_large_image","twitter_creator":"@eldiario_net","twitter_site":"@eldiario_net","twitter_misc":{"Escrito por":"Jeanette","Tiempo de lectura":"2 minutos"},"schema":{"@context":"https:\/\/schema.org","@graph":[{"@type":"Article","@id":"https:\/\/www.eldiario.net\/portal\/2024\/06\/24\/transporte-libre-rechaza-bloqueos-y-pide-garantias-al-derecho-al-trabajo\/#article","isPartOf":{"@id":"https:\/\/www.eldiario.net\/portal\/2024\/06\/24\/transporte-libre-rechaza-bloqueos-y-pide-garantias-al-derecho-al-trabajo\/"},"author":{"name":"Jeanette","@id":"https:\/\/www.eldiario.net\/portal\/#\/schema\/person\/2c57cf2b7a7ae032e449e4c9b1019eac"},"headline":"Transporte libre rechaza bloqueos y pide garant\u00edas al derecho al trabajo","datePublished":"2024-06-24T09:09:22+00:00","dateModified":"2024-06-24T09:11:56+00:00","mainEntityOfPage":{"@id":"https:\/\/www.eldiario.net\/portal\/2024\/06\/24\/transporte-libre-rechaza-bloqueos-y-pide-garantias-al-derecho-al-trabajo\/"},"wordCount":315,"commentCount":0,"publisher":{"@id":"https:\/\/www.eldiario.net\/portal\/#organization"},"image":{"@id":"https:\/\/www.eldiario.net\/portal\/2024\/06\/24\/transporte-libre-rechaza-bloqueos-y-pide-garantias-al-derecho-al-trabajo\/#primaryimage"},"thumbnailUrl":"https:\/\/www.eldiario.net\/portal\/wp-content\/uploads\/2024\/06\/74-NAL-1.jpg","articleSection":["Nacional"],"inLanguage":"es","potentialAction":[{"@type":"CommentAction","name":"Comment","target":["https:\/\/www.eldiario.net\/portal\/2024\/06\/24\/transporte-libre-rechaza-bloqueos-y-pide-garantias-al-derecho-al-trabajo\/#respond"]}]},{"@type":"WebPage","@id":"https:\/\/www.eldiario.net\/portal\/2024\/06\/24\/transporte-libre-rechaza-bloqueos-y-pide-garantias-al-derecho-al-trabajo\/","url":"https:\/\/www.eldiario.net\/portal\/2024\/06\/24\/transporte-libre-rechaza-bloqueos-y-pide-garantias-al-derecho-al-trabajo\/","name":"Transporte libre rechaza bloqueos y pide garant\u00edas al derecho al trabajo - El Diario - Bolivia","isPartOf":{"@id":"https:\/\/www.eldiario.net\/portal\/#website"},"primaryImageOfPage":{"@id":"https:\/\/www.eldiario.net\/portal\/2024\/06\/24\/transporte-libre-rechaza-bloqueos-y-pide-garantias-al-derecho-al-trabajo\/#primaryimage"},"image":{"@id":"https:\/\/www.eldiario.net\/portal\/2024\/06\/24\/transporte-libre-rechaza-bloqueos-y-pide-garantias-al-derecho-al-trabajo\/#primaryimage"},"thumbnailUrl":"https:\/\/www.eldiario.net\/portal\/wp-content\/uploads\/2024\/06\/74-NAL-1.jpg","datePublished":"2024-06-24T09:09:22+00:00","dateModified":"2024-06-24T09:11:56+00:00","breadcrumb":{"@id":"https:\/\/www.eldiario.net\/portal\/2024\/06\/24\/transporte-libre-rechaza-bloqueos-y-pide-garantias-al-derecho-al-trabajo\/#breadcrumb"},"inLanguage":"es","potentialAction":[{"@type":"ReadAction","target":["https:\/\/www.eldiario.net\/portal\/2024\/06\/24\/transporte-libre-rechaza-bloqueos-y-pide-garantias-al-derecho-al-trabajo\/"]}]},{"@type":"ImageObject","inLanguage":"es","@id":"https:\/\/www.eldiario.net\/portal\/2024\/06\/24\/transporte-libre-rechaza-bloqueos-y-pide-garantias-al-derecho-al-trabajo\/#primaryimage","url":"https:\/\/www.eldiario.net\/portal\/wp-content\/uploads\/2024\/06\/74-NAL-1.jpg","contentUrl":"https:\/\/www.eldiario.net\/portal\/wp-content\/uploads\/2024\/06\/74-NAL-1.jpg","width":1120,"height":1013,"caption":"PRONUNCIAMIENTO DEL TRANSPORTE LIBRE CHUQUISAQUE\u00d1O."},{"@type":"BreadcrumbList","@id":"https:\/\/www.eldiario.net\/portal\/2024\/06\/24\/transporte-libre-rechaza-bloqueos-y-pide-garantias-al-derecho-al-trabajo\/#breadcrumb","itemListElement":[{"@type":"ListItem","position":1,"name":"Portada","item":"https:\/\/www.eldiario.net\/portal\/"},{"@type":"ListItem","position":2,"name":"Transporte libre rechaza bloqueos y pide garant\u00edas al derecho al trabajo"}]},{"@type":"WebSite","@id":"https:\/\/www.eldiario.net\/portal\/#website","url":"https:\/\/www.eldiario.net\/portal\/","name":"El Diario - Decano de la prensa nacional","description":"El Diario - Decano de la prensa nacional","publisher":{"@id":"https:\/\/www.eldiario.net\/portal\/#organization"},"potentialAction":[{"@type":"SearchAction","target":{"@type":"EntryPoint","urlTemplate":"https:\/\/www.eldiario.net\/portal\/?s={search_term_string}"},"query-input":{"@type":"PropertyValueSpecification","valueRequired":true,"valueName":"search_term_string"}}],"inLanguage":"es"},{"@type":"Organization","@id":"https:\/\/www.eldiario.net\/portal\/#organization","name":"El Diario - Decano de la prensa nacional","url":"https:\/\/www.eldiario.net\/portal\/","logo":{"@type":"ImageObject","inLanguage":"es","@id":"https:\/\/www.eldiario.net\/portal\/#\/schema\/logo\/image\/","url":"https:\/\/www.eldiario.net\/portal\/wp-content\/uploads\/2023\/07\/logo_ED.jpg","contentUrl":"https:\/\/www.eldiario.net\/portal\/wp-content\/uploads\/2023\/07\/logo_ED.jpg","width":272,"height":52,"caption":"El Diario - Decano de la prensa nacional"},"image":{"@id":"https:\/\/www.eldiario.net\/portal\/#\/schema\/logo\/image\/"},"sameAs":["https:\/\/www.facebook.com\/eldiario.bolivia\/","https:\/\/x.com\/eldiario_net"]},{"@type":"Person","@id":"https:\/\/www.eldiario.net\/portal\/#\/schema\/person\/2c57cf2b7a7ae032e449e4c9b1019eac","name":"Jeanette","image":{"@type":"ImageObject","inLanguage":"es","@id":"https:\/\/secure.gravatar.com\/avatar\/3ea2118a5f7dad2b7138b1187a6b7ee55f160b9968b66013c3a3ef39dd7e5798?s=96&d=mm&r=g","url":"https:\/\/secure.gravatar.com\/avatar\/3ea2118a5f7dad2b7138b1187a6b7ee55f160b9968b66013c3a3ef39dd7e5798?s=96&d=mm&r=g","contentUrl":"https:\/\/secure.gravatar.com\/avatar\/3ea2118a5f7dad2b7138b1187a6b7ee55f160b9968b66013c3a3ef39dd7e5798?s=96&d=mm&r=g","caption":"Jeanette"},"sameAs":["https:\/\/www.eldiario.net\/portal"],"url":"https:\/\/www.eldiario.net\/portal\/author\/jeanette\/"}]}},"_links":{"self":[{"href":"https:\/\/www.eldiario.net\/portal\/wp-json\/wp\/v2\/posts\/229276","targetHints":{"allow":["GET"]}}],"collection":[{"href":"https:\/\/www.eldiario.net\/portal\/wp-json\/wp\/v2\/posts"}],"about":[{"href":"https:\/\/www.eldiario.net\/portal\/wp-json\/wp\/v2\/types\/post"}],"author":[{"embeddable":true,"href":"https:\/\/www.eldiario.net\/portal\/wp-json\/wp\/v2\/users\/1"}],"replies":[{"embeddable":true,"href":"https:\/\/www.eldiario.net\/portal\/wp-json\/wp\/v2\/comments?post=229276"}],"version-history":[{"count":1,"href":"https:\/\/www.eldiario.net\/portal\/wp-json\/wp\/v2\/posts\/229276\/revisions"}],"predecessor-version":[{"id":229278,"href":"https:\/\/www.eldiario.net\/portal\/wp-json\/wp\/v2\/posts\/229276\/revisions\/229278"}],"wp:featuredmedia":[{"embeddable":true,"href":"https:\/\/www.eldiario.net\/portal\/wp-json\/wp\/v2\/media\/229277"}],"wp:attachment":[{"href":"https:\/\/www.eldiario.net\/portal\/wp-json\/wp\/v2\/media?parent=229276"}],"wp:term":[{"taxonomy":"category","embeddable":true,"href":"https:\/\/www.eldiario.net\/portal\/wp-json\/wp\/v2\/categories?post=229276"},{"taxonomy":"post_tag","embeddable":true,"href":"https:\/\/www.eldiario.net\/portal\/wp-json\/wp\/v2\/tags?post=229276"}],"curies":[{"name":"wp","href":"https:\/\/api.w.org\/{rel}","templated":true}]}}