{"id":229268,"date":"2024-06-24T05:05:34","date_gmt":"2024-06-24T09:05:34","guid":{"rendered":"https:\/\/www.eldiario.net\/portal\/?p=229268"},"modified":"2024-06-24T05:05:34","modified_gmt":"2024-06-24T09:05:34","slug":"comienza-semana-decisiva-para-movilizaciones-en-el-pais","status":"publish","type":"post","link":"https:\/\/www.eldiario.net\/portal\/2024\/06\/24\/comienza-semana-decisiva-para-movilizaciones-en-el-pais\/","title":{"rendered":"Comienza semana decisiva  para movilizaciones en el pa\u00eds"},"content":{"rendered":"<p>Empieza hoy una semana decisiva para las movilizaciones en Bolivia. Mientras el sector del transporte pesado anunci\u00f3 un bloqueo nacional de caminos desde el jueves, al que los gremialistas buscan coordinar y sumarse, por la falta de combustible y d\u00f3lares; evistas se reunir\u00e1n para definir qu\u00e9 protestas asumir\u00e1n para exigir la promulgaci\u00f3n de la ley antipr\u00f3rroga.<br \/>\nEl transporte pesado anunci\u00f3 un bloqueo nacional de caminos desde el jueves, este sector opt\u00f3 ahora por pedir la renuncia del ministro de Obras P\u00fablicas, Edgar Monta\u00f1o, para iniciar cualquier di\u00e1logo con el Gobierno respecto a sus demandas.<br \/>\nLos gremialistas del sector alte\u00f1o anunciaron para ma\u00f1ana una reuni\u00f3n con el transporte pesado a fin de coordinar las movilizaciones de protesta, debido a que advierten que sus demandas son las mismas.<br \/>\n\u201cVamos a tener una reuni\u00f3n con los compa\u00f1eros de autotransporte a nivel nacional. El martes vamos a tener un acercamiento con el compa\u00f1ero Juan Yucra. Personalmente, voy a ir al departamento de Santa Cruz para ver c\u00f3mo vamos a unificar fuerzas porque las peticiones son las mismas que estamos llevando a nivel nacional\u201d, declar\u00f3.<br \/>\nPor su lado, el diputado evista Ramiro Venegas, anunci\u00f3 que hoy el expresidente Evo Morales se reunir\u00e1 con su bancada en la ciudad de Cochabamba, con el fin de definir movilizaciones de protesta, si es que el presidente del Estado, Luis Arce Catacora, no promulga las normas sancionadas el 6 de junio, cuando Andr\u00f3nico Rodr\u00edguez presidi\u00f3 la s\u00e9ptima sesi\u00f3n de la Asamblea.<br \/>\nEn medio de ese panorama, la ministra de la Presidencia, Mar\u00eda Nela Prada, pidi\u00f3 a Evo Morales que deje gobernar al Jefe de Estado y le advirti\u00f3 que no permitir\u00e1n los anuncios de bloqueos que presuntamente est\u00e1 organizando \u00e9l. Denunci\u00f3 que la intenci\u00f3n del expresidente es volver al poder \u201ca las buenas o a las malas\u201d.<br \/>\nLa autoridad gubernamental exigi\u00f3 a Morales que deje de buscar enfrentamientos entre los sectores en las distintas organizaciones sociales y en las regiones del pa\u00eds. Mencion\u00f3 que har\u00e1n respetar el voto del 2020.<br \/>\n\u201cVamos a hacer respetar la democracia que con tanta lucha, que con tanto dolor recuperamos y vamos a hacer respetar el trabajo de todas las bolivianas y bolivianos. Esperamos que algunos grupos que son minor\u00eda no se presten a la intenci\u00f3n de Evo Morales de bloquear a nuestro pa\u00eds (\u2026) quiero dejar claramente establecido que nuestro gobierno del pueblo es legal y constitucionalmente constituido no lo va a permitir, porque primero est\u00e1 el pueblo boliviano\u201d, acot\u00f3 Prada.<br \/>\nLa Ministra de la Presidencia dijo que Morales tiene una ambici\u00f3n enfermiza para poder regresar al poder \u201ca las buenas o a las malas\u201d.<\/p>\n<figure id=\"attachment_229270\" aria-describedby=\"caption-attachment-229270\" style=\"width: 1200px\" class=\"wp-caption alignleft\"><img loading=\"lazy\" decoding=\"async\" class=\"size-full wp-image-229270\" src=\"https:\/\/www.eldiario.net\/portal\/wp-content\/uploads\/2024\/06\/P-4-2.jpg\" alt=\"\" width=\"1200\" height=\"800\" srcset=\"https:\/\/www.eldiario.net\/portal\/wp-content\/uploads\/2024\/06\/P-4-2.jpg 1200w, https:\/\/www.eldiario.net\/portal\/wp-content\/uploads\/2024\/06\/P-4-2-300x200.jpg 300w, https:\/\/www.eldiario.net\/portal\/wp-content\/uploads\/2024\/06\/P-4-2-1024x683.jpg 1024w, https:\/\/www.eldiario.net\/portal\/wp-content\/uploads\/2024\/06\/P-4-2-768x512.jpg 768w, https:\/\/www.eldiario.net\/portal\/wp-content\/uploads\/2024\/06\/P-4-2-630x420.jpg 630w, https:\/\/www.eldiario.net\/portal\/wp-content\/uploads\/2024\/06\/P-4-2-696x464.jpg 696w, https:\/\/www.eldiario.net\/portal\/wp-content\/uploads\/2024\/06\/P-4-2-1068x712.jpg 1068w\" sizes=\"auto, (max-width: 1200px) 100vw, 1200px\" \/><figcaption id=\"caption-attachment-229270\" class=\"wp-caption-text\">Varios sectores se sumar\u00e1n a las movilizaciones, mientras que la Ministra de la Presidencia, Mar\u00eda Nela Prada, (foto inferior) dijo que se har\u00e1 respetar la democracia.<\/figcaption><\/figure>\n","protected":false},"excerpt":{"rendered":"<p>Empieza hoy una semana decisiva para las movilizaciones en Bolivia. Mientras el sector del transporte pesado anunci\u00f3 un bloqueo nacional de caminos desde el jueves, al que los gremialistas buscan coordinar y sumarse, por la falta de combustible y d\u00f3lares; evistas se reunir\u00e1n para definir qu\u00e9 protestas asumir\u00e1n para exigir la promulgaci\u00f3n de la ley [&hellip;]<\/p>\n","protected":false},"author":1,"featured_media":229269,"comment_status":"open","ping_status":"open","sticky":false,"template":"","format":"standard","meta":{"_acf_changed":false,"footnotes":""},"categories":[17],"tags":[],"class_list":["post-229268","post","type-post","status-publish","format-standard","has-post-thumbnail","category-principal"],"acf":{"antetitulo":""},"yoast_head":"<!-- This site is optimized with the Yoast SEO plugin v28.4 - https:\/\/yoast.com\/product\/yoast-seo-wordpress\/ -->\n<title>Comienza semana decisiva para movilizaciones en el pa\u00eds - El Diario - Bolivia<\/title>\n<meta name=\"robots\" content=\"index, follow, max-snippet:-1, max-image-preview:large, max-video-preview:-1\" \/>\n<link rel=\"canonical\" href=\"https:\/\/www.eldiario.net\/portal\/2024\/06\/24\/comienza-semana-decisiva-para-movilizaciones-en-el-pais\/\" \/>\n<meta property=\"og:locale\" content=\"es_ES\" \/>\n<meta property=\"og:type\" content=\"article\" \/>\n<meta property=\"og:title\" content=\"Comienza semana decisiva para movilizaciones en el pa\u00eds - El Diario - Bolivia\" \/>\n<meta property=\"og:description\" content=\"Empieza hoy una semana decisiva para las movilizaciones en Bolivia. Mientras el sector del transporte pesado anunci\u00f3 un bloqueo nacional de caminos desde el jueves, al que los gremialistas buscan coordinar y sumarse, por la falta de combustible y d\u00f3lares; evistas se reunir\u00e1n para definir qu\u00e9 protestas asumir\u00e1n para exigir la promulgaci\u00f3n de la ley [&hellip;]\" \/>\n<meta property=\"og:url\" content=\"https:\/\/www.eldiario.net\/portal\/2024\/06\/24\/comienza-semana-decisiva-para-movilizaciones-en-el-pais\/\" \/>\n<meta property=\"og:site_name\" content=\"El Diario - Bolivia\" \/>\n<meta property=\"article:publisher\" content=\"https:\/\/www.facebook.com\/eldiario.bolivia\/\" \/>\n<meta property=\"article:published_time\" content=\"2024-06-24T09:05:34+00:00\" \/>\n<meta property=\"og:image\" content=\"https:\/\/www.eldiario.net\/portal\/wp-content\/uploads\/2024\/06\/P-3-2.jpg\" \/>\n\t<meta property=\"og:image:width\" content=\"1200\" \/>\n\t<meta property=\"og:image:height\" content=\"887\" \/>\n\t<meta property=\"og:image:type\" content=\"image\/jpeg\" \/>\n<meta name=\"author\" content=\"Jeanette\" \/>\n<meta name=\"twitter:card\" content=\"summary_large_image\" \/>\n<meta name=\"twitter:creator\" content=\"@eldiario_net\" \/>\n<meta name=\"twitter:site\" content=\"@eldiario_net\" \/>\n<meta name=\"twitter:label1\" content=\"Escrito por\" \/>\n\t<meta name=\"twitter:data1\" content=\"Jeanette\" \/>\n\t<meta name=\"twitter:label2\" content=\"Tiempo de lectura\" \/>\n\t<meta name=\"twitter:data2\" content=\"3 minutos\" \/>\n<script type=\"application\/ld+json\" class=\"yoast-schema-graph\">{\"@context\":\"https:\\\/\\\/schema.org\",\"@graph\":[{\"@type\":\"Article\",\"@id\":\"https:\\\/\\\/www.eldiario.net\\\/portal\\\/2024\\\/06\\\/24\\\/comienza-semana-decisiva-para-movilizaciones-en-el-pais\\\/#article\",\"isPartOf\":{\"@id\":\"https:\\\/\\\/www.eldiario.net\\\/portal\\\/2024\\\/06\\\/24\\\/comienza-semana-decisiva-para-movilizaciones-en-el-pais\\\/\"},\"author\":{\"name\":\"Jeanette\",\"@id\":\"https:\\\/\\\/www.eldiario.net\\\/portal\\\/#\\\/schema\\\/person\\\/f46445640444750d7d753ccd04ae01b7\"},\"headline\":\"Comienza semana decisiva para movilizaciones en el pa\u00eds\",\"datePublished\":\"2024-06-24T09:05:34+00:00\",\"mainEntityOfPage\":{\"@id\":\"https:\\\/\\\/www.eldiario.net\\\/portal\\\/2024\\\/06\\\/24\\\/comienza-semana-decisiva-para-movilizaciones-en-el-pais\\\/\"},\"wordCount\":501,\"commentCount\":0,\"publisher\":{\"@id\":\"https:\\\/\\\/www.eldiario.net\\\/portal\\\/#organization\"},\"image\":{\"@id\":\"https:\\\/\\\/www.eldiario.net\\\/portal\\\/2024\\\/06\\\/24\\\/comienza-semana-decisiva-para-movilizaciones-en-el-pais\\\/#primaryimage\"},\"thumbnailUrl\":\"https:\\\/\\\/www.eldiario.net\\\/portal\\\/wp-content\\\/uploads\\\/2024\\\/06\\\/P-3-2.jpg\",\"articleSection\":[\"Principal\"],\"inLanguage\":\"es\",\"potentialAction\":[{\"@type\":\"CommentAction\",\"name\":\"Comment\",\"target\":[\"https:\\\/\\\/www.eldiario.net\\\/portal\\\/2024\\\/06\\\/24\\\/comienza-semana-decisiva-para-movilizaciones-en-el-pais\\\/#respond\"]}]},{\"@type\":\"WebPage\",\"@id\":\"https:\\\/\\\/www.eldiario.net\\\/portal\\\/2024\\\/06\\\/24\\\/comienza-semana-decisiva-para-movilizaciones-en-el-pais\\\/\",\"url\":\"https:\\\/\\\/www.eldiario.net\\\/portal\\\/2024\\\/06\\\/24\\\/comienza-semana-decisiva-para-movilizaciones-en-el-pais\\\/\",\"name\":\"Comienza semana decisiva para movilizaciones en el pa\u00eds - El Diario - Bolivia\",\"isPartOf\":{\"@id\":\"https:\\\/\\\/www.eldiario.net\\\/portal\\\/#website\"},\"primaryImageOfPage\":{\"@id\":\"https:\\\/\\\/www.eldiario.net\\\/portal\\\/2024\\\/06\\\/24\\\/comienza-semana-decisiva-para-movilizaciones-en-el-pais\\\/#primaryimage\"},\"image\":{\"@id\":\"https:\\\/\\\/www.eldiario.net\\\/portal\\\/2024\\\/06\\\/24\\\/comienza-semana-decisiva-para-movilizaciones-en-el-pais\\\/#primaryimage\"},\"thumbnailUrl\":\"https:\\\/\\\/www.eldiario.net\\\/portal\\\/wp-content\\\/uploads\\\/2024\\\/06\\\/P-3-2.jpg\",\"datePublished\":\"2024-06-24T09:05:34+00:00\",\"breadcrumb\":{\"@id\":\"https:\\\/\\\/www.eldiario.net\\\/portal\\\/2024\\\/06\\\/24\\\/comienza-semana-decisiva-para-movilizaciones-en-el-pais\\\/#breadcrumb\"},\"inLanguage\":\"es\",\"potentialAction\":[{\"@type\":\"ReadAction\",\"target\":[\"https:\\\/\\\/www.eldiario.net\\\/portal\\\/2024\\\/06\\\/24\\\/comienza-semana-decisiva-para-movilizaciones-en-el-pais\\\/\"]}]},{\"@type\":\"ImageObject\",\"inLanguage\":\"es\",\"@id\":\"https:\\\/\\\/www.eldiario.net\\\/portal\\\/2024\\\/06\\\/24\\\/comienza-semana-decisiva-para-movilizaciones-en-el-pais\\\/#primaryimage\",\"url\":\"https:\\\/\\\/www.eldiario.net\\\/portal\\\/wp-content\\\/uploads\\\/2024\\\/06\\\/P-3-2.jpg\",\"contentUrl\":\"https:\\\/\\\/www.eldiario.net\\\/portal\\\/wp-content\\\/uploads\\\/2024\\\/06\\\/P-3-2.jpg\",\"width\":1200,\"height\":887,\"caption\":\"Varios sectores se sumar\u00e1n a las movilizaciones, mientras que la Ministra de la Presidencia, Mar\u00eda Nela Prada, (foto inferior) dijo que se har\u00e1 respetar la democracia.\"},{\"@type\":\"BreadcrumbList\",\"@id\":\"https:\\\/\\\/www.eldiario.net\\\/portal\\\/2024\\\/06\\\/24\\\/comienza-semana-decisiva-para-movilizaciones-en-el-pais\\\/#breadcrumb\",\"itemListElement\":[{\"@type\":\"ListItem\",\"position\":1,\"name\":\"Portada\",\"item\":\"https:\\\/\\\/www.eldiario.net\\\/portal\\\/\"},{\"@type\":\"ListItem\",\"position\":2,\"name\":\"Comienza semana decisiva para movilizaciones en el pa\u00eds\"}]},{\"@type\":\"WebSite\",\"@id\":\"https:\\\/\\\/www.eldiario.net\\\/portal\\\/#website\",\"url\":\"https:\\\/\\\/www.eldiario.net\\\/portal\\\/\",\"name\":\"El Diario - Decano de la prensa nacional\",\"description\":\"El Diario - Decano de la prensa nacional\",\"publisher\":{\"@id\":\"https:\\\/\\\/www.eldiario.net\\\/portal\\\/#organization\"},\"potentialAction\":[{\"@type\":\"SearchAction\",\"target\":{\"@type\":\"EntryPoint\",\"urlTemplate\":\"https:\\\/\\\/www.eldiario.net\\\/portal\\\/?s={search_term_string}\"},\"query-input\":{\"@type\":\"PropertyValueSpecification\",\"valueRequired\":true,\"valueName\":\"search_term_string\"}}],\"inLanguage\":\"es\"},{\"@type\":\"Organization\",\"@id\":\"https:\\\/\\\/www.eldiario.net\\\/portal\\\/#organization\",\"name\":\"El Diario - Decano de la prensa nacional\",\"url\":\"https:\\\/\\\/www.eldiario.net\\\/portal\\\/\",\"logo\":{\"@type\":\"ImageObject\",\"inLanguage\":\"es\",\"@id\":\"https:\\\/\\\/www.eldiario.net\\\/portal\\\/#\\\/schema\\\/logo\\\/image\\\/\",\"url\":\"https:\\\/\\\/www.eldiario.net\\\/portal\\\/wp-content\\\/uploads\\\/2023\\\/07\\\/logo_ED.jpg\",\"contentUrl\":\"https:\\\/\\\/www.eldiario.net\\\/portal\\\/wp-content\\\/uploads\\\/2023\\\/07\\\/logo_ED.jpg\",\"width\":272,\"height\":52,\"caption\":\"El Diario - Decano de la prensa nacional\"},\"image\":{\"@id\":\"https:\\\/\\\/www.eldiario.net\\\/portal\\\/#\\\/schema\\\/logo\\\/image\\\/\"},\"sameAs\":[\"https:\\\/\\\/www.facebook.com\\\/eldiario.bolivia\\\/\",\"https:\\\/\\\/x.com\\\/eldiario_net\"]},{\"@type\":\"Person\",\"@id\":\"https:\\\/\\\/www.eldiario.net\\\/portal\\\/#\\\/schema\\\/person\\\/f46445640444750d7d753ccd04ae01b7\",\"name\":\"Jeanette\",\"image\":{\"@type\":\"ImageObject\",\"inLanguage\":\"es\",\"@id\":\"https:\\\/\\\/secure.gravatar.com\\\/avatar\\\/3ea2118a5f7dad2b7138b1187a6b7ee55f160b9968b66013c3a3ef39dd7e5798?s=96&d=mm&r=g\",\"url\":\"https:\\\/\\\/secure.gravatar.com\\\/avatar\\\/3ea2118a5f7dad2b7138b1187a6b7ee55f160b9968b66013c3a3ef39dd7e5798?s=96&d=mm&r=g\",\"contentUrl\":\"https:\\\/\\\/secure.gravatar.com\\\/avatar\\\/3ea2118a5f7dad2b7138b1187a6b7ee55f160b9968b66013c3a3ef39dd7e5798?s=96&d=mm&r=g\",\"caption\":\"Jeanette\"},\"sameAs\":[\"https:\\\/\\\/www.eldiario.net\\\/portal\"],\"url\":\"https:\\\/\\\/www.eldiario.net\\\/portal\\\/author\\\/jeanette\\\/\"}]}<\/script>\n<!-- \/ Yoast SEO plugin. -->","yoast_head_json":{"title":"Comienza semana decisiva para movilizaciones en el pa\u00eds - El Diario - Bolivia","robots":{"index":"index","follow":"follow","max-snippet":"max-snippet:-1","max-image-preview":"max-image-preview:large","max-video-preview":"max-video-preview:-1"},"canonical":"https:\/\/www.eldiario.net\/portal\/2024\/06\/24\/comienza-semana-decisiva-para-movilizaciones-en-el-pais\/","og_locale":"es_ES","og_type":"article","og_title":"Comienza semana decisiva para movilizaciones en el pa\u00eds - El Diario - Bolivia","og_description":"Empieza hoy una semana decisiva para las movilizaciones en Bolivia. Mientras el sector del transporte pesado anunci\u00f3 un bloqueo nacional de caminos desde el jueves, al que los gremialistas buscan coordinar y sumarse, por la falta de combustible y d\u00f3lares; evistas se reunir\u00e1n para definir qu\u00e9 protestas asumir\u00e1n para exigir la promulgaci\u00f3n de la ley [&hellip;]","og_url":"https:\/\/www.eldiario.net\/portal\/2024\/06\/24\/comienza-semana-decisiva-para-movilizaciones-en-el-pais\/","og_site_name":"El Diario - Bolivia","article_publisher":"https:\/\/www.facebook.com\/eldiario.bolivia\/","article_published_time":"2024-06-24T09:05:34+00:00","og_image":[{"width":1200,"height":887,"url":"https:\/\/www.eldiario.net\/portal\/wp-content\/uploads\/2024\/06\/P-3-2.jpg","type":"image\/jpeg"}],"author":"Jeanette","twitter_card":"summary_large_image","twitter_creator":"@eldiario_net","twitter_site":"@eldiario_net","twitter_misc":{"Escrito por":"Jeanette","Tiempo de lectura":"3 minutos"},"schema":{"@context":"https:\/\/schema.org","@graph":[{"@type":"Article","@id":"https:\/\/www.eldiario.net\/portal\/2024\/06\/24\/comienza-semana-decisiva-para-movilizaciones-en-el-pais\/#article","isPartOf":{"@id":"https:\/\/www.eldiario.net\/portal\/2024\/06\/24\/comienza-semana-decisiva-para-movilizaciones-en-el-pais\/"},"author":{"name":"Jeanette","@id":"https:\/\/www.eldiario.net\/portal\/#\/schema\/person\/f46445640444750d7d753ccd04ae01b7"},"headline":"Comienza semana decisiva para movilizaciones en el pa\u00eds","datePublished":"2024-06-24T09:05:34+00:00","mainEntityOfPage":{"@id":"https:\/\/www.eldiario.net\/portal\/2024\/06\/24\/comienza-semana-decisiva-para-movilizaciones-en-el-pais\/"},"wordCount":501,"commentCount":0,"publisher":{"@id":"https:\/\/www.eldiario.net\/portal\/#organization"},"image":{"@id":"https:\/\/www.eldiario.net\/portal\/2024\/06\/24\/comienza-semana-decisiva-para-movilizaciones-en-el-pais\/#primaryimage"},"thumbnailUrl":"https:\/\/www.eldiario.net\/portal\/wp-content\/uploads\/2024\/06\/P-3-2.jpg","articleSection":["Principal"],"inLanguage":"es","potentialAction":[{"@type":"CommentAction","name":"Comment","target":["https:\/\/www.eldiario.net\/portal\/2024\/06\/24\/comienza-semana-decisiva-para-movilizaciones-en-el-pais\/#respond"]}]},{"@type":"WebPage","@id":"https:\/\/www.eldiario.net\/portal\/2024\/06\/24\/comienza-semana-decisiva-para-movilizaciones-en-el-pais\/","url":"https:\/\/www.eldiario.net\/portal\/2024\/06\/24\/comienza-semana-decisiva-para-movilizaciones-en-el-pais\/","name":"Comienza semana decisiva para movilizaciones en el pa\u00eds - El Diario - Bolivia","isPartOf":{"@id":"https:\/\/www.eldiario.net\/portal\/#website"},"primaryImageOfPage":{"@id":"https:\/\/www.eldiario.net\/portal\/2024\/06\/24\/comienza-semana-decisiva-para-movilizaciones-en-el-pais\/#primaryimage"},"image":{"@id":"https:\/\/www.eldiario.net\/portal\/2024\/06\/24\/comienza-semana-decisiva-para-movilizaciones-en-el-pais\/#primaryimage"},"thumbnailUrl":"https:\/\/www.eldiario.net\/portal\/wp-content\/uploads\/2024\/06\/P-3-2.jpg","datePublished":"2024-06-24T09:05:34+00:00","breadcrumb":{"@id":"https:\/\/www.eldiario.net\/portal\/2024\/06\/24\/comienza-semana-decisiva-para-movilizaciones-en-el-pais\/#breadcrumb"},"inLanguage":"es","potentialAction":[{"@type":"ReadAction","target":["https:\/\/www.eldiario.net\/portal\/2024\/06\/24\/comienza-semana-decisiva-para-movilizaciones-en-el-pais\/"]}]},{"@type":"ImageObject","inLanguage":"es","@id":"https:\/\/www.eldiario.net\/portal\/2024\/06\/24\/comienza-semana-decisiva-para-movilizaciones-en-el-pais\/#primaryimage","url":"https:\/\/www.eldiario.net\/portal\/wp-content\/uploads\/2024\/06\/P-3-2.jpg","contentUrl":"https:\/\/www.eldiario.net\/portal\/wp-content\/uploads\/2024\/06\/P-3-2.jpg","width":1200,"height":887,"caption":"Varios sectores se sumar\u00e1n a las movilizaciones, mientras que la Ministra de la Presidencia, Mar\u00eda Nela Prada, (foto inferior) dijo que se har\u00e1 respetar la democracia."},{"@type":"BreadcrumbList","@id":"https:\/\/www.eldiario.net\/portal\/2024\/06\/24\/comienza-semana-decisiva-para-movilizaciones-en-el-pais\/#breadcrumb","itemListElement":[{"@type":"ListItem","position":1,"name":"Portada","item":"https:\/\/www.eldiario.net\/portal\/"},{"@type":"ListItem","position":2,"name":"Comienza semana decisiva para movilizaciones en el pa\u00eds"}]},{"@type":"WebSite","@id":"https:\/\/www.eldiario.net\/portal\/#website","url":"https:\/\/www.eldiario.net\/portal\/","name":"El Diario - Decano de la prensa nacional","description":"El Diario - Decano de la prensa nacional","publisher":{"@id":"https:\/\/www.eldiario.net\/portal\/#organization"},"potentialAction":[{"@type":"SearchAction","target":{"@type":"EntryPoint","urlTemplate":"https:\/\/www.eldiario.net\/portal\/?s={search_term_string}"},"query-input":{"@type":"PropertyValueSpecification","valueRequired":true,"valueName":"search_term_string"}}],"inLanguage":"es"},{"@type":"Organization","@id":"https:\/\/www.eldiario.net\/portal\/#organization","name":"El Diario - Decano de la prensa nacional","url":"https:\/\/www.eldiario.net\/portal\/","logo":{"@type":"ImageObject","inLanguage":"es","@id":"https:\/\/www.eldiario.net\/portal\/#\/schema\/logo\/image\/","url":"https:\/\/www.eldiario.net\/portal\/wp-content\/uploads\/2023\/07\/logo_ED.jpg","contentUrl":"https:\/\/www.eldiario.net\/portal\/wp-content\/uploads\/2023\/07\/logo_ED.jpg","width":272,"height":52,"caption":"El Diario - Decano de la prensa nacional"},"image":{"@id":"https:\/\/www.eldiario.net\/portal\/#\/schema\/logo\/image\/"},"sameAs":["https:\/\/www.facebook.com\/eldiario.bolivia\/","https:\/\/x.com\/eldiario_net"]},{"@type":"Person","@id":"https:\/\/www.eldiario.net\/portal\/#\/schema\/person\/f46445640444750d7d753ccd04ae01b7","name":"Jeanette","image":{"@type":"ImageObject","inLanguage":"es","@id":"https:\/\/secure.gravatar.com\/avatar\/3ea2118a5f7dad2b7138b1187a6b7ee55f160b9968b66013c3a3ef39dd7e5798?s=96&d=mm&r=g","url":"https:\/\/secure.gravatar.com\/avatar\/3ea2118a5f7dad2b7138b1187a6b7ee55f160b9968b66013c3a3ef39dd7e5798?s=96&d=mm&r=g","contentUrl":"https:\/\/secure.gravatar.com\/avatar\/3ea2118a5f7dad2b7138b1187a6b7ee55f160b9968b66013c3a3ef39dd7e5798?s=96&d=mm&r=g","caption":"Jeanette"},"sameAs":["https:\/\/www.eldiario.net\/portal"],"url":"https:\/\/www.eldiario.net\/portal\/author\/jeanette\/"}]}},"_links":{"self":[{"href":"https:\/\/www.eldiario.net\/portal\/wp-json\/wp\/v2\/posts\/229268","targetHints":{"allow":["GET"]}}],"collection":[{"href":"https:\/\/www.eldiario.net\/portal\/wp-json\/wp\/v2\/posts"}],"about":[{"href":"https:\/\/www.eldiario.net\/portal\/wp-json\/wp\/v2\/types\/post"}],"author":[{"embeddable":true,"href":"https:\/\/www.eldiario.net\/portal\/wp-json\/wp\/v2\/users\/1"}],"replies":[{"embeddable":true,"href":"https:\/\/www.eldiario.net\/portal\/wp-json\/wp\/v2\/comments?post=229268"}],"version-history":[{"count":1,"href":"https:\/\/www.eldiario.net\/portal\/wp-json\/wp\/v2\/posts\/229268\/revisions"}],"predecessor-version":[{"id":229271,"href":"https:\/\/www.eldiario.net\/portal\/wp-json\/wp\/v2\/posts\/229268\/revisions\/229271"}],"wp:featuredmedia":[{"embeddable":true,"href":"https:\/\/www.eldiario.net\/portal\/wp-json\/wp\/v2\/media\/229269"}],"wp:attachment":[{"href":"https:\/\/www.eldiario.net\/portal\/wp-json\/wp\/v2\/media?parent=229268"}],"wp:term":[{"taxonomy":"category","embeddable":true,"href":"https:\/\/www.eldiario.net\/portal\/wp-json\/wp\/v2\/categories?post=229268"},{"taxonomy":"post_tag","embeddable":true,"href":"https:\/\/www.eldiario.net\/portal\/wp-json\/wp\/v2\/tags?post=229268"}],"curies":[{"name":"wp","href":"https:\/\/api.w.org\/{rel}","templated":true}]}}